{"id":13147,"date":"2022-03-23T14:40:58","date_gmt":"2022-03-23T17:40:58","guid":{"rendered":"http:\/\/diarioprincipios.com\/?p=13147"},"modified":"2022-03-23T14:41:06","modified_gmt":"2022-03-23T17:41:06","slug":"gran-encuentro-ambiental-en-el-mes-del-compostaje","status":"publish","type":"post","link":"https:\/\/diarioprincipios.com\/index.php\/2022\/03\/23\/gran-encuentro-ambiental-en-el-mes-del-compostaje\/","title":{"rendered":"Gran Encuentro Ambiental en el mes del Compostaje"},"content":{"rendered":"\n<p><strong>El intendente Juan Jos\u00e9 Mussi particip\u00f3 de un encuentro ambiental conformado por charlas orientadas a la importancia del reciclado, el compost y la alimentaci\u00f3n sustentable, entre otras. Organizada por la Subsecretar\u00eda de Juventudes, junto a la Direcci\u00f3n de Ambiente y Desarrollo Sustentable, la jornada se desarroll\u00f3 en el Complejo Municipal Los Privilegiados (156 y 50) en el marco del Mes del Compostaje (del 22 de marzo al 22 de abril), declarado de Inter\u00e9s Cultural, Educativo y Municipal por el Concejo Deliberante de Berazategui a trav\u00e9s de la Ordenanza N\u00b0 6167.<\/strong><\/p>\n\n\n\n<p>\u201cCuando iniciamos las Escuelas Sustentables comprendimos que la basura que se recicla y se transforma puede ser utilizada. Nuestros recicladores trabajaron en primera instancia con residuos secos como pl\u00e1stico, cart\u00f3n y vidrio; y hoy tambi\u00e9n lo hacen con los desechos h\u00famedos. A partir de ellos hacen compost, un elemento fundamental para la fertilizaci\u00f3n que genera un bien al ambiente y a la sociedad. Los chicos y j\u00f3venes son los que m\u00e1s importancia le dan al ambiente. Necesitamos de su compromiso con su futuro. Los felicito por colaborar\u201d, resalt\u00f3 Mussi durante la jornada que cont\u00f3 con la presencia de un gran n\u00famero de j\u00f3venes de todos los \u00e1mbitos.<\/p>\n\n\n\n<p>Por su parte, el director de Ambiente y Desarrollo Sustentable, Andr\u00e9s Piccinini, explic\u00f3: \u201cEste es un d\u00eda muy especial. Se representan dos tem\u00e1ticas que se trabajan fuertemente en el Municipio. Adem\u00e1s, nace el Mes del Compostaje. Generamos muchos residuos y esto se podr\u00eda evitar si aplic\u00e1ramos dos h\u00e1bitos: la clasificaci\u00f3n en origen y el compostaje. Hace varios a\u00f1os, m\u00e1s de 300 recuperadores urbanos trabajan en el Programa Berazategui Recicla, a cargo de la Secretar\u00eda de Organizaciones No Gubernamentales (ONG). Los equipos est\u00e1n compostando en 4 Ecopuntos y la idea es que m\u00e1s espacios lo implementen para tratar el residuo org\u00e1nico mediante una t\u00e9cnica sencilla de enorme potencial que los convierte en abono\u201d.<\/p>\n\n\n\n<figure class=\"wp-block-image size-large\"><img loading=\"lazy\" decoding=\"async\" width=\"1024\" height=\"682\" src=\"https:\/\/diarioprincipios.com\/wp-content\/uploads\/2022\/03\/BERAZATEGUI-INICIO-EL-MES-DEL-COMPOSTAJE-CON-UN-GRAN-ENCUENTRO-AMBIENTAL3-1024x682.jpg\" alt=\"\" class=\"wp-image-13148\" srcset=\"https:\/\/diarioprincipios.com\/wp-content\/uploads\/2022\/03\/BERAZATEGUI-INICIO-EL-MES-DEL-COMPOSTAJE-CON-UN-GRAN-ENCUENTRO-AMBIENTAL3-1024x682.jpg 1024w, https:\/\/diarioprincipios.com\/wp-content\/uploads\/2022\/03\/BERAZATEGUI-INICIO-EL-MES-DEL-COMPOSTAJE-CON-UN-GRAN-ENCUENTRO-AMBIENTAL3-300x200.jpg 300w, https:\/\/diarioprincipios.com\/wp-content\/uploads\/2022\/03\/BERAZATEGUI-INICIO-EL-MES-DEL-COMPOSTAJE-CON-UN-GRAN-ENCUENTRO-AMBIENTAL3-768x512.jpg 768w, https:\/\/diarioprincipios.com\/wp-content\/uploads\/2022\/03\/BERAZATEGUI-INICIO-EL-MES-DEL-COMPOSTAJE-CON-UN-GRAN-ENCUENTRO-AMBIENTAL3.jpg 1280w\" sizes=\"auto, (max-width: 1024px) 100vw, 1024px\" \/><\/figure>\n\n\n\n<p>Y adelant\u00f3: \u201cYa estamos iniciando el primer Centro de Compostaje Comunitario implementado por los j\u00f3venes junto al Municipio; as\u00ed como tambi\u00e9n el Programa Escuelas Sustentables, por el que los 100 Centros Educativos inscriptos tendr\u00e1n su compostera y vivir\u00e1n esta experiencia. Durante el mes organizaremos distintas actividades con los promotores ambientales, profundizando en distintas tem\u00e1ticas\u201d.<\/p>\n\n\n\n<p>En tanto, el director de la Subsecretar\u00eda de Juventudes de la Municipalidad de Berazategui, Santiago G\u00f3mez, complet\u00f3: \u201cEste es el fruto de un trabajo en red que venimos llevando a cabo desde la Subsecretar\u00eda de Juventudes con la Direcci\u00f3n de Ambiente y Desarrollo Sustentable; las Secretar\u00edas de ONG y de Salud P\u00fablica e Higiene municipal. El Municipio acompa\u00f1a estas iniciativas y el compromiso de los j\u00f3venes; les brinda las herramientas para llevar adelante una transformaci\u00f3n. Estos espacios son fundamentales para empezar a so\u00f1ar con este proyecto de promotores ambientales en un Berazategui en el que nos criamos y vivimos, para generar el cambio y sumar muchas m\u00e1s voluntades\u201d.<\/p>\n\n\n\n<p>El Mes del Compostaje es un acontecimiento mundial que abarca desde el 22 de marzo hasta el 22 de abril, donde se busca incentivar a la sociedad a compostar, es decir: hacer uso de los residuos org\u00e1nicos a fin de generar abono y tierra f\u00e9rtil. Seg\u00fan diferentes c\u00e1lculos, un 40% de la basura que generamos se podr\u00eda usar para el compostaje y volver en forma de humus, para las plantas y cultivos. De cada 100 kg de basura, pueden obtenerse 30 kg de abono.<\/p>\n\n\n\n<p>Tambi\u00e9n asistieron al encuentro, los secretarios de Desarrollo Social y Comunitario, Recreaci\u00f3n, Turismo y Deportes, Mar\u00eda Laura Lacava; de Cultura y Educaci\u00f3n, Federico L\u00f3pez; y de ONG, Marcelo Benedetti; as\u00ed como la titular de la Secretar\u00eda Privada, Mar\u00eda Del Carmen Flores y la subsecretaria de Juventudes, Jennifer Noro.<\/p>\n","protected":false},"excerpt":{"rendered":"<p>El intendente Juan Jos\u00e9 Mussi particip\u00f3 de un encuentro ambiental conformado por charlas orientadas a la importancia del reciclado, el compost y la alimentaci\u00f3n sustentable, entre otras. Organizada por la Subsecretar\u00eda de Juventudes, junto a la Direcci\u00f3n de Ambiente y Desarrollo Sustentable, la jornada se desarroll\u00f3 en el Complejo Municipal Los Privilegiados (156 y 50)&#8230;<\/p>\n","protected":false},"author":2,"featured_media":13149,"comment_status":"open","ping_status":"open","sticky":false,"template":"","format":"standard","meta":{"footnotes":""},"categories":[3],"tags":[],"class_list":["post-13147","post","type-post","status-publish","format-standard","has-post-thumbnail","hentry","category-berazategui"],"featured_image_src":"https:\/\/diarioprincipios.com\/wp-content\/uploads\/2022\/03\/BERAZATEGUI-INICIO-EL-MES-DEL-COMPOSTAJE-CON-UN-GRAN-ENCUENTRO-AMBIENTAL2.jpg","blog_images":{"medium":"https:\/\/diarioprincipios.com\/wp-content\/uploads\/2022\/03\/BERAZATEGUI-INICIO-EL-MES-DEL-COMPOSTAJE-CON-UN-GRAN-ENCUENTRO-AMBIENTAL2-300x200.jpg","large":"https:\/\/diarioprincipios.com\/wp-content\/uploads\/2022\/03\/BERAZATEGUI-INICIO-EL-MES-DEL-COMPOSTAJE-CON-UN-GRAN-ENCUENTRO-AMBIENTAL2.jpg"},"ams_acf":[],"yoast_head":"<!-- This site is optimized with the Yoast SEO plugin v27.3 - https:\/\/yoast.com\/product\/yoast-seo-wordpress\/ -->\n<title>Gran Encuentro Ambiental en el mes del Compostaje - Principios<\/title>\n<meta name=\"robots\" content=\"index, follow, max-snippet:-1, max-image-preview:large, max-video-preview:-1\" \/>\n<link rel=\"canonical\" href=\"https:\/\/diarioprincipios.com\/index.php\/2022\/03\/23\/gran-encuentro-ambiental-en-el-mes-del-compostaje\/\" \/>\n<meta property=\"og:locale\" content=\"es_ES\" \/>\n<meta property=\"og:type\" content=\"article\" \/>\n<meta property=\"og:title\" content=\"Gran Encuentro Ambiental en el mes del Compostaje - Principios\" \/>\n<meta property=\"og:description\" content=\"El intendente Juan Jos\u00e9 Mussi particip\u00f3 de un encuentro ambiental conformado por charlas orientadas a la importancia del reciclado, el compost y la alimentaci\u00f3n sustentable, entre otras. Organizada por la Subsecretar\u00eda de Juventudes, junto a la Direcci\u00f3n de Ambiente y Desarrollo Sustentable, la jornada se desarroll\u00f3 en el Complejo Municipal Los Privilegiados (156 y 50)...\" \/>\n<meta property=\"og:url\" content=\"https:\/\/diarioprincipios.com\/index.php\/2022\/03\/23\/gran-encuentro-ambiental-en-el-mes-del-compostaje\/\" \/>\n<meta property=\"og:site_name\" content=\"Principios\" \/>\n<meta property=\"article:published_time\" content=\"2022-03-23T17:40:58+00:00\" \/>\n<meta property=\"article:modified_time\" content=\"2022-03-23T17:41:06+00:00\" \/>\n<meta property=\"og:image\" content=\"https:\/\/diarioprincipios.com\/wp-content\/uploads\/2022\/03\/BERAZATEGUI-INICIO-EL-MES-DEL-COMPOSTAJE-CON-UN-GRAN-ENCUENTRO-AMBIENTAL2.jpg\" \/>\n\t<meta property=\"og:image:width\" content=\"720\" \/>\n\t<meta property=\"og:image:height\" content=\"480\" \/>\n\t<meta property=\"og:image:type\" content=\"image\/jpeg\" \/>\n<meta name=\"author\" content=\"Hern\u00e1n L\u00f3pez\" \/>\n<meta name=\"twitter:card\" content=\"summary_large_image\" \/>\n<meta name=\"twitter:label1\" content=\"Escrito por\" \/>\n\t<meta name=\"twitter:data1\" content=\"Hern\u00e1n L\u00f3pez\" \/>\n\t<meta name=\"twitter:label2\" content=\"Tiempo de lectura\" \/>\n\t<meta name=\"twitter:data2\" content=\"3 minutos\" \/>\n<script type=\"application\/ld+json\" class=\"yoast-schema-graph\">{\"@context\":\"https:\\\/\\\/schema.org\",\"@graph\":[{\"@type\":\"Article\",\"@id\":\"https:\\\/\\\/diarioprincipios.com\\\/index.php\\\/2022\\\/03\\\/23\\\/gran-encuentro-ambiental-en-el-mes-del-compostaje\\\/#article\",\"isPartOf\":{\"@id\":\"https:\\\/\\\/diarioprincipios.com\\\/index.php\\\/2022\\\/03\\\/23\\\/gran-encuentro-ambiental-en-el-mes-del-compostaje\\\/\"},\"author\":{\"name\":\"Hern\u00e1n L\u00f3pez\",\"@id\":\"https:\\\/\\\/diarioprincipios.com\\\/#\\\/schema\\\/person\\\/436d5a1fd41a5e250e23ff5a6a7cb080\"},\"headline\":\"Gran Encuentro Ambiental en el mes del Compostaje\",\"datePublished\":\"2022-03-23T17:40:58+00:00\",\"dateModified\":\"2022-03-23T17:41:06+00:00\",\"mainEntityOfPage\":{\"@id\":\"https:\\\/\\\/diarioprincipios.com\\\/index.php\\\/2022\\\/03\\\/23\\\/gran-encuentro-ambiental-en-el-mes-del-compostaje\\\/\"},\"wordCount\":655,\"commentCount\":0,\"publisher\":{\"@id\":\"https:\\\/\\\/diarioprincipios.com\\\/#organization\"},\"image\":{\"@id\":\"https:\\\/\\\/diarioprincipios.com\\\/index.php\\\/2022\\\/03\\\/23\\\/gran-encuentro-ambiental-en-el-mes-del-compostaje\\\/#primaryimage\"},\"thumbnailUrl\":\"https:\\\/\\\/diarioprincipios.com\\\/wp-content\\\/uploads\\\/2022\\\/03\\\/BERAZATEGUI-INICIO-EL-MES-DEL-COMPOSTAJE-CON-UN-GRAN-ENCUENTRO-AMBIENTAL2.jpg\",\"articleSection\":[\"Berazategui\"],\"inLanguage\":\"es\",\"potentialAction\":[{\"@type\":\"CommentAction\",\"name\":\"Comment\",\"target\":[\"https:\\\/\\\/diarioprincipios.com\\\/index.php\\\/2022\\\/03\\\/23\\\/gran-encuentro-ambiental-en-el-mes-del-compostaje\\\/#respond\"]}]},{\"@type\":\"WebPage\",\"@id\":\"https:\\\/\\\/diarioprincipios.com\\\/index.php\\\/2022\\\/03\\\/23\\\/gran-encuentro-ambiental-en-el-mes-del-compostaje\\\/\",\"url\":\"https:\\\/\\\/diarioprincipios.com\\\/index.php\\\/2022\\\/03\\\/23\\\/gran-encuentro-ambiental-en-el-mes-del-compostaje\\\/\",\"name\":\"Gran Encuentro Ambiental en el mes del Compostaje - Principios\",\"isPartOf\":{\"@id\":\"https:\\\/\\\/diarioprincipios.com\\\/#website\"},\"primaryImageOfPage\":{\"@id\":\"https:\\\/\\\/diarioprincipios.com\\\/index.php\\\/2022\\\/03\\\/23\\\/gran-encuentro-ambiental-en-el-mes-del-compostaje\\\/#primaryimage\"},\"image\":{\"@id\":\"https:\\\/\\\/diarioprincipios.com\\\/index.php\\\/2022\\\/03\\\/23\\\/gran-encuentro-ambiental-en-el-mes-del-compostaje\\\/#primaryimage\"},\"thumbnailUrl\":\"https:\\\/\\\/diarioprincipios.com\\\/wp-content\\\/uploads\\\/2022\\\/03\\\/BERAZATEGUI-INICIO-EL-MES-DEL-COMPOSTAJE-CON-UN-GRAN-ENCUENTRO-AMBIENTAL2.jpg\",\"datePublished\":\"2022-03-23T17:40:58+00:00\",\"dateModified\":\"2022-03-23T17:41:06+00:00\",\"breadcrumb\":{\"@id\":\"https:\\\/\\\/diarioprincipios.com\\\/index.php\\\/2022\\\/03\\\/23\\\/gran-encuentro-ambiental-en-el-mes-del-compostaje\\\/#breadcrumb\"},\"inLanguage\":\"es\",\"potentialAction\":[{\"@type\":\"ReadAction\",\"target\":[\"https:\\\/\\\/diarioprincipios.com\\\/index.php\\\/2022\\\/03\\\/23\\\/gran-encuentro-ambiental-en-el-mes-del-compostaje\\\/\"]}]},{\"@type\":\"ImageObject\",\"inLanguage\":\"es\",\"@id\":\"https:\\\/\\\/diarioprincipios.com\\\/index.php\\\/2022\\\/03\\\/23\\\/gran-encuentro-ambiental-en-el-mes-del-compostaje\\\/#primaryimage\",\"url\":\"https:\\\/\\\/diarioprincipios.com\\\/wp-content\\\/uploads\\\/2022\\\/03\\\/BERAZATEGUI-INICIO-EL-MES-DEL-COMPOSTAJE-CON-UN-GRAN-ENCUENTRO-AMBIENTAL2.jpg\",\"contentUrl\":\"https:\\\/\\\/diarioprincipios.com\\\/wp-content\\\/uploads\\\/2022\\\/03\\\/BERAZATEGUI-INICIO-EL-MES-DEL-COMPOSTAJE-CON-UN-GRAN-ENCUENTRO-AMBIENTAL2.jpg\",\"width\":720,\"height\":480},{\"@type\":\"BreadcrumbList\",\"@id\":\"https:\\\/\\\/diarioprincipios.com\\\/index.php\\\/2022\\\/03\\\/23\\\/gran-encuentro-ambiental-en-el-mes-del-compostaje\\\/#breadcrumb\",\"itemListElement\":[{\"@type\":\"ListItem\",\"position\":1,\"name\":\"Portada\",\"item\":\"https:\\\/\\\/diarioprincipios.com\\\/\"},{\"@type\":\"ListItem\",\"position\":2,\"name\":\"Gran Encuentro Ambiental en el mes del Compostaje\"}]},{\"@type\":\"WebSite\",\"@id\":\"https:\\\/\\\/diarioprincipios.com\\\/#website\",\"url\":\"https:\\\/\\\/diarioprincipios.com\\\/\",\"name\":\"Principios\",\"description\":\"Principios Diario\",\"publisher\":{\"@id\":\"https:\\\/\\\/diarioprincipios.com\\\/#organization\"},\"potentialAction\":[{\"@type\":\"SearchAction\",\"target\":{\"@type\":\"EntryPoint\",\"urlTemplate\":\"https:\\\/\\\/diarioprincipios.com\\\/?s={search_term_string}\"},\"query-input\":{\"@type\":\"PropertyValueSpecification\",\"valueRequired\":true,\"valueName\":\"search_term_string\"}}],\"inLanguage\":\"es\"},{\"@type\":\"Organization\",\"@id\":\"https:\\\/\\\/diarioprincipios.com\\\/#organization\",\"name\":\"Principios\",\"url\":\"https:\\\/\\\/diarioprincipios.com\\\/\",\"logo\":{\"@type\":\"ImageObject\",\"inLanguage\":\"es\",\"@id\":\"https:\\\/\\\/diarioprincipios.com\\\/#\\\/schema\\\/logo\\\/image\\\/\",\"url\":\"https:\\\/\\\/diarioprincipios.com\\\/wp-content\\\/uploads\\\/2024\\\/04\\\/cropped-www.diarioprincipios.com_-1.png\",\"contentUrl\":\"https:\\\/\\\/diarioprincipios.com\\\/wp-content\\\/uploads\\\/2024\\\/04\\\/cropped-www.diarioprincipios.com_-1.png\",\"width\":5325,\"height\":1454,\"caption\":\"Principios\"},\"image\":{\"@id\":\"https:\\\/\\\/diarioprincipios.com\\\/#\\\/schema\\\/logo\\\/image\\\/\"}},{\"@type\":\"Person\",\"@id\":\"https:\\\/\\\/diarioprincipios.com\\\/#\\\/schema\\\/person\\\/436d5a1fd41a5e250e23ff5a6a7cb080\",\"name\":\"Hern\u00e1n L\u00f3pez\",\"image\":{\"@type\":\"ImageObject\",\"inLanguage\":\"es\",\"@id\":\"https:\\\/\\\/diarioprincipios.com\\\/wp-content\\\/litespeed\\\/avatar\\\/11ddfe5610ff3bd100522525b2571f48.jpg?ver=1777048341\",\"url\":\"https:\\\/\\\/diarioprincipios.com\\\/wp-content\\\/litespeed\\\/avatar\\\/11ddfe5610ff3bd100522525b2571f48.jpg?ver=1777048341\",\"contentUrl\":\"https:\\\/\\\/diarioprincipios.com\\\/wp-content\\\/litespeed\\\/avatar\\\/11ddfe5610ff3bd100522525b2571f48.jpg?ver=1777048341\",\"caption\":\"Hern\u00e1n L\u00f3pez\"},\"url\":\"https:\\\/\\\/diarioprincipios.com\\\/index.php\\\/author\\\/hernan\\\/\"}]}<\/script>\n<!-- \/ Yoast SEO plugin. -->","yoast_head_json":{"title":"Gran Encuentro Ambiental en el mes del Compostaje - Principios","robots":{"index":"index","follow":"follow","max-snippet":"max-snippet:-1","max-image-preview":"max-image-preview:large","max-video-preview":"max-video-preview:-1"},"canonical":"https:\/\/diarioprincipios.com\/index.php\/2022\/03\/23\/gran-encuentro-ambiental-en-el-mes-del-compostaje\/","og_locale":"es_ES","og_type":"article","og_title":"Gran Encuentro Ambiental en el mes del Compostaje - Principios","og_description":"El intendente Juan Jos\u00e9 Mussi particip\u00f3 de un encuentro ambiental conformado por charlas orientadas a la importancia del reciclado, el compost y la alimentaci\u00f3n sustentable, entre otras. Organizada por la Subsecretar\u00eda de Juventudes, junto a la Direcci\u00f3n de Ambiente y Desarrollo Sustentable, la jornada se desarroll\u00f3 en el Complejo Municipal Los Privilegiados (156 y 50)...","og_url":"https:\/\/diarioprincipios.com\/index.php\/2022\/03\/23\/gran-encuentro-ambiental-en-el-mes-del-compostaje\/","og_site_name":"Principios","article_published_time":"2022-03-23T17:40:58+00:00","article_modified_time":"2022-03-23T17:41:06+00:00","og_image":[{"width":720,"height":480,"url":"https:\/\/diarioprincipios.com\/wp-content\/uploads\/2022\/03\/BERAZATEGUI-INICIO-EL-MES-DEL-COMPOSTAJE-CON-UN-GRAN-ENCUENTRO-AMBIENTAL2.jpg","type":"image\/jpeg"}],"author":"Hern\u00e1n L\u00f3pez","twitter_card":"summary_large_image","twitter_misc":{"Escrito por":"Hern\u00e1n L\u00f3pez","Tiempo de lectura":"3 minutos"},"schema":{"@context":"https:\/\/schema.org","@graph":[{"@type":"Article","@id":"https:\/\/diarioprincipios.com\/index.php\/2022\/03\/23\/gran-encuentro-ambiental-en-el-mes-del-compostaje\/#article","isPartOf":{"@id":"https:\/\/diarioprincipios.com\/index.php\/2022\/03\/23\/gran-encuentro-ambiental-en-el-mes-del-compostaje\/"},"author":{"name":"Hern\u00e1n L\u00f3pez","@id":"https:\/\/diarioprincipios.com\/#\/schema\/person\/436d5a1fd41a5e250e23ff5a6a7cb080"},"headline":"Gran Encuentro Ambiental en el mes del Compostaje","datePublished":"2022-03-23T17:40:58+00:00","dateModified":"2022-03-23T17:41:06+00:00","mainEntityOfPage":{"@id":"https:\/\/diarioprincipios.com\/index.php\/2022\/03\/23\/gran-encuentro-ambiental-en-el-mes-del-compostaje\/"},"wordCount":655,"commentCount":0,"publisher":{"@id":"https:\/\/diarioprincipios.com\/#organization"},"image":{"@id":"https:\/\/diarioprincipios.com\/index.php\/2022\/03\/23\/gran-encuentro-ambiental-en-el-mes-del-compostaje\/#primaryimage"},"thumbnailUrl":"https:\/\/diarioprincipios.com\/wp-content\/uploads\/2022\/03\/BERAZATEGUI-INICIO-EL-MES-DEL-COMPOSTAJE-CON-UN-GRAN-ENCUENTRO-AMBIENTAL2.jpg","articleSection":["Berazategui"],"inLanguage":"es","potentialAction":[{"@type":"CommentAction","name":"Comment","target":["https:\/\/diarioprincipios.com\/index.php\/2022\/03\/23\/gran-encuentro-ambiental-en-el-mes-del-compostaje\/#respond"]}]},{"@type":"WebPage","@id":"https:\/\/diarioprincipios.com\/index.php\/2022\/03\/23\/gran-encuentro-ambiental-en-el-mes-del-compostaje\/","url":"https:\/\/diarioprincipios.com\/index.php\/2022\/03\/23\/gran-encuentro-ambiental-en-el-mes-del-compostaje\/","name":"Gran Encuentro Ambiental en el mes del Compostaje - Principios","isPartOf":{"@id":"https:\/\/diarioprincipios.com\/#website"},"primaryImageOfPage":{"@id":"https:\/\/diarioprincipios.com\/index.php\/2022\/03\/23\/gran-encuentro-ambiental-en-el-mes-del-compostaje\/#primaryimage"},"image":{"@id":"https:\/\/diarioprincipios.com\/index.php\/2022\/03\/23\/gran-encuentro-ambiental-en-el-mes-del-compostaje\/#primaryimage"},"thumbnailUrl":"https:\/\/diarioprincipios.com\/wp-content\/uploads\/2022\/03\/BERAZATEGUI-INICIO-EL-MES-DEL-COMPOSTAJE-CON-UN-GRAN-ENCUENTRO-AMBIENTAL2.jpg","datePublished":"2022-03-23T17:40:58+00:00","dateModified":"2022-03-23T17:41:06+00:00","breadcrumb":{"@id":"https:\/\/diarioprincipios.com\/index.php\/2022\/03\/23\/gran-encuentro-ambiental-en-el-mes-del-compostaje\/#breadcrumb"},"inLanguage":"es","potentialAction":[{"@type":"ReadAction","target":["https:\/\/diarioprincipios.com\/index.php\/2022\/03\/23\/gran-encuentro-ambiental-en-el-mes-del-compostaje\/"]}]},{"@type":"ImageObject","inLanguage":"es","@id":"https:\/\/diarioprincipios.com\/index.php\/2022\/03\/23\/gran-encuentro-ambiental-en-el-mes-del-compostaje\/#primaryimage","url":"https:\/\/diarioprincipios.com\/wp-content\/uploads\/2022\/03\/BERAZATEGUI-INICIO-EL-MES-DEL-COMPOSTAJE-CON-UN-GRAN-ENCUENTRO-AMBIENTAL2.jpg","contentUrl":"https:\/\/diarioprincipios.com\/wp-content\/uploads\/2022\/03\/BERAZATEGUI-INICIO-EL-MES-DEL-COMPOSTAJE-CON-UN-GRAN-ENCUENTRO-AMBIENTAL2.jpg","width":720,"height":480},{"@type":"BreadcrumbList","@id":"https:\/\/diarioprincipios.com\/index.php\/2022\/03\/23\/gran-encuentro-ambiental-en-el-mes-del-compostaje\/#breadcrumb","itemListElement":[{"@type":"ListItem","position":1,"name":"Portada","item":"https:\/\/diarioprincipios.com\/"},{"@type":"ListItem","position":2,"name":"Gran Encuentro Ambiental en el mes del Compostaje"}]},{"@type":"WebSite","@id":"https:\/\/diarioprincipios.com\/#website","url":"https:\/\/diarioprincipios.com\/","name":"Principios","description":"Principios Diario","publisher":{"@id":"https:\/\/diarioprincipios.com\/#organization"},"potentialAction":[{"@type":"SearchAction","target":{"@type":"EntryPoint","urlTemplate":"https:\/\/diarioprincipios.com\/?s={search_term_string}"},"query-input":{"@type":"PropertyValueSpecification","valueRequired":true,"valueName":"search_term_string"}}],"inLanguage":"es"},{"@type":"Organization","@id":"https:\/\/diarioprincipios.com\/#organization","name":"Principios","url":"https:\/\/diarioprincipios.com\/","logo":{"@type":"ImageObject","inLanguage":"es","@id":"https:\/\/diarioprincipios.com\/#\/schema\/logo\/image\/","url":"https:\/\/diarioprincipios.com\/wp-content\/uploads\/2024\/04\/cropped-www.diarioprincipios.com_-1.png","contentUrl":"https:\/\/diarioprincipios.com\/wp-content\/uploads\/2024\/04\/cropped-www.diarioprincipios.com_-1.png","width":5325,"height":1454,"caption":"Principios"},"image":{"@id":"https:\/\/diarioprincipios.com\/#\/schema\/logo\/image\/"}},{"@type":"Person","@id":"https:\/\/diarioprincipios.com\/#\/schema\/person\/436d5a1fd41a5e250e23ff5a6a7cb080","name":"Hern\u00e1n L\u00f3pez","image":{"@type":"ImageObject","inLanguage":"es","@id":"https:\/\/diarioprincipios.com\/wp-content\/litespeed\/avatar\/11ddfe5610ff3bd100522525b2571f48.jpg?ver=1777048341","url":"https:\/\/diarioprincipios.com\/wp-content\/litespeed\/avatar\/11ddfe5610ff3bd100522525b2571f48.jpg?ver=1777048341","contentUrl":"https:\/\/diarioprincipios.com\/wp-content\/litespeed\/avatar\/11ddfe5610ff3bd100522525b2571f48.jpg?ver=1777048341","caption":"Hern\u00e1n L\u00f3pez"},"url":"https:\/\/diarioprincipios.com\/index.php\/author\/hernan\/"}]}},"jetpack_featured_media_url":"https:\/\/diarioprincipios.com\/wp-content\/uploads\/2022\/03\/BERAZATEGUI-INICIO-EL-MES-DEL-COMPOSTAJE-CON-UN-GRAN-ENCUENTRO-AMBIENTAL2.jpg","_links":{"self":[{"href":"https:\/\/diarioprincipios.com\/index.php\/wp-json\/wp\/v2\/posts\/13147","targetHints":{"allow":["GET"]}}],"collection":[{"href":"https:\/\/diarioprincipios.com\/index.php\/wp-json\/wp\/v2\/posts"}],"about":[{"href":"https:\/\/diarioprincipios.com\/index.php\/wp-json\/wp\/v2\/types\/post"}],"author":[{"embeddable":true,"href":"https:\/\/diarioprincipios.com\/index.php\/wp-json\/wp\/v2\/users\/2"}],"replies":[{"embeddable":true,"href":"https:\/\/diarioprincipios.com\/index.php\/wp-json\/wp\/v2\/comments?post=13147"}],"version-history":[{"count":1,"href":"https:\/\/diarioprincipios.com\/index.php\/wp-json\/wp\/v2\/posts\/13147\/revisions"}],"predecessor-version":[{"id":13150,"href":"https:\/\/diarioprincipios.com\/index.php\/wp-json\/wp\/v2\/posts\/13147\/revisions\/13150"}],"wp:featuredmedia":[{"embeddable":true,"href":"https:\/\/diarioprincipios.com\/index.php\/wp-json\/wp\/v2\/media\/13149"}],"wp:attachment":[{"href":"https:\/\/diarioprincipios.com\/index.php\/wp-json\/wp\/v2\/media?parent=13147"}],"wp:term":[{"taxonomy":"category","embeddable":true,"href":"https:\/\/diarioprincipios.com\/index.php\/wp-json\/wp\/v2\/categories?post=13147"},{"taxonomy":"post_tag","embeddable":true,"href":"https:\/\/diarioprincipios.com\/index.php\/wp-json\/wp\/v2\/tags?post=13147"}],"curies":[{"name":"wp","href":"https:\/\/api.w.org\/{rel}","templated":true}]}}