{"id":13134,"date":"2022-03-23T10:50:15","date_gmt":"2022-03-23T13:50:15","guid":{"rendered":"http:\/\/diarioprincipios.com\/?p=13134"},"modified":"2022-03-23T10:50:23","modified_gmt":"2022-03-23T13:50:23","slug":"incendiaron-un-ecopunto-en-quilmes","status":"publish","type":"post","link":"https:\/\/diarioprincipios.com\/index.php\/2022\/03\/23\/incendiaron-un-ecopunto-en-quilmes\/","title":{"rendered":"Incendiaron un Ecopunto en Quilmes"},"content":{"rendered":"\n<p>El Municipio de Quilmes informa que minutos antes de la medianoche del martes, en un hecho intencional, fue incendiado el EcoPunto ubicado en la plaza De las Colectividades (tambi\u00e9n conocida como Arist\u00f3bulo del Valle), ubicada en la manzana de Carlos Pellegrini, Arist\u00f3bulo del Valle, Islas Malvinas y Vicente L\u00f3pez, en el barrio La Colonia, de Quilmes Oeste.<\/p>\n\n\n\n<p>\u201cAs\u00ed qued\u00f3 el EcoPunto de la plaza Arist\u00f3bulo del Valle tras ser quemado en un acto vand\u00e1lico en las \u00faltimas horas. Ya lo dijimos reiteradas veces: los EcoPuntos forman parte de una pol\u00edtica municipal para promover el cuidado ambiental y la limpieza de nuestra ciudad. No es la primera vez que pasa algo as\u00ed. Cuidemos nuestra ciudad, seamos solidarios, responsables y construyamos un Quilmes mejor\u201d, afirm\u00f3 la intendenta Mayra Mendoza.<\/p>\n\n\n\n<p>En las \u00faltimas horas tanto la Justicia como la Polic\u00eda se encuentran abocados a las tareas investigativas a la b\u00fasqueda del responsable del hecho.<\/p>\n\n\n\n<p>Este es el tercer EcoPunto que es v\u00edctima de vandalismo, ya que anteriormente fueron incendiados de manera intencional los que estaba instalados en la plaza Bel\u00e9n, de Bernal Oeste, y el de la plaza Del Bicentenario (Conesa), en pleno centro de Quilmes.<\/p>\n\n\n\n<p>Los mismos est\u00e1n fabricados con material ecol\u00f3gico, derivado de pl\u00e1stico reciclado, en los que los vecinos y vecinas pueden depositar residuos reciclables separados 3n origen y que les sirven a los recicladores urbanos para su tarea diaria.<\/p>\n\n\n\n<p>A estos EcoPuntos destruidos se le suma el que est\u00e1 en el Museo del Transporte, en Quilmes Oeste, en este caso, hecho de chapa, que tambi\u00e9n fue incendiado meses atr\u00e1s.<\/p>\n","protected":false},"excerpt":{"rendered":"<p>El Municipio de Quilmes informa que minutos antes de la medianoche del martes, en un hecho intencional, fue incendiado el EcoPunto ubicado en la plaza De las Colectividades (tambi\u00e9n conocida como Arist\u00f3bulo del Valle), ubicada en la manzana de Carlos Pellegrini, Arist\u00f3bulo del Valle, Islas Malvinas y Vicente L\u00f3pez, en el barrio La Colonia, de&#8230;<\/p>\n","protected":false},"author":2,"featured_media":13135,"comment_status":"open","ping_status":"open","sticky":false,"template":"","format":"standard","meta":{"footnotes":""},"categories":[4],"tags":[],"class_list":["post-13134","post","type-post","status-publish","format-standard","has-post-thumbnail","hentry","category-quilmes"],"featured_image_src":"https:\/\/diarioprincipios.com\/wp-content\/uploads\/2022\/03\/IMG-20220323-WA0045-1024x1024.jpg","blog_images":{"medium":"https:\/\/diarioprincipios.com\/wp-content\/uploads\/2022\/03\/IMG-20220323-WA0045-300x300.jpg","large":"https:\/\/diarioprincipios.com\/wp-content\/uploads\/2022\/03\/IMG-20220323-WA0045-1024x1024.jpg"},"ams_acf":[],"yoast_head":"<!-- This site is optimized with the Yoast SEO plugin v27.3 - https:\/\/yoast.com\/product\/yoast-seo-wordpress\/ -->\n<title>Incendiaron un Ecopunto en Quilmes - Principios<\/title>\n<meta name=\"robots\" content=\"index, follow, max-snippet:-1, max-image-preview:large, max-video-preview:-1\" \/>\n<link rel=\"canonical\" href=\"https:\/\/diarioprincipios.com\/index.php\/2022\/03\/23\/incendiaron-un-ecopunto-en-quilmes\/\" \/>\n<meta property=\"og:locale\" content=\"es_ES\" \/>\n<meta property=\"og:type\" content=\"article\" \/>\n<meta property=\"og:title\" content=\"Incendiaron un Ecopunto en Quilmes - Principios\" \/>\n<meta property=\"og:description\" content=\"El Municipio de Quilmes informa que minutos antes de la medianoche del martes, en un hecho intencional, fue incendiado el EcoPunto ubicado en la plaza De las Colectividades (tambi\u00e9n conocida como Arist\u00f3bulo del Valle), ubicada en la manzana de Carlos Pellegrini, Arist\u00f3bulo del Valle, Islas Malvinas y Vicente L\u00f3pez, en el barrio La Colonia, de...\" \/>\n<meta property=\"og:url\" content=\"https:\/\/diarioprincipios.com\/index.php\/2022\/03\/23\/incendiaron-un-ecopunto-en-quilmes\/\" \/>\n<meta property=\"og:site_name\" content=\"Principios\" \/>\n<meta property=\"article:published_time\" content=\"2022-03-23T13:50:15+00:00\" \/>\n<meta property=\"article:modified_time\" content=\"2022-03-23T13:50:23+00:00\" \/>\n<meta property=\"og:image\" content=\"https:\/\/diarioprincipios.com\/wp-content\/uploads\/2022\/03\/IMG-20220323-WA0045.jpg\" \/>\n\t<meta property=\"og:image:width\" content=\"1080\" \/>\n\t<meta property=\"og:image:height\" content=\"1080\" \/>\n\t<meta property=\"og:image:type\" content=\"image\/jpeg\" \/>\n<meta name=\"author\" content=\"Hern\u00e1n L\u00f3pez\" \/>\n<meta name=\"twitter:card\" content=\"summary_large_image\" \/>\n<meta name=\"twitter:label1\" content=\"Escrito por\" \/>\n\t<meta name=\"twitter:data1\" content=\"Hern\u00e1n L\u00f3pez\" \/>\n\t<meta name=\"twitter:label2\" content=\"Tiempo de lectura\" \/>\n\t<meta name=\"twitter:data2\" content=\"2 minutos\" \/>\n<script type=\"application\/ld+json\" class=\"yoast-schema-graph\">{\"@context\":\"https:\\\/\\\/schema.org\",\"@graph\":[{\"@type\":\"Article\",\"@id\":\"https:\\\/\\\/diarioprincipios.com\\\/index.php\\\/2022\\\/03\\\/23\\\/incendiaron-un-ecopunto-en-quilmes\\\/#article\",\"isPartOf\":{\"@id\":\"https:\\\/\\\/diarioprincipios.com\\\/index.php\\\/2022\\\/03\\\/23\\\/incendiaron-un-ecopunto-en-quilmes\\\/\"},\"author\":{\"name\":\"Hern\u00e1n L\u00f3pez\",\"@id\":\"https:\\\/\\\/diarioprincipios.com\\\/#\\\/schema\\\/person\\\/436d5a1fd41a5e250e23ff5a6a7cb080\"},\"headline\":\"Incendiaron un Ecopunto en Quilmes\",\"datePublished\":\"2022-03-23T13:50:15+00:00\",\"dateModified\":\"2022-03-23T13:50:23+00:00\",\"mainEntityOfPage\":{\"@id\":\"https:\\\/\\\/diarioprincipios.com\\\/index.php\\\/2022\\\/03\\\/23\\\/incendiaron-un-ecopunto-en-quilmes\\\/\"},\"wordCount\":281,\"commentCount\":0,\"publisher\":{\"@id\":\"https:\\\/\\\/diarioprincipios.com\\\/#organization\"},\"image\":{\"@id\":\"https:\\\/\\\/diarioprincipios.com\\\/index.php\\\/2022\\\/03\\\/23\\\/incendiaron-un-ecopunto-en-quilmes\\\/#primaryimage\"},\"thumbnailUrl\":\"https:\\\/\\\/diarioprincipios.com\\\/wp-content\\\/uploads\\\/2022\\\/03\\\/IMG-20220323-WA0045.jpg\",\"articleSection\":[\"Quilmes\"],\"inLanguage\":\"es\",\"potentialAction\":[{\"@type\":\"CommentAction\",\"name\":\"Comment\",\"target\":[\"https:\\\/\\\/diarioprincipios.com\\\/index.php\\\/2022\\\/03\\\/23\\\/incendiaron-un-ecopunto-en-quilmes\\\/#respond\"]}]},{\"@type\":\"WebPage\",\"@id\":\"https:\\\/\\\/diarioprincipios.com\\\/index.php\\\/2022\\\/03\\\/23\\\/incendiaron-un-ecopunto-en-quilmes\\\/\",\"url\":\"https:\\\/\\\/diarioprincipios.com\\\/index.php\\\/2022\\\/03\\\/23\\\/incendiaron-un-ecopunto-en-quilmes\\\/\",\"name\":\"Incendiaron un Ecopunto en Quilmes - Principios\",\"isPartOf\":{\"@id\":\"https:\\\/\\\/diarioprincipios.com\\\/#website\"},\"primaryImageOfPage\":{\"@id\":\"https:\\\/\\\/diarioprincipios.com\\\/index.php\\\/2022\\\/03\\\/23\\\/incendiaron-un-ecopunto-en-quilmes\\\/#primaryimage\"},\"image\":{\"@id\":\"https:\\\/\\\/diarioprincipios.com\\\/index.php\\\/2022\\\/03\\\/23\\\/incendiaron-un-ecopunto-en-quilmes\\\/#primaryimage\"},\"thumbnailUrl\":\"https:\\\/\\\/diarioprincipios.com\\\/wp-content\\\/uploads\\\/2022\\\/03\\\/IMG-20220323-WA0045.jpg\",\"datePublished\":\"2022-03-23T13:50:15+00:00\",\"dateModified\":\"2022-03-23T13:50:23+00:00\",\"breadcrumb\":{\"@id\":\"https:\\\/\\\/diarioprincipios.com\\\/index.php\\\/2022\\\/03\\\/23\\\/incendiaron-un-ecopunto-en-quilmes\\\/#breadcrumb\"},\"inLanguage\":\"es\",\"potentialAction\":[{\"@type\":\"ReadAction\",\"target\":[\"https:\\\/\\\/diarioprincipios.com\\\/index.php\\\/2022\\\/03\\\/23\\\/incendiaron-un-ecopunto-en-quilmes\\\/\"]}]},{\"@type\":\"ImageObject\",\"inLanguage\":\"es\",\"@id\":\"https:\\\/\\\/diarioprincipios.com\\\/index.php\\\/2022\\\/03\\\/23\\\/incendiaron-un-ecopunto-en-quilmes\\\/#primaryimage\",\"url\":\"https:\\\/\\\/diarioprincipios.com\\\/wp-content\\\/uploads\\\/2022\\\/03\\\/IMG-20220323-WA0045.jpg\",\"contentUrl\":\"https:\\\/\\\/diarioprincipios.com\\\/wp-content\\\/uploads\\\/2022\\\/03\\\/IMG-20220323-WA0045.jpg\",\"width\":1080,\"height\":1080},{\"@type\":\"BreadcrumbList\",\"@id\":\"https:\\\/\\\/diarioprincipios.com\\\/index.php\\\/2022\\\/03\\\/23\\\/incendiaron-un-ecopunto-en-quilmes\\\/#breadcrumb\",\"itemListElement\":[{\"@type\":\"ListItem\",\"position\":1,\"name\":\"Portada\",\"item\":\"https:\\\/\\\/diarioprincipios.com\\\/\"},{\"@type\":\"ListItem\",\"position\":2,\"name\":\"Incendiaron un Ecopunto en Quilmes\"}]},{\"@type\":\"WebSite\",\"@id\":\"https:\\\/\\\/diarioprincipios.com\\\/#website\",\"url\":\"https:\\\/\\\/diarioprincipios.com\\\/\",\"name\":\"Principios\",\"description\":\"Principios Diario\",\"publisher\":{\"@id\":\"https:\\\/\\\/diarioprincipios.com\\\/#organization\"},\"potentialAction\":[{\"@type\":\"SearchAction\",\"target\":{\"@type\":\"EntryPoint\",\"urlTemplate\":\"https:\\\/\\\/diarioprincipios.com\\\/?s={search_term_string}\"},\"query-input\":{\"@type\":\"PropertyValueSpecification\",\"valueRequired\":true,\"valueName\":\"search_term_string\"}}],\"inLanguage\":\"es\"},{\"@type\":\"Organization\",\"@id\":\"https:\\\/\\\/diarioprincipios.com\\\/#organization\",\"name\":\"Principios\",\"url\":\"https:\\\/\\\/diarioprincipios.com\\\/\",\"logo\":{\"@type\":\"ImageObject\",\"inLanguage\":\"es\",\"@id\":\"https:\\\/\\\/diarioprincipios.com\\\/#\\\/schema\\\/logo\\\/image\\\/\",\"url\":\"https:\\\/\\\/diarioprincipios.com\\\/wp-content\\\/uploads\\\/2024\\\/04\\\/cropped-www.diarioprincipios.com_-1.png\",\"contentUrl\":\"https:\\\/\\\/diarioprincipios.com\\\/wp-content\\\/uploads\\\/2024\\\/04\\\/cropped-www.diarioprincipios.com_-1.png\",\"width\":5325,\"height\":1454,\"caption\":\"Principios\"},\"image\":{\"@id\":\"https:\\\/\\\/diarioprincipios.com\\\/#\\\/schema\\\/logo\\\/image\\\/\"}},{\"@type\":\"Person\",\"@id\":\"https:\\\/\\\/diarioprincipios.com\\\/#\\\/schema\\\/person\\\/436d5a1fd41a5e250e23ff5a6a7cb080\",\"name\":\"Hern\u00e1n L\u00f3pez\",\"image\":{\"@type\":\"ImageObject\",\"inLanguage\":\"es\",\"@id\":\"https:\\\/\\\/diarioprincipios.com\\\/wp-content\\\/litespeed\\\/avatar\\\/11ddfe5610ff3bd100522525b2571f48.jpg?ver=1777048341\",\"url\":\"https:\\\/\\\/diarioprincipios.com\\\/wp-content\\\/litespeed\\\/avatar\\\/11ddfe5610ff3bd100522525b2571f48.jpg?ver=1777048341\",\"contentUrl\":\"https:\\\/\\\/diarioprincipios.com\\\/wp-content\\\/litespeed\\\/avatar\\\/11ddfe5610ff3bd100522525b2571f48.jpg?ver=1777048341\",\"caption\":\"Hern\u00e1n L\u00f3pez\"},\"url\":\"https:\\\/\\\/diarioprincipios.com\\\/index.php\\\/author\\\/hernan\\\/\"}]}<\/script>\n<!-- \/ Yoast SEO plugin. -->","yoast_head_json":{"title":"Incendiaron un Ecopunto en Quilmes - Principios","robots":{"index":"index","follow":"follow","max-snippet":"max-snippet:-1","max-image-preview":"max-image-preview:large","max-video-preview":"max-video-preview:-1"},"canonical":"https:\/\/diarioprincipios.com\/index.php\/2022\/03\/23\/incendiaron-un-ecopunto-en-quilmes\/","og_locale":"es_ES","og_type":"article","og_title":"Incendiaron un Ecopunto en Quilmes - Principios","og_description":"El Municipio de Quilmes informa que minutos antes de la medianoche del martes, en un hecho intencional, fue incendiado el EcoPunto ubicado en la plaza De las Colectividades (tambi\u00e9n conocida como Arist\u00f3bulo del Valle), ubicada en la manzana de Carlos Pellegrini, Arist\u00f3bulo del Valle, Islas Malvinas y Vicente L\u00f3pez, en el barrio La Colonia, de...","og_url":"https:\/\/diarioprincipios.com\/index.php\/2022\/03\/23\/incendiaron-un-ecopunto-en-quilmes\/","og_site_name":"Principios","article_published_time":"2022-03-23T13:50:15+00:00","article_modified_time":"2022-03-23T13:50:23+00:00","og_image":[{"width":1080,"height":1080,"url":"https:\/\/diarioprincipios.com\/wp-content\/uploads\/2022\/03\/IMG-20220323-WA0045.jpg","type":"image\/jpeg"}],"author":"Hern\u00e1n L\u00f3pez","twitter_card":"summary_large_image","twitter_misc":{"Escrito por":"Hern\u00e1n L\u00f3pez","Tiempo de lectura":"2 minutos"},"schema":{"@context":"https:\/\/schema.org","@graph":[{"@type":"Article","@id":"https:\/\/diarioprincipios.com\/index.php\/2022\/03\/23\/incendiaron-un-ecopunto-en-quilmes\/#article","isPartOf":{"@id":"https:\/\/diarioprincipios.com\/index.php\/2022\/03\/23\/incendiaron-un-ecopunto-en-quilmes\/"},"author":{"name":"Hern\u00e1n L\u00f3pez","@id":"https:\/\/diarioprincipios.com\/#\/schema\/person\/436d5a1fd41a5e250e23ff5a6a7cb080"},"headline":"Incendiaron un Ecopunto en Quilmes","datePublished":"2022-03-23T13:50:15+00:00","dateModified":"2022-03-23T13:50:23+00:00","mainEntityOfPage":{"@id":"https:\/\/diarioprincipios.com\/index.php\/2022\/03\/23\/incendiaron-un-ecopunto-en-quilmes\/"},"wordCount":281,"commentCount":0,"publisher":{"@id":"https:\/\/diarioprincipios.com\/#organization"},"image":{"@id":"https:\/\/diarioprincipios.com\/index.php\/2022\/03\/23\/incendiaron-un-ecopunto-en-quilmes\/#primaryimage"},"thumbnailUrl":"https:\/\/diarioprincipios.com\/wp-content\/uploads\/2022\/03\/IMG-20220323-WA0045.jpg","articleSection":["Quilmes"],"inLanguage":"es","potentialAction":[{"@type":"CommentAction","name":"Comment","target":["https:\/\/diarioprincipios.com\/index.php\/2022\/03\/23\/incendiaron-un-ecopunto-en-quilmes\/#respond"]}]},{"@type":"WebPage","@id":"https:\/\/diarioprincipios.com\/index.php\/2022\/03\/23\/incendiaron-un-ecopunto-en-quilmes\/","url":"https:\/\/diarioprincipios.com\/index.php\/2022\/03\/23\/incendiaron-un-ecopunto-en-quilmes\/","name":"Incendiaron un Ecopunto en Quilmes - Principios","isPartOf":{"@id":"https:\/\/diarioprincipios.com\/#website"},"primaryImageOfPage":{"@id":"https:\/\/diarioprincipios.com\/index.php\/2022\/03\/23\/incendiaron-un-ecopunto-en-quilmes\/#primaryimage"},"image":{"@id":"https:\/\/diarioprincipios.com\/index.php\/2022\/03\/23\/incendiaron-un-ecopunto-en-quilmes\/#primaryimage"},"thumbnailUrl":"https:\/\/diarioprincipios.com\/wp-content\/uploads\/2022\/03\/IMG-20220323-WA0045.jpg","datePublished":"2022-03-23T13:50:15+00:00","dateModified":"2022-03-23T13:50:23+00:00","breadcrumb":{"@id":"https:\/\/diarioprincipios.com\/index.php\/2022\/03\/23\/incendiaron-un-ecopunto-en-quilmes\/#breadcrumb"},"inLanguage":"es","potentialAction":[{"@type":"ReadAction","target":["https:\/\/diarioprincipios.com\/index.php\/2022\/03\/23\/incendiaron-un-ecopunto-en-quilmes\/"]}]},{"@type":"ImageObject","inLanguage":"es","@id":"https:\/\/diarioprincipios.com\/index.php\/2022\/03\/23\/incendiaron-un-ecopunto-en-quilmes\/#primaryimage","url":"https:\/\/diarioprincipios.com\/wp-content\/uploads\/2022\/03\/IMG-20220323-WA0045.jpg","contentUrl":"https:\/\/diarioprincipios.com\/wp-content\/uploads\/2022\/03\/IMG-20220323-WA0045.jpg","width":1080,"height":1080},{"@type":"BreadcrumbList","@id":"https:\/\/diarioprincipios.com\/index.php\/2022\/03\/23\/incendiaron-un-ecopunto-en-quilmes\/#breadcrumb","itemListElement":[{"@type":"ListItem","position":1,"name":"Portada","item":"https:\/\/diarioprincipios.com\/"},{"@type":"ListItem","position":2,"name":"Incendiaron un Ecopunto en Quilmes"}]},{"@type":"WebSite","@id":"https:\/\/diarioprincipios.com\/#website","url":"https:\/\/diarioprincipios.com\/","name":"Principios","description":"Principios Diario","publisher":{"@id":"https:\/\/diarioprincipios.com\/#organization"},"potentialAction":[{"@type":"SearchAction","target":{"@type":"EntryPoint","urlTemplate":"https:\/\/diarioprincipios.com\/?s={search_term_string}"},"query-input":{"@type":"PropertyValueSpecification","valueRequired":true,"valueName":"search_term_string"}}],"inLanguage":"es"},{"@type":"Organization","@id":"https:\/\/diarioprincipios.com\/#organization","name":"Principios","url":"https:\/\/diarioprincipios.com\/","logo":{"@type":"ImageObject","inLanguage":"es","@id":"https:\/\/diarioprincipios.com\/#\/schema\/logo\/image\/","url":"https:\/\/diarioprincipios.com\/wp-content\/uploads\/2024\/04\/cropped-www.diarioprincipios.com_-1.png","contentUrl":"https:\/\/diarioprincipios.com\/wp-content\/uploads\/2024\/04\/cropped-www.diarioprincipios.com_-1.png","width":5325,"height":1454,"caption":"Principios"},"image":{"@id":"https:\/\/diarioprincipios.com\/#\/schema\/logo\/image\/"}},{"@type":"Person","@id":"https:\/\/diarioprincipios.com\/#\/schema\/person\/436d5a1fd41a5e250e23ff5a6a7cb080","name":"Hern\u00e1n L\u00f3pez","image":{"@type":"ImageObject","inLanguage":"es","@id":"https:\/\/diarioprincipios.com\/wp-content\/litespeed\/avatar\/11ddfe5610ff3bd100522525b2571f48.jpg?ver=1777048341","url":"https:\/\/diarioprincipios.com\/wp-content\/litespeed\/avatar\/11ddfe5610ff3bd100522525b2571f48.jpg?ver=1777048341","contentUrl":"https:\/\/diarioprincipios.com\/wp-content\/litespeed\/avatar\/11ddfe5610ff3bd100522525b2571f48.jpg?ver=1777048341","caption":"Hern\u00e1n L\u00f3pez"},"url":"https:\/\/diarioprincipios.com\/index.php\/author\/hernan\/"}]}},"jetpack_featured_media_url":"https:\/\/diarioprincipios.com\/wp-content\/uploads\/2022\/03\/IMG-20220323-WA0045.jpg","_links":{"self":[{"href":"https:\/\/diarioprincipios.com\/index.php\/wp-json\/wp\/v2\/posts\/13134","targetHints":{"allow":["GET"]}}],"collection":[{"href":"https:\/\/diarioprincipios.com\/index.php\/wp-json\/wp\/v2\/posts"}],"about":[{"href":"https:\/\/diarioprincipios.com\/index.php\/wp-json\/wp\/v2\/types\/post"}],"author":[{"embeddable":true,"href":"https:\/\/diarioprincipios.com\/index.php\/wp-json\/wp\/v2\/users\/2"}],"replies":[{"embeddable":true,"href":"https:\/\/diarioprincipios.com\/index.php\/wp-json\/wp\/v2\/comments?post=13134"}],"version-history":[{"count":1,"href":"https:\/\/diarioprincipios.com\/index.php\/wp-json\/wp\/v2\/posts\/13134\/revisions"}],"predecessor-version":[{"id":13136,"href":"https:\/\/diarioprincipios.com\/index.php\/wp-json\/wp\/v2\/posts\/13134\/revisions\/13136"}],"wp:featuredmedia":[{"embeddable":true,"href":"https:\/\/diarioprincipios.com\/index.php\/wp-json\/wp\/v2\/media\/13135"}],"wp:attachment":[{"href":"https:\/\/diarioprincipios.com\/index.php\/wp-json\/wp\/v2\/media?parent=13134"}],"wp:term":[{"taxonomy":"category","embeddable":true,"href":"https:\/\/diarioprincipios.com\/index.php\/wp-json\/wp\/v2\/categories?post=13134"},{"taxonomy":"post_tag","embeddable":true,"href":"https:\/\/diarioprincipios.com\/index.php\/wp-json\/wp\/v2\/tags?post=13134"}],"curies":[{"name":"wp","href":"https:\/\/api.w.org\/{rel}","templated":true}]}}