{"id":13124,"date":"2022-03-22T10:44:42","date_gmt":"2022-03-22T13:44:42","guid":{"rendered":"http:\/\/diarioprincipios.com\/?p=13124"},"modified":"2022-04-05T00:52:15","modified_gmt":"2022-04-05T03:52:15","slug":"los-ministros-ferraresi-y-sileoni-relanzaron-el-programa-haciendo-escuela-cuidando-el-futuro","status":"publish","type":"post","link":"https:\/\/diarioprincipios.com\/index.php\/2022\/03\/22\/los-ministros-ferraresi-y-sileoni-relanzaron-el-programa-haciendo-escuela-cuidando-el-futuro\/","title":{"rendered":"Los ministros Ferraresi y Sileoni relanzaron el Programa \u201cHaciendo Escuela, Cuidando el Futuro\u201d"},"content":{"rendered":"\n<p>Acompa\u00f1ados por el intendente de Avellaneda, Alejo Chornobroff y la jefa de Gabinete, Magdalena Sierra, se llev\u00f3 a cabo la presentaci\u00f3n del programa de inversi\u00f3n econ\u00f3mica en educaci\u00f3n p\u00fablica.\u00a0<\/p>\n\n\n\n<p>La Municipalidad de Avellaneda, a trav\u00e9s de \u201cHaciendo Escuela, Cuidando el Futuro\u201d invertir\u00e1 $6.000 millones en obras de infraestructura escolar para 180 instituciones de la ciudad entre este a\u00f1o y el 2023.<\/p>\n\n\n\n<p>El acto realizado en el Teatro Roma cont\u00f3 con la presencia de la comunidad educativa de Avellaneda. En ese marco, tambi\u00e9n se llev\u00f3 adelante la entrega de subsidios a 63 instituciones por un monto total de $291.500.000 que les permitir\u00e1 continuar con los trabajos de remodelaci\u00f3n en sus establecimientos.<\/p>\n\n\n\n<figure class=\"wp-block-image size-large\"><img loading=\"lazy\" decoding=\"async\" width=\"1024\" height=\"683\" src=\"https:\/\/diarioprincipios.com\/wp-content\/uploads\/2022\/03\/277103742_378911450722862_3109533613229206079_n-1024x683.jpg\" alt=\"\" class=\"wp-image-13125\" srcset=\"https:\/\/diarioprincipios.com\/wp-content\/uploads\/2022\/03\/277103742_378911450722862_3109533613229206079_n-1024x683.jpg 1024w, https:\/\/diarioprincipios.com\/wp-content\/uploads\/2022\/03\/277103742_378911450722862_3109533613229206079_n-300x200.jpg 300w, https:\/\/diarioprincipios.com\/wp-content\/uploads\/2022\/03\/277103742_378911450722862_3109533613229206079_n-768x512.jpg 768w, https:\/\/diarioprincipios.com\/wp-content\/uploads\/2022\/03\/277103742_378911450722862_3109533613229206079_n.jpg 1080w\" sizes=\"auto, (max-width: 1024px) 100vw, 1024px\" \/><\/figure>\n\n\n\n<p>\u201cJunto con Alejo y Magdalena formamos un gran equipo de trabajo, el objetivo es que nuestros pibes y pibas tengan lo mejor\u201d, remarc\u00f3 Ferraresi y agreg\u00f3: \u201cHoy hay sinton\u00eda en los tres niveles de gobierno y sabemos que la educaci\u00f3n es fundamental para que la Argentina crezca\u201d.<\/p>\n\n\n\n<p>Por su parte el ministro de Educaci\u00f3n de la Provincia de Buenos Aires, Alberto Sileoni se\u00f1al\u00f3 que \u201cno es com\u00fan lo que pasa en Avellaneda, Jorge Ferraresi no solo gestiona ladrillos, sino que lucha por derechos de los ni\u00f1os y ni\u00f1as\u201d.<\/p>\n\n\n\n<p>En el acto tambi\u00e9n estuvo presente el subsecretario provincial de Infraestructura Educativa, Ariel Lambezat; el presidente del HCD, Hugo Barrueco; la presidenta del Consejo Escolar de Avellaneda, Claudia Colaso; la secretaria de Educaci\u00f3n de la comuna, Mar\u00eda Laura de Vincenti.<\/p>\n","protected":false},"excerpt":{"rendered":"<p>Acompa\u00f1ados por el intendente de Avellaneda, Alejo Chornobroff y la jefa de Gabinete, Magdalena Sierra, se llev\u00f3 a cabo la presentaci\u00f3n del programa de inversi\u00f3n econ\u00f3mica en educaci\u00f3n p\u00fablica.\u00a0 La Municipalidad de Avellaneda, a trav\u00e9s de \u201cHaciendo Escuela, Cuidando el Futuro\u201d invertir\u00e1 $6.000 millones en obras de infraestructura escolar para 180 instituciones de la ciudad&#8230;<\/p>\n","protected":false},"author":2,"featured_media":13126,"comment_status":"open","ping_status":"open","sticky":false,"template":"","format":"standard","meta":{"footnotes":""},"categories":[5],"tags":[],"class_list":["post-13124","post","type-post","status-publish","format-standard","has-post-thumbnail","hentry","category-avellaneda"],"featured_image_src":"https:\/\/diarioprincipios.com\/wp-content\/uploads\/2022\/03\/277103685_521460959339977_4138166080981425258_n-1024x682.jpg","blog_images":{"medium":"https:\/\/diarioprincipios.com\/wp-content\/uploads\/2022\/03\/277103685_521460959339977_4138166080981425258_n-300x200.jpg","large":"https:\/\/diarioprincipios.com\/wp-content\/uploads\/2022\/03\/277103685_521460959339977_4138166080981425258_n-1024x682.jpg"},"ams_acf":[],"yoast_head":"<!-- This site is optimized with the Yoast SEO plugin v27.3 - https:\/\/yoast.com\/product\/yoast-seo-wordpress\/ -->\n<title>Los ministros Ferraresi y Sileoni relanzaron el Programa \u201cHaciendo Escuela, Cuidando el Futuro\u201d - Principios<\/title>\n<meta name=\"robots\" content=\"index, follow, max-snippet:-1, max-image-preview:large, max-video-preview:-1\" \/>\n<link rel=\"canonical\" href=\"https:\/\/diarioprincipios.com\/index.php\/2022\/03\/22\/los-ministros-ferraresi-y-sileoni-relanzaron-el-programa-haciendo-escuela-cuidando-el-futuro\/\" \/>\n<meta property=\"og:locale\" content=\"es_ES\" \/>\n<meta property=\"og:type\" content=\"article\" \/>\n<meta property=\"og:title\" content=\"Los ministros Ferraresi y Sileoni relanzaron el Programa \u201cHaciendo Escuela, Cuidando el Futuro\u201d - Principios\" \/>\n<meta property=\"og:description\" content=\"Acompa\u00f1ados por el intendente de Avellaneda, Alejo Chornobroff y la jefa de Gabinete, Magdalena Sierra, se llev\u00f3 a cabo la presentaci\u00f3n del programa de inversi\u00f3n econ\u00f3mica en educaci\u00f3n p\u00fablica.\u00a0 La Municipalidad de Avellaneda, a trav\u00e9s de \u201cHaciendo Escuela, Cuidando el Futuro\u201d invertir\u00e1 $6.000 millones en obras de infraestructura escolar para 180 instituciones de la ciudad...\" \/>\n<meta property=\"og:url\" content=\"https:\/\/diarioprincipios.com\/index.php\/2022\/03\/22\/los-ministros-ferraresi-y-sileoni-relanzaron-el-programa-haciendo-escuela-cuidando-el-futuro\/\" \/>\n<meta property=\"og:site_name\" content=\"Principios\" \/>\n<meta property=\"article:published_time\" content=\"2022-03-22T13:44:42+00:00\" \/>\n<meta property=\"article:modified_time\" content=\"2022-04-05T03:52:15+00:00\" \/>\n<meta property=\"og:image\" content=\"https:\/\/diarioprincipios.com\/wp-content\/uploads\/2022\/03\/277103685_521460959339977_4138166080981425258_n.jpg\" \/>\n\t<meta property=\"og:image:width\" content=\"1600\" \/>\n\t<meta property=\"og:image:height\" content=\"1066\" \/>\n\t<meta property=\"og:image:type\" content=\"image\/jpeg\" \/>\n<meta name=\"author\" content=\"Hern\u00e1n L\u00f3pez\" \/>\n<meta name=\"twitter:card\" content=\"summary_large_image\" \/>\n<meta name=\"twitter:label1\" content=\"Escrito por\" \/>\n\t<meta name=\"twitter:data1\" content=\"Hern\u00e1n L\u00f3pez\" \/>\n\t<meta name=\"twitter:label2\" content=\"Tiempo de lectura\" \/>\n\t<meta name=\"twitter:data2\" content=\"2 minutos\" \/>\n<script type=\"application\/ld+json\" class=\"yoast-schema-graph\">{\"@context\":\"https:\\\/\\\/schema.org\",\"@graph\":[{\"@type\":\"Article\",\"@id\":\"https:\\\/\\\/diarioprincipios.com\\\/index.php\\\/2022\\\/03\\\/22\\\/los-ministros-ferraresi-y-sileoni-relanzaron-el-programa-haciendo-escuela-cuidando-el-futuro\\\/#article\",\"isPartOf\":{\"@id\":\"https:\\\/\\\/diarioprincipios.com\\\/index.php\\\/2022\\\/03\\\/22\\\/los-ministros-ferraresi-y-sileoni-relanzaron-el-programa-haciendo-escuela-cuidando-el-futuro\\\/\"},\"author\":{\"name\":\"Hern\u00e1n L\u00f3pez\",\"@id\":\"https:\\\/\\\/diarioprincipios.com\\\/#\\\/schema\\\/person\\\/436d5a1fd41a5e250e23ff5a6a7cb080\"},\"headline\":\"Los ministros Ferraresi y Sileoni relanzaron el Programa \u201cHaciendo Escuela, Cuidando el Futuro\u201d\",\"datePublished\":\"2022-03-22T13:44:42+00:00\",\"dateModified\":\"2022-04-05T03:52:15+00:00\",\"mainEntityOfPage\":{\"@id\":\"https:\\\/\\\/diarioprincipios.com\\\/index.php\\\/2022\\\/03\\\/22\\\/los-ministros-ferraresi-y-sileoni-relanzaron-el-programa-haciendo-escuela-cuidando-el-futuro\\\/\"},\"wordCount\":266,\"commentCount\":0,\"publisher\":{\"@id\":\"https:\\\/\\\/diarioprincipios.com\\\/#organization\"},\"image\":{\"@id\":\"https:\\\/\\\/diarioprincipios.com\\\/index.php\\\/2022\\\/03\\\/22\\\/los-ministros-ferraresi-y-sileoni-relanzaron-el-programa-haciendo-escuela-cuidando-el-futuro\\\/#primaryimage\"},\"thumbnailUrl\":\"https:\\\/\\\/diarioprincipios.com\\\/wp-content\\\/uploads\\\/2022\\\/03\\\/277103685_521460959339977_4138166080981425258_n.jpg\",\"articleSection\":[\"Avellaneda\"],\"inLanguage\":\"es\",\"potentialAction\":[{\"@type\":\"CommentAction\",\"name\":\"Comment\",\"target\":[\"https:\\\/\\\/diarioprincipios.com\\\/index.php\\\/2022\\\/03\\\/22\\\/los-ministros-ferraresi-y-sileoni-relanzaron-el-programa-haciendo-escuela-cuidando-el-futuro\\\/#respond\"]}]},{\"@type\":\"WebPage\",\"@id\":\"https:\\\/\\\/diarioprincipios.com\\\/index.php\\\/2022\\\/03\\\/22\\\/los-ministros-ferraresi-y-sileoni-relanzaron-el-programa-haciendo-escuela-cuidando-el-futuro\\\/\",\"url\":\"https:\\\/\\\/diarioprincipios.com\\\/index.php\\\/2022\\\/03\\\/22\\\/los-ministros-ferraresi-y-sileoni-relanzaron-el-programa-haciendo-escuela-cuidando-el-futuro\\\/\",\"name\":\"Los ministros Ferraresi y Sileoni relanzaron el Programa \u201cHaciendo Escuela, Cuidando el Futuro\u201d - Principios\",\"isPartOf\":{\"@id\":\"https:\\\/\\\/diarioprincipios.com\\\/#website\"},\"primaryImageOfPage\":{\"@id\":\"https:\\\/\\\/diarioprincipios.com\\\/index.php\\\/2022\\\/03\\\/22\\\/los-ministros-ferraresi-y-sileoni-relanzaron-el-programa-haciendo-escuela-cuidando-el-futuro\\\/#primaryimage\"},\"image\":{\"@id\":\"https:\\\/\\\/diarioprincipios.com\\\/index.php\\\/2022\\\/03\\\/22\\\/los-ministros-ferraresi-y-sileoni-relanzaron-el-programa-haciendo-escuela-cuidando-el-futuro\\\/#primaryimage\"},\"thumbnailUrl\":\"https:\\\/\\\/diarioprincipios.com\\\/wp-content\\\/uploads\\\/2022\\\/03\\\/277103685_521460959339977_4138166080981425258_n.jpg\",\"datePublished\":\"2022-03-22T13:44:42+00:00\",\"dateModified\":\"2022-04-05T03:52:15+00:00\",\"breadcrumb\":{\"@id\":\"https:\\\/\\\/diarioprincipios.com\\\/index.php\\\/2022\\\/03\\\/22\\\/los-ministros-ferraresi-y-sileoni-relanzaron-el-programa-haciendo-escuela-cuidando-el-futuro\\\/#breadcrumb\"},\"inLanguage\":\"es\",\"potentialAction\":[{\"@type\":\"ReadAction\",\"target\":[\"https:\\\/\\\/diarioprincipios.com\\\/index.php\\\/2022\\\/03\\\/22\\\/los-ministros-ferraresi-y-sileoni-relanzaron-el-programa-haciendo-escuela-cuidando-el-futuro\\\/\"]}]},{\"@type\":\"ImageObject\",\"inLanguage\":\"es\",\"@id\":\"https:\\\/\\\/diarioprincipios.com\\\/index.php\\\/2022\\\/03\\\/22\\\/los-ministros-ferraresi-y-sileoni-relanzaron-el-programa-haciendo-escuela-cuidando-el-futuro\\\/#primaryimage\",\"url\":\"https:\\\/\\\/diarioprincipios.com\\\/wp-content\\\/uploads\\\/2022\\\/03\\\/277103685_521460959339977_4138166080981425258_n.jpg\",\"contentUrl\":\"https:\\\/\\\/diarioprincipios.com\\\/wp-content\\\/uploads\\\/2022\\\/03\\\/277103685_521460959339977_4138166080981425258_n.jpg\",\"width\":1600,\"height\":1066},{\"@type\":\"BreadcrumbList\",\"@id\":\"https:\\\/\\\/diarioprincipios.com\\\/index.php\\\/2022\\\/03\\\/22\\\/los-ministros-ferraresi-y-sileoni-relanzaron-el-programa-haciendo-escuela-cuidando-el-futuro\\\/#breadcrumb\",\"itemListElement\":[{\"@type\":\"ListItem\",\"position\":1,\"name\":\"Portada\",\"item\":\"https:\\\/\\\/diarioprincipios.com\\\/\"},{\"@type\":\"ListItem\",\"position\":2,\"name\":\"Los ministros Ferraresi y Sileoni relanzaron el Programa \u201cHaciendo Escuela, Cuidando el Futuro\u201d\"}]},{\"@type\":\"WebSite\",\"@id\":\"https:\\\/\\\/diarioprincipios.com\\\/#website\",\"url\":\"https:\\\/\\\/diarioprincipios.com\\\/\",\"name\":\"Principios\",\"description\":\"Principios Diario\",\"publisher\":{\"@id\":\"https:\\\/\\\/diarioprincipios.com\\\/#organization\"},\"potentialAction\":[{\"@type\":\"SearchAction\",\"target\":{\"@type\":\"EntryPoint\",\"urlTemplate\":\"https:\\\/\\\/diarioprincipios.com\\\/?s={search_term_string}\"},\"query-input\":{\"@type\":\"PropertyValueSpecification\",\"valueRequired\":true,\"valueName\":\"search_term_string\"}}],\"inLanguage\":\"es\"},{\"@type\":\"Organization\",\"@id\":\"https:\\\/\\\/diarioprincipios.com\\\/#organization\",\"name\":\"Principios\",\"url\":\"https:\\\/\\\/diarioprincipios.com\\\/\",\"logo\":{\"@type\":\"ImageObject\",\"inLanguage\":\"es\",\"@id\":\"https:\\\/\\\/diarioprincipios.com\\\/#\\\/schema\\\/logo\\\/image\\\/\",\"url\":\"https:\\\/\\\/diarioprincipios.com\\\/wp-content\\\/uploads\\\/2024\\\/04\\\/cropped-www.diarioprincipios.com_-1.png\",\"contentUrl\":\"https:\\\/\\\/diarioprincipios.com\\\/wp-content\\\/uploads\\\/2024\\\/04\\\/cropped-www.diarioprincipios.com_-1.png\",\"width\":5325,\"height\":1454,\"caption\":\"Principios\"},\"image\":{\"@id\":\"https:\\\/\\\/diarioprincipios.com\\\/#\\\/schema\\\/logo\\\/image\\\/\"}},{\"@type\":\"Person\",\"@id\":\"https:\\\/\\\/diarioprincipios.com\\\/#\\\/schema\\\/person\\\/436d5a1fd41a5e250e23ff5a6a7cb080\",\"name\":\"Hern\u00e1n L\u00f3pez\",\"image\":{\"@type\":\"ImageObject\",\"inLanguage\":\"es\",\"@id\":\"https:\\\/\\\/diarioprincipios.com\\\/wp-content\\\/litespeed\\\/avatar\\\/11ddfe5610ff3bd100522525b2571f48.jpg?ver=1777048341\",\"url\":\"https:\\\/\\\/diarioprincipios.com\\\/wp-content\\\/litespeed\\\/avatar\\\/11ddfe5610ff3bd100522525b2571f48.jpg?ver=1777048341\",\"contentUrl\":\"https:\\\/\\\/diarioprincipios.com\\\/wp-content\\\/litespeed\\\/avatar\\\/11ddfe5610ff3bd100522525b2571f48.jpg?ver=1777048341\",\"caption\":\"Hern\u00e1n L\u00f3pez\"},\"url\":\"https:\\\/\\\/diarioprincipios.com\\\/index.php\\\/author\\\/hernan\\\/\"}]}<\/script>\n<!-- \/ Yoast SEO plugin. -->","yoast_head_json":{"title":"Los ministros Ferraresi y Sileoni relanzaron el Programa \u201cHaciendo Escuela, Cuidando el Futuro\u201d - Principios","robots":{"index":"index","follow":"follow","max-snippet":"max-snippet:-1","max-image-preview":"max-image-preview:large","max-video-preview":"max-video-preview:-1"},"canonical":"https:\/\/diarioprincipios.com\/index.php\/2022\/03\/22\/los-ministros-ferraresi-y-sileoni-relanzaron-el-programa-haciendo-escuela-cuidando-el-futuro\/","og_locale":"es_ES","og_type":"article","og_title":"Los ministros Ferraresi y Sileoni relanzaron el Programa \u201cHaciendo Escuela, Cuidando el Futuro\u201d - Principios","og_description":"Acompa\u00f1ados por el intendente de Avellaneda, Alejo Chornobroff y la jefa de Gabinete, Magdalena Sierra, se llev\u00f3 a cabo la presentaci\u00f3n del programa de inversi\u00f3n econ\u00f3mica en educaci\u00f3n p\u00fablica.\u00a0 La Municipalidad de Avellaneda, a trav\u00e9s de \u201cHaciendo Escuela, Cuidando el Futuro\u201d invertir\u00e1 $6.000 millones en obras de infraestructura escolar para 180 instituciones de la ciudad...","og_url":"https:\/\/diarioprincipios.com\/index.php\/2022\/03\/22\/los-ministros-ferraresi-y-sileoni-relanzaron-el-programa-haciendo-escuela-cuidando-el-futuro\/","og_site_name":"Principios","article_published_time":"2022-03-22T13:44:42+00:00","article_modified_time":"2022-04-05T03:52:15+00:00","og_image":[{"width":1600,"height":1066,"url":"https:\/\/diarioprincipios.com\/wp-content\/uploads\/2022\/03\/277103685_521460959339977_4138166080981425258_n.jpg","type":"image\/jpeg"}],"author":"Hern\u00e1n L\u00f3pez","twitter_card":"summary_large_image","twitter_misc":{"Escrito por":"Hern\u00e1n L\u00f3pez","Tiempo de lectura":"2 minutos"},"schema":{"@context":"https:\/\/schema.org","@graph":[{"@type":"Article","@id":"https:\/\/diarioprincipios.com\/index.php\/2022\/03\/22\/los-ministros-ferraresi-y-sileoni-relanzaron-el-programa-haciendo-escuela-cuidando-el-futuro\/#article","isPartOf":{"@id":"https:\/\/diarioprincipios.com\/index.php\/2022\/03\/22\/los-ministros-ferraresi-y-sileoni-relanzaron-el-programa-haciendo-escuela-cuidando-el-futuro\/"},"author":{"name":"Hern\u00e1n L\u00f3pez","@id":"https:\/\/diarioprincipios.com\/#\/schema\/person\/436d5a1fd41a5e250e23ff5a6a7cb080"},"headline":"Los ministros Ferraresi y Sileoni relanzaron el Programa \u201cHaciendo Escuela, Cuidando el Futuro\u201d","datePublished":"2022-03-22T13:44:42+00:00","dateModified":"2022-04-05T03:52:15+00:00","mainEntityOfPage":{"@id":"https:\/\/diarioprincipios.com\/index.php\/2022\/03\/22\/los-ministros-ferraresi-y-sileoni-relanzaron-el-programa-haciendo-escuela-cuidando-el-futuro\/"},"wordCount":266,"commentCount":0,"publisher":{"@id":"https:\/\/diarioprincipios.com\/#organization"},"image":{"@id":"https:\/\/diarioprincipios.com\/index.php\/2022\/03\/22\/los-ministros-ferraresi-y-sileoni-relanzaron-el-programa-haciendo-escuela-cuidando-el-futuro\/#primaryimage"},"thumbnailUrl":"https:\/\/diarioprincipios.com\/wp-content\/uploads\/2022\/03\/277103685_521460959339977_4138166080981425258_n.jpg","articleSection":["Avellaneda"],"inLanguage":"es","potentialAction":[{"@type":"CommentAction","name":"Comment","target":["https:\/\/diarioprincipios.com\/index.php\/2022\/03\/22\/los-ministros-ferraresi-y-sileoni-relanzaron-el-programa-haciendo-escuela-cuidando-el-futuro\/#respond"]}]},{"@type":"WebPage","@id":"https:\/\/diarioprincipios.com\/index.php\/2022\/03\/22\/los-ministros-ferraresi-y-sileoni-relanzaron-el-programa-haciendo-escuela-cuidando-el-futuro\/","url":"https:\/\/diarioprincipios.com\/index.php\/2022\/03\/22\/los-ministros-ferraresi-y-sileoni-relanzaron-el-programa-haciendo-escuela-cuidando-el-futuro\/","name":"Los ministros Ferraresi y Sileoni relanzaron el Programa \u201cHaciendo Escuela, Cuidando el Futuro\u201d - Principios","isPartOf":{"@id":"https:\/\/diarioprincipios.com\/#website"},"primaryImageOfPage":{"@id":"https:\/\/diarioprincipios.com\/index.php\/2022\/03\/22\/los-ministros-ferraresi-y-sileoni-relanzaron-el-programa-haciendo-escuela-cuidando-el-futuro\/#primaryimage"},"image":{"@id":"https:\/\/diarioprincipios.com\/index.php\/2022\/03\/22\/los-ministros-ferraresi-y-sileoni-relanzaron-el-programa-haciendo-escuela-cuidando-el-futuro\/#primaryimage"},"thumbnailUrl":"https:\/\/diarioprincipios.com\/wp-content\/uploads\/2022\/03\/277103685_521460959339977_4138166080981425258_n.jpg","datePublished":"2022-03-22T13:44:42+00:00","dateModified":"2022-04-05T03:52:15+00:00","breadcrumb":{"@id":"https:\/\/diarioprincipios.com\/index.php\/2022\/03\/22\/los-ministros-ferraresi-y-sileoni-relanzaron-el-programa-haciendo-escuela-cuidando-el-futuro\/#breadcrumb"},"inLanguage":"es","potentialAction":[{"@type":"ReadAction","target":["https:\/\/diarioprincipios.com\/index.php\/2022\/03\/22\/los-ministros-ferraresi-y-sileoni-relanzaron-el-programa-haciendo-escuela-cuidando-el-futuro\/"]}]},{"@type":"ImageObject","inLanguage":"es","@id":"https:\/\/diarioprincipios.com\/index.php\/2022\/03\/22\/los-ministros-ferraresi-y-sileoni-relanzaron-el-programa-haciendo-escuela-cuidando-el-futuro\/#primaryimage","url":"https:\/\/diarioprincipios.com\/wp-content\/uploads\/2022\/03\/277103685_521460959339977_4138166080981425258_n.jpg","contentUrl":"https:\/\/diarioprincipios.com\/wp-content\/uploads\/2022\/03\/277103685_521460959339977_4138166080981425258_n.jpg","width":1600,"height":1066},{"@type":"BreadcrumbList","@id":"https:\/\/diarioprincipios.com\/index.php\/2022\/03\/22\/los-ministros-ferraresi-y-sileoni-relanzaron-el-programa-haciendo-escuela-cuidando-el-futuro\/#breadcrumb","itemListElement":[{"@type":"ListItem","position":1,"name":"Portada","item":"https:\/\/diarioprincipios.com\/"},{"@type":"ListItem","position":2,"name":"Los ministros Ferraresi y Sileoni relanzaron el Programa \u201cHaciendo Escuela, Cuidando el Futuro\u201d"}]},{"@type":"WebSite","@id":"https:\/\/diarioprincipios.com\/#website","url":"https:\/\/diarioprincipios.com\/","name":"Principios","description":"Principios Diario","publisher":{"@id":"https:\/\/diarioprincipios.com\/#organization"},"potentialAction":[{"@type":"SearchAction","target":{"@type":"EntryPoint","urlTemplate":"https:\/\/diarioprincipios.com\/?s={search_term_string}"},"query-input":{"@type":"PropertyValueSpecification","valueRequired":true,"valueName":"search_term_string"}}],"inLanguage":"es"},{"@type":"Organization","@id":"https:\/\/diarioprincipios.com\/#organization","name":"Principios","url":"https:\/\/diarioprincipios.com\/","logo":{"@type":"ImageObject","inLanguage":"es","@id":"https:\/\/diarioprincipios.com\/#\/schema\/logo\/image\/","url":"https:\/\/diarioprincipios.com\/wp-content\/uploads\/2024\/04\/cropped-www.diarioprincipios.com_-1.png","contentUrl":"https:\/\/diarioprincipios.com\/wp-content\/uploads\/2024\/04\/cropped-www.diarioprincipios.com_-1.png","width":5325,"height":1454,"caption":"Principios"},"image":{"@id":"https:\/\/diarioprincipios.com\/#\/schema\/logo\/image\/"}},{"@type":"Person","@id":"https:\/\/diarioprincipios.com\/#\/schema\/person\/436d5a1fd41a5e250e23ff5a6a7cb080","name":"Hern\u00e1n L\u00f3pez","image":{"@type":"ImageObject","inLanguage":"es","@id":"https:\/\/diarioprincipios.com\/wp-content\/litespeed\/avatar\/11ddfe5610ff3bd100522525b2571f48.jpg?ver=1777048341","url":"https:\/\/diarioprincipios.com\/wp-content\/litespeed\/avatar\/11ddfe5610ff3bd100522525b2571f48.jpg?ver=1777048341","contentUrl":"https:\/\/diarioprincipios.com\/wp-content\/litespeed\/avatar\/11ddfe5610ff3bd100522525b2571f48.jpg?ver=1777048341","caption":"Hern\u00e1n L\u00f3pez"},"url":"https:\/\/diarioprincipios.com\/index.php\/author\/hernan\/"}]}},"jetpack_featured_media_url":"https:\/\/diarioprincipios.com\/wp-content\/uploads\/2022\/03\/277103685_521460959339977_4138166080981425258_n.jpg","_links":{"self":[{"href":"https:\/\/diarioprincipios.com\/index.php\/wp-json\/wp\/v2\/posts\/13124","targetHints":{"allow":["GET"]}}],"collection":[{"href":"https:\/\/diarioprincipios.com\/index.php\/wp-json\/wp\/v2\/posts"}],"about":[{"href":"https:\/\/diarioprincipios.com\/index.php\/wp-json\/wp\/v2\/types\/post"}],"author":[{"embeddable":true,"href":"https:\/\/diarioprincipios.com\/index.php\/wp-json\/wp\/v2\/users\/2"}],"replies":[{"embeddable":true,"href":"https:\/\/diarioprincipios.com\/index.php\/wp-json\/wp\/v2\/comments?post=13124"}],"version-history":[{"count":1,"href":"https:\/\/diarioprincipios.com\/index.php\/wp-json\/wp\/v2\/posts\/13124\/revisions"}],"predecessor-version":[{"id":13127,"href":"https:\/\/diarioprincipios.com\/index.php\/wp-json\/wp\/v2\/posts\/13124\/revisions\/13127"}],"wp:featuredmedia":[{"embeddable":true,"href":"https:\/\/diarioprincipios.com\/index.php\/wp-json\/wp\/v2\/media\/13126"}],"wp:attachment":[{"href":"https:\/\/diarioprincipios.com\/index.php\/wp-json\/wp\/v2\/media?parent=13124"}],"wp:term":[{"taxonomy":"category","embeddable":true,"href":"https:\/\/diarioprincipios.com\/index.php\/wp-json\/wp\/v2\/categories?post=13124"},{"taxonomy":"post_tag","embeddable":true,"href":"https:\/\/diarioprincipios.com\/index.php\/wp-json\/wp\/v2\/tags?post=13124"}],"curies":[{"name":"wp","href":"https:\/\/api.w.org\/{rel}","templated":true}]}}