{"id":13121,"date":"2022-03-22T07:43:23","date_gmt":"2022-03-22T10:43:23","guid":{"rendered":"http:\/\/diarioprincipios.com\/?p=13121"},"modified":"2022-03-22T07:43:30","modified_gmt":"2022-03-22T10:43:30","slug":"sobreviviente-de-la-noche-de-los-lapices-fue-declarado-ciudadano-ilustre-de-berazategui","status":"publish","type":"post","link":"https:\/\/diarioprincipios.com\/index.php\/2022\/03\/22\/sobreviviente-de-la-noche-de-los-lapices-fue-declarado-ciudadano-ilustre-de-berazategui\/","title":{"rendered":"Sobreviviente de \u00abLa Noche de los L\u00e1pices\u00bb fue declarado \u00abCiudadano Ilustre de Berazategui\u00bb"},"content":{"rendered":"\n<p><strong>En una jornada emotiva, Pablo D\u00edaz, uno de los cuatro sobrevivientes de la Noche de los L\u00e1pices, fue declarado Ciudadano Ilustre por el Honorable Concejo Deliberante de Berazategui a trav\u00e9s de la Ordenanza Municipal N\u00b0 5785. Sin bien se trat\u00f3 de una propuesta del Bloque Justicialista, la medida fue acompa\u00f1ada por los concejales de todos los espacios pol\u00edticos.<\/strong><\/p>\n\n\n\n<p>Durante el tratamiento del proyecto, la concejal Jennifer Noro, impulsora de la iniciativa, expres\u00f3: \u00abDesde el Concejo Deliberante declaramos a Pablo D\u00edaz como Ciudadano Ilustre de Berazategui. Y lo hacemos en v\u00edsperas de un nuevo 24 de marzo, sin dudas una de las fechas que m\u00e1s nos estremece como sociedad. Porque no fue un Proceso de Reorganizaci\u00f3n Nacional, sino el exterminio sistem\u00e1tico de una generaci\u00f3n de j\u00f3venes idealistas que quer\u00edan un pa\u00eds mejor. Y la Noche de los L\u00e1pices representa una de las m\u00e1s salvajes violaciones a los derechos humanos, porque eran estudiantes de la Escuela Secundaria\u00bb.<\/p>\n\n\n\n<p>En representaci\u00f3n de D\u00edaz, quien no pudo participar de la sesi\u00f3n por motivos personales, la copia del documento fue recibida por la responsable del Frente de Secundarios de la Juventud Peronista de Berazategui, Fernanda Ayala, de 15 a\u00f1os. &nbsp;<\/p>\n\n\n\n<p>\u201cPara nosotros es un honor poder recibir esta Ordenanza y recordar lo que fue la Noche de los L\u00e1pices, con esa lucha que protagonizaron esos estudiantes y que no solo fue el boleto estudiantil, sino tambi\u00e9n las ganas de transformar todo y de militar. Por eso, es muy importante este reconocimiento a Pablo D\u00edaz, que lleg\u00f3 gracias al apoyo del intendente Juan Jos\u00e9 Mussi, la iniciativa de la concejal Jennifer Noro y el acompa\u00f1amiento de todos los integrantes del Concejo Deliberante\u201d, indic\u00f3 la joven estudiante.<\/p>\n\n\n\n<p>Adem\u00e1s, Ayala hizo un paralelismo entre su actividad militante y el compromiso de aquellos j\u00f3venes platenses secuestrados el 16 de septiembre de 1976 por la \u00faltima dictadura c\u00edvico-militar. \u201cDesde el Frente de Secundarios de la Juventud Peronista de Berazategui encaramos una lucha estudiantil muy fuerte en los barrios, por eso nos sentimos muy identificados con Pablo y sus compa\u00f1eros. As\u00ed que los l\u00e1pices siguen y seguir\u00e1n escribiendo a trav\u00e9s de esta juventud comprometida con el pueblo\u201d, complet\u00f3 emocionada.<\/p>\n\n\n\n<p>En el marco del D\u00eda Nacional de la Memoria por la Verdad y la Justicia, este martes 22 de marzo la Municipalidad de Berazategui realizar\u00e1 una jornada conmemorativa y abierta a la comunidad, que contar\u00e1 con la participaci\u00f3n especial de D\u00edaz. El evento -organizado por la Subsecretar\u00eda de Juventudes- se desarrollar\u00e1 desde las 15.30 en el Paseo de la Memoria, ubicado en calle 101 entre Av. 7 y 10. En caso de lluvia, la actividad se trasladar\u00e1 a la Sala de Conferencias del Edificio Municipal (Av. 14 e\/ 131 y 131 A).<\/p>\n","protected":false},"excerpt":{"rendered":"<p>En una jornada emotiva, Pablo D\u00edaz, uno de los cuatro sobrevivientes de la Noche de los L\u00e1pices, fue declarado Ciudadano Ilustre por el Honorable Concejo Deliberante de Berazategui a trav\u00e9s de la Ordenanza Municipal N\u00b0 5785. Sin bien se trat\u00f3 de una propuesta del Bloque Justicialista, la medida fue acompa\u00f1ada por los concejales de todos&#8230;<\/p>\n","protected":false},"author":2,"featured_media":13122,"comment_status":"open","ping_status":"open","sticky":false,"template":"","format":"standard","meta":{"footnotes":""},"categories":[3],"tags":[],"class_list":["post-13121","post","type-post","status-publish","format-standard","has-post-thumbnail","hentry","category-berazategui"],"featured_image_src":"https:\/\/diarioprincipios.com\/wp-content\/uploads\/2022\/03\/PABLO-DIAZ-FUE-DECLARADO-CIUDADANO-ILUSTRE-DE-BERAZATEGUI-1024x683.jpg","blog_images":{"medium":"https:\/\/diarioprincipios.com\/wp-content\/uploads\/2022\/03\/PABLO-DIAZ-FUE-DECLARADO-CIUDADANO-ILUSTRE-DE-BERAZATEGUI-300x200.jpg","large":"https:\/\/diarioprincipios.com\/wp-content\/uploads\/2022\/03\/PABLO-DIAZ-FUE-DECLARADO-CIUDADANO-ILUSTRE-DE-BERAZATEGUI-1024x683.jpg"},"ams_acf":[],"yoast_head":"<!-- This site is optimized with the Yoast SEO plugin v27.3 - https:\/\/yoast.com\/product\/yoast-seo-wordpress\/ -->\n<title>Sobreviviente de &quot;La Noche de los L\u00e1pices&quot; fue declarado &quot;Ciudadano Ilustre de Berazategui&quot; - Principios<\/title>\n<meta name=\"robots\" content=\"index, follow, max-snippet:-1, max-image-preview:large, max-video-preview:-1\" \/>\n<link rel=\"canonical\" href=\"https:\/\/diarioprincipios.com\/index.php\/2022\/03\/22\/sobreviviente-de-la-noche-de-los-lapices-fue-declarado-ciudadano-ilustre-de-berazategui\/\" \/>\n<meta property=\"og:locale\" content=\"es_ES\" \/>\n<meta property=\"og:type\" content=\"article\" \/>\n<meta property=\"og:title\" content=\"Sobreviviente de &quot;La Noche de los L\u00e1pices&quot; fue declarado &quot;Ciudadano Ilustre de Berazategui&quot; - Principios\" \/>\n<meta property=\"og:description\" content=\"En una jornada emotiva, Pablo D\u00edaz, uno de los cuatro sobrevivientes de la Noche de los L\u00e1pices, fue declarado Ciudadano Ilustre por el Honorable Concejo Deliberante de Berazategui a trav\u00e9s de la Ordenanza Municipal N\u00b0 5785. Sin bien se trat\u00f3 de una propuesta del Bloque Justicialista, la medida fue acompa\u00f1ada por los concejales de todos...\" \/>\n<meta property=\"og:url\" content=\"https:\/\/diarioprincipios.com\/index.php\/2022\/03\/22\/sobreviviente-de-la-noche-de-los-lapices-fue-declarado-ciudadano-ilustre-de-berazategui\/\" \/>\n<meta property=\"og:site_name\" content=\"Principios\" \/>\n<meta property=\"article:published_time\" content=\"2022-03-22T10:43:23+00:00\" \/>\n<meta property=\"article:modified_time\" content=\"2022-03-22T10:43:30+00:00\" \/>\n<meta property=\"og:image\" content=\"https:\/\/diarioprincipios.com\/wp-content\/uploads\/2022\/03\/PABLO-DIAZ-FUE-DECLARADO-CIUDADANO-ILUSTRE-DE-BERAZATEGUI-scaled.jpg\" \/>\n\t<meta property=\"og:image:width\" content=\"2560\" \/>\n\t<meta property=\"og:image:height\" content=\"1707\" \/>\n\t<meta property=\"og:image:type\" content=\"image\/jpeg\" \/>\n<meta name=\"author\" content=\"Hern\u00e1n L\u00f3pez\" \/>\n<meta name=\"twitter:card\" content=\"summary_large_image\" \/>\n<meta name=\"twitter:label1\" content=\"Escrito por\" \/>\n\t<meta name=\"twitter:data1\" content=\"Hern\u00e1n L\u00f3pez\" \/>\n\t<meta name=\"twitter:label2\" content=\"Tiempo de lectura\" \/>\n\t<meta name=\"twitter:data2\" content=\"3 minutos\" \/>\n<script type=\"application\/ld+json\" class=\"yoast-schema-graph\">{\"@context\":\"https:\\\/\\\/schema.org\",\"@graph\":[{\"@type\":\"Article\",\"@id\":\"https:\\\/\\\/diarioprincipios.com\\\/index.php\\\/2022\\\/03\\\/22\\\/sobreviviente-de-la-noche-de-los-lapices-fue-declarado-ciudadano-ilustre-de-berazategui\\\/#article\",\"isPartOf\":{\"@id\":\"https:\\\/\\\/diarioprincipios.com\\\/index.php\\\/2022\\\/03\\\/22\\\/sobreviviente-de-la-noche-de-los-lapices-fue-declarado-ciudadano-ilustre-de-berazategui\\\/\"},\"author\":{\"name\":\"Hern\u00e1n L\u00f3pez\",\"@id\":\"https:\\\/\\\/diarioprincipios.com\\\/#\\\/schema\\\/person\\\/436d5a1fd41a5e250e23ff5a6a7cb080\"},\"headline\":\"Sobreviviente de \u00abLa Noche de los L\u00e1pices\u00bb fue declarado \u00abCiudadano Ilustre de Berazategui\u00bb\",\"datePublished\":\"2022-03-22T10:43:23+00:00\",\"dateModified\":\"2022-03-22T10:43:30+00:00\",\"mainEntityOfPage\":{\"@id\":\"https:\\\/\\\/diarioprincipios.com\\\/index.php\\\/2022\\\/03\\\/22\\\/sobreviviente-de-la-noche-de-los-lapices-fue-declarado-ciudadano-ilustre-de-berazategui\\\/\"},\"wordCount\":485,\"commentCount\":0,\"publisher\":{\"@id\":\"https:\\\/\\\/diarioprincipios.com\\\/#organization\"},\"image\":{\"@id\":\"https:\\\/\\\/diarioprincipios.com\\\/index.php\\\/2022\\\/03\\\/22\\\/sobreviviente-de-la-noche-de-los-lapices-fue-declarado-ciudadano-ilustre-de-berazategui\\\/#primaryimage\"},\"thumbnailUrl\":\"https:\\\/\\\/diarioprincipios.com\\\/wp-content\\\/uploads\\\/2022\\\/03\\\/PABLO-DIAZ-FUE-DECLARADO-CIUDADANO-ILUSTRE-DE-BERAZATEGUI-scaled.jpg\",\"articleSection\":[\"Berazategui\"],\"inLanguage\":\"es\",\"potentialAction\":[{\"@type\":\"CommentAction\",\"name\":\"Comment\",\"target\":[\"https:\\\/\\\/diarioprincipios.com\\\/index.php\\\/2022\\\/03\\\/22\\\/sobreviviente-de-la-noche-de-los-lapices-fue-declarado-ciudadano-ilustre-de-berazategui\\\/#respond\"]}]},{\"@type\":\"WebPage\",\"@id\":\"https:\\\/\\\/diarioprincipios.com\\\/index.php\\\/2022\\\/03\\\/22\\\/sobreviviente-de-la-noche-de-los-lapices-fue-declarado-ciudadano-ilustre-de-berazategui\\\/\",\"url\":\"https:\\\/\\\/diarioprincipios.com\\\/index.php\\\/2022\\\/03\\\/22\\\/sobreviviente-de-la-noche-de-los-lapices-fue-declarado-ciudadano-ilustre-de-berazategui\\\/\",\"name\":\"Sobreviviente de \\\"La Noche de los L\u00e1pices\\\" fue declarado \\\"Ciudadano Ilustre de Berazategui\\\" - Principios\",\"isPartOf\":{\"@id\":\"https:\\\/\\\/diarioprincipios.com\\\/#website\"},\"primaryImageOfPage\":{\"@id\":\"https:\\\/\\\/diarioprincipios.com\\\/index.php\\\/2022\\\/03\\\/22\\\/sobreviviente-de-la-noche-de-los-lapices-fue-declarado-ciudadano-ilustre-de-berazategui\\\/#primaryimage\"},\"image\":{\"@id\":\"https:\\\/\\\/diarioprincipios.com\\\/index.php\\\/2022\\\/03\\\/22\\\/sobreviviente-de-la-noche-de-los-lapices-fue-declarado-ciudadano-ilustre-de-berazategui\\\/#primaryimage\"},\"thumbnailUrl\":\"https:\\\/\\\/diarioprincipios.com\\\/wp-content\\\/uploads\\\/2022\\\/03\\\/PABLO-DIAZ-FUE-DECLARADO-CIUDADANO-ILUSTRE-DE-BERAZATEGUI-scaled.jpg\",\"datePublished\":\"2022-03-22T10:43:23+00:00\",\"dateModified\":\"2022-03-22T10:43:30+00:00\",\"breadcrumb\":{\"@id\":\"https:\\\/\\\/diarioprincipios.com\\\/index.php\\\/2022\\\/03\\\/22\\\/sobreviviente-de-la-noche-de-los-lapices-fue-declarado-ciudadano-ilustre-de-berazategui\\\/#breadcrumb\"},\"inLanguage\":\"es\",\"potentialAction\":[{\"@type\":\"ReadAction\",\"target\":[\"https:\\\/\\\/diarioprincipios.com\\\/index.php\\\/2022\\\/03\\\/22\\\/sobreviviente-de-la-noche-de-los-lapices-fue-declarado-ciudadano-ilustre-de-berazategui\\\/\"]}]},{\"@type\":\"ImageObject\",\"inLanguage\":\"es\",\"@id\":\"https:\\\/\\\/diarioprincipios.com\\\/index.php\\\/2022\\\/03\\\/22\\\/sobreviviente-de-la-noche-de-los-lapices-fue-declarado-ciudadano-ilustre-de-berazategui\\\/#primaryimage\",\"url\":\"https:\\\/\\\/diarioprincipios.com\\\/wp-content\\\/uploads\\\/2022\\\/03\\\/PABLO-DIAZ-FUE-DECLARADO-CIUDADANO-ILUSTRE-DE-BERAZATEGUI-scaled.jpg\",\"contentUrl\":\"https:\\\/\\\/diarioprincipios.com\\\/wp-content\\\/uploads\\\/2022\\\/03\\\/PABLO-DIAZ-FUE-DECLARADO-CIUDADANO-ILUSTRE-DE-BERAZATEGUI-scaled.jpg\",\"width\":2560,\"height\":1707},{\"@type\":\"BreadcrumbList\",\"@id\":\"https:\\\/\\\/diarioprincipios.com\\\/index.php\\\/2022\\\/03\\\/22\\\/sobreviviente-de-la-noche-de-los-lapices-fue-declarado-ciudadano-ilustre-de-berazategui\\\/#breadcrumb\",\"itemListElement\":[{\"@type\":\"ListItem\",\"position\":1,\"name\":\"Portada\",\"item\":\"https:\\\/\\\/diarioprincipios.com\\\/\"},{\"@type\":\"ListItem\",\"position\":2,\"name\":\"Sobreviviente de \u00abLa Noche de los L\u00e1pices\u00bb fue declarado \u00abCiudadano Ilustre de Berazategui\u00bb\"}]},{\"@type\":\"WebSite\",\"@id\":\"https:\\\/\\\/diarioprincipios.com\\\/#website\",\"url\":\"https:\\\/\\\/diarioprincipios.com\\\/\",\"name\":\"Principios\",\"description\":\"Principios Diario\",\"publisher\":{\"@id\":\"https:\\\/\\\/diarioprincipios.com\\\/#organization\"},\"potentialAction\":[{\"@type\":\"SearchAction\",\"target\":{\"@type\":\"EntryPoint\",\"urlTemplate\":\"https:\\\/\\\/diarioprincipios.com\\\/?s={search_term_string}\"},\"query-input\":{\"@type\":\"PropertyValueSpecification\",\"valueRequired\":true,\"valueName\":\"search_term_string\"}}],\"inLanguage\":\"es\"},{\"@type\":\"Organization\",\"@id\":\"https:\\\/\\\/diarioprincipios.com\\\/#organization\",\"name\":\"Principios\",\"url\":\"https:\\\/\\\/diarioprincipios.com\\\/\",\"logo\":{\"@type\":\"ImageObject\",\"inLanguage\":\"es\",\"@id\":\"https:\\\/\\\/diarioprincipios.com\\\/#\\\/schema\\\/logo\\\/image\\\/\",\"url\":\"https:\\\/\\\/diarioprincipios.com\\\/wp-content\\\/uploads\\\/2024\\\/04\\\/cropped-www.diarioprincipios.com_-1.png\",\"contentUrl\":\"https:\\\/\\\/diarioprincipios.com\\\/wp-content\\\/uploads\\\/2024\\\/04\\\/cropped-www.diarioprincipios.com_-1.png\",\"width\":5325,\"height\":1454,\"caption\":\"Principios\"},\"image\":{\"@id\":\"https:\\\/\\\/diarioprincipios.com\\\/#\\\/schema\\\/logo\\\/image\\\/\"}},{\"@type\":\"Person\",\"@id\":\"https:\\\/\\\/diarioprincipios.com\\\/#\\\/schema\\\/person\\\/436d5a1fd41a5e250e23ff5a6a7cb080\",\"name\":\"Hern\u00e1n L\u00f3pez\",\"image\":{\"@type\":\"ImageObject\",\"inLanguage\":\"es\",\"@id\":\"https:\\\/\\\/diarioprincipios.com\\\/wp-content\\\/litespeed\\\/avatar\\\/11ddfe5610ff3bd100522525b2571f48.jpg?ver=1777048341\",\"url\":\"https:\\\/\\\/diarioprincipios.com\\\/wp-content\\\/litespeed\\\/avatar\\\/11ddfe5610ff3bd100522525b2571f48.jpg?ver=1777048341\",\"contentUrl\":\"https:\\\/\\\/diarioprincipios.com\\\/wp-content\\\/litespeed\\\/avatar\\\/11ddfe5610ff3bd100522525b2571f48.jpg?ver=1777048341\",\"caption\":\"Hern\u00e1n L\u00f3pez\"},\"url\":\"https:\\\/\\\/diarioprincipios.com\\\/index.php\\\/author\\\/hernan\\\/\"}]}<\/script>\n<!-- \/ Yoast SEO plugin. -->","yoast_head_json":{"title":"Sobreviviente de \"La Noche de los L\u00e1pices\" fue declarado \"Ciudadano Ilustre de Berazategui\" - Principios","robots":{"index":"index","follow":"follow","max-snippet":"max-snippet:-1","max-image-preview":"max-image-preview:large","max-video-preview":"max-video-preview:-1"},"canonical":"https:\/\/diarioprincipios.com\/index.php\/2022\/03\/22\/sobreviviente-de-la-noche-de-los-lapices-fue-declarado-ciudadano-ilustre-de-berazategui\/","og_locale":"es_ES","og_type":"article","og_title":"Sobreviviente de \"La Noche de los L\u00e1pices\" fue declarado \"Ciudadano Ilustre de Berazategui\" - Principios","og_description":"En una jornada emotiva, Pablo D\u00edaz, uno de los cuatro sobrevivientes de la Noche de los L\u00e1pices, fue declarado Ciudadano Ilustre por el Honorable Concejo Deliberante de Berazategui a trav\u00e9s de la Ordenanza Municipal N\u00b0 5785. Sin bien se trat\u00f3 de una propuesta del Bloque Justicialista, la medida fue acompa\u00f1ada por los concejales de todos...","og_url":"https:\/\/diarioprincipios.com\/index.php\/2022\/03\/22\/sobreviviente-de-la-noche-de-los-lapices-fue-declarado-ciudadano-ilustre-de-berazategui\/","og_site_name":"Principios","article_published_time":"2022-03-22T10:43:23+00:00","article_modified_time":"2022-03-22T10:43:30+00:00","og_image":[{"width":2560,"height":1707,"url":"https:\/\/diarioprincipios.com\/wp-content\/uploads\/2022\/03\/PABLO-DIAZ-FUE-DECLARADO-CIUDADANO-ILUSTRE-DE-BERAZATEGUI-scaled.jpg","type":"image\/jpeg"}],"author":"Hern\u00e1n L\u00f3pez","twitter_card":"summary_large_image","twitter_misc":{"Escrito por":"Hern\u00e1n L\u00f3pez","Tiempo de lectura":"3 minutos"},"schema":{"@context":"https:\/\/schema.org","@graph":[{"@type":"Article","@id":"https:\/\/diarioprincipios.com\/index.php\/2022\/03\/22\/sobreviviente-de-la-noche-de-los-lapices-fue-declarado-ciudadano-ilustre-de-berazategui\/#article","isPartOf":{"@id":"https:\/\/diarioprincipios.com\/index.php\/2022\/03\/22\/sobreviviente-de-la-noche-de-los-lapices-fue-declarado-ciudadano-ilustre-de-berazategui\/"},"author":{"name":"Hern\u00e1n L\u00f3pez","@id":"https:\/\/diarioprincipios.com\/#\/schema\/person\/436d5a1fd41a5e250e23ff5a6a7cb080"},"headline":"Sobreviviente de \u00abLa Noche de los L\u00e1pices\u00bb fue declarado \u00abCiudadano Ilustre de Berazategui\u00bb","datePublished":"2022-03-22T10:43:23+00:00","dateModified":"2022-03-22T10:43:30+00:00","mainEntityOfPage":{"@id":"https:\/\/diarioprincipios.com\/index.php\/2022\/03\/22\/sobreviviente-de-la-noche-de-los-lapices-fue-declarado-ciudadano-ilustre-de-berazategui\/"},"wordCount":485,"commentCount":0,"publisher":{"@id":"https:\/\/diarioprincipios.com\/#organization"},"image":{"@id":"https:\/\/diarioprincipios.com\/index.php\/2022\/03\/22\/sobreviviente-de-la-noche-de-los-lapices-fue-declarado-ciudadano-ilustre-de-berazategui\/#primaryimage"},"thumbnailUrl":"https:\/\/diarioprincipios.com\/wp-content\/uploads\/2022\/03\/PABLO-DIAZ-FUE-DECLARADO-CIUDADANO-ILUSTRE-DE-BERAZATEGUI-scaled.jpg","articleSection":["Berazategui"],"inLanguage":"es","potentialAction":[{"@type":"CommentAction","name":"Comment","target":["https:\/\/diarioprincipios.com\/index.php\/2022\/03\/22\/sobreviviente-de-la-noche-de-los-lapices-fue-declarado-ciudadano-ilustre-de-berazategui\/#respond"]}]},{"@type":"WebPage","@id":"https:\/\/diarioprincipios.com\/index.php\/2022\/03\/22\/sobreviviente-de-la-noche-de-los-lapices-fue-declarado-ciudadano-ilustre-de-berazategui\/","url":"https:\/\/diarioprincipios.com\/index.php\/2022\/03\/22\/sobreviviente-de-la-noche-de-los-lapices-fue-declarado-ciudadano-ilustre-de-berazategui\/","name":"Sobreviviente de \"La Noche de los L\u00e1pices\" fue declarado \"Ciudadano Ilustre de Berazategui\" - Principios","isPartOf":{"@id":"https:\/\/diarioprincipios.com\/#website"},"primaryImageOfPage":{"@id":"https:\/\/diarioprincipios.com\/index.php\/2022\/03\/22\/sobreviviente-de-la-noche-de-los-lapices-fue-declarado-ciudadano-ilustre-de-berazategui\/#primaryimage"},"image":{"@id":"https:\/\/diarioprincipios.com\/index.php\/2022\/03\/22\/sobreviviente-de-la-noche-de-los-lapices-fue-declarado-ciudadano-ilustre-de-berazategui\/#primaryimage"},"thumbnailUrl":"https:\/\/diarioprincipios.com\/wp-content\/uploads\/2022\/03\/PABLO-DIAZ-FUE-DECLARADO-CIUDADANO-ILUSTRE-DE-BERAZATEGUI-scaled.jpg","datePublished":"2022-03-22T10:43:23+00:00","dateModified":"2022-03-22T10:43:30+00:00","breadcrumb":{"@id":"https:\/\/diarioprincipios.com\/index.php\/2022\/03\/22\/sobreviviente-de-la-noche-de-los-lapices-fue-declarado-ciudadano-ilustre-de-berazategui\/#breadcrumb"},"inLanguage":"es","potentialAction":[{"@type":"ReadAction","target":["https:\/\/diarioprincipios.com\/index.php\/2022\/03\/22\/sobreviviente-de-la-noche-de-los-lapices-fue-declarado-ciudadano-ilustre-de-berazategui\/"]}]},{"@type":"ImageObject","inLanguage":"es","@id":"https:\/\/diarioprincipios.com\/index.php\/2022\/03\/22\/sobreviviente-de-la-noche-de-los-lapices-fue-declarado-ciudadano-ilustre-de-berazategui\/#primaryimage","url":"https:\/\/diarioprincipios.com\/wp-content\/uploads\/2022\/03\/PABLO-DIAZ-FUE-DECLARADO-CIUDADANO-ILUSTRE-DE-BERAZATEGUI-scaled.jpg","contentUrl":"https:\/\/diarioprincipios.com\/wp-content\/uploads\/2022\/03\/PABLO-DIAZ-FUE-DECLARADO-CIUDADANO-ILUSTRE-DE-BERAZATEGUI-scaled.jpg","width":2560,"height":1707},{"@type":"BreadcrumbList","@id":"https:\/\/diarioprincipios.com\/index.php\/2022\/03\/22\/sobreviviente-de-la-noche-de-los-lapices-fue-declarado-ciudadano-ilustre-de-berazategui\/#breadcrumb","itemListElement":[{"@type":"ListItem","position":1,"name":"Portada","item":"https:\/\/diarioprincipios.com\/"},{"@type":"ListItem","position":2,"name":"Sobreviviente de \u00abLa Noche de los L\u00e1pices\u00bb fue declarado \u00abCiudadano Ilustre de Berazategui\u00bb"}]},{"@type":"WebSite","@id":"https:\/\/diarioprincipios.com\/#website","url":"https:\/\/diarioprincipios.com\/","name":"Principios","description":"Principios Diario","publisher":{"@id":"https:\/\/diarioprincipios.com\/#organization"},"potentialAction":[{"@type":"SearchAction","target":{"@type":"EntryPoint","urlTemplate":"https:\/\/diarioprincipios.com\/?s={search_term_string}"},"query-input":{"@type":"PropertyValueSpecification","valueRequired":true,"valueName":"search_term_string"}}],"inLanguage":"es"},{"@type":"Organization","@id":"https:\/\/diarioprincipios.com\/#organization","name":"Principios","url":"https:\/\/diarioprincipios.com\/","logo":{"@type":"ImageObject","inLanguage":"es","@id":"https:\/\/diarioprincipios.com\/#\/schema\/logo\/image\/","url":"https:\/\/diarioprincipios.com\/wp-content\/uploads\/2024\/04\/cropped-www.diarioprincipios.com_-1.png","contentUrl":"https:\/\/diarioprincipios.com\/wp-content\/uploads\/2024\/04\/cropped-www.diarioprincipios.com_-1.png","width":5325,"height":1454,"caption":"Principios"},"image":{"@id":"https:\/\/diarioprincipios.com\/#\/schema\/logo\/image\/"}},{"@type":"Person","@id":"https:\/\/diarioprincipios.com\/#\/schema\/person\/436d5a1fd41a5e250e23ff5a6a7cb080","name":"Hern\u00e1n L\u00f3pez","image":{"@type":"ImageObject","inLanguage":"es","@id":"https:\/\/diarioprincipios.com\/wp-content\/litespeed\/avatar\/11ddfe5610ff3bd100522525b2571f48.jpg?ver=1777048341","url":"https:\/\/diarioprincipios.com\/wp-content\/litespeed\/avatar\/11ddfe5610ff3bd100522525b2571f48.jpg?ver=1777048341","contentUrl":"https:\/\/diarioprincipios.com\/wp-content\/litespeed\/avatar\/11ddfe5610ff3bd100522525b2571f48.jpg?ver=1777048341","caption":"Hern\u00e1n L\u00f3pez"},"url":"https:\/\/diarioprincipios.com\/index.php\/author\/hernan\/"}]}},"jetpack_featured_media_url":"https:\/\/diarioprincipios.com\/wp-content\/uploads\/2022\/03\/PABLO-DIAZ-FUE-DECLARADO-CIUDADANO-ILUSTRE-DE-BERAZATEGUI-scaled.jpg","_links":{"self":[{"href":"https:\/\/diarioprincipios.com\/index.php\/wp-json\/wp\/v2\/posts\/13121","targetHints":{"allow":["GET"]}}],"collection":[{"href":"https:\/\/diarioprincipios.com\/index.php\/wp-json\/wp\/v2\/posts"}],"about":[{"href":"https:\/\/diarioprincipios.com\/index.php\/wp-json\/wp\/v2\/types\/post"}],"author":[{"embeddable":true,"href":"https:\/\/diarioprincipios.com\/index.php\/wp-json\/wp\/v2\/users\/2"}],"replies":[{"embeddable":true,"href":"https:\/\/diarioprincipios.com\/index.php\/wp-json\/wp\/v2\/comments?post=13121"}],"version-history":[{"count":1,"href":"https:\/\/diarioprincipios.com\/index.php\/wp-json\/wp\/v2\/posts\/13121\/revisions"}],"predecessor-version":[{"id":13123,"href":"https:\/\/diarioprincipios.com\/index.php\/wp-json\/wp\/v2\/posts\/13121\/revisions\/13123"}],"wp:featuredmedia":[{"embeddable":true,"href":"https:\/\/diarioprincipios.com\/index.php\/wp-json\/wp\/v2\/media\/13122"}],"wp:attachment":[{"href":"https:\/\/diarioprincipios.com\/index.php\/wp-json\/wp\/v2\/media?parent=13121"}],"wp:term":[{"taxonomy":"category","embeddable":true,"href":"https:\/\/diarioprincipios.com\/index.php\/wp-json\/wp\/v2\/categories?post=13121"},{"taxonomy":"post_tag","embeddable":true,"href":"https:\/\/diarioprincipios.com\/index.php\/wp-json\/wp\/v2\/tags?post=13121"}],"curies":[{"name":"wp","href":"https:\/\/api.w.org\/{rel}","templated":true}]}}