{"id":13117,"date":"2022-03-22T07:35:19","date_gmt":"2022-03-22T10:35:19","guid":{"rendered":"http:\/\/diarioprincipios.com\/?p=13117"},"modified":"2022-03-22T07:35:22","modified_gmt":"2022-03-22T10:35:22","slug":"instalaron-una-nueva-cabina-del-banco-provincia-en-berazategui","status":"publish","type":"post","link":"https:\/\/diarioprincipios.com\/index.php\/2022\/03\/22\/instalaron-una-nueva-cabina-del-banco-provincia-en-berazategui\/","title":{"rendered":"Instalaron una nueva cabina del Banco Provincia en Berazategui"},"content":{"rendered":"\n<p><strong>Con el objetivo de evitar que los vecinos y vecinas de la zona deban movilizarse largas distancias para extraer dinero, se puso en funcionamiento una nueva cabina modular del Banco Provincia en la Rotonda de Barrio Mar\u00edtimo. Estuvieron presentes el intendente Juan Jos\u00e9 Mussi y el titular de la entidad bancaria bonaerense, Juan Cuattromo. La flamante instalaci\u00f3n se encuentra en calle 133 entre 52 B y 53, sum\u00e1ndose as\u00ed a las otras 42 que funcionan en todo el distrito.<\/strong><br>\u00a0<br>\u201cLa puesta en funcionamiento de esta cabina significa facilitarles a los vecinos el acceso a un Banco p\u00fablico, que puedan realizar sus actividades bancarias cerca de sus hogares y en un espacio moderno. Esta es una zona muy populosa, con much\u00edsimos habitantes y de ah\u00ed la sensibilidad del gobernador de la provincia de Buenos Aires, Axel Kicillof; y del presidente del Banco Provincia, as\u00ed que estamos muy agradecidos\u201d, manifest\u00f3 Mussi.<\/p>\n\n\n\n<figure class=\"wp-block-image size-large\"><img loading=\"lazy\" decoding=\"async\" width=\"1024\" height=\"683\" src=\"https:\/\/diarioprincipios.com\/wp-content\/uploads\/2022\/03\/SE-INSTALO-UNA-NUEVA-CABINA-DEL-BANCO-PROVINCIA-EN-BERAZATEGUI-1-1024x683.jpg\" alt=\"\" class=\"wp-image-13118\" srcset=\"https:\/\/diarioprincipios.com\/wp-content\/uploads\/2022\/03\/SE-INSTALO-UNA-NUEVA-CABINA-DEL-BANCO-PROVINCIA-EN-BERAZATEGUI-1-1024x683.jpg 1024w, https:\/\/diarioprincipios.com\/wp-content\/uploads\/2022\/03\/SE-INSTALO-UNA-NUEVA-CABINA-DEL-BANCO-PROVINCIA-EN-BERAZATEGUI-1-300x200.jpg 300w, https:\/\/diarioprincipios.com\/wp-content\/uploads\/2022\/03\/SE-INSTALO-UNA-NUEVA-CABINA-DEL-BANCO-PROVINCIA-EN-BERAZATEGUI-1-768x512.jpg 768w, https:\/\/diarioprincipios.com\/wp-content\/uploads\/2022\/03\/SE-INSTALO-UNA-NUEVA-CABINA-DEL-BANCO-PROVINCIA-EN-BERAZATEGUI-1-1536x1024.jpg 1536w, https:\/\/diarioprincipios.com\/wp-content\/uploads\/2022\/03\/SE-INSTALO-UNA-NUEVA-CABINA-DEL-BANCO-PROVINCIA-EN-BERAZATEGUI-1.jpg 1920w\" sizes=\"auto, (max-width: 1024px) 100vw, 1024px\" \/><\/figure>\n\n\n\n<p>Cuattromo, en tanto, indic\u00f3: \u201cEn dos a\u00f1os instalamos 84 cajeros autom\u00e1ticos en barrios y localidades que no contaban con este servicio\u201d. Y explic\u00f3 que \u201cde cara a su bicentenario y a partir de la decisi\u00f3n pol\u00edtica del gobernador Axel Kicillof, el Banco Provincia fortaleci\u00f3 su rol de banca de cercan\u00eda\u00bb; y que \u00abla banca p\u00fablica bonaerense est\u00e1 presente en toda la Provincia y en 123 localidades es la \u00fanica entidad financiera presente\u201d.<br>\u00a0<br>Entre otras autoridades municipales, acompa\u00f1aron al Jefe comunal, la titular de la Secretar\u00eda Privada municipal, Mar\u00eda Del Carmen Flores; la secretaria de Desarrollo Social y Comunitario, Mar\u00eda Laura Lacava; y la subsecretaria de Juventudes, Jennifer Noro.<\/p>\n","protected":false},"excerpt":{"rendered":"<p>Con el objetivo de evitar que los vecinos y vecinas de la zona deban movilizarse largas distancias para extraer dinero, se puso en funcionamiento una nueva cabina modular del Banco Provincia en la Rotonda de Barrio Mar\u00edtimo. Estuvieron presentes el intendente Juan Jos\u00e9 Mussi y el titular de la entidad bancaria bonaerense, Juan Cuattromo. La&#8230;<\/p>\n","protected":false},"author":2,"featured_media":13119,"comment_status":"open","ping_status":"open","sticky":false,"template":"","format":"standard","meta":{"footnotes":""},"categories":[3],"tags":[],"class_list":["post-13117","post","type-post","status-publish","format-standard","has-post-thumbnail","hentry","category-berazategui"],"featured_image_src":"https:\/\/diarioprincipios.com\/wp-content\/uploads\/2022\/03\/SE-INSTALO-UNA-NUEVA-CABINA-DEL-BANCO-PROVINCIA-EN-BERAZATEGUI-2-1024x683.jpg","blog_images":{"medium":"https:\/\/diarioprincipios.com\/wp-content\/uploads\/2022\/03\/SE-INSTALO-UNA-NUEVA-CABINA-DEL-BANCO-PROVINCIA-EN-BERAZATEGUI-2-300x200.jpg","large":"https:\/\/diarioprincipios.com\/wp-content\/uploads\/2022\/03\/SE-INSTALO-UNA-NUEVA-CABINA-DEL-BANCO-PROVINCIA-EN-BERAZATEGUI-2-1024x683.jpg"},"ams_acf":[],"yoast_head":"<!-- This site is optimized with the Yoast SEO plugin v27.3 - https:\/\/yoast.com\/product\/yoast-seo-wordpress\/ -->\n<title>Instalaron una nueva cabina del Banco Provincia en Berazategui - Principios<\/title>\n<meta name=\"robots\" content=\"index, follow, max-snippet:-1, max-image-preview:large, max-video-preview:-1\" \/>\n<link rel=\"canonical\" href=\"https:\/\/diarioprincipios.com\/index.php\/2022\/03\/22\/instalaron-una-nueva-cabina-del-banco-provincia-en-berazategui\/\" \/>\n<meta property=\"og:locale\" content=\"es_ES\" \/>\n<meta property=\"og:type\" content=\"article\" \/>\n<meta property=\"og:title\" content=\"Instalaron una nueva cabina del Banco Provincia en Berazategui - Principios\" \/>\n<meta property=\"og:description\" content=\"Con el objetivo de evitar que los vecinos y vecinas de la zona deban movilizarse largas distancias para extraer dinero, se puso en funcionamiento una nueva cabina modular del Banco Provincia en la Rotonda de Barrio Mar\u00edtimo. Estuvieron presentes el intendente Juan Jos\u00e9 Mussi y el titular de la entidad bancaria bonaerense, Juan Cuattromo. La...\" \/>\n<meta property=\"og:url\" content=\"https:\/\/diarioprincipios.com\/index.php\/2022\/03\/22\/instalaron-una-nueva-cabina-del-banco-provincia-en-berazategui\/\" \/>\n<meta property=\"og:site_name\" content=\"Principios\" \/>\n<meta property=\"article:published_time\" content=\"2022-03-22T10:35:19+00:00\" \/>\n<meta property=\"article:modified_time\" content=\"2022-03-22T10:35:22+00:00\" \/>\n<meta property=\"og:image\" content=\"https:\/\/diarioprincipios.com\/wp-content\/uploads\/2022\/03\/SE-INSTALO-UNA-NUEVA-CABINA-DEL-BANCO-PROVINCIA-EN-BERAZATEGUI-2.jpg\" \/>\n\t<meta property=\"og:image:width\" content=\"1920\" \/>\n\t<meta property=\"og:image:height\" content=\"1280\" \/>\n\t<meta property=\"og:image:type\" content=\"image\/jpeg\" \/>\n<meta name=\"author\" content=\"Hern\u00e1n L\u00f3pez\" \/>\n<meta name=\"twitter:card\" content=\"summary_large_image\" \/>\n<meta name=\"twitter:label1\" content=\"Escrito por\" \/>\n\t<meta name=\"twitter:data1\" content=\"Hern\u00e1n L\u00f3pez\" \/>\n\t<meta name=\"twitter:label2\" content=\"Tiempo de lectura\" \/>\n\t<meta name=\"twitter:data2\" content=\"2 minutos\" \/>\n<script type=\"application\/ld+json\" class=\"yoast-schema-graph\">{\"@context\":\"https:\\\/\\\/schema.org\",\"@graph\":[{\"@type\":\"Article\",\"@id\":\"https:\\\/\\\/diarioprincipios.com\\\/index.php\\\/2022\\\/03\\\/22\\\/instalaron-una-nueva-cabina-del-banco-provincia-en-berazategui\\\/#article\",\"isPartOf\":{\"@id\":\"https:\\\/\\\/diarioprincipios.com\\\/index.php\\\/2022\\\/03\\\/22\\\/instalaron-una-nueva-cabina-del-banco-provincia-en-berazategui\\\/\"},\"author\":{\"name\":\"Hern\u00e1n L\u00f3pez\",\"@id\":\"https:\\\/\\\/diarioprincipios.com\\\/#\\\/schema\\\/person\\\/436d5a1fd41a5e250e23ff5a6a7cb080\"},\"headline\":\"Instalaron una nueva cabina del Banco Provincia en Berazategui\",\"datePublished\":\"2022-03-22T10:35:19+00:00\",\"dateModified\":\"2022-03-22T10:35:22+00:00\",\"mainEntityOfPage\":{\"@id\":\"https:\\\/\\\/diarioprincipios.com\\\/index.php\\\/2022\\\/03\\\/22\\\/instalaron-una-nueva-cabina-del-banco-provincia-en-berazategui\\\/\"},\"wordCount\":275,\"commentCount\":0,\"publisher\":{\"@id\":\"https:\\\/\\\/diarioprincipios.com\\\/#organization\"},\"image\":{\"@id\":\"https:\\\/\\\/diarioprincipios.com\\\/index.php\\\/2022\\\/03\\\/22\\\/instalaron-una-nueva-cabina-del-banco-provincia-en-berazategui\\\/#primaryimage\"},\"thumbnailUrl\":\"https:\\\/\\\/diarioprincipios.com\\\/wp-content\\\/uploads\\\/2022\\\/03\\\/SE-INSTALO-UNA-NUEVA-CABINA-DEL-BANCO-PROVINCIA-EN-BERAZATEGUI-2.jpg\",\"articleSection\":[\"Berazategui\"],\"inLanguage\":\"es\",\"potentialAction\":[{\"@type\":\"CommentAction\",\"name\":\"Comment\",\"target\":[\"https:\\\/\\\/diarioprincipios.com\\\/index.php\\\/2022\\\/03\\\/22\\\/instalaron-una-nueva-cabina-del-banco-provincia-en-berazategui\\\/#respond\"]}]},{\"@type\":\"WebPage\",\"@id\":\"https:\\\/\\\/diarioprincipios.com\\\/index.php\\\/2022\\\/03\\\/22\\\/instalaron-una-nueva-cabina-del-banco-provincia-en-berazategui\\\/\",\"url\":\"https:\\\/\\\/diarioprincipios.com\\\/index.php\\\/2022\\\/03\\\/22\\\/instalaron-una-nueva-cabina-del-banco-provincia-en-berazategui\\\/\",\"name\":\"Instalaron una nueva cabina del Banco Provincia en Berazategui - Principios\",\"isPartOf\":{\"@id\":\"https:\\\/\\\/diarioprincipios.com\\\/#website\"},\"primaryImageOfPage\":{\"@id\":\"https:\\\/\\\/diarioprincipios.com\\\/index.php\\\/2022\\\/03\\\/22\\\/instalaron-una-nueva-cabina-del-banco-provincia-en-berazategui\\\/#primaryimage\"},\"image\":{\"@id\":\"https:\\\/\\\/diarioprincipios.com\\\/index.php\\\/2022\\\/03\\\/22\\\/instalaron-una-nueva-cabina-del-banco-provincia-en-berazategui\\\/#primaryimage\"},\"thumbnailUrl\":\"https:\\\/\\\/diarioprincipios.com\\\/wp-content\\\/uploads\\\/2022\\\/03\\\/SE-INSTALO-UNA-NUEVA-CABINA-DEL-BANCO-PROVINCIA-EN-BERAZATEGUI-2.jpg\",\"datePublished\":\"2022-03-22T10:35:19+00:00\",\"dateModified\":\"2022-03-22T10:35:22+00:00\",\"breadcrumb\":{\"@id\":\"https:\\\/\\\/diarioprincipios.com\\\/index.php\\\/2022\\\/03\\\/22\\\/instalaron-una-nueva-cabina-del-banco-provincia-en-berazategui\\\/#breadcrumb\"},\"inLanguage\":\"es\",\"potentialAction\":[{\"@type\":\"ReadAction\",\"target\":[\"https:\\\/\\\/diarioprincipios.com\\\/index.php\\\/2022\\\/03\\\/22\\\/instalaron-una-nueva-cabina-del-banco-provincia-en-berazategui\\\/\"]}]},{\"@type\":\"ImageObject\",\"inLanguage\":\"es\",\"@id\":\"https:\\\/\\\/diarioprincipios.com\\\/index.php\\\/2022\\\/03\\\/22\\\/instalaron-una-nueva-cabina-del-banco-provincia-en-berazategui\\\/#primaryimage\",\"url\":\"https:\\\/\\\/diarioprincipios.com\\\/wp-content\\\/uploads\\\/2022\\\/03\\\/SE-INSTALO-UNA-NUEVA-CABINA-DEL-BANCO-PROVINCIA-EN-BERAZATEGUI-2.jpg\",\"contentUrl\":\"https:\\\/\\\/diarioprincipios.com\\\/wp-content\\\/uploads\\\/2022\\\/03\\\/SE-INSTALO-UNA-NUEVA-CABINA-DEL-BANCO-PROVINCIA-EN-BERAZATEGUI-2.jpg\",\"width\":1920,\"height\":1280},{\"@type\":\"BreadcrumbList\",\"@id\":\"https:\\\/\\\/diarioprincipios.com\\\/index.php\\\/2022\\\/03\\\/22\\\/instalaron-una-nueva-cabina-del-banco-provincia-en-berazategui\\\/#breadcrumb\",\"itemListElement\":[{\"@type\":\"ListItem\",\"position\":1,\"name\":\"Portada\",\"item\":\"https:\\\/\\\/diarioprincipios.com\\\/\"},{\"@type\":\"ListItem\",\"position\":2,\"name\":\"Instalaron una nueva cabina del Banco Provincia en Berazategui\"}]},{\"@type\":\"WebSite\",\"@id\":\"https:\\\/\\\/diarioprincipios.com\\\/#website\",\"url\":\"https:\\\/\\\/diarioprincipios.com\\\/\",\"name\":\"Principios\",\"description\":\"Principios Diario\",\"publisher\":{\"@id\":\"https:\\\/\\\/diarioprincipios.com\\\/#organization\"},\"potentialAction\":[{\"@type\":\"SearchAction\",\"target\":{\"@type\":\"EntryPoint\",\"urlTemplate\":\"https:\\\/\\\/diarioprincipios.com\\\/?s={search_term_string}\"},\"query-input\":{\"@type\":\"PropertyValueSpecification\",\"valueRequired\":true,\"valueName\":\"search_term_string\"}}],\"inLanguage\":\"es\"},{\"@type\":\"Organization\",\"@id\":\"https:\\\/\\\/diarioprincipios.com\\\/#organization\",\"name\":\"Principios\",\"url\":\"https:\\\/\\\/diarioprincipios.com\\\/\",\"logo\":{\"@type\":\"ImageObject\",\"inLanguage\":\"es\",\"@id\":\"https:\\\/\\\/diarioprincipios.com\\\/#\\\/schema\\\/logo\\\/image\\\/\",\"url\":\"https:\\\/\\\/diarioprincipios.com\\\/wp-content\\\/uploads\\\/2024\\\/04\\\/cropped-www.diarioprincipios.com_-1.png\",\"contentUrl\":\"https:\\\/\\\/diarioprincipios.com\\\/wp-content\\\/uploads\\\/2024\\\/04\\\/cropped-www.diarioprincipios.com_-1.png\",\"width\":5325,\"height\":1454,\"caption\":\"Principios\"},\"image\":{\"@id\":\"https:\\\/\\\/diarioprincipios.com\\\/#\\\/schema\\\/logo\\\/image\\\/\"}},{\"@type\":\"Person\",\"@id\":\"https:\\\/\\\/diarioprincipios.com\\\/#\\\/schema\\\/person\\\/436d5a1fd41a5e250e23ff5a6a7cb080\",\"name\":\"Hern\u00e1n L\u00f3pez\",\"image\":{\"@type\":\"ImageObject\",\"inLanguage\":\"es\",\"@id\":\"https:\\\/\\\/diarioprincipios.com\\\/wp-content\\\/litespeed\\\/avatar\\\/11ddfe5610ff3bd100522525b2571f48.jpg?ver=1777048341\",\"url\":\"https:\\\/\\\/diarioprincipios.com\\\/wp-content\\\/litespeed\\\/avatar\\\/11ddfe5610ff3bd100522525b2571f48.jpg?ver=1777048341\",\"contentUrl\":\"https:\\\/\\\/diarioprincipios.com\\\/wp-content\\\/litespeed\\\/avatar\\\/11ddfe5610ff3bd100522525b2571f48.jpg?ver=1777048341\",\"caption\":\"Hern\u00e1n L\u00f3pez\"},\"url\":\"https:\\\/\\\/diarioprincipios.com\\\/index.php\\\/author\\\/hernan\\\/\"}]}<\/script>\n<!-- \/ Yoast SEO plugin. -->","yoast_head_json":{"title":"Instalaron una nueva cabina del Banco Provincia en Berazategui - Principios","robots":{"index":"index","follow":"follow","max-snippet":"max-snippet:-1","max-image-preview":"max-image-preview:large","max-video-preview":"max-video-preview:-1"},"canonical":"https:\/\/diarioprincipios.com\/index.php\/2022\/03\/22\/instalaron-una-nueva-cabina-del-banco-provincia-en-berazategui\/","og_locale":"es_ES","og_type":"article","og_title":"Instalaron una nueva cabina del Banco Provincia en Berazategui - Principios","og_description":"Con el objetivo de evitar que los vecinos y vecinas de la zona deban movilizarse largas distancias para extraer dinero, se puso en funcionamiento una nueva cabina modular del Banco Provincia en la Rotonda de Barrio Mar\u00edtimo. Estuvieron presentes el intendente Juan Jos\u00e9 Mussi y el titular de la entidad bancaria bonaerense, Juan Cuattromo. La...","og_url":"https:\/\/diarioprincipios.com\/index.php\/2022\/03\/22\/instalaron-una-nueva-cabina-del-banco-provincia-en-berazategui\/","og_site_name":"Principios","article_published_time":"2022-03-22T10:35:19+00:00","article_modified_time":"2022-03-22T10:35:22+00:00","og_image":[{"width":1920,"height":1280,"url":"https:\/\/diarioprincipios.com\/wp-content\/uploads\/2022\/03\/SE-INSTALO-UNA-NUEVA-CABINA-DEL-BANCO-PROVINCIA-EN-BERAZATEGUI-2.jpg","type":"image\/jpeg"}],"author":"Hern\u00e1n L\u00f3pez","twitter_card":"summary_large_image","twitter_misc":{"Escrito por":"Hern\u00e1n L\u00f3pez","Tiempo de lectura":"2 minutos"},"schema":{"@context":"https:\/\/schema.org","@graph":[{"@type":"Article","@id":"https:\/\/diarioprincipios.com\/index.php\/2022\/03\/22\/instalaron-una-nueva-cabina-del-banco-provincia-en-berazategui\/#article","isPartOf":{"@id":"https:\/\/diarioprincipios.com\/index.php\/2022\/03\/22\/instalaron-una-nueva-cabina-del-banco-provincia-en-berazategui\/"},"author":{"name":"Hern\u00e1n L\u00f3pez","@id":"https:\/\/diarioprincipios.com\/#\/schema\/person\/436d5a1fd41a5e250e23ff5a6a7cb080"},"headline":"Instalaron una nueva cabina del Banco Provincia en Berazategui","datePublished":"2022-03-22T10:35:19+00:00","dateModified":"2022-03-22T10:35:22+00:00","mainEntityOfPage":{"@id":"https:\/\/diarioprincipios.com\/index.php\/2022\/03\/22\/instalaron-una-nueva-cabina-del-banco-provincia-en-berazategui\/"},"wordCount":275,"commentCount":0,"publisher":{"@id":"https:\/\/diarioprincipios.com\/#organization"},"image":{"@id":"https:\/\/diarioprincipios.com\/index.php\/2022\/03\/22\/instalaron-una-nueva-cabina-del-banco-provincia-en-berazategui\/#primaryimage"},"thumbnailUrl":"https:\/\/diarioprincipios.com\/wp-content\/uploads\/2022\/03\/SE-INSTALO-UNA-NUEVA-CABINA-DEL-BANCO-PROVINCIA-EN-BERAZATEGUI-2.jpg","articleSection":["Berazategui"],"inLanguage":"es","potentialAction":[{"@type":"CommentAction","name":"Comment","target":["https:\/\/diarioprincipios.com\/index.php\/2022\/03\/22\/instalaron-una-nueva-cabina-del-banco-provincia-en-berazategui\/#respond"]}]},{"@type":"WebPage","@id":"https:\/\/diarioprincipios.com\/index.php\/2022\/03\/22\/instalaron-una-nueva-cabina-del-banco-provincia-en-berazategui\/","url":"https:\/\/diarioprincipios.com\/index.php\/2022\/03\/22\/instalaron-una-nueva-cabina-del-banco-provincia-en-berazategui\/","name":"Instalaron una nueva cabina del Banco Provincia en Berazategui - Principios","isPartOf":{"@id":"https:\/\/diarioprincipios.com\/#website"},"primaryImageOfPage":{"@id":"https:\/\/diarioprincipios.com\/index.php\/2022\/03\/22\/instalaron-una-nueva-cabina-del-banco-provincia-en-berazategui\/#primaryimage"},"image":{"@id":"https:\/\/diarioprincipios.com\/index.php\/2022\/03\/22\/instalaron-una-nueva-cabina-del-banco-provincia-en-berazategui\/#primaryimage"},"thumbnailUrl":"https:\/\/diarioprincipios.com\/wp-content\/uploads\/2022\/03\/SE-INSTALO-UNA-NUEVA-CABINA-DEL-BANCO-PROVINCIA-EN-BERAZATEGUI-2.jpg","datePublished":"2022-03-22T10:35:19+00:00","dateModified":"2022-03-22T10:35:22+00:00","breadcrumb":{"@id":"https:\/\/diarioprincipios.com\/index.php\/2022\/03\/22\/instalaron-una-nueva-cabina-del-banco-provincia-en-berazategui\/#breadcrumb"},"inLanguage":"es","potentialAction":[{"@type":"ReadAction","target":["https:\/\/diarioprincipios.com\/index.php\/2022\/03\/22\/instalaron-una-nueva-cabina-del-banco-provincia-en-berazategui\/"]}]},{"@type":"ImageObject","inLanguage":"es","@id":"https:\/\/diarioprincipios.com\/index.php\/2022\/03\/22\/instalaron-una-nueva-cabina-del-banco-provincia-en-berazategui\/#primaryimage","url":"https:\/\/diarioprincipios.com\/wp-content\/uploads\/2022\/03\/SE-INSTALO-UNA-NUEVA-CABINA-DEL-BANCO-PROVINCIA-EN-BERAZATEGUI-2.jpg","contentUrl":"https:\/\/diarioprincipios.com\/wp-content\/uploads\/2022\/03\/SE-INSTALO-UNA-NUEVA-CABINA-DEL-BANCO-PROVINCIA-EN-BERAZATEGUI-2.jpg","width":1920,"height":1280},{"@type":"BreadcrumbList","@id":"https:\/\/diarioprincipios.com\/index.php\/2022\/03\/22\/instalaron-una-nueva-cabina-del-banco-provincia-en-berazategui\/#breadcrumb","itemListElement":[{"@type":"ListItem","position":1,"name":"Portada","item":"https:\/\/diarioprincipios.com\/"},{"@type":"ListItem","position":2,"name":"Instalaron una nueva cabina del Banco Provincia en Berazategui"}]},{"@type":"WebSite","@id":"https:\/\/diarioprincipios.com\/#website","url":"https:\/\/diarioprincipios.com\/","name":"Principios","description":"Principios Diario","publisher":{"@id":"https:\/\/diarioprincipios.com\/#organization"},"potentialAction":[{"@type":"SearchAction","target":{"@type":"EntryPoint","urlTemplate":"https:\/\/diarioprincipios.com\/?s={search_term_string}"},"query-input":{"@type":"PropertyValueSpecification","valueRequired":true,"valueName":"search_term_string"}}],"inLanguage":"es"},{"@type":"Organization","@id":"https:\/\/diarioprincipios.com\/#organization","name":"Principios","url":"https:\/\/diarioprincipios.com\/","logo":{"@type":"ImageObject","inLanguage":"es","@id":"https:\/\/diarioprincipios.com\/#\/schema\/logo\/image\/","url":"https:\/\/diarioprincipios.com\/wp-content\/uploads\/2024\/04\/cropped-www.diarioprincipios.com_-1.png","contentUrl":"https:\/\/diarioprincipios.com\/wp-content\/uploads\/2024\/04\/cropped-www.diarioprincipios.com_-1.png","width":5325,"height":1454,"caption":"Principios"},"image":{"@id":"https:\/\/diarioprincipios.com\/#\/schema\/logo\/image\/"}},{"@type":"Person","@id":"https:\/\/diarioprincipios.com\/#\/schema\/person\/436d5a1fd41a5e250e23ff5a6a7cb080","name":"Hern\u00e1n L\u00f3pez","image":{"@type":"ImageObject","inLanguage":"es","@id":"https:\/\/diarioprincipios.com\/wp-content\/litespeed\/avatar\/11ddfe5610ff3bd100522525b2571f48.jpg?ver=1777048341","url":"https:\/\/diarioprincipios.com\/wp-content\/litespeed\/avatar\/11ddfe5610ff3bd100522525b2571f48.jpg?ver=1777048341","contentUrl":"https:\/\/diarioprincipios.com\/wp-content\/litespeed\/avatar\/11ddfe5610ff3bd100522525b2571f48.jpg?ver=1777048341","caption":"Hern\u00e1n L\u00f3pez"},"url":"https:\/\/diarioprincipios.com\/index.php\/author\/hernan\/"}]}},"jetpack_featured_media_url":"https:\/\/diarioprincipios.com\/wp-content\/uploads\/2022\/03\/SE-INSTALO-UNA-NUEVA-CABINA-DEL-BANCO-PROVINCIA-EN-BERAZATEGUI-2.jpg","_links":{"self":[{"href":"https:\/\/diarioprincipios.com\/index.php\/wp-json\/wp\/v2\/posts\/13117","targetHints":{"allow":["GET"]}}],"collection":[{"href":"https:\/\/diarioprincipios.com\/index.php\/wp-json\/wp\/v2\/posts"}],"about":[{"href":"https:\/\/diarioprincipios.com\/index.php\/wp-json\/wp\/v2\/types\/post"}],"author":[{"embeddable":true,"href":"https:\/\/diarioprincipios.com\/index.php\/wp-json\/wp\/v2\/users\/2"}],"replies":[{"embeddable":true,"href":"https:\/\/diarioprincipios.com\/index.php\/wp-json\/wp\/v2\/comments?post=13117"}],"version-history":[{"count":1,"href":"https:\/\/diarioprincipios.com\/index.php\/wp-json\/wp\/v2\/posts\/13117\/revisions"}],"predecessor-version":[{"id":13120,"href":"https:\/\/diarioprincipios.com\/index.php\/wp-json\/wp\/v2\/posts\/13117\/revisions\/13120"}],"wp:featuredmedia":[{"embeddable":true,"href":"https:\/\/diarioprincipios.com\/index.php\/wp-json\/wp\/v2\/media\/13119"}],"wp:attachment":[{"href":"https:\/\/diarioprincipios.com\/index.php\/wp-json\/wp\/v2\/media?parent=13117"}],"wp:term":[{"taxonomy":"category","embeddable":true,"href":"https:\/\/diarioprincipios.com\/index.php\/wp-json\/wp\/v2\/categories?post=13117"},{"taxonomy":"post_tag","embeddable":true,"href":"https:\/\/diarioprincipios.com\/index.php\/wp-json\/wp\/v2\/tags?post=13117"}],"curies":[{"name":"wp","href":"https:\/\/api.w.org\/{rel}","templated":true}]}}