{"id":13103,"date":"2022-03-21T11:49:39","date_gmt":"2022-03-21T14:49:39","guid":{"rendered":"http:\/\/diarioprincipios.com\/?p=13103"},"modified":"2022-03-21T11:49:47","modified_gmt":"2022-03-21T14:49:47","slug":"covid-19-continua-la-campana-de-vacunacion-libre-en-berazategui-2","status":"publish","type":"post","link":"https:\/\/diarioprincipios.com\/index.php\/2022\/03\/21\/covid-19-continua-la-campana-de-vacunacion-libre-en-berazategui-2\/","title":{"rendered":"Covid 19: Contin\u00faa la Campa\u00f1a de Vacunaci\u00f3n Libre en Berazategui"},"content":{"rendered":"\n<p><strong>La Municipalidad de Berazategui, a trav\u00e9s de la Secretar\u00eda de Salud, les recuerda a los vecinos que todos aquellos mayores de 12 a\u00f1os que hayan cumplido 4 meses desde que completaron el esquema primario de vacunaci\u00f3n pueden recibir su dosis de refuerzo contra el COVID-19, sin turno previo, en la Posta sanitaria m\u00e1s cercana a su domicilio. En tanto, las personas inmunocomprometidas solo deben esperar un mes desde la aplicaci\u00f3n de la segunda dosis.<br><\/strong><br>Adem\u00e1s, en el marco del Plan provincial, p\u00fablico y gratuito contra el coronavirus, todos los mayores de 3 a\u00f1os pueden recibir la primera o segunda dosis de la vacuna en forma libre y con el \u00fanico requisito de haber cumplido al menos 28 d\u00edas entre ambas aplicaciones. En el caso de los menores de 13, deben concurrir con un adulto responsable, quien ser\u00e1 el encargado de firmar el consentimiento.<\/p>\n\n\n\n<p>La Municipalidad de Berazategui, a cargo de Juan Jos\u00e9 Mussi, mantiene activas 4 Postas que funcionan todos los d\u00edas de 9.00 a 18.00:<\/p>\n\n\n\n<p>&#8211; Polideportivo Municipal N\u00b0 3 (calle 459 e\/ 408 y 409, Juan Mar\u00eda Guti\u00e9rrez).<br>&#8211; SEDRONAR (calle 57 e\/ 128 y 129, Hudson).<br>&#8211; PAMI (Lisandro de la Torre e\/ 12 y 13, Berazategui Centro).<br>&#8211; Centro de Actividades Roberto De Vicenzo (calle 18 y 148, Berazategui Centro).<\/p>\n\n\n\n<p>Ante cualquier duda o consulta, las y los interesados pueden ingresar a&nbsp;<a rel=\"noreferrer noopener\" target=\"_blank\" href=\"http:\/\/www.vacunatepba.gba.gob.ar\/\">www.vacunatepba.gba.gob.ar<\/a>.<\/p>\n","protected":false},"excerpt":{"rendered":"<p>La Municipalidad de Berazategui, a trav\u00e9s de la Secretar\u00eda de Salud, les recuerda a los vecinos que todos aquellos mayores de 12 a\u00f1os que hayan cumplido 4 meses desde que completaron el esquema primario de vacunaci\u00f3n pueden recibir su dosis de refuerzo contra el COVID-19, sin turno previo, en la Posta sanitaria m\u00e1s cercana a&#8230;<\/p>\n","protected":false},"author":2,"featured_media":13104,"comment_status":"open","ping_status":"open","sticky":false,"template":"","format":"standard","meta":{"footnotes":""},"categories":[3],"tags":[],"class_list":["post-13103","post","type-post","status-publish","format-standard","has-post-thumbnail","hentry","category-berazategui"],"featured_image_src":"https:\/\/diarioprincipios.com\/wp-content\/uploads\/2022\/03\/COVID-19-CONTINUA-LA-CAMPANA-DE-VACUNACION-LIBRE-EN-BERAZATEGUI-1-1024x732.jpg","blog_images":{"medium":"https:\/\/diarioprincipios.com\/wp-content\/uploads\/2022\/03\/COVID-19-CONTINUA-LA-CAMPANA-DE-VACUNACION-LIBRE-EN-BERAZATEGUI-1-300x214.jpg","large":"https:\/\/diarioprincipios.com\/wp-content\/uploads\/2022\/03\/COVID-19-CONTINUA-LA-CAMPANA-DE-VACUNACION-LIBRE-EN-BERAZATEGUI-1-1024x732.jpg"},"ams_acf":[],"yoast_head":"<!-- This site is optimized with the Yoast SEO plugin v27.3 - https:\/\/yoast.com\/product\/yoast-seo-wordpress\/ -->\n<title>Covid 19: Contin\u00faa la Campa\u00f1a de Vacunaci\u00f3n Libre en Berazategui - Principios<\/title>\n<meta name=\"robots\" content=\"index, follow, max-snippet:-1, max-image-preview:large, max-video-preview:-1\" \/>\n<link rel=\"canonical\" href=\"https:\/\/diarioprincipios.com\/index.php\/2022\/03\/21\/covid-19-continua-la-campana-de-vacunacion-libre-en-berazategui-2\/\" \/>\n<meta property=\"og:locale\" content=\"es_ES\" \/>\n<meta property=\"og:type\" content=\"article\" \/>\n<meta property=\"og:title\" content=\"Covid 19: Contin\u00faa la Campa\u00f1a de Vacunaci\u00f3n Libre en Berazategui - Principios\" \/>\n<meta property=\"og:description\" content=\"La Municipalidad de Berazategui, a trav\u00e9s de la Secretar\u00eda de Salud, les recuerda a los vecinos que todos aquellos mayores de 12 a\u00f1os que hayan cumplido 4 meses desde que completaron el esquema primario de vacunaci\u00f3n pueden recibir su dosis de refuerzo contra el COVID-19, sin turno previo, en la Posta sanitaria m\u00e1s cercana a...\" \/>\n<meta property=\"og:url\" content=\"https:\/\/diarioprincipios.com\/index.php\/2022\/03\/21\/covid-19-continua-la-campana-de-vacunacion-libre-en-berazategui-2\/\" \/>\n<meta property=\"og:site_name\" content=\"Principios\" \/>\n<meta property=\"article:published_time\" content=\"2022-03-21T14:49:39+00:00\" \/>\n<meta property=\"article:modified_time\" content=\"2022-03-21T14:49:47+00:00\" \/>\n<meta property=\"og:image\" content=\"https:\/\/diarioprincipios.com\/wp-content\/uploads\/2022\/03\/COVID-19-CONTINUA-LA-CAMPANA-DE-VACUNACION-LIBRE-EN-BERAZATEGUI-1-scaled.jpg\" \/>\n\t<meta property=\"og:image:width\" content=\"2560\" \/>\n\t<meta property=\"og:image:height\" content=\"1829\" \/>\n\t<meta property=\"og:image:type\" content=\"image\/jpeg\" \/>\n<meta name=\"author\" content=\"Hern\u00e1n L\u00f3pez\" \/>\n<meta name=\"twitter:card\" content=\"summary_large_image\" \/>\n<meta name=\"twitter:label1\" content=\"Escrito por\" \/>\n\t<meta name=\"twitter:data1\" content=\"Hern\u00e1n L\u00f3pez\" \/>\n\t<meta name=\"twitter:label2\" content=\"Tiempo de lectura\" \/>\n\t<meta name=\"twitter:data2\" content=\"2 minutos\" \/>\n<script type=\"application\/ld+json\" class=\"yoast-schema-graph\">{\"@context\":\"https:\\\/\\\/schema.org\",\"@graph\":[{\"@type\":\"Article\",\"@id\":\"https:\\\/\\\/diarioprincipios.com\\\/index.php\\\/2022\\\/03\\\/21\\\/covid-19-continua-la-campana-de-vacunacion-libre-en-berazategui-2\\\/#article\",\"isPartOf\":{\"@id\":\"https:\\\/\\\/diarioprincipios.com\\\/index.php\\\/2022\\\/03\\\/21\\\/covid-19-continua-la-campana-de-vacunacion-libre-en-berazategui-2\\\/\"},\"author\":{\"name\":\"Hern\u00e1n L\u00f3pez\",\"@id\":\"https:\\\/\\\/diarioprincipios.com\\\/#\\\/schema\\\/person\\\/436d5a1fd41a5e250e23ff5a6a7cb080\"},\"headline\":\"Covid 19: Contin\u00faa la Campa\u00f1a de Vacunaci\u00f3n Libre en Berazategui\",\"datePublished\":\"2022-03-21T14:49:39+00:00\",\"dateModified\":\"2022-03-21T14:49:47+00:00\",\"mainEntityOfPage\":{\"@id\":\"https:\\\/\\\/diarioprincipios.com\\\/index.php\\\/2022\\\/03\\\/21\\\/covid-19-continua-la-campana-de-vacunacion-libre-en-berazategui-2\\\/\"},\"wordCount\":238,\"commentCount\":0,\"publisher\":{\"@id\":\"https:\\\/\\\/diarioprincipios.com\\\/#organization\"},\"image\":{\"@id\":\"https:\\\/\\\/diarioprincipios.com\\\/index.php\\\/2022\\\/03\\\/21\\\/covid-19-continua-la-campana-de-vacunacion-libre-en-berazategui-2\\\/#primaryimage\"},\"thumbnailUrl\":\"https:\\\/\\\/diarioprincipios.com\\\/wp-content\\\/uploads\\\/2022\\\/03\\\/COVID-19-CONTINUA-LA-CAMPANA-DE-VACUNACION-LIBRE-EN-BERAZATEGUI-1-scaled.jpg\",\"articleSection\":[\"Berazategui\"],\"inLanguage\":\"es\",\"potentialAction\":[{\"@type\":\"CommentAction\",\"name\":\"Comment\",\"target\":[\"https:\\\/\\\/diarioprincipios.com\\\/index.php\\\/2022\\\/03\\\/21\\\/covid-19-continua-la-campana-de-vacunacion-libre-en-berazategui-2\\\/#respond\"]}]},{\"@type\":\"WebPage\",\"@id\":\"https:\\\/\\\/diarioprincipios.com\\\/index.php\\\/2022\\\/03\\\/21\\\/covid-19-continua-la-campana-de-vacunacion-libre-en-berazategui-2\\\/\",\"url\":\"https:\\\/\\\/diarioprincipios.com\\\/index.php\\\/2022\\\/03\\\/21\\\/covid-19-continua-la-campana-de-vacunacion-libre-en-berazategui-2\\\/\",\"name\":\"Covid 19: Contin\u00faa la Campa\u00f1a de Vacunaci\u00f3n Libre en Berazategui - Principios\",\"isPartOf\":{\"@id\":\"https:\\\/\\\/diarioprincipios.com\\\/#website\"},\"primaryImageOfPage\":{\"@id\":\"https:\\\/\\\/diarioprincipios.com\\\/index.php\\\/2022\\\/03\\\/21\\\/covid-19-continua-la-campana-de-vacunacion-libre-en-berazategui-2\\\/#primaryimage\"},\"image\":{\"@id\":\"https:\\\/\\\/diarioprincipios.com\\\/index.php\\\/2022\\\/03\\\/21\\\/covid-19-continua-la-campana-de-vacunacion-libre-en-berazategui-2\\\/#primaryimage\"},\"thumbnailUrl\":\"https:\\\/\\\/diarioprincipios.com\\\/wp-content\\\/uploads\\\/2022\\\/03\\\/COVID-19-CONTINUA-LA-CAMPANA-DE-VACUNACION-LIBRE-EN-BERAZATEGUI-1-scaled.jpg\",\"datePublished\":\"2022-03-21T14:49:39+00:00\",\"dateModified\":\"2022-03-21T14:49:47+00:00\",\"breadcrumb\":{\"@id\":\"https:\\\/\\\/diarioprincipios.com\\\/index.php\\\/2022\\\/03\\\/21\\\/covid-19-continua-la-campana-de-vacunacion-libre-en-berazategui-2\\\/#breadcrumb\"},\"inLanguage\":\"es\",\"potentialAction\":[{\"@type\":\"ReadAction\",\"target\":[\"https:\\\/\\\/diarioprincipios.com\\\/index.php\\\/2022\\\/03\\\/21\\\/covid-19-continua-la-campana-de-vacunacion-libre-en-berazategui-2\\\/\"]}]},{\"@type\":\"ImageObject\",\"inLanguage\":\"es\",\"@id\":\"https:\\\/\\\/diarioprincipios.com\\\/index.php\\\/2022\\\/03\\\/21\\\/covid-19-continua-la-campana-de-vacunacion-libre-en-berazategui-2\\\/#primaryimage\",\"url\":\"https:\\\/\\\/diarioprincipios.com\\\/wp-content\\\/uploads\\\/2022\\\/03\\\/COVID-19-CONTINUA-LA-CAMPANA-DE-VACUNACION-LIBRE-EN-BERAZATEGUI-1-scaled.jpg\",\"contentUrl\":\"https:\\\/\\\/diarioprincipios.com\\\/wp-content\\\/uploads\\\/2022\\\/03\\\/COVID-19-CONTINUA-LA-CAMPANA-DE-VACUNACION-LIBRE-EN-BERAZATEGUI-1-scaled.jpg\",\"width\":2560,\"height\":1829},{\"@type\":\"BreadcrumbList\",\"@id\":\"https:\\\/\\\/diarioprincipios.com\\\/index.php\\\/2022\\\/03\\\/21\\\/covid-19-continua-la-campana-de-vacunacion-libre-en-berazategui-2\\\/#breadcrumb\",\"itemListElement\":[{\"@type\":\"ListItem\",\"position\":1,\"name\":\"Portada\",\"item\":\"https:\\\/\\\/diarioprincipios.com\\\/\"},{\"@type\":\"ListItem\",\"position\":2,\"name\":\"Covid 19: Contin\u00faa la Campa\u00f1a de Vacunaci\u00f3n Libre en Berazategui\"}]},{\"@type\":\"WebSite\",\"@id\":\"https:\\\/\\\/diarioprincipios.com\\\/#website\",\"url\":\"https:\\\/\\\/diarioprincipios.com\\\/\",\"name\":\"Principios\",\"description\":\"Principios Diario\",\"publisher\":{\"@id\":\"https:\\\/\\\/diarioprincipios.com\\\/#organization\"},\"potentialAction\":[{\"@type\":\"SearchAction\",\"target\":{\"@type\":\"EntryPoint\",\"urlTemplate\":\"https:\\\/\\\/diarioprincipios.com\\\/?s={search_term_string}\"},\"query-input\":{\"@type\":\"PropertyValueSpecification\",\"valueRequired\":true,\"valueName\":\"search_term_string\"}}],\"inLanguage\":\"es\"},{\"@type\":\"Organization\",\"@id\":\"https:\\\/\\\/diarioprincipios.com\\\/#organization\",\"name\":\"Principios\",\"url\":\"https:\\\/\\\/diarioprincipios.com\\\/\",\"logo\":{\"@type\":\"ImageObject\",\"inLanguage\":\"es\",\"@id\":\"https:\\\/\\\/diarioprincipios.com\\\/#\\\/schema\\\/logo\\\/image\\\/\",\"url\":\"https:\\\/\\\/diarioprincipios.com\\\/wp-content\\\/uploads\\\/2024\\\/04\\\/cropped-www.diarioprincipios.com_-1.png\",\"contentUrl\":\"https:\\\/\\\/diarioprincipios.com\\\/wp-content\\\/uploads\\\/2024\\\/04\\\/cropped-www.diarioprincipios.com_-1.png\",\"width\":5325,\"height\":1454,\"caption\":\"Principios\"},\"image\":{\"@id\":\"https:\\\/\\\/diarioprincipios.com\\\/#\\\/schema\\\/logo\\\/image\\\/\"}},{\"@type\":\"Person\",\"@id\":\"https:\\\/\\\/diarioprincipios.com\\\/#\\\/schema\\\/person\\\/436d5a1fd41a5e250e23ff5a6a7cb080\",\"name\":\"Hern\u00e1n L\u00f3pez\",\"image\":{\"@type\":\"ImageObject\",\"inLanguage\":\"es\",\"@id\":\"https:\\\/\\\/diarioprincipios.com\\\/wp-content\\\/litespeed\\\/avatar\\\/11ddfe5610ff3bd100522525b2571f48.jpg?ver=1777048341\",\"url\":\"https:\\\/\\\/diarioprincipios.com\\\/wp-content\\\/litespeed\\\/avatar\\\/11ddfe5610ff3bd100522525b2571f48.jpg?ver=1777048341\",\"contentUrl\":\"https:\\\/\\\/diarioprincipios.com\\\/wp-content\\\/litespeed\\\/avatar\\\/11ddfe5610ff3bd100522525b2571f48.jpg?ver=1777048341\",\"caption\":\"Hern\u00e1n L\u00f3pez\"},\"url\":\"https:\\\/\\\/diarioprincipios.com\\\/index.php\\\/author\\\/hernan\\\/\"}]}<\/script>\n<!-- \/ Yoast SEO plugin. -->","yoast_head_json":{"title":"Covid 19: Contin\u00faa la Campa\u00f1a de Vacunaci\u00f3n Libre en Berazategui - Principios","robots":{"index":"index","follow":"follow","max-snippet":"max-snippet:-1","max-image-preview":"max-image-preview:large","max-video-preview":"max-video-preview:-1"},"canonical":"https:\/\/diarioprincipios.com\/index.php\/2022\/03\/21\/covid-19-continua-la-campana-de-vacunacion-libre-en-berazategui-2\/","og_locale":"es_ES","og_type":"article","og_title":"Covid 19: Contin\u00faa la Campa\u00f1a de Vacunaci\u00f3n Libre en Berazategui - Principios","og_description":"La Municipalidad de Berazategui, a trav\u00e9s de la Secretar\u00eda de Salud, les recuerda a los vecinos que todos aquellos mayores de 12 a\u00f1os que hayan cumplido 4 meses desde que completaron el esquema primario de vacunaci\u00f3n pueden recibir su dosis de refuerzo contra el COVID-19, sin turno previo, en la Posta sanitaria m\u00e1s cercana a...","og_url":"https:\/\/diarioprincipios.com\/index.php\/2022\/03\/21\/covid-19-continua-la-campana-de-vacunacion-libre-en-berazategui-2\/","og_site_name":"Principios","article_published_time":"2022-03-21T14:49:39+00:00","article_modified_time":"2022-03-21T14:49:47+00:00","og_image":[{"width":2560,"height":1829,"url":"https:\/\/diarioprincipios.com\/wp-content\/uploads\/2022\/03\/COVID-19-CONTINUA-LA-CAMPANA-DE-VACUNACION-LIBRE-EN-BERAZATEGUI-1-scaled.jpg","type":"image\/jpeg"}],"author":"Hern\u00e1n L\u00f3pez","twitter_card":"summary_large_image","twitter_misc":{"Escrito por":"Hern\u00e1n L\u00f3pez","Tiempo de lectura":"2 minutos"},"schema":{"@context":"https:\/\/schema.org","@graph":[{"@type":"Article","@id":"https:\/\/diarioprincipios.com\/index.php\/2022\/03\/21\/covid-19-continua-la-campana-de-vacunacion-libre-en-berazategui-2\/#article","isPartOf":{"@id":"https:\/\/diarioprincipios.com\/index.php\/2022\/03\/21\/covid-19-continua-la-campana-de-vacunacion-libre-en-berazategui-2\/"},"author":{"name":"Hern\u00e1n L\u00f3pez","@id":"https:\/\/diarioprincipios.com\/#\/schema\/person\/436d5a1fd41a5e250e23ff5a6a7cb080"},"headline":"Covid 19: Contin\u00faa la Campa\u00f1a de Vacunaci\u00f3n Libre en Berazategui","datePublished":"2022-03-21T14:49:39+00:00","dateModified":"2022-03-21T14:49:47+00:00","mainEntityOfPage":{"@id":"https:\/\/diarioprincipios.com\/index.php\/2022\/03\/21\/covid-19-continua-la-campana-de-vacunacion-libre-en-berazategui-2\/"},"wordCount":238,"commentCount":0,"publisher":{"@id":"https:\/\/diarioprincipios.com\/#organization"},"image":{"@id":"https:\/\/diarioprincipios.com\/index.php\/2022\/03\/21\/covid-19-continua-la-campana-de-vacunacion-libre-en-berazategui-2\/#primaryimage"},"thumbnailUrl":"https:\/\/diarioprincipios.com\/wp-content\/uploads\/2022\/03\/COVID-19-CONTINUA-LA-CAMPANA-DE-VACUNACION-LIBRE-EN-BERAZATEGUI-1-scaled.jpg","articleSection":["Berazategui"],"inLanguage":"es","potentialAction":[{"@type":"CommentAction","name":"Comment","target":["https:\/\/diarioprincipios.com\/index.php\/2022\/03\/21\/covid-19-continua-la-campana-de-vacunacion-libre-en-berazategui-2\/#respond"]}]},{"@type":"WebPage","@id":"https:\/\/diarioprincipios.com\/index.php\/2022\/03\/21\/covid-19-continua-la-campana-de-vacunacion-libre-en-berazategui-2\/","url":"https:\/\/diarioprincipios.com\/index.php\/2022\/03\/21\/covid-19-continua-la-campana-de-vacunacion-libre-en-berazategui-2\/","name":"Covid 19: Contin\u00faa la Campa\u00f1a de Vacunaci\u00f3n Libre en Berazategui - Principios","isPartOf":{"@id":"https:\/\/diarioprincipios.com\/#website"},"primaryImageOfPage":{"@id":"https:\/\/diarioprincipios.com\/index.php\/2022\/03\/21\/covid-19-continua-la-campana-de-vacunacion-libre-en-berazategui-2\/#primaryimage"},"image":{"@id":"https:\/\/diarioprincipios.com\/index.php\/2022\/03\/21\/covid-19-continua-la-campana-de-vacunacion-libre-en-berazategui-2\/#primaryimage"},"thumbnailUrl":"https:\/\/diarioprincipios.com\/wp-content\/uploads\/2022\/03\/COVID-19-CONTINUA-LA-CAMPANA-DE-VACUNACION-LIBRE-EN-BERAZATEGUI-1-scaled.jpg","datePublished":"2022-03-21T14:49:39+00:00","dateModified":"2022-03-21T14:49:47+00:00","breadcrumb":{"@id":"https:\/\/diarioprincipios.com\/index.php\/2022\/03\/21\/covid-19-continua-la-campana-de-vacunacion-libre-en-berazategui-2\/#breadcrumb"},"inLanguage":"es","potentialAction":[{"@type":"ReadAction","target":["https:\/\/diarioprincipios.com\/index.php\/2022\/03\/21\/covid-19-continua-la-campana-de-vacunacion-libre-en-berazategui-2\/"]}]},{"@type":"ImageObject","inLanguage":"es","@id":"https:\/\/diarioprincipios.com\/index.php\/2022\/03\/21\/covid-19-continua-la-campana-de-vacunacion-libre-en-berazategui-2\/#primaryimage","url":"https:\/\/diarioprincipios.com\/wp-content\/uploads\/2022\/03\/COVID-19-CONTINUA-LA-CAMPANA-DE-VACUNACION-LIBRE-EN-BERAZATEGUI-1-scaled.jpg","contentUrl":"https:\/\/diarioprincipios.com\/wp-content\/uploads\/2022\/03\/COVID-19-CONTINUA-LA-CAMPANA-DE-VACUNACION-LIBRE-EN-BERAZATEGUI-1-scaled.jpg","width":2560,"height":1829},{"@type":"BreadcrumbList","@id":"https:\/\/diarioprincipios.com\/index.php\/2022\/03\/21\/covid-19-continua-la-campana-de-vacunacion-libre-en-berazategui-2\/#breadcrumb","itemListElement":[{"@type":"ListItem","position":1,"name":"Portada","item":"https:\/\/diarioprincipios.com\/"},{"@type":"ListItem","position":2,"name":"Covid 19: Contin\u00faa la Campa\u00f1a de Vacunaci\u00f3n Libre en Berazategui"}]},{"@type":"WebSite","@id":"https:\/\/diarioprincipios.com\/#website","url":"https:\/\/diarioprincipios.com\/","name":"Principios","description":"Principios Diario","publisher":{"@id":"https:\/\/diarioprincipios.com\/#organization"},"potentialAction":[{"@type":"SearchAction","target":{"@type":"EntryPoint","urlTemplate":"https:\/\/diarioprincipios.com\/?s={search_term_string}"},"query-input":{"@type":"PropertyValueSpecification","valueRequired":true,"valueName":"search_term_string"}}],"inLanguage":"es"},{"@type":"Organization","@id":"https:\/\/diarioprincipios.com\/#organization","name":"Principios","url":"https:\/\/diarioprincipios.com\/","logo":{"@type":"ImageObject","inLanguage":"es","@id":"https:\/\/diarioprincipios.com\/#\/schema\/logo\/image\/","url":"https:\/\/diarioprincipios.com\/wp-content\/uploads\/2024\/04\/cropped-www.diarioprincipios.com_-1.png","contentUrl":"https:\/\/diarioprincipios.com\/wp-content\/uploads\/2024\/04\/cropped-www.diarioprincipios.com_-1.png","width":5325,"height":1454,"caption":"Principios"},"image":{"@id":"https:\/\/diarioprincipios.com\/#\/schema\/logo\/image\/"}},{"@type":"Person","@id":"https:\/\/diarioprincipios.com\/#\/schema\/person\/436d5a1fd41a5e250e23ff5a6a7cb080","name":"Hern\u00e1n L\u00f3pez","image":{"@type":"ImageObject","inLanguage":"es","@id":"https:\/\/diarioprincipios.com\/wp-content\/litespeed\/avatar\/11ddfe5610ff3bd100522525b2571f48.jpg?ver=1777048341","url":"https:\/\/diarioprincipios.com\/wp-content\/litespeed\/avatar\/11ddfe5610ff3bd100522525b2571f48.jpg?ver=1777048341","contentUrl":"https:\/\/diarioprincipios.com\/wp-content\/litespeed\/avatar\/11ddfe5610ff3bd100522525b2571f48.jpg?ver=1777048341","caption":"Hern\u00e1n L\u00f3pez"},"url":"https:\/\/diarioprincipios.com\/index.php\/author\/hernan\/"}]}},"jetpack_featured_media_url":"https:\/\/diarioprincipios.com\/wp-content\/uploads\/2022\/03\/COVID-19-CONTINUA-LA-CAMPANA-DE-VACUNACION-LIBRE-EN-BERAZATEGUI-1-scaled.jpg","_links":{"self":[{"href":"https:\/\/diarioprincipios.com\/index.php\/wp-json\/wp\/v2\/posts\/13103","targetHints":{"allow":["GET"]}}],"collection":[{"href":"https:\/\/diarioprincipios.com\/index.php\/wp-json\/wp\/v2\/posts"}],"about":[{"href":"https:\/\/diarioprincipios.com\/index.php\/wp-json\/wp\/v2\/types\/post"}],"author":[{"embeddable":true,"href":"https:\/\/diarioprincipios.com\/index.php\/wp-json\/wp\/v2\/users\/2"}],"replies":[{"embeddable":true,"href":"https:\/\/diarioprincipios.com\/index.php\/wp-json\/wp\/v2\/comments?post=13103"}],"version-history":[{"count":1,"href":"https:\/\/diarioprincipios.com\/index.php\/wp-json\/wp\/v2\/posts\/13103\/revisions"}],"predecessor-version":[{"id":13105,"href":"https:\/\/diarioprincipios.com\/index.php\/wp-json\/wp\/v2\/posts\/13103\/revisions\/13105"}],"wp:featuredmedia":[{"embeddable":true,"href":"https:\/\/diarioprincipios.com\/index.php\/wp-json\/wp\/v2\/media\/13104"}],"wp:attachment":[{"href":"https:\/\/diarioprincipios.com\/index.php\/wp-json\/wp\/v2\/media?parent=13103"}],"wp:term":[{"taxonomy":"category","embeddable":true,"href":"https:\/\/diarioprincipios.com\/index.php\/wp-json\/wp\/v2\/categories?post=13103"},{"taxonomy":"post_tag","embeddable":true,"href":"https:\/\/diarioprincipios.com\/index.php\/wp-json\/wp\/v2\/tags?post=13103"}],"curies":[{"name":"wp","href":"https:\/\/api.w.org\/{rel}","templated":true}]}}