{"id":13077,"date":"2022-03-18T09:21:29","date_gmt":"2022-03-18T12:21:29","guid":{"rendered":"http:\/\/diarioprincipios.com\/?p=13077"},"modified":"2022-03-18T09:21:37","modified_gmt":"2022-03-18T12:21:37","slug":"mussi-presento-un-nuevo-quirofano-movil-para-animales","status":"publish","type":"post","link":"https:\/\/diarioprincipios.com\/index.php\/2022\/03\/18\/mussi-presento-un-nuevo-quirofano-movil-para-animales\/","title":{"rendered":"Mussi present\u00f3 un nuevo quir\u00f3fano m\u00f3vil para animales"},"content":{"rendered":"\n<p><strong>El intendente Juan Jos\u00e9 Mussi present\u00f3 un nuevo quir\u00f3fano m\u00f3vil que fue cedido en comodato al Municipio a trav\u00e9s del Programa Nacional de Tenencia Responsable y Sanidad de Perros y Gatos (ProTenencia), del Ministerio de Salud de la Naci\u00f3n. El evento, que se desarroll\u00f3 en el Complejo Los Privilegiados, tuvo la participaci\u00f3n especial del coordinador del Programa, el Dr. Juan Enrique Romero, quien adem\u00e1s brind\u00f3 una charla did\u00e1ctica sobre tutor\u00edas responsables para los presentes y transmitida en vivo por @beramascotera.<\/strong><br><br>\u201cHoy es un d\u00eda muy particular para todos aquellos que amamos a los perros y a los gatos. Tenemos en Berazategui, a mi juicio, a la persona que m\u00e1s conoce sobre animales dom\u00e9sticos, de compa\u00f1\u00eda. Es un orgullo que el Dr. Juan Enrique Romero est\u00e9 con nosotros y que adem\u00e1s nos deje un veh\u00edculo totalmente equipado, hasta con aire acondicionado, para poder castrar perros y gatos en los barrios, algo que hacemos siempre pero con este m\u00f3vil podremos ampliar el servicio\u201d, expres\u00f3 Mussi tras recorrer las instalaciones del nuevo quir\u00f3fano m\u00f3vil y disfrutar de la charla. Y agreg\u00f3: \u201cCon su sabidur\u00eda y su forma de comunicar tan espectacular, nos sac\u00f3 dudas y dej\u00f3 ense\u00f1anzas a muchos respecto de lo que significa tener un animal de compa\u00f1\u00eda\u201d.<\/p>\n\n\n\n<figure class=\"wp-block-image size-large\"><img loading=\"lazy\" decoding=\"async\" width=\"1024\" height=\"682\" src=\"https:\/\/diarioprincipios.com\/wp-content\/uploads\/2022\/03\/MUSSI-PRESENTO-UN-NUEVO-QUIROFANO-MOVIL-PARA-ANIMALES-DE-COMPANIA-CEDIDO-POR-NACION-4-1024x682.jpeg\" alt=\"\" class=\"wp-image-13078\" srcset=\"https:\/\/diarioprincipios.com\/wp-content\/uploads\/2022\/03\/MUSSI-PRESENTO-UN-NUEVO-QUIROFANO-MOVIL-PARA-ANIMALES-DE-COMPANIA-CEDIDO-POR-NACION-4-1024x682.jpeg 1024w, https:\/\/diarioprincipios.com\/wp-content\/uploads\/2022\/03\/MUSSI-PRESENTO-UN-NUEVO-QUIROFANO-MOVIL-PARA-ANIMALES-DE-COMPANIA-CEDIDO-POR-NACION-4-300x200.jpeg 300w, https:\/\/diarioprincipios.com\/wp-content\/uploads\/2022\/03\/MUSSI-PRESENTO-UN-NUEVO-QUIROFANO-MOVIL-PARA-ANIMALES-DE-COMPANIA-CEDIDO-POR-NACION-4-768x512.jpeg 768w, https:\/\/diarioprincipios.com\/wp-content\/uploads\/2022\/03\/MUSSI-PRESENTO-UN-NUEVO-QUIROFANO-MOVIL-PARA-ANIMALES-DE-COMPANIA-CEDIDO-POR-NACION-4.jpeg 1280w\" sizes=\"auto, (max-width: 1024px) 100vw, 1024px\" \/><\/figure>\n\n\n\n<p>En este sentido, el Intendente destac\u00f3 este importante aporte -en comodato- del Gobierno nacional: \u201cLa llegada de este veh\u00edculo significa que podremos ir a castrar a m\u00e1s barrios. Hay una gran demanda; el 86% de los hogares de Berazategui tiene uno o m\u00e1s animales de compa\u00f1\u00eda y esto es muy necesario, es entender que los animales son parte de la familia\u201d.<\/p>\n\n\n\n<p>Por su parte, el Dr. Romero destac\u00f3 el trabajo que se realiza desde hace a\u00f1os en la ciudad por la salud de las mascotas y la tutor\u00eda responsable. \u201cBerazategui es mi casa, sin dudas. Desde hace mucho tiempo venimos trabajando en conjunto y esto se ha destacado a trav\u00e9s del rol de Los Privilegiados, un parque municipal que tiene un hogar para perros discapacitados y para aquellos que no lo son, dispuestos en adopci\u00f3n\u201d.<\/p>\n\n\n\n<figure class=\"wp-block-image size-large\"><img loading=\"lazy\" decoding=\"async\" width=\"1024\" height=\"682\" src=\"https:\/\/diarioprincipios.com\/wp-content\/uploads\/2022\/03\/MUSSI-PRESENTO-UN-NUEVO-QUIROFANO-MOVIL-PARA-ANIMALES-DE-COMPANIA-CEDIDO-POR-NACION-3-1024x682.jpeg\" alt=\"\" class=\"wp-image-13079\" srcset=\"https:\/\/diarioprincipios.com\/wp-content\/uploads\/2022\/03\/MUSSI-PRESENTO-UN-NUEVO-QUIROFANO-MOVIL-PARA-ANIMALES-DE-COMPANIA-CEDIDO-POR-NACION-3-1024x682.jpeg 1024w, https:\/\/diarioprincipios.com\/wp-content\/uploads\/2022\/03\/MUSSI-PRESENTO-UN-NUEVO-QUIROFANO-MOVIL-PARA-ANIMALES-DE-COMPANIA-CEDIDO-POR-NACION-3-300x200.jpeg 300w, https:\/\/diarioprincipios.com\/wp-content\/uploads\/2022\/03\/MUSSI-PRESENTO-UN-NUEVO-QUIROFANO-MOVIL-PARA-ANIMALES-DE-COMPANIA-CEDIDO-POR-NACION-3-768x512.jpeg 768w, https:\/\/diarioprincipios.com\/wp-content\/uploads\/2022\/03\/MUSSI-PRESENTO-UN-NUEVO-QUIROFANO-MOVIL-PARA-ANIMALES-DE-COMPANIA-CEDIDO-POR-NACION-3.jpeg 1280w\" sizes=\"auto, (max-width: 1024px) 100vw, 1024px\" \/><\/figure>\n\n\n\n<p>Y declar\u00f3: \u201cTodo esto se corona hoy con la entrega de un nuevo quir\u00f3fano m\u00f3vil con la m\u00e1s alta tecnolog\u00eda y la capacidad que merece un Municipio que se ocupa de la gente, como lo es el de Berazategui, con un intendente como Juan Jos\u00e9 Mussi, un ser humano sensible para con la inquietud de sus vecinos. Desde el Gobierno nacional estamos ejecutando las pol\u00edticas p\u00fablicas correctas, apoyando a los municipios para llegar a los hogares argentinos\u201d, afirm\u00f3.<\/p>\n\n\n\n<p>Adem\u00e1s, el reconocido m\u00e9dico veterinario y coordinador del ProTenencia remarc\u00f3: \u201cBerazategui siempre estuvo a la vanguardia en lo que significa bienestar animal, en la Salud P\u00fablica. Tomar este \u00edtem como un elemento fundamental ser\u00e1 una distinci\u00f3n competitiva mayor como una ciudad mascotera, que entiende claramente cu\u00e1les son las necesidades de su comunidad\u201d.<\/p>\n\n\n\n<p>Bajo el t\u00edtulo \u201c\u00bfQu\u00e9 es un perro, qu\u00e9 es un gato?\u201d, su charla fue presenciada por proteccionistas, voluntarios\/as que colaboran con animales callejeros, familias que adoptaron animales de compa\u00f1\u00eda, vecinos y vecinas, alumnos y docentes de la Escuela Agraria, instituciones educativas p\u00fablicas y privadas, as\u00ed como agentes de las Fuerzas de Seguridad y del Poder Judicial local.<\/p>\n\n\n\n<p><strong>JORNADA DE CASTRACI\u00d3N Y VACUNACI\u00d3N<br><\/strong><br>Adem\u00e1s de la presentaci\u00f3n del quir\u00f3fano y la charla del reconocido veterinario, en el Complejo Los Privilegiados se llev\u00f3 a cabo la castraci\u00f3n y vacunaci\u00f3n de unos 25 animales y la vacunaci\u00f3n de m\u00e1s de 50 -entre perros y gatos-.<\/p>\n\n\n\n<p>Estas intervenciones se desarrollaron en el quir\u00f3fano municipal pero tambi\u00e9n en la nueva adquisici\u00f3n. De esta manera, ya son casi 600 las castraciones realizadas en lo que va de 2022 por la Cl\u00ednica Veterinaria Municipal, primera en su tipo en todo el pa\u00eds.<\/p>\n\n\n\n<p>\u201cEn Berazategui nos enfocamos y abocamos al bienestar y salud de nuestros animales. Desde temprano empezamos la jornada con castraci\u00f3n por turnos y vacunaci\u00f3n libre para perros y gatos\u201d, indic\u00f3 Jerem\u00edas Mc. Hardy, director Interino de la Cl\u00ednica Veterinaria Municipal.<\/p>\n\n\n\n<p>Entre otras autoridades municipales, tambi\u00e9n estuvieron presentes el secretario de Salud P\u00fablica e Higiene, Dr. Pablo Costa; y la subsecretaria, Dra. Luciana Soto; los secretarios de Privada, Mar\u00eda Del Carmen Flores; Desarrollo Social y Comunitario, Recreaci\u00f3n y Deportes, Mar\u00eda Laura Lacava; y de Gobierno, Antonio Amarilla.<\/p>\n","protected":false},"excerpt":{"rendered":"<p>El intendente Juan Jos\u00e9 Mussi present\u00f3 un nuevo quir\u00f3fano m\u00f3vil que fue cedido en comodato al Municipio a trav\u00e9s del Programa Nacional de Tenencia Responsable y Sanidad de Perros y Gatos (ProTenencia), del Ministerio de Salud de la Naci\u00f3n. El evento, que se desarroll\u00f3 en el Complejo Los Privilegiados, tuvo la participaci\u00f3n especial del coordinador&#8230;<\/p>\n","protected":false},"author":2,"featured_media":13080,"comment_status":"open","ping_status":"open","sticky":false,"template":"","format":"standard","meta":{"footnotes":""},"categories":[3],"tags":[],"class_list":["post-13077","post","type-post","status-publish","format-standard","has-post-thumbnail","hentry","category-berazategui"],"featured_image_src":"https:\/\/diarioprincipios.com\/wp-content\/uploads\/2022\/03\/MUSSI-PRESENTO-UN-NUEVO-QUIROFANO-MOVIL-PARA-ANIMALES-DE-COMPANIA-CEDIDO-POR-NACION-1-1024x682.jpeg","blog_images":{"medium":"https:\/\/diarioprincipios.com\/wp-content\/uploads\/2022\/03\/MUSSI-PRESENTO-UN-NUEVO-QUIROFANO-MOVIL-PARA-ANIMALES-DE-COMPANIA-CEDIDO-POR-NACION-1-300x200.jpeg","large":"https:\/\/diarioprincipios.com\/wp-content\/uploads\/2022\/03\/MUSSI-PRESENTO-UN-NUEVO-QUIROFANO-MOVIL-PARA-ANIMALES-DE-COMPANIA-CEDIDO-POR-NACION-1-1024x682.jpeg"},"ams_acf":[],"yoast_head":"<!-- This site is optimized with the Yoast SEO plugin v27.3 - https:\/\/yoast.com\/product\/yoast-seo-wordpress\/ -->\n<title>Mussi present\u00f3 un nuevo quir\u00f3fano m\u00f3vil para animales - Principios<\/title>\n<meta name=\"robots\" content=\"index, follow, max-snippet:-1, max-image-preview:large, max-video-preview:-1\" \/>\n<link rel=\"canonical\" href=\"https:\/\/diarioprincipios.com\/index.php\/2022\/03\/18\/mussi-presento-un-nuevo-quirofano-movil-para-animales\/\" \/>\n<meta property=\"og:locale\" content=\"es_ES\" \/>\n<meta property=\"og:type\" content=\"article\" \/>\n<meta property=\"og:title\" content=\"Mussi present\u00f3 un nuevo quir\u00f3fano m\u00f3vil para animales - Principios\" \/>\n<meta property=\"og:description\" content=\"El intendente Juan Jos\u00e9 Mussi present\u00f3 un nuevo quir\u00f3fano m\u00f3vil que fue cedido en comodato al Municipio a trav\u00e9s del Programa Nacional de Tenencia Responsable y Sanidad de Perros y Gatos (ProTenencia), del Ministerio de Salud de la Naci\u00f3n. El evento, que se desarroll\u00f3 en el Complejo Los Privilegiados, tuvo la participaci\u00f3n especial del coordinador...\" \/>\n<meta property=\"og:url\" content=\"https:\/\/diarioprincipios.com\/index.php\/2022\/03\/18\/mussi-presento-un-nuevo-quirofano-movil-para-animales\/\" \/>\n<meta property=\"og:site_name\" content=\"Principios\" \/>\n<meta property=\"article:published_time\" content=\"2022-03-18T12:21:29+00:00\" \/>\n<meta property=\"article:modified_time\" content=\"2022-03-18T12:21:37+00:00\" \/>\n<meta property=\"og:image\" content=\"https:\/\/diarioprincipios.com\/wp-content\/uploads\/2022\/03\/MUSSI-PRESENTO-UN-NUEVO-QUIROFANO-MOVIL-PARA-ANIMALES-DE-COMPANIA-CEDIDO-POR-NACION-1.jpeg\" \/>\n\t<meta property=\"og:image:width\" content=\"1280\" \/>\n\t<meta property=\"og:image:height\" content=\"853\" \/>\n\t<meta property=\"og:image:type\" content=\"image\/jpeg\" \/>\n<meta name=\"author\" content=\"Hern\u00e1n L\u00f3pez\" \/>\n<meta name=\"twitter:card\" content=\"summary_large_image\" \/>\n<meta name=\"twitter:label1\" content=\"Escrito por\" \/>\n\t<meta name=\"twitter:data1\" content=\"Hern\u00e1n L\u00f3pez\" \/>\n\t<meta name=\"twitter:label2\" content=\"Tiempo de lectura\" \/>\n\t<meta name=\"twitter:data2\" content=\"4 minutos\" \/>\n<script type=\"application\/ld+json\" class=\"yoast-schema-graph\">{\"@context\":\"https:\\\/\\\/schema.org\",\"@graph\":[{\"@type\":\"Article\",\"@id\":\"https:\\\/\\\/diarioprincipios.com\\\/index.php\\\/2022\\\/03\\\/18\\\/mussi-presento-un-nuevo-quirofano-movil-para-animales\\\/#article\",\"isPartOf\":{\"@id\":\"https:\\\/\\\/diarioprincipios.com\\\/index.php\\\/2022\\\/03\\\/18\\\/mussi-presento-un-nuevo-quirofano-movil-para-animales\\\/\"},\"author\":{\"name\":\"Hern\u00e1n L\u00f3pez\",\"@id\":\"https:\\\/\\\/diarioprincipios.com\\\/#\\\/schema\\\/person\\\/436d5a1fd41a5e250e23ff5a6a7cb080\"},\"headline\":\"Mussi present\u00f3 un nuevo quir\u00f3fano m\u00f3vil para animales\",\"datePublished\":\"2022-03-18T12:21:29+00:00\",\"dateModified\":\"2022-03-18T12:21:37+00:00\",\"mainEntityOfPage\":{\"@id\":\"https:\\\/\\\/diarioprincipios.com\\\/index.php\\\/2022\\\/03\\\/18\\\/mussi-presento-un-nuevo-quirofano-movil-para-animales\\\/\"},\"wordCount\":773,\"commentCount\":0,\"publisher\":{\"@id\":\"https:\\\/\\\/diarioprincipios.com\\\/#organization\"},\"image\":{\"@id\":\"https:\\\/\\\/diarioprincipios.com\\\/index.php\\\/2022\\\/03\\\/18\\\/mussi-presento-un-nuevo-quirofano-movil-para-animales\\\/#primaryimage\"},\"thumbnailUrl\":\"https:\\\/\\\/diarioprincipios.com\\\/wp-content\\\/uploads\\\/2022\\\/03\\\/MUSSI-PRESENTO-UN-NUEVO-QUIROFANO-MOVIL-PARA-ANIMALES-DE-COMPANIA-CEDIDO-POR-NACION-1.jpeg\",\"articleSection\":[\"Berazategui\"],\"inLanguage\":\"es\",\"potentialAction\":[{\"@type\":\"CommentAction\",\"name\":\"Comment\",\"target\":[\"https:\\\/\\\/diarioprincipios.com\\\/index.php\\\/2022\\\/03\\\/18\\\/mussi-presento-un-nuevo-quirofano-movil-para-animales\\\/#respond\"]}]},{\"@type\":\"WebPage\",\"@id\":\"https:\\\/\\\/diarioprincipios.com\\\/index.php\\\/2022\\\/03\\\/18\\\/mussi-presento-un-nuevo-quirofano-movil-para-animales\\\/\",\"url\":\"https:\\\/\\\/diarioprincipios.com\\\/index.php\\\/2022\\\/03\\\/18\\\/mussi-presento-un-nuevo-quirofano-movil-para-animales\\\/\",\"name\":\"Mussi present\u00f3 un nuevo quir\u00f3fano m\u00f3vil para animales - Principios\",\"isPartOf\":{\"@id\":\"https:\\\/\\\/diarioprincipios.com\\\/#website\"},\"primaryImageOfPage\":{\"@id\":\"https:\\\/\\\/diarioprincipios.com\\\/index.php\\\/2022\\\/03\\\/18\\\/mussi-presento-un-nuevo-quirofano-movil-para-animales\\\/#primaryimage\"},\"image\":{\"@id\":\"https:\\\/\\\/diarioprincipios.com\\\/index.php\\\/2022\\\/03\\\/18\\\/mussi-presento-un-nuevo-quirofano-movil-para-animales\\\/#primaryimage\"},\"thumbnailUrl\":\"https:\\\/\\\/diarioprincipios.com\\\/wp-content\\\/uploads\\\/2022\\\/03\\\/MUSSI-PRESENTO-UN-NUEVO-QUIROFANO-MOVIL-PARA-ANIMALES-DE-COMPANIA-CEDIDO-POR-NACION-1.jpeg\",\"datePublished\":\"2022-03-18T12:21:29+00:00\",\"dateModified\":\"2022-03-18T12:21:37+00:00\",\"breadcrumb\":{\"@id\":\"https:\\\/\\\/diarioprincipios.com\\\/index.php\\\/2022\\\/03\\\/18\\\/mussi-presento-un-nuevo-quirofano-movil-para-animales\\\/#breadcrumb\"},\"inLanguage\":\"es\",\"potentialAction\":[{\"@type\":\"ReadAction\",\"target\":[\"https:\\\/\\\/diarioprincipios.com\\\/index.php\\\/2022\\\/03\\\/18\\\/mussi-presento-un-nuevo-quirofano-movil-para-animales\\\/\"]}]},{\"@type\":\"ImageObject\",\"inLanguage\":\"es\",\"@id\":\"https:\\\/\\\/diarioprincipios.com\\\/index.php\\\/2022\\\/03\\\/18\\\/mussi-presento-un-nuevo-quirofano-movil-para-animales\\\/#primaryimage\",\"url\":\"https:\\\/\\\/diarioprincipios.com\\\/wp-content\\\/uploads\\\/2022\\\/03\\\/MUSSI-PRESENTO-UN-NUEVO-QUIROFANO-MOVIL-PARA-ANIMALES-DE-COMPANIA-CEDIDO-POR-NACION-1.jpeg\",\"contentUrl\":\"https:\\\/\\\/diarioprincipios.com\\\/wp-content\\\/uploads\\\/2022\\\/03\\\/MUSSI-PRESENTO-UN-NUEVO-QUIROFANO-MOVIL-PARA-ANIMALES-DE-COMPANIA-CEDIDO-POR-NACION-1.jpeg\",\"width\":1280,\"height\":853},{\"@type\":\"BreadcrumbList\",\"@id\":\"https:\\\/\\\/diarioprincipios.com\\\/index.php\\\/2022\\\/03\\\/18\\\/mussi-presento-un-nuevo-quirofano-movil-para-animales\\\/#breadcrumb\",\"itemListElement\":[{\"@type\":\"ListItem\",\"position\":1,\"name\":\"Portada\",\"item\":\"https:\\\/\\\/diarioprincipios.com\\\/\"},{\"@type\":\"ListItem\",\"position\":2,\"name\":\"Mussi present\u00f3 un nuevo quir\u00f3fano m\u00f3vil para animales\"}]},{\"@type\":\"WebSite\",\"@id\":\"https:\\\/\\\/diarioprincipios.com\\\/#website\",\"url\":\"https:\\\/\\\/diarioprincipios.com\\\/\",\"name\":\"Principios\",\"description\":\"Principios Diario\",\"publisher\":{\"@id\":\"https:\\\/\\\/diarioprincipios.com\\\/#organization\"},\"potentialAction\":[{\"@type\":\"SearchAction\",\"target\":{\"@type\":\"EntryPoint\",\"urlTemplate\":\"https:\\\/\\\/diarioprincipios.com\\\/?s={search_term_string}\"},\"query-input\":{\"@type\":\"PropertyValueSpecification\",\"valueRequired\":true,\"valueName\":\"search_term_string\"}}],\"inLanguage\":\"es\"},{\"@type\":\"Organization\",\"@id\":\"https:\\\/\\\/diarioprincipios.com\\\/#organization\",\"name\":\"Principios\",\"url\":\"https:\\\/\\\/diarioprincipios.com\\\/\",\"logo\":{\"@type\":\"ImageObject\",\"inLanguage\":\"es\",\"@id\":\"https:\\\/\\\/diarioprincipios.com\\\/#\\\/schema\\\/logo\\\/image\\\/\",\"url\":\"https:\\\/\\\/diarioprincipios.com\\\/wp-content\\\/uploads\\\/2024\\\/04\\\/cropped-www.diarioprincipios.com_-1.png\",\"contentUrl\":\"https:\\\/\\\/diarioprincipios.com\\\/wp-content\\\/uploads\\\/2024\\\/04\\\/cropped-www.diarioprincipios.com_-1.png\",\"width\":5325,\"height\":1454,\"caption\":\"Principios\"},\"image\":{\"@id\":\"https:\\\/\\\/diarioprincipios.com\\\/#\\\/schema\\\/logo\\\/image\\\/\"}},{\"@type\":\"Person\",\"@id\":\"https:\\\/\\\/diarioprincipios.com\\\/#\\\/schema\\\/person\\\/436d5a1fd41a5e250e23ff5a6a7cb080\",\"name\":\"Hern\u00e1n L\u00f3pez\",\"image\":{\"@type\":\"ImageObject\",\"inLanguage\":\"es\",\"@id\":\"https:\\\/\\\/diarioprincipios.com\\\/wp-content\\\/litespeed\\\/avatar\\\/11ddfe5610ff3bd100522525b2571f48.jpg?ver=1777048341\",\"url\":\"https:\\\/\\\/diarioprincipios.com\\\/wp-content\\\/litespeed\\\/avatar\\\/11ddfe5610ff3bd100522525b2571f48.jpg?ver=1777048341\",\"contentUrl\":\"https:\\\/\\\/diarioprincipios.com\\\/wp-content\\\/litespeed\\\/avatar\\\/11ddfe5610ff3bd100522525b2571f48.jpg?ver=1777048341\",\"caption\":\"Hern\u00e1n L\u00f3pez\"},\"url\":\"https:\\\/\\\/diarioprincipios.com\\\/index.php\\\/author\\\/hernan\\\/\"}]}<\/script>\n<!-- \/ Yoast SEO plugin. -->","yoast_head_json":{"title":"Mussi present\u00f3 un nuevo quir\u00f3fano m\u00f3vil para animales - Principios","robots":{"index":"index","follow":"follow","max-snippet":"max-snippet:-1","max-image-preview":"max-image-preview:large","max-video-preview":"max-video-preview:-1"},"canonical":"https:\/\/diarioprincipios.com\/index.php\/2022\/03\/18\/mussi-presento-un-nuevo-quirofano-movil-para-animales\/","og_locale":"es_ES","og_type":"article","og_title":"Mussi present\u00f3 un nuevo quir\u00f3fano m\u00f3vil para animales - Principios","og_description":"El intendente Juan Jos\u00e9 Mussi present\u00f3 un nuevo quir\u00f3fano m\u00f3vil que fue cedido en comodato al Municipio a trav\u00e9s del Programa Nacional de Tenencia Responsable y Sanidad de Perros y Gatos (ProTenencia), del Ministerio de Salud de la Naci\u00f3n. El evento, que se desarroll\u00f3 en el Complejo Los Privilegiados, tuvo la participaci\u00f3n especial del coordinador...","og_url":"https:\/\/diarioprincipios.com\/index.php\/2022\/03\/18\/mussi-presento-un-nuevo-quirofano-movil-para-animales\/","og_site_name":"Principios","article_published_time":"2022-03-18T12:21:29+00:00","article_modified_time":"2022-03-18T12:21:37+00:00","og_image":[{"width":1280,"height":853,"url":"https:\/\/diarioprincipios.com\/wp-content\/uploads\/2022\/03\/MUSSI-PRESENTO-UN-NUEVO-QUIROFANO-MOVIL-PARA-ANIMALES-DE-COMPANIA-CEDIDO-POR-NACION-1.jpeg","type":"image\/jpeg"}],"author":"Hern\u00e1n L\u00f3pez","twitter_card":"summary_large_image","twitter_misc":{"Escrito por":"Hern\u00e1n L\u00f3pez","Tiempo de lectura":"4 minutos"},"schema":{"@context":"https:\/\/schema.org","@graph":[{"@type":"Article","@id":"https:\/\/diarioprincipios.com\/index.php\/2022\/03\/18\/mussi-presento-un-nuevo-quirofano-movil-para-animales\/#article","isPartOf":{"@id":"https:\/\/diarioprincipios.com\/index.php\/2022\/03\/18\/mussi-presento-un-nuevo-quirofano-movil-para-animales\/"},"author":{"name":"Hern\u00e1n L\u00f3pez","@id":"https:\/\/diarioprincipios.com\/#\/schema\/person\/436d5a1fd41a5e250e23ff5a6a7cb080"},"headline":"Mussi present\u00f3 un nuevo quir\u00f3fano m\u00f3vil para animales","datePublished":"2022-03-18T12:21:29+00:00","dateModified":"2022-03-18T12:21:37+00:00","mainEntityOfPage":{"@id":"https:\/\/diarioprincipios.com\/index.php\/2022\/03\/18\/mussi-presento-un-nuevo-quirofano-movil-para-animales\/"},"wordCount":773,"commentCount":0,"publisher":{"@id":"https:\/\/diarioprincipios.com\/#organization"},"image":{"@id":"https:\/\/diarioprincipios.com\/index.php\/2022\/03\/18\/mussi-presento-un-nuevo-quirofano-movil-para-animales\/#primaryimage"},"thumbnailUrl":"https:\/\/diarioprincipios.com\/wp-content\/uploads\/2022\/03\/MUSSI-PRESENTO-UN-NUEVO-QUIROFANO-MOVIL-PARA-ANIMALES-DE-COMPANIA-CEDIDO-POR-NACION-1.jpeg","articleSection":["Berazategui"],"inLanguage":"es","potentialAction":[{"@type":"CommentAction","name":"Comment","target":["https:\/\/diarioprincipios.com\/index.php\/2022\/03\/18\/mussi-presento-un-nuevo-quirofano-movil-para-animales\/#respond"]}]},{"@type":"WebPage","@id":"https:\/\/diarioprincipios.com\/index.php\/2022\/03\/18\/mussi-presento-un-nuevo-quirofano-movil-para-animales\/","url":"https:\/\/diarioprincipios.com\/index.php\/2022\/03\/18\/mussi-presento-un-nuevo-quirofano-movil-para-animales\/","name":"Mussi present\u00f3 un nuevo quir\u00f3fano m\u00f3vil para animales - Principios","isPartOf":{"@id":"https:\/\/diarioprincipios.com\/#website"},"primaryImageOfPage":{"@id":"https:\/\/diarioprincipios.com\/index.php\/2022\/03\/18\/mussi-presento-un-nuevo-quirofano-movil-para-animales\/#primaryimage"},"image":{"@id":"https:\/\/diarioprincipios.com\/index.php\/2022\/03\/18\/mussi-presento-un-nuevo-quirofano-movil-para-animales\/#primaryimage"},"thumbnailUrl":"https:\/\/diarioprincipios.com\/wp-content\/uploads\/2022\/03\/MUSSI-PRESENTO-UN-NUEVO-QUIROFANO-MOVIL-PARA-ANIMALES-DE-COMPANIA-CEDIDO-POR-NACION-1.jpeg","datePublished":"2022-03-18T12:21:29+00:00","dateModified":"2022-03-18T12:21:37+00:00","breadcrumb":{"@id":"https:\/\/diarioprincipios.com\/index.php\/2022\/03\/18\/mussi-presento-un-nuevo-quirofano-movil-para-animales\/#breadcrumb"},"inLanguage":"es","potentialAction":[{"@type":"ReadAction","target":["https:\/\/diarioprincipios.com\/index.php\/2022\/03\/18\/mussi-presento-un-nuevo-quirofano-movil-para-animales\/"]}]},{"@type":"ImageObject","inLanguage":"es","@id":"https:\/\/diarioprincipios.com\/index.php\/2022\/03\/18\/mussi-presento-un-nuevo-quirofano-movil-para-animales\/#primaryimage","url":"https:\/\/diarioprincipios.com\/wp-content\/uploads\/2022\/03\/MUSSI-PRESENTO-UN-NUEVO-QUIROFANO-MOVIL-PARA-ANIMALES-DE-COMPANIA-CEDIDO-POR-NACION-1.jpeg","contentUrl":"https:\/\/diarioprincipios.com\/wp-content\/uploads\/2022\/03\/MUSSI-PRESENTO-UN-NUEVO-QUIROFANO-MOVIL-PARA-ANIMALES-DE-COMPANIA-CEDIDO-POR-NACION-1.jpeg","width":1280,"height":853},{"@type":"BreadcrumbList","@id":"https:\/\/diarioprincipios.com\/index.php\/2022\/03\/18\/mussi-presento-un-nuevo-quirofano-movil-para-animales\/#breadcrumb","itemListElement":[{"@type":"ListItem","position":1,"name":"Portada","item":"https:\/\/diarioprincipios.com\/"},{"@type":"ListItem","position":2,"name":"Mussi present\u00f3 un nuevo quir\u00f3fano m\u00f3vil para animales"}]},{"@type":"WebSite","@id":"https:\/\/diarioprincipios.com\/#website","url":"https:\/\/diarioprincipios.com\/","name":"Principios","description":"Principios Diario","publisher":{"@id":"https:\/\/diarioprincipios.com\/#organization"},"potentialAction":[{"@type":"SearchAction","target":{"@type":"EntryPoint","urlTemplate":"https:\/\/diarioprincipios.com\/?s={search_term_string}"},"query-input":{"@type":"PropertyValueSpecification","valueRequired":true,"valueName":"search_term_string"}}],"inLanguage":"es"},{"@type":"Organization","@id":"https:\/\/diarioprincipios.com\/#organization","name":"Principios","url":"https:\/\/diarioprincipios.com\/","logo":{"@type":"ImageObject","inLanguage":"es","@id":"https:\/\/diarioprincipios.com\/#\/schema\/logo\/image\/","url":"https:\/\/diarioprincipios.com\/wp-content\/uploads\/2024\/04\/cropped-www.diarioprincipios.com_-1.png","contentUrl":"https:\/\/diarioprincipios.com\/wp-content\/uploads\/2024\/04\/cropped-www.diarioprincipios.com_-1.png","width":5325,"height":1454,"caption":"Principios"},"image":{"@id":"https:\/\/diarioprincipios.com\/#\/schema\/logo\/image\/"}},{"@type":"Person","@id":"https:\/\/diarioprincipios.com\/#\/schema\/person\/436d5a1fd41a5e250e23ff5a6a7cb080","name":"Hern\u00e1n L\u00f3pez","image":{"@type":"ImageObject","inLanguage":"es","@id":"https:\/\/diarioprincipios.com\/wp-content\/litespeed\/avatar\/11ddfe5610ff3bd100522525b2571f48.jpg?ver=1777048341","url":"https:\/\/diarioprincipios.com\/wp-content\/litespeed\/avatar\/11ddfe5610ff3bd100522525b2571f48.jpg?ver=1777048341","contentUrl":"https:\/\/diarioprincipios.com\/wp-content\/litespeed\/avatar\/11ddfe5610ff3bd100522525b2571f48.jpg?ver=1777048341","caption":"Hern\u00e1n L\u00f3pez"},"url":"https:\/\/diarioprincipios.com\/index.php\/author\/hernan\/"}]}},"jetpack_featured_media_url":"https:\/\/diarioprincipios.com\/wp-content\/uploads\/2022\/03\/MUSSI-PRESENTO-UN-NUEVO-QUIROFANO-MOVIL-PARA-ANIMALES-DE-COMPANIA-CEDIDO-POR-NACION-1.jpeg","_links":{"self":[{"href":"https:\/\/diarioprincipios.com\/index.php\/wp-json\/wp\/v2\/posts\/13077","targetHints":{"allow":["GET"]}}],"collection":[{"href":"https:\/\/diarioprincipios.com\/index.php\/wp-json\/wp\/v2\/posts"}],"about":[{"href":"https:\/\/diarioprincipios.com\/index.php\/wp-json\/wp\/v2\/types\/post"}],"author":[{"embeddable":true,"href":"https:\/\/diarioprincipios.com\/index.php\/wp-json\/wp\/v2\/users\/2"}],"replies":[{"embeddable":true,"href":"https:\/\/diarioprincipios.com\/index.php\/wp-json\/wp\/v2\/comments?post=13077"}],"version-history":[{"count":1,"href":"https:\/\/diarioprincipios.com\/index.php\/wp-json\/wp\/v2\/posts\/13077\/revisions"}],"predecessor-version":[{"id":13081,"href":"https:\/\/diarioprincipios.com\/index.php\/wp-json\/wp\/v2\/posts\/13077\/revisions\/13081"}],"wp:featuredmedia":[{"embeddable":true,"href":"https:\/\/diarioprincipios.com\/index.php\/wp-json\/wp\/v2\/media\/13080"}],"wp:attachment":[{"href":"https:\/\/diarioprincipios.com\/index.php\/wp-json\/wp\/v2\/media?parent=13077"}],"wp:term":[{"taxonomy":"category","embeddable":true,"href":"https:\/\/diarioprincipios.com\/index.php\/wp-json\/wp\/v2\/categories?post=13077"},{"taxonomy":"post_tag","embeddable":true,"href":"https:\/\/diarioprincipios.com\/index.php\/wp-json\/wp\/v2\/tags?post=13077"}],"curies":[{"name":"wp","href":"https:\/\/api.w.org\/{rel}","templated":true}]}}