{"id":13043,"date":"2022-03-16T13:58:46","date_gmt":"2022-03-16T16:58:46","guid":{"rendered":"http:\/\/diarioprincipios.com\/?p=13043"},"modified":"2022-03-16T13:58:52","modified_gmt":"2022-03-16T16:58:52","slug":"se-realizara-la-segunda-etapa-del-recambio-de-canerias-en-berazategui-centro","status":"publish","type":"post","link":"https:\/\/diarioprincipios.com\/index.php\/2022\/03\/16\/se-realizara-la-segunda-etapa-del-recambio-de-canerias-en-berazategui-centro\/","title":{"rendered":"Se realizar\u00e1 la segunda etapa del Recambio de Ca\u00f1er\u00edas en Berazategui Centro"},"content":{"rendered":"\n<p><strong>Con el objetivo de seguir mejorando la distribuci\u00f3n y caudal del servicio de agua potable en el Centro de Berazategui, el intendente Juan Jos\u00e9 Mussi firm\u00f3 un convenio con el titular del Ente Nacional de Obras H\u00eddricas y Saneamiento de la Naci\u00f3n (ENOHSA), N\u00e9stor \u00c1lvarez, para la realizaci\u00f3n de la segunda etapa de recambio de ca\u00f1er\u00edas en el casco c\u00e9ntrico.<\/strong><\/p>\n\n\n\n<p>La ceremonia se desarroll\u00f3 en el Edificio Municipal, donde tambi\u00e9n estuvo presente el secretario de Servicios P\u00fablicos, Sergio Faccenda, quien brind\u00f3 detalles sobre este nuevo convenio celebrado entre la Municipalidad de Berazategui y ENOHSA.<\/p>\n\n\n\n<p>\u201cA trav\u00e9s de la gesti\u00f3n del Intendente con el ministro de Obras P\u00fablicas de la Naci\u00f3n, Gabriel Katopodis; y hoy, con la presencia de N\u00e9stor \u00c1lvarez -representante del ENOHSA-, pudimos recibir la segunda etapa de financiaci\u00f3n para la obra de recambio de ca\u00f1er\u00edas de la zona Centro de Berazategui. Ya estamos ejecutando la primera etapa. Este convenio se hab\u00eda proyectado en 2021, cuando se presentaron las dos etapas de obra. Hoy se aprob\u00f3 la segunda y eso permitir\u00e1 continuar con los trabajos\u201d, explic\u00f3 Faccenda. Y anunci\u00f3: \u201cYa estamos preparando la tercera etapa de intervenci\u00f3n para este a\u00f1o y as\u00ed concluir con el recambio en el per\u00edmetro de la calle 5 hasta la avenida Dra. Julieta Lanteri (21)\u201d.<\/p>\n\n\n\n<p>En este marco, el secretario de Servicios P\u00fablicos local hizo hincapi\u00e9 en la importancia de continuar con esta obra. \u201cProyectamos trabajar exclusivamente en ca\u00f1er\u00edas domiciliarias y en una extensi\u00f3n de la ca\u00f1er\u00eda primaria que va a llegar hasta las calles 10 y 17, agregando as\u00ed 3 transversales principales. Gracias a la firma del convenio, y tras la licitaci\u00f3n p\u00fablica, se iniciar\u00e1 en aproximadamente dos meses\u201d, resalt\u00f3.<\/p>\n\n\n\n<p>Finalmente, Faccenda remarc\u00f3 lo trascendental de estas acciones para los vecinos y vecinas del distrito: \u201cEsta obra responde al alto crecimiento de la zona del Centro. Las ca\u00f1er\u00edas quedaron obsoletas. No hab\u00edamos podido conseguir el financiamiento y, con la llegada de la gesti\u00f3n del presidente Alberto Fern\u00e1ndez, el intendente Mussi present\u00f3 nuevamente el proyecto y hemos conseguido apoyo inmediatamente para encarar las obras desde 2020. De esta manera podemos responder a la problem\u00e1tica del agua en Berazategui\u00bb.<\/p>\n\n\n\n<p>El proyecto abarca un \u00e1rea aproximada de 35 hect\u00e1reas y se encuentra conformado por las redes de distribuci\u00f3n de la zona Centro de Berazategui, comprendidas en el per\u00edmetro conformado por las avenidas Mitre\/N\u00e9stor Kirchner y Lisandro de La Torre, y las calles 10 y 17. Tambi\u00e9n incluye el recambio de un tramo perteneciente a una conducci\u00f3n principal, que inicia en la calle 10, contin\u00faa por 146, luego Lisandro de la Torre y finaliza en calle 17 y 148.<\/p>\n\n\n\n<p><strong>La primera etapa ya avanz\u00f3 en un 40%<br><\/strong><br>La primera etapa en la obra de recambio de ca\u00f1er\u00edas abarca desde la calle 12 hasta la 16; y desde Av. Mitre\/ N\u00e9stor Kirchner hasta Lisandro de la Torre.<\/p>\n\n\n\n<p>Primero se trabaj\u00f3 en la zona comprendida entre la avenida 14 y la calle 16, desde N\u00e9stor Kirchner hasta Lisandro de la Torre. Esta secci\u00f3n tiene un 70% de avance en la red domiciliaria. Finalizados estos trabajos, se continuar\u00e1 con la red principal en la calle 151 entre la avenida Dra. Julieta Lanteri (21) y 14; y en la Av. 14 entre 142 y N\u00e9stor Kirchner. Estas son las dos ca\u00f1er\u00edas principales que ingresan al Centro de la Ciudad. Adem\u00e1s, ya comenz\u00f3 la obra de puesta en valor de la cisterna principal de la Plaza de La Paz, que provee de agua a esta ca\u00f1er\u00eda.<\/p>\n","protected":false},"excerpt":{"rendered":"<p>Con el objetivo de seguir mejorando la distribuci\u00f3n y caudal del servicio de agua potable en el Centro de Berazategui, el intendente Juan Jos\u00e9 Mussi firm\u00f3 un convenio con el titular del Ente Nacional de Obras H\u00eddricas y Saneamiento de la Naci\u00f3n (ENOHSA), N\u00e9stor \u00c1lvarez, para la realizaci\u00f3n de la segunda etapa de recambio de&#8230;<\/p>\n","protected":false},"author":2,"featured_media":13044,"comment_status":"open","ping_status":"open","sticky":false,"template":"","format":"standard","meta":{"footnotes":""},"categories":[3],"tags":[],"class_list":["post-13043","post","type-post","status-publish","format-standard","has-post-thumbnail","hentry","category-berazategui"],"featured_image_src":"https:\/\/diarioprincipios.com\/wp-content\/uploads\/2022\/03\/SE-REALIZARA-LA-SEGUNDA-ETAPA-DEL-RECAMBIO-DE-CANERIAS-EN-BERAZATEGUI-CENTRO-1024x682.jpeg","blog_images":{"medium":"https:\/\/diarioprincipios.com\/wp-content\/uploads\/2022\/03\/SE-REALIZARA-LA-SEGUNDA-ETAPA-DEL-RECAMBIO-DE-CANERIAS-EN-BERAZATEGUI-CENTRO-300x200.jpeg","large":"https:\/\/diarioprincipios.com\/wp-content\/uploads\/2022\/03\/SE-REALIZARA-LA-SEGUNDA-ETAPA-DEL-RECAMBIO-DE-CANERIAS-EN-BERAZATEGUI-CENTRO-1024x682.jpeg"},"ams_acf":[],"yoast_head":"<!-- This site is optimized with the Yoast SEO plugin v27.3 - https:\/\/yoast.com\/product\/yoast-seo-wordpress\/ -->\n<title>Se realizar\u00e1 la segunda etapa del Recambio de Ca\u00f1er\u00edas en Berazategui Centro - Principios<\/title>\n<meta name=\"robots\" content=\"index, follow, max-snippet:-1, max-image-preview:large, max-video-preview:-1\" \/>\n<link rel=\"canonical\" href=\"https:\/\/diarioprincipios.com\/index.php\/2022\/03\/16\/se-realizara-la-segunda-etapa-del-recambio-de-canerias-en-berazategui-centro\/\" \/>\n<meta property=\"og:locale\" content=\"es_ES\" \/>\n<meta property=\"og:type\" content=\"article\" \/>\n<meta property=\"og:title\" content=\"Se realizar\u00e1 la segunda etapa del Recambio de Ca\u00f1er\u00edas en Berazategui Centro - Principios\" \/>\n<meta property=\"og:description\" content=\"Con el objetivo de seguir mejorando la distribuci\u00f3n y caudal del servicio de agua potable en el Centro de Berazategui, el intendente Juan Jos\u00e9 Mussi firm\u00f3 un convenio con el titular del Ente Nacional de Obras H\u00eddricas y Saneamiento de la Naci\u00f3n (ENOHSA), N\u00e9stor \u00c1lvarez, para la realizaci\u00f3n de la segunda etapa de recambio de...\" \/>\n<meta property=\"og:url\" content=\"https:\/\/diarioprincipios.com\/index.php\/2022\/03\/16\/se-realizara-la-segunda-etapa-del-recambio-de-canerias-en-berazategui-centro\/\" \/>\n<meta property=\"og:site_name\" content=\"Principios\" \/>\n<meta property=\"article:published_time\" content=\"2022-03-16T16:58:46+00:00\" \/>\n<meta property=\"article:modified_time\" content=\"2022-03-16T16:58:52+00:00\" \/>\n<meta property=\"og:image\" content=\"https:\/\/diarioprincipios.com\/wp-content\/uploads\/2022\/03\/SE-REALIZARA-LA-SEGUNDA-ETAPA-DEL-RECAMBIO-DE-CANERIAS-EN-BERAZATEGUI-CENTRO.jpeg\" \/>\n\t<meta property=\"og:image:width\" content=\"1280\" \/>\n\t<meta property=\"og:image:height\" content=\"853\" \/>\n\t<meta property=\"og:image:type\" content=\"image\/jpeg\" \/>\n<meta name=\"author\" content=\"Hern\u00e1n L\u00f3pez\" \/>\n<meta name=\"twitter:card\" content=\"summary_large_image\" \/>\n<meta name=\"twitter:label1\" content=\"Escrito por\" \/>\n\t<meta name=\"twitter:data1\" content=\"Hern\u00e1n L\u00f3pez\" \/>\n\t<meta name=\"twitter:label2\" content=\"Tiempo de lectura\" \/>\n\t<meta name=\"twitter:data2\" content=\"3 minutos\" \/>\n<script type=\"application\/ld+json\" class=\"yoast-schema-graph\">{\"@context\":\"https:\\\/\\\/schema.org\",\"@graph\":[{\"@type\":\"Article\",\"@id\":\"https:\\\/\\\/diarioprincipios.com\\\/index.php\\\/2022\\\/03\\\/16\\\/se-realizara-la-segunda-etapa-del-recambio-de-canerias-en-berazategui-centro\\\/#article\",\"isPartOf\":{\"@id\":\"https:\\\/\\\/diarioprincipios.com\\\/index.php\\\/2022\\\/03\\\/16\\\/se-realizara-la-segunda-etapa-del-recambio-de-canerias-en-berazategui-centro\\\/\"},\"author\":{\"name\":\"Hern\u00e1n L\u00f3pez\",\"@id\":\"https:\\\/\\\/diarioprincipios.com\\\/#\\\/schema\\\/person\\\/436d5a1fd41a5e250e23ff5a6a7cb080\"},\"headline\":\"Se realizar\u00e1 la segunda etapa del Recambio de Ca\u00f1er\u00edas en Berazategui Centro\",\"datePublished\":\"2022-03-16T16:58:46+00:00\",\"dateModified\":\"2022-03-16T16:58:52+00:00\",\"mainEntityOfPage\":{\"@id\":\"https:\\\/\\\/diarioprincipios.com\\\/index.php\\\/2022\\\/03\\\/16\\\/se-realizara-la-segunda-etapa-del-recambio-de-canerias-en-berazategui-centro\\\/\"},\"wordCount\":618,\"commentCount\":0,\"publisher\":{\"@id\":\"https:\\\/\\\/diarioprincipios.com\\\/#organization\"},\"image\":{\"@id\":\"https:\\\/\\\/diarioprincipios.com\\\/index.php\\\/2022\\\/03\\\/16\\\/se-realizara-la-segunda-etapa-del-recambio-de-canerias-en-berazategui-centro\\\/#primaryimage\"},\"thumbnailUrl\":\"https:\\\/\\\/diarioprincipios.com\\\/wp-content\\\/uploads\\\/2022\\\/03\\\/SE-REALIZARA-LA-SEGUNDA-ETAPA-DEL-RECAMBIO-DE-CANERIAS-EN-BERAZATEGUI-CENTRO.jpeg\",\"articleSection\":[\"Berazategui\"],\"inLanguage\":\"es\",\"potentialAction\":[{\"@type\":\"CommentAction\",\"name\":\"Comment\",\"target\":[\"https:\\\/\\\/diarioprincipios.com\\\/index.php\\\/2022\\\/03\\\/16\\\/se-realizara-la-segunda-etapa-del-recambio-de-canerias-en-berazategui-centro\\\/#respond\"]}]},{\"@type\":\"WebPage\",\"@id\":\"https:\\\/\\\/diarioprincipios.com\\\/index.php\\\/2022\\\/03\\\/16\\\/se-realizara-la-segunda-etapa-del-recambio-de-canerias-en-berazategui-centro\\\/\",\"url\":\"https:\\\/\\\/diarioprincipios.com\\\/index.php\\\/2022\\\/03\\\/16\\\/se-realizara-la-segunda-etapa-del-recambio-de-canerias-en-berazategui-centro\\\/\",\"name\":\"Se realizar\u00e1 la segunda etapa del Recambio de Ca\u00f1er\u00edas en Berazategui Centro - Principios\",\"isPartOf\":{\"@id\":\"https:\\\/\\\/diarioprincipios.com\\\/#website\"},\"primaryImageOfPage\":{\"@id\":\"https:\\\/\\\/diarioprincipios.com\\\/index.php\\\/2022\\\/03\\\/16\\\/se-realizara-la-segunda-etapa-del-recambio-de-canerias-en-berazategui-centro\\\/#primaryimage\"},\"image\":{\"@id\":\"https:\\\/\\\/diarioprincipios.com\\\/index.php\\\/2022\\\/03\\\/16\\\/se-realizara-la-segunda-etapa-del-recambio-de-canerias-en-berazategui-centro\\\/#primaryimage\"},\"thumbnailUrl\":\"https:\\\/\\\/diarioprincipios.com\\\/wp-content\\\/uploads\\\/2022\\\/03\\\/SE-REALIZARA-LA-SEGUNDA-ETAPA-DEL-RECAMBIO-DE-CANERIAS-EN-BERAZATEGUI-CENTRO.jpeg\",\"datePublished\":\"2022-03-16T16:58:46+00:00\",\"dateModified\":\"2022-03-16T16:58:52+00:00\",\"breadcrumb\":{\"@id\":\"https:\\\/\\\/diarioprincipios.com\\\/index.php\\\/2022\\\/03\\\/16\\\/se-realizara-la-segunda-etapa-del-recambio-de-canerias-en-berazategui-centro\\\/#breadcrumb\"},\"inLanguage\":\"es\",\"potentialAction\":[{\"@type\":\"ReadAction\",\"target\":[\"https:\\\/\\\/diarioprincipios.com\\\/index.php\\\/2022\\\/03\\\/16\\\/se-realizara-la-segunda-etapa-del-recambio-de-canerias-en-berazategui-centro\\\/\"]}]},{\"@type\":\"ImageObject\",\"inLanguage\":\"es\",\"@id\":\"https:\\\/\\\/diarioprincipios.com\\\/index.php\\\/2022\\\/03\\\/16\\\/se-realizara-la-segunda-etapa-del-recambio-de-canerias-en-berazategui-centro\\\/#primaryimage\",\"url\":\"https:\\\/\\\/diarioprincipios.com\\\/wp-content\\\/uploads\\\/2022\\\/03\\\/SE-REALIZARA-LA-SEGUNDA-ETAPA-DEL-RECAMBIO-DE-CANERIAS-EN-BERAZATEGUI-CENTRO.jpeg\",\"contentUrl\":\"https:\\\/\\\/diarioprincipios.com\\\/wp-content\\\/uploads\\\/2022\\\/03\\\/SE-REALIZARA-LA-SEGUNDA-ETAPA-DEL-RECAMBIO-DE-CANERIAS-EN-BERAZATEGUI-CENTRO.jpeg\",\"width\":1280,\"height\":853},{\"@type\":\"BreadcrumbList\",\"@id\":\"https:\\\/\\\/diarioprincipios.com\\\/index.php\\\/2022\\\/03\\\/16\\\/se-realizara-la-segunda-etapa-del-recambio-de-canerias-en-berazategui-centro\\\/#breadcrumb\",\"itemListElement\":[{\"@type\":\"ListItem\",\"position\":1,\"name\":\"Portada\",\"item\":\"https:\\\/\\\/diarioprincipios.com\\\/\"},{\"@type\":\"ListItem\",\"position\":2,\"name\":\"Se realizar\u00e1 la segunda etapa del Recambio de Ca\u00f1er\u00edas en Berazategui Centro\"}]},{\"@type\":\"WebSite\",\"@id\":\"https:\\\/\\\/diarioprincipios.com\\\/#website\",\"url\":\"https:\\\/\\\/diarioprincipios.com\\\/\",\"name\":\"Principios\",\"description\":\"Principios Diario\",\"publisher\":{\"@id\":\"https:\\\/\\\/diarioprincipios.com\\\/#organization\"},\"potentialAction\":[{\"@type\":\"SearchAction\",\"target\":{\"@type\":\"EntryPoint\",\"urlTemplate\":\"https:\\\/\\\/diarioprincipios.com\\\/?s={search_term_string}\"},\"query-input\":{\"@type\":\"PropertyValueSpecification\",\"valueRequired\":true,\"valueName\":\"search_term_string\"}}],\"inLanguage\":\"es\"},{\"@type\":\"Organization\",\"@id\":\"https:\\\/\\\/diarioprincipios.com\\\/#organization\",\"name\":\"Principios\",\"url\":\"https:\\\/\\\/diarioprincipios.com\\\/\",\"logo\":{\"@type\":\"ImageObject\",\"inLanguage\":\"es\",\"@id\":\"https:\\\/\\\/diarioprincipios.com\\\/#\\\/schema\\\/logo\\\/image\\\/\",\"url\":\"https:\\\/\\\/diarioprincipios.com\\\/wp-content\\\/uploads\\\/2024\\\/04\\\/cropped-www.diarioprincipios.com_-1.png\",\"contentUrl\":\"https:\\\/\\\/diarioprincipios.com\\\/wp-content\\\/uploads\\\/2024\\\/04\\\/cropped-www.diarioprincipios.com_-1.png\",\"width\":5325,\"height\":1454,\"caption\":\"Principios\"},\"image\":{\"@id\":\"https:\\\/\\\/diarioprincipios.com\\\/#\\\/schema\\\/logo\\\/image\\\/\"}},{\"@type\":\"Person\",\"@id\":\"https:\\\/\\\/diarioprincipios.com\\\/#\\\/schema\\\/person\\\/436d5a1fd41a5e250e23ff5a6a7cb080\",\"name\":\"Hern\u00e1n L\u00f3pez\",\"image\":{\"@type\":\"ImageObject\",\"inLanguage\":\"es\",\"@id\":\"https:\\\/\\\/diarioprincipios.com\\\/wp-content\\\/litespeed\\\/avatar\\\/11ddfe5610ff3bd100522525b2571f48.jpg?ver=1777048341\",\"url\":\"https:\\\/\\\/diarioprincipios.com\\\/wp-content\\\/litespeed\\\/avatar\\\/11ddfe5610ff3bd100522525b2571f48.jpg?ver=1777048341\",\"contentUrl\":\"https:\\\/\\\/diarioprincipios.com\\\/wp-content\\\/litespeed\\\/avatar\\\/11ddfe5610ff3bd100522525b2571f48.jpg?ver=1777048341\",\"caption\":\"Hern\u00e1n L\u00f3pez\"},\"url\":\"https:\\\/\\\/diarioprincipios.com\\\/index.php\\\/author\\\/hernan\\\/\"}]}<\/script>\n<!-- \/ Yoast SEO plugin. -->","yoast_head_json":{"title":"Se realizar\u00e1 la segunda etapa del Recambio de Ca\u00f1er\u00edas en Berazategui Centro - Principios","robots":{"index":"index","follow":"follow","max-snippet":"max-snippet:-1","max-image-preview":"max-image-preview:large","max-video-preview":"max-video-preview:-1"},"canonical":"https:\/\/diarioprincipios.com\/index.php\/2022\/03\/16\/se-realizara-la-segunda-etapa-del-recambio-de-canerias-en-berazategui-centro\/","og_locale":"es_ES","og_type":"article","og_title":"Se realizar\u00e1 la segunda etapa del Recambio de Ca\u00f1er\u00edas en Berazategui Centro - Principios","og_description":"Con el objetivo de seguir mejorando la distribuci\u00f3n y caudal del servicio de agua potable en el Centro de Berazategui, el intendente Juan Jos\u00e9 Mussi firm\u00f3 un convenio con el titular del Ente Nacional de Obras H\u00eddricas y Saneamiento de la Naci\u00f3n (ENOHSA), N\u00e9stor \u00c1lvarez, para la realizaci\u00f3n de la segunda etapa de recambio de...","og_url":"https:\/\/diarioprincipios.com\/index.php\/2022\/03\/16\/se-realizara-la-segunda-etapa-del-recambio-de-canerias-en-berazategui-centro\/","og_site_name":"Principios","article_published_time":"2022-03-16T16:58:46+00:00","article_modified_time":"2022-03-16T16:58:52+00:00","og_image":[{"width":1280,"height":853,"url":"https:\/\/diarioprincipios.com\/wp-content\/uploads\/2022\/03\/SE-REALIZARA-LA-SEGUNDA-ETAPA-DEL-RECAMBIO-DE-CANERIAS-EN-BERAZATEGUI-CENTRO.jpeg","type":"image\/jpeg"}],"author":"Hern\u00e1n L\u00f3pez","twitter_card":"summary_large_image","twitter_misc":{"Escrito por":"Hern\u00e1n L\u00f3pez","Tiempo de lectura":"3 minutos"},"schema":{"@context":"https:\/\/schema.org","@graph":[{"@type":"Article","@id":"https:\/\/diarioprincipios.com\/index.php\/2022\/03\/16\/se-realizara-la-segunda-etapa-del-recambio-de-canerias-en-berazategui-centro\/#article","isPartOf":{"@id":"https:\/\/diarioprincipios.com\/index.php\/2022\/03\/16\/se-realizara-la-segunda-etapa-del-recambio-de-canerias-en-berazategui-centro\/"},"author":{"name":"Hern\u00e1n L\u00f3pez","@id":"https:\/\/diarioprincipios.com\/#\/schema\/person\/436d5a1fd41a5e250e23ff5a6a7cb080"},"headline":"Se realizar\u00e1 la segunda etapa del Recambio de Ca\u00f1er\u00edas en Berazategui Centro","datePublished":"2022-03-16T16:58:46+00:00","dateModified":"2022-03-16T16:58:52+00:00","mainEntityOfPage":{"@id":"https:\/\/diarioprincipios.com\/index.php\/2022\/03\/16\/se-realizara-la-segunda-etapa-del-recambio-de-canerias-en-berazategui-centro\/"},"wordCount":618,"commentCount":0,"publisher":{"@id":"https:\/\/diarioprincipios.com\/#organization"},"image":{"@id":"https:\/\/diarioprincipios.com\/index.php\/2022\/03\/16\/se-realizara-la-segunda-etapa-del-recambio-de-canerias-en-berazategui-centro\/#primaryimage"},"thumbnailUrl":"https:\/\/diarioprincipios.com\/wp-content\/uploads\/2022\/03\/SE-REALIZARA-LA-SEGUNDA-ETAPA-DEL-RECAMBIO-DE-CANERIAS-EN-BERAZATEGUI-CENTRO.jpeg","articleSection":["Berazategui"],"inLanguage":"es","potentialAction":[{"@type":"CommentAction","name":"Comment","target":["https:\/\/diarioprincipios.com\/index.php\/2022\/03\/16\/se-realizara-la-segunda-etapa-del-recambio-de-canerias-en-berazategui-centro\/#respond"]}]},{"@type":"WebPage","@id":"https:\/\/diarioprincipios.com\/index.php\/2022\/03\/16\/se-realizara-la-segunda-etapa-del-recambio-de-canerias-en-berazategui-centro\/","url":"https:\/\/diarioprincipios.com\/index.php\/2022\/03\/16\/se-realizara-la-segunda-etapa-del-recambio-de-canerias-en-berazategui-centro\/","name":"Se realizar\u00e1 la segunda etapa del Recambio de Ca\u00f1er\u00edas en Berazategui Centro - Principios","isPartOf":{"@id":"https:\/\/diarioprincipios.com\/#website"},"primaryImageOfPage":{"@id":"https:\/\/diarioprincipios.com\/index.php\/2022\/03\/16\/se-realizara-la-segunda-etapa-del-recambio-de-canerias-en-berazategui-centro\/#primaryimage"},"image":{"@id":"https:\/\/diarioprincipios.com\/index.php\/2022\/03\/16\/se-realizara-la-segunda-etapa-del-recambio-de-canerias-en-berazategui-centro\/#primaryimage"},"thumbnailUrl":"https:\/\/diarioprincipios.com\/wp-content\/uploads\/2022\/03\/SE-REALIZARA-LA-SEGUNDA-ETAPA-DEL-RECAMBIO-DE-CANERIAS-EN-BERAZATEGUI-CENTRO.jpeg","datePublished":"2022-03-16T16:58:46+00:00","dateModified":"2022-03-16T16:58:52+00:00","breadcrumb":{"@id":"https:\/\/diarioprincipios.com\/index.php\/2022\/03\/16\/se-realizara-la-segunda-etapa-del-recambio-de-canerias-en-berazategui-centro\/#breadcrumb"},"inLanguage":"es","potentialAction":[{"@type":"ReadAction","target":["https:\/\/diarioprincipios.com\/index.php\/2022\/03\/16\/se-realizara-la-segunda-etapa-del-recambio-de-canerias-en-berazategui-centro\/"]}]},{"@type":"ImageObject","inLanguage":"es","@id":"https:\/\/diarioprincipios.com\/index.php\/2022\/03\/16\/se-realizara-la-segunda-etapa-del-recambio-de-canerias-en-berazategui-centro\/#primaryimage","url":"https:\/\/diarioprincipios.com\/wp-content\/uploads\/2022\/03\/SE-REALIZARA-LA-SEGUNDA-ETAPA-DEL-RECAMBIO-DE-CANERIAS-EN-BERAZATEGUI-CENTRO.jpeg","contentUrl":"https:\/\/diarioprincipios.com\/wp-content\/uploads\/2022\/03\/SE-REALIZARA-LA-SEGUNDA-ETAPA-DEL-RECAMBIO-DE-CANERIAS-EN-BERAZATEGUI-CENTRO.jpeg","width":1280,"height":853},{"@type":"BreadcrumbList","@id":"https:\/\/diarioprincipios.com\/index.php\/2022\/03\/16\/se-realizara-la-segunda-etapa-del-recambio-de-canerias-en-berazategui-centro\/#breadcrumb","itemListElement":[{"@type":"ListItem","position":1,"name":"Portada","item":"https:\/\/diarioprincipios.com\/"},{"@type":"ListItem","position":2,"name":"Se realizar\u00e1 la segunda etapa del Recambio de Ca\u00f1er\u00edas en Berazategui Centro"}]},{"@type":"WebSite","@id":"https:\/\/diarioprincipios.com\/#website","url":"https:\/\/diarioprincipios.com\/","name":"Principios","description":"Principios Diario","publisher":{"@id":"https:\/\/diarioprincipios.com\/#organization"},"potentialAction":[{"@type":"SearchAction","target":{"@type":"EntryPoint","urlTemplate":"https:\/\/diarioprincipios.com\/?s={search_term_string}"},"query-input":{"@type":"PropertyValueSpecification","valueRequired":true,"valueName":"search_term_string"}}],"inLanguage":"es"},{"@type":"Organization","@id":"https:\/\/diarioprincipios.com\/#organization","name":"Principios","url":"https:\/\/diarioprincipios.com\/","logo":{"@type":"ImageObject","inLanguage":"es","@id":"https:\/\/diarioprincipios.com\/#\/schema\/logo\/image\/","url":"https:\/\/diarioprincipios.com\/wp-content\/uploads\/2024\/04\/cropped-www.diarioprincipios.com_-1.png","contentUrl":"https:\/\/diarioprincipios.com\/wp-content\/uploads\/2024\/04\/cropped-www.diarioprincipios.com_-1.png","width":5325,"height":1454,"caption":"Principios"},"image":{"@id":"https:\/\/diarioprincipios.com\/#\/schema\/logo\/image\/"}},{"@type":"Person","@id":"https:\/\/diarioprincipios.com\/#\/schema\/person\/436d5a1fd41a5e250e23ff5a6a7cb080","name":"Hern\u00e1n L\u00f3pez","image":{"@type":"ImageObject","inLanguage":"es","@id":"https:\/\/diarioprincipios.com\/wp-content\/litespeed\/avatar\/11ddfe5610ff3bd100522525b2571f48.jpg?ver=1777048341","url":"https:\/\/diarioprincipios.com\/wp-content\/litespeed\/avatar\/11ddfe5610ff3bd100522525b2571f48.jpg?ver=1777048341","contentUrl":"https:\/\/diarioprincipios.com\/wp-content\/litespeed\/avatar\/11ddfe5610ff3bd100522525b2571f48.jpg?ver=1777048341","caption":"Hern\u00e1n L\u00f3pez"},"url":"https:\/\/diarioprincipios.com\/index.php\/author\/hernan\/"}]}},"jetpack_featured_media_url":"https:\/\/diarioprincipios.com\/wp-content\/uploads\/2022\/03\/SE-REALIZARA-LA-SEGUNDA-ETAPA-DEL-RECAMBIO-DE-CANERIAS-EN-BERAZATEGUI-CENTRO.jpeg","_links":{"self":[{"href":"https:\/\/diarioprincipios.com\/index.php\/wp-json\/wp\/v2\/posts\/13043","targetHints":{"allow":["GET"]}}],"collection":[{"href":"https:\/\/diarioprincipios.com\/index.php\/wp-json\/wp\/v2\/posts"}],"about":[{"href":"https:\/\/diarioprincipios.com\/index.php\/wp-json\/wp\/v2\/types\/post"}],"author":[{"embeddable":true,"href":"https:\/\/diarioprincipios.com\/index.php\/wp-json\/wp\/v2\/users\/2"}],"replies":[{"embeddable":true,"href":"https:\/\/diarioprincipios.com\/index.php\/wp-json\/wp\/v2\/comments?post=13043"}],"version-history":[{"count":1,"href":"https:\/\/diarioprincipios.com\/index.php\/wp-json\/wp\/v2\/posts\/13043\/revisions"}],"predecessor-version":[{"id":13045,"href":"https:\/\/diarioprincipios.com\/index.php\/wp-json\/wp\/v2\/posts\/13043\/revisions\/13045"}],"wp:featuredmedia":[{"embeddable":true,"href":"https:\/\/diarioprincipios.com\/index.php\/wp-json\/wp\/v2\/media\/13044"}],"wp:attachment":[{"href":"https:\/\/diarioprincipios.com\/index.php\/wp-json\/wp\/v2\/media?parent=13043"}],"wp:term":[{"taxonomy":"category","embeddable":true,"href":"https:\/\/diarioprincipios.com\/index.php\/wp-json\/wp\/v2\/categories?post=13043"},{"taxonomy":"post_tag","embeddable":true,"href":"https:\/\/diarioprincipios.com\/index.php\/wp-json\/wp\/v2\/tags?post=13043"}],"curies":[{"name":"wp","href":"https:\/\/api.w.org\/{rel}","templated":true}]}}