{"id":13037,"date":"2022-03-15T13:33:29","date_gmt":"2022-03-15T16:33:29","guid":{"rendered":"http:\/\/diarioprincipios.com\/?p=13037"},"modified":"2022-04-05T00:49:23","modified_gmt":"2022-04-05T03:49:23","slug":"el-jardin-904-de-pineiro-estreno-la-renovacion-integral-de-sus-instalaciones","status":"publish","type":"post","link":"https:\/\/diarioprincipios.com\/index.php\/2022\/03\/15\/el-jardin-904-de-pineiro-estreno-la-renovacion-integral-de-sus-instalaciones\/","title":{"rendered":"El jard\u00edn 904 de Pi\u00f1eiro estren\u00f3 la renovaci\u00f3n integral de sus instalaciones\u00a0"},"content":{"rendered":"\n<p><\/p>\n\n\n\n<p>De la inauguraci\u00f3n participaron Jorge Ferraresi, Alejo Chornobroff y Magdalena Sierra.&nbsp;<\/p>\n\n\n\n<p>Esta ma\u00f1ana el ministro de H\u00e1bitat y Desarrollo Territorial de la Naci\u00f3n, Jorge Ferraresi, el intendente de Avellaneda, Alejo Chornobroff y la jefa de Gabinete, Magdalena Sierra, estuvieron presentes en la inauguraci\u00f3n de obras en el jard\u00edn de infantes N\u00b0 904 \u201cDoctora Cecilia Grierson\u201d de Pi\u00f1eiro.\u00a0<\/p>\n\n\n\n<figure class=\"wp-block-image size-large\"><img loading=\"lazy\" decoding=\"async\" width=\"1024\" height=\"681\" src=\"https:\/\/diarioprincipios.com\/wp-content\/uploads\/2022\/03\/WhatsApp-Image-2022-03-15-at-09_33_35-1024x681.jpeg\" alt=\"\" class=\"wp-image-13038\" srcset=\"https:\/\/diarioprincipios.com\/wp-content\/uploads\/2022\/03\/WhatsApp-Image-2022-03-15-at-09_33_35-1024x681.jpeg 1024w, https:\/\/diarioprincipios.com\/wp-content\/uploads\/2022\/03\/WhatsApp-Image-2022-03-15-at-09_33_35-300x200.jpeg 300w, https:\/\/diarioprincipios.com\/wp-content\/uploads\/2022\/03\/WhatsApp-Image-2022-03-15-at-09_33_35-768x511.jpeg 768w, https:\/\/diarioprincipios.com\/wp-content\/uploads\/2022\/03\/WhatsApp-Image-2022-03-15-at-09_33_35.jpeg 1040w\" sizes=\"auto, (max-width: 1024px) 100vw, 1024px\" \/><\/figure>\n\n\n\n<p>Luego de recorrer las flamantes instalaciones y saludar a los alumnxs, las autoridades participaron del acto que se realiz\u00f3 en el patio de la instituci\u00f3n junto a la comunidad educativa.&nbsp;<\/p>\n\n\n\n<p>En ese marco, Ferraresi record\u00f3: \u201cVinimos hace 12 a\u00f1os cuando los jardines eran pedacitos de escuela que hab\u00edan sobrado. Naturaliz\u00e1bamos lo que estaba mal\u201d. \u201cHoy el desaf\u00edo es que los chicos tengan lo mejor\u201d, afirm\u00f3 el Ministro y agreg\u00f3: \u201cEn Avellaneda nos propusimos tener las escuelas m\u00e1s lindas del pa\u00eds\u201d. M\u00e1s adelante, valor\u00f3 el trabajo diario de las docentes y resalt\u00f3 su apoyo, junto a las familias, para que los chicos no tengan l\u00edmites y puedan ser lo que quieran ser.\u00a0<\/p>\n\n\n\n<figure class=\"wp-block-image size-large\"><img loading=\"lazy\" decoding=\"async\" width=\"1024\" height=\"681\" src=\"https:\/\/diarioprincipios.com\/wp-content\/uploads\/2022\/03\/WhatsApp-Image-2022-03-15-at-09_33_34-1024x681.jpeg\" alt=\"\" class=\"wp-image-13039\" srcset=\"https:\/\/diarioprincipios.com\/wp-content\/uploads\/2022\/03\/WhatsApp-Image-2022-03-15-at-09_33_34-1024x681.jpeg 1024w, https:\/\/diarioprincipios.com\/wp-content\/uploads\/2022\/03\/WhatsApp-Image-2022-03-15-at-09_33_34-300x200.jpeg 300w, https:\/\/diarioprincipios.com\/wp-content\/uploads\/2022\/03\/WhatsApp-Image-2022-03-15-at-09_33_34-768x511.jpeg 768w, https:\/\/diarioprincipios.com\/wp-content\/uploads\/2022\/03\/WhatsApp-Image-2022-03-15-at-09_33_34.jpeg 1040w\" sizes=\"auto, (max-width: 1024px) 100vw, 1024px\" \/><\/figure>\n\n\n\n<p>El reacondicionamiento y puesta en valor de este jard\u00edn de la localidad de Pi\u00f1eiro consisti\u00f3 en la renovaci\u00f3n integral de sus tres aulas y la ampliaci\u00f3n del SUM. Adem\u00e1s, se colocaron equipos de aire acondicionado en todos los espacios y se pint\u00f3 todo el edificio. Tambi\u00e9n se realizaron arreglos de filtraciones, limpieza de pluviales, renovaci\u00f3n de todo el tendido el\u00e9ctrico y colocaci\u00f3n de artefactos de iluminaci\u00f3n. Adem\u00e1s, se intervino la fachada y se construy\u00f3&nbsp;una rampa de acceso.&nbsp;<\/p>\n\n\n\n<p>De la inauguraci\u00f3n participaron&nbsp;la presidente del Consejo Escolar, Claudia Colaso, el inspector jefe Regional, Gustavo Pistorino,&nbsp;el secretario de Obras P\u00fablicas de Avellaneda, Gast\u00f3n Seill\u00e1n, y Hugo Duarte, responsable del equipo que trabaja en las obras y proyectos educativos.&nbsp;<\/p>\n","protected":false},"excerpt":{"rendered":"<p>De la inauguraci\u00f3n participaron Jorge Ferraresi, Alejo Chornobroff y Magdalena Sierra.&nbsp; Esta ma\u00f1ana el ministro de H\u00e1bitat y Desarrollo Territorial de la Naci\u00f3n, Jorge Ferraresi, el intendente de Avellaneda, Alejo Chornobroff y la jefa de Gabinete, Magdalena Sierra, estuvieron presentes en la inauguraci\u00f3n de obras en el jard\u00edn de infantes N\u00b0 904 \u201cDoctora Cecilia Grierson\u201d&#8230;<\/p>\n","protected":false},"author":2,"featured_media":13040,"comment_status":"open","ping_status":"open","sticky":false,"template":"","format":"standard","meta":{"footnotes":""},"categories":[5],"tags":[],"class_list":["post-13037","post","type-post","status-publish","format-standard","has-post-thumbnail","hentry","category-avellaneda"],"featured_image_src":"https:\/\/diarioprincipios.com\/wp-content\/uploads\/2022\/03\/WhatsApp-Image-2022-03-15-at-09_33_37-1-1024x681.jpeg","blog_images":{"medium":"https:\/\/diarioprincipios.com\/wp-content\/uploads\/2022\/03\/WhatsApp-Image-2022-03-15-at-09_33_37-1-300x200.jpeg","large":"https:\/\/diarioprincipios.com\/wp-content\/uploads\/2022\/03\/WhatsApp-Image-2022-03-15-at-09_33_37-1-1024x681.jpeg"},"ams_acf":[],"yoast_head":"<!-- This site is optimized with the Yoast SEO plugin v27.3 - https:\/\/yoast.com\/product\/yoast-seo-wordpress\/ -->\n<title>El jard\u00edn 904 de Pi\u00f1eiro estren\u00f3 la renovaci\u00f3n integral de sus instalaciones\u00a0 - Principios<\/title>\n<meta name=\"robots\" content=\"index, follow, max-snippet:-1, max-image-preview:large, max-video-preview:-1\" \/>\n<link rel=\"canonical\" href=\"https:\/\/diarioprincipios.com\/index.php\/2022\/03\/15\/el-jardin-904-de-pineiro-estreno-la-renovacion-integral-de-sus-instalaciones\/\" \/>\n<meta property=\"og:locale\" content=\"es_ES\" \/>\n<meta property=\"og:type\" content=\"article\" \/>\n<meta property=\"og:title\" content=\"El jard\u00edn 904 de Pi\u00f1eiro estren\u00f3 la renovaci\u00f3n integral de sus instalaciones\u00a0 - Principios\" \/>\n<meta property=\"og:description\" content=\"De la inauguraci\u00f3n participaron Jorge Ferraresi, Alejo Chornobroff y Magdalena Sierra.&nbsp; Esta ma\u00f1ana el ministro de H\u00e1bitat y Desarrollo Territorial de la Naci\u00f3n, Jorge Ferraresi, el intendente de Avellaneda, Alejo Chornobroff y la jefa de Gabinete, Magdalena Sierra, estuvieron presentes en la inauguraci\u00f3n de obras en el jard\u00edn de infantes N\u00b0 904 \u201cDoctora Cecilia Grierson\u201d...\" \/>\n<meta property=\"og:url\" content=\"https:\/\/diarioprincipios.com\/index.php\/2022\/03\/15\/el-jardin-904-de-pineiro-estreno-la-renovacion-integral-de-sus-instalaciones\/\" \/>\n<meta property=\"og:site_name\" content=\"Principios\" \/>\n<meta property=\"article:published_time\" content=\"2022-03-15T16:33:29+00:00\" \/>\n<meta property=\"article:modified_time\" content=\"2022-04-05T03:49:23+00:00\" \/>\n<meta property=\"og:image\" content=\"https:\/\/diarioprincipios.com\/wp-content\/uploads\/2022\/03\/WhatsApp-Image-2022-03-15-at-09_33_37-1.jpeg\" \/>\n\t<meta property=\"og:image:width\" content=\"1599\" \/>\n\t<meta property=\"og:image:height\" content=\"1064\" \/>\n\t<meta property=\"og:image:type\" content=\"image\/jpeg\" \/>\n<meta name=\"author\" content=\"Hern\u00e1n L\u00f3pez\" \/>\n<meta name=\"twitter:card\" content=\"summary_large_image\" \/>\n<meta name=\"twitter:label1\" content=\"Escrito por\" \/>\n\t<meta name=\"twitter:data1\" content=\"Hern\u00e1n L\u00f3pez\" \/>\n\t<meta name=\"twitter:label2\" content=\"Tiempo de lectura\" \/>\n\t<meta name=\"twitter:data2\" content=\"2 minutos\" \/>\n<script type=\"application\/ld+json\" class=\"yoast-schema-graph\">{\"@context\":\"https:\\\/\\\/schema.org\",\"@graph\":[{\"@type\":\"Article\",\"@id\":\"https:\\\/\\\/diarioprincipios.com\\\/index.php\\\/2022\\\/03\\\/15\\\/el-jardin-904-de-pineiro-estreno-la-renovacion-integral-de-sus-instalaciones\\\/#article\",\"isPartOf\":{\"@id\":\"https:\\\/\\\/diarioprincipios.com\\\/index.php\\\/2022\\\/03\\\/15\\\/el-jardin-904-de-pineiro-estreno-la-renovacion-integral-de-sus-instalaciones\\\/\"},\"author\":{\"name\":\"Hern\u00e1n L\u00f3pez\",\"@id\":\"https:\\\/\\\/diarioprincipios.com\\\/#\\\/schema\\\/person\\\/436d5a1fd41a5e250e23ff5a6a7cb080\"},\"headline\":\"El jard\u00edn 904 de Pi\u00f1eiro estren\u00f3 la renovaci\u00f3n integral de sus instalaciones\u00a0\",\"datePublished\":\"2022-03-15T16:33:29+00:00\",\"dateModified\":\"2022-04-05T03:49:23+00:00\",\"mainEntityOfPage\":{\"@id\":\"https:\\\/\\\/diarioprincipios.com\\\/index.php\\\/2022\\\/03\\\/15\\\/el-jardin-904-de-pineiro-estreno-la-renovacion-integral-de-sus-instalaciones\\\/\"},\"wordCount\":336,\"commentCount\":0,\"publisher\":{\"@id\":\"https:\\\/\\\/diarioprincipios.com\\\/#organization\"},\"image\":{\"@id\":\"https:\\\/\\\/diarioprincipios.com\\\/index.php\\\/2022\\\/03\\\/15\\\/el-jardin-904-de-pineiro-estreno-la-renovacion-integral-de-sus-instalaciones\\\/#primaryimage\"},\"thumbnailUrl\":\"https:\\\/\\\/diarioprincipios.com\\\/wp-content\\\/uploads\\\/2022\\\/03\\\/WhatsApp-Image-2022-03-15-at-09_33_37-1.jpeg\",\"articleSection\":[\"Avellaneda\"],\"inLanguage\":\"es\",\"potentialAction\":[{\"@type\":\"CommentAction\",\"name\":\"Comment\",\"target\":[\"https:\\\/\\\/diarioprincipios.com\\\/index.php\\\/2022\\\/03\\\/15\\\/el-jardin-904-de-pineiro-estreno-la-renovacion-integral-de-sus-instalaciones\\\/#respond\"]}]},{\"@type\":\"WebPage\",\"@id\":\"https:\\\/\\\/diarioprincipios.com\\\/index.php\\\/2022\\\/03\\\/15\\\/el-jardin-904-de-pineiro-estreno-la-renovacion-integral-de-sus-instalaciones\\\/\",\"url\":\"https:\\\/\\\/diarioprincipios.com\\\/index.php\\\/2022\\\/03\\\/15\\\/el-jardin-904-de-pineiro-estreno-la-renovacion-integral-de-sus-instalaciones\\\/\",\"name\":\"El jard\u00edn 904 de Pi\u00f1eiro estren\u00f3 la renovaci\u00f3n integral de sus instalaciones\u00a0 - Principios\",\"isPartOf\":{\"@id\":\"https:\\\/\\\/diarioprincipios.com\\\/#website\"},\"primaryImageOfPage\":{\"@id\":\"https:\\\/\\\/diarioprincipios.com\\\/index.php\\\/2022\\\/03\\\/15\\\/el-jardin-904-de-pineiro-estreno-la-renovacion-integral-de-sus-instalaciones\\\/#primaryimage\"},\"image\":{\"@id\":\"https:\\\/\\\/diarioprincipios.com\\\/index.php\\\/2022\\\/03\\\/15\\\/el-jardin-904-de-pineiro-estreno-la-renovacion-integral-de-sus-instalaciones\\\/#primaryimage\"},\"thumbnailUrl\":\"https:\\\/\\\/diarioprincipios.com\\\/wp-content\\\/uploads\\\/2022\\\/03\\\/WhatsApp-Image-2022-03-15-at-09_33_37-1.jpeg\",\"datePublished\":\"2022-03-15T16:33:29+00:00\",\"dateModified\":\"2022-04-05T03:49:23+00:00\",\"breadcrumb\":{\"@id\":\"https:\\\/\\\/diarioprincipios.com\\\/index.php\\\/2022\\\/03\\\/15\\\/el-jardin-904-de-pineiro-estreno-la-renovacion-integral-de-sus-instalaciones\\\/#breadcrumb\"},\"inLanguage\":\"es\",\"potentialAction\":[{\"@type\":\"ReadAction\",\"target\":[\"https:\\\/\\\/diarioprincipios.com\\\/index.php\\\/2022\\\/03\\\/15\\\/el-jardin-904-de-pineiro-estreno-la-renovacion-integral-de-sus-instalaciones\\\/\"]}]},{\"@type\":\"ImageObject\",\"inLanguage\":\"es\",\"@id\":\"https:\\\/\\\/diarioprincipios.com\\\/index.php\\\/2022\\\/03\\\/15\\\/el-jardin-904-de-pineiro-estreno-la-renovacion-integral-de-sus-instalaciones\\\/#primaryimage\",\"url\":\"https:\\\/\\\/diarioprincipios.com\\\/wp-content\\\/uploads\\\/2022\\\/03\\\/WhatsApp-Image-2022-03-15-at-09_33_37-1.jpeg\",\"contentUrl\":\"https:\\\/\\\/diarioprincipios.com\\\/wp-content\\\/uploads\\\/2022\\\/03\\\/WhatsApp-Image-2022-03-15-at-09_33_37-1.jpeg\",\"width\":1599,\"height\":1064},{\"@type\":\"BreadcrumbList\",\"@id\":\"https:\\\/\\\/diarioprincipios.com\\\/index.php\\\/2022\\\/03\\\/15\\\/el-jardin-904-de-pineiro-estreno-la-renovacion-integral-de-sus-instalaciones\\\/#breadcrumb\",\"itemListElement\":[{\"@type\":\"ListItem\",\"position\":1,\"name\":\"Portada\",\"item\":\"https:\\\/\\\/diarioprincipios.com\\\/\"},{\"@type\":\"ListItem\",\"position\":2,\"name\":\"El jard\u00edn 904 de Pi\u00f1eiro estren\u00f3 la renovaci\u00f3n integral de sus instalaciones\u00a0\"}]},{\"@type\":\"WebSite\",\"@id\":\"https:\\\/\\\/diarioprincipios.com\\\/#website\",\"url\":\"https:\\\/\\\/diarioprincipios.com\\\/\",\"name\":\"Principios\",\"description\":\"Principios Diario\",\"publisher\":{\"@id\":\"https:\\\/\\\/diarioprincipios.com\\\/#organization\"},\"potentialAction\":[{\"@type\":\"SearchAction\",\"target\":{\"@type\":\"EntryPoint\",\"urlTemplate\":\"https:\\\/\\\/diarioprincipios.com\\\/?s={search_term_string}\"},\"query-input\":{\"@type\":\"PropertyValueSpecification\",\"valueRequired\":true,\"valueName\":\"search_term_string\"}}],\"inLanguage\":\"es\"},{\"@type\":\"Organization\",\"@id\":\"https:\\\/\\\/diarioprincipios.com\\\/#organization\",\"name\":\"Principios\",\"url\":\"https:\\\/\\\/diarioprincipios.com\\\/\",\"logo\":{\"@type\":\"ImageObject\",\"inLanguage\":\"es\",\"@id\":\"https:\\\/\\\/diarioprincipios.com\\\/#\\\/schema\\\/logo\\\/image\\\/\",\"url\":\"https:\\\/\\\/diarioprincipios.com\\\/wp-content\\\/uploads\\\/2024\\\/04\\\/cropped-www.diarioprincipios.com_-1.png\",\"contentUrl\":\"https:\\\/\\\/diarioprincipios.com\\\/wp-content\\\/uploads\\\/2024\\\/04\\\/cropped-www.diarioprincipios.com_-1.png\",\"width\":5325,\"height\":1454,\"caption\":\"Principios\"},\"image\":{\"@id\":\"https:\\\/\\\/diarioprincipios.com\\\/#\\\/schema\\\/logo\\\/image\\\/\"}},{\"@type\":\"Person\",\"@id\":\"https:\\\/\\\/diarioprincipios.com\\\/#\\\/schema\\\/person\\\/436d5a1fd41a5e250e23ff5a6a7cb080\",\"name\":\"Hern\u00e1n L\u00f3pez\",\"image\":{\"@type\":\"ImageObject\",\"inLanguage\":\"es\",\"@id\":\"https:\\\/\\\/diarioprincipios.com\\\/wp-content\\\/litespeed\\\/avatar\\\/11ddfe5610ff3bd100522525b2571f48.jpg?ver=1777048341\",\"url\":\"https:\\\/\\\/diarioprincipios.com\\\/wp-content\\\/litespeed\\\/avatar\\\/11ddfe5610ff3bd100522525b2571f48.jpg?ver=1777048341\",\"contentUrl\":\"https:\\\/\\\/diarioprincipios.com\\\/wp-content\\\/litespeed\\\/avatar\\\/11ddfe5610ff3bd100522525b2571f48.jpg?ver=1777048341\",\"caption\":\"Hern\u00e1n L\u00f3pez\"},\"url\":\"https:\\\/\\\/diarioprincipios.com\\\/index.php\\\/author\\\/hernan\\\/\"}]}<\/script>\n<!-- \/ Yoast SEO plugin. -->","yoast_head_json":{"title":"El jard\u00edn 904 de Pi\u00f1eiro estren\u00f3 la renovaci\u00f3n integral de sus instalaciones\u00a0 - Principios","robots":{"index":"index","follow":"follow","max-snippet":"max-snippet:-1","max-image-preview":"max-image-preview:large","max-video-preview":"max-video-preview:-1"},"canonical":"https:\/\/diarioprincipios.com\/index.php\/2022\/03\/15\/el-jardin-904-de-pineiro-estreno-la-renovacion-integral-de-sus-instalaciones\/","og_locale":"es_ES","og_type":"article","og_title":"El jard\u00edn 904 de Pi\u00f1eiro estren\u00f3 la renovaci\u00f3n integral de sus instalaciones\u00a0 - Principios","og_description":"De la inauguraci\u00f3n participaron Jorge Ferraresi, Alejo Chornobroff y Magdalena Sierra.&nbsp; Esta ma\u00f1ana el ministro de H\u00e1bitat y Desarrollo Territorial de la Naci\u00f3n, Jorge Ferraresi, el intendente de Avellaneda, Alejo Chornobroff y la jefa de Gabinete, Magdalena Sierra, estuvieron presentes en la inauguraci\u00f3n de obras en el jard\u00edn de infantes N\u00b0 904 \u201cDoctora Cecilia Grierson\u201d...","og_url":"https:\/\/diarioprincipios.com\/index.php\/2022\/03\/15\/el-jardin-904-de-pineiro-estreno-la-renovacion-integral-de-sus-instalaciones\/","og_site_name":"Principios","article_published_time":"2022-03-15T16:33:29+00:00","article_modified_time":"2022-04-05T03:49:23+00:00","og_image":[{"width":1599,"height":1064,"url":"https:\/\/diarioprincipios.com\/wp-content\/uploads\/2022\/03\/WhatsApp-Image-2022-03-15-at-09_33_37-1.jpeg","type":"image\/jpeg"}],"author":"Hern\u00e1n L\u00f3pez","twitter_card":"summary_large_image","twitter_misc":{"Escrito por":"Hern\u00e1n L\u00f3pez","Tiempo de lectura":"2 minutos"},"schema":{"@context":"https:\/\/schema.org","@graph":[{"@type":"Article","@id":"https:\/\/diarioprincipios.com\/index.php\/2022\/03\/15\/el-jardin-904-de-pineiro-estreno-la-renovacion-integral-de-sus-instalaciones\/#article","isPartOf":{"@id":"https:\/\/diarioprincipios.com\/index.php\/2022\/03\/15\/el-jardin-904-de-pineiro-estreno-la-renovacion-integral-de-sus-instalaciones\/"},"author":{"name":"Hern\u00e1n L\u00f3pez","@id":"https:\/\/diarioprincipios.com\/#\/schema\/person\/436d5a1fd41a5e250e23ff5a6a7cb080"},"headline":"El jard\u00edn 904 de Pi\u00f1eiro estren\u00f3 la renovaci\u00f3n integral de sus instalaciones\u00a0","datePublished":"2022-03-15T16:33:29+00:00","dateModified":"2022-04-05T03:49:23+00:00","mainEntityOfPage":{"@id":"https:\/\/diarioprincipios.com\/index.php\/2022\/03\/15\/el-jardin-904-de-pineiro-estreno-la-renovacion-integral-de-sus-instalaciones\/"},"wordCount":336,"commentCount":0,"publisher":{"@id":"https:\/\/diarioprincipios.com\/#organization"},"image":{"@id":"https:\/\/diarioprincipios.com\/index.php\/2022\/03\/15\/el-jardin-904-de-pineiro-estreno-la-renovacion-integral-de-sus-instalaciones\/#primaryimage"},"thumbnailUrl":"https:\/\/diarioprincipios.com\/wp-content\/uploads\/2022\/03\/WhatsApp-Image-2022-03-15-at-09_33_37-1.jpeg","articleSection":["Avellaneda"],"inLanguage":"es","potentialAction":[{"@type":"CommentAction","name":"Comment","target":["https:\/\/diarioprincipios.com\/index.php\/2022\/03\/15\/el-jardin-904-de-pineiro-estreno-la-renovacion-integral-de-sus-instalaciones\/#respond"]}]},{"@type":"WebPage","@id":"https:\/\/diarioprincipios.com\/index.php\/2022\/03\/15\/el-jardin-904-de-pineiro-estreno-la-renovacion-integral-de-sus-instalaciones\/","url":"https:\/\/diarioprincipios.com\/index.php\/2022\/03\/15\/el-jardin-904-de-pineiro-estreno-la-renovacion-integral-de-sus-instalaciones\/","name":"El jard\u00edn 904 de Pi\u00f1eiro estren\u00f3 la renovaci\u00f3n integral de sus instalaciones\u00a0 - Principios","isPartOf":{"@id":"https:\/\/diarioprincipios.com\/#website"},"primaryImageOfPage":{"@id":"https:\/\/diarioprincipios.com\/index.php\/2022\/03\/15\/el-jardin-904-de-pineiro-estreno-la-renovacion-integral-de-sus-instalaciones\/#primaryimage"},"image":{"@id":"https:\/\/diarioprincipios.com\/index.php\/2022\/03\/15\/el-jardin-904-de-pineiro-estreno-la-renovacion-integral-de-sus-instalaciones\/#primaryimage"},"thumbnailUrl":"https:\/\/diarioprincipios.com\/wp-content\/uploads\/2022\/03\/WhatsApp-Image-2022-03-15-at-09_33_37-1.jpeg","datePublished":"2022-03-15T16:33:29+00:00","dateModified":"2022-04-05T03:49:23+00:00","breadcrumb":{"@id":"https:\/\/diarioprincipios.com\/index.php\/2022\/03\/15\/el-jardin-904-de-pineiro-estreno-la-renovacion-integral-de-sus-instalaciones\/#breadcrumb"},"inLanguage":"es","potentialAction":[{"@type":"ReadAction","target":["https:\/\/diarioprincipios.com\/index.php\/2022\/03\/15\/el-jardin-904-de-pineiro-estreno-la-renovacion-integral-de-sus-instalaciones\/"]}]},{"@type":"ImageObject","inLanguage":"es","@id":"https:\/\/diarioprincipios.com\/index.php\/2022\/03\/15\/el-jardin-904-de-pineiro-estreno-la-renovacion-integral-de-sus-instalaciones\/#primaryimage","url":"https:\/\/diarioprincipios.com\/wp-content\/uploads\/2022\/03\/WhatsApp-Image-2022-03-15-at-09_33_37-1.jpeg","contentUrl":"https:\/\/diarioprincipios.com\/wp-content\/uploads\/2022\/03\/WhatsApp-Image-2022-03-15-at-09_33_37-1.jpeg","width":1599,"height":1064},{"@type":"BreadcrumbList","@id":"https:\/\/diarioprincipios.com\/index.php\/2022\/03\/15\/el-jardin-904-de-pineiro-estreno-la-renovacion-integral-de-sus-instalaciones\/#breadcrumb","itemListElement":[{"@type":"ListItem","position":1,"name":"Portada","item":"https:\/\/diarioprincipios.com\/"},{"@type":"ListItem","position":2,"name":"El jard\u00edn 904 de Pi\u00f1eiro estren\u00f3 la renovaci\u00f3n integral de sus instalaciones\u00a0"}]},{"@type":"WebSite","@id":"https:\/\/diarioprincipios.com\/#website","url":"https:\/\/diarioprincipios.com\/","name":"Principios","description":"Principios Diario","publisher":{"@id":"https:\/\/diarioprincipios.com\/#organization"},"potentialAction":[{"@type":"SearchAction","target":{"@type":"EntryPoint","urlTemplate":"https:\/\/diarioprincipios.com\/?s={search_term_string}"},"query-input":{"@type":"PropertyValueSpecification","valueRequired":true,"valueName":"search_term_string"}}],"inLanguage":"es"},{"@type":"Organization","@id":"https:\/\/diarioprincipios.com\/#organization","name":"Principios","url":"https:\/\/diarioprincipios.com\/","logo":{"@type":"ImageObject","inLanguage":"es","@id":"https:\/\/diarioprincipios.com\/#\/schema\/logo\/image\/","url":"https:\/\/diarioprincipios.com\/wp-content\/uploads\/2024\/04\/cropped-www.diarioprincipios.com_-1.png","contentUrl":"https:\/\/diarioprincipios.com\/wp-content\/uploads\/2024\/04\/cropped-www.diarioprincipios.com_-1.png","width":5325,"height":1454,"caption":"Principios"},"image":{"@id":"https:\/\/diarioprincipios.com\/#\/schema\/logo\/image\/"}},{"@type":"Person","@id":"https:\/\/diarioprincipios.com\/#\/schema\/person\/436d5a1fd41a5e250e23ff5a6a7cb080","name":"Hern\u00e1n L\u00f3pez","image":{"@type":"ImageObject","inLanguage":"es","@id":"https:\/\/diarioprincipios.com\/wp-content\/litespeed\/avatar\/11ddfe5610ff3bd100522525b2571f48.jpg?ver=1777048341","url":"https:\/\/diarioprincipios.com\/wp-content\/litespeed\/avatar\/11ddfe5610ff3bd100522525b2571f48.jpg?ver=1777048341","contentUrl":"https:\/\/diarioprincipios.com\/wp-content\/litespeed\/avatar\/11ddfe5610ff3bd100522525b2571f48.jpg?ver=1777048341","caption":"Hern\u00e1n L\u00f3pez"},"url":"https:\/\/diarioprincipios.com\/index.php\/author\/hernan\/"}]}},"jetpack_featured_media_url":"https:\/\/diarioprincipios.com\/wp-content\/uploads\/2022\/03\/WhatsApp-Image-2022-03-15-at-09_33_37-1.jpeg","_links":{"self":[{"href":"https:\/\/diarioprincipios.com\/index.php\/wp-json\/wp\/v2\/posts\/13037","targetHints":{"allow":["GET"]}}],"collection":[{"href":"https:\/\/diarioprincipios.com\/index.php\/wp-json\/wp\/v2\/posts"}],"about":[{"href":"https:\/\/diarioprincipios.com\/index.php\/wp-json\/wp\/v2\/types\/post"}],"author":[{"embeddable":true,"href":"https:\/\/diarioprincipios.com\/index.php\/wp-json\/wp\/v2\/users\/2"}],"replies":[{"embeddable":true,"href":"https:\/\/diarioprincipios.com\/index.php\/wp-json\/wp\/v2\/comments?post=13037"}],"version-history":[{"count":1,"href":"https:\/\/diarioprincipios.com\/index.php\/wp-json\/wp\/v2\/posts\/13037\/revisions"}],"predecessor-version":[{"id":13041,"href":"https:\/\/diarioprincipios.com\/index.php\/wp-json\/wp\/v2\/posts\/13037\/revisions\/13041"}],"wp:featuredmedia":[{"embeddable":true,"href":"https:\/\/diarioprincipios.com\/index.php\/wp-json\/wp\/v2\/media\/13040"}],"wp:attachment":[{"href":"https:\/\/diarioprincipios.com\/index.php\/wp-json\/wp\/v2\/media?parent=13037"}],"wp:term":[{"taxonomy":"category","embeddable":true,"href":"https:\/\/diarioprincipios.com\/index.php\/wp-json\/wp\/v2\/categories?post=13037"},{"taxonomy":"post_tag","embeddable":true,"href":"https:\/\/diarioprincipios.com\/index.php\/wp-json\/wp\/v2\/tags?post=13037"}],"curies":[{"name":"wp","href":"https:\/\/api.w.org\/{rel}","templated":true}]}}