{"id":13032,"date":"2022-03-14T22:28:59","date_gmt":"2022-03-15T01:28:59","guid":{"rendered":"http:\/\/diarioprincipios.com\/?p=13032"},"modified":"2022-03-14T22:29:06","modified_gmt":"2022-03-15T01:29:06","slug":"comienza-el-torneo-de-futbol-infantil-femenino-evita-capitana","status":"publish","type":"post","link":"https:\/\/diarioprincipios.com\/index.php\/2022\/03\/14\/comienza-el-torneo-de-futbol-infantil-femenino-evita-capitana\/","title":{"rendered":"Comienza el Torneo de F\u00fatbol Infantil Femenino \u00abEvita Capitana\u00bb"},"content":{"rendered":"\n<p><strong>Con una gran respuesta por parte de las j\u00f3venes futbolistas berazateguenses, el pr\u00f3ximo 24 de abril comenzar\u00e1 a desarrollarse en el distrito el Torneo de F\u00fatbol Infantil Femenino \u201cEvita Capitana\u201d. Las ni\u00f1as y adolescentes que deseen participar de esta nueva iniciativa impulsada por el Municipio de Berazategui, podr\u00e1n hacerlo a trav\u00e9s de cualquiera de las 25 instituciones deportivas que formar\u00e1n parte del certamen con sus diferentes categor\u00edas de jugadoras.<\/strong><\/p>\n\n\n\n<figure class=\"wp-block-image size-large\"><img loading=\"lazy\" decoding=\"async\" width=\"1024\" height=\"682\" src=\"https:\/\/diarioprincipios.com\/wp-content\/uploads\/2022\/03\/BERAZATEGUI-COMIENZA-EL-TORNEO-DE-FUTBOL-INFANTIL-FEMENINO-EVITA-CAPITANA-1-1024x682.jpeg\" alt=\"\" class=\"wp-image-13033\" srcset=\"https:\/\/diarioprincipios.com\/wp-content\/uploads\/2022\/03\/BERAZATEGUI-COMIENZA-EL-TORNEO-DE-FUTBOL-INFANTIL-FEMENINO-EVITA-CAPITANA-1-1024x682.jpeg 1024w, https:\/\/diarioprincipios.com\/wp-content\/uploads\/2022\/03\/BERAZATEGUI-COMIENZA-EL-TORNEO-DE-FUTBOL-INFANTIL-FEMENINO-EVITA-CAPITANA-1-300x200.jpeg 300w, https:\/\/diarioprincipios.com\/wp-content\/uploads\/2022\/03\/BERAZATEGUI-COMIENZA-EL-TORNEO-DE-FUTBOL-INFANTIL-FEMENINO-EVITA-CAPITANA-1-768x512.jpeg 768w, https:\/\/diarioprincipios.com\/wp-content\/uploads\/2022\/03\/BERAZATEGUI-COMIENZA-EL-TORNEO-DE-FUTBOL-INFANTIL-FEMENINO-EVITA-CAPITANA-1.jpeg 1280w\" sizes=\"auto, (max-width: 1024px) 100vw, 1024px\" \/><\/figure>\n\n\n\n<p><strong><br><\/strong>Mar\u00eda Laura Lacava, secretaria de Desarrollo Social y Comunitario local, declar\u00f3: \u201cYa lo hab\u00eda anunciado el intendente Juan Jos\u00e9 Mussi en 2021: este a\u00f1o la Municipalidad de Berazategui lanza su torneo de F\u00fatbol Infantil Femenino. El 24 de abril se inicia y, hasta el momento, van a participar 25 clubes que califican con todas las categor\u00edas. Son cerca de 2.000 ni\u00f1as y j\u00f3venes. El torneo se va a denominar \u2018Evita Capitana\u2019, en tanto que el Torneo Infantil de varones se llama Torneo Evita\u201d.<\/p>\n\n\n\n<p>Asimismo, resalt\u00f3: \u201cEstamos felices de incluir con una acci\u00f3n directa a la mujer en el mundo del f\u00fatbol. Si bien esto sucede hace mucho en Berazategui, siempre permanec\u00edan las situaciones de discriminaci\u00f3n hacia las ni\u00f1as que jugaban junto a varones, en categor\u00edas mixtas. Queremos que ellas tengan su campeonato y puedan demostrar que este deporte no es solo para chicos\u201d. Y agreg\u00f3: \u201cEl campeonato Evita Capitana se desarrollar\u00e1 todos los s\u00e1bados hasta el mes de diciembre, porque los domingos seguimos con la disputa del Torneo Evita\u201d.<\/p>\n\n\n\n<figure class=\"wp-block-image size-large\"><img loading=\"lazy\" decoding=\"async\" width=\"1024\" height=\"682\" src=\"https:\/\/diarioprincipios.com\/wp-content\/uploads\/2022\/03\/BERAZATEGUI-COMIENZA-EL-TORNEO-DE-FUTBOL-INFANTIL-FEMENINO-EVITA-CAPITANA-3-1024x682.jpeg\" alt=\"\" class=\"wp-image-13034\" srcset=\"https:\/\/diarioprincipios.com\/wp-content\/uploads\/2022\/03\/BERAZATEGUI-COMIENZA-EL-TORNEO-DE-FUTBOL-INFANTIL-FEMENINO-EVITA-CAPITANA-3-1024x682.jpeg 1024w, https:\/\/diarioprincipios.com\/wp-content\/uploads\/2022\/03\/BERAZATEGUI-COMIENZA-EL-TORNEO-DE-FUTBOL-INFANTIL-FEMENINO-EVITA-CAPITANA-3-300x200.jpeg 300w, https:\/\/diarioprincipios.com\/wp-content\/uploads\/2022\/03\/BERAZATEGUI-COMIENZA-EL-TORNEO-DE-FUTBOL-INFANTIL-FEMENINO-EVITA-CAPITANA-3-768x512.jpeg 768w, https:\/\/diarioprincipios.com\/wp-content\/uploads\/2022\/03\/BERAZATEGUI-COMIENZA-EL-TORNEO-DE-FUTBOL-INFANTIL-FEMENINO-EVITA-CAPITANA-3.jpeg 1280w\" sizes=\"auto, (max-width: 1024px) 100vw, 1024px\" \/><\/figure>\n\n\n\n<p>Del total de 58 Clubes deportivos de la ciudad que participan en el Torneo Evita, ya son 25 los que se encuentran registrados para tomar parte con sus diferentes categor\u00edas de jugadoras. A su vez, se espera que las instituciones restantes tambi\u00e9n puedan inscribirse para participar del campeonato de f\u00fatbol femenino.<\/p>\n","protected":false},"excerpt":{"rendered":"<p>Con una gran respuesta por parte de las j\u00f3venes futbolistas berazateguenses, el pr\u00f3ximo 24 de abril comenzar\u00e1 a desarrollarse en el distrito el Torneo de F\u00fatbol Infantil Femenino \u201cEvita Capitana\u201d. Las ni\u00f1as y adolescentes que deseen participar de esta nueva iniciativa impulsada por el Municipio de Berazategui, podr\u00e1n hacerlo a trav\u00e9s de cualquiera de las&#8230;<\/p>\n","protected":false},"author":2,"featured_media":13035,"comment_status":"open","ping_status":"open","sticky":false,"template":"","format":"standard","meta":{"footnotes":""},"categories":[6],"tags":[],"class_list":["post-13032","post","type-post","status-publish","format-standard","has-post-thumbnail","hentry","category-deportes"],"featured_image_src":"https:\/\/diarioprincipios.com\/wp-content\/uploads\/2022\/03\/BERAZATEGUI-COMIENZA-EL-TORNEO-DE-FUTBOL-INFANTIL-FEMENINO-EVITA-CAPITANA-2-1024x682.jpeg","blog_images":{"medium":"https:\/\/diarioprincipios.com\/wp-content\/uploads\/2022\/03\/BERAZATEGUI-COMIENZA-EL-TORNEO-DE-FUTBOL-INFANTIL-FEMENINO-EVITA-CAPITANA-2-300x200.jpeg","large":"https:\/\/diarioprincipios.com\/wp-content\/uploads\/2022\/03\/BERAZATEGUI-COMIENZA-EL-TORNEO-DE-FUTBOL-INFANTIL-FEMENINO-EVITA-CAPITANA-2-1024x682.jpeg"},"ams_acf":[],"yoast_head":"<!-- This site is optimized with the Yoast SEO plugin v27.3 - https:\/\/yoast.com\/product\/yoast-seo-wordpress\/ -->\n<title>Comienza el Torneo de F\u00fatbol Infantil Femenino &quot;Evita Capitana&quot; - Principios<\/title>\n<meta name=\"robots\" content=\"index, follow, max-snippet:-1, max-image-preview:large, max-video-preview:-1\" \/>\n<link rel=\"canonical\" href=\"https:\/\/diarioprincipios.com\/index.php\/2022\/03\/14\/comienza-el-torneo-de-futbol-infantil-femenino-evita-capitana\/\" \/>\n<meta property=\"og:locale\" content=\"es_ES\" \/>\n<meta property=\"og:type\" content=\"article\" \/>\n<meta property=\"og:title\" content=\"Comienza el Torneo de F\u00fatbol Infantil Femenino &quot;Evita Capitana&quot; - Principios\" \/>\n<meta property=\"og:description\" content=\"Con una gran respuesta por parte de las j\u00f3venes futbolistas berazateguenses, el pr\u00f3ximo 24 de abril comenzar\u00e1 a desarrollarse en el distrito el Torneo de F\u00fatbol Infantil Femenino \u201cEvita Capitana\u201d. Las ni\u00f1as y adolescentes que deseen participar de esta nueva iniciativa impulsada por el Municipio de Berazategui, podr\u00e1n hacerlo a trav\u00e9s de cualquiera de las...\" \/>\n<meta property=\"og:url\" content=\"https:\/\/diarioprincipios.com\/index.php\/2022\/03\/14\/comienza-el-torneo-de-futbol-infantil-femenino-evita-capitana\/\" \/>\n<meta property=\"og:site_name\" content=\"Principios\" \/>\n<meta property=\"article:published_time\" content=\"2022-03-15T01:28:59+00:00\" \/>\n<meta property=\"article:modified_time\" content=\"2022-03-15T01:29:06+00:00\" \/>\n<meta property=\"og:image\" content=\"https:\/\/diarioprincipios.com\/wp-content\/uploads\/2022\/03\/BERAZATEGUI-COMIENZA-EL-TORNEO-DE-FUTBOL-INFANTIL-FEMENINO-EVITA-CAPITANA-2.jpeg\" \/>\n\t<meta property=\"og:image:width\" content=\"1280\" \/>\n\t<meta property=\"og:image:height\" content=\"853\" \/>\n\t<meta property=\"og:image:type\" content=\"image\/jpeg\" \/>\n<meta name=\"author\" content=\"Hern\u00e1n L\u00f3pez\" \/>\n<meta name=\"twitter:card\" content=\"summary_large_image\" \/>\n<meta name=\"twitter:label1\" content=\"Escrito por\" \/>\n\t<meta name=\"twitter:data1\" content=\"Hern\u00e1n L\u00f3pez\" \/>\n\t<meta name=\"twitter:label2\" content=\"Tiempo de lectura\" \/>\n\t<meta name=\"twitter:data2\" content=\"2 minutos\" \/>\n<script type=\"application\/ld+json\" class=\"yoast-schema-graph\">{\"@context\":\"https:\\\/\\\/schema.org\",\"@graph\":[{\"@type\":\"Article\",\"@id\":\"https:\\\/\\\/diarioprincipios.com\\\/index.php\\\/2022\\\/03\\\/14\\\/comienza-el-torneo-de-futbol-infantil-femenino-evita-capitana\\\/#article\",\"isPartOf\":{\"@id\":\"https:\\\/\\\/diarioprincipios.com\\\/index.php\\\/2022\\\/03\\\/14\\\/comienza-el-torneo-de-futbol-infantil-femenino-evita-capitana\\\/\"},\"author\":{\"name\":\"Hern\u00e1n L\u00f3pez\",\"@id\":\"https:\\\/\\\/diarioprincipios.com\\\/#\\\/schema\\\/person\\\/436d5a1fd41a5e250e23ff5a6a7cb080\"},\"headline\":\"Comienza el Torneo de F\u00fatbol Infantil Femenino \u00abEvita Capitana\u00bb\",\"datePublished\":\"2022-03-15T01:28:59+00:00\",\"dateModified\":\"2022-03-15T01:29:06+00:00\",\"mainEntityOfPage\":{\"@id\":\"https:\\\/\\\/diarioprincipios.com\\\/index.php\\\/2022\\\/03\\\/14\\\/comienza-el-torneo-de-futbol-infantil-femenino-evita-capitana\\\/\"},\"wordCount\":316,\"commentCount\":0,\"publisher\":{\"@id\":\"https:\\\/\\\/diarioprincipios.com\\\/#organization\"},\"image\":{\"@id\":\"https:\\\/\\\/diarioprincipios.com\\\/index.php\\\/2022\\\/03\\\/14\\\/comienza-el-torneo-de-futbol-infantil-femenino-evita-capitana\\\/#primaryimage\"},\"thumbnailUrl\":\"https:\\\/\\\/diarioprincipios.com\\\/wp-content\\\/uploads\\\/2022\\\/03\\\/BERAZATEGUI-COMIENZA-EL-TORNEO-DE-FUTBOL-INFANTIL-FEMENINO-EVITA-CAPITANA-2.jpeg\",\"articleSection\":[\"Deportes\"],\"inLanguage\":\"es\",\"potentialAction\":[{\"@type\":\"CommentAction\",\"name\":\"Comment\",\"target\":[\"https:\\\/\\\/diarioprincipios.com\\\/index.php\\\/2022\\\/03\\\/14\\\/comienza-el-torneo-de-futbol-infantil-femenino-evita-capitana\\\/#respond\"]}]},{\"@type\":\"WebPage\",\"@id\":\"https:\\\/\\\/diarioprincipios.com\\\/index.php\\\/2022\\\/03\\\/14\\\/comienza-el-torneo-de-futbol-infantil-femenino-evita-capitana\\\/\",\"url\":\"https:\\\/\\\/diarioprincipios.com\\\/index.php\\\/2022\\\/03\\\/14\\\/comienza-el-torneo-de-futbol-infantil-femenino-evita-capitana\\\/\",\"name\":\"Comienza el Torneo de F\u00fatbol Infantil Femenino \\\"Evita Capitana\\\" - Principios\",\"isPartOf\":{\"@id\":\"https:\\\/\\\/diarioprincipios.com\\\/#website\"},\"primaryImageOfPage\":{\"@id\":\"https:\\\/\\\/diarioprincipios.com\\\/index.php\\\/2022\\\/03\\\/14\\\/comienza-el-torneo-de-futbol-infantil-femenino-evita-capitana\\\/#primaryimage\"},\"image\":{\"@id\":\"https:\\\/\\\/diarioprincipios.com\\\/index.php\\\/2022\\\/03\\\/14\\\/comienza-el-torneo-de-futbol-infantil-femenino-evita-capitana\\\/#primaryimage\"},\"thumbnailUrl\":\"https:\\\/\\\/diarioprincipios.com\\\/wp-content\\\/uploads\\\/2022\\\/03\\\/BERAZATEGUI-COMIENZA-EL-TORNEO-DE-FUTBOL-INFANTIL-FEMENINO-EVITA-CAPITANA-2.jpeg\",\"datePublished\":\"2022-03-15T01:28:59+00:00\",\"dateModified\":\"2022-03-15T01:29:06+00:00\",\"breadcrumb\":{\"@id\":\"https:\\\/\\\/diarioprincipios.com\\\/index.php\\\/2022\\\/03\\\/14\\\/comienza-el-torneo-de-futbol-infantil-femenino-evita-capitana\\\/#breadcrumb\"},\"inLanguage\":\"es\",\"potentialAction\":[{\"@type\":\"ReadAction\",\"target\":[\"https:\\\/\\\/diarioprincipios.com\\\/index.php\\\/2022\\\/03\\\/14\\\/comienza-el-torneo-de-futbol-infantil-femenino-evita-capitana\\\/\"]}]},{\"@type\":\"ImageObject\",\"inLanguage\":\"es\",\"@id\":\"https:\\\/\\\/diarioprincipios.com\\\/index.php\\\/2022\\\/03\\\/14\\\/comienza-el-torneo-de-futbol-infantil-femenino-evita-capitana\\\/#primaryimage\",\"url\":\"https:\\\/\\\/diarioprincipios.com\\\/wp-content\\\/uploads\\\/2022\\\/03\\\/BERAZATEGUI-COMIENZA-EL-TORNEO-DE-FUTBOL-INFANTIL-FEMENINO-EVITA-CAPITANA-2.jpeg\",\"contentUrl\":\"https:\\\/\\\/diarioprincipios.com\\\/wp-content\\\/uploads\\\/2022\\\/03\\\/BERAZATEGUI-COMIENZA-EL-TORNEO-DE-FUTBOL-INFANTIL-FEMENINO-EVITA-CAPITANA-2.jpeg\",\"width\":1280,\"height\":853},{\"@type\":\"BreadcrumbList\",\"@id\":\"https:\\\/\\\/diarioprincipios.com\\\/index.php\\\/2022\\\/03\\\/14\\\/comienza-el-torneo-de-futbol-infantil-femenino-evita-capitana\\\/#breadcrumb\",\"itemListElement\":[{\"@type\":\"ListItem\",\"position\":1,\"name\":\"Portada\",\"item\":\"https:\\\/\\\/diarioprincipios.com\\\/\"},{\"@type\":\"ListItem\",\"position\":2,\"name\":\"Comienza el Torneo de F\u00fatbol Infantil Femenino \u00abEvita Capitana\u00bb\"}]},{\"@type\":\"WebSite\",\"@id\":\"https:\\\/\\\/diarioprincipios.com\\\/#website\",\"url\":\"https:\\\/\\\/diarioprincipios.com\\\/\",\"name\":\"Principios\",\"description\":\"Principios Diario\",\"publisher\":{\"@id\":\"https:\\\/\\\/diarioprincipios.com\\\/#organization\"},\"potentialAction\":[{\"@type\":\"SearchAction\",\"target\":{\"@type\":\"EntryPoint\",\"urlTemplate\":\"https:\\\/\\\/diarioprincipios.com\\\/?s={search_term_string}\"},\"query-input\":{\"@type\":\"PropertyValueSpecification\",\"valueRequired\":true,\"valueName\":\"search_term_string\"}}],\"inLanguage\":\"es\"},{\"@type\":\"Organization\",\"@id\":\"https:\\\/\\\/diarioprincipios.com\\\/#organization\",\"name\":\"Principios\",\"url\":\"https:\\\/\\\/diarioprincipios.com\\\/\",\"logo\":{\"@type\":\"ImageObject\",\"inLanguage\":\"es\",\"@id\":\"https:\\\/\\\/diarioprincipios.com\\\/#\\\/schema\\\/logo\\\/image\\\/\",\"url\":\"https:\\\/\\\/diarioprincipios.com\\\/wp-content\\\/uploads\\\/2024\\\/04\\\/cropped-www.diarioprincipios.com_-1.png\",\"contentUrl\":\"https:\\\/\\\/diarioprincipios.com\\\/wp-content\\\/uploads\\\/2024\\\/04\\\/cropped-www.diarioprincipios.com_-1.png\",\"width\":5325,\"height\":1454,\"caption\":\"Principios\"},\"image\":{\"@id\":\"https:\\\/\\\/diarioprincipios.com\\\/#\\\/schema\\\/logo\\\/image\\\/\"}},{\"@type\":\"Person\",\"@id\":\"https:\\\/\\\/diarioprincipios.com\\\/#\\\/schema\\\/person\\\/436d5a1fd41a5e250e23ff5a6a7cb080\",\"name\":\"Hern\u00e1n L\u00f3pez\",\"image\":{\"@type\":\"ImageObject\",\"inLanguage\":\"es\",\"@id\":\"https:\\\/\\\/diarioprincipios.com\\\/wp-content\\\/litespeed\\\/avatar\\\/11ddfe5610ff3bd100522525b2571f48.jpg?ver=1777048341\",\"url\":\"https:\\\/\\\/diarioprincipios.com\\\/wp-content\\\/litespeed\\\/avatar\\\/11ddfe5610ff3bd100522525b2571f48.jpg?ver=1777048341\",\"contentUrl\":\"https:\\\/\\\/diarioprincipios.com\\\/wp-content\\\/litespeed\\\/avatar\\\/11ddfe5610ff3bd100522525b2571f48.jpg?ver=1777048341\",\"caption\":\"Hern\u00e1n L\u00f3pez\"},\"url\":\"https:\\\/\\\/diarioprincipios.com\\\/index.php\\\/author\\\/hernan\\\/\"}]}<\/script>\n<!-- \/ Yoast SEO plugin. -->","yoast_head_json":{"title":"Comienza el Torneo de F\u00fatbol Infantil Femenino \"Evita Capitana\" - Principios","robots":{"index":"index","follow":"follow","max-snippet":"max-snippet:-1","max-image-preview":"max-image-preview:large","max-video-preview":"max-video-preview:-1"},"canonical":"https:\/\/diarioprincipios.com\/index.php\/2022\/03\/14\/comienza-el-torneo-de-futbol-infantil-femenino-evita-capitana\/","og_locale":"es_ES","og_type":"article","og_title":"Comienza el Torneo de F\u00fatbol Infantil Femenino \"Evita Capitana\" - Principios","og_description":"Con una gran respuesta por parte de las j\u00f3venes futbolistas berazateguenses, el pr\u00f3ximo 24 de abril comenzar\u00e1 a desarrollarse en el distrito el Torneo de F\u00fatbol Infantil Femenino \u201cEvita Capitana\u201d. Las ni\u00f1as y adolescentes que deseen participar de esta nueva iniciativa impulsada por el Municipio de Berazategui, podr\u00e1n hacerlo a trav\u00e9s de cualquiera de las...","og_url":"https:\/\/diarioprincipios.com\/index.php\/2022\/03\/14\/comienza-el-torneo-de-futbol-infantil-femenino-evita-capitana\/","og_site_name":"Principios","article_published_time":"2022-03-15T01:28:59+00:00","article_modified_time":"2022-03-15T01:29:06+00:00","og_image":[{"width":1280,"height":853,"url":"https:\/\/diarioprincipios.com\/wp-content\/uploads\/2022\/03\/BERAZATEGUI-COMIENZA-EL-TORNEO-DE-FUTBOL-INFANTIL-FEMENINO-EVITA-CAPITANA-2.jpeg","type":"image\/jpeg"}],"author":"Hern\u00e1n L\u00f3pez","twitter_card":"summary_large_image","twitter_misc":{"Escrito por":"Hern\u00e1n L\u00f3pez","Tiempo de lectura":"2 minutos"},"schema":{"@context":"https:\/\/schema.org","@graph":[{"@type":"Article","@id":"https:\/\/diarioprincipios.com\/index.php\/2022\/03\/14\/comienza-el-torneo-de-futbol-infantil-femenino-evita-capitana\/#article","isPartOf":{"@id":"https:\/\/diarioprincipios.com\/index.php\/2022\/03\/14\/comienza-el-torneo-de-futbol-infantil-femenino-evita-capitana\/"},"author":{"name":"Hern\u00e1n L\u00f3pez","@id":"https:\/\/diarioprincipios.com\/#\/schema\/person\/436d5a1fd41a5e250e23ff5a6a7cb080"},"headline":"Comienza el Torneo de F\u00fatbol Infantil Femenino \u00abEvita Capitana\u00bb","datePublished":"2022-03-15T01:28:59+00:00","dateModified":"2022-03-15T01:29:06+00:00","mainEntityOfPage":{"@id":"https:\/\/diarioprincipios.com\/index.php\/2022\/03\/14\/comienza-el-torneo-de-futbol-infantil-femenino-evita-capitana\/"},"wordCount":316,"commentCount":0,"publisher":{"@id":"https:\/\/diarioprincipios.com\/#organization"},"image":{"@id":"https:\/\/diarioprincipios.com\/index.php\/2022\/03\/14\/comienza-el-torneo-de-futbol-infantil-femenino-evita-capitana\/#primaryimage"},"thumbnailUrl":"https:\/\/diarioprincipios.com\/wp-content\/uploads\/2022\/03\/BERAZATEGUI-COMIENZA-EL-TORNEO-DE-FUTBOL-INFANTIL-FEMENINO-EVITA-CAPITANA-2.jpeg","articleSection":["Deportes"],"inLanguage":"es","potentialAction":[{"@type":"CommentAction","name":"Comment","target":["https:\/\/diarioprincipios.com\/index.php\/2022\/03\/14\/comienza-el-torneo-de-futbol-infantil-femenino-evita-capitana\/#respond"]}]},{"@type":"WebPage","@id":"https:\/\/diarioprincipios.com\/index.php\/2022\/03\/14\/comienza-el-torneo-de-futbol-infantil-femenino-evita-capitana\/","url":"https:\/\/diarioprincipios.com\/index.php\/2022\/03\/14\/comienza-el-torneo-de-futbol-infantil-femenino-evita-capitana\/","name":"Comienza el Torneo de F\u00fatbol Infantil Femenino \"Evita Capitana\" - Principios","isPartOf":{"@id":"https:\/\/diarioprincipios.com\/#website"},"primaryImageOfPage":{"@id":"https:\/\/diarioprincipios.com\/index.php\/2022\/03\/14\/comienza-el-torneo-de-futbol-infantil-femenino-evita-capitana\/#primaryimage"},"image":{"@id":"https:\/\/diarioprincipios.com\/index.php\/2022\/03\/14\/comienza-el-torneo-de-futbol-infantil-femenino-evita-capitana\/#primaryimage"},"thumbnailUrl":"https:\/\/diarioprincipios.com\/wp-content\/uploads\/2022\/03\/BERAZATEGUI-COMIENZA-EL-TORNEO-DE-FUTBOL-INFANTIL-FEMENINO-EVITA-CAPITANA-2.jpeg","datePublished":"2022-03-15T01:28:59+00:00","dateModified":"2022-03-15T01:29:06+00:00","breadcrumb":{"@id":"https:\/\/diarioprincipios.com\/index.php\/2022\/03\/14\/comienza-el-torneo-de-futbol-infantil-femenino-evita-capitana\/#breadcrumb"},"inLanguage":"es","potentialAction":[{"@type":"ReadAction","target":["https:\/\/diarioprincipios.com\/index.php\/2022\/03\/14\/comienza-el-torneo-de-futbol-infantil-femenino-evita-capitana\/"]}]},{"@type":"ImageObject","inLanguage":"es","@id":"https:\/\/diarioprincipios.com\/index.php\/2022\/03\/14\/comienza-el-torneo-de-futbol-infantil-femenino-evita-capitana\/#primaryimage","url":"https:\/\/diarioprincipios.com\/wp-content\/uploads\/2022\/03\/BERAZATEGUI-COMIENZA-EL-TORNEO-DE-FUTBOL-INFANTIL-FEMENINO-EVITA-CAPITANA-2.jpeg","contentUrl":"https:\/\/diarioprincipios.com\/wp-content\/uploads\/2022\/03\/BERAZATEGUI-COMIENZA-EL-TORNEO-DE-FUTBOL-INFANTIL-FEMENINO-EVITA-CAPITANA-2.jpeg","width":1280,"height":853},{"@type":"BreadcrumbList","@id":"https:\/\/diarioprincipios.com\/index.php\/2022\/03\/14\/comienza-el-torneo-de-futbol-infantil-femenino-evita-capitana\/#breadcrumb","itemListElement":[{"@type":"ListItem","position":1,"name":"Portada","item":"https:\/\/diarioprincipios.com\/"},{"@type":"ListItem","position":2,"name":"Comienza el Torneo de F\u00fatbol Infantil Femenino \u00abEvita Capitana\u00bb"}]},{"@type":"WebSite","@id":"https:\/\/diarioprincipios.com\/#website","url":"https:\/\/diarioprincipios.com\/","name":"Principios","description":"Principios Diario","publisher":{"@id":"https:\/\/diarioprincipios.com\/#organization"},"potentialAction":[{"@type":"SearchAction","target":{"@type":"EntryPoint","urlTemplate":"https:\/\/diarioprincipios.com\/?s={search_term_string}"},"query-input":{"@type":"PropertyValueSpecification","valueRequired":true,"valueName":"search_term_string"}}],"inLanguage":"es"},{"@type":"Organization","@id":"https:\/\/diarioprincipios.com\/#organization","name":"Principios","url":"https:\/\/diarioprincipios.com\/","logo":{"@type":"ImageObject","inLanguage":"es","@id":"https:\/\/diarioprincipios.com\/#\/schema\/logo\/image\/","url":"https:\/\/diarioprincipios.com\/wp-content\/uploads\/2024\/04\/cropped-www.diarioprincipios.com_-1.png","contentUrl":"https:\/\/diarioprincipios.com\/wp-content\/uploads\/2024\/04\/cropped-www.diarioprincipios.com_-1.png","width":5325,"height":1454,"caption":"Principios"},"image":{"@id":"https:\/\/diarioprincipios.com\/#\/schema\/logo\/image\/"}},{"@type":"Person","@id":"https:\/\/diarioprincipios.com\/#\/schema\/person\/436d5a1fd41a5e250e23ff5a6a7cb080","name":"Hern\u00e1n L\u00f3pez","image":{"@type":"ImageObject","inLanguage":"es","@id":"https:\/\/diarioprincipios.com\/wp-content\/litespeed\/avatar\/11ddfe5610ff3bd100522525b2571f48.jpg?ver=1777048341","url":"https:\/\/diarioprincipios.com\/wp-content\/litespeed\/avatar\/11ddfe5610ff3bd100522525b2571f48.jpg?ver=1777048341","contentUrl":"https:\/\/diarioprincipios.com\/wp-content\/litespeed\/avatar\/11ddfe5610ff3bd100522525b2571f48.jpg?ver=1777048341","caption":"Hern\u00e1n L\u00f3pez"},"url":"https:\/\/diarioprincipios.com\/index.php\/author\/hernan\/"}]}},"jetpack_featured_media_url":"https:\/\/diarioprincipios.com\/wp-content\/uploads\/2022\/03\/BERAZATEGUI-COMIENZA-EL-TORNEO-DE-FUTBOL-INFANTIL-FEMENINO-EVITA-CAPITANA-2.jpeg","_links":{"self":[{"href":"https:\/\/diarioprincipios.com\/index.php\/wp-json\/wp\/v2\/posts\/13032","targetHints":{"allow":["GET"]}}],"collection":[{"href":"https:\/\/diarioprincipios.com\/index.php\/wp-json\/wp\/v2\/posts"}],"about":[{"href":"https:\/\/diarioprincipios.com\/index.php\/wp-json\/wp\/v2\/types\/post"}],"author":[{"embeddable":true,"href":"https:\/\/diarioprincipios.com\/index.php\/wp-json\/wp\/v2\/users\/2"}],"replies":[{"embeddable":true,"href":"https:\/\/diarioprincipios.com\/index.php\/wp-json\/wp\/v2\/comments?post=13032"}],"version-history":[{"count":1,"href":"https:\/\/diarioprincipios.com\/index.php\/wp-json\/wp\/v2\/posts\/13032\/revisions"}],"predecessor-version":[{"id":13036,"href":"https:\/\/diarioprincipios.com\/index.php\/wp-json\/wp\/v2\/posts\/13032\/revisions\/13036"}],"wp:featuredmedia":[{"embeddable":true,"href":"https:\/\/diarioprincipios.com\/index.php\/wp-json\/wp\/v2\/media\/13035"}],"wp:attachment":[{"href":"https:\/\/diarioprincipios.com\/index.php\/wp-json\/wp\/v2\/media?parent=13032"}],"wp:term":[{"taxonomy":"category","embeddable":true,"href":"https:\/\/diarioprincipios.com\/index.php\/wp-json\/wp\/v2\/categories?post=13032"},{"taxonomy":"post_tag","embeddable":true,"href":"https:\/\/diarioprincipios.com\/index.php\/wp-json\/wp\/v2\/tags?post=13032"}],"curies":[{"name":"wp","href":"https:\/\/api.w.org\/{rel}","templated":true}]}}