{"id":13027,"date":"2022-03-14T22:20:56","date_gmt":"2022-03-15T01:20:56","guid":{"rendered":"http:\/\/diarioprincipios.com\/?p=13027"},"modified":"2022-03-14T22:21:04","modified_gmt":"2022-03-15T01:21:04","slug":"mussi-inauguro-obras-en-el-centro-cultural-social-y-deportivo-lealtad","status":"publish","type":"post","link":"https:\/\/diarioprincipios.com\/index.php\/2022\/03\/14\/mussi-inauguro-obras-en-el-centro-cultural-social-y-deportivo-lealtad\/","title":{"rendered":"Mussi inaugur\u00f3 obras en el Centro Cultural, Social y Deportivo Lealtad"},"content":{"rendered":"\n<p><strong>El intendente de Berazategui, Juan Jos\u00e9 Mussi, inaugur\u00f3 las nuevas instalaciones del Centro Cultural, Social y Deportivo Lealtad ubicado en La Colina (Ranelagh). El acto cont\u00f3 con la presencia de vecinas y vecinos hist\u00f3ricos del barrio que fueron reconocidos, adem\u00e1s de representantes de otras instituciones de la zona.<\/strong><\/p>\n\n\n\n<p>En un momento de su visita, Mussi se\u00f1al\u00f3: \u201cQu\u00e9 lindo es ver esta Argentina donde hay uni\u00f3n para hacer cosas por los dem\u00e1s. Esta es la Argentina con la que yo me quedo\u201d.<\/p>\n\n\n\n<p>Asimismo, subray\u00f3: \u201cCon el Municipio solo no se hace nada, necesitamos de los vecinos y vecinas. Esta conjunci\u00f3n es la que nos permite avanzar\u201d.<\/p>\n\n\n\n<p>Por su parte, la presidenta de la instituci\u00f3n, Lorena D\u00edaz, afirm\u00f3: \u201cLos objetivos parec\u00edan lejanos, sin embargo fuimos trabajando para lograr todo esto. Quiero agradecer a Juan Jos\u00e9 Mussi y a todas las Secretar\u00edas del Municipio porque siempre est\u00e1n cuando las necesitamos\u201d.<\/p>\n\n\n\n<figure class=\"wp-block-image size-large\"><img loading=\"lazy\" decoding=\"async\" width=\"1024\" height=\"683\" src=\"https:\/\/diarioprincipios.com\/wp-content\/uploads\/2022\/03\/MUSSI-INAUGURO-OBRAS-EN-EL-CENTRO-CULTURAL-SOCIAL-Y-DEPORTIVO-LEALTAD-2-1024x683.jpg\" alt=\"\" class=\"wp-image-13028\" srcset=\"https:\/\/diarioprincipios.com\/wp-content\/uploads\/2022\/03\/MUSSI-INAUGURO-OBRAS-EN-EL-CENTRO-CULTURAL-SOCIAL-Y-DEPORTIVO-LEALTAD-2-1024x683.jpg 1024w, https:\/\/diarioprincipios.com\/wp-content\/uploads\/2022\/03\/MUSSI-INAUGURO-OBRAS-EN-EL-CENTRO-CULTURAL-SOCIAL-Y-DEPORTIVO-LEALTAD-2-300x200.jpg 300w, https:\/\/diarioprincipios.com\/wp-content\/uploads\/2022\/03\/MUSSI-INAUGURO-OBRAS-EN-EL-CENTRO-CULTURAL-SOCIAL-Y-DEPORTIVO-LEALTAD-2-768x512.jpg 768w, https:\/\/diarioprincipios.com\/wp-content\/uploads\/2022\/03\/MUSSI-INAUGURO-OBRAS-EN-EL-CENTRO-CULTURAL-SOCIAL-Y-DEPORTIVO-LEALTAD-2-1536x1024.jpg 1536w, https:\/\/diarioprincipios.com\/wp-content\/uploads\/2022\/03\/MUSSI-INAUGURO-OBRAS-EN-EL-CENTRO-CULTURAL-SOCIAL-Y-DEPORTIVO-LEALTAD-2.jpg 1920w\" sizes=\"auto, (max-width: 1024px) 100vw, 1024px\" \/><\/figure>\n\n\n\n<p>Durante la jornada, la Comisi\u00f3n directiva del Centro Lealtad junto al Intendente municipal reconocieron a la primera vecina residente de La Colina, Juana C\u00e1ceres; al equipo de v\u00f3ley de 1999, \u00fanico representativo de la instituci\u00f3n en una competencia local; y a socios fundadores del Centro.<\/p>\n\n\n\n<p>Uno de estos \u00faltimos, Pablo D\u00edaz, expres\u00f3: \u201cEmpezamos de abajo, ac\u00e1 no hab\u00eda nada. Hoy estoy muy contento porque veo c\u00f3mo est\u00e1 progresando la entidad gracias al esfuerzo de quienes colaboran con ella\u201d.<\/p>\n\n\n\n<figure class=\"wp-block-image size-large\"><img loading=\"lazy\" decoding=\"async\" width=\"1024\" height=\"683\" src=\"https:\/\/diarioprincipios.com\/wp-content\/uploads\/2022\/03\/MUSSI-INAUGURO-OBRAS-EN-EL-CENTRO-CULTURAL-SOCIAL-Y-DEPORTIVO-LEALTAD-1-1024x683.jpg\" alt=\"\" class=\"wp-image-13029\" srcset=\"https:\/\/diarioprincipios.com\/wp-content\/uploads\/2022\/03\/MUSSI-INAUGURO-OBRAS-EN-EL-CENTRO-CULTURAL-SOCIAL-Y-DEPORTIVO-LEALTAD-1-1024x683.jpg 1024w, https:\/\/diarioprincipios.com\/wp-content\/uploads\/2022\/03\/MUSSI-INAUGURO-OBRAS-EN-EL-CENTRO-CULTURAL-SOCIAL-Y-DEPORTIVO-LEALTAD-1-300x200.jpg 300w, https:\/\/diarioprincipios.com\/wp-content\/uploads\/2022\/03\/MUSSI-INAUGURO-OBRAS-EN-EL-CENTRO-CULTURAL-SOCIAL-Y-DEPORTIVO-LEALTAD-1-768x512.jpg 768w, https:\/\/diarioprincipios.com\/wp-content\/uploads\/2022\/03\/MUSSI-INAUGURO-OBRAS-EN-EL-CENTRO-CULTURAL-SOCIAL-Y-DEPORTIVO-LEALTAD-1-1536x1024.jpg 1536w, https:\/\/diarioprincipios.com\/wp-content\/uploads\/2022\/03\/MUSSI-INAUGURO-OBRAS-EN-EL-CENTRO-CULTURAL-SOCIAL-Y-DEPORTIVO-LEALTAD-1.jpg 1920w\" sizes=\"auto, (max-width: 1024px) 100vw, 1024px\" \/><\/figure>\n\n\n\n<p>Las obras realizadas en el establecimiento incluyen el reacondicionamiento de los ba\u00f1os, la oficina y un sal\u00f3n con instalaci\u00f3n el\u00e9ctrica y pintura; adem\u00e1s de la construcci\u00f3n de una mesada con bacha y bajo mesada, mobiliario de parrilla, veredas y revoques externos, entre otros trabajos.<\/p>\n\n\n\n<p>Acompa\u00f1aron, tambi\u00e9n, la titular de la Secretar\u00eda Privada de la Municipalidad, Mar\u00eda Del Carmen Flores; los secretarios de Organizaciones No Gubernamentales (ONG), Marcelo Benedetti; de Desarrollo Social y Comunitario, Recreaci\u00f3n y Deportes, Mar\u00eda Laura Lacava; de Cultura y Educaci\u00f3n, Federico L\u00f3pez; de Gobierno, Antonio Amarilla; de Servicios P\u00fablicos, Sergio Faccenda; de Control Urbano, Marcelo Sieczka; y la titular de la Agencia de Tierras y H\u00e1bitat, Luc\u00eda Vega.<\/p>\n","protected":false},"excerpt":{"rendered":"<p>El intendente de Berazategui, Juan Jos\u00e9 Mussi, inaugur\u00f3 las nuevas instalaciones del Centro Cultural, Social y Deportivo Lealtad ubicado en La Colina (Ranelagh). El acto cont\u00f3 con la presencia de vecinas y vecinos hist\u00f3ricos del barrio que fueron reconocidos, adem\u00e1s de representantes de otras instituciones de la zona. En un momento de su visita, Mussi&#8230;<\/p>\n","protected":false},"author":2,"featured_media":13030,"comment_status":"open","ping_status":"open","sticky":false,"template":"","format":"standard","meta":{"footnotes":""},"categories":[3],"tags":[],"class_list":["post-13027","post","type-post","status-publish","format-standard","has-post-thumbnail","hentry","category-berazategui"],"featured_image_src":"https:\/\/diarioprincipios.com\/wp-content\/uploads\/2022\/03\/MUSSI-INAUGURO-OBRAS-EN-EL-CENTRO-CULTURAL-SOCIAL-Y-DEPORTIVO-LEALTAD-3-1024x683.jpg","blog_images":{"medium":"https:\/\/diarioprincipios.com\/wp-content\/uploads\/2022\/03\/MUSSI-INAUGURO-OBRAS-EN-EL-CENTRO-CULTURAL-SOCIAL-Y-DEPORTIVO-LEALTAD-3-300x200.jpg","large":"https:\/\/diarioprincipios.com\/wp-content\/uploads\/2022\/03\/MUSSI-INAUGURO-OBRAS-EN-EL-CENTRO-CULTURAL-SOCIAL-Y-DEPORTIVO-LEALTAD-3-1024x683.jpg"},"ams_acf":[],"yoast_head":"<!-- This site is optimized with the Yoast SEO plugin v27.3 - https:\/\/yoast.com\/product\/yoast-seo-wordpress\/ -->\n<title>Mussi inaugur\u00f3 obras en el Centro Cultural, Social y Deportivo Lealtad - Principios<\/title>\n<meta name=\"robots\" content=\"index, follow, max-snippet:-1, max-image-preview:large, max-video-preview:-1\" \/>\n<link rel=\"canonical\" href=\"https:\/\/diarioprincipios.com\/index.php\/2022\/03\/14\/mussi-inauguro-obras-en-el-centro-cultural-social-y-deportivo-lealtad\/\" \/>\n<meta property=\"og:locale\" content=\"es_ES\" \/>\n<meta property=\"og:type\" content=\"article\" \/>\n<meta property=\"og:title\" content=\"Mussi inaugur\u00f3 obras en el Centro Cultural, Social y Deportivo Lealtad - Principios\" \/>\n<meta property=\"og:description\" content=\"El intendente de Berazategui, Juan Jos\u00e9 Mussi, inaugur\u00f3 las nuevas instalaciones del Centro Cultural, Social y Deportivo Lealtad ubicado en La Colina (Ranelagh). El acto cont\u00f3 con la presencia de vecinas y vecinos hist\u00f3ricos del barrio que fueron reconocidos, adem\u00e1s de representantes de otras instituciones de la zona. En un momento de su visita, Mussi...\" \/>\n<meta property=\"og:url\" content=\"https:\/\/diarioprincipios.com\/index.php\/2022\/03\/14\/mussi-inauguro-obras-en-el-centro-cultural-social-y-deportivo-lealtad\/\" \/>\n<meta property=\"og:site_name\" content=\"Principios\" \/>\n<meta property=\"article:published_time\" content=\"2022-03-15T01:20:56+00:00\" \/>\n<meta property=\"article:modified_time\" content=\"2022-03-15T01:21:04+00:00\" \/>\n<meta property=\"og:image\" content=\"https:\/\/diarioprincipios.com\/wp-content\/uploads\/2022\/03\/MUSSI-INAUGURO-OBRAS-EN-EL-CENTRO-CULTURAL-SOCIAL-Y-DEPORTIVO-LEALTAD-3.jpg\" \/>\n\t<meta property=\"og:image:width\" content=\"1920\" \/>\n\t<meta property=\"og:image:height\" content=\"1280\" \/>\n\t<meta property=\"og:image:type\" content=\"image\/jpeg\" \/>\n<meta name=\"author\" content=\"Hern\u00e1n L\u00f3pez\" \/>\n<meta name=\"twitter:card\" content=\"summary_large_image\" \/>\n<meta name=\"twitter:label1\" content=\"Escrito por\" \/>\n\t<meta name=\"twitter:data1\" content=\"Hern\u00e1n L\u00f3pez\" \/>\n\t<meta name=\"twitter:label2\" content=\"Tiempo de lectura\" \/>\n\t<meta name=\"twitter:data2\" content=\"2 minutos\" \/>\n<script type=\"application\/ld+json\" class=\"yoast-schema-graph\">{\"@context\":\"https:\\\/\\\/schema.org\",\"@graph\":[{\"@type\":\"Article\",\"@id\":\"https:\\\/\\\/diarioprincipios.com\\\/index.php\\\/2022\\\/03\\\/14\\\/mussi-inauguro-obras-en-el-centro-cultural-social-y-deportivo-lealtad\\\/#article\",\"isPartOf\":{\"@id\":\"https:\\\/\\\/diarioprincipios.com\\\/index.php\\\/2022\\\/03\\\/14\\\/mussi-inauguro-obras-en-el-centro-cultural-social-y-deportivo-lealtad\\\/\"},\"author\":{\"name\":\"Hern\u00e1n L\u00f3pez\",\"@id\":\"https:\\\/\\\/diarioprincipios.com\\\/#\\\/schema\\\/person\\\/436d5a1fd41a5e250e23ff5a6a7cb080\"},\"headline\":\"Mussi inaugur\u00f3 obras en el Centro Cultural, Social y Deportivo Lealtad\",\"datePublished\":\"2022-03-15T01:20:56+00:00\",\"dateModified\":\"2022-03-15T01:21:04+00:00\",\"mainEntityOfPage\":{\"@id\":\"https:\\\/\\\/diarioprincipios.com\\\/index.php\\\/2022\\\/03\\\/14\\\/mussi-inauguro-obras-en-el-centro-cultural-social-y-deportivo-lealtad\\\/\"},\"wordCount\":381,\"commentCount\":0,\"publisher\":{\"@id\":\"https:\\\/\\\/diarioprincipios.com\\\/#organization\"},\"image\":{\"@id\":\"https:\\\/\\\/diarioprincipios.com\\\/index.php\\\/2022\\\/03\\\/14\\\/mussi-inauguro-obras-en-el-centro-cultural-social-y-deportivo-lealtad\\\/#primaryimage\"},\"thumbnailUrl\":\"https:\\\/\\\/diarioprincipios.com\\\/wp-content\\\/uploads\\\/2022\\\/03\\\/MUSSI-INAUGURO-OBRAS-EN-EL-CENTRO-CULTURAL-SOCIAL-Y-DEPORTIVO-LEALTAD-3.jpg\",\"articleSection\":[\"Berazategui\"],\"inLanguage\":\"es\",\"potentialAction\":[{\"@type\":\"CommentAction\",\"name\":\"Comment\",\"target\":[\"https:\\\/\\\/diarioprincipios.com\\\/index.php\\\/2022\\\/03\\\/14\\\/mussi-inauguro-obras-en-el-centro-cultural-social-y-deportivo-lealtad\\\/#respond\"]}]},{\"@type\":\"WebPage\",\"@id\":\"https:\\\/\\\/diarioprincipios.com\\\/index.php\\\/2022\\\/03\\\/14\\\/mussi-inauguro-obras-en-el-centro-cultural-social-y-deportivo-lealtad\\\/\",\"url\":\"https:\\\/\\\/diarioprincipios.com\\\/index.php\\\/2022\\\/03\\\/14\\\/mussi-inauguro-obras-en-el-centro-cultural-social-y-deportivo-lealtad\\\/\",\"name\":\"Mussi inaugur\u00f3 obras en el Centro Cultural, Social y Deportivo Lealtad - Principios\",\"isPartOf\":{\"@id\":\"https:\\\/\\\/diarioprincipios.com\\\/#website\"},\"primaryImageOfPage\":{\"@id\":\"https:\\\/\\\/diarioprincipios.com\\\/index.php\\\/2022\\\/03\\\/14\\\/mussi-inauguro-obras-en-el-centro-cultural-social-y-deportivo-lealtad\\\/#primaryimage\"},\"image\":{\"@id\":\"https:\\\/\\\/diarioprincipios.com\\\/index.php\\\/2022\\\/03\\\/14\\\/mussi-inauguro-obras-en-el-centro-cultural-social-y-deportivo-lealtad\\\/#primaryimage\"},\"thumbnailUrl\":\"https:\\\/\\\/diarioprincipios.com\\\/wp-content\\\/uploads\\\/2022\\\/03\\\/MUSSI-INAUGURO-OBRAS-EN-EL-CENTRO-CULTURAL-SOCIAL-Y-DEPORTIVO-LEALTAD-3.jpg\",\"datePublished\":\"2022-03-15T01:20:56+00:00\",\"dateModified\":\"2022-03-15T01:21:04+00:00\",\"breadcrumb\":{\"@id\":\"https:\\\/\\\/diarioprincipios.com\\\/index.php\\\/2022\\\/03\\\/14\\\/mussi-inauguro-obras-en-el-centro-cultural-social-y-deportivo-lealtad\\\/#breadcrumb\"},\"inLanguage\":\"es\",\"potentialAction\":[{\"@type\":\"ReadAction\",\"target\":[\"https:\\\/\\\/diarioprincipios.com\\\/index.php\\\/2022\\\/03\\\/14\\\/mussi-inauguro-obras-en-el-centro-cultural-social-y-deportivo-lealtad\\\/\"]}]},{\"@type\":\"ImageObject\",\"inLanguage\":\"es\",\"@id\":\"https:\\\/\\\/diarioprincipios.com\\\/index.php\\\/2022\\\/03\\\/14\\\/mussi-inauguro-obras-en-el-centro-cultural-social-y-deportivo-lealtad\\\/#primaryimage\",\"url\":\"https:\\\/\\\/diarioprincipios.com\\\/wp-content\\\/uploads\\\/2022\\\/03\\\/MUSSI-INAUGURO-OBRAS-EN-EL-CENTRO-CULTURAL-SOCIAL-Y-DEPORTIVO-LEALTAD-3.jpg\",\"contentUrl\":\"https:\\\/\\\/diarioprincipios.com\\\/wp-content\\\/uploads\\\/2022\\\/03\\\/MUSSI-INAUGURO-OBRAS-EN-EL-CENTRO-CULTURAL-SOCIAL-Y-DEPORTIVO-LEALTAD-3.jpg\",\"width\":1920,\"height\":1280},{\"@type\":\"BreadcrumbList\",\"@id\":\"https:\\\/\\\/diarioprincipios.com\\\/index.php\\\/2022\\\/03\\\/14\\\/mussi-inauguro-obras-en-el-centro-cultural-social-y-deportivo-lealtad\\\/#breadcrumb\",\"itemListElement\":[{\"@type\":\"ListItem\",\"position\":1,\"name\":\"Portada\",\"item\":\"https:\\\/\\\/diarioprincipios.com\\\/\"},{\"@type\":\"ListItem\",\"position\":2,\"name\":\"Mussi inaugur\u00f3 obras en el Centro Cultural, Social y Deportivo Lealtad\"}]},{\"@type\":\"WebSite\",\"@id\":\"https:\\\/\\\/diarioprincipios.com\\\/#website\",\"url\":\"https:\\\/\\\/diarioprincipios.com\\\/\",\"name\":\"Principios\",\"description\":\"Principios Diario\",\"publisher\":{\"@id\":\"https:\\\/\\\/diarioprincipios.com\\\/#organization\"},\"potentialAction\":[{\"@type\":\"SearchAction\",\"target\":{\"@type\":\"EntryPoint\",\"urlTemplate\":\"https:\\\/\\\/diarioprincipios.com\\\/?s={search_term_string}\"},\"query-input\":{\"@type\":\"PropertyValueSpecification\",\"valueRequired\":true,\"valueName\":\"search_term_string\"}}],\"inLanguage\":\"es\"},{\"@type\":\"Organization\",\"@id\":\"https:\\\/\\\/diarioprincipios.com\\\/#organization\",\"name\":\"Principios\",\"url\":\"https:\\\/\\\/diarioprincipios.com\\\/\",\"logo\":{\"@type\":\"ImageObject\",\"inLanguage\":\"es\",\"@id\":\"https:\\\/\\\/diarioprincipios.com\\\/#\\\/schema\\\/logo\\\/image\\\/\",\"url\":\"https:\\\/\\\/diarioprincipios.com\\\/wp-content\\\/uploads\\\/2024\\\/04\\\/cropped-www.diarioprincipios.com_-1.png\",\"contentUrl\":\"https:\\\/\\\/diarioprincipios.com\\\/wp-content\\\/uploads\\\/2024\\\/04\\\/cropped-www.diarioprincipios.com_-1.png\",\"width\":5325,\"height\":1454,\"caption\":\"Principios\"},\"image\":{\"@id\":\"https:\\\/\\\/diarioprincipios.com\\\/#\\\/schema\\\/logo\\\/image\\\/\"}},{\"@type\":\"Person\",\"@id\":\"https:\\\/\\\/diarioprincipios.com\\\/#\\\/schema\\\/person\\\/436d5a1fd41a5e250e23ff5a6a7cb080\",\"name\":\"Hern\u00e1n L\u00f3pez\",\"image\":{\"@type\":\"ImageObject\",\"inLanguage\":\"es\",\"@id\":\"https:\\\/\\\/diarioprincipios.com\\\/wp-content\\\/litespeed\\\/avatar\\\/11ddfe5610ff3bd100522525b2571f48.jpg?ver=1777048341\",\"url\":\"https:\\\/\\\/diarioprincipios.com\\\/wp-content\\\/litespeed\\\/avatar\\\/11ddfe5610ff3bd100522525b2571f48.jpg?ver=1777048341\",\"contentUrl\":\"https:\\\/\\\/diarioprincipios.com\\\/wp-content\\\/litespeed\\\/avatar\\\/11ddfe5610ff3bd100522525b2571f48.jpg?ver=1777048341\",\"caption\":\"Hern\u00e1n L\u00f3pez\"},\"url\":\"https:\\\/\\\/diarioprincipios.com\\\/index.php\\\/author\\\/hernan\\\/\"}]}<\/script>\n<!-- \/ Yoast SEO plugin. -->","yoast_head_json":{"title":"Mussi inaugur\u00f3 obras en el Centro Cultural, Social y Deportivo Lealtad - Principios","robots":{"index":"index","follow":"follow","max-snippet":"max-snippet:-1","max-image-preview":"max-image-preview:large","max-video-preview":"max-video-preview:-1"},"canonical":"https:\/\/diarioprincipios.com\/index.php\/2022\/03\/14\/mussi-inauguro-obras-en-el-centro-cultural-social-y-deportivo-lealtad\/","og_locale":"es_ES","og_type":"article","og_title":"Mussi inaugur\u00f3 obras en el Centro Cultural, Social y Deportivo Lealtad - Principios","og_description":"El intendente de Berazategui, Juan Jos\u00e9 Mussi, inaugur\u00f3 las nuevas instalaciones del Centro Cultural, Social y Deportivo Lealtad ubicado en La Colina (Ranelagh). El acto cont\u00f3 con la presencia de vecinas y vecinos hist\u00f3ricos del barrio que fueron reconocidos, adem\u00e1s de representantes de otras instituciones de la zona. En un momento de su visita, Mussi...","og_url":"https:\/\/diarioprincipios.com\/index.php\/2022\/03\/14\/mussi-inauguro-obras-en-el-centro-cultural-social-y-deportivo-lealtad\/","og_site_name":"Principios","article_published_time":"2022-03-15T01:20:56+00:00","article_modified_time":"2022-03-15T01:21:04+00:00","og_image":[{"width":1920,"height":1280,"url":"https:\/\/diarioprincipios.com\/wp-content\/uploads\/2022\/03\/MUSSI-INAUGURO-OBRAS-EN-EL-CENTRO-CULTURAL-SOCIAL-Y-DEPORTIVO-LEALTAD-3.jpg","type":"image\/jpeg"}],"author":"Hern\u00e1n L\u00f3pez","twitter_card":"summary_large_image","twitter_misc":{"Escrito por":"Hern\u00e1n L\u00f3pez","Tiempo de lectura":"2 minutos"},"schema":{"@context":"https:\/\/schema.org","@graph":[{"@type":"Article","@id":"https:\/\/diarioprincipios.com\/index.php\/2022\/03\/14\/mussi-inauguro-obras-en-el-centro-cultural-social-y-deportivo-lealtad\/#article","isPartOf":{"@id":"https:\/\/diarioprincipios.com\/index.php\/2022\/03\/14\/mussi-inauguro-obras-en-el-centro-cultural-social-y-deportivo-lealtad\/"},"author":{"name":"Hern\u00e1n L\u00f3pez","@id":"https:\/\/diarioprincipios.com\/#\/schema\/person\/436d5a1fd41a5e250e23ff5a6a7cb080"},"headline":"Mussi inaugur\u00f3 obras en el Centro Cultural, Social y Deportivo Lealtad","datePublished":"2022-03-15T01:20:56+00:00","dateModified":"2022-03-15T01:21:04+00:00","mainEntityOfPage":{"@id":"https:\/\/diarioprincipios.com\/index.php\/2022\/03\/14\/mussi-inauguro-obras-en-el-centro-cultural-social-y-deportivo-lealtad\/"},"wordCount":381,"commentCount":0,"publisher":{"@id":"https:\/\/diarioprincipios.com\/#organization"},"image":{"@id":"https:\/\/diarioprincipios.com\/index.php\/2022\/03\/14\/mussi-inauguro-obras-en-el-centro-cultural-social-y-deportivo-lealtad\/#primaryimage"},"thumbnailUrl":"https:\/\/diarioprincipios.com\/wp-content\/uploads\/2022\/03\/MUSSI-INAUGURO-OBRAS-EN-EL-CENTRO-CULTURAL-SOCIAL-Y-DEPORTIVO-LEALTAD-3.jpg","articleSection":["Berazategui"],"inLanguage":"es","potentialAction":[{"@type":"CommentAction","name":"Comment","target":["https:\/\/diarioprincipios.com\/index.php\/2022\/03\/14\/mussi-inauguro-obras-en-el-centro-cultural-social-y-deportivo-lealtad\/#respond"]}]},{"@type":"WebPage","@id":"https:\/\/diarioprincipios.com\/index.php\/2022\/03\/14\/mussi-inauguro-obras-en-el-centro-cultural-social-y-deportivo-lealtad\/","url":"https:\/\/diarioprincipios.com\/index.php\/2022\/03\/14\/mussi-inauguro-obras-en-el-centro-cultural-social-y-deportivo-lealtad\/","name":"Mussi inaugur\u00f3 obras en el Centro Cultural, Social y Deportivo Lealtad - Principios","isPartOf":{"@id":"https:\/\/diarioprincipios.com\/#website"},"primaryImageOfPage":{"@id":"https:\/\/diarioprincipios.com\/index.php\/2022\/03\/14\/mussi-inauguro-obras-en-el-centro-cultural-social-y-deportivo-lealtad\/#primaryimage"},"image":{"@id":"https:\/\/diarioprincipios.com\/index.php\/2022\/03\/14\/mussi-inauguro-obras-en-el-centro-cultural-social-y-deportivo-lealtad\/#primaryimage"},"thumbnailUrl":"https:\/\/diarioprincipios.com\/wp-content\/uploads\/2022\/03\/MUSSI-INAUGURO-OBRAS-EN-EL-CENTRO-CULTURAL-SOCIAL-Y-DEPORTIVO-LEALTAD-3.jpg","datePublished":"2022-03-15T01:20:56+00:00","dateModified":"2022-03-15T01:21:04+00:00","breadcrumb":{"@id":"https:\/\/diarioprincipios.com\/index.php\/2022\/03\/14\/mussi-inauguro-obras-en-el-centro-cultural-social-y-deportivo-lealtad\/#breadcrumb"},"inLanguage":"es","potentialAction":[{"@type":"ReadAction","target":["https:\/\/diarioprincipios.com\/index.php\/2022\/03\/14\/mussi-inauguro-obras-en-el-centro-cultural-social-y-deportivo-lealtad\/"]}]},{"@type":"ImageObject","inLanguage":"es","@id":"https:\/\/diarioprincipios.com\/index.php\/2022\/03\/14\/mussi-inauguro-obras-en-el-centro-cultural-social-y-deportivo-lealtad\/#primaryimage","url":"https:\/\/diarioprincipios.com\/wp-content\/uploads\/2022\/03\/MUSSI-INAUGURO-OBRAS-EN-EL-CENTRO-CULTURAL-SOCIAL-Y-DEPORTIVO-LEALTAD-3.jpg","contentUrl":"https:\/\/diarioprincipios.com\/wp-content\/uploads\/2022\/03\/MUSSI-INAUGURO-OBRAS-EN-EL-CENTRO-CULTURAL-SOCIAL-Y-DEPORTIVO-LEALTAD-3.jpg","width":1920,"height":1280},{"@type":"BreadcrumbList","@id":"https:\/\/diarioprincipios.com\/index.php\/2022\/03\/14\/mussi-inauguro-obras-en-el-centro-cultural-social-y-deportivo-lealtad\/#breadcrumb","itemListElement":[{"@type":"ListItem","position":1,"name":"Portada","item":"https:\/\/diarioprincipios.com\/"},{"@type":"ListItem","position":2,"name":"Mussi inaugur\u00f3 obras en el Centro Cultural, Social y Deportivo Lealtad"}]},{"@type":"WebSite","@id":"https:\/\/diarioprincipios.com\/#website","url":"https:\/\/diarioprincipios.com\/","name":"Principios","description":"Principios Diario","publisher":{"@id":"https:\/\/diarioprincipios.com\/#organization"},"potentialAction":[{"@type":"SearchAction","target":{"@type":"EntryPoint","urlTemplate":"https:\/\/diarioprincipios.com\/?s={search_term_string}"},"query-input":{"@type":"PropertyValueSpecification","valueRequired":true,"valueName":"search_term_string"}}],"inLanguage":"es"},{"@type":"Organization","@id":"https:\/\/diarioprincipios.com\/#organization","name":"Principios","url":"https:\/\/diarioprincipios.com\/","logo":{"@type":"ImageObject","inLanguage":"es","@id":"https:\/\/diarioprincipios.com\/#\/schema\/logo\/image\/","url":"https:\/\/diarioprincipios.com\/wp-content\/uploads\/2024\/04\/cropped-www.diarioprincipios.com_-1.png","contentUrl":"https:\/\/diarioprincipios.com\/wp-content\/uploads\/2024\/04\/cropped-www.diarioprincipios.com_-1.png","width":5325,"height":1454,"caption":"Principios"},"image":{"@id":"https:\/\/diarioprincipios.com\/#\/schema\/logo\/image\/"}},{"@type":"Person","@id":"https:\/\/diarioprincipios.com\/#\/schema\/person\/436d5a1fd41a5e250e23ff5a6a7cb080","name":"Hern\u00e1n L\u00f3pez","image":{"@type":"ImageObject","inLanguage":"es","@id":"https:\/\/diarioprincipios.com\/wp-content\/litespeed\/avatar\/11ddfe5610ff3bd100522525b2571f48.jpg?ver=1777048341","url":"https:\/\/diarioprincipios.com\/wp-content\/litespeed\/avatar\/11ddfe5610ff3bd100522525b2571f48.jpg?ver=1777048341","contentUrl":"https:\/\/diarioprincipios.com\/wp-content\/litespeed\/avatar\/11ddfe5610ff3bd100522525b2571f48.jpg?ver=1777048341","caption":"Hern\u00e1n L\u00f3pez"},"url":"https:\/\/diarioprincipios.com\/index.php\/author\/hernan\/"}]}},"jetpack_featured_media_url":"https:\/\/diarioprincipios.com\/wp-content\/uploads\/2022\/03\/MUSSI-INAUGURO-OBRAS-EN-EL-CENTRO-CULTURAL-SOCIAL-Y-DEPORTIVO-LEALTAD-3.jpg","_links":{"self":[{"href":"https:\/\/diarioprincipios.com\/index.php\/wp-json\/wp\/v2\/posts\/13027","targetHints":{"allow":["GET"]}}],"collection":[{"href":"https:\/\/diarioprincipios.com\/index.php\/wp-json\/wp\/v2\/posts"}],"about":[{"href":"https:\/\/diarioprincipios.com\/index.php\/wp-json\/wp\/v2\/types\/post"}],"author":[{"embeddable":true,"href":"https:\/\/diarioprincipios.com\/index.php\/wp-json\/wp\/v2\/users\/2"}],"replies":[{"embeddable":true,"href":"https:\/\/diarioprincipios.com\/index.php\/wp-json\/wp\/v2\/comments?post=13027"}],"version-history":[{"count":1,"href":"https:\/\/diarioprincipios.com\/index.php\/wp-json\/wp\/v2\/posts\/13027\/revisions"}],"predecessor-version":[{"id":13031,"href":"https:\/\/diarioprincipios.com\/index.php\/wp-json\/wp\/v2\/posts\/13027\/revisions\/13031"}],"wp:featuredmedia":[{"embeddable":true,"href":"https:\/\/diarioprincipios.com\/index.php\/wp-json\/wp\/v2\/media\/13030"}],"wp:attachment":[{"href":"https:\/\/diarioprincipios.com\/index.php\/wp-json\/wp\/v2\/media?parent=13027"}],"wp:term":[{"taxonomy":"category","embeddable":true,"href":"https:\/\/diarioprincipios.com\/index.php\/wp-json\/wp\/v2\/categories?post=13027"},{"taxonomy":"post_tag","embeddable":true,"href":"https:\/\/diarioprincipios.com\/index.php\/wp-json\/wp\/v2\/tags?post=13027"}],"curies":[{"name":"wp","href":"https:\/\/api.w.org\/{rel}","templated":true}]}}