{"id":13006,"date":"2022-03-13T13:31:06","date_gmt":"2022-03-13T16:31:06","guid":{"rendered":"http:\/\/diarioprincipios.com\/?p=13006"},"modified":"2022-03-13T13:31:11","modified_gmt":"2022-03-13T16:31:11","slug":"presentaron-nuevas-unidades-para-las-lineas-603-y-619","status":"publish","type":"post","link":"https:\/\/diarioprincipios.com\/index.php\/2022\/03\/13\/presentaron-nuevas-unidades-para-las-lineas-603-y-619\/","title":{"rendered":"Presentaron nuevas unidades para las l\u00edneas 603 y 619"},"content":{"rendered":"\n<p><strong>La empresa Micro \u00d3mnibus Quilmes SA (MOQSA) present\u00f3 las nuevas y modernas unidades correspondientes a las l\u00edneas 603 y 619. Durante la ceremonia, que cont\u00f3 con la participaci\u00f3n del intendente de Berazategui, Juan Jos\u00e9 Mussi, las autoridades de la firma destacaron la importancia del fortalecimiento de esta flota de colectivos comunales para todos los vecinos y vecinas del distrito.<\/strong><\/p>\n\n\n\n<figure class=\"wp-block-image size-large\"><img loading=\"lazy\" decoding=\"async\" width=\"1024\" height=\"683\" src=\"https:\/\/diarioprincipios.com\/wp-content\/uploads\/2022\/03\/BERAZATEGUI-PRESENTARON-NUEVAS-UNIDADES-PARA-LAS-LINEAS-603-Y-619-2-1-1024x683.jpg\" alt=\"\" class=\"wp-image-13007\" srcset=\"https:\/\/diarioprincipios.com\/wp-content\/uploads\/2022\/03\/BERAZATEGUI-PRESENTARON-NUEVAS-UNIDADES-PARA-LAS-LINEAS-603-Y-619-2-1-1024x683.jpg 1024w, https:\/\/diarioprincipios.com\/wp-content\/uploads\/2022\/03\/BERAZATEGUI-PRESENTARON-NUEVAS-UNIDADES-PARA-LAS-LINEAS-603-Y-619-2-1-300x200.jpg 300w, https:\/\/diarioprincipios.com\/wp-content\/uploads\/2022\/03\/BERAZATEGUI-PRESENTARON-NUEVAS-UNIDADES-PARA-LAS-LINEAS-603-Y-619-2-1-768x512.jpg 768w, https:\/\/diarioprincipios.com\/wp-content\/uploads\/2022\/03\/BERAZATEGUI-PRESENTARON-NUEVAS-UNIDADES-PARA-LAS-LINEAS-603-Y-619-2-1-1536x1024.jpg 1536w, https:\/\/diarioprincipios.com\/wp-content\/uploads\/2022\/03\/BERAZATEGUI-PRESENTARON-NUEVAS-UNIDADES-PARA-LAS-LINEAS-603-Y-619-2-1.jpg 1920w\" sizes=\"auto, (max-width: 1024px) 100vw, 1024px\" \/><\/figure>\n\n\n\n<p>Estos nuevos transportes funcionan con tecnolog\u00eda Euro 5, amigable con el medio ambiente, que reduce la emisi\u00f3n de contaminantes. Asimismo, recorrer\u00e1n exclusivamente localidades de Berazategui. Estas dos l\u00edneas de la empresa MOQSA trasladan alrededor de 950 mil pasajeros y pasajeras mensualmente.<\/p>\n\n\n\n<figure class=\"wp-block-image size-large\"><img loading=\"lazy\" decoding=\"async\" width=\"1024\" height=\"683\" src=\"https:\/\/diarioprincipios.com\/wp-content\/uploads\/2022\/03\/BERAZATEGUI-PRESENTARON-NUEVAS-UNIDADES-PARA-LAS-LINEAS-603-Y-619-1-1-1024x683.jpg\" alt=\"\" class=\"wp-image-13008\" srcset=\"https:\/\/diarioprincipios.com\/wp-content\/uploads\/2022\/03\/BERAZATEGUI-PRESENTARON-NUEVAS-UNIDADES-PARA-LAS-LINEAS-603-Y-619-1-1-1024x683.jpg 1024w, https:\/\/diarioprincipios.com\/wp-content\/uploads\/2022\/03\/BERAZATEGUI-PRESENTARON-NUEVAS-UNIDADES-PARA-LAS-LINEAS-603-Y-619-1-1-300x200.jpg 300w, https:\/\/diarioprincipios.com\/wp-content\/uploads\/2022\/03\/BERAZATEGUI-PRESENTARON-NUEVAS-UNIDADES-PARA-LAS-LINEAS-603-Y-619-1-1-768x512.jpg 768w, https:\/\/diarioprincipios.com\/wp-content\/uploads\/2022\/03\/BERAZATEGUI-PRESENTARON-NUEVAS-UNIDADES-PARA-LAS-LINEAS-603-Y-619-1-1-1536x1024.jpg 1536w, https:\/\/diarioprincipios.com\/wp-content\/uploads\/2022\/03\/BERAZATEGUI-PRESENTARON-NUEVAS-UNIDADES-PARA-LAS-LINEAS-603-Y-619-1-1.jpg 1920w\" sizes=\"auto, (max-width: 1024px) 100vw, 1024px\" \/><\/figure>\n\n\n\n<p>Fernando Tolentinati, presidente de MOQSA, coment\u00f3: \u201cSoy de Berazategui, nacido ac\u00e1. Junto con la empresa nos sentimos identificados con el partido. Esta es la primera vez que disponemos colectivos 0 km en la l\u00ednea comunal y es el principio, ya que de ac\u00e1 en m\u00e1s queremos seguir haci\u00e9ndolo para beneficio del ciudadano de Berazategui y as\u00ed acompa\u00f1ar el gran crecimiento que tiene la ciudad con la gesti\u00f3n del Dr. Mussi. Deseamos estar siempre a la par tratando de acompa\u00f1ar\u201d.<\/p>\n\n\n\n<p>Finalmente, Tolentinati subray\u00f3: \u201cPara nosotros, en nombre de la empresa y los vecinos de Berazategui, es un honor poder incorporar estas unidades. Estamos agradecidos por poder contar con un municipio como este, con un v\u00ednculo de respeto, algo fundamental para seguir creciendo\u201d.<\/p>\n","protected":false},"excerpt":{"rendered":"<p>La empresa Micro \u00d3mnibus Quilmes SA (MOQSA) present\u00f3 las nuevas y modernas unidades correspondientes a las l\u00edneas 603 y 619. Durante la ceremonia, que cont\u00f3 con la participaci\u00f3n del intendente de Berazategui, Juan Jos\u00e9 Mussi, las autoridades de la firma destacaron la importancia del fortalecimiento de esta flota de colectivos comunales para todos los vecinos&#8230;<\/p>\n","protected":false},"author":2,"featured_media":13009,"comment_status":"open","ping_status":"open","sticky":false,"template":"","format":"standard","meta":{"footnotes":""},"categories":[3],"tags":[],"class_list":["post-13006","post","type-post","status-publish","format-standard","has-post-thumbnail","hentry","category-berazategui"],"featured_image_src":"https:\/\/diarioprincipios.com\/wp-content\/uploads\/2022\/03\/BERAZATEGUI-PRESENTARON-NUEVAS-UNIDADES-PARA-LAS-LINEAS-603-Y-619-3-1-1024x683.jpg","blog_images":{"medium":"https:\/\/diarioprincipios.com\/wp-content\/uploads\/2022\/03\/BERAZATEGUI-PRESENTARON-NUEVAS-UNIDADES-PARA-LAS-LINEAS-603-Y-619-3-1-300x200.jpg","large":"https:\/\/diarioprincipios.com\/wp-content\/uploads\/2022\/03\/BERAZATEGUI-PRESENTARON-NUEVAS-UNIDADES-PARA-LAS-LINEAS-603-Y-619-3-1-1024x683.jpg"},"ams_acf":[],"yoast_head":"<!-- This site is optimized with the Yoast SEO plugin v27.3 - https:\/\/yoast.com\/product\/yoast-seo-wordpress\/ -->\n<title>Presentaron nuevas unidades para las l\u00edneas 603 y 619 - Principios<\/title>\n<meta name=\"robots\" content=\"index, follow, max-snippet:-1, max-image-preview:large, max-video-preview:-1\" \/>\n<link rel=\"canonical\" href=\"https:\/\/diarioprincipios.com\/index.php\/2022\/03\/13\/presentaron-nuevas-unidades-para-las-lineas-603-y-619\/\" \/>\n<meta property=\"og:locale\" content=\"es_ES\" \/>\n<meta property=\"og:type\" content=\"article\" \/>\n<meta property=\"og:title\" content=\"Presentaron nuevas unidades para las l\u00edneas 603 y 619 - Principios\" \/>\n<meta property=\"og:description\" content=\"La empresa Micro \u00d3mnibus Quilmes SA (MOQSA) present\u00f3 las nuevas y modernas unidades correspondientes a las l\u00edneas 603 y 619. Durante la ceremonia, que cont\u00f3 con la participaci\u00f3n del intendente de Berazategui, Juan Jos\u00e9 Mussi, las autoridades de la firma destacaron la importancia del fortalecimiento de esta flota de colectivos comunales para todos los vecinos...\" \/>\n<meta property=\"og:url\" content=\"https:\/\/diarioprincipios.com\/index.php\/2022\/03\/13\/presentaron-nuevas-unidades-para-las-lineas-603-y-619\/\" \/>\n<meta property=\"og:site_name\" content=\"Principios\" \/>\n<meta property=\"article:published_time\" content=\"2022-03-13T16:31:06+00:00\" \/>\n<meta property=\"article:modified_time\" content=\"2022-03-13T16:31:11+00:00\" \/>\n<meta property=\"og:image\" content=\"https:\/\/diarioprincipios.com\/wp-content\/uploads\/2022\/03\/BERAZATEGUI-PRESENTARON-NUEVAS-UNIDADES-PARA-LAS-LINEAS-603-Y-619-3-1.jpg\" \/>\n\t<meta property=\"og:image:width\" content=\"1920\" \/>\n\t<meta property=\"og:image:height\" content=\"1280\" \/>\n\t<meta property=\"og:image:type\" content=\"image\/jpeg\" \/>\n<meta name=\"author\" content=\"Hern\u00e1n L\u00f3pez\" \/>\n<meta name=\"twitter:card\" content=\"summary_large_image\" \/>\n<meta name=\"twitter:label1\" content=\"Escrito por\" \/>\n\t<meta name=\"twitter:data1\" content=\"Hern\u00e1n L\u00f3pez\" \/>\n\t<meta name=\"twitter:label2\" content=\"Tiempo de lectura\" \/>\n\t<meta name=\"twitter:data2\" content=\"2 minutos\" \/>\n<script type=\"application\/ld+json\" class=\"yoast-schema-graph\">{\"@context\":\"https:\\\/\\\/schema.org\",\"@graph\":[{\"@type\":\"Article\",\"@id\":\"https:\\\/\\\/diarioprincipios.com\\\/index.php\\\/2022\\\/03\\\/13\\\/presentaron-nuevas-unidades-para-las-lineas-603-y-619\\\/#article\",\"isPartOf\":{\"@id\":\"https:\\\/\\\/diarioprincipios.com\\\/index.php\\\/2022\\\/03\\\/13\\\/presentaron-nuevas-unidades-para-las-lineas-603-y-619\\\/\"},\"author\":{\"name\":\"Hern\u00e1n L\u00f3pez\",\"@id\":\"https:\\\/\\\/diarioprincipios.com\\\/#\\\/schema\\\/person\\\/436d5a1fd41a5e250e23ff5a6a7cb080\"},\"headline\":\"Presentaron nuevas unidades para las l\u00edneas 603 y 619\",\"datePublished\":\"2022-03-13T16:31:06+00:00\",\"dateModified\":\"2022-03-13T16:31:11+00:00\",\"mainEntityOfPage\":{\"@id\":\"https:\\\/\\\/diarioprincipios.com\\\/index.php\\\/2022\\\/03\\\/13\\\/presentaron-nuevas-unidades-para-las-lineas-603-y-619\\\/\"},\"wordCount\":237,\"commentCount\":0,\"publisher\":{\"@id\":\"https:\\\/\\\/diarioprincipios.com\\\/#organization\"},\"image\":{\"@id\":\"https:\\\/\\\/diarioprincipios.com\\\/index.php\\\/2022\\\/03\\\/13\\\/presentaron-nuevas-unidades-para-las-lineas-603-y-619\\\/#primaryimage\"},\"thumbnailUrl\":\"https:\\\/\\\/diarioprincipios.com\\\/wp-content\\\/uploads\\\/2022\\\/03\\\/BERAZATEGUI-PRESENTARON-NUEVAS-UNIDADES-PARA-LAS-LINEAS-603-Y-619-3-1.jpg\",\"articleSection\":[\"Berazategui\"],\"inLanguage\":\"es\",\"potentialAction\":[{\"@type\":\"CommentAction\",\"name\":\"Comment\",\"target\":[\"https:\\\/\\\/diarioprincipios.com\\\/index.php\\\/2022\\\/03\\\/13\\\/presentaron-nuevas-unidades-para-las-lineas-603-y-619\\\/#respond\"]}]},{\"@type\":\"WebPage\",\"@id\":\"https:\\\/\\\/diarioprincipios.com\\\/index.php\\\/2022\\\/03\\\/13\\\/presentaron-nuevas-unidades-para-las-lineas-603-y-619\\\/\",\"url\":\"https:\\\/\\\/diarioprincipios.com\\\/index.php\\\/2022\\\/03\\\/13\\\/presentaron-nuevas-unidades-para-las-lineas-603-y-619\\\/\",\"name\":\"Presentaron nuevas unidades para las l\u00edneas 603 y 619 - Principios\",\"isPartOf\":{\"@id\":\"https:\\\/\\\/diarioprincipios.com\\\/#website\"},\"primaryImageOfPage\":{\"@id\":\"https:\\\/\\\/diarioprincipios.com\\\/index.php\\\/2022\\\/03\\\/13\\\/presentaron-nuevas-unidades-para-las-lineas-603-y-619\\\/#primaryimage\"},\"image\":{\"@id\":\"https:\\\/\\\/diarioprincipios.com\\\/index.php\\\/2022\\\/03\\\/13\\\/presentaron-nuevas-unidades-para-las-lineas-603-y-619\\\/#primaryimage\"},\"thumbnailUrl\":\"https:\\\/\\\/diarioprincipios.com\\\/wp-content\\\/uploads\\\/2022\\\/03\\\/BERAZATEGUI-PRESENTARON-NUEVAS-UNIDADES-PARA-LAS-LINEAS-603-Y-619-3-1.jpg\",\"datePublished\":\"2022-03-13T16:31:06+00:00\",\"dateModified\":\"2022-03-13T16:31:11+00:00\",\"breadcrumb\":{\"@id\":\"https:\\\/\\\/diarioprincipios.com\\\/index.php\\\/2022\\\/03\\\/13\\\/presentaron-nuevas-unidades-para-las-lineas-603-y-619\\\/#breadcrumb\"},\"inLanguage\":\"es\",\"potentialAction\":[{\"@type\":\"ReadAction\",\"target\":[\"https:\\\/\\\/diarioprincipios.com\\\/index.php\\\/2022\\\/03\\\/13\\\/presentaron-nuevas-unidades-para-las-lineas-603-y-619\\\/\"]}]},{\"@type\":\"ImageObject\",\"inLanguage\":\"es\",\"@id\":\"https:\\\/\\\/diarioprincipios.com\\\/index.php\\\/2022\\\/03\\\/13\\\/presentaron-nuevas-unidades-para-las-lineas-603-y-619\\\/#primaryimage\",\"url\":\"https:\\\/\\\/diarioprincipios.com\\\/wp-content\\\/uploads\\\/2022\\\/03\\\/BERAZATEGUI-PRESENTARON-NUEVAS-UNIDADES-PARA-LAS-LINEAS-603-Y-619-3-1.jpg\",\"contentUrl\":\"https:\\\/\\\/diarioprincipios.com\\\/wp-content\\\/uploads\\\/2022\\\/03\\\/BERAZATEGUI-PRESENTARON-NUEVAS-UNIDADES-PARA-LAS-LINEAS-603-Y-619-3-1.jpg\",\"width\":1920,\"height\":1280},{\"@type\":\"BreadcrumbList\",\"@id\":\"https:\\\/\\\/diarioprincipios.com\\\/index.php\\\/2022\\\/03\\\/13\\\/presentaron-nuevas-unidades-para-las-lineas-603-y-619\\\/#breadcrumb\",\"itemListElement\":[{\"@type\":\"ListItem\",\"position\":1,\"name\":\"Portada\",\"item\":\"https:\\\/\\\/diarioprincipios.com\\\/\"},{\"@type\":\"ListItem\",\"position\":2,\"name\":\"Presentaron nuevas unidades para las l\u00edneas 603 y 619\"}]},{\"@type\":\"WebSite\",\"@id\":\"https:\\\/\\\/diarioprincipios.com\\\/#website\",\"url\":\"https:\\\/\\\/diarioprincipios.com\\\/\",\"name\":\"Principios\",\"description\":\"Principios Diario\",\"publisher\":{\"@id\":\"https:\\\/\\\/diarioprincipios.com\\\/#organization\"},\"potentialAction\":[{\"@type\":\"SearchAction\",\"target\":{\"@type\":\"EntryPoint\",\"urlTemplate\":\"https:\\\/\\\/diarioprincipios.com\\\/?s={search_term_string}\"},\"query-input\":{\"@type\":\"PropertyValueSpecification\",\"valueRequired\":true,\"valueName\":\"search_term_string\"}}],\"inLanguage\":\"es\"},{\"@type\":\"Organization\",\"@id\":\"https:\\\/\\\/diarioprincipios.com\\\/#organization\",\"name\":\"Principios\",\"url\":\"https:\\\/\\\/diarioprincipios.com\\\/\",\"logo\":{\"@type\":\"ImageObject\",\"inLanguage\":\"es\",\"@id\":\"https:\\\/\\\/diarioprincipios.com\\\/#\\\/schema\\\/logo\\\/image\\\/\",\"url\":\"https:\\\/\\\/diarioprincipios.com\\\/wp-content\\\/uploads\\\/2024\\\/04\\\/cropped-www.diarioprincipios.com_-1.png\",\"contentUrl\":\"https:\\\/\\\/diarioprincipios.com\\\/wp-content\\\/uploads\\\/2024\\\/04\\\/cropped-www.diarioprincipios.com_-1.png\",\"width\":5325,\"height\":1454,\"caption\":\"Principios\"},\"image\":{\"@id\":\"https:\\\/\\\/diarioprincipios.com\\\/#\\\/schema\\\/logo\\\/image\\\/\"}},{\"@type\":\"Person\",\"@id\":\"https:\\\/\\\/diarioprincipios.com\\\/#\\\/schema\\\/person\\\/436d5a1fd41a5e250e23ff5a6a7cb080\",\"name\":\"Hern\u00e1n L\u00f3pez\",\"image\":{\"@type\":\"ImageObject\",\"inLanguage\":\"es\",\"@id\":\"https:\\\/\\\/diarioprincipios.com\\\/wp-content\\\/litespeed\\\/avatar\\\/11ddfe5610ff3bd100522525b2571f48.jpg?ver=1777048341\",\"url\":\"https:\\\/\\\/diarioprincipios.com\\\/wp-content\\\/litespeed\\\/avatar\\\/11ddfe5610ff3bd100522525b2571f48.jpg?ver=1777048341\",\"contentUrl\":\"https:\\\/\\\/diarioprincipios.com\\\/wp-content\\\/litespeed\\\/avatar\\\/11ddfe5610ff3bd100522525b2571f48.jpg?ver=1777048341\",\"caption\":\"Hern\u00e1n L\u00f3pez\"},\"url\":\"https:\\\/\\\/diarioprincipios.com\\\/index.php\\\/author\\\/hernan\\\/\"}]}<\/script>\n<!-- \/ Yoast SEO plugin. -->","yoast_head_json":{"title":"Presentaron nuevas unidades para las l\u00edneas 603 y 619 - Principios","robots":{"index":"index","follow":"follow","max-snippet":"max-snippet:-1","max-image-preview":"max-image-preview:large","max-video-preview":"max-video-preview:-1"},"canonical":"https:\/\/diarioprincipios.com\/index.php\/2022\/03\/13\/presentaron-nuevas-unidades-para-las-lineas-603-y-619\/","og_locale":"es_ES","og_type":"article","og_title":"Presentaron nuevas unidades para las l\u00edneas 603 y 619 - Principios","og_description":"La empresa Micro \u00d3mnibus Quilmes SA (MOQSA) present\u00f3 las nuevas y modernas unidades correspondientes a las l\u00edneas 603 y 619. Durante la ceremonia, que cont\u00f3 con la participaci\u00f3n del intendente de Berazategui, Juan Jos\u00e9 Mussi, las autoridades de la firma destacaron la importancia del fortalecimiento de esta flota de colectivos comunales para todos los vecinos...","og_url":"https:\/\/diarioprincipios.com\/index.php\/2022\/03\/13\/presentaron-nuevas-unidades-para-las-lineas-603-y-619\/","og_site_name":"Principios","article_published_time":"2022-03-13T16:31:06+00:00","article_modified_time":"2022-03-13T16:31:11+00:00","og_image":[{"width":1920,"height":1280,"url":"https:\/\/diarioprincipios.com\/wp-content\/uploads\/2022\/03\/BERAZATEGUI-PRESENTARON-NUEVAS-UNIDADES-PARA-LAS-LINEAS-603-Y-619-3-1.jpg","type":"image\/jpeg"}],"author":"Hern\u00e1n L\u00f3pez","twitter_card":"summary_large_image","twitter_misc":{"Escrito por":"Hern\u00e1n L\u00f3pez","Tiempo de lectura":"2 minutos"},"schema":{"@context":"https:\/\/schema.org","@graph":[{"@type":"Article","@id":"https:\/\/diarioprincipios.com\/index.php\/2022\/03\/13\/presentaron-nuevas-unidades-para-las-lineas-603-y-619\/#article","isPartOf":{"@id":"https:\/\/diarioprincipios.com\/index.php\/2022\/03\/13\/presentaron-nuevas-unidades-para-las-lineas-603-y-619\/"},"author":{"name":"Hern\u00e1n L\u00f3pez","@id":"https:\/\/diarioprincipios.com\/#\/schema\/person\/436d5a1fd41a5e250e23ff5a6a7cb080"},"headline":"Presentaron nuevas unidades para las l\u00edneas 603 y 619","datePublished":"2022-03-13T16:31:06+00:00","dateModified":"2022-03-13T16:31:11+00:00","mainEntityOfPage":{"@id":"https:\/\/diarioprincipios.com\/index.php\/2022\/03\/13\/presentaron-nuevas-unidades-para-las-lineas-603-y-619\/"},"wordCount":237,"commentCount":0,"publisher":{"@id":"https:\/\/diarioprincipios.com\/#organization"},"image":{"@id":"https:\/\/diarioprincipios.com\/index.php\/2022\/03\/13\/presentaron-nuevas-unidades-para-las-lineas-603-y-619\/#primaryimage"},"thumbnailUrl":"https:\/\/diarioprincipios.com\/wp-content\/uploads\/2022\/03\/BERAZATEGUI-PRESENTARON-NUEVAS-UNIDADES-PARA-LAS-LINEAS-603-Y-619-3-1.jpg","articleSection":["Berazategui"],"inLanguage":"es","potentialAction":[{"@type":"CommentAction","name":"Comment","target":["https:\/\/diarioprincipios.com\/index.php\/2022\/03\/13\/presentaron-nuevas-unidades-para-las-lineas-603-y-619\/#respond"]}]},{"@type":"WebPage","@id":"https:\/\/diarioprincipios.com\/index.php\/2022\/03\/13\/presentaron-nuevas-unidades-para-las-lineas-603-y-619\/","url":"https:\/\/diarioprincipios.com\/index.php\/2022\/03\/13\/presentaron-nuevas-unidades-para-las-lineas-603-y-619\/","name":"Presentaron nuevas unidades para las l\u00edneas 603 y 619 - Principios","isPartOf":{"@id":"https:\/\/diarioprincipios.com\/#website"},"primaryImageOfPage":{"@id":"https:\/\/diarioprincipios.com\/index.php\/2022\/03\/13\/presentaron-nuevas-unidades-para-las-lineas-603-y-619\/#primaryimage"},"image":{"@id":"https:\/\/diarioprincipios.com\/index.php\/2022\/03\/13\/presentaron-nuevas-unidades-para-las-lineas-603-y-619\/#primaryimage"},"thumbnailUrl":"https:\/\/diarioprincipios.com\/wp-content\/uploads\/2022\/03\/BERAZATEGUI-PRESENTARON-NUEVAS-UNIDADES-PARA-LAS-LINEAS-603-Y-619-3-1.jpg","datePublished":"2022-03-13T16:31:06+00:00","dateModified":"2022-03-13T16:31:11+00:00","breadcrumb":{"@id":"https:\/\/diarioprincipios.com\/index.php\/2022\/03\/13\/presentaron-nuevas-unidades-para-las-lineas-603-y-619\/#breadcrumb"},"inLanguage":"es","potentialAction":[{"@type":"ReadAction","target":["https:\/\/diarioprincipios.com\/index.php\/2022\/03\/13\/presentaron-nuevas-unidades-para-las-lineas-603-y-619\/"]}]},{"@type":"ImageObject","inLanguage":"es","@id":"https:\/\/diarioprincipios.com\/index.php\/2022\/03\/13\/presentaron-nuevas-unidades-para-las-lineas-603-y-619\/#primaryimage","url":"https:\/\/diarioprincipios.com\/wp-content\/uploads\/2022\/03\/BERAZATEGUI-PRESENTARON-NUEVAS-UNIDADES-PARA-LAS-LINEAS-603-Y-619-3-1.jpg","contentUrl":"https:\/\/diarioprincipios.com\/wp-content\/uploads\/2022\/03\/BERAZATEGUI-PRESENTARON-NUEVAS-UNIDADES-PARA-LAS-LINEAS-603-Y-619-3-1.jpg","width":1920,"height":1280},{"@type":"BreadcrumbList","@id":"https:\/\/diarioprincipios.com\/index.php\/2022\/03\/13\/presentaron-nuevas-unidades-para-las-lineas-603-y-619\/#breadcrumb","itemListElement":[{"@type":"ListItem","position":1,"name":"Portada","item":"https:\/\/diarioprincipios.com\/"},{"@type":"ListItem","position":2,"name":"Presentaron nuevas unidades para las l\u00edneas 603 y 619"}]},{"@type":"WebSite","@id":"https:\/\/diarioprincipios.com\/#website","url":"https:\/\/diarioprincipios.com\/","name":"Principios","description":"Principios Diario","publisher":{"@id":"https:\/\/diarioprincipios.com\/#organization"},"potentialAction":[{"@type":"SearchAction","target":{"@type":"EntryPoint","urlTemplate":"https:\/\/diarioprincipios.com\/?s={search_term_string}"},"query-input":{"@type":"PropertyValueSpecification","valueRequired":true,"valueName":"search_term_string"}}],"inLanguage":"es"},{"@type":"Organization","@id":"https:\/\/diarioprincipios.com\/#organization","name":"Principios","url":"https:\/\/diarioprincipios.com\/","logo":{"@type":"ImageObject","inLanguage":"es","@id":"https:\/\/diarioprincipios.com\/#\/schema\/logo\/image\/","url":"https:\/\/diarioprincipios.com\/wp-content\/uploads\/2024\/04\/cropped-www.diarioprincipios.com_-1.png","contentUrl":"https:\/\/diarioprincipios.com\/wp-content\/uploads\/2024\/04\/cropped-www.diarioprincipios.com_-1.png","width":5325,"height":1454,"caption":"Principios"},"image":{"@id":"https:\/\/diarioprincipios.com\/#\/schema\/logo\/image\/"}},{"@type":"Person","@id":"https:\/\/diarioprincipios.com\/#\/schema\/person\/436d5a1fd41a5e250e23ff5a6a7cb080","name":"Hern\u00e1n L\u00f3pez","image":{"@type":"ImageObject","inLanguage":"es","@id":"https:\/\/diarioprincipios.com\/wp-content\/litespeed\/avatar\/11ddfe5610ff3bd100522525b2571f48.jpg?ver=1777048341","url":"https:\/\/diarioprincipios.com\/wp-content\/litespeed\/avatar\/11ddfe5610ff3bd100522525b2571f48.jpg?ver=1777048341","contentUrl":"https:\/\/diarioprincipios.com\/wp-content\/litespeed\/avatar\/11ddfe5610ff3bd100522525b2571f48.jpg?ver=1777048341","caption":"Hern\u00e1n L\u00f3pez"},"url":"https:\/\/diarioprincipios.com\/index.php\/author\/hernan\/"}]}},"jetpack_featured_media_url":"https:\/\/diarioprincipios.com\/wp-content\/uploads\/2022\/03\/BERAZATEGUI-PRESENTARON-NUEVAS-UNIDADES-PARA-LAS-LINEAS-603-Y-619-3-1.jpg","_links":{"self":[{"href":"https:\/\/diarioprincipios.com\/index.php\/wp-json\/wp\/v2\/posts\/13006","targetHints":{"allow":["GET"]}}],"collection":[{"href":"https:\/\/diarioprincipios.com\/index.php\/wp-json\/wp\/v2\/posts"}],"about":[{"href":"https:\/\/diarioprincipios.com\/index.php\/wp-json\/wp\/v2\/types\/post"}],"author":[{"embeddable":true,"href":"https:\/\/diarioprincipios.com\/index.php\/wp-json\/wp\/v2\/users\/2"}],"replies":[{"embeddable":true,"href":"https:\/\/diarioprincipios.com\/index.php\/wp-json\/wp\/v2\/comments?post=13006"}],"version-history":[{"count":1,"href":"https:\/\/diarioprincipios.com\/index.php\/wp-json\/wp\/v2\/posts\/13006\/revisions"}],"predecessor-version":[{"id":13010,"href":"https:\/\/diarioprincipios.com\/index.php\/wp-json\/wp\/v2\/posts\/13006\/revisions\/13010"}],"wp:featuredmedia":[{"embeddable":true,"href":"https:\/\/diarioprincipios.com\/index.php\/wp-json\/wp\/v2\/media\/13009"}],"wp:attachment":[{"href":"https:\/\/diarioprincipios.com\/index.php\/wp-json\/wp\/v2\/media?parent=13006"}],"wp:term":[{"taxonomy":"category","embeddable":true,"href":"https:\/\/diarioprincipios.com\/index.php\/wp-json\/wp\/v2\/categories?post=13006"},{"taxonomy":"post_tag","embeddable":true,"href":"https:\/\/diarioprincipios.com\/index.php\/wp-json\/wp\/v2\/tags?post=13006"}],"curies":[{"name":"wp","href":"https:\/\/api.w.org\/{rel}","templated":true}]}}