{"id":13002,"date":"2022-03-13T13:25:33","date_gmt":"2022-03-13T16:25:33","guid":{"rendered":"http:\/\/diarioprincipios.com\/?p=13002"},"modified":"2022-03-13T13:25:39","modified_gmt":"2022-03-13T16:25:39","slug":"mussi-se-reunio-con-la-union-de-docentes-de-la-provincia-de-buenos-aires","status":"publish","type":"post","link":"https:\/\/diarioprincipios.com\/index.php\/2022\/03\/13\/mussi-se-reunio-con-la-union-de-docentes-de-la-provincia-de-buenos-aires\/","title":{"rendered":"Mussi se reuni\u00f3 con la Uni\u00f3n de Docentes de la Provincia de Buenos Aires"},"content":{"rendered":"\n<p><strong>El intendente de Berazategui, Juan Jos\u00e9 Mussi, se reuni\u00f3 con integrantes de la Uni\u00f3n de Docentes de la provincia de Buenos Aires (UDOCBA) y secretarios municipales, para tratar el proyecto de apertura del Centro de Formaci\u00f3n e Innovaci\u00f3n Productiva Municipal (CEFIP) y de dos consultorios m\u00e9dicos -uno cl\u00ednico y otro pedi\u00e1trico- para sus afiliados y afiliadas.<\/strong><\/p>\n\n\n\n<p>El encuentro se realiz\u00f3 en el barrio Americano y cont\u00f3 con la presencia de los integrantes de UDOCBA: Alejandro Salcedo, secretario General Provincial; Gustavo Salcedo, secretario Gremial Provincial; Juan Jos\u00e9 Raimundo, secretario de Derechos Humanos Provincial; y Mauricio Loforte, secretario Adjunto de Berazategui y representante del distrito. Asimismo, asistieron en compa\u00f1\u00eda del Intendente: los secretarios municipales de Trabajo, Juan Manuel Parra; de Cultura y Educaci\u00f3n, Federico L\u00f3pez; y Andr\u00e9s Nikitiuk, uno de los secretarios generales del Triunvirato de la CGT Regional.<\/p>\n\n\n\n<figure class=\"wp-block-image size-large\"><img loading=\"lazy\" decoding=\"async\" width=\"1024\" height=\"683\" src=\"https:\/\/diarioprincipios.com\/wp-content\/uploads\/2022\/03\/MUSSI-SE-REUNIO-CON-LA-UNION-DE-DOCENTES-DE-LA-PROVINCIA-DE-BUENOS-AIRES-1-1024x683.jpg\" alt=\"\" class=\"wp-image-13003\" srcset=\"https:\/\/diarioprincipios.com\/wp-content\/uploads\/2022\/03\/MUSSI-SE-REUNIO-CON-LA-UNION-DE-DOCENTES-DE-LA-PROVINCIA-DE-BUENOS-AIRES-1-1024x683.jpg 1024w, https:\/\/diarioprincipios.com\/wp-content\/uploads\/2022\/03\/MUSSI-SE-REUNIO-CON-LA-UNION-DE-DOCENTES-DE-LA-PROVINCIA-DE-BUENOS-AIRES-1-300x200.jpg 300w, https:\/\/diarioprincipios.com\/wp-content\/uploads\/2022\/03\/MUSSI-SE-REUNIO-CON-LA-UNION-DE-DOCENTES-DE-LA-PROVINCIA-DE-BUENOS-AIRES-1-768x512.jpg 768w, https:\/\/diarioprincipios.com\/wp-content\/uploads\/2022\/03\/MUSSI-SE-REUNIO-CON-LA-UNION-DE-DOCENTES-DE-LA-PROVINCIA-DE-BUENOS-AIRES-1-1536x1024.jpg 1536w, https:\/\/diarioprincipios.com\/wp-content\/uploads\/2022\/03\/MUSSI-SE-REUNIO-CON-LA-UNION-DE-DOCENTES-DE-LA-PROVINCIA-DE-BUENOS-AIRES-1.jpg 1920w\" sizes=\"auto, (max-width: 1024px) 100vw, 1024px\" \/><\/figure>\n\n\n\n<p>UDOCBA es una entidad gremial de primer grado con \u00e1mbito de actuaci\u00f3n en todo el territorio de la provincia de Buenos Aires y afilia a los trabajadores docentes de gesti\u00f3n estatal, de todos los niveles, modalidades y especialidades que se desempe\u00f1an en el sistema educativo de la jurisdicci\u00f3n bonaerense. A partir de su nacimiento, a fines de 1996, comenz\u00f3 una activa participaci\u00f3n en la vida educativa provincial, impulsando -desde sus instancias organizativas- la sanci\u00f3n de normas legales para mejorar la situaci\u00f3n laboral docente.<\/p>\n\n\n\n<p>Actualmente, cuenta con una gran cantidad de afiliados en el distrito y a nivel regional (Berazategui-Varela-Quilmes). Adem\u00e1s, brinda a todo el p\u00fablico licenciaturas y especializaciones docentes a nivel virtual a trav\u00e9s del convenio con la Universidad del Este.<\/p>\n\n\n\n<p>El CEFIP se encuentra en el barrio La Serranita (calle 27 y 131). Su construcci\u00f3n avanz\u00f3 en un 60% y ofrecer\u00e1, en el corto plazo, una oferta educativa variada y a la altura de las necesidades de las Pymes. Este Centro brindar\u00e1 herramientas, capacitaciones e innovaci\u00f3n para generar empleo de calidad. Esta pol\u00edtica gestionada por el Intendente, complementar\u00e1 la plataforma educativa municipal.<\/p>\n","protected":false},"excerpt":{"rendered":"<p>El intendente de Berazategui, Juan Jos\u00e9 Mussi, se reuni\u00f3 con integrantes de la Uni\u00f3n de Docentes de la provincia de Buenos Aires (UDOCBA) y secretarios municipales, para tratar el proyecto de apertura del Centro de Formaci\u00f3n e Innovaci\u00f3n Productiva Municipal (CEFIP) y de dos consultorios m\u00e9dicos -uno cl\u00ednico y otro pedi\u00e1trico- para sus afiliados y&#8230;<\/p>\n","protected":false},"author":2,"featured_media":13004,"comment_status":"open","ping_status":"open","sticky":false,"template":"","format":"standard","meta":{"footnotes":""},"categories":[3],"tags":[],"class_list":["post-13002","post","type-post","status-publish","format-standard","has-post-thumbnail","hentry","category-berazategui"],"featured_image_src":"https:\/\/diarioprincipios.com\/wp-content\/uploads\/2022\/03\/MUSSI-SE-REUNIO-CON-LA-UNION-DE-DOCENTES-DE-LA-PROVINCIA-DE-BUENOS-AIRES-3-1024x683.jpg","blog_images":{"medium":"https:\/\/diarioprincipios.com\/wp-content\/uploads\/2022\/03\/MUSSI-SE-REUNIO-CON-LA-UNION-DE-DOCENTES-DE-LA-PROVINCIA-DE-BUENOS-AIRES-3-300x200.jpg","large":"https:\/\/diarioprincipios.com\/wp-content\/uploads\/2022\/03\/MUSSI-SE-REUNIO-CON-LA-UNION-DE-DOCENTES-DE-LA-PROVINCIA-DE-BUENOS-AIRES-3-1024x683.jpg"},"ams_acf":[],"yoast_head":"<!-- This site is optimized with the Yoast SEO plugin v27.3 - https:\/\/yoast.com\/product\/yoast-seo-wordpress\/ -->\n<title>Mussi se reuni\u00f3 con la Uni\u00f3n de Docentes de la Provincia de Buenos Aires - Principios<\/title>\n<meta name=\"robots\" content=\"index, follow, max-snippet:-1, max-image-preview:large, max-video-preview:-1\" \/>\n<link rel=\"canonical\" href=\"https:\/\/diarioprincipios.com\/index.php\/2022\/03\/13\/mussi-se-reunio-con-la-union-de-docentes-de-la-provincia-de-buenos-aires\/\" \/>\n<meta property=\"og:locale\" content=\"es_ES\" \/>\n<meta property=\"og:type\" content=\"article\" \/>\n<meta property=\"og:title\" content=\"Mussi se reuni\u00f3 con la Uni\u00f3n de Docentes de la Provincia de Buenos Aires - Principios\" \/>\n<meta property=\"og:description\" content=\"El intendente de Berazategui, Juan Jos\u00e9 Mussi, se reuni\u00f3 con integrantes de la Uni\u00f3n de Docentes de la provincia de Buenos Aires (UDOCBA) y secretarios municipales, para tratar el proyecto de apertura del Centro de Formaci\u00f3n e Innovaci\u00f3n Productiva Municipal (CEFIP) y de dos consultorios m\u00e9dicos -uno cl\u00ednico y otro pedi\u00e1trico- para sus afiliados y...\" \/>\n<meta property=\"og:url\" content=\"https:\/\/diarioprincipios.com\/index.php\/2022\/03\/13\/mussi-se-reunio-con-la-union-de-docentes-de-la-provincia-de-buenos-aires\/\" \/>\n<meta property=\"og:site_name\" content=\"Principios\" \/>\n<meta property=\"article:published_time\" content=\"2022-03-13T16:25:33+00:00\" \/>\n<meta property=\"article:modified_time\" content=\"2022-03-13T16:25:39+00:00\" \/>\n<meta property=\"og:image\" content=\"https:\/\/diarioprincipios.com\/wp-content\/uploads\/2022\/03\/MUSSI-SE-REUNIO-CON-LA-UNION-DE-DOCENTES-DE-LA-PROVINCIA-DE-BUENOS-AIRES-3.jpg\" \/>\n\t<meta property=\"og:image:width\" content=\"1920\" \/>\n\t<meta property=\"og:image:height\" content=\"1280\" \/>\n\t<meta property=\"og:image:type\" content=\"image\/jpeg\" \/>\n<meta name=\"author\" content=\"Hern\u00e1n L\u00f3pez\" \/>\n<meta name=\"twitter:card\" content=\"summary_large_image\" \/>\n<meta name=\"twitter:label1\" content=\"Escrito por\" \/>\n\t<meta name=\"twitter:data1\" content=\"Hern\u00e1n L\u00f3pez\" \/>\n\t<meta name=\"twitter:label2\" content=\"Tiempo de lectura\" \/>\n\t<meta name=\"twitter:data2\" content=\"2 minutos\" \/>\n<script type=\"application\/ld+json\" class=\"yoast-schema-graph\">{\"@context\":\"https:\\\/\\\/schema.org\",\"@graph\":[{\"@type\":\"Article\",\"@id\":\"https:\\\/\\\/diarioprincipios.com\\\/index.php\\\/2022\\\/03\\\/13\\\/mussi-se-reunio-con-la-union-de-docentes-de-la-provincia-de-buenos-aires\\\/#article\",\"isPartOf\":{\"@id\":\"https:\\\/\\\/diarioprincipios.com\\\/index.php\\\/2022\\\/03\\\/13\\\/mussi-se-reunio-con-la-union-de-docentes-de-la-provincia-de-buenos-aires\\\/\"},\"author\":{\"name\":\"Hern\u00e1n L\u00f3pez\",\"@id\":\"https:\\\/\\\/diarioprincipios.com\\\/#\\\/schema\\\/person\\\/436d5a1fd41a5e250e23ff5a6a7cb080\"},\"headline\":\"Mussi se reuni\u00f3 con la Uni\u00f3n de Docentes de la Provincia de Buenos Aires\",\"datePublished\":\"2022-03-13T16:25:33+00:00\",\"dateModified\":\"2022-03-13T16:25:39+00:00\",\"mainEntityOfPage\":{\"@id\":\"https:\\\/\\\/diarioprincipios.com\\\/index.php\\\/2022\\\/03\\\/13\\\/mussi-se-reunio-con-la-union-de-docentes-de-la-provincia-de-buenos-aires\\\/\"},\"wordCount\":354,\"commentCount\":0,\"publisher\":{\"@id\":\"https:\\\/\\\/diarioprincipios.com\\\/#organization\"},\"image\":{\"@id\":\"https:\\\/\\\/diarioprincipios.com\\\/index.php\\\/2022\\\/03\\\/13\\\/mussi-se-reunio-con-la-union-de-docentes-de-la-provincia-de-buenos-aires\\\/#primaryimage\"},\"thumbnailUrl\":\"https:\\\/\\\/diarioprincipios.com\\\/wp-content\\\/uploads\\\/2022\\\/03\\\/MUSSI-SE-REUNIO-CON-LA-UNION-DE-DOCENTES-DE-LA-PROVINCIA-DE-BUENOS-AIRES-3.jpg\",\"articleSection\":[\"Berazategui\"],\"inLanguage\":\"es\",\"potentialAction\":[{\"@type\":\"CommentAction\",\"name\":\"Comment\",\"target\":[\"https:\\\/\\\/diarioprincipios.com\\\/index.php\\\/2022\\\/03\\\/13\\\/mussi-se-reunio-con-la-union-de-docentes-de-la-provincia-de-buenos-aires\\\/#respond\"]}]},{\"@type\":\"WebPage\",\"@id\":\"https:\\\/\\\/diarioprincipios.com\\\/index.php\\\/2022\\\/03\\\/13\\\/mussi-se-reunio-con-la-union-de-docentes-de-la-provincia-de-buenos-aires\\\/\",\"url\":\"https:\\\/\\\/diarioprincipios.com\\\/index.php\\\/2022\\\/03\\\/13\\\/mussi-se-reunio-con-la-union-de-docentes-de-la-provincia-de-buenos-aires\\\/\",\"name\":\"Mussi se reuni\u00f3 con la Uni\u00f3n de Docentes de la Provincia de Buenos Aires - Principios\",\"isPartOf\":{\"@id\":\"https:\\\/\\\/diarioprincipios.com\\\/#website\"},\"primaryImageOfPage\":{\"@id\":\"https:\\\/\\\/diarioprincipios.com\\\/index.php\\\/2022\\\/03\\\/13\\\/mussi-se-reunio-con-la-union-de-docentes-de-la-provincia-de-buenos-aires\\\/#primaryimage\"},\"image\":{\"@id\":\"https:\\\/\\\/diarioprincipios.com\\\/index.php\\\/2022\\\/03\\\/13\\\/mussi-se-reunio-con-la-union-de-docentes-de-la-provincia-de-buenos-aires\\\/#primaryimage\"},\"thumbnailUrl\":\"https:\\\/\\\/diarioprincipios.com\\\/wp-content\\\/uploads\\\/2022\\\/03\\\/MUSSI-SE-REUNIO-CON-LA-UNION-DE-DOCENTES-DE-LA-PROVINCIA-DE-BUENOS-AIRES-3.jpg\",\"datePublished\":\"2022-03-13T16:25:33+00:00\",\"dateModified\":\"2022-03-13T16:25:39+00:00\",\"breadcrumb\":{\"@id\":\"https:\\\/\\\/diarioprincipios.com\\\/index.php\\\/2022\\\/03\\\/13\\\/mussi-se-reunio-con-la-union-de-docentes-de-la-provincia-de-buenos-aires\\\/#breadcrumb\"},\"inLanguage\":\"es\",\"potentialAction\":[{\"@type\":\"ReadAction\",\"target\":[\"https:\\\/\\\/diarioprincipios.com\\\/index.php\\\/2022\\\/03\\\/13\\\/mussi-se-reunio-con-la-union-de-docentes-de-la-provincia-de-buenos-aires\\\/\"]}]},{\"@type\":\"ImageObject\",\"inLanguage\":\"es\",\"@id\":\"https:\\\/\\\/diarioprincipios.com\\\/index.php\\\/2022\\\/03\\\/13\\\/mussi-se-reunio-con-la-union-de-docentes-de-la-provincia-de-buenos-aires\\\/#primaryimage\",\"url\":\"https:\\\/\\\/diarioprincipios.com\\\/wp-content\\\/uploads\\\/2022\\\/03\\\/MUSSI-SE-REUNIO-CON-LA-UNION-DE-DOCENTES-DE-LA-PROVINCIA-DE-BUENOS-AIRES-3.jpg\",\"contentUrl\":\"https:\\\/\\\/diarioprincipios.com\\\/wp-content\\\/uploads\\\/2022\\\/03\\\/MUSSI-SE-REUNIO-CON-LA-UNION-DE-DOCENTES-DE-LA-PROVINCIA-DE-BUENOS-AIRES-3.jpg\",\"width\":1920,\"height\":1280},{\"@type\":\"BreadcrumbList\",\"@id\":\"https:\\\/\\\/diarioprincipios.com\\\/index.php\\\/2022\\\/03\\\/13\\\/mussi-se-reunio-con-la-union-de-docentes-de-la-provincia-de-buenos-aires\\\/#breadcrumb\",\"itemListElement\":[{\"@type\":\"ListItem\",\"position\":1,\"name\":\"Portada\",\"item\":\"https:\\\/\\\/diarioprincipios.com\\\/\"},{\"@type\":\"ListItem\",\"position\":2,\"name\":\"Mussi se reuni\u00f3 con la Uni\u00f3n de Docentes de la Provincia de Buenos Aires\"}]},{\"@type\":\"WebSite\",\"@id\":\"https:\\\/\\\/diarioprincipios.com\\\/#website\",\"url\":\"https:\\\/\\\/diarioprincipios.com\\\/\",\"name\":\"Principios\",\"description\":\"Principios Diario\",\"publisher\":{\"@id\":\"https:\\\/\\\/diarioprincipios.com\\\/#organization\"},\"potentialAction\":[{\"@type\":\"SearchAction\",\"target\":{\"@type\":\"EntryPoint\",\"urlTemplate\":\"https:\\\/\\\/diarioprincipios.com\\\/?s={search_term_string}\"},\"query-input\":{\"@type\":\"PropertyValueSpecification\",\"valueRequired\":true,\"valueName\":\"search_term_string\"}}],\"inLanguage\":\"es\"},{\"@type\":\"Organization\",\"@id\":\"https:\\\/\\\/diarioprincipios.com\\\/#organization\",\"name\":\"Principios\",\"url\":\"https:\\\/\\\/diarioprincipios.com\\\/\",\"logo\":{\"@type\":\"ImageObject\",\"inLanguage\":\"es\",\"@id\":\"https:\\\/\\\/diarioprincipios.com\\\/#\\\/schema\\\/logo\\\/image\\\/\",\"url\":\"https:\\\/\\\/diarioprincipios.com\\\/wp-content\\\/uploads\\\/2024\\\/04\\\/cropped-www.diarioprincipios.com_-1.png\",\"contentUrl\":\"https:\\\/\\\/diarioprincipios.com\\\/wp-content\\\/uploads\\\/2024\\\/04\\\/cropped-www.diarioprincipios.com_-1.png\",\"width\":5325,\"height\":1454,\"caption\":\"Principios\"},\"image\":{\"@id\":\"https:\\\/\\\/diarioprincipios.com\\\/#\\\/schema\\\/logo\\\/image\\\/\"}},{\"@type\":\"Person\",\"@id\":\"https:\\\/\\\/diarioprincipios.com\\\/#\\\/schema\\\/person\\\/436d5a1fd41a5e250e23ff5a6a7cb080\",\"name\":\"Hern\u00e1n L\u00f3pez\",\"image\":{\"@type\":\"ImageObject\",\"inLanguage\":\"es\",\"@id\":\"https:\\\/\\\/diarioprincipios.com\\\/wp-content\\\/litespeed\\\/avatar\\\/11ddfe5610ff3bd100522525b2571f48.jpg?ver=1777048341\",\"url\":\"https:\\\/\\\/diarioprincipios.com\\\/wp-content\\\/litespeed\\\/avatar\\\/11ddfe5610ff3bd100522525b2571f48.jpg?ver=1777048341\",\"contentUrl\":\"https:\\\/\\\/diarioprincipios.com\\\/wp-content\\\/litespeed\\\/avatar\\\/11ddfe5610ff3bd100522525b2571f48.jpg?ver=1777048341\",\"caption\":\"Hern\u00e1n L\u00f3pez\"},\"url\":\"https:\\\/\\\/diarioprincipios.com\\\/index.php\\\/author\\\/hernan\\\/\"}]}<\/script>\n<!-- \/ Yoast SEO plugin. -->","yoast_head_json":{"title":"Mussi se reuni\u00f3 con la Uni\u00f3n de Docentes de la Provincia de Buenos Aires - Principios","robots":{"index":"index","follow":"follow","max-snippet":"max-snippet:-1","max-image-preview":"max-image-preview:large","max-video-preview":"max-video-preview:-1"},"canonical":"https:\/\/diarioprincipios.com\/index.php\/2022\/03\/13\/mussi-se-reunio-con-la-union-de-docentes-de-la-provincia-de-buenos-aires\/","og_locale":"es_ES","og_type":"article","og_title":"Mussi se reuni\u00f3 con la Uni\u00f3n de Docentes de la Provincia de Buenos Aires - Principios","og_description":"El intendente de Berazategui, Juan Jos\u00e9 Mussi, se reuni\u00f3 con integrantes de la Uni\u00f3n de Docentes de la provincia de Buenos Aires (UDOCBA) y secretarios municipales, para tratar el proyecto de apertura del Centro de Formaci\u00f3n e Innovaci\u00f3n Productiva Municipal (CEFIP) y de dos consultorios m\u00e9dicos -uno cl\u00ednico y otro pedi\u00e1trico- para sus afiliados y...","og_url":"https:\/\/diarioprincipios.com\/index.php\/2022\/03\/13\/mussi-se-reunio-con-la-union-de-docentes-de-la-provincia-de-buenos-aires\/","og_site_name":"Principios","article_published_time":"2022-03-13T16:25:33+00:00","article_modified_time":"2022-03-13T16:25:39+00:00","og_image":[{"width":1920,"height":1280,"url":"https:\/\/diarioprincipios.com\/wp-content\/uploads\/2022\/03\/MUSSI-SE-REUNIO-CON-LA-UNION-DE-DOCENTES-DE-LA-PROVINCIA-DE-BUENOS-AIRES-3.jpg","type":"image\/jpeg"}],"author":"Hern\u00e1n L\u00f3pez","twitter_card":"summary_large_image","twitter_misc":{"Escrito por":"Hern\u00e1n L\u00f3pez","Tiempo de lectura":"2 minutos"},"schema":{"@context":"https:\/\/schema.org","@graph":[{"@type":"Article","@id":"https:\/\/diarioprincipios.com\/index.php\/2022\/03\/13\/mussi-se-reunio-con-la-union-de-docentes-de-la-provincia-de-buenos-aires\/#article","isPartOf":{"@id":"https:\/\/diarioprincipios.com\/index.php\/2022\/03\/13\/mussi-se-reunio-con-la-union-de-docentes-de-la-provincia-de-buenos-aires\/"},"author":{"name":"Hern\u00e1n L\u00f3pez","@id":"https:\/\/diarioprincipios.com\/#\/schema\/person\/436d5a1fd41a5e250e23ff5a6a7cb080"},"headline":"Mussi se reuni\u00f3 con la Uni\u00f3n de Docentes de la Provincia de Buenos Aires","datePublished":"2022-03-13T16:25:33+00:00","dateModified":"2022-03-13T16:25:39+00:00","mainEntityOfPage":{"@id":"https:\/\/diarioprincipios.com\/index.php\/2022\/03\/13\/mussi-se-reunio-con-la-union-de-docentes-de-la-provincia-de-buenos-aires\/"},"wordCount":354,"commentCount":0,"publisher":{"@id":"https:\/\/diarioprincipios.com\/#organization"},"image":{"@id":"https:\/\/diarioprincipios.com\/index.php\/2022\/03\/13\/mussi-se-reunio-con-la-union-de-docentes-de-la-provincia-de-buenos-aires\/#primaryimage"},"thumbnailUrl":"https:\/\/diarioprincipios.com\/wp-content\/uploads\/2022\/03\/MUSSI-SE-REUNIO-CON-LA-UNION-DE-DOCENTES-DE-LA-PROVINCIA-DE-BUENOS-AIRES-3.jpg","articleSection":["Berazategui"],"inLanguage":"es","potentialAction":[{"@type":"CommentAction","name":"Comment","target":["https:\/\/diarioprincipios.com\/index.php\/2022\/03\/13\/mussi-se-reunio-con-la-union-de-docentes-de-la-provincia-de-buenos-aires\/#respond"]}]},{"@type":"WebPage","@id":"https:\/\/diarioprincipios.com\/index.php\/2022\/03\/13\/mussi-se-reunio-con-la-union-de-docentes-de-la-provincia-de-buenos-aires\/","url":"https:\/\/diarioprincipios.com\/index.php\/2022\/03\/13\/mussi-se-reunio-con-la-union-de-docentes-de-la-provincia-de-buenos-aires\/","name":"Mussi se reuni\u00f3 con la Uni\u00f3n de Docentes de la Provincia de Buenos Aires - Principios","isPartOf":{"@id":"https:\/\/diarioprincipios.com\/#website"},"primaryImageOfPage":{"@id":"https:\/\/diarioprincipios.com\/index.php\/2022\/03\/13\/mussi-se-reunio-con-la-union-de-docentes-de-la-provincia-de-buenos-aires\/#primaryimage"},"image":{"@id":"https:\/\/diarioprincipios.com\/index.php\/2022\/03\/13\/mussi-se-reunio-con-la-union-de-docentes-de-la-provincia-de-buenos-aires\/#primaryimage"},"thumbnailUrl":"https:\/\/diarioprincipios.com\/wp-content\/uploads\/2022\/03\/MUSSI-SE-REUNIO-CON-LA-UNION-DE-DOCENTES-DE-LA-PROVINCIA-DE-BUENOS-AIRES-3.jpg","datePublished":"2022-03-13T16:25:33+00:00","dateModified":"2022-03-13T16:25:39+00:00","breadcrumb":{"@id":"https:\/\/diarioprincipios.com\/index.php\/2022\/03\/13\/mussi-se-reunio-con-la-union-de-docentes-de-la-provincia-de-buenos-aires\/#breadcrumb"},"inLanguage":"es","potentialAction":[{"@type":"ReadAction","target":["https:\/\/diarioprincipios.com\/index.php\/2022\/03\/13\/mussi-se-reunio-con-la-union-de-docentes-de-la-provincia-de-buenos-aires\/"]}]},{"@type":"ImageObject","inLanguage":"es","@id":"https:\/\/diarioprincipios.com\/index.php\/2022\/03\/13\/mussi-se-reunio-con-la-union-de-docentes-de-la-provincia-de-buenos-aires\/#primaryimage","url":"https:\/\/diarioprincipios.com\/wp-content\/uploads\/2022\/03\/MUSSI-SE-REUNIO-CON-LA-UNION-DE-DOCENTES-DE-LA-PROVINCIA-DE-BUENOS-AIRES-3.jpg","contentUrl":"https:\/\/diarioprincipios.com\/wp-content\/uploads\/2022\/03\/MUSSI-SE-REUNIO-CON-LA-UNION-DE-DOCENTES-DE-LA-PROVINCIA-DE-BUENOS-AIRES-3.jpg","width":1920,"height":1280},{"@type":"BreadcrumbList","@id":"https:\/\/diarioprincipios.com\/index.php\/2022\/03\/13\/mussi-se-reunio-con-la-union-de-docentes-de-la-provincia-de-buenos-aires\/#breadcrumb","itemListElement":[{"@type":"ListItem","position":1,"name":"Portada","item":"https:\/\/diarioprincipios.com\/"},{"@type":"ListItem","position":2,"name":"Mussi se reuni\u00f3 con la Uni\u00f3n de Docentes de la Provincia de Buenos Aires"}]},{"@type":"WebSite","@id":"https:\/\/diarioprincipios.com\/#website","url":"https:\/\/diarioprincipios.com\/","name":"Principios","description":"Principios Diario","publisher":{"@id":"https:\/\/diarioprincipios.com\/#organization"},"potentialAction":[{"@type":"SearchAction","target":{"@type":"EntryPoint","urlTemplate":"https:\/\/diarioprincipios.com\/?s={search_term_string}"},"query-input":{"@type":"PropertyValueSpecification","valueRequired":true,"valueName":"search_term_string"}}],"inLanguage":"es"},{"@type":"Organization","@id":"https:\/\/diarioprincipios.com\/#organization","name":"Principios","url":"https:\/\/diarioprincipios.com\/","logo":{"@type":"ImageObject","inLanguage":"es","@id":"https:\/\/diarioprincipios.com\/#\/schema\/logo\/image\/","url":"https:\/\/diarioprincipios.com\/wp-content\/uploads\/2024\/04\/cropped-www.diarioprincipios.com_-1.png","contentUrl":"https:\/\/diarioprincipios.com\/wp-content\/uploads\/2024\/04\/cropped-www.diarioprincipios.com_-1.png","width":5325,"height":1454,"caption":"Principios"},"image":{"@id":"https:\/\/diarioprincipios.com\/#\/schema\/logo\/image\/"}},{"@type":"Person","@id":"https:\/\/diarioprincipios.com\/#\/schema\/person\/436d5a1fd41a5e250e23ff5a6a7cb080","name":"Hern\u00e1n L\u00f3pez","image":{"@type":"ImageObject","inLanguage":"es","@id":"https:\/\/diarioprincipios.com\/wp-content\/litespeed\/avatar\/11ddfe5610ff3bd100522525b2571f48.jpg?ver=1777048341","url":"https:\/\/diarioprincipios.com\/wp-content\/litespeed\/avatar\/11ddfe5610ff3bd100522525b2571f48.jpg?ver=1777048341","contentUrl":"https:\/\/diarioprincipios.com\/wp-content\/litespeed\/avatar\/11ddfe5610ff3bd100522525b2571f48.jpg?ver=1777048341","caption":"Hern\u00e1n L\u00f3pez"},"url":"https:\/\/diarioprincipios.com\/index.php\/author\/hernan\/"}]}},"jetpack_featured_media_url":"https:\/\/diarioprincipios.com\/wp-content\/uploads\/2022\/03\/MUSSI-SE-REUNIO-CON-LA-UNION-DE-DOCENTES-DE-LA-PROVINCIA-DE-BUENOS-AIRES-3.jpg","_links":{"self":[{"href":"https:\/\/diarioprincipios.com\/index.php\/wp-json\/wp\/v2\/posts\/13002","targetHints":{"allow":["GET"]}}],"collection":[{"href":"https:\/\/diarioprincipios.com\/index.php\/wp-json\/wp\/v2\/posts"}],"about":[{"href":"https:\/\/diarioprincipios.com\/index.php\/wp-json\/wp\/v2\/types\/post"}],"author":[{"embeddable":true,"href":"https:\/\/diarioprincipios.com\/index.php\/wp-json\/wp\/v2\/users\/2"}],"replies":[{"embeddable":true,"href":"https:\/\/diarioprincipios.com\/index.php\/wp-json\/wp\/v2\/comments?post=13002"}],"version-history":[{"count":1,"href":"https:\/\/diarioprincipios.com\/index.php\/wp-json\/wp\/v2\/posts\/13002\/revisions"}],"predecessor-version":[{"id":13005,"href":"https:\/\/diarioprincipios.com\/index.php\/wp-json\/wp\/v2\/posts\/13002\/revisions\/13005"}],"wp:featuredmedia":[{"embeddable":true,"href":"https:\/\/diarioprincipios.com\/index.php\/wp-json\/wp\/v2\/media\/13004"}],"wp:attachment":[{"href":"https:\/\/diarioprincipios.com\/index.php\/wp-json\/wp\/v2\/media?parent=13002"}],"wp:term":[{"taxonomy":"category","embeddable":true,"href":"https:\/\/diarioprincipios.com\/index.php\/wp-json\/wp\/v2\/categories?post=13002"},{"taxonomy":"post_tag","embeddable":true,"href":"https:\/\/diarioprincipios.com\/index.php\/wp-json\/wp\/v2\/tags?post=13002"}],"curies":[{"name":"wp","href":"https:\/\/api.w.org\/{rel}","templated":true}]}}