{"id":12993,"date":"2022-03-11T14:55:43","date_gmt":"2022-03-11T17:55:43","guid":{"rendered":"http:\/\/diarioprincipios.com\/?p=12993"},"modified":"2022-03-11T15:01:28","modified_gmt":"2022-03-11T18:01:28","slug":"stmb-gestion-aprobada-por-unanimidad","status":"publish","type":"post","link":"https:\/\/diarioprincipios.com\/index.php\/2022\/03\/11\/stmb-gestion-aprobada-por-unanimidad\/","title":{"rendered":"STMB: Gesti\u00f3n aprobada por unanimidad"},"content":{"rendered":"\n<p>En las instalaciones del Club Provincias Unidas de Berazategui se llev\u00f3 a cabo una nueva Asamblea del Sindicato de Trabajadores Municipales de Berazategui que aprob\u00f3, por unanimidad, la memoria y balance de la entidad de los ejercicios 2019, 2020 y 2021. Una vez m\u00e1s los trabajadores del distrito reforzaron el acompa\u00f1amiento a la Comisi\u00f3n Directiva que encabeza Gabriel Carril Campusano.<\/p>\n\n\n\n<p>La cita cont\u00f3 con la presencia del veedor designado por la Agencia Territorial del Ministerio de Trabajo, Empleo y Seguridad Social de la Naci\u00f3n, Nicol\u00e1s Jaime. Tambi\u00e9n oficiaron en calidad de veedores por la Federaci\u00f3n de Sindicatos de Trabajadores Municipales de la provincia de Buenos Aires, los compa\u00f1eros Daniel Aversa y Carlos Campos.<\/p>\n\n\n\n<figure class=\"wp-block-image size-large\"><img loading=\"lazy\" decoding=\"async\" width=\"1024\" height=\"768\" src=\"https:\/\/diarioprincipios.com\/wp-content\/uploads\/2022\/03\/FB_IMG_1647020966539-1024x768.jpg\" alt=\"\" class=\"wp-image-12994\" srcset=\"https:\/\/diarioprincipios.com\/wp-content\/uploads\/2022\/03\/FB_IMG_1647020966539-1024x768.jpg 1024w, https:\/\/diarioprincipios.com\/wp-content\/uploads\/2022\/03\/FB_IMG_1647020966539-300x225.jpg 300w, https:\/\/diarioprincipios.com\/wp-content\/uploads\/2022\/03\/FB_IMG_1647020966539-768x576.jpg 768w, https:\/\/diarioprincipios.com\/wp-content\/uploads\/2022\/03\/FB_IMG_1647020966539.jpg 1080w\" sizes=\"auto, (max-width: 1024px) 100vw, 1024px\" \/><\/figure>\n\n\n\n<p>Adem\u00e1s, estuvieron presentes la Asesora Letrada del gremio, Dr. Luisa Escribano; la Secretaria Administrativa y de Actas, Norma Beatriz Iglesias; y dem\u00e1s miembros de la Comisi\u00f3n Directiva.<\/p>\n\n\n\n<p>Previo al inicio formal de las actividades se realiz\u00f3 un minuto de silencio en homenaje a los trabajadores  municipales fallecidos durante la pandemia y especialmente se record\u00f3 la memoria de  quien fuera en vida Secretario Adjunto del STMB, Jorge Maciel.<\/p>\n\n\n\n<figure class=\"wp-block-image size-large\"><img loading=\"lazy\" decoding=\"async\" width=\"1024\" height=\"768\" src=\"https:\/\/diarioprincipios.com\/wp-content\/uploads\/2022\/03\/FB_IMG_1647020960975-1024x768.jpg\" alt=\"\" class=\"wp-image-12995\" srcset=\"https:\/\/diarioprincipios.com\/wp-content\/uploads\/2022\/03\/FB_IMG_1647020960975-1024x768.jpg 1024w, https:\/\/diarioprincipios.com\/wp-content\/uploads\/2022\/03\/FB_IMG_1647020960975-300x225.jpg 300w, https:\/\/diarioprincipios.com\/wp-content\/uploads\/2022\/03\/FB_IMG_1647020960975-768x576.jpg 768w, https:\/\/diarioprincipios.com\/wp-content\/uploads\/2022\/03\/FB_IMG_1647020960975.jpg 1080w\" sizes=\"auto, (max-width: 1024px) 100vw, 1024px\" \/><\/figure>\n\n\n\n<p>El punto destacado de la Asamblea fue la presentaci\u00f3n conjunta de la memoria y balance financiero de los ejercicios 2019, 2020, y 2021 presentados por Carril, y el contador de la instituci\u00f3n, Miguel Acedo, que fue aprobado por unanimidad. Tras su presentaci\u00f3n detallada, hubo un cerrado aplauso de los presentes.<\/p>\n\n\n\n<p>Finalmente, el Secretario General del sindicato, Gabriel Carril, dirigi\u00f3 unas emotivas palabras a los presentes, y el cierre estuvo a cargo del hist\u00f3rico dirigente municipal, Secretario Adjunto de la Confederaci\u00f3n de Obrero y Empleados Municipales de la Rep\u00fablica Argentina, Miguel Pedelhez.<\/p>\n","protected":false},"excerpt":{"rendered":"<p>En las instalaciones del Club Provincias Unidas de Berazategui se llev\u00f3 a cabo una nueva Asamblea del Sindicato de Trabajadores Municipales de Berazategui que aprob\u00f3, por unanimidad, la memoria y balance de la entidad de los ejercicios 2019, 2020 y 2021. Una vez m\u00e1s los trabajadores del distrito reforzaron el acompa\u00f1amiento a la Comisi\u00f3n Directiva&#8230;<\/p>\n","protected":false},"author":2,"featured_media":12996,"comment_status":"open","ping_status":"open","sticky":false,"template":"","format":"standard","meta":{"footnotes":""},"categories":[3],"tags":[],"class_list":["post-12993","post","type-post","status-publish","format-standard","has-post-thumbnail","hentry","category-berazategui"],"featured_image_src":"https:\/\/diarioprincipios.com\/wp-content\/uploads\/2022\/03\/FB_IMG_1647020964070-1024x768.jpg","blog_images":{"medium":"https:\/\/diarioprincipios.com\/wp-content\/uploads\/2022\/03\/FB_IMG_1647020964070-300x225.jpg","large":"https:\/\/diarioprincipios.com\/wp-content\/uploads\/2022\/03\/FB_IMG_1647020964070-1024x768.jpg"},"ams_acf":[],"yoast_head":"<!-- This site is optimized with the Yoast SEO plugin v27.3 - https:\/\/yoast.com\/product\/yoast-seo-wordpress\/ -->\n<title>STMB: Gesti\u00f3n aprobada por unanimidad - Principios<\/title>\n<meta name=\"robots\" content=\"index, follow, max-snippet:-1, max-image-preview:large, max-video-preview:-1\" \/>\n<link rel=\"canonical\" href=\"https:\/\/diarioprincipios.com\/index.php\/2022\/03\/11\/stmb-gestion-aprobada-por-unanimidad\/\" \/>\n<meta property=\"og:locale\" content=\"es_ES\" \/>\n<meta property=\"og:type\" content=\"article\" \/>\n<meta property=\"og:title\" content=\"STMB: Gesti\u00f3n aprobada por unanimidad - Principios\" \/>\n<meta property=\"og:description\" content=\"En las instalaciones del Club Provincias Unidas de Berazategui se llev\u00f3 a cabo una nueva Asamblea del Sindicato de Trabajadores Municipales de Berazategui que aprob\u00f3, por unanimidad, la memoria y balance de la entidad de los ejercicios 2019, 2020 y 2021. Una vez m\u00e1s los trabajadores del distrito reforzaron el acompa\u00f1amiento a la Comisi\u00f3n Directiva...\" \/>\n<meta property=\"og:url\" content=\"https:\/\/diarioprincipios.com\/index.php\/2022\/03\/11\/stmb-gestion-aprobada-por-unanimidad\/\" \/>\n<meta property=\"og:site_name\" content=\"Principios\" \/>\n<meta property=\"article:published_time\" content=\"2022-03-11T17:55:43+00:00\" \/>\n<meta property=\"article:modified_time\" content=\"2022-03-11T18:01:28+00:00\" \/>\n<meta property=\"og:image\" content=\"https:\/\/diarioprincipios.com\/wp-content\/uploads\/2022\/03\/FB_IMG_1647020964070.jpg\" \/>\n\t<meta property=\"og:image:width\" content=\"1080\" \/>\n\t<meta property=\"og:image:height\" content=\"810\" \/>\n\t<meta property=\"og:image:type\" content=\"image\/jpeg\" \/>\n<meta name=\"author\" content=\"Hern\u00e1n L\u00f3pez\" \/>\n<meta name=\"twitter:card\" content=\"summary_large_image\" \/>\n<meta name=\"twitter:label1\" content=\"Escrito por\" \/>\n\t<meta name=\"twitter:data1\" content=\"Hern\u00e1n L\u00f3pez\" \/>\n\t<meta name=\"twitter:label2\" content=\"Tiempo de lectura\" \/>\n\t<meta name=\"twitter:data2\" content=\"2 minutos\" \/>\n<script type=\"application\/ld+json\" class=\"yoast-schema-graph\">{\"@context\":\"https:\\\/\\\/schema.org\",\"@graph\":[{\"@type\":\"Article\",\"@id\":\"https:\\\/\\\/diarioprincipios.com\\\/index.php\\\/2022\\\/03\\\/11\\\/stmb-gestion-aprobada-por-unanimidad\\\/#article\",\"isPartOf\":{\"@id\":\"https:\\\/\\\/diarioprincipios.com\\\/index.php\\\/2022\\\/03\\\/11\\\/stmb-gestion-aprobada-por-unanimidad\\\/\"},\"author\":{\"name\":\"Hern\u00e1n L\u00f3pez\",\"@id\":\"https:\\\/\\\/diarioprincipios.com\\\/#\\\/schema\\\/person\\\/436d5a1fd41a5e250e23ff5a6a7cb080\"},\"headline\":\"STMB: Gesti\u00f3n aprobada por unanimidad\",\"datePublished\":\"2022-03-11T17:55:43+00:00\",\"dateModified\":\"2022-03-11T18:01:28+00:00\",\"mainEntityOfPage\":{\"@id\":\"https:\\\/\\\/diarioprincipios.com\\\/index.php\\\/2022\\\/03\\\/11\\\/stmb-gestion-aprobada-por-unanimidad\\\/\"},\"wordCount\":288,\"commentCount\":0,\"publisher\":{\"@id\":\"https:\\\/\\\/diarioprincipios.com\\\/#organization\"},\"image\":{\"@id\":\"https:\\\/\\\/diarioprincipios.com\\\/index.php\\\/2022\\\/03\\\/11\\\/stmb-gestion-aprobada-por-unanimidad\\\/#primaryimage\"},\"thumbnailUrl\":\"https:\\\/\\\/diarioprincipios.com\\\/wp-content\\\/uploads\\\/2022\\\/03\\\/FB_IMG_1647020964070.jpg\",\"articleSection\":[\"Berazategui\"],\"inLanguage\":\"es\",\"potentialAction\":[{\"@type\":\"CommentAction\",\"name\":\"Comment\",\"target\":[\"https:\\\/\\\/diarioprincipios.com\\\/index.php\\\/2022\\\/03\\\/11\\\/stmb-gestion-aprobada-por-unanimidad\\\/#respond\"]}]},{\"@type\":\"WebPage\",\"@id\":\"https:\\\/\\\/diarioprincipios.com\\\/index.php\\\/2022\\\/03\\\/11\\\/stmb-gestion-aprobada-por-unanimidad\\\/\",\"url\":\"https:\\\/\\\/diarioprincipios.com\\\/index.php\\\/2022\\\/03\\\/11\\\/stmb-gestion-aprobada-por-unanimidad\\\/\",\"name\":\"STMB: Gesti\u00f3n aprobada por unanimidad - Principios\",\"isPartOf\":{\"@id\":\"https:\\\/\\\/diarioprincipios.com\\\/#website\"},\"primaryImageOfPage\":{\"@id\":\"https:\\\/\\\/diarioprincipios.com\\\/index.php\\\/2022\\\/03\\\/11\\\/stmb-gestion-aprobada-por-unanimidad\\\/#primaryimage\"},\"image\":{\"@id\":\"https:\\\/\\\/diarioprincipios.com\\\/index.php\\\/2022\\\/03\\\/11\\\/stmb-gestion-aprobada-por-unanimidad\\\/#primaryimage\"},\"thumbnailUrl\":\"https:\\\/\\\/diarioprincipios.com\\\/wp-content\\\/uploads\\\/2022\\\/03\\\/FB_IMG_1647020964070.jpg\",\"datePublished\":\"2022-03-11T17:55:43+00:00\",\"dateModified\":\"2022-03-11T18:01:28+00:00\",\"breadcrumb\":{\"@id\":\"https:\\\/\\\/diarioprincipios.com\\\/index.php\\\/2022\\\/03\\\/11\\\/stmb-gestion-aprobada-por-unanimidad\\\/#breadcrumb\"},\"inLanguage\":\"es\",\"potentialAction\":[{\"@type\":\"ReadAction\",\"target\":[\"https:\\\/\\\/diarioprincipios.com\\\/index.php\\\/2022\\\/03\\\/11\\\/stmb-gestion-aprobada-por-unanimidad\\\/\"]}]},{\"@type\":\"ImageObject\",\"inLanguage\":\"es\",\"@id\":\"https:\\\/\\\/diarioprincipios.com\\\/index.php\\\/2022\\\/03\\\/11\\\/stmb-gestion-aprobada-por-unanimidad\\\/#primaryimage\",\"url\":\"https:\\\/\\\/diarioprincipios.com\\\/wp-content\\\/uploads\\\/2022\\\/03\\\/FB_IMG_1647020964070.jpg\",\"contentUrl\":\"https:\\\/\\\/diarioprincipios.com\\\/wp-content\\\/uploads\\\/2022\\\/03\\\/FB_IMG_1647020964070.jpg\",\"width\":1080,\"height\":810},{\"@type\":\"BreadcrumbList\",\"@id\":\"https:\\\/\\\/diarioprincipios.com\\\/index.php\\\/2022\\\/03\\\/11\\\/stmb-gestion-aprobada-por-unanimidad\\\/#breadcrumb\",\"itemListElement\":[{\"@type\":\"ListItem\",\"position\":1,\"name\":\"Portada\",\"item\":\"https:\\\/\\\/diarioprincipios.com\\\/\"},{\"@type\":\"ListItem\",\"position\":2,\"name\":\"STMB: Gesti\u00f3n aprobada por unanimidad\"}]},{\"@type\":\"WebSite\",\"@id\":\"https:\\\/\\\/diarioprincipios.com\\\/#website\",\"url\":\"https:\\\/\\\/diarioprincipios.com\\\/\",\"name\":\"Principios\",\"description\":\"Principios Diario\",\"publisher\":{\"@id\":\"https:\\\/\\\/diarioprincipios.com\\\/#organization\"},\"potentialAction\":[{\"@type\":\"SearchAction\",\"target\":{\"@type\":\"EntryPoint\",\"urlTemplate\":\"https:\\\/\\\/diarioprincipios.com\\\/?s={search_term_string}\"},\"query-input\":{\"@type\":\"PropertyValueSpecification\",\"valueRequired\":true,\"valueName\":\"search_term_string\"}}],\"inLanguage\":\"es\"},{\"@type\":\"Organization\",\"@id\":\"https:\\\/\\\/diarioprincipios.com\\\/#organization\",\"name\":\"Principios\",\"url\":\"https:\\\/\\\/diarioprincipios.com\\\/\",\"logo\":{\"@type\":\"ImageObject\",\"inLanguage\":\"es\",\"@id\":\"https:\\\/\\\/diarioprincipios.com\\\/#\\\/schema\\\/logo\\\/image\\\/\",\"url\":\"https:\\\/\\\/diarioprincipios.com\\\/wp-content\\\/uploads\\\/2024\\\/04\\\/cropped-www.diarioprincipios.com_-1.png\",\"contentUrl\":\"https:\\\/\\\/diarioprincipios.com\\\/wp-content\\\/uploads\\\/2024\\\/04\\\/cropped-www.diarioprincipios.com_-1.png\",\"width\":5325,\"height\":1454,\"caption\":\"Principios\"},\"image\":{\"@id\":\"https:\\\/\\\/diarioprincipios.com\\\/#\\\/schema\\\/logo\\\/image\\\/\"}},{\"@type\":\"Person\",\"@id\":\"https:\\\/\\\/diarioprincipios.com\\\/#\\\/schema\\\/person\\\/436d5a1fd41a5e250e23ff5a6a7cb080\",\"name\":\"Hern\u00e1n L\u00f3pez\",\"image\":{\"@type\":\"ImageObject\",\"inLanguage\":\"es\",\"@id\":\"https:\\\/\\\/diarioprincipios.com\\\/wp-content\\\/litespeed\\\/avatar\\\/11ddfe5610ff3bd100522525b2571f48.jpg?ver=1777048341\",\"url\":\"https:\\\/\\\/diarioprincipios.com\\\/wp-content\\\/litespeed\\\/avatar\\\/11ddfe5610ff3bd100522525b2571f48.jpg?ver=1777048341\",\"contentUrl\":\"https:\\\/\\\/diarioprincipios.com\\\/wp-content\\\/litespeed\\\/avatar\\\/11ddfe5610ff3bd100522525b2571f48.jpg?ver=1777048341\",\"caption\":\"Hern\u00e1n L\u00f3pez\"},\"url\":\"https:\\\/\\\/diarioprincipios.com\\\/index.php\\\/author\\\/hernan\\\/\"}]}<\/script>\n<!-- \/ Yoast SEO plugin. -->","yoast_head_json":{"title":"STMB: Gesti\u00f3n aprobada por unanimidad - Principios","robots":{"index":"index","follow":"follow","max-snippet":"max-snippet:-1","max-image-preview":"max-image-preview:large","max-video-preview":"max-video-preview:-1"},"canonical":"https:\/\/diarioprincipios.com\/index.php\/2022\/03\/11\/stmb-gestion-aprobada-por-unanimidad\/","og_locale":"es_ES","og_type":"article","og_title":"STMB: Gesti\u00f3n aprobada por unanimidad - Principios","og_description":"En las instalaciones del Club Provincias Unidas de Berazategui se llev\u00f3 a cabo una nueva Asamblea del Sindicato de Trabajadores Municipales de Berazategui que aprob\u00f3, por unanimidad, la memoria y balance de la entidad de los ejercicios 2019, 2020 y 2021. Una vez m\u00e1s los trabajadores del distrito reforzaron el acompa\u00f1amiento a la Comisi\u00f3n Directiva...","og_url":"https:\/\/diarioprincipios.com\/index.php\/2022\/03\/11\/stmb-gestion-aprobada-por-unanimidad\/","og_site_name":"Principios","article_published_time":"2022-03-11T17:55:43+00:00","article_modified_time":"2022-03-11T18:01:28+00:00","og_image":[{"width":1080,"height":810,"url":"https:\/\/diarioprincipios.com\/wp-content\/uploads\/2022\/03\/FB_IMG_1647020964070.jpg","type":"image\/jpeg"}],"author":"Hern\u00e1n L\u00f3pez","twitter_card":"summary_large_image","twitter_misc":{"Escrito por":"Hern\u00e1n L\u00f3pez","Tiempo de lectura":"2 minutos"},"schema":{"@context":"https:\/\/schema.org","@graph":[{"@type":"Article","@id":"https:\/\/diarioprincipios.com\/index.php\/2022\/03\/11\/stmb-gestion-aprobada-por-unanimidad\/#article","isPartOf":{"@id":"https:\/\/diarioprincipios.com\/index.php\/2022\/03\/11\/stmb-gestion-aprobada-por-unanimidad\/"},"author":{"name":"Hern\u00e1n L\u00f3pez","@id":"https:\/\/diarioprincipios.com\/#\/schema\/person\/436d5a1fd41a5e250e23ff5a6a7cb080"},"headline":"STMB: Gesti\u00f3n aprobada por unanimidad","datePublished":"2022-03-11T17:55:43+00:00","dateModified":"2022-03-11T18:01:28+00:00","mainEntityOfPage":{"@id":"https:\/\/diarioprincipios.com\/index.php\/2022\/03\/11\/stmb-gestion-aprobada-por-unanimidad\/"},"wordCount":288,"commentCount":0,"publisher":{"@id":"https:\/\/diarioprincipios.com\/#organization"},"image":{"@id":"https:\/\/diarioprincipios.com\/index.php\/2022\/03\/11\/stmb-gestion-aprobada-por-unanimidad\/#primaryimage"},"thumbnailUrl":"https:\/\/diarioprincipios.com\/wp-content\/uploads\/2022\/03\/FB_IMG_1647020964070.jpg","articleSection":["Berazategui"],"inLanguage":"es","potentialAction":[{"@type":"CommentAction","name":"Comment","target":["https:\/\/diarioprincipios.com\/index.php\/2022\/03\/11\/stmb-gestion-aprobada-por-unanimidad\/#respond"]}]},{"@type":"WebPage","@id":"https:\/\/diarioprincipios.com\/index.php\/2022\/03\/11\/stmb-gestion-aprobada-por-unanimidad\/","url":"https:\/\/diarioprincipios.com\/index.php\/2022\/03\/11\/stmb-gestion-aprobada-por-unanimidad\/","name":"STMB: Gesti\u00f3n aprobada por unanimidad - Principios","isPartOf":{"@id":"https:\/\/diarioprincipios.com\/#website"},"primaryImageOfPage":{"@id":"https:\/\/diarioprincipios.com\/index.php\/2022\/03\/11\/stmb-gestion-aprobada-por-unanimidad\/#primaryimage"},"image":{"@id":"https:\/\/diarioprincipios.com\/index.php\/2022\/03\/11\/stmb-gestion-aprobada-por-unanimidad\/#primaryimage"},"thumbnailUrl":"https:\/\/diarioprincipios.com\/wp-content\/uploads\/2022\/03\/FB_IMG_1647020964070.jpg","datePublished":"2022-03-11T17:55:43+00:00","dateModified":"2022-03-11T18:01:28+00:00","breadcrumb":{"@id":"https:\/\/diarioprincipios.com\/index.php\/2022\/03\/11\/stmb-gestion-aprobada-por-unanimidad\/#breadcrumb"},"inLanguage":"es","potentialAction":[{"@type":"ReadAction","target":["https:\/\/diarioprincipios.com\/index.php\/2022\/03\/11\/stmb-gestion-aprobada-por-unanimidad\/"]}]},{"@type":"ImageObject","inLanguage":"es","@id":"https:\/\/diarioprincipios.com\/index.php\/2022\/03\/11\/stmb-gestion-aprobada-por-unanimidad\/#primaryimage","url":"https:\/\/diarioprincipios.com\/wp-content\/uploads\/2022\/03\/FB_IMG_1647020964070.jpg","contentUrl":"https:\/\/diarioprincipios.com\/wp-content\/uploads\/2022\/03\/FB_IMG_1647020964070.jpg","width":1080,"height":810},{"@type":"BreadcrumbList","@id":"https:\/\/diarioprincipios.com\/index.php\/2022\/03\/11\/stmb-gestion-aprobada-por-unanimidad\/#breadcrumb","itemListElement":[{"@type":"ListItem","position":1,"name":"Portada","item":"https:\/\/diarioprincipios.com\/"},{"@type":"ListItem","position":2,"name":"STMB: Gesti\u00f3n aprobada por unanimidad"}]},{"@type":"WebSite","@id":"https:\/\/diarioprincipios.com\/#website","url":"https:\/\/diarioprincipios.com\/","name":"Principios","description":"Principios Diario","publisher":{"@id":"https:\/\/diarioprincipios.com\/#organization"},"potentialAction":[{"@type":"SearchAction","target":{"@type":"EntryPoint","urlTemplate":"https:\/\/diarioprincipios.com\/?s={search_term_string}"},"query-input":{"@type":"PropertyValueSpecification","valueRequired":true,"valueName":"search_term_string"}}],"inLanguage":"es"},{"@type":"Organization","@id":"https:\/\/diarioprincipios.com\/#organization","name":"Principios","url":"https:\/\/diarioprincipios.com\/","logo":{"@type":"ImageObject","inLanguage":"es","@id":"https:\/\/diarioprincipios.com\/#\/schema\/logo\/image\/","url":"https:\/\/diarioprincipios.com\/wp-content\/uploads\/2024\/04\/cropped-www.diarioprincipios.com_-1.png","contentUrl":"https:\/\/diarioprincipios.com\/wp-content\/uploads\/2024\/04\/cropped-www.diarioprincipios.com_-1.png","width":5325,"height":1454,"caption":"Principios"},"image":{"@id":"https:\/\/diarioprincipios.com\/#\/schema\/logo\/image\/"}},{"@type":"Person","@id":"https:\/\/diarioprincipios.com\/#\/schema\/person\/436d5a1fd41a5e250e23ff5a6a7cb080","name":"Hern\u00e1n L\u00f3pez","image":{"@type":"ImageObject","inLanguage":"es","@id":"https:\/\/diarioprincipios.com\/wp-content\/litespeed\/avatar\/11ddfe5610ff3bd100522525b2571f48.jpg?ver=1777048341","url":"https:\/\/diarioprincipios.com\/wp-content\/litespeed\/avatar\/11ddfe5610ff3bd100522525b2571f48.jpg?ver=1777048341","contentUrl":"https:\/\/diarioprincipios.com\/wp-content\/litespeed\/avatar\/11ddfe5610ff3bd100522525b2571f48.jpg?ver=1777048341","caption":"Hern\u00e1n L\u00f3pez"},"url":"https:\/\/diarioprincipios.com\/index.php\/author\/hernan\/"}]}},"jetpack_featured_media_url":"https:\/\/diarioprincipios.com\/wp-content\/uploads\/2022\/03\/FB_IMG_1647020964070.jpg","_links":{"self":[{"href":"https:\/\/diarioprincipios.com\/index.php\/wp-json\/wp\/v2\/posts\/12993","targetHints":{"allow":["GET"]}}],"collection":[{"href":"https:\/\/diarioprincipios.com\/index.php\/wp-json\/wp\/v2\/posts"}],"about":[{"href":"https:\/\/diarioprincipios.com\/index.php\/wp-json\/wp\/v2\/types\/post"}],"author":[{"embeddable":true,"href":"https:\/\/diarioprincipios.com\/index.php\/wp-json\/wp\/v2\/users\/2"}],"replies":[{"embeddable":true,"href":"https:\/\/diarioprincipios.com\/index.php\/wp-json\/wp\/v2\/comments?post=12993"}],"version-history":[{"count":2,"href":"https:\/\/diarioprincipios.com\/index.php\/wp-json\/wp\/v2\/posts\/12993\/revisions"}],"predecessor-version":[{"id":12998,"href":"https:\/\/diarioprincipios.com\/index.php\/wp-json\/wp\/v2\/posts\/12993\/revisions\/12998"}],"wp:featuredmedia":[{"embeddable":true,"href":"https:\/\/diarioprincipios.com\/index.php\/wp-json\/wp\/v2\/media\/12996"}],"wp:attachment":[{"href":"https:\/\/diarioprincipios.com\/index.php\/wp-json\/wp\/v2\/media?parent=12993"}],"wp:term":[{"taxonomy":"category","embeddable":true,"href":"https:\/\/diarioprincipios.com\/index.php\/wp-json\/wp\/v2\/categories?post=12993"},{"taxonomy":"post_tag","embeddable":true,"href":"https:\/\/diarioprincipios.com\/index.php\/wp-json\/wp\/v2\/tags?post=12993"}],"curies":[{"name":"wp","href":"https:\/\/api.w.org\/{rel}","templated":true}]}}