{"id":12986,"date":"2022-03-11T12:08:48","date_gmt":"2022-03-11T15:08:48","guid":{"rendered":"http:\/\/diarioprincipios.com\/?p=12986"},"modified":"2022-03-11T12:08:55","modified_gmt":"2022-03-11T15:08:55","slug":"mas-de-1600-vecinos-se-capacitaron-con-los-talleres-gratuitos","status":"publish","type":"post","link":"https:\/\/diarioprincipios.com\/index.php\/2022\/03\/11\/mas-de-1600-vecinos-se-capacitaron-con-los-talleres-gratuitos\/","title":{"rendered":"M\u00e1s de 1600 vecinos se capacitaron con los Talleres Gratuitos"},"content":{"rendered":"\n<p><strong>El intendente de Berazategui, Juan Jos\u00e9 Mussi, encabez\u00f3 el acto de entrega de m\u00e1s de 1.600 certificados correspondientes a los 25 cursos y talleres gratuitos dictados en el segundo cuatrimestre de 2021 por la Secretar\u00eda de Organizaciones No Gubernamentales (ONG) del Municipio. Se desarrollaron en forma virtual debido al contexto de pandemia. El acto tuvo lugar en el Centro de Actividades Roberto De Vicenzo (calle 148 y 18), con la presencia de los egresados, sus familiares y profesores.<\/strong><br>\u00a0<br>Durante el emotivo acto, el intendente Mussi destac\u00f3: \u201cFueron 1.660 los vecinos y vecinas que se sumaron a estos cursos y que hoy est\u00e1n recibiendo sus certificados. Por eso quer\u00eda venir a saludarlos, felicitarlos y, sobre todo, agradecerles. Porque nosotros podemos poner al alcance de la comunidad todas estas propuestas de manera gratuita, pero si despu\u00e9s nadie se anota, no sirve de nada. Sin embargo, siguen inscribi\u00e9ndose a\u00f1o tras a\u00f1o. Y eso es lo queremos desde el Municipio, m\u00e1s all\u00e1 de si lo hacen como una salida laboral o porque les gusta, siempre es bueno capacitarse para crecer y mejorarse uno mismo\u201d.<br>\u00a0<br>Dado el contexto de emergencia sanitaria por la pandemia de COVID-19, los cursos se dictaron en la modalidad virtual con clases en vivo -a trav\u00e9s de redes sociales- y mediante videos tutoriales producidos por los profesores. Algunos de los 25 cursos y talleres que se brindaron fueron: Gastronom\u00eda, Belleza de manos, Maquillaje (1 y 2), Belleza y cuidado de la piel, Oratoria, Cocteler\u00eda, Peluquer\u00eda, Podoest\u00e9tica, Tejido, Ingl\u00e9s (1, 2, 3 y 4) y Panader\u00eda, entre otros.<\/p>\n\n\n\n<figure class=\"wp-block-image size-large\"><img loading=\"lazy\" decoding=\"async\" width=\"1024\" height=\"683\" src=\"https:\/\/diarioprincipios.com\/wp-content\/uploads\/2022\/03\/MAS-DE-1600-VECINOS-SE-CAPACITARON-CON-LOS-TALLERES-GRATUITOS-DEL-MUNICIPIO-5-1024x683.jpg\" alt=\"\" class=\"wp-image-12987\" srcset=\"https:\/\/diarioprincipios.com\/wp-content\/uploads\/2022\/03\/MAS-DE-1600-VECINOS-SE-CAPACITARON-CON-LOS-TALLERES-GRATUITOS-DEL-MUNICIPIO-5-1024x683.jpg 1024w, https:\/\/diarioprincipios.com\/wp-content\/uploads\/2022\/03\/MAS-DE-1600-VECINOS-SE-CAPACITARON-CON-LOS-TALLERES-GRATUITOS-DEL-MUNICIPIO-5-300x200.jpg 300w, https:\/\/diarioprincipios.com\/wp-content\/uploads\/2022\/03\/MAS-DE-1600-VECINOS-SE-CAPACITARON-CON-LOS-TALLERES-GRATUITOS-DEL-MUNICIPIO-5-768x512.jpg 768w, https:\/\/diarioprincipios.com\/wp-content\/uploads\/2022\/03\/MAS-DE-1600-VECINOS-SE-CAPACITARON-CON-LOS-TALLERES-GRATUITOS-DEL-MUNICIPIO-5-1536x1024.jpg 1536w, https:\/\/diarioprincipios.com\/wp-content\/uploads\/2022\/03\/MAS-DE-1600-VECINOS-SE-CAPACITARON-CON-LOS-TALLERES-GRATUITOS-DEL-MUNICIPIO-5.jpg 1920w\" sizes=\"auto, (max-width: 1024px) 100vw, 1024px\" \/><\/figure>\n\n\n\n<p><br>\u00a0<br>Marcelo Benedetti, secretario de Organizaciones No Gubernamentales de la Municipalidad, coment\u00f3: \u201cEn total, fueron 3.330 los egresados durante todo 2021. Un n\u00famero alt\u00edsimo que no refleja \u00fanicamente los diplomas que hemos entregado sino tambi\u00e9n la cantidad de personas que se inscribieron, realizaron los cursos y se recibieron, que es lo m\u00e1s importante. A pesar de la pandemia no hemos bajado el nivel de esta propuesta, que cuenta con mucha jerarqu\u00eda y que este a\u00f1o volver\u00e1 a realizarse en forma presencial\u201d. Y culmin\u00f3: \u201cSeguramente aumentar\u00e1 el n\u00famero de vecinos que quieran capacitarse\u201d.<br>\u00a0<br>Estos cursos y talleres se dictan desde el a\u00f1o 2008 y ya 22.450 vecinas y vecinos de Berazategui participaron de ellos de manera gratuita.<br>\u00a0<br>Olga Antognoli, alumna del curso de Oratoria, expres\u00f3: \u201cPens\u00e9 que a mis 76 a\u00f1os no pod\u00eda hacerlo, pero fue fant\u00e1stico y muy satisfactorio. Me ense\u00f1aron distintas t\u00e9cnicas para sacar esos miedos que muchas veces tenemos a la hora de expresarnos delante de las personas. Quiero agradecer al Municipio y al intendente Juan Jos\u00e9 Mussi por brindar estos cursos y talleres tan beneficiosos para que crezca la comunidad y todos seamos mejores personas. Se los recomiendo a todos los vecinos\u201d.<\/p>\n\n\n\n<figure class=\"wp-block-image size-large\"><img loading=\"lazy\" decoding=\"async\" width=\"1024\" height=\"683\" src=\"https:\/\/diarioprincipios.com\/wp-content\/uploads\/2022\/03\/MAS-DE-1600-VECINOS-SE-CAPACITARON-CON-LOS-TALLERES-GRATUITOS-DEL-MUNICIPIO-2-1024x683.jpg\" alt=\"\" class=\"wp-image-12988\" srcset=\"https:\/\/diarioprincipios.com\/wp-content\/uploads\/2022\/03\/MAS-DE-1600-VECINOS-SE-CAPACITARON-CON-LOS-TALLERES-GRATUITOS-DEL-MUNICIPIO-2-1024x683.jpg 1024w, https:\/\/diarioprincipios.com\/wp-content\/uploads\/2022\/03\/MAS-DE-1600-VECINOS-SE-CAPACITARON-CON-LOS-TALLERES-GRATUITOS-DEL-MUNICIPIO-2-300x200.jpg 300w, https:\/\/diarioprincipios.com\/wp-content\/uploads\/2022\/03\/MAS-DE-1600-VECINOS-SE-CAPACITARON-CON-LOS-TALLERES-GRATUITOS-DEL-MUNICIPIO-2-768x512.jpg 768w, https:\/\/diarioprincipios.com\/wp-content\/uploads\/2022\/03\/MAS-DE-1600-VECINOS-SE-CAPACITARON-CON-LOS-TALLERES-GRATUITOS-DEL-MUNICIPIO-2-1536x1024.jpg 1536w, https:\/\/diarioprincipios.com\/wp-content\/uploads\/2022\/03\/MAS-DE-1600-VECINOS-SE-CAPACITARON-CON-LOS-TALLERES-GRATUITOS-DEL-MUNICIPIO-2.jpg 1920w\" sizes=\"auto, (max-width: 1024px) 100vw, 1024px\" \/><\/figure>\n\n\n\n<p><br>\u00a0<br>Finalmente, Alejandra Carabajal, alumna de Peluquer\u00eda, manifest\u00f3: \u201cRealizar el curso fue una muy linda experiencia, adem\u00e1s de una gran opci\u00f3n para capacitarse, seguir aprendiendo y poder llevar a la pr\u00e1ctica cada una de estas actividades. A pesar de la pandemia, estuvimos constantemente conectados en forma virtual con los profesores y casi que ni extra\u00f1amos la presencialidad. Realmente, esta iniciativa me parece excelente y quiero felicitar al Dr. Mussi por esta oportunidad que nos brinda a todos los berazateguenses, ya que esto no se hace en todos los distritos\u201d.<br>\u00a0<br>Entre otras autoridades, tambi\u00e9n participaron del evento la titular de la Secretar\u00eda Privada municipal, Mar\u00eda Del Carmen Flores; y los secretarios de Desarrollo Social y Comunitario, Mar\u00eda Laura Lacava; y de Salud P\u00fablica e Higiene, Dr. Pablo Costa.<\/p>\n","protected":false},"excerpt":{"rendered":"<p>El intendente de Berazategui, Juan Jos\u00e9 Mussi, encabez\u00f3 el acto de entrega de m\u00e1s de 1.600 certificados correspondientes a los 25 cursos y talleres gratuitos dictados en el segundo cuatrimestre de 2021 por la Secretar\u00eda de Organizaciones No Gubernamentales (ONG) del Municipio. Se desarrollaron en forma virtual debido al contexto de pandemia. El acto tuvo&#8230;<\/p>\n","protected":false},"author":2,"featured_media":12989,"comment_status":"open","ping_status":"open","sticky":false,"template":"","format":"standard","meta":{"footnotes":""},"categories":[3],"tags":[],"class_list":["post-12986","post","type-post","status-publish","format-standard","has-post-thumbnail","hentry","category-berazategui"],"featured_image_src":"https:\/\/diarioprincipios.com\/wp-content\/uploads\/2022\/03\/MAS-DE-1600-VECINOS-SE-CAPACITARON-CON-LOS-TALLERES-GRATUITOS-DEL-MUNICIPIO-3-1024x683.jpg","blog_images":{"medium":"https:\/\/diarioprincipios.com\/wp-content\/uploads\/2022\/03\/MAS-DE-1600-VECINOS-SE-CAPACITARON-CON-LOS-TALLERES-GRATUITOS-DEL-MUNICIPIO-3-300x200.jpg","large":"https:\/\/diarioprincipios.com\/wp-content\/uploads\/2022\/03\/MAS-DE-1600-VECINOS-SE-CAPACITARON-CON-LOS-TALLERES-GRATUITOS-DEL-MUNICIPIO-3-1024x683.jpg"},"ams_acf":[],"yoast_head":"<!-- This site is optimized with the Yoast SEO plugin v27.3 - https:\/\/yoast.com\/product\/yoast-seo-wordpress\/ -->\n<title>M\u00e1s de 1600 vecinos se capacitaron con los Talleres Gratuitos - Principios<\/title>\n<meta name=\"robots\" content=\"index, follow, max-snippet:-1, max-image-preview:large, max-video-preview:-1\" \/>\n<link rel=\"canonical\" href=\"https:\/\/diarioprincipios.com\/index.php\/2022\/03\/11\/mas-de-1600-vecinos-se-capacitaron-con-los-talleres-gratuitos\/\" \/>\n<meta property=\"og:locale\" content=\"es_ES\" \/>\n<meta property=\"og:type\" content=\"article\" \/>\n<meta property=\"og:title\" content=\"M\u00e1s de 1600 vecinos se capacitaron con los Talleres Gratuitos - Principios\" \/>\n<meta property=\"og:description\" content=\"El intendente de Berazategui, Juan Jos\u00e9 Mussi, encabez\u00f3 el acto de entrega de m\u00e1s de 1.600 certificados correspondientes a los 25 cursos y talleres gratuitos dictados en el segundo cuatrimestre de 2021 por la Secretar\u00eda de Organizaciones No Gubernamentales (ONG) del Municipio. Se desarrollaron en forma virtual debido al contexto de pandemia. El acto tuvo...\" \/>\n<meta property=\"og:url\" content=\"https:\/\/diarioprincipios.com\/index.php\/2022\/03\/11\/mas-de-1600-vecinos-se-capacitaron-con-los-talleres-gratuitos\/\" \/>\n<meta property=\"og:site_name\" content=\"Principios\" \/>\n<meta property=\"article:published_time\" content=\"2022-03-11T15:08:48+00:00\" \/>\n<meta property=\"article:modified_time\" content=\"2022-03-11T15:08:55+00:00\" \/>\n<meta property=\"og:image\" content=\"https:\/\/diarioprincipios.com\/wp-content\/uploads\/2022\/03\/MAS-DE-1600-VECINOS-SE-CAPACITARON-CON-LOS-TALLERES-GRATUITOS-DEL-MUNICIPIO-3.jpg\" \/>\n\t<meta property=\"og:image:width\" content=\"1920\" \/>\n\t<meta property=\"og:image:height\" content=\"1280\" \/>\n\t<meta property=\"og:image:type\" content=\"image\/jpeg\" \/>\n<meta name=\"author\" content=\"Hern\u00e1n L\u00f3pez\" \/>\n<meta name=\"twitter:card\" content=\"summary_large_image\" \/>\n<meta name=\"twitter:label1\" content=\"Escrito por\" \/>\n\t<meta name=\"twitter:data1\" content=\"Hern\u00e1n L\u00f3pez\" \/>\n\t<meta name=\"twitter:label2\" content=\"Tiempo de lectura\" \/>\n\t<meta name=\"twitter:data2\" content=\"4 minutos\" \/>\n<script type=\"application\/ld+json\" class=\"yoast-schema-graph\">{\"@context\":\"https:\\\/\\\/schema.org\",\"@graph\":[{\"@type\":\"Article\",\"@id\":\"https:\\\/\\\/diarioprincipios.com\\\/index.php\\\/2022\\\/03\\\/11\\\/mas-de-1600-vecinos-se-capacitaron-con-los-talleres-gratuitos\\\/#article\",\"isPartOf\":{\"@id\":\"https:\\\/\\\/diarioprincipios.com\\\/index.php\\\/2022\\\/03\\\/11\\\/mas-de-1600-vecinos-se-capacitaron-con-los-talleres-gratuitos\\\/\"},\"author\":{\"name\":\"Hern\u00e1n L\u00f3pez\",\"@id\":\"https:\\\/\\\/diarioprincipios.com\\\/#\\\/schema\\\/person\\\/436d5a1fd41a5e250e23ff5a6a7cb080\"},\"headline\":\"M\u00e1s de 1600 vecinos se capacitaron con los Talleres Gratuitos\",\"datePublished\":\"2022-03-11T15:08:48+00:00\",\"dateModified\":\"2022-03-11T15:08:55+00:00\",\"mainEntityOfPage\":{\"@id\":\"https:\\\/\\\/diarioprincipios.com\\\/index.php\\\/2022\\\/03\\\/11\\\/mas-de-1600-vecinos-se-capacitaron-con-los-talleres-gratuitos\\\/\"},\"wordCount\":607,\"commentCount\":0,\"publisher\":{\"@id\":\"https:\\\/\\\/diarioprincipios.com\\\/#organization\"},\"image\":{\"@id\":\"https:\\\/\\\/diarioprincipios.com\\\/index.php\\\/2022\\\/03\\\/11\\\/mas-de-1600-vecinos-se-capacitaron-con-los-talleres-gratuitos\\\/#primaryimage\"},\"thumbnailUrl\":\"https:\\\/\\\/diarioprincipios.com\\\/wp-content\\\/uploads\\\/2022\\\/03\\\/MAS-DE-1600-VECINOS-SE-CAPACITARON-CON-LOS-TALLERES-GRATUITOS-DEL-MUNICIPIO-3.jpg\",\"articleSection\":[\"Berazategui\"],\"inLanguage\":\"es\",\"potentialAction\":[{\"@type\":\"CommentAction\",\"name\":\"Comment\",\"target\":[\"https:\\\/\\\/diarioprincipios.com\\\/index.php\\\/2022\\\/03\\\/11\\\/mas-de-1600-vecinos-se-capacitaron-con-los-talleres-gratuitos\\\/#respond\"]}]},{\"@type\":\"WebPage\",\"@id\":\"https:\\\/\\\/diarioprincipios.com\\\/index.php\\\/2022\\\/03\\\/11\\\/mas-de-1600-vecinos-se-capacitaron-con-los-talleres-gratuitos\\\/\",\"url\":\"https:\\\/\\\/diarioprincipios.com\\\/index.php\\\/2022\\\/03\\\/11\\\/mas-de-1600-vecinos-se-capacitaron-con-los-talleres-gratuitos\\\/\",\"name\":\"M\u00e1s de 1600 vecinos se capacitaron con los Talleres Gratuitos - Principios\",\"isPartOf\":{\"@id\":\"https:\\\/\\\/diarioprincipios.com\\\/#website\"},\"primaryImageOfPage\":{\"@id\":\"https:\\\/\\\/diarioprincipios.com\\\/index.php\\\/2022\\\/03\\\/11\\\/mas-de-1600-vecinos-se-capacitaron-con-los-talleres-gratuitos\\\/#primaryimage\"},\"image\":{\"@id\":\"https:\\\/\\\/diarioprincipios.com\\\/index.php\\\/2022\\\/03\\\/11\\\/mas-de-1600-vecinos-se-capacitaron-con-los-talleres-gratuitos\\\/#primaryimage\"},\"thumbnailUrl\":\"https:\\\/\\\/diarioprincipios.com\\\/wp-content\\\/uploads\\\/2022\\\/03\\\/MAS-DE-1600-VECINOS-SE-CAPACITARON-CON-LOS-TALLERES-GRATUITOS-DEL-MUNICIPIO-3.jpg\",\"datePublished\":\"2022-03-11T15:08:48+00:00\",\"dateModified\":\"2022-03-11T15:08:55+00:00\",\"breadcrumb\":{\"@id\":\"https:\\\/\\\/diarioprincipios.com\\\/index.php\\\/2022\\\/03\\\/11\\\/mas-de-1600-vecinos-se-capacitaron-con-los-talleres-gratuitos\\\/#breadcrumb\"},\"inLanguage\":\"es\",\"potentialAction\":[{\"@type\":\"ReadAction\",\"target\":[\"https:\\\/\\\/diarioprincipios.com\\\/index.php\\\/2022\\\/03\\\/11\\\/mas-de-1600-vecinos-se-capacitaron-con-los-talleres-gratuitos\\\/\"]}]},{\"@type\":\"ImageObject\",\"inLanguage\":\"es\",\"@id\":\"https:\\\/\\\/diarioprincipios.com\\\/index.php\\\/2022\\\/03\\\/11\\\/mas-de-1600-vecinos-se-capacitaron-con-los-talleres-gratuitos\\\/#primaryimage\",\"url\":\"https:\\\/\\\/diarioprincipios.com\\\/wp-content\\\/uploads\\\/2022\\\/03\\\/MAS-DE-1600-VECINOS-SE-CAPACITARON-CON-LOS-TALLERES-GRATUITOS-DEL-MUNICIPIO-3.jpg\",\"contentUrl\":\"https:\\\/\\\/diarioprincipios.com\\\/wp-content\\\/uploads\\\/2022\\\/03\\\/MAS-DE-1600-VECINOS-SE-CAPACITARON-CON-LOS-TALLERES-GRATUITOS-DEL-MUNICIPIO-3.jpg\",\"width\":1920,\"height\":1280},{\"@type\":\"BreadcrumbList\",\"@id\":\"https:\\\/\\\/diarioprincipios.com\\\/index.php\\\/2022\\\/03\\\/11\\\/mas-de-1600-vecinos-se-capacitaron-con-los-talleres-gratuitos\\\/#breadcrumb\",\"itemListElement\":[{\"@type\":\"ListItem\",\"position\":1,\"name\":\"Portada\",\"item\":\"https:\\\/\\\/diarioprincipios.com\\\/\"},{\"@type\":\"ListItem\",\"position\":2,\"name\":\"M\u00e1s de 1600 vecinos se capacitaron con los Talleres Gratuitos\"}]},{\"@type\":\"WebSite\",\"@id\":\"https:\\\/\\\/diarioprincipios.com\\\/#website\",\"url\":\"https:\\\/\\\/diarioprincipios.com\\\/\",\"name\":\"Principios\",\"description\":\"Principios Diario\",\"publisher\":{\"@id\":\"https:\\\/\\\/diarioprincipios.com\\\/#organization\"},\"potentialAction\":[{\"@type\":\"SearchAction\",\"target\":{\"@type\":\"EntryPoint\",\"urlTemplate\":\"https:\\\/\\\/diarioprincipios.com\\\/?s={search_term_string}\"},\"query-input\":{\"@type\":\"PropertyValueSpecification\",\"valueRequired\":true,\"valueName\":\"search_term_string\"}}],\"inLanguage\":\"es\"},{\"@type\":\"Organization\",\"@id\":\"https:\\\/\\\/diarioprincipios.com\\\/#organization\",\"name\":\"Principios\",\"url\":\"https:\\\/\\\/diarioprincipios.com\\\/\",\"logo\":{\"@type\":\"ImageObject\",\"inLanguage\":\"es\",\"@id\":\"https:\\\/\\\/diarioprincipios.com\\\/#\\\/schema\\\/logo\\\/image\\\/\",\"url\":\"https:\\\/\\\/diarioprincipios.com\\\/wp-content\\\/uploads\\\/2024\\\/04\\\/cropped-www.diarioprincipios.com_-1.png\",\"contentUrl\":\"https:\\\/\\\/diarioprincipios.com\\\/wp-content\\\/uploads\\\/2024\\\/04\\\/cropped-www.diarioprincipios.com_-1.png\",\"width\":5325,\"height\":1454,\"caption\":\"Principios\"},\"image\":{\"@id\":\"https:\\\/\\\/diarioprincipios.com\\\/#\\\/schema\\\/logo\\\/image\\\/\"}},{\"@type\":\"Person\",\"@id\":\"https:\\\/\\\/diarioprincipios.com\\\/#\\\/schema\\\/person\\\/436d5a1fd41a5e250e23ff5a6a7cb080\",\"name\":\"Hern\u00e1n L\u00f3pez\",\"image\":{\"@type\":\"ImageObject\",\"inLanguage\":\"es\",\"@id\":\"https:\\\/\\\/diarioprincipios.com\\\/wp-content\\\/litespeed\\\/avatar\\\/11ddfe5610ff3bd100522525b2571f48.jpg?ver=1777048341\",\"url\":\"https:\\\/\\\/diarioprincipios.com\\\/wp-content\\\/litespeed\\\/avatar\\\/11ddfe5610ff3bd100522525b2571f48.jpg?ver=1777048341\",\"contentUrl\":\"https:\\\/\\\/diarioprincipios.com\\\/wp-content\\\/litespeed\\\/avatar\\\/11ddfe5610ff3bd100522525b2571f48.jpg?ver=1777048341\",\"caption\":\"Hern\u00e1n L\u00f3pez\"},\"url\":\"https:\\\/\\\/diarioprincipios.com\\\/index.php\\\/author\\\/hernan\\\/\"}]}<\/script>\n<!-- \/ Yoast SEO plugin. -->","yoast_head_json":{"title":"M\u00e1s de 1600 vecinos se capacitaron con los Talleres Gratuitos - Principios","robots":{"index":"index","follow":"follow","max-snippet":"max-snippet:-1","max-image-preview":"max-image-preview:large","max-video-preview":"max-video-preview:-1"},"canonical":"https:\/\/diarioprincipios.com\/index.php\/2022\/03\/11\/mas-de-1600-vecinos-se-capacitaron-con-los-talleres-gratuitos\/","og_locale":"es_ES","og_type":"article","og_title":"M\u00e1s de 1600 vecinos se capacitaron con los Talleres Gratuitos - Principios","og_description":"El intendente de Berazategui, Juan Jos\u00e9 Mussi, encabez\u00f3 el acto de entrega de m\u00e1s de 1.600 certificados correspondientes a los 25 cursos y talleres gratuitos dictados en el segundo cuatrimestre de 2021 por la Secretar\u00eda de Organizaciones No Gubernamentales (ONG) del Municipio. Se desarrollaron en forma virtual debido al contexto de pandemia. El acto tuvo...","og_url":"https:\/\/diarioprincipios.com\/index.php\/2022\/03\/11\/mas-de-1600-vecinos-se-capacitaron-con-los-talleres-gratuitos\/","og_site_name":"Principios","article_published_time":"2022-03-11T15:08:48+00:00","article_modified_time":"2022-03-11T15:08:55+00:00","og_image":[{"width":1920,"height":1280,"url":"https:\/\/diarioprincipios.com\/wp-content\/uploads\/2022\/03\/MAS-DE-1600-VECINOS-SE-CAPACITARON-CON-LOS-TALLERES-GRATUITOS-DEL-MUNICIPIO-3.jpg","type":"image\/jpeg"}],"author":"Hern\u00e1n L\u00f3pez","twitter_card":"summary_large_image","twitter_misc":{"Escrito por":"Hern\u00e1n L\u00f3pez","Tiempo de lectura":"4 minutos"},"schema":{"@context":"https:\/\/schema.org","@graph":[{"@type":"Article","@id":"https:\/\/diarioprincipios.com\/index.php\/2022\/03\/11\/mas-de-1600-vecinos-se-capacitaron-con-los-talleres-gratuitos\/#article","isPartOf":{"@id":"https:\/\/diarioprincipios.com\/index.php\/2022\/03\/11\/mas-de-1600-vecinos-se-capacitaron-con-los-talleres-gratuitos\/"},"author":{"name":"Hern\u00e1n L\u00f3pez","@id":"https:\/\/diarioprincipios.com\/#\/schema\/person\/436d5a1fd41a5e250e23ff5a6a7cb080"},"headline":"M\u00e1s de 1600 vecinos se capacitaron con los Talleres Gratuitos","datePublished":"2022-03-11T15:08:48+00:00","dateModified":"2022-03-11T15:08:55+00:00","mainEntityOfPage":{"@id":"https:\/\/diarioprincipios.com\/index.php\/2022\/03\/11\/mas-de-1600-vecinos-se-capacitaron-con-los-talleres-gratuitos\/"},"wordCount":607,"commentCount":0,"publisher":{"@id":"https:\/\/diarioprincipios.com\/#organization"},"image":{"@id":"https:\/\/diarioprincipios.com\/index.php\/2022\/03\/11\/mas-de-1600-vecinos-se-capacitaron-con-los-talleres-gratuitos\/#primaryimage"},"thumbnailUrl":"https:\/\/diarioprincipios.com\/wp-content\/uploads\/2022\/03\/MAS-DE-1600-VECINOS-SE-CAPACITARON-CON-LOS-TALLERES-GRATUITOS-DEL-MUNICIPIO-3.jpg","articleSection":["Berazategui"],"inLanguage":"es","potentialAction":[{"@type":"CommentAction","name":"Comment","target":["https:\/\/diarioprincipios.com\/index.php\/2022\/03\/11\/mas-de-1600-vecinos-se-capacitaron-con-los-talleres-gratuitos\/#respond"]}]},{"@type":"WebPage","@id":"https:\/\/diarioprincipios.com\/index.php\/2022\/03\/11\/mas-de-1600-vecinos-se-capacitaron-con-los-talleres-gratuitos\/","url":"https:\/\/diarioprincipios.com\/index.php\/2022\/03\/11\/mas-de-1600-vecinos-se-capacitaron-con-los-talleres-gratuitos\/","name":"M\u00e1s de 1600 vecinos se capacitaron con los Talleres Gratuitos - Principios","isPartOf":{"@id":"https:\/\/diarioprincipios.com\/#website"},"primaryImageOfPage":{"@id":"https:\/\/diarioprincipios.com\/index.php\/2022\/03\/11\/mas-de-1600-vecinos-se-capacitaron-con-los-talleres-gratuitos\/#primaryimage"},"image":{"@id":"https:\/\/diarioprincipios.com\/index.php\/2022\/03\/11\/mas-de-1600-vecinos-se-capacitaron-con-los-talleres-gratuitos\/#primaryimage"},"thumbnailUrl":"https:\/\/diarioprincipios.com\/wp-content\/uploads\/2022\/03\/MAS-DE-1600-VECINOS-SE-CAPACITARON-CON-LOS-TALLERES-GRATUITOS-DEL-MUNICIPIO-3.jpg","datePublished":"2022-03-11T15:08:48+00:00","dateModified":"2022-03-11T15:08:55+00:00","breadcrumb":{"@id":"https:\/\/diarioprincipios.com\/index.php\/2022\/03\/11\/mas-de-1600-vecinos-se-capacitaron-con-los-talleres-gratuitos\/#breadcrumb"},"inLanguage":"es","potentialAction":[{"@type":"ReadAction","target":["https:\/\/diarioprincipios.com\/index.php\/2022\/03\/11\/mas-de-1600-vecinos-se-capacitaron-con-los-talleres-gratuitos\/"]}]},{"@type":"ImageObject","inLanguage":"es","@id":"https:\/\/diarioprincipios.com\/index.php\/2022\/03\/11\/mas-de-1600-vecinos-se-capacitaron-con-los-talleres-gratuitos\/#primaryimage","url":"https:\/\/diarioprincipios.com\/wp-content\/uploads\/2022\/03\/MAS-DE-1600-VECINOS-SE-CAPACITARON-CON-LOS-TALLERES-GRATUITOS-DEL-MUNICIPIO-3.jpg","contentUrl":"https:\/\/diarioprincipios.com\/wp-content\/uploads\/2022\/03\/MAS-DE-1600-VECINOS-SE-CAPACITARON-CON-LOS-TALLERES-GRATUITOS-DEL-MUNICIPIO-3.jpg","width":1920,"height":1280},{"@type":"BreadcrumbList","@id":"https:\/\/diarioprincipios.com\/index.php\/2022\/03\/11\/mas-de-1600-vecinos-se-capacitaron-con-los-talleres-gratuitos\/#breadcrumb","itemListElement":[{"@type":"ListItem","position":1,"name":"Portada","item":"https:\/\/diarioprincipios.com\/"},{"@type":"ListItem","position":2,"name":"M\u00e1s de 1600 vecinos se capacitaron con los Talleres Gratuitos"}]},{"@type":"WebSite","@id":"https:\/\/diarioprincipios.com\/#website","url":"https:\/\/diarioprincipios.com\/","name":"Principios","description":"Principios Diario","publisher":{"@id":"https:\/\/diarioprincipios.com\/#organization"},"potentialAction":[{"@type":"SearchAction","target":{"@type":"EntryPoint","urlTemplate":"https:\/\/diarioprincipios.com\/?s={search_term_string}"},"query-input":{"@type":"PropertyValueSpecification","valueRequired":true,"valueName":"search_term_string"}}],"inLanguage":"es"},{"@type":"Organization","@id":"https:\/\/diarioprincipios.com\/#organization","name":"Principios","url":"https:\/\/diarioprincipios.com\/","logo":{"@type":"ImageObject","inLanguage":"es","@id":"https:\/\/diarioprincipios.com\/#\/schema\/logo\/image\/","url":"https:\/\/diarioprincipios.com\/wp-content\/uploads\/2024\/04\/cropped-www.diarioprincipios.com_-1.png","contentUrl":"https:\/\/diarioprincipios.com\/wp-content\/uploads\/2024\/04\/cropped-www.diarioprincipios.com_-1.png","width":5325,"height":1454,"caption":"Principios"},"image":{"@id":"https:\/\/diarioprincipios.com\/#\/schema\/logo\/image\/"}},{"@type":"Person","@id":"https:\/\/diarioprincipios.com\/#\/schema\/person\/436d5a1fd41a5e250e23ff5a6a7cb080","name":"Hern\u00e1n L\u00f3pez","image":{"@type":"ImageObject","inLanguage":"es","@id":"https:\/\/diarioprincipios.com\/wp-content\/litespeed\/avatar\/11ddfe5610ff3bd100522525b2571f48.jpg?ver=1777048341","url":"https:\/\/diarioprincipios.com\/wp-content\/litespeed\/avatar\/11ddfe5610ff3bd100522525b2571f48.jpg?ver=1777048341","contentUrl":"https:\/\/diarioprincipios.com\/wp-content\/litespeed\/avatar\/11ddfe5610ff3bd100522525b2571f48.jpg?ver=1777048341","caption":"Hern\u00e1n L\u00f3pez"},"url":"https:\/\/diarioprincipios.com\/index.php\/author\/hernan\/"}]}},"jetpack_featured_media_url":"https:\/\/diarioprincipios.com\/wp-content\/uploads\/2022\/03\/MAS-DE-1600-VECINOS-SE-CAPACITARON-CON-LOS-TALLERES-GRATUITOS-DEL-MUNICIPIO-3.jpg","_links":{"self":[{"href":"https:\/\/diarioprincipios.com\/index.php\/wp-json\/wp\/v2\/posts\/12986","targetHints":{"allow":["GET"]}}],"collection":[{"href":"https:\/\/diarioprincipios.com\/index.php\/wp-json\/wp\/v2\/posts"}],"about":[{"href":"https:\/\/diarioprincipios.com\/index.php\/wp-json\/wp\/v2\/types\/post"}],"author":[{"embeddable":true,"href":"https:\/\/diarioprincipios.com\/index.php\/wp-json\/wp\/v2\/users\/2"}],"replies":[{"embeddable":true,"href":"https:\/\/diarioprincipios.com\/index.php\/wp-json\/wp\/v2\/comments?post=12986"}],"version-history":[{"count":1,"href":"https:\/\/diarioprincipios.com\/index.php\/wp-json\/wp\/v2\/posts\/12986\/revisions"}],"predecessor-version":[{"id":12990,"href":"https:\/\/diarioprincipios.com\/index.php\/wp-json\/wp\/v2\/posts\/12986\/revisions\/12990"}],"wp:featuredmedia":[{"embeddable":true,"href":"https:\/\/diarioprincipios.com\/index.php\/wp-json\/wp\/v2\/media\/12989"}],"wp:attachment":[{"href":"https:\/\/diarioprincipios.com\/index.php\/wp-json\/wp\/v2\/media?parent=12986"}],"wp:term":[{"taxonomy":"category","embeddable":true,"href":"https:\/\/diarioprincipios.com\/index.php\/wp-json\/wp\/v2\/categories?post=12986"},{"taxonomy":"post_tag","embeddable":true,"href":"https:\/\/diarioprincipios.com\/index.php\/wp-json\/wp\/v2\/tags?post=12986"}],"curies":[{"name":"wp","href":"https:\/\/api.w.org\/{rel}","templated":true}]}}