{"id":12982,"date":"2022-03-11T11:59:44","date_gmt":"2022-03-11T14:59:44","guid":{"rendered":"http:\/\/diarioprincipios.com\/?p=12982"},"modified":"2022-03-11T11:59:50","modified_gmt":"2022-03-11T14:59:50","slug":"crece-el-proyecto-de-compostaje-en-berazategui","status":"publish","type":"post","link":"https:\/\/diarioprincipios.com\/index.php\/2022\/03\/11\/crece-el-proyecto-de-compostaje-en-berazategui\/","title":{"rendered":"Crece el Proyecto de Compostaje en Berazategui"},"content":{"rendered":"\n<p><strong>La Municipalidad de Berazategui lleva a cabo un proyecto de compostaje mediante un trabajo coordinado entre la Secretar\u00eda de Organizaciones No Gubernamentales (ONG) y la Direcci\u00f3n de Ambiente y Desarrollo Sustentable. De esta manera, y con el objetivo de seguir generando conciencia sobre la importancia del cuidado del ambiente, en el Centro de Acopio y Reciclaje N\u00b0 1 de R\u00edo Encantado y en Ecopuntos de la ciudad se realizan grandes vol\u00famenes de compost a trav\u00e9s de residuos org\u00e1nicos recolectados en verduler\u00edas. Adem\u00e1s, se brindar\u00e1n capacitaciones y herramientas a las instituciones educativas que lo implementen dentro del Programa Municipal Escuelas Sustentables.<\/strong><br>\u00a0<br>La iniciativa de compostar surgi\u00f3 para tratar los desechos org\u00e1nicos, que representan el 50% del total de los residuos, ya que hasta el a\u00f1o pasado \u00abBerazategui Recicla\u00bb procesaba \u00fanicamente los residuos reciclables (pl\u00e1sticos, vidrio, cart\u00f3n, etc.).<\/p>\n\n\n\n<figure class=\"wp-block-image size-large\"><img loading=\"lazy\" decoding=\"async\" width=\"1024\" height=\"683\" src=\"https:\/\/diarioprincipios.com\/wp-content\/uploads\/2022\/03\/EN-BERAZATEGUI-CRECE-EL-PROYECTO-DE-COMPOSTAJE-4-1024x683.jpg\" alt=\"\" class=\"wp-image-12983\" srcset=\"https:\/\/diarioprincipios.com\/wp-content\/uploads\/2022\/03\/EN-BERAZATEGUI-CRECE-EL-PROYECTO-DE-COMPOSTAJE-4-1024x683.jpg 1024w, https:\/\/diarioprincipios.com\/wp-content\/uploads\/2022\/03\/EN-BERAZATEGUI-CRECE-EL-PROYECTO-DE-COMPOSTAJE-4-300x200.jpg 300w, https:\/\/diarioprincipios.com\/wp-content\/uploads\/2022\/03\/EN-BERAZATEGUI-CRECE-EL-PROYECTO-DE-COMPOSTAJE-4-768x512.jpg 768w, https:\/\/diarioprincipios.com\/wp-content\/uploads\/2022\/03\/EN-BERAZATEGUI-CRECE-EL-PROYECTO-DE-COMPOSTAJE-4-1536x1024.jpg 1536w, https:\/\/diarioprincipios.com\/wp-content\/uploads\/2022\/03\/EN-BERAZATEGUI-CRECE-EL-PROYECTO-DE-COMPOSTAJE-4.jpg 1920w\" sizes=\"auto, (max-width: 1024px) 100vw, 1024px\" \/><\/figure>\n\n\n\n<p><br>\u00a0<br>Al respecto, Natalia De Simone, integrante del equipo de compostaje, explic\u00f3: \u201cTodo comenz\u00f3 a trav\u00e9s de una prueba piloto en el Centro de Acopio y Reciclaje N\u00b0 1, que fue un \u00e9xito, por lo que decidieron replicarlo en otros Ecopuntos. Hoy se composta en el Vivero Municipal, en el Ecopunto de Guti\u00e9rrez y en el Centro de Acopio N\u00b0 2\u201d.<br>\u00a0<br>Por otro lado, se\u00f1al\u00f3 los beneficios de esta pr\u00e1ctica: \u201cEl impacto en el ambiente es muy significativo porque disminuye el volumen de la basura. Pero el principal beneficio es que se reutilizan estos residuos org\u00e1nicos que se transforman en tierra f\u00e9rtil\u201d.<br>\u00a0<br>Adem\u00e1s, De Simone destac\u00f3: \u201cSe suman muchos vecinos y vecinas. En su casa separan lo que descartan al cocinar, como por ejemplo c\u00e1scaras de papa. En vez de tirarlo a la basura, lo juntan y lo acercan a los Centros de acopio y a los Ecopuntos\u201d.<br>\u00a0<br>Asimismo, dentro del Programa Municipal Escuelas Sustentables, se otorgar\u00e1n composteras y herramientas para el proceso de compostaje a las Escuelas participantes. Adem\u00e1s, se dar\u00e1n charlas y capacitaciones. El objetivo es ense\u00f1ar la pr\u00e1ctica de compostaje como soluci\u00f3n real para disminuir los residuos y trascender los muros de las Escuelas para llegar a los hogares. Para tal fin se brindar\u00e1 informaci\u00f3n impresa a los estudiantes para que conozcan la t\u00e9cnica y puedan implementarla.<br>\u00a0<\/p>\n","protected":false},"excerpt":{"rendered":"<p>La Municipalidad de Berazategui lleva a cabo un proyecto de compostaje mediante un trabajo coordinado entre la Secretar\u00eda de Organizaciones No Gubernamentales (ONG) y la Direcci\u00f3n de Ambiente y Desarrollo Sustentable. De esta manera, y con el objetivo de seguir generando conciencia sobre la importancia del cuidado del ambiente, en el Centro de Acopio y&#8230;<\/p>\n","protected":false},"author":2,"featured_media":12984,"comment_status":"open","ping_status":"open","sticky":false,"template":"","format":"standard","meta":{"footnotes":""},"categories":[3],"tags":[],"class_list":["post-12982","post","type-post","status-publish","format-standard","has-post-thumbnail","hentry","category-berazategui"],"featured_image_src":"https:\/\/diarioprincipios.com\/wp-content\/uploads\/2022\/03\/EN-BERAZATEGUI-CRECE-EL-PROYECTO-DE-COMPOSTAJE-2-1024x683.jpg","blog_images":{"medium":"https:\/\/diarioprincipios.com\/wp-content\/uploads\/2022\/03\/EN-BERAZATEGUI-CRECE-EL-PROYECTO-DE-COMPOSTAJE-2-300x200.jpg","large":"https:\/\/diarioprincipios.com\/wp-content\/uploads\/2022\/03\/EN-BERAZATEGUI-CRECE-EL-PROYECTO-DE-COMPOSTAJE-2-1024x683.jpg"},"ams_acf":[],"yoast_head":"<!-- This site is optimized with the Yoast SEO plugin v27.3 - https:\/\/yoast.com\/product\/yoast-seo-wordpress\/ -->\n<title>Crece el Proyecto de Compostaje en Berazategui - Principios<\/title>\n<meta name=\"robots\" content=\"index, follow, max-snippet:-1, max-image-preview:large, max-video-preview:-1\" \/>\n<link rel=\"canonical\" href=\"https:\/\/diarioprincipios.com\/index.php\/2022\/03\/11\/crece-el-proyecto-de-compostaje-en-berazategui\/\" \/>\n<meta property=\"og:locale\" content=\"es_ES\" \/>\n<meta property=\"og:type\" content=\"article\" \/>\n<meta property=\"og:title\" content=\"Crece el Proyecto de Compostaje en Berazategui - Principios\" \/>\n<meta property=\"og:description\" content=\"La Municipalidad de Berazategui lleva a cabo un proyecto de compostaje mediante un trabajo coordinado entre la Secretar\u00eda de Organizaciones No Gubernamentales (ONG) y la Direcci\u00f3n de Ambiente y Desarrollo Sustentable. De esta manera, y con el objetivo de seguir generando conciencia sobre la importancia del cuidado del ambiente, en el Centro de Acopio y...\" \/>\n<meta property=\"og:url\" content=\"https:\/\/diarioprincipios.com\/index.php\/2022\/03\/11\/crece-el-proyecto-de-compostaje-en-berazategui\/\" \/>\n<meta property=\"og:site_name\" content=\"Principios\" \/>\n<meta property=\"article:published_time\" content=\"2022-03-11T14:59:44+00:00\" \/>\n<meta property=\"article:modified_time\" content=\"2022-03-11T14:59:50+00:00\" \/>\n<meta property=\"og:image\" content=\"https:\/\/diarioprincipios.com\/wp-content\/uploads\/2022\/03\/EN-BERAZATEGUI-CRECE-EL-PROYECTO-DE-COMPOSTAJE-2.jpg\" \/>\n\t<meta property=\"og:image:width\" content=\"1920\" \/>\n\t<meta property=\"og:image:height\" content=\"1280\" \/>\n\t<meta property=\"og:image:type\" content=\"image\/jpeg\" \/>\n<meta name=\"author\" content=\"Hern\u00e1n L\u00f3pez\" \/>\n<meta name=\"twitter:card\" content=\"summary_large_image\" \/>\n<meta name=\"twitter:label1\" content=\"Escrito por\" \/>\n\t<meta name=\"twitter:data1\" content=\"Hern\u00e1n L\u00f3pez\" \/>\n\t<meta name=\"twitter:label2\" content=\"Tiempo de lectura\" \/>\n\t<meta name=\"twitter:data2\" content=\"2 minutos\" \/>\n<script type=\"application\/ld+json\" class=\"yoast-schema-graph\">{\"@context\":\"https:\\\/\\\/schema.org\",\"@graph\":[{\"@type\":\"Article\",\"@id\":\"https:\\\/\\\/diarioprincipios.com\\\/index.php\\\/2022\\\/03\\\/11\\\/crece-el-proyecto-de-compostaje-en-berazategui\\\/#article\",\"isPartOf\":{\"@id\":\"https:\\\/\\\/diarioprincipios.com\\\/index.php\\\/2022\\\/03\\\/11\\\/crece-el-proyecto-de-compostaje-en-berazategui\\\/\"},\"author\":{\"name\":\"Hern\u00e1n L\u00f3pez\",\"@id\":\"https:\\\/\\\/diarioprincipios.com\\\/#\\\/schema\\\/person\\\/436d5a1fd41a5e250e23ff5a6a7cb080\"},\"headline\":\"Crece el Proyecto de Compostaje en Berazategui\",\"datePublished\":\"2022-03-11T14:59:44+00:00\",\"dateModified\":\"2022-03-11T14:59:50+00:00\",\"mainEntityOfPage\":{\"@id\":\"https:\\\/\\\/diarioprincipios.com\\\/index.php\\\/2022\\\/03\\\/11\\\/crece-el-proyecto-de-compostaje-en-berazategui\\\/\"},\"wordCount\":387,\"commentCount\":0,\"publisher\":{\"@id\":\"https:\\\/\\\/diarioprincipios.com\\\/#organization\"},\"image\":{\"@id\":\"https:\\\/\\\/diarioprincipios.com\\\/index.php\\\/2022\\\/03\\\/11\\\/crece-el-proyecto-de-compostaje-en-berazategui\\\/#primaryimage\"},\"thumbnailUrl\":\"https:\\\/\\\/diarioprincipios.com\\\/wp-content\\\/uploads\\\/2022\\\/03\\\/EN-BERAZATEGUI-CRECE-EL-PROYECTO-DE-COMPOSTAJE-2.jpg\",\"articleSection\":[\"Berazategui\"],\"inLanguage\":\"es\",\"potentialAction\":[{\"@type\":\"CommentAction\",\"name\":\"Comment\",\"target\":[\"https:\\\/\\\/diarioprincipios.com\\\/index.php\\\/2022\\\/03\\\/11\\\/crece-el-proyecto-de-compostaje-en-berazategui\\\/#respond\"]}]},{\"@type\":\"WebPage\",\"@id\":\"https:\\\/\\\/diarioprincipios.com\\\/index.php\\\/2022\\\/03\\\/11\\\/crece-el-proyecto-de-compostaje-en-berazategui\\\/\",\"url\":\"https:\\\/\\\/diarioprincipios.com\\\/index.php\\\/2022\\\/03\\\/11\\\/crece-el-proyecto-de-compostaje-en-berazategui\\\/\",\"name\":\"Crece el Proyecto de Compostaje en Berazategui - Principios\",\"isPartOf\":{\"@id\":\"https:\\\/\\\/diarioprincipios.com\\\/#website\"},\"primaryImageOfPage\":{\"@id\":\"https:\\\/\\\/diarioprincipios.com\\\/index.php\\\/2022\\\/03\\\/11\\\/crece-el-proyecto-de-compostaje-en-berazategui\\\/#primaryimage\"},\"image\":{\"@id\":\"https:\\\/\\\/diarioprincipios.com\\\/index.php\\\/2022\\\/03\\\/11\\\/crece-el-proyecto-de-compostaje-en-berazategui\\\/#primaryimage\"},\"thumbnailUrl\":\"https:\\\/\\\/diarioprincipios.com\\\/wp-content\\\/uploads\\\/2022\\\/03\\\/EN-BERAZATEGUI-CRECE-EL-PROYECTO-DE-COMPOSTAJE-2.jpg\",\"datePublished\":\"2022-03-11T14:59:44+00:00\",\"dateModified\":\"2022-03-11T14:59:50+00:00\",\"breadcrumb\":{\"@id\":\"https:\\\/\\\/diarioprincipios.com\\\/index.php\\\/2022\\\/03\\\/11\\\/crece-el-proyecto-de-compostaje-en-berazategui\\\/#breadcrumb\"},\"inLanguage\":\"es\",\"potentialAction\":[{\"@type\":\"ReadAction\",\"target\":[\"https:\\\/\\\/diarioprincipios.com\\\/index.php\\\/2022\\\/03\\\/11\\\/crece-el-proyecto-de-compostaje-en-berazategui\\\/\"]}]},{\"@type\":\"ImageObject\",\"inLanguage\":\"es\",\"@id\":\"https:\\\/\\\/diarioprincipios.com\\\/index.php\\\/2022\\\/03\\\/11\\\/crece-el-proyecto-de-compostaje-en-berazategui\\\/#primaryimage\",\"url\":\"https:\\\/\\\/diarioprincipios.com\\\/wp-content\\\/uploads\\\/2022\\\/03\\\/EN-BERAZATEGUI-CRECE-EL-PROYECTO-DE-COMPOSTAJE-2.jpg\",\"contentUrl\":\"https:\\\/\\\/diarioprincipios.com\\\/wp-content\\\/uploads\\\/2022\\\/03\\\/EN-BERAZATEGUI-CRECE-EL-PROYECTO-DE-COMPOSTAJE-2.jpg\",\"width\":1920,\"height\":1280},{\"@type\":\"BreadcrumbList\",\"@id\":\"https:\\\/\\\/diarioprincipios.com\\\/index.php\\\/2022\\\/03\\\/11\\\/crece-el-proyecto-de-compostaje-en-berazategui\\\/#breadcrumb\",\"itemListElement\":[{\"@type\":\"ListItem\",\"position\":1,\"name\":\"Portada\",\"item\":\"https:\\\/\\\/diarioprincipios.com\\\/\"},{\"@type\":\"ListItem\",\"position\":2,\"name\":\"Crece el Proyecto de Compostaje en Berazategui\"}]},{\"@type\":\"WebSite\",\"@id\":\"https:\\\/\\\/diarioprincipios.com\\\/#website\",\"url\":\"https:\\\/\\\/diarioprincipios.com\\\/\",\"name\":\"Principios\",\"description\":\"Principios Diario\",\"publisher\":{\"@id\":\"https:\\\/\\\/diarioprincipios.com\\\/#organization\"},\"potentialAction\":[{\"@type\":\"SearchAction\",\"target\":{\"@type\":\"EntryPoint\",\"urlTemplate\":\"https:\\\/\\\/diarioprincipios.com\\\/?s={search_term_string}\"},\"query-input\":{\"@type\":\"PropertyValueSpecification\",\"valueRequired\":true,\"valueName\":\"search_term_string\"}}],\"inLanguage\":\"es\"},{\"@type\":\"Organization\",\"@id\":\"https:\\\/\\\/diarioprincipios.com\\\/#organization\",\"name\":\"Principios\",\"url\":\"https:\\\/\\\/diarioprincipios.com\\\/\",\"logo\":{\"@type\":\"ImageObject\",\"inLanguage\":\"es\",\"@id\":\"https:\\\/\\\/diarioprincipios.com\\\/#\\\/schema\\\/logo\\\/image\\\/\",\"url\":\"https:\\\/\\\/diarioprincipios.com\\\/wp-content\\\/uploads\\\/2024\\\/04\\\/cropped-www.diarioprincipios.com_-1.png\",\"contentUrl\":\"https:\\\/\\\/diarioprincipios.com\\\/wp-content\\\/uploads\\\/2024\\\/04\\\/cropped-www.diarioprincipios.com_-1.png\",\"width\":5325,\"height\":1454,\"caption\":\"Principios\"},\"image\":{\"@id\":\"https:\\\/\\\/diarioprincipios.com\\\/#\\\/schema\\\/logo\\\/image\\\/\"}},{\"@type\":\"Person\",\"@id\":\"https:\\\/\\\/diarioprincipios.com\\\/#\\\/schema\\\/person\\\/436d5a1fd41a5e250e23ff5a6a7cb080\",\"name\":\"Hern\u00e1n L\u00f3pez\",\"image\":{\"@type\":\"ImageObject\",\"inLanguage\":\"es\",\"@id\":\"https:\\\/\\\/diarioprincipios.com\\\/wp-content\\\/litespeed\\\/avatar\\\/11ddfe5610ff3bd100522525b2571f48.jpg?ver=1777048341\",\"url\":\"https:\\\/\\\/diarioprincipios.com\\\/wp-content\\\/litespeed\\\/avatar\\\/11ddfe5610ff3bd100522525b2571f48.jpg?ver=1777048341\",\"contentUrl\":\"https:\\\/\\\/diarioprincipios.com\\\/wp-content\\\/litespeed\\\/avatar\\\/11ddfe5610ff3bd100522525b2571f48.jpg?ver=1777048341\",\"caption\":\"Hern\u00e1n L\u00f3pez\"},\"url\":\"https:\\\/\\\/diarioprincipios.com\\\/index.php\\\/author\\\/hernan\\\/\"}]}<\/script>\n<!-- \/ Yoast SEO plugin. -->","yoast_head_json":{"title":"Crece el Proyecto de Compostaje en Berazategui - Principios","robots":{"index":"index","follow":"follow","max-snippet":"max-snippet:-1","max-image-preview":"max-image-preview:large","max-video-preview":"max-video-preview:-1"},"canonical":"https:\/\/diarioprincipios.com\/index.php\/2022\/03\/11\/crece-el-proyecto-de-compostaje-en-berazategui\/","og_locale":"es_ES","og_type":"article","og_title":"Crece el Proyecto de Compostaje en Berazategui - Principios","og_description":"La Municipalidad de Berazategui lleva a cabo un proyecto de compostaje mediante un trabajo coordinado entre la Secretar\u00eda de Organizaciones No Gubernamentales (ONG) y la Direcci\u00f3n de Ambiente y Desarrollo Sustentable. De esta manera, y con el objetivo de seguir generando conciencia sobre la importancia del cuidado del ambiente, en el Centro de Acopio y...","og_url":"https:\/\/diarioprincipios.com\/index.php\/2022\/03\/11\/crece-el-proyecto-de-compostaje-en-berazategui\/","og_site_name":"Principios","article_published_time":"2022-03-11T14:59:44+00:00","article_modified_time":"2022-03-11T14:59:50+00:00","og_image":[{"width":1920,"height":1280,"url":"https:\/\/diarioprincipios.com\/wp-content\/uploads\/2022\/03\/EN-BERAZATEGUI-CRECE-EL-PROYECTO-DE-COMPOSTAJE-2.jpg","type":"image\/jpeg"}],"author":"Hern\u00e1n L\u00f3pez","twitter_card":"summary_large_image","twitter_misc":{"Escrito por":"Hern\u00e1n L\u00f3pez","Tiempo de lectura":"2 minutos"},"schema":{"@context":"https:\/\/schema.org","@graph":[{"@type":"Article","@id":"https:\/\/diarioprincipios.com\/index.php\/2022\/03\/11\/crece-el-proyecto-de-compostaje-en-berazategui\/#article","isPartOf":{"@id":"https:\/\/diarioprincipios.com\/index.php\/2022\/03\/11\/crece-el-proyecto-de-compostaje-en-berazategui\/"},"author":{"name":"Hern\u00e1n L\u00f3pez","@id":"https:\/\/diarioprincipios.com\/#\/schema\/person\/436d5a1fd41a5e250e23ff5a6a7cb080"},"headline":"Crece el Proyecto de Compostaje en Berazategui","datePublished":"2022-03-11T14:59:44+00:00","dateModified":"2022-03-11T14:59:50+00:00","mainEntityOfPage":{"@id":"https:\/\/diarioprincipios.com\/index.php\/2022\/03\/11\/crece-el-proyecto-de-compostaje-en-berazategui\/"},"wordCount":387,"commentCount":0,"publisher":{"@id":"https:\/\/diarioprincipios.com\/#organization"},"image":{"@id":"https:\/\/diarioprincipios.com\/index.php\/2022\/03\/11\/crece-el-proyecto-de-compostaje-en-berazategui\/#primaryimage"},"thumbnailUrl":"https:\/\/diarioprincipios.com\/wp-content\/uploads\/2022\/03\/EN-BERAZATEGUI-CRECE-EL-PROYECTO-DE-COMPOSTAJE-2.jpg","articleSection":["Berazategui"],"inLanguage":"es","potentialAction":[{"@type":"CommentAction","name":"Comment","target":["https:\/\/diarioprincipios.com\/index.php\/2022\/03\/11\/crece-el-proyecto-de-compostaje-en-berazategui\/#respond"]}]},{"@type":"WebPage","@id":"https:\/\/diarioprincipios.com\/index.php\/2022\/03\/11\/crece-el-proyecto-de-compostaje-en-berazategui\/","url":"https:\/\/diarioprincipios.com\/index.php\/2022\/03\/11\/crece-el-proyecto-de-compostaje-en-berazategui\/","name":"Crece el Proyecto de Compostaje en Berazategui - Principios","isPartOf":{"@id":"https:\/\/diarioprincipios.com\/#website"},"primaryImageOfPage":{"@id":"https:\/\/diarioprincipios.com\/index.php\/2022\/03\/11\/crece-el-proyecto-de-compostaje-en-berazategui\/#primaryimage"},"image":{"@id":"https:\/\/diarioprincipios.com\/index.php\/2022\/03\/11\/crece-el-proyecto-de-compostaje-en-berazategui\/#primaryimage"},"thumbnailUrl":"https:\/\/diarioprincipios.com\/wp-content\/uploads\/2022\/03\/EN-BERAZATEGUI-CRECE-EL-PROYECTO-DE-COMPOSTAJE-2.jpg","datePublished":"2022-03-11T14:59:44+00:00","dateModified":"2022-03-11T14:59:50+00:00","breadcrumb":{"@id":"https:\/\/diarioprincipios.com\/index.php\/2022\/03\/11\/crece-el-proyecto-de-compostaje-en-berazategui\/#breadcrumb"},"inLanguage":"es","potentialAction":[{"@type":"ReadAction","target":["https:\/\/diarioprincipios.com\/index.php\/2022\/03\/11\/crece-el-proyecto-de-compostaje-en-berazategui\/"]}]},{"@type":"ImageObject","inLanguage":"es","@id":"https:\/\/diarioprincipios.com\/index.php\/2022\/03\/11\/crece-el-proyecto-de-compostaje-en-berazategui\/#primaryimage","url":"https:\/\/diarioprincipios.com\/wp-content\/uploads\/2022\/03\/EN-BERAZATEGUI-CRECE-EL-PROYECTO-DE-COMPOSTAJE-2.jpg","contentUrl":"https:\/\/diarioprincipios.com\/wp-content\/uploads\/2022\/03\/EN-BERAZATEGUI-CRECE-EL-PROYECTO-DE-COMPOSTAJE-2.jpg","width":1920,"height":1280},{"@type":"BreadcrumbList","@id":"https:\/\/diarioprincipios.com\/index.php\/2022\/03\/11\/crece-el-proyecto-de-compostaje-en-berazategui\/#breadcrumb","itemListElement":[{"@type":"ListItem","position":1,"name":"Portada","item":"https:\/\/diarioprincipios.com\/"},{"@type":"ListItem","position":2,"name":"Crece el Proyecto de Compostaje en Berazategui"}]},{"@type":"WebSite","@id":"https:\/\/diarioprincipios.com\/#website","url":"https:\/\/diarioprincipios.com\/","name":"Principios","description":"Principios Diario","publisher":{"@id":"https:\/\/diarioprincipios.com\/#organization"},"potentialAction":[{"@type":"SearchAction","target":{"@type":"EntryPoint","urlTemplate":"https:\/\/diarioprincipios.com\/?s={search_term_string}"},"query-input":{"@type":"PropertyValueSpecification","valueRequired":true,"valueName":"search_term_string"}}],"inLanguage":"es"},{"@type":"Organization","@id":"https:\/\/diarioprincipios.com\/#organization","name":"Principios","url":"https:\/\/diarioprincipios.com\/","logo":{"@type":"ImageObject","inLanguage":"es","@id":"https:\/\/diarioprincipios.com\/#\/schema\/logo\/image\/","url":"https:\/\/diarioprincipios.com\/wp-content\/uploads\/2024\/04\/cropped-www.diarioprincipios.com_-1.png","contentUrl":"https:\/\/diarioprincipios.com\/wp-content\/uploads\/2024\/04\/cropped-www.diarioprincipios.com_-1.png","width":5325,"height":1454,"caption":"Principios"},"image":{"@id":"https:\/\/diarioprincipios.com\/#\/schema\/logo\/image\/"}},{"@type":"Person","@id":"https:\/\/diarioprincipios.com\/#\/schema\/person\/436d5a1fd41a5e250e23ff5a6a7cb080","name":"Hern\u00e1n L\u00f3pez","image":{"@type":"ImageObject","inLanguage":"es","@id":"https:\/\/diarioprincipios.com\/wp-content\/litespeed\/avatar\/11ddfe5610ff3bd100522525b2571f48.jpg?ver=1777048341","url":"https:\/\/diarioprincipios.com\/wp-content\/litespeed\/avatar\/11ddfe5610ff3bd100522525b2571f48.jpg?ver=1777048341","contentUrl":"https:\/\/diarioprincipios.com\/wp-content\/litespeed\/avatar\/11ddfe5610ff3bd100522525b2571f48.jpg?ver=1777048341","caption":"Hern\u00e1n L\u00f3pez"},"url":"https:\/\/diarioprincipios.com\/index.php\/author\/hernan\/"}]}},"jetpack_featured_media_url":"https:\/\/diarioprincipios.com\/wp-content\/uploads\/2022\/03\/EN-BERAZATEGUI-CRECE-EL-PROYECTO-DE-COMPOSTAJE-2.jpg","_links":{"self":[{"href":"https:\/\/diarioprincipios.com\/index.php\/wp-json\/wp\/v2\/posts\/12982","targetHints":{"allow":["GET"]}}],"collection":[{"href":"https:\/\/diarioprincipios.com\/index.php\/wp-json\/wp\/v2\/posts"}],"about":[{"href":"https:\/\/diarioprincipios.com\/index.php\/wp-json\/wp\/v2\/types\/post"}],"author":[{"embeddable":true,"href":"https:\/\/diarioprincipios.com\/index.php\/wp-json\/wp\/v2\/users\/2"}],"replies":[{"embeddable":true,"href":"https:\/\/diarioprincipios.com\/index.php\/wp-json\/wp\/v2\/comments?post=12982"}],"version-history":[{"count":1,"href":"https:\/\/diarioprincipios.com\/index.php\/wp-json\/wp\/v2\/posts\/12982\/revisions"}],"predecessor-version":[{"id":12985,"href":"https:\/\/diarioprincipios.com\/index.php\/wp-json\/wp\/v2\/posts\/12982\/revisions\/12985"}],"wp:featuredmedia":[{"embeddable":true,"href":"https:\/\/diarioprincipios.com\/index.php\/wp-json\/wp\/v2\/media\/12984"}],"wp:attachment":[{"href":"https:\/\/diarioprincipios.com\/index.php\/wp-json\/wp\/v2\/media?parent=12982"}],"wp:term":[{"taxonomy":"category","embeddable":true,"href":"https:\/\/diarioprincipios.com\/index.php\/wp-json\/wp\/v2\/categories?post=12982"},{"taxonomy":"post_tag","embeddable":true,"href":"https:\/\/diarioprincipios.com\/index.php\/wp-json\/wp\/v2\/tags?post=12982"}],"curies":[{"name":"wp","href":"https:\/\/api.w.org\/{rel}","templated":true}]}}