{"id":12978,"date":"2022-03-11T11:54:14","date_gmt":"2022-03-11T14:54:14","guid":{"rendered":"http:\/\/diarioprincipios.com\/?p=12978"},"modified":"2022-03-11T11:54:21","modified_gmt":"2022-03-11T14:54:21","slug":"gran-fiesta-popular-en-las-finales-de-la-copa-avellaneda-futsal","status":"publish","type":"post","link":"https:\/\/diarioprincipios.com\/index.php\/2022\/03\/11\/gran-fiesta-popular-en-las-finales-de-la-copa-avellaneda-futsal\/","title":{"rendered":"Gran fiesta popular en las finales de la Copa Avellaneda Futsal"},"content":{"rendered":"\n<p>Racing Club se consagr\u00f3 campe\u00f3n tanto en la rama femenina como masculina, en la primera edici\u00f3n de este torneo organizado por la Capital Nacional del F\u00fatbol.<\/p>\n\n\n\n<p>Con una enorme concurrencia y dos grandes partidos, lleg\u00f3 a su cierre la primera edici\u00f3n de la Copa Avellaneda Futsal.<\/p>\n\n\n\n<p>En el microestadio de Racing Club, se llevaron adelante las finales de la rama femenina y masculina, ante una multitud de vecinos y vecinas que le dieron un marco inmejorable a esta jornada.<\/p>\n\n\n\n<p>En primer t\u00e9rmino las chicas de Racing vencieron por 4 a 0 a las de Independiente, en un cl\u00e1sico que las consagr\u00f3 campeonas frente a su gente, que ocup\u00f3 gran parte de las tribunas.<\/p>\n\n\n\n<figure class=\"wp-block-image size-large\"><img loading=\"lazy\" decoding=\"async\" width=\"1024\" height=\"681\" src=\"https:\/\/diarioprincipios.com\/wp-content\/uploads\/2022\/03\/FNiN7HzXMAIseHa-1024x681.jpg\" alt=\"\" class=\"wp-image-12979\" srcset=\"https:\/\/diarioprincipios.com\/wp-content\/uploads\/2022\/03\/FNiN7HzXMAIseHa-1024x681.jpg 1024w, https:\/\/diarioprincipios.com\/wp-content\/uploads\/2022\/03\/FNiN7HzXMAIseHa-300x199.jpg 300w, https:\/\/diarioprincipios.com\/wp-content\/uploads\/2022\/03\/FNiN7HzXMAIseHa-768x511.jpg 768w, https:\/\/diarioprincipios.com\/wp-content\/uploads\/2022\/03\/FNiN7HzXMAIseHa.jpg 1080w\" sizes=\"auto, (max-width: 1024px) 100vw, 1024px\" \/><\/figure>\n\n\n\n<p>Luego, en un partido vibrante y que se empat\u00f3 a segundos del cierre, el equipo masculino de Racing venci\u00f3 a su par de Arsenal por 4 a 2 en la definici\u00f3n por penales, luego de empatar 7 a 7 en el tiempo regular.<\/p>\n\n\n\n<p>De la Copa Avellaneda Futsal participaron decenas de clubes de barrio en su fase inicial y los mejor clasificados avanzaron a esta fase final, en la que se sumaron los equipos afiliados a AFA de nuestra ciudad.<\/p>\n\n\n\n<p>Estuvieron presentes, observando los partidos y participando de la premiaci\u00f3n, el ministro de Desarrollo Territorial y H\u00e1bitat, Jorge Ferraresi; el subsecretario de Deportes de la Naci\u00f3n, Sergio Palmas; el intendente de Avellaneda, Alejo Chornobroff y la jefa de Gabinete, Magdalena Sierra, quien durante su gesti\u00f3n como diputada nacional fue la impulsora del proyecto de ley que declar\u00f3 a Avellaneda como la Capital Nacional del F\u00fatbol.<\/p>\n","protected":false},"excerpt":{"rendered":"<p>Racing Club se consagr\u00f3 campe\u00f3n tanto en la rama femenina como masculina, en la primera edici\u00f3n de este torneo organizado por la Capital Nacional del F\u00fatbol. Con una enorme concurrencia y dos grandes partidos, lleg\u00f3 a su cierre la primera edici\u00f3n de la Copa Avellaneda Futsal. En el microestadio de Racing Club, se llevaron adelante&#8230;<\/p>\n","protected":false},"author":2,"featured_media":12980,"comment_status":"open","ping_status":"open","sticky":false,"template":"","format":"standard","meta":{"footnotes":""},"categories":[6],"tags":[],"class_list":["post-12978","post","type-post","status-publish","format-standard","has-post-thumbnail","hentry","category-deportes"],"featured_image_src":"https:\/\/diarioprincipios.com\/wp-content\/uploads\/2022\/03\/FNiXKL8XwCM0gwZ-1024x682.jpg","blog_images":{"medium":"https:\/\/diarioprincipios.com\/wp-content\/uploads\/2022\/03\/FNiXKL8XwCM0gwZ-300x200.jpg","large":"https:\/\/diarioprincipios.com\/wp-content\/uploads\/2022\/03\/FNiXKL8XwCM0gwZ-1024x682.jpg"},"ams_acf":[],"yoast_head":"<!-- This site is optimized with the Yoast SEO plugin v27.3 - https:\/\/yoast.com\/product\/yoast-seo-wordpress\/ -->\n<title>Gran fiesta popular en las finales de la Copa Avellaneda Futsal - Principios<\/title>\n<meta name=\"robots\" content=\"index, follow, max-snippet:-1, max-image-preview:large, max-video-preview:-1\" \/>\n<link rel=\"canonical\" href=\"https:\/\/diarioprincipios.com\/index.php\/2022\/03\/11\/gran-fiesta-popular-en-las-finales-de-la-copa-avellaneda-futsal\/\" \/>\n<meta property=\"og:locale\" content=\"es_ES\" \/>\n<meta property=\"og:type\" content=\"article\" \/>\n<meta property=\"og:title\" content=\"Gran fiesta popular en las finales de la Copa Avellaneda Futsal - Principios\" \/>\n<meta property=\"og:description\" content=\"Racing Club se consagr\u00f3 campe\u00f3n tanto en la rama femenina como masculina, en la primera edici\u00f3n de este torneo organizado por la Capital Nacional del F\u00fatbol. Con una enorme concurrencia y dos grandes partidos, lleg\u00f3 a su cierre la primera edici\u00f3n de la Copa Avellaneda Futsal. En el microestadio de Racing Club, se llevaron adelante...\" \/>\n<meta property=\"og:url\" content=\"https:\/\/diarioprincipios.com\/index.php\/2022\/03\/11\/gran-fiesta-popular-en-las-finales-de-la-copa-avellaneda-futsal\/\" \/>\n<meta property=\"og:site_name\" content=\"Principios\" \/>\n<meta property=\"article:published_time\" content=\"2022-03-11T14:54:14+00:00\" \/>\n<meta property=\"article:modified_time\" content=\"2022-03-11T14:54:21+00:00\" \/>\n<meta property=\"og:image\" content=\"https:\/\/diarioprincipios.com\/wp-content\/uploads\/2022\/03\/FNiXKL8XwCM0gwZ.jpg\" \/>\n\t<meta property=\"og:image:width\" content=\"1440\" \/>\n\t<meta property=\"og:image:height\" content=\"959\" \/>\n\t<meta property=\"og:image:type\" content=\"image\/jpeg\" \/>\n<meta name=\"author\" content=\"Hern\u00e1n L\u00f3pez\" \/>\n<meta name=\"twitter:card\" content=\"summary_large_image\" \/>\n<meta name=\"twitter:label1\" content=\"Escrito por\" \/>\n\t<meta name=\"twitter:data1\" content=\"Hern\u00e1n L\u00f3pez\" \/>\n\t<meta name=\"twitter:label2\" content=\"Tiempo de lectura\" \/>\n\t<meta name=\"twitter:data2\" content=\"2 minutos\" \/>\n<script type=\"application\/ld+json\" class=\"yoast-schema-graph\">{\"@context\":\"https:\\\/\\\/schema.org\",\"@graph\":[{\"@type\":\"Article\",\"@id\":\"https:\\\/\\\/diarioprincipios.com\\\/index.php\\\/2022\\\/03\\\/11\\\/gran-fiesta-popular-en-las-finales-de-la-copa-avellaneda-futsal\\\/#article\",\"isPartOf\":{\"@id\":\"https:\\\/\\\/diarioprincipios.com\\\/index.php\\\/2022\\\/03\\\/11\\\/gran-fiesta-popular-en-las-finales-de-la-copa-avellaneda-futsal\\\/\"},\"author\":{\"name\":\"Hern\u00e1n L\u00f3pez\",\"@id\":\"https:\\\/\\\/diarioprincipios.com\\\/#\\\/schema\\\/person\\\/436d5a1fd41a5e250e23ff5a6a7cb080\"},\"headline\":\"Gran fiesta popular en las finales de la Copa Avellaneda Futsal\",\"datePublished\":\"2022-03-11T14:54:14+00:00\",\"dateModified\":\"2022-03-11T14:54:21+00:00\",\"mainEntityOfPage\":{\"@id\":\"https:\\\/\\\/diarioprincipios.com\\\/index.php\\\/2022\\\/03\\\/11\\\/gran-fiesta-popular-en-las-finales-de-la-copa-avellaneda-futsal\\\/\"},\"wordCount\":275,\"commentCount\":0,\"publisher\":{\"@id\":\"https:\\\/\\\/diarioprincipios.com\\\/#organization\"},\"image\":{\"@id\":\"https:\\\/\\\/diarioprincipios.com\\\/index.php\\\/2022\\\/03\\\/11\\\/gran-fiesta-popular-en-las-finales-de-la-copa-avellaneda-futsal\\\/#primaryimage\"},\"thumbnailUrl\":\"https:\\\/\\\/diarioprincipios.com\\\/wp-content\\\/uploads\\\/2022\\\/03\\\/FNiXKL8XwCM0gwZ.jpg\",\"articleSection\":[\"Deportes\"],\"inLanguage\":\"es\",\"potentialAction\":[{\"@type\":\"CommentAction\",\"name\":\"Comment\",\"target\":[\"https:\\\/\\\/diarioprincipios.com\\\/index.php\\\/2022\\\/03\\\/11\\\/gran-fiesta-popular-en-las-finales-de-la-copa-avellaneda-futsal\\\/#respond\"]}]},{\"@type\":\"WebPage\",\"@id\":\"https:\\\/\\\/diarioprincipios.com\\\/index.php\\\/2022\\\/03\\\/11\\\/gran-fiesta-popular-en-las-finales-de-la-copa-avellaneda-futsal\\\/\",\"url\":\"https:\\\/\\\/diarioprincipios.com\\\/index.php\\\/2022\\\/03\\\/11\\\/gran-fiesta-popular-en-las-finales-de-la-copa-avellaneda-futsal\\\/\",\"name\":\"Gran fiesta popular en las finales de la Copa Avellaneda Futsal - Principios\",\"isPartOf\":{\"@id\":\"https:\\\/\\\/diarioprincipios.com\\\/#website\"},\"primaryImageOfPage\":{\"@id\":\"https:\\\/\\\/diarioprincipios.com\\\/index.php\\\/2022\\\/03\\\/11\\\/gran-fiesta-popular-en-las-finales-de-la-copa-avellaneda-futsal\\\/#primaryimage\"},\"image\":{\"@id\":\"https:\\\/\\\/diarioprincipios.com\\\/index.php\\\/2022\\\/03\\\/11\\\/gran-fiesta-popular-en-las-finales-de-la-copa-avellaneda-futsal\\\/#primaryimage\"},\"thumbnailUrl\":\"https:\\\/\\\/diarioprincipios.com\\\/wp-content\\\/uploads\\\/2022\\\/03\\\/FNiXKL8XwCM0gwZ.jpg\",\"datePublished\":\"2022-03-11T14:54:14+00:00\",\"dateModified\":\"2022-03-11T14:54:21+00:00\",\"breadcrumb\":{\"@id\":\"https:\\\/\\\/diarioprincipios.com\\\/index.php\\\/2022\\\/03\\\/11\\\/gran-fiesta-popular-en-las-finales-de-la-copa-avellaneda-futsal\\\/#breadcrumb\"},\"inLanguage\":\"es\",\"potentialAction\":[{\"@type\":\"ReadAction\",\"target\":[\"https:\\\/\\\/diarioprincipios.com\\\/index.php\\\/2022\\\/03\\\/11\\\/gran-fiesta-popular-en-las-finales-de-la-copa-avellaneda-futsal\\\/\"]}]},{\"@type\":\"ImageObject\",\"inLanguage\":\"es\",\"@id\":\"https:\\\/\\\/diarioprincipios.com\\\/index.php\\\/2022\\\/03\\\/11\\\/gran-fiesta-popular-en-las-finales-de-la-copa-avellaneda-futsal\\\/#primaryimage\",\"url\":\"https:\\\/\\\/diarioprincipios.com\\\/wp-content\\\/uploads\\\/2022\\\/03\\\/FNiXKL8XwCM0gwZ.jpg\",\"contentUrl\":\"https:\\\/\\\/diarioprincipios.com\\\/wp-content\\\/uploads\\\/2022\\\/03\\\/FNiXKL8XwCM0gwZ.jpg\",\"width\":1440,\"height\":959},{\"@type\":\"BreadcrumbList\",\"@id\":\"https:\\\/\\\/diarioprincipios.com\\\/index.php\\\/2022\\\/03\\\/11\\\/gran-fiesta-popular-en-las-finales-de-la-copa-avellaneda-futsal\\\/#breadcrumb\",\"itemListElement\":[{\"@type\":\"ListItem\",\"position\":1,\"name\":\"Portada\",\"item\":\"https:\\\/\\\/diarioprincipios.com\\\/\"},{\"@type\":\"ListItem\",\"position\":2,\"name\":\"Gran fiesta popular en las finales de la Copa Avellaneda Futsal\"}]},{\"@type\":\"WebSite\",\"@id\":\"https:\\\/\\\/diarioprincipios.com\\\/#website\",\"url\":\"https:\\\/\\\/diarioprincipios.com\\\/\",\"name\":\"Principios\",\"description\":\"Principios Diario\",\"publisher\":{\"@id\":\"https:\\\/\\\/diarioprincipios.com\\\/#organization\"},\"potentialAction\":[{\"@type\":\"SearchAction\",\"target\":{\"@type\":\"EntryPoint\",\"urlTemplate\":\"https:\\\/\\\/diarioprincipios.com\\\/?s={search_term_string}\"},\"query-input\":{\"@type\":\"PropertyValueSpecification\",\"valueRequired\":true,\"valueName\":\"search_term_string\"}}],\"inLanguage\":\"es\"},{\"@type\":\"Organization\",\"@id\":\"https:\\\/\\\/diarioprincipios.com\\\/#organization\",\"name\":\"Principios\",\"url\":\"https:\\\/\\\/diarioprincipios.com\\\/\",\"logo\":{\"@type\":\"ImageObject\",\"inLanguage\":\"es\",\"@id\":\"https:\\\/\\\/diarioprincipios.com\\\/#\\\/schema\\\/logo\\\/image\\\/\",\"url\":\"https:\\\/\\\/diarioprincipios.com\\\/wp-content\\\/uploads\\\/2024\\\/04\\\/cropped-www.diarioprincipios.com_-1.png\",\"contentUrl\":\"https:\\\/\\\/diarioprincipios.com\\\/wp-content\\\/uploads\\\/2024\\\/04\\\/cropped-www.diarioprincipios.com_-1.png\",\"width\":5325,\"height\":1454,\"caption\":\"Principios\"},\"image\":{\"@id\":\"https:\\\/\\\/diarioprincipios.com\\\/#\\\/schema\\\/logo\\\/image\\\/\"}},{\"@type\":\"Person\",\"@id\":\"https:\\\/\\\/diarioprincipios.com\\\/#\\\/schema\\\/person\\\/436d5a1fd41a5e250e23ff5a6a7cb080\",\"name\":\"Hern\u00e1n L\u00f3pez\",\"image\":{\"@type\":\"ImageObject\",\"inLanguage\":\"es\",\"@id\":\"https:\\\/\\\/diarioprincipios.com\\\/wp-content\\\/litespeed\\\/avatar\\\/11ddfe5610ff3bd100522525b2571f48.jpg?ver=1777048341\",\"url\":\"https:\\\/\\\/diarioprincipios.com\\\/wp-content\\\/litespeed\\\/avatar\\\/11ddfe5610ff3bd100522525b2571f48.jpg?ver=1777048341\",\"contentUrl\":\"https:\\\/\\\/diarioprincipios.com\\\/wp-content\\\/litespeed\\\/avatar\\\/11ddfe5610ff3bd100522525b2571f48.jpg?ver=1777048341\",\"caption\":\"Hern\u00e1n L\u00f3pez\"},\"url\":\"https:\\\/\\\/diarioprincipios.com\\\/index.php\\\/author\\\/hernan\\\/\"}]}<\/script>\n<!-- \/ Yoast SEO plugin. -->","yoast_head_json":{"title":"Gran fiesta popular en las finales de la Copa Avellaneda Futsal - Principios","robots":{"index":"index","follow":"follow","max-snippet":"max-snippet:-1","max-image-preview":"max-image-preview:large","max-video-preview":"max-video-preview:-1"},"canonical":"https:\/\/diarioprincipios.com\/index.php\/2022\/03\/11\/gran-fiesta-popular-en-las-finales-de-la-copa-avellaneda-futsal\/","og_locale":"es_ES","og_type":"article","og_title":"Gran fiesta popular en las finales de la Copa Avellaneda Futsal - Principios","og_description":"Racing Club se consagr\u00f3 campe\u00f3n tanto en la rama femenina como masculina, en la primera edici\u00f3n de este torneo organizado por la Capital Nacional del F\u00fatbol. Con una enorme concurrencia y dos grandes partidos, lleg\u00f3 a su cierre la primera edici\u00f3n de la Copa Avellaneda Futsal. En el microestadio de Racing Club, se llevaron adelante...","og_url":"https:\/\/diarioprincipios.com\/index.php\/2022\/03\/11\/gran-fiesta-popular-en-las-finales-de-la-copa-avellaneda-futsal\/","og_site_name":"Principios","article_published_time":"2022-03-11T14:54:14+00:00","article_modified_time":"2022-03-11T14:54:21+00:00","og_image":[{"width":1440,"height":959,"url":"https:\/\/diarioprincipios.com\/wp-content\/uploads\/2022\/03\/FNiXKL8XwCM0gwZ.jpg","type":"image\/jpeg"}],"author":"Hern\u00e1n L\u00f3pez","twitter_card":"summary_large_image","twitter_misc":{"Escrito por":"Hern\u00e1n L\u00f3pez","Tiempo de lectura":"2 minutos"},"schema":{"@context":"https:\/\/schema.org","@graph":[{"@type":"Article","@id":"https:\/\/diarioprincipios.com\/index.php\/2022\/03\/11\/gran-fiesta-popular-en-las-finales-de-la-copa-avellaneda-futsal\/#article","isPartOf":{"@id":"https:\/\/diarioprincipios.com\/index.php\/2022\/03\/11\/gran-fiesta-popular-en-las-finales-de-la-copa-avellaneda-futsal\/"},"author":{"name":"Hern\u00e1n L\u00f3pez","@id":"https:\/\/diarioprincipios.com\/#\/schema\/person\/436d5a1fd41a5e250e23ff5a6a7cb080"},"headline":"Gran fiesta popular en las finales de la Copa Avellaneda Futsal","datePublished":"2022-03-11T14:54:14+00:00","dateModified":"2022-03-11T14:54:21+00:00","mainEntityOfPage":{"@id":"https:\/\/diarioprincipios.com\/index.php\/2022\/03\/11\/gran-fiesta-popular-en-las-finales-de-la-copa-avellaneda-futsal\/"},"wordCount":275,"commentCount":0,"publisher":{"@id":"https:\/\/diarioprincipios.com\/#organization"},"image":{"@id":"https:\/\/diarioprincipios.com\/index.php\/2022\/03\/11\/gran-fiesta-popular-en-las-finales-de-la-copa-avellaneda-futsal\/#primaryimage"},"thumbnailUrl":"https:\/\/diarioprincipios.com\/wp-content\/uploads\/2022\/03\/FNiXKL8XwCM0gwZ.jpg","articleSection":["Deportes"],"inLanguage":"es","potentialAction":[{"@type":"CommentAction","name":"Comment","target":["https:\/\/diarioprincipios.com\/index.php\/2022\/03\/11\/gran-fiesta-popular-en-las-finales-de-la-copa-avellaneda-futsal\/#respond"]}]},{"@type":"WebPage","@id":"https:\/\/diarioprincipios.com\/index.php\/2022\/03\/11\/gran-fiesta-popular-en-las-finales-de-la-copa-avellaneda-futsal\/","url":"https:\/\/diarioprincipios.com\/index.php\/2022\/03\/11\/gran-fiesta-popular-en-las-finales-de-la-copa-avellaneda-futsal\/","name":"Gran fiesta popular en las finales de la Copa Avellaneda Futsal - Principios","isPartOf":{"@id":"https:\/\/diarioprincipios.com\/#website"},"primaryImageOfPage":{"@id":"https:\/\/diarioprincipios.com\/index.php\/2022\/03\/11\/gran-fiesta-popular-en-las-finales-de-la-copa-avellaneda-futsal\/#primaryimage"},"image":{"@id":"https:\/\/diarioprincipios.com\/index.php\/2022\/03\/11\/gran-fiesta-popular-en-las-finales-de-la-copa-avellaneda-futsal\/#primaryimage"},"thumbnailUrl":"https:\/\/diarioprincipios.com\/wp-content\/uploads\/2022\/03\/FNiXKL8XwCM0gwZ.jpg","datePublished":"2022-03-11T14:54:14+00:00","dateModified":"2022-03-11T14:54:21+00:00","breadcrumb":{"@id":"https:\/\/diarioprincipios.com\/index.php\/2022\/03\/11\/gran-fiesta-popular-en-las-finales-de-la-copa-avellaneda-futsal\/#breadcrumb"},"inLanguage":"es","potentialAction":[{"@type":"ReadAction","target":["https:\/\/diarioprincipios.com\/index.php\/2022\/03\/11\/gran-fiesta-popular-en-las-finales-de-la-copa-avellaneda-futsal\/"]}]},{"@type":"ImageObject","inLanguage":"es","@id":"https:\/\/diarioprincipios.com\/index.php\/2022\/03\/11\/gran-fiesta-popular-en-las-finales-de-la-copa-avellaneda-futsal\/#primaryimage","url":"https:\/\/diarioprincipios.com\/wp-content\/uploads\/2022\/03\/FNiXKL8XwCM0gwZ.jpg","contentUrl":"https:\/\/diarioprincipios.com\/wp-content\/uploads\/2022\/03\/FNiXKL8XwCM0gwZ.jpg","width":1440,"height":959},{"@type":"BreadcrumbList","@id":"https:\/\/diarioprincipios.com\/index.php\/2022\/03\/11\/gran-fiesta-popular-en-las-finales-de-la-copa-avellaneda-futsal\/#breadcrumb","itemListElement":[{"@type":"ListItem","position":1,"name":"Portada","item":"https:\/\/diarioprincipios.com\/"},{"@type":"ListItem","position":2,"name":"Gran fiesta popular en las finales de la Copa Avellaneda Futsal"}]},{"@type":"WebSite","@id":"https:\/\/diarioprincipios.com\/#website","url":"https:\/\/diarioprincipios.com\/","name":"Principios","description":"Principios Diario","publisher":{"@id":"https:\/\/diarioprincipios.com\/#organization"},"potentialAction":[{"@type":"SearchAction","target":{"@type":"EntryPoint","urlTemplate":"https:\/\/diarioprincipios.com\/?s={search_term_string}"},"query-input":{"@type":"PropertyValueSpecification","valueRequired":true,"valueName":"search_term_string"}}],"inLanguage":"es"},{"@type":"Organization","@id":"https:\/\/diarioprincipios.com\/#organization","name":"Principios","url":"https:\/\/diarioprincipios.com\/","logo":{"@type":"ImageObject","inLanguage":"es","@id":"https:\/\/diarioprincipios.com\/#\/schema\/logo\/image\/","url":"https:\/\/diarioprincipios.com\/wp-content\/uploads\/2024\/04\/cropped-www.diarioprincipios.com_-1.png","contentUrl":"https:\/\/diarioprincipios.com\/wp-content\/uploads\/2024\/04\/cropped-www.diarioprincipios.com_-1.png","width":5325,"height":1454,"caption":"Principios"},"image":{"@id":"https:\/\/diarioprincipios.com\/#\/schema\/logo\/image\/"}},{"@type":"Person","@id":"https:\/\/diarioprincipios.com\/#\/schema\/person\/436d5a1fd41a5e250e23ff5a6a7cb080","name":"Hern\u00e1n L\u00f3pez","image":{"@type":"ImageObject","inLanguage":"es","@id":"https:\/\/diarioprincipios.com\/wp-content\/litespeed\/avatar\/11ddfe5610ff3bd100522525b2571f48.jpg?ver=1777048341","url":"https:\/\/diarioprincipios.com\/wp-content\/litespeed\/avatar\/11ddfe5610ff3bd100522525b2571f48.jpg?ver=1777048341","contentUrl":"https:\/\/diarioprincipios.com\/wp-content\/litespeed\/avatar\/11ddfe5610ff3bd100522525b2571f48.jpg?ver=1777048341","caption":"Hern\u00e1n L\u00f3pez"},"url":"https:\/\/diarioprincipios.com\/index.php\/author\/hernan\/"}]}},"jetpack_featured_media_url":"https:\/\/diarioprincipios.com\/wp-content\/uploads\/2022\/03\/FNiXKL8XwCM0gwZ.jpg","_links":{"self":[{"href":"https:\/\/diarioprincipios.com\/index.php\/wp-json\/wp\/v2\/posts\/12978","targetHints":{"allow":["GET"]}}],"collection":[{"href":"https:\/\/diarioprincipios.com\/index.php\/wp-json\/wp\/v2\/posts"}],"about":[{"href":"https:\/\/diarioprincipios.com\/index.php\/wp-json\/wp\/v2\/types\/post"}],"author":[{"embeddable":true,"href":"https:\/\/diarioprincipios.com\/index.php\/wp-json\/wp\/v2\/users\/2"}],"replies":[{"embeddable":true,"href":"https:\/\/diarioprincipios.com\/index.php\/wp-json\/wp\/v2\/comments?post=12978"}],"version-history":[{"count":1,"href":"https:\/\/diarioprincipios.com\/index.php\/wp-json\/wp\/v2\/posts\/12978\/revisions"}],"predecessor-version":[{"id":12981,"href":"https:\/\/diarioprincipios.com\/index.php\/wp-json\/wp\/v2\/posts\/12978\/revisions\/12981"}],"wp:featuredmedia":[{"embeddable":true,"href":"https:\/\/diarioprincipios.com\/index.php\/wp-json\/wp\/v2\/media\/12980"}],"wp:attachment":[{"href":"https:\/\/diarioprincipios.com\/index.php\/wp-json\/wp\/v2\/media?parent=12978"}],"wp:term":[{"taxonomy":"category","embeddable":true,"href":"https:\/\/diarioprincipios.com\/index.php\/wp-json\/wp\/v2\/categories?post=12978"},{"taxonomy":"post_tag","embeddable":true,"href":"https:\/\/diarioprincipios.com\/index.php\/wp-json\/wp\/v2\/tags?post=12978"}],"curies":[{"name":"wp","href":"https:\/\/api.w.org\/{rel}","templated":true}]}}