{"id":12971,"date":"2022-03-11T07:58:25","date_gmt":"2022-03-11T10:58:25","guid":{"rendered":"http:\/\/diarioprincipios.com\/?p=12971"},"modified":"2022-03-11T07:58:30","modified_gmt":"2022-03-11T10:58:30","slug":"importante-reunion-de-la-cgt-regional-en-la-sede-de-atsa","status":"publish","type":"post","link":"https:\/\/diarioprincipios.com\/index.php\/2022\/03\/11\/importante-reunion-de-la-cgt-regional-en-la-sede-de-atsa\/","title":{"rendered":"Importante reuni\u00f3n de la CGT Regional en la sede de ATSA"},"content":{"rendered":"\n<p>Con la presencia de 33 gremios nucleados dentro de la CGT Regional Quilmes, Berazategui y Fcio Varela, se realiz\u00f3 la reuni\u00f3n en las instalaciones de ATSA Quilmes (Sanidad) d\u00f3nde el Triunvirato integrado por Ricardo Romero, Andr\u00e9s Nikitiuk y Rub\u00e9n Zeballos recibieron a los gremios que est\u00e1n y a los que se siguen sumando, , entre ellos UTHGRA (Uni\u00f3n de Trabajadores del Turismo, Hoteleros y Gastron\u00f3micos de la Rca. Arg.) liderado en la Regi\u00f3n por su Secretario General Argentino \u00abTito\u00bb Geneiro, quien expuso al momento de hacer uso de la palabra, parte de la historia de \u00e9sta CGT Regional. Tambien se sum\u00f3 el Secretario General de SURyA (Remiseros) Alejandro Poli quien manifest\u00f3 y agradeci\u00f3 la invitaci\u00f3n a sumarse en la construcci\u00f3n de la unidad que lleva ya cinco a\u00f1os y medio. La CGT Regional cuenta hoy (con la nuevas incorporaciones) con 82 gremios que se comprometen a seguir alineados y unidos.<\/p>\n\n\n\n<figure class=\"wp-block-image size-large\"><img loading=\"lazy\" decoding=\"async\" width=\"1024\" height=\"472\" src=\"https:\/\/diarioprincipios.com\/wp-content\/uploads\/2022\/03\/IMG-20220310-WA0189-1024x472.jpg\" alt=\"\" class=\"wp-image-12972\" srcset=\"https:\/\/diarioprincipios.com\/wp-content\/uploads\/2022\/03\/IMG-20220310-WA0189-1024x472.jpg 1024w, https:\/\/diarioprincipios.com\/wp-content\/uploads\/2022\/03\/IMG-20220310-WA0189-300x138.jpg 300w, https:\/\/diarioprincipios.com\/wp-content\/uploads\/2022\/03\/IMG-20220310-WA0189-768x354.jpg 768w, https:\/\/diarioprincipios.com\/wp-content\/uploads\/2022\/03\/IMG-20220310-WA0189-1536x708.jpg 1536w, https:\/\/diarioprincipios.com\/wp-content\/uploads\/2022\/03\/IMG-20220310-WA0189.jpg 1600w\" sizes=\"auto, (max-width: 1024px) 100vw, 1024px\" \/><\/figure>\n\n\n\n<p><strong>Elecciones y continuidad del triunvirato<\/strong><\/p>\n\n\n\n<p>En el Orden del d\u00eda  se expusieron los lineamientos a seguir por cada gremio y la posible fecha en la que se desarrollar\u00e1 el Congreso de elecci\u00f3n de autoridades, manteniendo la estructura de un Triunvirato. <\/p>\n\n\n\n<p>En el final se plante\u00f3 entre otras cosas, la posibilidad de realizar otra reuni\u00f3n antes del Congreso.<\/p>\n","protected":false},"excerpt":{"rendered":"<p>Con la presencia de 33 gremios nucleados dentro de la CGT Regional Quilmes, Berazategui y Fcio Varela, se realiz\u00f3 la reuni\u00f3n en las instalaciones de ATSA Quilmes (Sanidad) d\u00f3nde el Triunvirato integrado por Ricardo Romero, Andr\u00e9s Nikitiuk y Rub\u00e9n Zeballos recibieron a los gremios que est\u00e1n y a los que se siguen sumando, , entre&#8230;<\/p>\n","protected":false},"author":2,"featured_media":12973,"comment_status":"open","ping_status":"open","sticky":false,"template":"","format":"standard","meta":{"footnotes":""},"categories":[4],"tags":[],"class_list":["post-12971","post","type-post","status-publish","format-standard","has-post-thumbnail","hentry","category-quilmes"],"featured_image_src":"https:\/\/diarioprincipios.com\/wp-content\/uploads\/2022\/03\/IMG-20220310-WA0188-1024x558.jpg","blog_images":{"medium":"https:\/\/diarioprincipios.com\/wp-content\/uploads\/2022\/03\/IMG-20220310-WA0188-300x164.jpg","large":"https:\/\/diarioprincipios.com\/wp-content\/uploads\/2022\/03\/IMG-20220310-WA0188-1024x558.jpg"},"ams_acf":[],"yoast_head":"<!-- This site is optimized with the Yoast SEO plugin v27.3 - https:\/\/yoast.com\/product\/yoast-seo-wordpress\/ -->\n<title>Importante reuni\u00f3n de la CGT Regional en la sede de ATSA - Principios<\/title>\n<meta name=\"robots\" content=\"index, follow, max-snippet:-1, max-image-preview:large, max-video-preview:-1\" \/>\n<link rel=\"canonical\" href=\"https:\/\/diarioprincipios.com\/index.php\/2022\/03\/11\/importante-reunion-de-la-cgt-regional-en-la-sede-de-atsa\/\" \/>\n<meta property=\"og:locale\" content=\"es_ES\" \/>\n<meta property=\"og:type\" content=\"article\" \/>\n<meta property=\"og:title\" content=\"Importante reuni\u00f3n de la CGT Regional en la sede de ATSA - Principios\" \/>\n<meta property=\"og:description\" content=\"Con la presencia de 33 gremios nucleados dentro de la CGT Regional Quilmes, Berazategui y Fcio Varela, se realiz\u00f3 la reuni\u00f3n en las instalaciones de ATSA Quilmes (Sanidad) d\u00f3nde el Triunvirato integrado por Ricardo Romero, Andr\u00e9s Nikitiuk y Rub\u00e9n Zeballos recibieron a los gremios que est\u00e1n y a los que se siguen sumando, , entre...\" \/>\n<meta property=\"og:url\" content=\"https:\/\/diarioprincipios.com\/index.php\/2022\/03\/11\/importante-reunion-de-la-cgt-regional-en-la-sede-de-atsa\/\" \/>\n<meta property=\"og:site_name\" content=\"Principios\" \/>\n<meta property=\"article:published_time\" content=\"2022-03-11T10:58:25+00:00\" \/>\n<meta property=\"article:modified_time\" content=\"2022-03-11T10:58:30+00:00\" \/>\n<meta property=\"og:image\" content=\"https:\/\/diarioprincipios.com\/wp-content\/uploads\/2022\/03\/IMG-20220310-WA0188.jpg\" \/>\n\t<meta property=\"og:image:width\" content=\"1280\" \/>\n\t<meta property=\"og:image:height\" content=\"698\" \/>\n\t<meta property=\"og:image:type\" content=\"image\/jpeg\" \/>\n<meta name=\"author\" content=\"Hern\u00e1n L\u00f3pez\" \/>\n<meta name=\"twitter:card\" content=\"summary_large_image\" \/>\n<meta name=\"twitter:label1\" content=\"Escrito por\" \/>\n\t<meta name=\"twitter:data1\" content=\"Hern\u00e1n L\u00f3pez\" \/>\n\t<meta name=\"twitter:label2\" content=\"Tiempo de lectura\" \/>\n\t<meta name=\"twitter:data2\" content=\"2 minutos\" \/>\n<script type=\"application\/ld+json\" class=\"yoast-schema-graph\">{\"@context\":\"https:\\\/\\\/schema.org\",\"@graph\":[{\"@type\":\"Article\",\"@id\":\"https:\\\/\\\/diarioprincipios.com\\\/index.php\\\/2022\\\/03\\\/11\\\/importante-reunion-de-la-cgt-regional-en-la-sede-de-atsa\\\/#article\",\"isPartOf\":{\"@id\":\"https:\\\/\\\/diarioprincipios.com\\\/index.php\\\/2022\\\/03\\\/11\\\/importante-reunion-de-la-cgt-regional-en-la-sede-de-atsa\\\/\"},\"author\":{\"name\":\"Hern\u00e1n L\u00f3pez\",\"@id\":\"https:\\\/\\\/diarioprincipios.com\\\/#\\\/schema\\\/person\\\/436d5a1fd41a5e250e23ff5a6a7cb080\"},\"headline\":\"Importante reuni\u00f3n de la CGT Regional en la sede de ATSA\",\"datePublished\":\"2022-03-11T10:58:25+00:00\",\"dateModified\":\"2022-03-11T10:58:30+00:00\",\"mainEntityOfPage\":{\"@id\":\"https:\\\/\\\/diarioprincipios.com\\\/index.php\\\/2022\\\/03\\\/11\\\/importante-reunion-de-la-cgt-regional-en-la-sede-de-atsa\\\/\"},\"wordCount\":230,\"commentCount\":0,\"publisher\":{\"@id\":\"https:\\\/\\\/diarioprincipios.com\\\/#organization\"},\"image\":{\"@id\":\"https:\\\/\\\/diarioprincipios.com\\\/index.php\\\/2022\\\/03\\\/11\\\/importante-reunion-de-la-cgt-regional-en-la-sede-de-atsa\\\/#primaryimage\"},\"thumbnailUrl\":\"https:\\\/\\\/diarioprincipios.com\\\/wp-content\\\/uploads\\\/2022\\\/03\\\/IMG-20220310-WA0188.jpg\",\"articleSection\":[\"Quilmes\"],\"inLanguage\":\"es\",\"potentialAction\":[{\"@type\":\"CommentAction\",\"name\":\"Comment\",\"target\":[\"https:\\\/\\\/diarioprincipios.com\\\/index.php\\\/2022\\\/03\\\/11\\\/importante-reunion-de-la-cgt-regional-en-la-sede-de-atsa\\\/#respond\"]}]},{\"@type\":\"WebPage\",\"@id\":\"https:\\\/\\\/diarioprincipios.com\\\/index.php\\\/2022\\\/03\\\/11\\\/importante-reunion-de-la-cgt-regional-en-la-sede-de-atsa\\\/\",\"url\":\"https:\\\/\\\/diarioprincipios.com\\\/index.php\\\/2022\\\/03\\\/11\\\/importante-reunion-de-la-cgt-regional-en-la-sede-de-atsa\\\/\",\"name\":\"Importante reuni\u00f3n de la CGT Regional en la sede de ATSA - Principios\",\"isPartOf\":{\"@id\":\"https:\\\/\\\/diarioprincipios.com\\\/#website\"},\"primaryImageOfPage\":{\"@id\":\"https:\\\/\\\/diarioprincipios.com\\\/index.php\\\/2022\\\/03\\\/11\\\/importante-reunion-de-la-cgt-regional-en-la-sede-de-atsa\\\/#primaryimage\"},\"image\":{\"@id\":\"https:\\\/\\\/diarioprincipios.com\\\/index.php\\\/2022\\\/03\\\/11\\\/importante-reunion-de-la-cgt-regional-en-la-sede-de-atsa\\\/#primaryimage\"},\"thumbnailUrl\":\"https:\\\/\\\/diarioprincipios.com\\\/wp-content\\\/uploads\\\/2022\\\/03\\\/IMG-20220310-WA0188.jpg\",\"datePublished\":\"2022-03-11T10:58:25+00:00\",\"dateModified\":\"2022-03-11T10:58:30+00:00\",\"breadcrumb\":{\"@id\":\"https:\\\/\\\/diarioprincipios.com\\\/index.php\\\/2022\\\/03\\\/11\\\/importante-reunion-de-la-cgt-regional-en-la-sede-de-atsa\\\/#breadcrumb\"},\"inLanguage\":\"es\",\"potentialAction\":[{\"@type\":\"ReadAction\",\"target\":[\"https:\\\/\\\/diarioprincipios.com\\\/index.php\\\/2022\\\/03\\\/11\\\/importante-reunion-de-la-cgt-regional-en-la-sede-de-atsa\\\/\"]}]},{\"@type\":\"ImageObject\",\"inLanguage\":\"es\",\"@id\":\"https:\\\/\\\/diarioprincipios.com\\\/index.php\\\/2022\\\/03\\\/11\\\/importante-reunion-de-la-cgt-regional-en-la-sede-de-atsa\\\/#primaryimage\",\"url\":\"https:\\\/\\\/diarioprincipios.com\\\/wp-content\\\/uploads\\\/2022\\\/03\\\/IMG-20220310-WA0188.jpg\",\"contentUrl\":\"https:\\\/\\\/diarioprincipios.com\\\/wp-content\\\/uploads\\\/2022\\\/03\\\/IMG-20220310-WA0188.jpg\",\"width\":1280,\"height\":698},{\"@type\":\"BreadcrumbList\",\"@id\":\"https:\\\/\\\/diarioprincipios.com\\\/index.php\\\/2022\\\/03\\\/11\\\/importante-reunion-de-la-cgt-regional-en-la-sede-de-atsa\\\/#breadcrumb\",\"itemListElement\":[{\"@type\":\"ListItem\",\"position\":1,\"name\":\"Portada\",\"item\":\"https:\\\/\\\/diarioprincipios.com\\\/\"},{\"@type\":\"ListItem\",\"position\":2,\"name\":\"Importante reuni\u00f3n de la CGT Regional en la sede de ATSA\"}]},{\"@type\":\"WebSite\",\"@id\":\"https:\\\/\\\/diarioprincipios.com\\\/#website\",\"url\":\"https:\\\/\\\/diarioprincipios.com\\\/\",\"name\":\"Principios\",\"description\":\"Principios Diario\",\"publisher\":{\"@id\":\"https:\\\/\\\/diarioprincipios.com\\\/#organization\"},\"potentialAction\":[{\"@type\":\"SearchAction\",\"target\":{\"@type\":\"EntryPoint\",\"urlTemplate\":\"https:\\\/\\\/diarioprincipios.com\\\/?s={search_term_string}\"},\"query-input\":{\"@type\":\"PropertyValueSpecification\",\"valueRequired\":true,\"valueName\":\"search_term_string\"}}],\"inLanguage\":\"es\"},{\"@type\":\"Organization\",\"@id\":\"https:\\\/\\\/diarioprincipios.com\\\/#organization\",\"name\":\"Principios\",\"url\":\"https:\\\/\\\/diarioprincipios.com\\\/\",\"logo\":{\"@type\":\"ImageObject\",\"inLanguage\":\"es\",\"@id\":\"https:\\\/\\\/diarioprincipios.com\\\/#\\\/schema\\\/logo\\\/image\\\/\",\"url\":\"https:\\\/\\\/diarioprincipios.com\\\/wp-content\\\/uploads\\\/2024\\\/04\\\/cropped-www.diarioprincipios.com_-1.png\",\"contentUrl\":\"https:\\\/\\\/diarioprincipios.com\\\/wp-content\\\/uploads\\\/2024\\\/04\\\/cropped-www.diarioprincipios.com_-1.png\",\"width\":5325,\"height\":1454,\"caption\":\"Principios\"},\"image\":{\"@id\":\"https:\\\/\\\/diarioprincipios.com\\\/#\\\/schema\\\/logo\\\/image\\\/\"}},{\"@type\":\"Person\",\"@id\":\"https:\\\/\\\/diarioprincipios.com\\\/#\\\/schema\\\/person\\\/436d5a1fd41a5e250e23ff5a6a7cb080\",\"name\":\"Hern\u00e1n L\u00f3pez\",\"image\":{\"@type\":\"ImageObject\",\"inLanguage\":\"es\",\"@id\":\"https:\\\/\\\/diarioprincipios.com\\\/wp-content\\\/litespeed\\\/avatar\\\/11ddfe5610ff3bd100522525b2571f48.jpg?ver=1777048341\",\"url\":\"https:\\\/\\\/diarioprincipios.com\\\/wp-content\\\/litespeed\\\/avatar\\\/11ddfe5610ff3bd100522525b2571f48.jpg?ver=1777048341\",\"contentUrl\":\"https:\\\/\\\/diarioprincipios.com\\\/wp-content\\\/litespeed\\\/avatar\\\/11ddfe5610ff3bd100522525b2571f48.jpg?ver=1777048341\",\"caption\":\"Hern\u00e1n L\u00f3pez\"},\"url\":\"https:\\\/\\\/diarioprincipios.com\\\/index.php\\\/author\\\/hernan\\\/\"}]}<\/script>\n<!-- \/ Yoast SEO plugin. -->","yoast_head_json":{"title":"Importante reuni\u00f3n de la CGT Regional en la sede de ATSA - Principios","robots":{"index":"index","follow":"follow","max-snippet":"max-snippet:-1","max-image-preview":"max-image-preview:large","max-video-preview":"max-video-preview:-1"},"canonical":"https:\/\/diarioprincipios.com\/index.php\/2022\/03\/11\/importante-reunion-de-la-cgt-regional-en-la-sede-de-atsa\/","og_locale":"es_ES","og_type":"article","og_title":"Importante reuni\u00f3n de la CGT Regional en la sede de ATSA - Principios","og_description":"Con la presencia de 33 gremios nucleados dentro de la CGT Regional Quilmes, Berazategui y Fcio Varela, se realiz\u00f3 la reuni\u00f3n en las instalaciones de ATSA Quilmes (Sanidad) d\u00f3nde el Triunvirato integrado por Ricardo Romero, Andr\u00e9s Nikitiuk y Rub\u00e9n Zeballos recibieron a los gremios que est\u00e1n y a los que se siguen sumando, , entre...","og_url":"https:\/\/diarioprincipios.com\/index.php\/2022\/03\/11\/importante-reunion-de-la-cgt-regional-en-la-sede-de-atsa\/","og_site_name":"Principios","article_published_time":"2022-03-11T10:58:25+00:00","article_modified_time":"2022-03-11T10:58:30+00:00","og_image":[{"width":1280,"height":698,"url":"https:\/\/diarioprincipios.com\/wp-content\/uploads\/2022\/03\/IMG-20220310-WA0188.jpg","type":"image\/jpeg"}],"author":"Hern\u00e1n L\u00f3pez","twitter_card":"summary_large_image","twitter_misc":{"Escrito por":"Hern\u00e1n L\u00f3pez","Tiempo de lectura":"2 minutos"},"schema":{"@context":"https:\/\/schema.org","@graph":[{"@type":"Article","@id":"https:\/\/diarioprincipios.com\/index.php\/2022\/03\/11\/importante-reunion-de-la-cgt-regional-en-la-sede-de-atsa\/#article","isPartOf":{"@id":"https:\/\/diarioprincipios.com\/index.php\/2022\/03\/11\/importante-reunion-de-la-cgt-regional-en-la-sede-de-atsa\/"},"author":{"name":"Hern\u00e1n L\u00f3pez","@id":"https:\/\/diarioprincipios.com\/#\/schema\/person\/436d5a1fd41a5e250e23ff5a6a7cb080"},"headline":"Importante reuni\u00f3n de la CGT Regional en la sede de ATSA","datePublished":"2022-03-11T10:58:25+00:00","dateModified":"2022-03-11T10:58:30+00:00","mainEntityOfPage":{"@id":"https:\/\/diarioprincipios.com\/index.php\/2022\/03\/11\/importante-reunion-de-la-cgt-regional-en-la-sede-de-atsa\/"},"wordCount":230,"commentCount":0,"publisher":{"@id":"https:\/\/diarioprincipios.com\/#organization"},"image":{"@id":"https:\/\/diarioprincipios.com\/index.php\/2022\/03\/11\/importante-reunion-de-la-cgt-regional-en-la-sede-de-atsa\/#primaryimage"},"thumbnailUrl":"https:\/\/diarioprincipios.com\/wp-content\/uploads\/2022\/03\/IMG-20220310-WA0188.jpg","articleSection":["Quilmes"],"inLanguage":"es","potentialAction":[{"@type":"CommentAction","name":"Comment","target":["https:\/\/diarioprincipios.com\/index.php\/2022\/03\/11\/importante-reunion-de-la-cgt-regional-en-la-sede-de-atsa\/#respond"]}]},{"@type":"WebPage","@id":"https:\/\/diarioprincipios.com\/index.php\/2022\/03\/11\/importante-reunion-de-la-cgt-regional-en-la-sede-de-atsa\/","url":"https:\/\/diarioprincipios.com\/index.php\/2022\/03\/11\/importante-reunion-de-la-cgt-regional-en-la-sede-de-atsa\/","name":"Importante reuni\u00f3n de la CGT Regional en la sede de ATSA - Principios","isPartOf":{"@id":"https:\/\/diarioprincipios.com\/#website"},"primaryImageOfPage":{"@id":"https:\/\/diarioprincipios.com\/index.php\/2022\/03\/11\/importante-reunion-de-la-cgt-regional-en-la-sede-de-atsa\/#primaryimage"},"image":{"@id":"https:\/\/diarioprincipios.com\/index.php\/2022\/03\/11\/importante-reunion-de-la-cgt-regional-en-la-sede-de-atsa\/#primaryimage"},"thumbnailUrl":"https:\/\/diarioprincipios.com\/wp-content\/uploads\/2022\/03\/IMG-20220310-WA0188.jpg","datePublished":"2022-03-11T10:58:25+00:00","dateModified":"2022-03-11T10:58:30+00:00","breadcrumb":{"@id":"https:\/\/diarioprincipios.com\/index.php\/2022\/03\/11\/importante-reunion-de-la-cgt-regional-en-la-sede-de-atsa\/#breadcrumb"},"inLanguage":"es","potentialAction":[{"@type":"ReadAction","target":["https:\/\/diarioprincipios.com\/index.php\/2022\/03\/11\/importante-reunion-de-la-cgt-regional-en-la-sede-de-atsa\/"]}]},{"@type":"ImageObject","inLanguage":"es","@id":"https:\/\/diarioprincipios.com\/index.php\/2022\/03\/11\/importante-reunion-de-la-cgt-regional-en-la-sede-de-atsa\/#primaryimage","url":"https:\/\/diarioprincipios.com\/wp-content\/uploads\/2022\/03\/IMG-20220310-WA0188.jpg","contentUrl":"https:\/\/diarioprincipios.com\/wp-content\/uploads\/2022\/03\/IMG-20220310-WA0188.jpg","width":1280,"height":698},{"@type":"BreadcrumbList","@id":"https:\/\/diarioprincipios.com\/index.php\/2022\/03\/11\/importante-reunion-de-la-cgt-regional-en-la-sede-de-atsa\/#breadcrumb","itemListElement":[{"@type":"ListItem","position":1,"name":"Portada","item":"https:\/\/diarioprincipios.com\/"},{"@type":"ListItem","position":2,"name":"Importante reuni\u00f3n de la CGT Regional en la sede de ATSA"}]},{"@type":"WebSite","@id":"https:\/\/diarioprincipios.com\/#website","url":"https:\/\/diarioprincipios.com\/","name":"Principios","description":"Principios Diario","publisher":{"@id":"https:\/\/diarioprincipios.com\/#organization"},"potentialAction":[{"@type":"SearchAction","target":{"@type":"EntryPoint","urlTemplate":"https:\/\/diarioprincipios.com\/?s={search_term_string}"},"query-input":{"@type":"PropertyValueSpecification","valueRequired":true,"valueName":"search_term_string"}}],"inLanguage":"es"},{"@type":"Organization","@id":"https:\/\/diarioprincipios.com\/#organization","name":"Principios","url":"https:\/\/diarioprincipios.com\/","logo":{"@type":"ImageObject","inLanguage":"es","@id":"https:\/\/diarioprincipios.com\/#\/schema\/logo\/image\/","url":"https:\/\/diarioprincipios.com\/wp-content\/uploads\/2024\/04\/cropped-www.diarioprincipios.com_-1.png","contentUrl":"https:\/\/diarioprincipios.com\/wp-content\/uploads\/2024\/04\/cropped-www.diarioprincipios.com_-1.png","width":5325,"height":1454,"caption":"Principios"},"image":{"@id":"https:\/\/diarioprincipios.com\/#\/schema\/logo\/image\/"}},{"@type":"Person","@id":"https:\/\/diarioprincipios.com\/#\/schema\/person\/436d5a1fd41a5e250e23ff5a6a7cb080","name":"Hern\u00e1n L\u00f3pez","image":{"@type":"ImageObject","inLanguage":"es","@id":"https:\/\/diarioprincipios.com\/wp-content\/litespeed\/avatar\/11ddfe5610ff3bd100522525b2571f48.jpg?ver=1777048341","url":"https:\/\/diarioprincipios.com\/wp-content\/litespeed\/avatar\/11ddfe5610ff3bd100522525b2571f48.jpg?ver=1777048341","contentUrl":"https:\/\/diarioprincipios.com\/wp-content\/litespeed\/avatar\/11ddfe5610ff3bd100522525b2571f48.jpg?ver=1777048341","caption":"Hern\u00e1n L\u00f3pez"},"url":"https:\/\/diarioprincipios.com\/index.php\/author\/hernan\/"}]}},"jetpack_featured_media_url":"https:\/\/diarioprincipios.com\/wp-content\/uploads\/2022\/03\/IMG-20220310-WA0188.jpg","_links":{"self":[{"href":"https:\/\/diarioprincipios.com\/index.php\/wp-json\/wp\/v2\/posts\/12971","targetHints":{"allow":["GET"]}}],"collection":[{"href":"https:\/\/diarioprincipios.com\/index.php\/wp-json\/wp\/v2\/posts"}],"about":[{"href":"https:\/\/diarioprincipios.com\/index.php\/wp-json\/wp\/v2\/types\/post"}],"author":[{"embeddable":true,"href":"https:\/\/diarioprincipios.com\/index.php\/wp-json\/wp\/v2\/users\/2"}],"replies":[{"embeddable":true,"href":"https:\/\/diarioprincipios.com\/index.php\/wp-json\/wp\/v2\/comments?post=12971"}],"version-history":[{"count":1,"href":"https:\/\/diarioprincipios.com\/index.php\/wp-json\/wp\/v2\/posts\/12971\/revisions"}],"predecessor-version":[{"id":12974,"href":"https:\/\/diarioprincipios.com\/index.php\/wp-json\/wp\/v2\/posts\/12971\/revisions\/12974"}],"wp:featuredmedia":[{"embeddable":true,"href":"https:\/\/diarioprincipios.com\/index.php\/wp-json\/wp\/v2\/media\/12973"}],"wp:attachment":[{"href":"https:\/\/diarioprincipios.com\/index.php\/wp-json\/wp\/v2\/media?parent=12971"}],"wp:term":[{"taxonomy":"category","embeddable":true,"href":"https:\/\/diarioprincipios.com\/index.php\/wp-json\/wp\/v2\/categories?post=12971"},{"taxonomy":"post_tag","embeddable":true,"href":"https:\/\/diarioprincipios.com\/index.php\/wp-json\/wp\/v2\/tags?post=12971"}],"curies":[{"name":"wp","href":"https:\/\/api.w.org\/{rel}","templated":true}]}}