{"id":12964,"date":"2022-03-10T19:20:53","date_gmt":"2022-03-10T22:20:53","guid":{"rendered":"http:\/\/diarioprincipios.com\/?p=12964"},"modified":"2022-03-10T19:21:00","modified_gmt":"2022-03-10T22:21:00","slug":"magdalena-sierra-visito-la-planta-del-grupo-a2-en-avellaneda","status":"publish","type":"post","link":"https:\/\/diarioprincipios.com\/index.php\/2022\/03\/10\/magdalena-sierra-visito-la-planta-del-grupo-a2-en-avellaneda\/","title":{"rendered":"Magdalena Sierra visit\u00f3 la planta del Grupo a2 en Avellaneda"},"content":{"rendered":"\n<p>Magdalena Sierra, jefa de\u00a0Gabinete de Avellaneda, recorri\u00f3 la planta del Grupo a2 \u2013 Archivos Activos, acompa\u00f1ada por Horacio Alonso, Export Manager de la empresa ubicada en Avellaneda.<\/p>\n\n\n\n<p>La firma se dedica a la fabricaci\u00f3n y dise\u00f1o de muebles y equipamientos para oficinas de todo tipo. En el transcurso de la visita saludaron a los empleados presentes y adem\u00e1s, estuvieron viendo el proceso productivo de cada producto hasta la instancia de control de calidad previa a ser despachados hacia todo el pa\u00eds.<\/p>\n\n\n\n<p>En la visita tambi\u00e9n estuvieron presentes el&nbsp;secretario de Producci\u00f3n, Comercio y Ambiente de Avellaneda, Lucas Gim\u00e9nez, y la secretaria de Hacienda y Administraci\u00f3n del municipio, Mar\u00eda Gabriela Sierra.<\/p>\n","protected":false},"excerpt":{"rendered":"<p>Magdalena Sierra, jefa de\u00a0Gabinete de Avellaneda, recorri\u00f3 la planta del Grupo a2 \u2013 Archivos Activos, acompa\u00f1ada por Horacio Alonso, Export Manager de la empresa ubicada en Avellaneda. La firma se dedica a la fabricaci\u00f3n y dise\u00f1o de muebles y equipamientos para oficinas de todo tipo. En el transcurso de la visita saludaron a los empleados&#8230;<\/p>\n","protected":false},"author":2,"featured_media":12965,"comment_status":"open","ping_status":"open","sticky":false,"template":"","format":"standard","meta":{"footnotes":""},"categories":[5],"tags":[],"class_list":["post-12964","post","type-post","status-publish","format-standard","has-post-thumbnail","hentry","category-avellaneda"],"featured_image_src":"https:\/\/diarioprincipios.com\/wp-content\/uploads\/2022\/03\/WhatsApp-Image-2022-03-10-at-13_41_47-1024x683.jpeg","blog_images":{"medium":"https:\/\/diarioprincipios.com\/wp-content\/uploads\/2022\/03\/WhatsApp-Image-2022-03-10-at-13_41_47-300x200.jpeg","large":"https:\/\/diarioprincipios.com\/wp-content\/uploads\/2022\/03\/WhatsApp-Image-2022-03-10-at-13_41_47-1024x683.jpeg"},"ams_acf":[],"yoast_head":"<!-- This site is optimized with the Yoast SEO plugin v27.3 - https:\/\/yoast.com\/product\/yoast-seo-wordpress\/ -->\n<title>Magdalena Sierra visit\u00f3 la planta del Grupo a2 en Avellaneda - Principios<\/title>\n<meta name=\"robots\" content=\"index, follow, max-snippet:-1, max-image-preview:large, max-video-preview:-1\" \/>\n<link rel=\"canonical\" href=\"https:\/\/diarioprincipios.com\/index.php\/2022\/03\/10\/magdalena-sierra-visito-la-planta-del-grupo-a2-en-avellaneda\/\" \/>\n<meta property=\"og:locale\" content=\"es_ES\" \/>\n<meta property=\"og:type\" content=\"article\" \/>\n<meta property=\"og:title\" content=\"Magdalena Sierra visit\u00f3 la planta del Grupo a2 en Avellaneda - Principios\" \/>\n<meta property=\"og:description\" content=\"Magdalena Sierra, jefa de\u00a0Gabinete de Avellaneda, recorri\u00f3 la planta del Grupo a2 \u2013 Archivos Activos, acompa\u00f1ada por Horacio Alonso, Export Manager de la empresa ubicada en Avellaneda. La firma se dedica a la fabricaci\u00f3n y dise\u00f1o de muebles y equipamientos para oficinas de todo tipo. En el transcurso de la visita saludaron a los empleados...\" \/>\n<meta property=\"og:url\" content=\"https:\/\/diarioprincipios.com\/index.php\/2022\/03\/10\/magdalena-sierra-visito-la-planta-del-grupo-a2-en-avellaneda\/\" \/>\n<meta property=\"og:site_name\" content=\"Principios\" \/>\n<meta property=\"article:published_time\" content=\"2022-03-10T22:20:53+00:00\" \/>\n<meta property=\"article:modified_time\" content=\"2022-03-10T22:21:00+00:00\" \/>\n<meta property=\"og:image\" content=\"https:\/\/diarioprincipios.com\/wp-content\/uploads\/2022\/03\/WhatsApp-Image-2022-03-10-at-13_41_47.jpeg\" \/>\n\t<meta property=\"og:image:width\" content=\"1600\" \/>\n\t<meta property=\"og:image:height\" content=\"1067\" \/>\n\t<meta property=\"og:image:type\" content=\"image\/jpeg\" \/>\n<meta name=\"author\" content=\"Hern\u00e1n L\u00f3pez\" \/>\n<meta name=\"twitter:card\" content=\"summary_large_image\" \/>\n<meta name=\"twitter:label1\" content=\"Escrito por\" \/>\n\t<meta name=\"twitter:data1\" content=\"Hern\u00e1n L\u00f3pez\" \/>\n\t<meta name=\"twitter:label2\" content=\"Tiempo de lectura\" \/>\n\t<meta name=\"twitter:data2\" content=\"1 minuto\" \/>\n<script type=\"application\/ld+json\" class=\"yoast-schema-graph\">{\"@context\":\"https:\\\/\\\/schema.org\",\"@graph\":[{\"@type\":\"Article\",\"@id\":\"https:\\\/\\\/diarioprincipios.com\\\/index.php\\\/2022\\\/03\\\/10\\\/magdalena-sierra-visito-la-planta-del-grupo-a2-en-avellaneda\\\/#article\",\"isPartOf\":{\"@id\":\"https:\\\/\\\/diarioprincipios.com\\\/index.php\\\/2022\\\/03\\\/10\\\/magdalena-sierra-visito-la-planta-del-grupo-a2-en-avellaneda\\\/\"},\"author\":{\"name\":\"Hern\u00e1n L\u00f3pez\",\"@id\":\"https:\\\/\\\/diarioprincipios.com\\\/#\\\/schema\\\/person\\\/436d5a1fd41a5e250e23ff5a6a7cb080\"},\"headline\":\"Magdalena Sierra visit\u00f3 la planta del Grupo a2 en Avellaneda\",\"datePublished\":\"2022-03-10T22:20:53+00:00\",\"dateModified\":\"2022-03-10T22:21:00+00:00\",\"mainEntityOfPage\":{\"@id\":\"https:\\\/\\\/diarioprincipios.com\\\/index.php\\\/2022\\\/03\\\/10\\\/magdalena-sierra-visito-la-planta-del-grupo-a2-en-avellaneda\\\/\"},\"wordCount\":131,\"commentCount\":0,\"publisher\":{\"@id\":\"https:\\\/\\\/diarioprincipios.com\\\/#organization\"},\"image\":{\"@id\":\"https:\\\/\\\/diarioprincipios.com\\\/index.php\\\/2022\\\/03\\\/10\\\/magdalena-sierra-visito-la-planta-del-grupo-a2-en-avellaneda\\\/#primaryimage\"},\"thumbnailUrl\":\"https:\\\/\\\/diarioprincipios.com\\\/wp-content\\\/uploads\\\/2022\\\/03\\\/WhatsApp-Image-2022-03-10-at-13_41_47.jpeg\",\"articleSection\":[\"Avellaneda\"],\"inLanguage\":\"es\",\"potentialAction\":[{\"@type\":\"CommentAction\",\"name\":\"Comment\",\"target\":[\"https:\\\/\\\/diarioprincipios.com\\\/index.php\\\/2022\\\/03\\\/10\\\/magdalena-sierra-visito-la-planta-del-grupo-a2-en-avellaneda\\\/#respond\"]}]},{\"@type\":\"WebPage\",\"@id\":\"https:\\\/\\\/diarioprincipios.com\\\/index.php\\\/2022\\\/03\\\/10\\\/magdalena-sierra-visito-la-planta-del-grupo-a2-en-avellaneda\\\/\",\"url\":\"https:\\\/\\\/diarioprincipios.com\\\/index.php\\\/2022\\\/03\\\/10\\\/magdalena-sierra-visito-la-planta-del-grupo-a2-en-avellaneda\\\/\",\"name\":\"Magdalena Sierra visit\u00f3 la planta del Grupo a2 en Avellaneda - Principios\",\"isPartOf\":{\"@id\":\"https:\\\/\\\/diarioprincipios.com\\\/#website\"},\"primaryImageOfPage\":{\"@id\":\"https:\\\/\\\/diarioprincipios.com\\\/index.php\\\/2022\\\/03\\\/10\\\/magdalena-sierra-visito-la-planta-del-grupo-a2-en-avellaneda\\\/#primaryimage\"},\"image\":{\"@id\":\"https:\\\/\\\/diarioprincipios.com\\\/index.php\\\/2022\\\/03\\\/10\\\/magdalena-sierra-visito-la-planta-del-grupo-a2-en-avellaneda\\\/#primaryimage\"},\"thumbnailUrl\":\"https:\\\/\\\/diarioprincipios.com\\\/wp-content\\\/uploads\\\/2022\\\/03\\\/WhatsApp-Image-2022-03-10-at-13_41_47.jpeg\",\"datePublished\":\"2022-03-10T22:20:53+00:00\",\"dateModified\":\"2022-03-10T22:21:00+00:00\",\"breadcrumb\":{\"@id\":\"https:\\\/\\\/diarioprincipios.com\\\/index.php\\\/2022\\\/03\\\/10\\\/magdalena-sierra-visito-la-planta-del-grupo-a2-en-avellaneda\\\/#breadcrumb\"},\"inLanguage\":\"es\",\"potentialAction\":[{\"@type\":\"ReadAction\",\"target\":[\"https:\\\/\\\/diarioprincipios.com\\\/index.php\\\/2022\\\/03\\\/10\\\/magdalena-sierra-visito-la-planta-del-grupo-a2-en-avellaneda\\\/\"]}]},{\"@type\":\"ImageObject\",\"inLanguage\":\"es\",\"@id\":\"https:\\\/\\\/diarioprincipios.com\\\/index.php\\\/2022\\\/03\\\/10\\\/magdalena-sierra-visito-la-planta-del-grupo-a2-en-avellaneda\\\/#primaryimage\",\"url\":\"https:\\\/\\\/diarioprincipios.com\\\/wp-content\\\/uploads\\\/2022\\\/03\\\/WhatsApp-Image-2022-03-10-at-13_41_47.jpeg\",\"contentUrl\":\"https:\\\/\\\/diarioprincipios.com\\\/wp-content\\\/uploads\\\/2022\\\/03\\\/WhatsApp-Image-2022-03-10-at-13_41_47.jpeg\",\"width\":1600,\"height\":1067},{\"@type\":\"BreadcrumbList\",\"@id\":\"https:\\\/\\\/diarioprincipios.com\\\/index.php\\\/2022\\\/03\\\/10\\\/magdalena-sierra-visito-la-planta-del-grupo-a2-en-avellaneda\\\/#breadcrumb\",\"itemListElement\":[{\"@type\":\"ListItem\",\"position\":1,\"name\":\"Portada\",\"item\":\"https:\\\/\\\/diarioprincipios.com\\\/\"},{\"@type\":\"ListItem\",\"position\":2,\"name\":\"Magdalena Sierra visit\u00f3 la planta del Grupo a2 en Avellaneda\"}]},{\"@type\":\"WebSite\",\"@id\":\"https:\\\/\\\/diarioprincipios.com\\\/#website\",\"url\":\"https:\\\/\\\/diarioprincipios.com\\\/\",\"name\":\"Principios\",\"description\":\"Principios Diario\",\"publisher\":{\"@id\":\"https:\\\/\\\/diarioprincipios.com\\\/#organization\"},\"potentialAction\":[{\"@type\":\"SearchAction\",\"target\":{\"@type\":\"EntryPoint\",\"urlTemplate\":\"https:\\\/\\\/diarioprincipios.com\\\/?s={search_term_string}\"},\"query-input\":{\"@type\":\"PropertyValueSpecification\",\"valueRequired\":true,\"valueName\":\"search_term_string\"}}],\"inLanguage\":\"es\"},{\"@type\":\"Organization\",\"@id\":\"https:\\\/\\\/diarioprincipios.com\\\/#organization\",\"name\":\"Principios\",\"url\":\"https:\\\/\\\/diarioprincipios.com\\\/\",\"logo\":{\"@type\":\"ImageObject\",\"inLanguage\":\"es\",\"@id\":\"https:\\\/\\\/diarioprincipios.com\\\/#\\\/schema\\\/logo\\\/image\\\/\",\"url\":\"https:\\\/\\\/diarioprincipios.com\\\/wp-content\\\/uploads\\\/2024\\\/04\\\/cropped-www.diarioprincipios.com_-1.png\",\"contentUrl\":\"https:\\\/\\\/diarioprincipios.com\\\/wp-content\\\/uploads\\\/2024\\\/04\\\/cropped-www.diarioprincipios.com_-1.png\",\"width\":5325,\"height\":1454,\"caption\":\"Principios\"},\"image\":{\"@id\":\"https:\\\/\\\/diarioprincipios.com\\\/#\\\/schema\\\/logo\\\/image\\\/\"}},{\"@type\":\"Person\",\"@id\":\"https:\\\/\\\/diarioprincipios.com\\\/#\\\/schema\\\/person\\\/436d5a1fd41a5e250e23ff5a6a7cb080\",\"name\":\"Hern\u00e1n L\u00f3pez\",\"image\":{\"@type\":\"ImageObject\",\"inLanguage\":\"es\",\"@id\":\"https:\\\/\\\/diarioprincipios.com\\\/wp-content\\\/litespeed\\\/avatar\\\/11ddfe5610ff3bd100522525b2571f48.jpg?ver=1777048341\",\"url\":\"https:\\\/\\\/diarioprincipios.com\\\/wp-content\\\/litespeed\\\/avatar\\\/11ddfe5610ff3bd100522525b2571f48.jpg?ver=1777048341\",\"contentUrl\":\"https:\\\/\\\/diarioprincipios.com\\\/wp-content\\\/litespeed\\\/avatar\\\/11ddfe5610ff3bd100522525b2571f48.jpg?ver=1777048341\",\"caption\":\"Hern\u00e1n L\u00f3pez\"},\"url\":\"https:\\\/\\\/diarioprincipios.com\\\/index.php\\\/author\\\/hernan\\\/\"}]}<\/script>\n<!-- \/ Yoast SEO plugin. -->","yoast_head_json":{"title":"Magdalena Sierra visit\u00f3 la planta del Grupo a2 en Avellaneda - Principios","robots":{"index":"index","follow":"follow","max-snippet":"max-snippet:-1","max-image-preview":"max-image-preview:large","max-video-preview":"max-video-preview:-1"},"canonical":"https:\/\/diarioprincipios.com\/index.php\/2022\/03\/10\/magdalena-sierra-visito-la-planta-del-grupo-a2-en-avellaneda\/","og_locale":"es_ES","og_type":"article","og_title":"Magdalena Sierra visit\u00f3 la planta del Grupo a2 en Avellaneda - Principios","og_description":"Magdalena Sierra, jefa de\u00a0Gabinete de Avellaneda, recorri\u00f3 la planta del Grupo a2 \u2013 Archivos Activos, acompa\u00f1ada por Horacio Alonso, Export Manager de la empresa ubicada en Avellaneda. La firma se dedica a la fabricaci\u00f3n y dise\u00f1o de muebles y equipamientos para oficinas de todo tipo. En el transcurso de la visita saludaron a los empleados...","og_url":"https:\/\/diarioprincipios.com\/index.php\/2022\/03\/10\/magdalena-sierra-visito-la-planta-del-grupo-a2-en-avellaneda\/","og_site_name":"Principios","article_published_time":"2022-03-10T22:20:53+00:00","article_modified_time":"2022-03-10T22:21:00+00:00","og_image":[{"width":1600,"height":1067,"url":"https:\/\/diarioprincipios.com\/wp-content\/uploads\/2022\/03\/WhatsApp-Image-2022-03-10-at-13_41_47.jpeg","type":"image\/jpeg"}],"author":"Hern\u00e1n L\u00f3pez","twitter_card":"summary_large_image","twitter_misc":{"Escrito por":"Hern\u00e1n L\u00f3pez","Tiempo de lectura":"1 minuto"},"schema":{"@context":"https:\/\/schema.org","@graph":[{"@type":"Article","@id":"https:\/\/diarioprincipios.com\/index.php\/2022\/03\/10\/magdalena-sierra-visito-la-planta-del-grupo-a2-en-avellaneda\/#article","isPartOf":{"@id":"https:\/\/diarioprincipios.com\/index.php\/2022\/03\/10\/magdalena-sierra-visito-la-planta-del-grupo-a2-en-avellaneda\/"},"author":{"name":"Hern\u00e1n L\u00f3pez","@id":"https:\/\/diarioprincipios.com\/#\/schema\/person\/436d5a1fd41a5e250e23ff5a6a7cb080"},"headline":"Magdalena Sierra visit\u00f3 la planta del Grupo a2 en Avellaneda","datePublished":"2022-03-10T22:20:53+00:00","dateModified":"2022-03-10T22:21:00+00:00","mainEntityOfPage":{"@id":"https:\/\/diarioprincipios.com\/index.php\/2022\/03\/10\/magdalena-sierra-visito-la-planta-del-grupo-a2-en-avellaneda\/"},"wordCount":131,"commentCount":0,"publisher":{"@id":"https:\/\/diarioprincipios.com\/#organization"},"image":{"@id":"https:\/\/diarioprincipios.com\/index.php\/2022\/03\/10\/magdalena-sierra-visito-la-planta-del-grupo-a2-en-avellaneda\/#primaryimage"},"thumbnailUrl":"https:\/\/diarioprincipios.com\/wp-content\/uploads\/2022\/03\/WhatsApp-Image-2022-03-10-at-13_41_47.jpeg","articleSection":["Avellaneda"],"inLanguage":"es","potentialAction":[{"@type":"CommentAction","name":"Comment","target":["https:\/\/diarioprincipios.com\/index.php\/2022\/03\/10\/magdalena-sierra-visito-la-planta-del-grupo-a2-en-avellaneda\/#respond"]}]},{"@type":"WebPage","@id":"https:\/\/diarioprincipios.com\/index.php\/2022\/03\/10\/magdalena-sierra-visito-la-planta-del-grupo-a2-en-avellaneda\/","url":"https:\/\/diarioprincipios.com\/index.php\/2022\/03\/10\/magdalena-sierra-visito-la-planta-del-grupo-a2-en-avellaneda\/","name":"Magdalena Sierra visit\u00f3 la planta del Grupo a2 en Avellaneda - Principios","isPartOf":{"@id":"https:\/\/diarioprincipios.com\/#website"},"primaryImageOfPage":{"@id":"https:\/\/diarioprincipios.com\/index.php\/2022\/03\/10\/magdalena-sierra-visito-la-planta-del-grupo-a2-en-avellaneda\/#primaryimage"},"image":{"@id":"https:\/\/diarioprincipios.com\/index.php\/2022\/03\/10\/magdalena-sierra-visito-la-planta-del-grupo-a2-en-avellaneda\/#primaryimage"},"thumbnailUrl":"https:\/\/diarioprincipios.com\/wp-content\/uploads\/2022\/03\/WhatsApp-Image-2022-03-10-at-13_41_47.jpeg","datePublished":"2022-03-10T22:20:53+00:00","dateModified":"2022-03-10T22:21:00+00:00","breadcrumb":{"@id":"https:\/\/diarioprincipios.com\/index.php\/2022\/03\/10\/magdalena-sierra-visito-la-planta-del-grupo-a2-en-avellaneda\/#breadcrumb"},"inLanguage":"es","potentialAction":[{"@type":"ReadAction","target":["https:\/\/diarioprincipios.com\/index.php\/2022\/03\/10\/magdalena-sierra-visito-la-planta-del-grupo-a2-en-avellaneda\/"]}]},{"@type":"ImageObject","inLanguage":"es","@id":"https:\/\/diarioprincipios.com\/index.php\/2022\/03\/10\/magdalena-sierra-visito-la-planta-del-grupo-a2-en-avellaneda\/#primaryimage","url":"https:\/\/diarioprincipios.com\/wp-content\/uploads\/2022\/03\/WhatsApp-Image-2022-03-10-at-13_41_47.jpeg","contentUrl":"https:\/\/diarioprincipios.com\/wp-content\/uploads\/2022\/03\/WhatsApp-Image-2022-03-10-at-13_41_47.jpeg","width":1600,"height":1067},{"@type":"BreadcrumbList","@id":"https:\/\/diarioprincipios.com\/index.php\/2022\/03\/10\/magdalena-sierra-visito-la-planta-del-grupo-a2-en-avellaneda\/#breadcrumb","itemListElement":[{"@type":"ListItem","position":1,"name":"Portada","item":"https:\/\/diarioprincipios.com\/"},{"@type":"ListItem","position":2,"name":"Magdalena Sierra visit\u00f3 la planta del Grupo a2 en Avellaneda"}]},{"@type":"WebSite","@id":"https:\/\/diarioprincipios.com\/#website","url":"https:\/\/diarioprincipios.com\/","name":"Principios","description":"Principios Diario","publisher":{"@id":"https:\/\/diarioprincipios.com\/#organization"},"potentialAction":[{"@type":"SearchAction","target":{"@type":"EntryPoint","urlTemplate":"https:\/\/diarioprincipios.com\/?s={search_term_string}"},"query-input":{"@type":"PropertyValueSpecification","valueRequired":true,"valueName":"search_term_string"}}],"inLanguage":"es"},{"@type":"Organization","@id":"https:\/\/diarioprincipios.com\/#organization","name":"Principios","url":"https:\/\/diarioprincipios.com\/","logo":{"@type":"ImageObject","inLanguage":"es","@id":"https:\/\/diarioprincipios.com\/#\/schema\/logo\/image\/","url":"https:\/\/diarioprincipios.com\/wp-content\/uploads\/2024\/04\/cropped-www.diarioprincipios.com_-1.png","contentUrl":"https:\/\/diarioprincipios.com\/wp-content\/uploads\/2024\/04\/cropped-www.diarioprincipios.com_-1.png","width":5325,"height":1454,"caption":"Principios"},"image":{"@id":"https:\/\/diarioprincipios.com\/#\/schema\/logo\/image\/"}},{"@type":"Person","@id":"https:\/\/diarioprincipios.com\/#\/schema\/person\/436d5a1fd41a5e250e23ff5a6a7cb080","name":"Hern\u00e1n L\u00f3pez","image":{"@type":"ImageObject","inLanguage":"es","@id":"https:\/\/diarioprincipios.com\/wp-content\/litespeed\/avatar\/11ddfe5610ff3bd100522525b2571f48.jpg?ver=1777048341","url":"https:\/\/diarioprincipios.com\/wp-content\/litespeed\/avatar\/11ddfe5610ff3bd100522525b2571f48.jpg?ver=1777048341","contentUrl":"https:\/\/diarioprincipios.com\/wp-content\/litespeed\/avatar\/11ddfe5610ff3bd100522525b2571f48.jpg?ver=1777048341","caption":"Hern\u00e1n L\u00f3pez"},"url":"https:\/\/diarioprincipios.com\/index.php\/author\/hernan\/"}]}},"jetpack_featured_media_url":"https:\/\/diarioprincipios.com\/wp-content\/uploads\/2022\/03\/WhatsApp-Image-2022-03-10-at-13_41_47.jpeg","_links":{"self":[{"href":"https:\/\/diarioprincipios.com\/index.php\/wp-json\/wp\/v2\/posts\/12964","targetHints":{"allow":["GET"]}}],"collection":[{"href":"https:\/\/diarioprincipios.com\/index.php\/wp-json\/wp\/v2\/posts"}],"about":[{"href":"https:\/\/diarioprincipios.com\/index.php\/wp-json\/wp\/v2\/types\/post"}],"author":[{"embeddable":true,"href":"https:\/\/diarioprincipios.com\/index.php\/wp-json\/wp\/v2\/users\/2"}],"replies":[{"embeddable":true,"href":"https:\/\/diarioprincipios.com\/index.php\/wp-json\/wp\/v2\/comments?post=12964"}],"version-history":[{"count":1,"href":"https:\/\/diarioprincipios.com\/index.php\/wp-json\/wp\/v2\/posts\/12964\/revisions"}],"predecessor-version":[{"id":12966,"href":"https:\/\/diarioprincipios.com\/index.php\/wp-json\/wp\/v2\/posts\/12964\/revisions\/12966"}],"wp:featuredmedia":[{"embeddable":true,"href":"https:\/\/diarioprincipios.com\/index.php\/wp-json\/wp\/v2\/media\/12965"}],"wp:attachment":[{"href":"https:\/\/diarioprincipios.com\/index.php\/wp-json\/wp\/v2\/media?parent=12964"}],"wp:term":[{"taxonomy":"category","embeddable":true,"href":"https:\/\/diarioprincipios.com\/index.php\/wp-json\/wp\/v2\/categories?post=12964"},{"taxonomy":"post_tag","embeddable":true,"href":"https:\/\/diarioprincipios.com\/index.php\/wp-json\/wp\/v2\/tags?post=12964"}],"curies":[{"name":"wp","href":"https:\/\/api.w.org\/{rel}","templated":true}]}}