{"id":12957,"date":"2022-03-10T11:32:13","date_gmt":"2022-03-10T14:32:13","guid":{"rendered":"http:\/\/diarioprincipios.com\/?p=12957"},"modified":"2022-03-10T11:32:20","modified_gmt":"2022-03-10T14:32:20","slug":"reconocimiento-a-la-escritora-berazateguense-liliana-carluccio","status":"publish","type":"post","link":"https:\/\/diarioprincipios.com\/index.php\/2022\/03\/10\/reconocimiento-a-la-escritora-berazateguense-liliana-carluccio\/","title":{"rendered":"Reconocimiento a la escritora berazateguense Liliana Carluccio"},"content":{"rendered":"\n<p><strong>Por el D\u00eda Internacional de la Mujer, la escritora Liliana Carluccio particip\u00f3 de un evento conmemorativo organizado en el Consejo del Partido Justicialista de Berazategui, donde comparti\u00f3 fragmentos de su obra literaria: un intercambio epistolar ficcionado entre Evita y Juan Per\u00f3n. Durante el emotivo encuentro, que cont\u00f3 con la presencia del intendente Juan Jos\u00e9 Mussi, la autora de Pl\u00e1tanos fue destacada con el reconocimiento municipal \u201cJulieta Lanteri\u201d para mujeres de la ciudad y toda su producci\u00f3n literaria fue declarada de Inter\u00e9s Cultural.<\/strong><\/p>\n\n\n\n<p>\u201cCuando conocimos a Liliana, nos cont\u00f3 lo que hac\u00eda y nos dej\u00f3 un libro. Recuerdo que le\u00edmos algunos fragmentos y enseguida decidimos que en el D\u00eda Internacional de la Mujer la \u00edbamos a invitar para que nos leyera algunas de esas cartas entre Evita y Per\u00f3n que escribi\u00f3. Y la verdad que no nos equivocamos: las relat\u00f3 como si hubiese estado al lado de ellos y a m\u00ed, particularmente, me emocion\u00f3 much\u00edsimo. Adem\u00e1s, habr\u00e1n sabido apreciar su lucidez, su preparaci\u00f3n intelectual, las formas de leer y decir las cosas. Y, por si fuera poco, es una vecina de Berazategui\u201d, destac\u00f3 Mussi.<\/p>\n\n\n\n<p>Por su parte, Liliana Carluccio se\u00f1al\u00f3: \u201cPara m\u00ed es un verdadero orgullo haber sido distinguida como mujer destacada de Berazategui. Y agradezco que me hayan invitado a este evento para compartir parte de mi obra, que por suerte ha sido del agrado de la gran mayor\u00eda de los presentes. Qued\u00e9 admirada al verlos a todos muy emocionados, incluso algunos hasta las l\u00e1grimas. El Intendente ya se hab\u00eda conmovido cuando lo fui a ver a la Municipalidad, le llev\u00e9 mi libro y ley\u00f3 una de las cartas. Mi idea, al hacerlas, fue ponerme en el lugar de Eva y pensar en lo que ella le hubiese escrito a Per\u00f3n\u201d.<\/p>\n\n\n\n<p>Durante el encuentro, adem\u00e1s, se proyect\u00f3 un video sobre el D\u00eda Internacional de la Mujer y se le hizo entrega a Carluccio de un presente, un diploma y una copia fiel de la Ordenanza N\u00b0 6153. A trav\u00e9s de este documento aprobado por el Concejo Deliberante de Berazategui -con el apoyo de todos los bloques-, se estableci\u00f3 el reconocimiento \u201cJulieta Lanteri\u201d para esta escritora local y profesora de literatura, cuya obra fue declarada de Inter\u00e9s Cultural por el Municipio. Entre su producci\u00f3n literaria, se destaca el libro \u201cLuna de Plata\u201d y otras publicaciones, como \u201cSilencios del Mar\u201d, \u201cUn canto a la vida\u201d y \u201cArgentina Mi Pa\u00eds\u201d.<\/p>\n\n\n\n<p>Andrea Canestro, secretaria del Partido Justicialista de Berazategui, explic\u00f3 sobre el evento: \u201cComo lo hacemos habitualmente en el peronismo, decidimos conmemorar con amor este D\u00eda Internacional de la Mujer. Y hemos contado con la presencia especial de nuestro conductor y presidente del PJ local, Juan Jos\u00e9 Mussi; y de la compa\u00f1era, vecina y profesora en Letras, Liliana Carluccio, quien comparti\u00f3 con todos nosotros unas cartas de amor de su autor\u00eda entre Per\u00f3n y Evita. Realmente fueron muy emotivas, lloramos todos y nos dejaron un sentimiento hermoso y esperanzador\u201d.<\/p>\n\n\n\n<p>En tanto, Jennifer Noro -secretaria de la Juventud Peronista- resalt\u00f3: \u201cPara nosotros, este es un d\u00eda de mucha reflexi\u00f3n y de lucha, para seguir garantizando los derechos que hoy tenemos y los que vamos a seguir buscando como mujeres. As\u00ed que fue un encuentro hermoso, muy gratificante y s\u00faper emotivo, porque Eva significa mucho. Uno se la imagina, por ejemplo, dici\u00e9ndole a Per\u00f3n: \u2018Necesitamos que las mujeres voten\u2019, algo que ha sido trascendental para nuestra historia y que hoy vemos reflejado en la militancia pol\u00edtica de muchas mujeres\u201d.<\/p>\n","protected":false},"excerpt":{"rendered":"<p>Por el D\u00eda Internacional de la Mujer, la escritora Liliana Carluccio particip\u00f3 de un evento conmemorativo organizado en el Consejo del Partido Justicialista de Berazategui, donde comparti\u00f3 fragmentos de su obra literaria: un intercambio epistolar ficcionado entre Evita y Juan Per\u00f3n. Durante el emotivo encuentro, que cont\u00f3 con la presencia del intendente Juan Jos\u00e9 Mussi,&#8230;<\/p>\n","protected":false},"author":2,"featured_media":12958,"comment_status":"open","ping_status":"open","sticky":false,"template":"","format":"standard","meta":{"footnotes":""},"categories":[3],"tags":[],"class_list":["post-12957","post","type-post","status-publish","format-standard","has-post-thumbnail","hentry","category-berazategui"],"featured_image_src":"https:\/\/diarioprincipios.com\/wp-content\/uploads\/2022\/03\/MUSSI-DISTINGUIO-A-LA-ESCRITORA-BERAZATEGUENSE-LILIANA-CARLUCCIO-2-1024x683.jpg","blog_images":{"medium":"https:\/\/diarioprincipios.com\/wp-content\/uploads\/2022\/03\/MUSSI-DISTINGUIO-A-LA-ESCRITORA-BERAZATEGUENSE-LILIANA-CARLUCCIO-2-300x200.jpg","large":"https:\/\/diarioprincipios.com\/wp-content\/uploads\/2022\/03\/MUSSI-DISTINGUIO-A-LA-ESCRITORA-BERAZATEGUENSE-LILIANA-CARLUCCIO-2-1024x683.jpg"},"ams_acf":[],"yoast_head":"<!-- This site is optimized with the Yoast SEO plugin v27.3 - https:\/\/yoast.com\/product\/yoast-seo-wordpress\/ -->\n<title>Reconocimiento a la escritora berazateguense Liliana Carluccio - Principios<\/title>\n<meta name=\"robots\" content=\"index, follow, max-snippet:-1, max-image-preview:large, max-video-preview:-1\" \/>\n<link rel=\"canonical\" href=\"https:\/\/diarioprincipios.com\/index.php\/2022\/03\/10\/reconocimiento-a-la-escritora-berazateguense-liliana-carluccio\/\" \/>\n<meta property=\"og:locale\" content=\"es_ES\" \/>\n<meta property=\"og:type\" content=\"article\" \/>\n<meta property=\"og:title\" content=\"Reconocimiento a la escritora berazateguense Liliana Carluccio - Principios\" \/>\n<meta property=\"og:description\" content=\"Por el D\u00eda Internacional de la Mujer, la escritora Liliana Carluccio particip\u00f3 de un evento conmemorativo organizado en el Consejo del Partido Justicialista de Berazategui, donde comparti\u00f3 fragmentos de su obra literaria: un intercambio epistolar ficcionado entre Evita y Juan Per\u00f3n. Durante el emotivo encuentro, que cont\u00f3 con la presencia del intendente Juan Jos\u00e9 Mussi,...\" \/>\n<meta property=\"og:url\" content=\"https:\/\/diarioprincipios.com\/index.php\/2022\/03\/10\/reconocimiento-a-la-escritora-berazateguense-liliana-carluccio\/\" \/>\n<meta property=\"og:site_name\" content=\"Principios\" \/>\n<meta property=\"article:published_time\" content=\"2022-03-10T14:32:13+00:00\" \/>\n<meta property=\"article:modified_time\" content=\"2022-03-10T14:32:20+00:00\" \/>\n<meta property=\"og:image\" content=\"https:\/\/diarioprincipios.com\/wp-content\/uploads\/2022\/03\/MUSSI-DISTINGUIO-A-LA-ESCRITORA-BERAZATEGUENSE-LILIANA-CARLUCCIO-2.jpg\" \/>\n\t<meta property=\"og:image:width\" content=\"1920\" \/>\n\t<meta property=\"og:image:height\" content=\"1280\" \/>\n\t<meta property=\"og:image:type\" content=\"image\/jpeg\" \/>\n<meta name=\"author\" content=\"Hern\u00e1n L\u00f3pez\" \/>\n<meta name=\"twitter:card\" content=\"summary_large_image\" \/>\n<meta name=\"twitter:label1\" content=\"Escrito por\" \/>\n\t<meta name=\"twitter:data1\" content=\"Hern\u00e1n L\u00f3pez\" \/>\n\t<meta name=\"twitter:label2\" content=\"Tiempo de lectura\" \/>\n\t<meta name=\"twitter:data2\" content=\"3 minutos\" \/>\n<script type=\"application\/ld+json\" class=\"yoast-schema-graph\">{\"@context\":\"https:\\\/\\\/schema.org\",\"@graph\":[{\"@type\":\"Article\",\"@id\":\"https:\\\/\\\/diarioprincipios.com\\\/index.php\\\/2022\\\/03\\\/10\\\/reconocimiento-a-la-escritora-berazateguense-liliana-carluccio\\\/#article\",\"isPartOf\":{\"@id\":\"https:\\\/\\\/diarioprincipios.com\\\/index.php\\\/2022\\\/03\\\/10\\\/reconocimiento-a-la-escritora-berazateguense-liliana-carluccio\\\/\"},\"author\":{\"name\":\"Hern\u00e1n L\u00f3pez\",\"@id\":\"https:\\\/\\\/diarioprincipios.com\\\/#\\\/schema\\\/person\\\/436d5a1fd41a5e250e23ff5a6a7cb080\"},\"headline\":\"Reconocimiento a la escritora berazateguense Liliana Carluccio\",\"datePublished\":\"2022-03-10T14:32:13+00:00\",\"dateModified\":\"2022-03-10T14:32:20+00:00\",\"mainEntityOfPage\":{\"@id\":\"https:\\\/\\\/diarioprincipios.com\\\/index.php\\\/2022\\\/03\\\/10\\\/reconocimiento-a-la-escritora-berazateguense-liliana-carluccio\\\/\"},\"wordCount\":613,\"commentCount\":0,\"publisher\":{\"@id\":\"https:\\\/\\\/diarioprincipios.com\\\/#organization\"},\"image\":{\"@id\":\"https:\\\/\\\/diarioprincipios.com\\\/index.php\\\/2022\\\/03\\\/10\\\/reconocimiento-a-la-escritora-berazateguense-liliana-carluccio\\\/#primaryimage\"},\"thumbnailUrl\":\"https:\\\/\\\/diarioprincipios.com\\\/wp-content\\\/uploads\\\/2022\\\/03\\\/MUSSI-DISTINGUIO-A-LA-ESCRITORA-BERAZATEGUENSE-LILIANA-CARLUCCIO-2.jpg\",\"articleSection\":[\"Berazategui\"],\"inLanguage\":\"es\",\"potentialAction\":[{\"@type\":\"CommentAction\",\"name\":\"Comment\",\"target\":[\"https:\\\/\\\/diarioprincipios.com\\\/index.php\\\/2022\\\/03\\\/10\\\/reconocimiento-a-la-escritora-berazateguense-liliana-carluccio\\\/#respond\"]}]},{\"@type\":\"WebPage\",\"@id\":\"https:\\\/\\\/diarioprincipios.com\\\/index.php\\\/2022\\\/03\\\/10\\\/reconocimiento-a-la-escritora-berazateguense-liliana-carluccio\\\/\",\"url\":\"https:\\\/\\\/diarioprincipios.com\\\/index.php\\\/2022\\\/03\\\/10\\\/reconocimiento-a-la-escritora-berazateguense-liliana-carluccio\\\/\",\"name\":\"Reconocimiento a la escritora berazateguense Liliana Carluccio - Principios\",\"isPartOf\":{\"@id\":\"https:\\\/\\\/diarioprincipios.com\\\/#website\"},\"primaryImageOfPage\":{\"@id\":\"https:\\\/\\\/diarioprincipios.com\\\/index.php\\\/2022\\\/03\\\/10\\\/reconocimiento-a-la-escritora-berazateguense-liliana-carluccio\\\/#primaryimage\"},\"image\":{\"@id\":\"https:\\\/\\\/diarioprincipios.com\\\/index.php\\\/2022\\\/03\\\/10\\\/reconocimiento-a-la-escritora-berazateguense-liliana-carluccio\\\/#primaryimage\"},\"thumbnailUrl\":\"https:\\\/\\\/diarioprincipios.com\\\/wp-content\\\/uploads\\\/2022\\\/03\\\/MUSSI-DISTINGUIO-A-LA-ESCRITORA-BERAZATEGUENSE-LILIANA-CARLUCCIO-2.jpg\",\"datePublished\":\"2022-03-10T14:32:13+00:00\",\"dateModified\":\"2022-03-10T14:32:20+00:00\",\"breadcrumb\":{\"@id\":\"https:\\\/\\\/diarioprincipios.com\\\/index.php\\\/2022\\\/03\\\/10\\\/reconocimiento-a-la-escritora-berazateguense-liliana-carluccio\\\/#breadcrumb\"},\"inLanguage\":\"es\",\"potentialAction\":[{\"@type\":\"ReadAction\",\"target\":[\"https:\\\/\\\/diarioprincipios.com\\\/index.php\\\/2022\\\/03\\\/10\\\/reconocimiento-a-la-escritora-berazateguense-liliana-carluccio\\\/\"]}]},{\"@type\":\"ImageObject\",\"inLanguage\":\"es\",\"@id\":\"https:\\\/\\\/diarioprincipios.com\\\/index.php\\\/2022\\\/03\\\/10\\\/reconocimiento-a-la-escritora-berazateguense-liliana-carluccio\\\/#primaryimage\",\"url\":\"https:\\\/\\\/diarioprincipios.com\\\/wp-content\\\/uploads\\\/2022\\\/03\\\/MUSSI-DISTINGUIO-A-LA-ESCRITORA-BERAZATEGUENSE-LILIANA-CARLUCCIO-2.jpg\",\"contentUrl\":\"https:\\\/\\\/diarioprincipios.com\\\/wp-content\\\/uploads\\\/2022\\\/03\\\/MUSSI-DISTINGUIO-A-LA-ESCRITORA-BERAZATEGUENSE-LILIANA-CARLUCCIO-2.jpg\",\"width\":1920,\"height\":1280},{\"@type\":\"BreadcrumbList\",\"@id\":\"https:\\\/\\\/diarioprincipios.com\\\/index.php\\\/2022\\\/03\\\/10\\\/reconocimiento-a-la-escritora-berazateguense-liliana-carluccio\\\/#breadcrumb\",\"itemListElement\":[{\"@type\":\"ListItem\",\"position\":1,\"name\":\"Portada\",\"item\":\"https:\\\/\\\/diarioprincipios.com\\\/\"},{\"@type\":\"ListItem\",\"position\":2,\"name\":\"Reconocimiento a la escritora berazateguense Liliana Carluccio\"}]},{\"@type\":\"WebSite\",\"@id\":\"https:\\\/\\\/diarioprincipios.com\\\/#website\",\"url\":\"https:\\\/\\\/diarioprincipios.com\\\/\",\"name\":\"Principios\",\"description\":\"Principios Diario\",\"publisher\":{\"@id\":\"https:\\\/\\\/diarioprincipios.com\\\/#organization\"},\"potentialAction\":[{\"@type\":\"SearchAction\",\"target\":{\"@type\":\"EntryPoint\",\"urlTemplate\":\"https:\\\/\\\/diarioprincipios.com\\\/?s={search_term_string}\"},\"query-input\":{\"@type\":\"PropertyValueSpecification\",\"valueRequired\":true,\"valueName\":\"search_term_string\"}}],\"inLanguage\":\"es\"},{\"@type\":\"Organization\",\"@id\":\"https:\\\/\\\/diarioprincipios.com\\\/#organization\",\"name\":\"Principios\",\"url\":\"https:\\\/\\\/diarioprincipios.com\\\/\",\"logo\":{\"@type\":\"ImageObject\",\"inLanguage\":\"es\",\"@id\":\"https:\\\/\\\/diarioprincipios.com\\\/#\\\/schema\\\/logo\\\/image\\\/\",\"url\":\"https:\\\/\\\/diarioprincipios.com\\\/wp-content\\\/uploads\\\/2024\\\/04\\\/cropped-www.diarioprincipios.com_-1.png\",\"contentUrl\":\"https:\\\/\\\/diarioprincipios.com\\\/wp-content\\\/uploads\\\/2024\\\/04\\\/cropped-www.diarioprincipios.com_-1.png\",\"width\":5325,\"height\":1454,\"caption\":\"Principios\"},\"image\":{\"@id\":\"https:\\\/\\\/diarioprincipios.com\\\/#\\\/schema\\\/logo\\\/image\\\/\"}},{\"@type\":\"Person\",\"@id\":\"https:\\\/\\\/diarioprincipios.com\\\/#\\\/schema\\\/person\\\/436d5a1fd41a5e250e23ff5a6a7cb080\",\"name\":\"Hern\u00e1n L\u00f3pez\",\"image\":{\"@type\":\"ImageObject\",\"inLanguage\":\"es\",\"@id\":\"https:\\\/\\\/diarioprincipios.com\\\/wp-content\\\/litespeed\\\/avatar\\\/11ddfe5610ff3bd100522525b2571f48.jpg?ver=1777048341\",\"url\":\"https:\\\/\\\/diarioprincipios.com\\\/wp-content\\\/litespeed\\\/avatar\\\/11ddfe5610ff3bd100522525b2571f48.jpg?ver=1777048341\",\"contentUrl\":\"https:\\\/\\\/diarioprincipios.com\\\/wp-content\\\/litespeed\\\/avatar\\\/11ddfe5610ff3bd100522525b2571f48.jpg?ver=1777048341\",\"caption\":\"Hern\u00e1n L\u00f3pez\"},\"url\":\"https:\\\/\\\/diarioprincipios.com\\\/index.php\\\/author\\\/hernan\\\/\"}]}<\/script>\n<!-- \/ Yoast SEO plugin. -->","yoast_head_json":{"title":"Reconocimiento a la escritora berazateguense Liliana Carluccio - Principios","robots":{"index":"index","follow":"follow","max-snippet":"max-snippet:-1","max-image-preview":"max-image-preview:large","max-video-preview":"max-video-preview:-1"},"canonical":"https:\/\/diarioprincipios.com\/index.php\/2022\/03\/10\/reconocimiento-a-la-escritora-berazateguense-liliana-carluccio\/","og_locale":"es_ES","og_type":"article","og_title":"Reconocimiento a la escritora berazateguense Liliana Carluccio - Principios","og_description":"Por el D\u00eda Internacional de la Mujer, la escritora Liliana Carluccio particip\u00f3 de un evento conmemorativo organizado en el Consejo del Partido Justicialista de Berazategui, donde comparti\u00f3 fragmentos de su obra literaria: un intercambio epistolar ficcionado entre Evita y Juan Per\u00f3n. Durante el emotivo encuentro, que cont\u00f3 con la presencia del intendente Juan Jos\u00e9 Mussi,...","og_url":"https:\/\/diarioprincipios.com\/index.php\/2022\/03\/10\/reconocimiento-a-la-escritora-berazateguense-liliana-carluccio\/","og_site_name":"Principios","article_published_time":"2022-03-10T14:32:13+00:00","article_modified_time":"2022-03-10T14:32:20+00:00","og_image":[{"width":1920,"height":1280,"url":"https:\/\/diarioprincipios.com\/wp-content\/uploads\/2022\/03\/MUSSI-DISTINGUIO-A-LA-ESCRITORA-BERAZATEGUENSE-LILIANA-CARLUCCIO-2.jpg","type":"image\/jpeg"}],"author":"Hern\u00e1n L\u00f3pez","twitter_card":"summary_large_image","twitter_misc":{"Escrito por":"Hern\u00e1n L\u00f3pez","Tiempo de lectura":"3 minutos"},"schema":{"@context":"https:\/\/schema.org","@graph":[{"@type":"Article","@id":"https:\/\/diarioprincipios.com\/index.php\/2022\/03\/10\/reconocimiento-a-la-escritora-berazateguense-liliana-carluccio\/#article","isPartOf":{"@id":"https:\/\/diarioprincipios.com\/index.php\/2022\/03\/10\/reconocimiento-a-la-escritora-berazateguense-liliana-carluccio\/"},"author":{"name":"Hern\u00e1n L\u00f3pez","@id":"https:\/\/diarioprincipios.com\/#\/schema\/person\/436d5a1fd41a5e250e23ff5a6a7cb080"},"headline":"Reconocimiento a la escritora berazateguense Liliana Carluccio","datePublished":"2022-03-10T14:32:13+00:00","dateModified":"2022-03-10T14:32:20+00:00","mainEntityOfPage":{"@id":"https:\/\/diarioprincipios.com\/index.php\/2022\/03\/10\/reconocimiento-a-la-escritora-berazateguense-liliana-carluccio\/"},"wordCount":613,"commentCount":0,"publisher":{"@id":"https:\/\/diarioprincipios.com\/#organization"},"image":{"@id":"https:\/\/diarioprincipios.com\/index.php\/2022\/03\/10\/reconocimiento-a-la-escritora-berazateguense-liliana-carluccio\/#primaryimage"},"thumbnailUrl":"https:\/\/diarioprincipios.com\/wp-content\/uploads\/2022\/03\/MUSSI-DISTINGUIO-A-LA-ESCRITORA-BERAZATEGUENSE-LILIANA-CARLUCCIO-2.jpg","articleSection":["Berazategui"],"inLanguage":"es","potentialAction":[{"@type":"CommentAction","name":"Comment","target":["https:\/\/diarioprincipios.com\/index.php\/2022\/03\/10\/reconocimiento-a-la-escritora-berazateguense-liliana-carluccio\/#respond"]}]},{"@type":"WebPage","@id":"https:\/\/diarioprincipios.com\/index.php\/2022\/03\/10\/reconocimiento-a-la-escritora-berazateguense-liliana-carluccio\/","url":"https:\/\/diarioprincipios.com\/index.php\/2022\/03\/10\/reconocimiento-a-la-escritora-berazateguense-liliana-carluccio\/","name":"Reconocimiento a la escritora berazateguense Liliana Carluccio - Principios","isPartOf":{"@id":"https:\/\/diarioprincipios.com\/#website"},"primaryImageOfPage":{"@id":"https:\/\/diarioprincipios.com\/index.php\/2022\/03\/10\/reconocimiento-a-la-escritora-berazateguense-liliana-carluccio\/#primaryimage"},"image":{"@id":"https:\/\/diarioprincipios.com\/index.php\/2022\/03\/10\/reconocimiento-a-la-escritora-berazateguense-liliana-carluccio\/#primaryimage"},"thumbnailUrl":"https:\/\/diarioprincipios.com\/wp-content\/uploads\/2022\/03\/MUSSI-DISTINGUIO-A-LA-ESCRITORA-BERAZATEGUENSE-LILIANA-CARLUCCIO-2.jpg","datePublished":"2022-03-10T14:32:13+00:00","dateModified":"2022-03-10T14:32:20+00:00","breadcrumb":{"@id":"https:\/\/diarioprincipios.com\/index.php\/2022\/03\/10\/reconocimiento-a-la-escritora-berazateguense-liliana-carluccio\/#breadcrumb"},"inLanguage":"es","potentialAction":[{"@type":"ReadAction","target":["https:\/\/diarioprincipios.com\/index.php\/2022\/03\/10\/reconocimiento-a-la-escritora-berazateguense-liliana-carluccio\/"]}]},{"@type":"ImageObject","inLanguage":"es","@id":"https:\/\/diarioprincipios.com\/index.php\/2022\/03\/10\/reconocimiento-a-la-escritora-berazateguense-liliana-carluccio\/#primaryimage","url":"https:\/\/diarioprincipios.com\/wp-content\/uploads\/2022\/03\/MUSSI-DISTINGUIO-A-LA-ESCRITORA-BERAZATEGUENSE-LILIANA-CARLUCCIO-2.jpg","contentUrl":"https:\/\/diarioprincipios.com\/wp-content\/uploads\/2022\/03\/MUSSI-DISTINGUIO-A-LA-ESCRITORA-BERAZATEGUENSE-LILIANA-CARLUCCIO-2.jpg","width":1920,"height":1280},{"@type":"BreadcrumbList","@id":"https:\/\/diarioprincipios.com\/index.php\/2022\/03\/10\/reconocimiento-a-la-escritora-berazateguense-liliana-carluccio\/#breadcrumb","itemListElement":[{"@type":"ListItem","position":1,"name":"Portada","item":"https:\/\/diarioprincipios.com\/"},{"@type":"ListItem","position":2,"name":"Reconocimiento a la escritora berazateguense Liliana Carluccio"}]},{"@type":"WebSite","@id":"https:\/\/diarioprincipios.com\/#website","url":"https:\/\/diarioprincipios.com\/","name":"Principios","description":"Principios Diario","publisher":{"@id":"https:\/\/diarioprincipios.com\/#organization"},"potentialAction":[{"@type":"SearchAction","target":{"@type":"EntryPoint","urlTemplate":"https:\/\/diarioprincipios.com\/?s={search_term_string}"},"query-input":{"@type":"PropertyValueSpecification","valueRequired":true,"valueName":"search_term_string"}}],"inLanguage":"es"},{"@type":"Organization","@id":"https:\/\/diarioprincipios.com\/#organization","name":"Principios","url":"https:\/\/diarioprincipios.com\/","logo":{"@type":"ImageObject","inLanguage":"es","@id":"https:\/\/diarioprincipios.com\/#\/schema\/logo\/image\/","url":"https:\/\/diarioprincipios.com\/wp-content\/uploads\/2024\/04\/cropped-www.diarioprincipios.com_-1.png","contentUrl":"https:\/\/diarioprincipios.com\/wp-content\/uploads\/2024\/04\/cropped-www.diarioprincipios.com_-1.png","width":5325,"height":1454,"caption":"Principios"},"image":{"@id":"https:\/\/diarioprincipios.com\/#\/schema\/logo\/image\/"}},{"@type":"Person","@id":"https:\/\/diarioprincipios.com\/#\/schema\/person\/436d5a1fd41a5e250e23ff5a6a7cb080","name":"Hern\u00e1n L\u00f3pez","image":{"@type":"ImageObject","inLanguage":"es","@id":"https:\/\/diarioprincipios.com\/wp-content\/litespeed\/avatar\/11ddfe5610ff3bd100522525b2571f48.jpg?ver=1777048341","url":"https:\/\/diarioprincipios.com\/wp-content\/litespeed\/avatar\/11ddfe5610ff3bd100522525b2571f48.jpg?ver=1777048341","contentUrl":"https:\/\/diarioprincipios.com\/wp-content\/litespeed\/avatar\/11ddfe5610ff3bd100522525b2571f48.jpg?ver=1777048341","caption":"Hern\u00e1n L\u00f3pez"},"url":"https:\/\/diarioprincipios.com\/index.php\/author\/hernan\/"}]}},"jetpack_featured_media_url":"https:\/\/diarioprincipios.com\/wp-content\/uploads\/2022\/03\/MUSSI-DISTINGUIO-A-LA-ESCRITORA-BERAZATEGUENSE-LILIANA-CARLUCCIO-2.jpg","_links":{"self":[{"href":"https:\/\/diarioprincipios.com\/index.php\/wp-json\/wp\/v2\/posts\/12957","targetHints":{"allow":["GET"]}}],"collection":[{"href":"https:\/\/diarioprincipios.com\/index.php\/wp-json\/wp\/v2\/posts"}],"about":[{"href":"https:\/\/diarioprincipios.com\/index.php\/wp-json\/wp\/v2\/types\/post"}],"author":[{"embeddable":true,"href":"https:\/\/diarioprincipios.com\/index.php\/wp-json\/wp\/v2\/users\/2"}],"replies":[{"embeddable":true,"href":"https:\/\/diarioprincipios.com\/index.php\/wp-json\/wp\/v2\/comments?post=12957"}],"version-history":[{"count":1,"href":"https:\/\/diarioprincipios.com\/index.php\/wp-json\/wp\/v2\/posts\/12957\/revisions"}],"predecessor-version":[{"id":12959,"href":"https:\/\/diarioprincipios.com\/index.php\/wp-json\/wp\/v2\/posts\/12957\/revisions\/12959"}],"wp:featuredmedia":[{"embeddable":true,"href":"https:\/\/diarioprincipios.com\/index.php\/wp-json\/wp\/v2\/media\/12958"}],"wp:attachment":[{"href":"https:\/\/diarioprincipios.com\/index.php\/wp-json\/wp\/v2\/media?parent=12957"}],"wp:term":[{"taxonomy":"category","embeddable":true,"href":"https:\/\/diarioprincipios.com\/index.php\/wp-json\/wp\/v2\/categories?post=12957"},{"taxonomy":"post_tag","embeddable":true,"href":"https:\/\/diarioprincipios.com\/index.php\/wp-json\/wp\/v2\/tags?post=12957"}],"curies":[{"name":"wp","href":"https:\/\/api.w.org\/{rel}","templated":true}]}}