{"id":12954,"date":"2022-03-09T19:27:56","date_gmt":"2022-03-09T22:27:56","guid":{"rendered":"http:\/\/diarioprincipios.com\/?p=12954"},"modified":"2022-03-09T19:28:04","modified_gmt":"2022-03-09T22:28:04","slug":"abrio-la-inscripcion-para-natacion-en-los-privilegiados","status":"publish","type":"post","link":"https:\/\/diarioprincipios.com\/index.php\/2022\/03\/09\/abrio-la-inscripcion-para-natacion-en-los-privilegiados\/","title":{"rendered":"Abri\u00f3 la Inscripci\u00f3n para Nataci\u00f3n en Los Privilegiados"},"content":{"rendered":"\n<p><strong>La Municipalidad de Berazategui acerca a los vecinos y vecinas la oportunidad de sumarse a clases gratuitas en la pileta climatizada del Complejo Municipal Los Privilegiados (calle 156 y 50, Pl\u00e1tanos). Son brindadas por la Secretar\u00eda de Desarrollo Social y Comunitario.<br><\/strong><br>Mar\u00eda Laura Lacava, titular de ese \u00e1rea, afirm\u00f3: \u201cEsta es una de las pol\u00edticas p\u00fablicas que viene llevando adelante el Municipio, por decisi\u00f3n del intendente Juan Jos\u00e9 Mussi desde hace much\u00edsimos a\u00f1os, destinadas a mejorar la calidad de vida de la comunidad. Tratamos de poner a su servicio tanto el deporte como la recreaci\u00f3n, en much\u00edsimos lugares de la ciudad. De esta manera, podr\u00e1n inscribirse y hacer actividades de nataci\u00f3n en el Complejo Municipal Los Privilegiados, donde la pileta va a funcionar desde abril hasta noviembre, de lunes a viernes de 8.00 a 20.00 y s\u00e1bados de 8.00 a 18.00. Tenemos un amplio abanico de horarios para que los vecinos puedan inscribirse y crezca la participaci\u00f3n de aquellos que necesitan la actividad f\u00edsica y no puedan asistir a una pileta privada\u201d.<\/p>\n\n\n\n<p>Las clases de nataci\u00f3n est\u00e1n dirigidas a los diferentes grupos etarios, seg\u00fan el siguiente cronograma:<\/p>\n\n\n\n<p><strong>Inscripci\u00f3n presencial<br><\/strong><br>&#8211; Adultos mayores (de 60 a\u00f1os en adelante): en el Complejo Municipal Los Privilegiados, del 7 al 18 de marzo, de lunes a viernes de 9.00 a 12.00 y de 13.00 a 17.00. Deben presentar DNI, pase sanitario y carnet de obra social.<\/p>\n\n\n\n<p><strong>Inscripci\u00f3n online<br><\/strong><br>&#8211; Adultos menores (de 17 a 59 a\u00f1os): martes 8 de marzo, a partir de las 10.00.<\/p>\n\n\n\n<p>&#8211; Ni\u00f1os (de 6 a 11 a\u00f1os): jueves 10 de marzo, desde las 10.00.<\/p>\n\n\n\n<p>&#8211; Adolescentes (de 12 a 16 a\u00f1os): viernes 11 de marzo, a partir de las 10.00.<\/p>\n\n\n\n<p>&#8211; Personas con discapacidades (ni\u00f1os, adolescentes y adultos de 3 a 50 a\u00f1os con discapacidad intelectual leve, retraso madurativo y TEA): viernes 11 de marzo, a partir de las 10.00.<\/p>\n\n\n\n<p>Para estos grupos, la inscripci\u00f3n se realiza a trav\u00e9s del sitio&nbsp;<a rel=\"noreferrer noopener\" target=\"_blank\" href=\"http:\/\/berazategui.gob.ar\/nataci%C3%B3n\">berazategui.gob.ar\/nataci\u00f3n<\/a>.<\/p>\n\n\n\n<p>Se recuerda a todos aquellos que se inscriban a trav\u00e9s de la p\u00e1gina web que, de no presentarse a la corroboraci\u00f3n de datos el d\u00eda y fecha correspondiente -que son informados en la inscripci\u00f3n-, autom\u00e1ticamente perder\u00e1n la vacante.<\/p>\n","protected":false},"excerpt":{"rendered":"<p>La Municipalidad de Berazategui acerca a los vecinos y vecinas la oportunidad de sumarse a clases gratuitas en la pileta climatizada del Complejo Municipal Los Privilegiados (calle 156 y 50, Pl\u00e1tanos). Son brindadas por la Secretar\u00eda de Desarrollo Social y Comunitario.Mar\u00eda Laura Lacava, titular de ese \u00e1rea, afirm\u00f3: \u201cEsta es una de las pol\u00edticas p\u00fablicas&#8230;<\/p>\n","protected":false},"author":2,"featured_media":12955,"comment_status":"open","ping_status":"open","sticky":false,"template":"","format":"standard","meta":{"footnotes":""},"categories":[3],"tags":[],"class_list":["post-12954","post","type-post","status-publish","format-standard","has-post-thumbnail","hentry","category-berazategui"],"featured_image_src":"https:\/\/diarioprincipios.com\/wp-content\/uploads\/2022\/03\/YA-ESTA-ABIERTA-LA-INSCRIPCION-PARA-NATACION-EN-LOS-PRIVILEGIADOS-1-1024x683.jpg","blog_images":{"medium":"https:\/\/diarioprincipios.com\/wp-content\/uploads\/2022\/03\/YA-ESTA-ABIERTA-LA-INSCRIPCION-PARA-NATACION-EN-LOS-PRIVILEGIADOS-1-300x200.jpg","large":"https:\/\/diarioprincipios.com\/wp-content\/uploads\/2022\/03\/YA-ESTA-ABIERTA-LA-INSCRIPCION-PARA-NATACION-EN-LOS-PRIVILEGIADOS-1-1024x683.jpg"},"ams_acf":[],"yoast_head":"<!-- This site is optimized with the Yoast SEO plugin v27.3 - https:\/\/yoast.com\/product\/yoast-seo-wordpress\/ -->\n<title>Abri\u00f3 la Inscripci\u00f3n para Nataci\u00f3n en Los Privilegiados - Principios<\/title>\n<meta name=\"robots\" content=\"index, follow, max-snippet:-1, max-image-preview:large, max-video-preview:-1\" \/>\n<link rel=\"canonical\" href=\"https:\/\/diarioprincipios.com\/index.php\/2022\/03\/09\/abrio-la-inscripcion-para-natacion-en-los-privilegiados\/\" \/>\n<meta property=\"og:locale\" content=\"es_ES\" \/>\n<meta property=\"og:type\" content=\"article\" \/>\n<meta property=\"og:title\" content=\"Abri\u00f3 la Inscripci\u00f3n para Nataci\u00f3n en Los Privilegiados - Principios\" \/>\n<meta property=\"og:description\" content=\"La Municipalidad de Berazategui acerca a los vecinos y vecinas la oportunidad de sumarse a clases gratuitas en la pileta climatizada del Complejo Municipal Los Privilegiados (calle 156 y 50, Pl\u00e1tanos). Son brindadas por la Secretar\u00eda de Desarrollo Social y Comunitario.Mar\u00eda Laura Lacava, titular de ese \u00e1rea, afirm\u00f3: \u201cEsta es una de las pol\u00edticas p\u00fablicas...\" \/>\n<meta property=\"og:url\" content=\"https:\/\/diarioprincipios.com\/index.php\/2022\/03\/09\/abrio-la-inscripcion-para-natacion-en-los-privilegiados\/\" \/>\n<meta property=\"og:site_name\" content=\"Principios\" \/>\n<meta property=\"article:published_time\" content=\"2022-03-09T22:27:56+00:00\" \/>\n<meta property=\"article:modified_time\" content=\"2022-03-09T22:28:04+00:00\" \/>\n<meta property=\"og:image\" content=\"https:\/\/diarioprincipios.com\/wp-content\/uploads\/2022\/03\/YA-ESTA-ABIERTA-LA-INSCRIPCION-PARA-NATACION-EN-LOS-PRIVILEGIADOS-1.jpg\" \/>\n\t<meta property=\"og:image:width\" content=\"1920\" \/>\n\t<meta property=\"og:image:height\" content=\"1280\" \/>\n\t<meta property=\"og:image:type\" content=\"image\/jpeg\" \/>\n<meta name=\"author\" content=\"Hern\u00e1n L\u00f3pez\" \/>\n<meta name=\"twitter:card\" content=\"summary_large_image\" \/>\n<meta name=\"twitter:label1\" content=\"Escrito por\" \/>\n\t<meta name=\"twitter:data1\" content=\"Hern\u00e1n L\u00f3pez\" \/>\n\t<meta name=\"twitter:label2\" content=\"Tiempo de lectura\" \/>\n\t<meta name=\"twitter:data2\" content=\"2 minutos\" \/>\n<script type=\"application\/ld+json\" class=\"yoast-schema-graph\">{\"@context\":\"https:\\\/\\\/schema.org\",\"@graph\":[{\"@type\":\"Article\",\"@id\":\"https:\\\/\\\/diarioprincipios.com\\\/index.php\\\/2022\\\/03\\\/09\\\/abrio-la-inscripcion-para-natacion-en-los-privilegiados\\\/#article\",\"isPartOf\":{\"@id\":\"https:\\\/\\\/diarioprincipios.com\\\/index.php\\\/2022\\\/03\\\/09\\\/abrio-la-inscripcion-para-natacion-en-los-privilegiados\\\/\"},\"author\":{\"name\":\"Hern\u00e1n L\u00f3pez\",\"@id\":\"https:\\\/\\\/diarioprincipios.com\\\/#\\\/schema\\\/person\\\/436d5a1fd41a5e250e23ff5a6a7cb080\"},\"headline\":\"Abri\u00f3 la Inscripci\u00f3n para Nataci\u00f3n en Los Privilegiados\",\"datePublished\":\"2022-03-09T22:27:56+00:00\",\"dateModified\":\"2022-03-09T22:28:04+00:00\",\"mainEntityOfPage\":{\"@id\":\"https:\\\/\\\/diarioprincipios.com\\\/index.php\\\/2022\\\/03\\\/09\\\/abrio-la-inscripcion-para-natacion-en-los-privilegiados\\\/\"},\"wordCount\":383,\"commentCount\":0,\"publisher\":{\"@id\":\"https:\\\/\\\/diarioprincipios.com\\\/#organization\"},\"image\":{\"@id\":\"https:\\\/\\\/diarioprincipios.com\\\/index.php\\\/2022\\\/03\\\/09\\\/abrio-la-inscripcion-para-natacion-en-los-privilegiados\\\/#primaryimage\"},\"thumbnailUrl\":\"https:\\\/\\\/diarioprincipios.com\\\/wp-content\\\/uploads\\\/2022\\\/03\\\/YA-ESTA-ABIERTA-LA-INSCRIPCION-PARA-NATACION-EN-LOS-PRIVILEGIADOS-1.jpg\",\"articleSection\":[\"Berazategui\"],\"inLanguage\":\"es\",\"potentialAction\":[{\"@type\":\"CommentAction\",\"name\":\"Comment\",\"target\":[\"https:\\\/\\\/diarioprincipios.com\\\/index.php\\\/2022\\\/03\\\/09\\\/abrio-la-inscripcion-para-natacion-en-los-privilegiados\\\/#respond\"]}]},{\"@type\":\"WebPage\",\"@id\":\"https:\\\/\\\/diarioprincipios.com\\\/index.php\\\/2022\\\/03\\\/09\\\/abrio-la-inscripcion-para-natacion-en-los-privilegiados\\\/\",\"url\":\"https:\\\/\\\/diarioprincipios.com\\\/index.php\\\/2022\\\/03\\\/09\\\/abrio-la-inscripcion-para-natacion-en-los-privilegiados\\\/\",\"name\":\"Abri\u00f3 la Inscripci\u00f3n para Nataci\u00f3n en Los Privilegiados - Principios\",\"isPartOf\":{\"@id\":\"https:\\\/\\\/diarioprincipios.com\\\/#website\"},\"primaryImageOfPage\":{\"@id\":\"https:\\\/\\\/diarioprincipios.com\\\/index.php\\\/2022\\\/03\\\/09\\\/abrio-la-inscripcion-para-natacion-en-los-privilegiados\\\/#primaryimage\"},\"image\":{\"@id\":\"https:\\\/\\\/diarioprincipios.com\\\/index.php\\\/2022\\\/03\\\/09\\\/abrio-la-inscripcion-para-natacion-en-los-privilegiados\\\/#primaryimage\"},\"thumbnailUrl\":\"https:\\\/\\\/diarioprincipios.com\\\/wp-content\\\/uploads\\\/2022\\\/03\\\/YA-ESTA-ABIERTA-LA-INSCRIPCION-PARA-NATACION-EN-LOS-PRIVILEGIADOS-1.jpg\",\"datePublished\":\"2022-03-09T22:27:56+00:00\",\"dateModified\":\"2022-03-09T22:28:04+00:00\",\"breadcrumb\":{\"@id\":\"https:\\\/\\\/diarioprincipios.com\\\/index.php\\\/2022\\\/03\\\/09\\\/abrio-la-inscripcion-para-natacion-en-los-privilegiados\\\/#breadcrumb\"},\"inLanguage\":\"es\",\"potentialAction\":[{\"@type\":\"ReadAction\",\"target\":[\"https:\\\/\\\/diarioprincipios.com\\\/index.php\\\/2022\\\/03\\\/09\\\/abrio-la-inscripcion-para-natacion-en-los-privilegiados\\\/\"]}]},{\"@type\":\"ImageObject\",\"inLanguage\":\"es\",\"@id\":\"https:\\\/\\\/diarioprincipios.com\\\/index.php\\\/2022\\\/03\\\/09\\\/abrio-la-inscripcion-para-natacion-en-los-privilegiados\\\/#primaryimage\",\"url\":\"https:\\\/\\\/diarioprincipios.com\\\/wp-content\\\/uploads\\\/2022\\\/03\\\/YA-ESTA-ABIERTA-LA-INSCRIPCION-PARA-NATACION-EN-LOS-PRIVILEGIADOS-1.jpg\",\"contentUrl\":\"https:\\\/\\\/diarioprincipios.com\\\/wp-content\\\/uploads\\\/2022\\\/03\\\/YA-ESTA-ABIERTA-LA-INSCRIPCION-PARA-NATACION-EN-LOS-PRIVILEGIADOS-1.jpg\",\"width\":1920,\"height\":1280},{\"@type\":\"BreadcrumbList\",\"@id\":\"https:\\\/\\\/diarioprincipios.com\\\/index.php\\\/2022\\\/03\\\/09\\\/abrio-la-inscripcion-para-natacion-en-los-privilegiados\\\/#breadcrumb\",\"itemListElement\":[{\"@type\":\"ListItem\",\"position\":1,\"name\":\"Portada\",\"item\":\"https:\\\/\\\/diarioprincipios.com\\\/\"},{\"@type\":\"ListItem\",\"position\":2,\"name\":\"Abri\u00f3 la Inscripci\u00f3n para Nataci\u00f3n en Los Privilegiados\"}]},{\"@type\":\"WebSite\",\"@id\":\"https:\\\/\\\/diarioprincipios.com\\\/#website\",\"url\":\"https:\\\/\\\/diarioprincipios.com\\\/\",\"name\":\"Principios\",\"description\":\"Principios Diario\",\"publisher\":{\"@id\":\"https:\\\/\\\/diarioprincipios.com\\\/#organization\"},\"potentialAction\":[{\"@type\":\"SearchAction\",\"target\":{\"@type\":\"EntryPoint\",\"urlTemplate\":\"https:\\\/\\\/diarioprincipios.com\\\/?s={search_term_string}\"},\"query-input\":{\"@type\":\"PropertyValueSpecification\",\"valueRequired\":true,\"valueName\":\"search_term_string\"}}],\"inLanguage\":\"es\"},{\"@type\":\"Organization\",\"@id\":\"https:\\\/\\\/diarioprincipios.com\\\/#organization\",\"name\":\"Principios\",\"url\":\"https:\\\/\\\/diarioprincipios.com\\\/\",\"logo\":{\"@type\":\"ImageObject\",\"inLanguage\":\"es\",\"@id\":\"https:\\\/\\\/diarioprincipios.com\\\/#\\\/schema\\\/logo\\\/image\\\/\",\"url\":\"https:\\\/\\\/diarioprincipios.com\\\/wp-content\\\/uploads\\\/2024\\\/04\\\/cropped-www.diarioprincipios.com_-1.png\",\"contentUrl\":\"https:\\\/\\\/diarioprincipios.com\\\/wp-content\\\/uploads\\\/2024\\\/04\\\/cropped-www.diarioprincipios.com_-1.png\",\"width\":5325,\"height\":1454,\"caption\":\"Principios\"},\"image\":{\"@id\":\"https:\\\/\\\/diarioprincipios.com\\\/#\\\/schema\\\/logo\\\/image\\\/\"}},{\"@type\":\"Person\",\"@id\":\"https:\\\/\\\/diarioprincipios.com\\\/#\\\/schema\\\/person\\\/436d5a1fd41a5e250e23ff5a6a7cb080\",\"name\":\"Hern\u00e1n L\u00f3pez\",\"image\":{\"@type\":\"ImageObject\",\"inLanguage\":\"es\",\"@id\":\"https:\\\/\\\/diarioprincipios.com\\\/wp-content\\\/litespeed\\\/avatar\\\/11ddfe5610ff3bd100522525b2571f48.jpg?ver=1777048341\",\"url\":\"https:\\\/\\\/diarioprincipios.com\\\/wp-content\\\/litespeed\\\/avatar\\\/11ddfe5610ff3bd100522525b2571f48.jpg?ver=1777048341\",\"contentUrl\":\"https:\\\/\\\/diarioprincipios.com\\\/wp-content\\\/litespeed\\\/avatar\\\/11ddfe5610ff3bd100522525b2571f48.jpg?ver=1777048341\",\"caption\":\"Hern\u00e1n L\u00f3pez\"},\"url\":\"https:\\\/\\\/diarioprincipios.com\\\/index.php\\\/author\\\/hernan\\\/\"}]}<\/script>\n<!-- \/ Yoast SEO plugin. -->","yoast_head_json":{"title":"Abri\u00f3 la Inscripci\u00f3n para Nataci\u00f3n en Los Privilegiados - Principios","robots":{"index":"index","follow":"follow","max-snippet":"max-snippet:-1","max-image-preview":"max-image-preview:large","max-video-preview":"max-video-preview:-1"},"canonical":"https:\/\/diarioprincipios.com\/index.php\/2022\/03\/09\/abrio-la-inscripcion-para-natacion-en-los-privilegiados\/","og_locale":"es_ES","og_type":"article","og_title":"Abri\u00f3 la Inscripci\u00f3n para Nataci\u00f3n en Los Privilegiados - Principios","og_description":"La Municipalidad de Berazategui acerca a los vecinos y vecinas la oportunidad de sumarse a clases gratuitas en la pileta climatizada del Complejo Municipal Los Privilegiados (calle 156 y 50, Pl\u00e1tanos). Son brindadas por la Secretar\u00eda de Desarrollo Social y Comunitario.Mar\u00eda Laura Lacava, titular de ese \u00e1rea, afirm\u00f3: \u201cEsta es una de las pol\u00edticas p\u00fablicas...","og_url":"https:\/\/diarioprincipios.com\/index.php\/2022\/03\/09\/abrio-la-inscripcion-para-natacion-en-los-privilegiados\/","og_site_name":"Principios","article_published_time":"2022-03-09T22:27:56+00:00","article_modified_time":"2022-03-09T22:28:04+00:00","og_image":[{"width":1920,"height":1280,"url":"https:\/\/diarioprincipios.com\/wp-content\/uploads\/2022\/03\/YA-ESTA-ABIERTA-LA-INSCRIPCION-PARA-NATACION-EN-LOS-PRIVILEGIADOS-1.jpg","type":"image\/jpeg"}],"author":"Hern\u00e1n L\u00f3pez","twitter_card":"summary_large_image","twitter_misc":{"Escrito por":"Hern\u00e1n L\u00f3pez","Tiempo de lectura":"2 minutos"},"schema":{"@context":"https:\/\/schema.org","@graph":[{"@type":"Article","@id":"https:\/\/diarioprincipios.com\/index.php\/2022\/03\/09\/abrio-la-inscripcion-para-natacion-en-los-privilegiados\/#article","isPartOf":{"@id":"https:\/\/diarioprincipios.com\/index.php\/2022\/03\/09\/abrio-la-inscripcion-para-natacion-en-los-privilegiados\/"},"author":{"name":"Hern\u00e1n L\u00f3pez","@id":"https:\/\/diarioprincipios.com\/#\/schema\/person\/436d5a1fd41a5e250e23ff5a6a7cb080"},"headline":"Abri\u00f3 la Inscripci\u00f3n para Nataci\u00f3n en Los Privilegiados","datePublished":"2022-03-09T22:27:56+00:00","dateModified":"2022-03-09T22:28:04+00:00","mainEntityOfPage":{"@id":"https:\/\/diarioprincipios.com\/index.php\/2022\/03\/09\/abrio-la-inscripcion-para-natacion-en-los-privilegiados\/"},"wordCount":383,"commentCount":0,"publisher":{"@id":"https:\/\/diarioprincipios.com\/#organization"},"image":{"@id":"https:\/\/diarioprincipios.com\/index.php\/2022\/03\/09\/abrio-la-inscripcion-para-natacion-en-los-privilegiados\/#primaryimage"},"thumbnailUrl":"https:\/\/diarioprincipios.com\/wp-content\/uploads\/2022\/03\/YA-ESTA-ABIERTA-LA-INSCRIPCION-PARA-NATACION-EN-LOS-PRIVILEGIADOS-1.jpg","articleSection":["Berazategui"],"inLanguage":"es","potentialAction":[{"@type":"CommentAction","name":"Comment","target":["https:\/\/diarioprincipios.com\/index.php\/2022\/03\/09\/abrio-la-inscripcion-para-natacion-en-los-privilegiados\/#respond"]}]},{"@type":"WebPage","@id":"https:\/\/diarioprincipios.com\/index.php\/2022\/03\/09\/abrio-la-inscripcion-para-natacion-en-los-privilegiados\/","url":"https:\/\/diarioprincipios.com\/index.php\/2022\/03\/09\/abrio-la-inscripcion-para-natacion-en-los-privilegiados\/","name":"Abri\u00f3 la Inscripci\u00f3n para Nataci\u00f3n en Los Privilegiados - Principios","isPartOf":{"@id":"https:\/\/diarioprincipios.com\/#website"},"primaryImageOfPage":{"@id":"https:\/\/diarioprincipios.com\/index.php\/2022\/03\/09\/abrio-la-inscripcion-para-natacion-en-los-privilegiados\/#primaryimage"},"image":{"@id":"https:\/\/diarioprincipios.com\/index.php\/2022\/03\/09\/abrio-la-inscripcion-para-natacion-en-los-privilegiados\/#primaryimage"},"thumbnailUrl":"https:\/\/diarioprincipios.com\/wp-content\/uploads\/2022\/03\/YA-ESTA-ABIERTA-LA-INSCRIPCION-PARA-NATACION-EN-LOS-PRIVILEGIADOS-1.jpg","datePublished":"2022-03-09T22:27:56+00:00","dateModified":"2022-03-09T22:28:04+00:00","breadcrumb":{"@id":"https:\/\/diarioprincipios.com\/index.php\/2022\/03\/09\/abrio-la-inscripcion-para-natacion-en-los-privilegiados\/#breadcrumb"},"inLanguage":"es","potentialAction":[{"@type":"ReadAction","target":["https:\/\/diarioprincipios.com\/index.php\/2022\/03\/09\/abrio-la-inscripcion-para-natacion-en-los-privilegiados\/"]}]},{"@type":"ImageObject","inLanguage":"es","@id":"https:\/\/diarioprincipios.com\/index.php\/2022\/03\/09\/abrio-la-inscripcion-para-natacion-en-los-privilegiados\/#primaryimage","url":"https:\/\/diarioprincipios.com\/wp-content\/uploads\/2022\/03\/YA-ESTA-ABIERTA-LA-INSCRIPCION-PARA-NATACION-EN-LOS-PRIVILEGIADOS-1.jpg","contentUrl":"https:\/\/diarioprincipios.com\/wp-content\/uploads\/2022\/03\/YA-ESTA-ABIERTA-LA-INSCRIPCION-PARA-NATACION-EN-LOS-PRIVILEGIADOS-1.jpg","width":1920,"height":1280},{"@type":"BreadcrumbList","@id":"https:\/\/diarioprincipios.com\/index.php\/2022\/03\/09\/abrio-la-inscripcion-para-natacion-en-los-privilegiados\/#breadcrumb","itemListElement":[{"@type":"ListItem","position":1,"name":"Portada","item":"https:\/\/diarioprincipios.com\/"},{"@type":"ListItem","position":2,"name":"Abri\u00f3 la Inscripci\u00f3n para Nataci\u00f3n en Los Privilegiados"}]},{"@type":"WebSite","@id":"https:\/\/diarioprincipios.com\/#website","url":"https:\/\/diarioprincipios.com\/","name":"Principios","description":"Principios Diario","publisher":{"@id":"https:\/\/diarioprincipios.com\/#organization"},"potentialAction":[{"@type":"SearchAction","target":{"@type":"EntryPoint","urlTemplate":"https:\/\/diarioprincipios.com\/?s={search_term_string}"},"query-input":{"@type":"PropertyValueSpecification","valueRequired":true,"valueName":"search_term_string"}}],"inLanguage":"es"},{"@type":"Organization","@id":"https:\/\/diarioprincipios.com\/#organization","name":"Principios","url":"https:\/\/diarioprincipios.com\/","logo":{"@type":"ImageObject","inLanguage":"es","@id":"https:\/\/diarioprincipios.com\/#\/schema\/logo\/image\/","url":"https:\/\/diarioprincipios.com\/wp-content\/uploads\/2024\/04\/cropped-www.diarioprincipios.com_-1.png","contentUrl":"https:\/\/diarioprincipios.com\/wp-content\/uploads\/2024\/04\/cropped-www.diarioprincipios.com_-1.png","width":5325,"height":1454,"caption":"Principios"},"image":{"@id":"https:\/\/diarioprincipios.com\/#\/schema\/logo\/image\/"}},{"@type":"Person","@id":"https:\/\/diarioprincipios.com\/#\/schema\/person\/436d5a1fd41a5e250e23ff5a6a7cb080","name":"Hern\u00e1n L\u00f3pez","image":{"@type":"ImageObject","inLanguage":"es","@id":"https:\/\/diarioprincipios.com\/wp-content\/litespeed\/avatar\/11ddfe5610ff3bd100522525b2571f48.jpg?ver=1777048341","url":"https:\/\/diarioprincipios.com\/wp-content\/litespeed\/avatar\/11ddfe5610ff3bd100522525b2571f48.jpg?ver=1777048341","contentUrl":"https:\/\/diarioprincipios.com\/wp-content\/litespeed\/avatar\/11ddfe5610ff3bd100522525b2571f48.jpg?ver=1777048341","caption":"Hern\u00e1n L\u00f3pez"},"url":"https:\/\/diarioprincipios.com\/index.php\/author\/hernan\/"}]}},"jetpack_featured_media_url":"https:\/\/diarioprincipios.com\/wp-content\/uploads\/2022\/03\/YA-ESTA-ABIERTA-LA-INSCRIPCION-PARA-NATACION-EN-LOS-PRIVILEGIADOS-1.jpg","_links":{"self":[{"href":"https:\/\/diarioprincipios.com\/index.php\/wp-json\/wp\/v2\/posts\/12954","targetHints":{"allow":["GET"]}}],"collection":[{"href":"https:\/\/diarioprincipios.com\/index.php\/wp-json\/wp\/v2\/posts"}],"about":[{"href":"https:\/\/diarioprincipios.com\/index.php\/wp-json\/wp\/v2\/types\/post"}],"author":[{"embeddable":true,"href":"https:\/\/diarioprincipios.com\/index.php\/wp-json\/wp\/v2\/users\/2"}],"replies":[{"embeddable":true,"href":"https:\/\/diarioprincipios.com\/index.php\/wp-json\/wp\/v2\/comments?post=12954"}],"version-history":[{"count":1,"href":"https:\/\/diarioprincipios.com\/index.php\/wp-json\/wp\/v2\/posts\/12954\/revisions"}],"predecessor-version":[{"id":12956,"href":"https:\/\/diarioprincipios.com\/index.php\/wp-json\/wp\/v2\/posts\/12954\/revisions\/12956"}],"wp:featuredmedia":[{"embeddable":true,"href":"https:\/\/diarioprincipios.com\/index.php\/wp-json\/wp\/v2\/media\/12955"}],"wp:attachment":[{"href":"https:\/\/diarioprincipios.com\/index.php\/wp-json\/wp\/v2\/media?parent=12954"}],"wp:term":[{"taxonomy":"category","embeddable":true,"href":"https:\/\/diarioprincipios.com\/index.php\/wp-json\/wp\/v2\/categories?post=12954"},{"taxonomy":"post_tag","embeddable":true,"href":"https:\/\/diarioprincipios.com\/index.php\/wp-json\/wp\/v2\/tags?post=12954"}],"curies":[{"name":"wp","href":"https:\/\/api.w.org\/{rel}","templated":true}]}}