{"id":12945,"date":"2022-03-09T10:49:33","date_gmt":"2022-03-09T13:49:33","guid":{"rendered":"http:\/\/diarioprincipios.com\/?p=12945"},"modified":"2022-03-09T10:49:39","modified_gmt":"2022-03-09T13:49:39","slug":"mussi-participo-de-la-presentacion-del-consejo-social-comunitario-de-la-unaj","status":"publish","type":"post","link":"https:\/\/diarioprincipios.com\/index.php\/2022\/03\/09\/mussi-participo-de-la-presentacion-del-consejo-social-comunitario-de-la-unaj\/","title":{"rendered":"Mussi particip\u00f3 de la presentaci\u00f3n del Consejo Social Comunitario de la UNAJ"},"content":{"rendered":"\n<p><strong>El intendente de Berazategui, Juan Jos\u00e9 Mussi, acompa\u00f1ado por los integrantes de su gabinete municipal, particip\u00f3 de la presentaci\u00f3n del Consejo Social Comunitario de la Universidad Nacional Arturo Jauretche (UNAJ), que tiene como fin reunir a instituciones y actores de la comunidad para abordar cuestiones de relevancia para la regi\u00f3n.<\/strong><\/p>\n\n\n\n<p>Asimismo, estuvieron presentes: el intendente de Florencio Varela, Andr\u00e9s Watson; el rector de la UNAJ, Arnaldo Medina; el director Nacional de Programas de Ciencia y Vinculaci\u00f3n Tecnol\u00f3gica, Daniel L\u00f3pez; el coordinador del Consejo, Percy Nugent; y la secretaria de Pol\u00edtica y Territorio de la UNAJ, Beatr\u00edz Domingorena, entre otras autoridades.<\/p>\n\n\n\n<p>All\u00ed, Arnaldo Medina afirm\u00f3: \u201cEsto no hace m\u00e1s que reafirmar el compromiso de nuestra comunidad educativa con el territorio. La Ley de Educaci\u00f3n Superior (N\u00b0 24521) planteaba la importancia de los Consejos Sociales Comunitarios para fortalecer la relaci\u00f3n de las comunidades con sus Universidades y tambi\u00e9n como parte integrante del Gobierno de esta instituci\u00f3n. Adem\u00e1s, el Consejo Interuniversitario Nacional -en 2010- subrayaba el valor de la participaci\u00f3n abierta de las Universidades nacionales para contribuir al desarrollo nacional, pens\u00e1ndolo tambi\u00e9n en t\u00e9rminos sustentables, de justicia social y de soberan\u00eda\u201d.<\/p>\n\n\n\n<figure class=\"wp-block-image size-large\"><img loading=\"lazy\" decoding=\"async\" width=\"1024\" height=\"682\" src=\"https:\/\/diarioprincipios.com\/wp-content\/uploads\/2022\/03\/MUSSI-PARTICIPO-DE-LA-PRESENTACION-DEL-CONSEJO-SOCIAL-COMUNITARIO-DE-LA-UNAJ1-1024x682.jpg\" alt=\"\" class=\"wp-image-12946\" srcset=\"https:\/\/diarioprincipios.com\/wp-content\/uploads\/2022\/03\/MUSSI-PARTICIPO-DE-LA-PRESENTACION-DEL-CONSEJO-SOCIAL-COMUNITARIO-DE-LA-UNAJ1-1024x682.jpg 1024w, https:\/\/diarioprincipios.com\/wp-content\/uploads\/2022\/03\/MUSSI-PARTICIPO-DE-LA-PRESENTACION-DEL-CONSEJO-SOCIAL-COMUNITARIO-DE-LA-UNAJ1-300x200.jpg 300w, https:\/\/diarioprincipios.com\/wp-content\/uploads\/2022\/03\/MUSSI-PARTICIPO-DE-LA-PRESENTACION-DEL-CONSEJO-SOCIAL-COMUNITARIO-DE-LA-UNAJ1-768x512.jpg 768w, https:\/\/diarioprincipios.com\/wp-content\/uploads\/2022\/03\/MUSSI-PARTICIPO-DE-LA-PRESENTACION-DEL-CONSEJO-SOCIAL-COMUNITARIO-DE-LA-UNAJ1.jpg 1280w\" sizes=\"auto, (max-width: 1024px) 100vw, 1024px\" \/><\/figure>\n\n\n\n<p>En tanto, Juan Jos\u00e9 Mussi hizo hincapi\u00e9 en la importancia del Consejo para trabajar distintas problem\u00e1ticas locales en conjunto: \u201cPensar que hubo una gobernadora que dijo que los pobres no pod\u00edan llegar a la Universidad\u2026 c\u00f3mo me gustar\u00eda verla aqu\u00ed para decirle que toda la gente presente pertenece a &nbsp;hogares muy humildes y pudieron llegar a la Universidad Jauretche por un principio filos\u00f3fico y doctrinario que tiene la Universidad de estar abierta a todos los sectores de la comunidad. Esto que hace Arnaldo Medina -con quien estamos trabajando en generar la Universidad de Berazategui- es darle forma a esta inclusi\u00f3n de la universidad con la poblaci\u00f3n\u201d.<\/p>\n\n\n\n<p>Y destac\u00f3: \u201cEn Berazategui tenemos el 2050, un proyecto para generar en estos 30 a\u00f1os un distrito m\u00e1s lindo de ser vivido, pero con la participaci\u00f3n de la comunidad, los saberes del pueblo. Hay que ver lo bueno que es la generaci\u00f3n de la Universidad. La UNAJ estuvo presente en todo lo que estamos planificando pero faltaba ese toque que significa identificar este Consejo\u201d.<\/p>\n\n\n\n<p>Percy Nugent, profesor e Investigador de la Universidad Nacional Arturo Jauretche, adem\u00e1s de coordinador del Consejo, manifest\u00f3: \u201cEl Consejo es parte de nuestra estructura funcional en esta nueva gesti\u00f3n, reactivada para tratar de cumplir con nuestro proyecto educativo de manera integral, no solo con nuestras funciones obligadas como entidad educativa -tales como investigar, implementar un desarrollo tecnol\u00f3gico y educar-, sino fundamentalmente innovar para el crecimiento nacional. El conocimiento es un instrumento de desarrollo. Debemos innovar, crear y para eso escuchar los saberes del pueblo. Creemos que all\u00ed est\u00e1n las alternativas para el futuro de la Naci\u00f3n\u201d, asegur\u00f3.<\/p>\n\n\n\n<p>Consejo Social Comunitario de la UNAJ<\/p>\n\n\n\n<p>El Consejo se propone atender las problem\u00e1ticas socio econ\u00f3micas, pol\u00edticas, culturales y ambientales que afectan el territorio local; y consensuar posibles estrategias de abordaje y soluciones arm\u00f3nicas con las pol\u00edticas locales y nacionales hacia un desarrollo inclusivo y sostenible. El objetivo es concretar proyectos estrat\u00e9gicos dirigidos a mejorar la calidad de vida del conjunto de la poblaci\u00f3n, con el aporte de todos los sectores sociales.<\/p>\n","protected":false},"excerpt":{"rendered":"<p>El intendente de Berazategui, Juan Jos\u00e9 Mussi, acompa\u00f1ado por los integrantes de su gabinete municipal, particip\u00f3 de la presentaci\u00f3n del Consejo Social Comunitario de la Universidad Nacional Arturo Jauretche (UNAJ), que tiene como fin reunir a instituciones y actores de la comunidad para abordar cuestiones de relevancia para la regi\u00f3n. Asimismo, estuvieron presentes: el intendente&#8230;<\/p>\n","protected":false},"author":2,"featured_media":12947,"comment_status":"open","ping_status":"open","sticky":false,"template":"","format":"standard","meta":{"footnotes":""},"categories":[3],"tags":[],"class_list":["post-12945","post","type-post","status-publish","format-standard","has-post-thumbnail","hentry","category-berazategui"],"featured_image_src":"https:\/\/diarioprincipios.com\/wp-content\/uploads\/2022\/03\/MUSSI-PARTICIPO-DE-LA-PRESENTACION-DEL-CONSEJO-SOCIAL-COMUNITARIO-DE-LA-UNAJ2-1024x682.jpg","blog_images":{"medium":"https:\/\/diarioprincipios.com\/wp-content\/uploads\/2022\/03\/MUSSI-PARTICIPO-DE-LA-PRESENTACION-DEL-CONSEJO-SOCIAL-COMUNITARIO-DE-LA-UNAJ2-300x200.jpg","large":"https:\/\/diarioprincipios.com\/wp-content\/uploads\/2022\/03\/MUSSI-PARTICIPO-DE-LA-PRESENTACION-DEL-CONSEJO-SOCIAL-COMUNITARIO-DE-LA-UNAJ2-1024x682.jpg"},"ams_acf":[],"yoast_head":"<!-- This site is optimized with the Yoast SEO plugin v27.3 - https:\/\/yoast.com\/product\/yoast-seo-wordpress\/ -->\n<title>Mussi particip\u00f3 de la presentaci\u00f3n del Consejo Social Comunitario de la UNAJ - Principios<\/title>\n<meta name=\"robots\" content=\"index, follow, max-snippet:-1, max-image-preview:large, max-video-preview:-1\" \/>\n<link rel=\"canonical\" href=\"https:\/\/diarioprincipios.com\/index.php\/2022\/03\/09\/mussi-participo-de-la-presentacion-del-consejo-social-comunitario-de-la-unaj\/\" \/>\n<meta property=\"og:locale\" content=\"es_ES\" \/>\n<meta property=\"og:type\" content=\"article\" \/>\n<meta property=\"og:title\" content=\"Mussi particip\u00f3 de la presentaci\u00f3n del Consejo Social Comunitario de la UNAJ - Principios\" \/>\n<meta property=\"og:description\" content=\"El intendente de Berazategui, Juan Jos\u00e9 Mussi, acompa\u00f1ado por los integrantes de su gabinete municipal, particip\u00f3 de la presentaci\u00f3n del Consejo Social Comunitario de la Universidad Nacional Arturo Jauretche (UNAJ), que tiene como fin reunir a instituciones y actores de la comunidad para abordar cuestiones de relevancia para la regi\u00f3n. Asimismo, estuvieron presentes: el intendente...\" \/>\n<meta property=\"og:url\" content=\"https:\/\/diarioprincipios.com\/index.php\/2022\/03\/09\/mussi-participo-de-la-presentacion-del-consejo-social-comunitario-de-la-unaj\/\" \/>\n<meta property=\"og:site_name\" content=\"Principios\" \/>\n<meta property=\"article:published_time\" content=\"2022-03-09T13:49:33+00:00\" \/>\n<meta property=\"article:modified_time\" content=\"2022-03-09T13:49:39+00:00\" \/>\n<meta property=\"og:image\" content=\"https:\/\/diarioprincipios.com\/wp-content\/uploads\/2022\/03\/MUSSI-PARTICIPO-DE-LA-PRESENTACION-DEL-CONSEJO-SOCIAL-COMUNITARIO-DE-LA-UNAJ2.jpg\" \/>\n\t<meta property=\"og:image:width\" content=\"1280\" \/>\n\t<meta property=\"og:image:height\" content=\"853\" \/>\n\t<meta property=\"og:image:type\" content=\"image\/jpeg\" \/>\n<meta name=\"author\" content=\"Hern\u00e1n L\u00f3pez\" \/>\n<meta name=\"twitter:card\" content=\"summary_large_image\" \/>\n<meta name=\"twitter:label1\" content=\"Escrito por\" \/>\n\t<meta name=\"twitter:data1\" content=\"Hern\u00e1n L\u00f3pez\" \/>\n\t<meta name=\"twitter:label2\" content=\"Tiempo de lectura\" \/>\n\t<meta name=\"twitter:data2\" content=\"3 minutos\" \/>\n<script type=\"application\/ld+json\" class=\"yoast-schema-graph\">{\"@context\":\"https:\\\/\\\/schema.org\",\"@graph\":[{\"@type\":\"Article\",\"@id\":\"https:\\\/\\\/diarioprincipios.com\\\/index.php\\\/2022\\\/03\\\/09\\\/mussi-participo-de-la-presentacion-del-consejo-social-comunitario-de-la-unaj\\\/#article\",\"isPartOf\":{\"@id\":\"https:\\\/\\\/diarioprincipios.com\\\/index.php\\\/2022\\\/03\\\/09\\\/mussi-participo-de-la-presentacion-del-consejo-social-comunitario-de-la-unaj\\\/\"},\"author\":{\"name\":\"Hern\u00e1n L\u00f3pez\",\"@id\":\"https:\\\/\\\/diarioprincipios.com\\\/#\\\/schema\\\/person\\\/436d5a1fd41a5e250e23ff5a6a7cb080\"},\"headline\":\"Mussi particip\u00f3 de la presentaci\u00f3n del Consejo Social Comunitario de la UNAJ\",\"datePublished\":\"2022-03-09T13:49:33+00:00\",\"dateModified\":\"2022-03-09T13:49:39+00:00\",\"mainEntityOfPage\":{\"@id\":\"https:\\\/\\\/diarioprincipios.com\\\/index.php\\\/2022\\\/03\\\/09\\\/mussi-participo-de-la-presentacion-del-consejo-social-comunitario-de-la-unaj\\\/\"},\"wordCount\":580,\"commentCount\":0,\"publisher\":{\"@id\":\"https:\\\/\\\/diarioprincipios.com\\\/#organization\"},\"image\":{\"@id\":\"https:\\\/\\\/diarioprincipios.com\\\/index.php\\\/2022\\\/03\\\/09\\\/mussi-participo-de-la-presentacion-del-consejo-social-comunitario-de-la-unaj\\\/#primaryimage\"},\"thumbnailUrl\":\"https:\\\/\\\/diarioprincipios.com\\\/wp-content\\\/uploads\\\/2022\\\/03\\\/MUSSI-PARTICIPO-DE-LA-PRESENTACION-DEL-CONSEJO-SOCIAL-COMUNITARIO-DE-LA-UNAJ2.jpg\",\"articleSection\":[\"Berazategui\"],\"inLanguage\":\"es\",\"potentialAction\":[{\"@type\":\"CommentAction\",\"name\":\"Comment\",\"target\":[\"https:\\\/\\\/diarioprincipios.com\\\/index.php\\\/2022\\\/03\\\/09\\\/mussi-participo-de-la-presentacion-del-consejo-social-comunitario-de-la-unaj\\\/#respond\"]}]},{\"@type\":\"WebPage\",\"@id\":\"https:\\\/\\\/diarioprincipios.com\\\/index.php\\\/2022\\\/03\\\/09\\\/mussi-participo-de-la-presentacion-del-consejo-social-comunitario-de-la-unaj\\\/\",\"url\":\"https:\\\/\\\/diarioprincipios.com\\\/index.php\\\/2022\\\/03\\\/09\\\/mussi-participo-de-la-presentacion-del-consejo-social-comunitario-de-la-unaj\\\/\",\"name\":\"Mussi particip\u00f3 de la presentaci\u00f3n del Consejo Social Comunitario de la UNAJ - Principios\",\"isPartOf\":{\"@id\":\"https:\\\/\\\/diarioprincipios.com\\\/#website\"},\"primaryImageOfPage\":{\"@id\":\"https:\\\/\\\/diarioprincipios.com\\\/index.php\\\/2022\\\/03\\\/09\\\/mussi-participo-de-la-presentacion-del-consejo-social-comunitario-de-la-unaj\\\/#primaryimage\"},\"image\":{\"@id\":\"https:\\\/\\\/diarioprincipios.com\\\/index.php\\\/2022\\\/03\\\/09\\\/mussi-participo-de-la-presentacion-del-consejo-social-comunitario-de-la-unaj\\\/#primaryimage\"},\"thumbnailUrl\":\"https:\\\/\\\/diarioprincipios.com\\\/wp-content\\\/uploads\\\/2022\\\/03\\\/MUSSI-PARTICIPO-DE-LA-PRESENTACION-DEL-CONSEJO-SOCIAL-COMUNITARIO-DE-LA-UNAJ2.jpg\",\"datePublished\":\"2022-03-09T13:49:33+00:00\",\"dateModified\":\"2022-03-09T13:49:39+00:00\",\"breadcrumb\":{\"@id\":\"https:\\\/\\\/diarioprincipios.com\\\/index.php\\\/2022\\\/03\\\/09\\\/mussi-participo-de-la-presentacion-del-consejo-social-comunitario-de-la-unaj\\\/#breadcrumb\"},\"inLanguage\":\"es\",\"potentialAction\":[{\"@type\":\"ReadAction\",\"target\":[\"https:\\\/\\\/diarioprincipios.com\\\/index.php\\\/2022\\\/03\\\/09\\\/mussi-participo-de-la-presentacion-del-consejo-social-comunitario-de-la-unaj\\\/\"]}]},{\"@type\":\"ImageObject\",\"inLanguage\":\"es\",\"@id\":\"https:\\\/\\\/diarioprincipios.com\\\/index.php\\\/2022\\\/03\\\/09\\\/mussi-participo-de-la-presentacion-del-consejo-social-comunitario-de-la-unaj\\\/#primaryimage\",\"url\":\"https:\\\/\\\/diarioprincipios.com\\\/wp-content\\\/uploads\\\/2022\\\/03\\\/MUSSI-PARTICIPO-DE-LA-PRESENTACION-DEL-CONSEJO-SOCIAL-COMUNITARIO-DE-LA-UNAJ2.jpg\",\"contentUrl\":\"https:\\\/\\\/diarioprincipios.com\\\/wp-content\\\/uploads\\\/2022\\\/03\\\/MUSSI-PARTICIPO-DE-LA-PRESENTACION-DEL-CONSEJO-SOCIAL-COMUNITARIO-DE-LA-UNAJ2.jpg\",\"width\":1280,\"height\":853},{\"@type\":\"BreadcrumbList\",\"@id\":\"https:\\\/\\\/diarioprincipios.com\\\/index.php\\\/2022\\\/03\\\/09\\\/mussi-participo-de-la-presentacion-del-consejo-social-comunitario-de-la-unaj\\\/#breadcrumb\",\"itemListElement\":[{\"@type\":\"ListItem\",\"position\":1,\"name\":\"Portada\",\"item\":\"https:\\\/\\\/diarioprincipios.com\\\/\"},{\"@type\":\"ListItem\",\"position\":2,\"name\":\"Mussi particip\u00f3 de la presentaci\u00f3n del Consejo Social Comunitario de la UNAJ\"}]},{\"@type\":\"WebSite\",\"@id\":\"https:\\\/\\\/diarioprincipios.com\\\/#website\",\"url\":\"https:\\\/\\\/diarioprincipios.com\\\/\",\"name\":\"Principios\",\"description\":\"Principios Diario\",\"publisher\":{\"@id\":\"https:\\\/\\\/diarioprincipios.com\\\/#organization\"},\"potentialAction\":[{\"@type\":\"SearchAction\",\"target\":{\"@type\":\"EntryPoint\",\"urlTemplate\":\"https:\\\/\\\/diarioprincipios.com\\\/?s={search_term_string}\"},\"query-input\":{\"@type\":\"PropertyValueSpecification\",\"valueRequired\":true,\"valueName\":\"search_term_string\"}}],\"inLanguage\":\"es\"},{\"@type\":\"Organization\",\"@id\":\"https:\\\/\\\/diarioprincipios.com\\\/#organization\",\"name\":\"Principios\",\"url\":\"https:\\\/\\\/diarioprincipios.com\\\/\",\"logo\":{\"@type\":\"ImageObject\",\"inLanguage\":\"es\",\"@id\":\"https:\\\/\\\/diarioprincipios.com\\\/#\\\/schema\\\/logo\\\/image\\\/\",\"url\":\"https:\\\/\\\/diarioprincipios.com\\\/wp-content\\\/uploads\\\/2024\\\/04\\\/cropped-www.diarioprincipios.com_-1.png\",\"contentUrl\":\"https:\\\/\\\/diarioprincipios.com\\\/wp-content\\\/uploads\\\/2024\\\/04\\\/cropped-www.diarioprincipios.com_-1.png\",\"width\":5325,\"height\":1454,\"caption\":\"Principios\"},\"image\":{\"@id\":\"https:\\\/\\\/diarioprincipios.com\\\/#\\\/schema\\\/logo\\\/image\\\/\"}},{\"@type\":\"Person\",\"@id\":\"https:\\\/\\\/diarioprincipios.com\\\/#\\\/schema\\\/person\\\/436d5a1fd41a5e250e23ff5a6a7cb080\",\"name\":\"Hern\u00e1n L\u00f3pez\",\"image\":{\"@type\":\"ImageObject\",\"inLanguage\":\"es\",\"@id\":\"https:\\\/\\\/diarioprincipios.com\\\/wp-content\\\/litespeed\\\/avatar\\\/11ddfe5610ff3bd100522525b2571f48.jpg?ver=1777048341\",\"url\":\"https:\\\/\\\/diarioprincipios.com\\\/wp-content\\\/litespeed\\\/avatar\\\/11ddfe5610ff3bd100522525b2571f48.jpg?ver=1777048341\",\"contentUrl\":\"https:\\\/\\\/diarioprincipios.com\\\/wp-content\\\/litespeed\\\/avatar\\\/11ddfe5610ff3bd100522525b2571f48.jpg?ver=1777048341\",\"caption\":\"Hern\u00e1n L\u00f3pez\"},\"url\":\"https:\\\/\\\/diarioprincipios.com\\\/index.php\\\/author\\\/hernan\\\/\"}]}<\/script>\n<!-- \/ Yoast SEO plugin. -->","yoast_head_json":{"title":"Mussi particip\u00f3 de la presentaci\u00f3n del Consejo Social Comunitario de la UNAJ - Principios","robots":{"index":"index","follow":"follow","max-snippet":"max-snippet:-1","max-image-preview":"max-image-preview:large","max-video-preview":"max-video-preview:-1"},"canonical":"https:\/\/diarioprincipios.com\/index.php\/2022\/03\/09\/mussi-participo-de-la-presentacion-del-consejo-social-comunitario-de-la-unaj\/","og_locale":"es_ES","og_type":"article","og_title":"Mussi particip\u00f3 de la presentaci\u00f3n del Consejo Social Comunitario de la UNAJ - Principios","og_description":"El intendente de Berazategui, Juan Jos\u00e9 Mussi, acompa\u00f1ado por los integrantes de su gabinete municipal, particip\u00f3 de la presentaci\u00f3n del Consejo Social Comunitario de la Universidad Nacional Arturo Jauretche (UNAJ), que tiene como fin reunir a instituciones y actores de la comunidad para abordar cuestiones de relevancia para la regi\u00f3n. Asimismo, estuvieron presentes: el intendente...","og_url":"https:\/\/diarioprincipios.com\/index.php\/2022\/03\/09\/mussi-participo-de-la-presentacion-del-consejo-social-comunitario-de-la-unaj\/","og_site_name":"Principios","article_published_time":"2022-03-09T13:49:33+00:00","article_modified_time":"2022-03-09T13:49:39+00:00","og_image":[{"width":1280,"height":853,"url":"https:\/\/diarioprincipios.com\/wp-content\/uploads\/2022\/03\/MUSSI-PARTICIPO-DE-LA-PRESENTACION-DEL-CONSEJO-SOCIAL-COMUNITARIO-DE-LA-UNAJ2.jpg","type":"image\/jpeg"}],"author":"Hern\u00e1n L\u00f3pez","twitter_card":"summary_large_image","twitter_misc":{"Escrito por":"Hern\u00e1n L\u00f3pez","Tiempo de lectura":"3 minutos"},"schema":{"@context":"https:\/\/schema.org","@graph":[{"@type":"Article","@id":"https:\/\/diarioprincipios.com\/index.php\/2022\/03\/09\/mussi-participo-de-la-presentacion-del-consejo-social-comunitario-de-la-unaj\/#article","isPartOf":{"@id":"https:\/\/diarioprincipios.com\/index.php\/2022\/03\/09\/mussi-participo-de-la-presentacion-del-consejo-social-comunitario-de-la-unaj\/"},"author":{"name":"Hern\u00e1n L\u00f3pez","@id":"https:\/\/diarioprincipios.com\/#\/schema\/person\/436d5a1fd41a5e250e23ff5a6a7cb080"},"headline":"Mussi particip\u00f3 de la presentaci\u00f3n del Consejo Social Comunitario de la UNAJ","datePublished":"2022-03-09T13:49:33+00:00","dateModified":"2022-03-09T13:49:39+00:00","mainEntityOfPage":{"@id":"https:\/\/diarioprincipios.com\/index.php\/2022\/03\/09\/mussi-participo-de-la-presentacion-del-consejo-social-comunitario-de-la-unaj\/"},"wordCount":580,"commentCount":0,"publisher":{"@id":"https:\/\/diarioprincipios.com\/#organization"},"image":{"@id":"https:\/\/diarioprincipios.com\/index.php\/2022\/03\/09\/mussi-participo-de-la-presentacion-del-consejo-social-comunitario-de-la-unaj\/#primaryimage"},"thumbnailUrl":"https:\/\/diarioprincipios.com\/wp-content\/uploads\/2022\/03\/MUSSI-PARTICIPO-DE-LA-PRESENTACION-DEL-CONSEJO-SOCIAL-COMUNITARIO-DE-LA-UNAJ2.jpg","articleSection":["Berazategui"],"inLanguage":"es","potentialAction":[{"@type":"CommentAction","name":"Comment","target":["https:\/\/diarioprincipios.com\/index.php\/2022\/03\/09\/mussi-participo-de-la-presentacion-del-consejo-social-comunitario-de-la-unaj\/#respond"]}]},{"@type":"WebPage","@id":"https:\/\/diarioprincipios.com\/index.php\/2022\/03\/09\/mussi-participo-de-la-presentacion-del-consejo-social-comunitario-de-la-unaj\/","url":"https:\/\/diarioprincipios.com\/index.php\/2022\/03\/09\/mussi-participo-de-la-presentacion-del-consejo-social-comunitario-de-la-unaj\/","name":"Mussi particip\u00f3 de la presentaci\u00f3n del Consejo Social Comunitario de la UNAJ - Principios","isPartOf":{"@id":"https:\/\/diarioprincipios.com\/#website"},"primaryImageOfPage":{"@id":"https:\/\/diarioprincipios.com\/index.php\/2022\/03\/09\/mussi-participo-de-la-presentacion-del-consejo-social-comunitario-de-la-unaj\/#primaryimage"},"image":{"@id":"https:\/\/diarioprincipios.com\/index.php\/2022\/03\/09\/mussi-participo-de-la-presentacion-del-consejo-social-comunitario-de-la-unaj\/#primaryimage"},"thumbnailUrl":"https:\/\/diarioprincipios.com\/wp-content\/uploads\/2022\/03\/MUSSI-PARTICIPO-DE-LA-PRESENTACION-DEL-CONSEJO-SOCIAL-COMUNITARIO-DE-LA-UNAJ2.jpg","datePublished":"2022-03-09T13:49:33+00:00","dateModified":"2022-03-09T13:49:39+00:00","breadcrumb":{"@id":"https:\/\/diarioprincipios.com\/index.php\/2022\/03\/09\/mussi-participo-de-la-presentacion-del-consejo-social-comunitario-de-la-unaj\/#breadcrumb"},"inLanguage":"es","potentialAction":[{"@type":"ReadAction","target":["https:\/\/diarioprincipios.com\/index.php\/2022\/03\/09\/mussi-participo-de-la-presentacion-del-consejo-social-comunitario-de-la-unaj\/"]}]},{"@type":"ImageObject","inLanguage":"es","@id":"https:\/\/diarioprincipios.com\/index.php\/2022\/03\/09\/mussi-participo-de-la-presentacion-del-consejo-social-comunitario-de-la-unaj\/#primaryimage","url":"https:\/\/diarioprincipios.com\/wp-content\/uploads\/2022\/03\/MUSSI-PARTICIPO-DE-LA-PRESENTACION-DEL-CONSEJO-SOCIAL-COMUNITARIO-DE-LA-UNAJ2.jpg","contentUrl":"https:\/\/diarioprincipios.com\/wp-content\/uploads\/2022\/03\/MUSSI-PARTICIPO-DE-LA-PRESENTACION-DEL-CONSEJO-SOCIAL-COMUNITARIO-DE-LA-UNAJ2.jpg","width":1280,"height":853},{"@type":"BreadcrumbList","@id":"https:\/\/diarioprincipios.com\/index.php\/2022\/03\/09\/mussi-participo-de-la-presentacion-del-consejo-social-comunitario-de-la-unaj\/#breadcrumb","itemListElement":[{"@type":"ListItem","position":1,"name":"Portada","item":"https:\/\/diarioprincipios.com\/"},{"@type":"ListItem","position":2,"name":"Mussi particip\u00f3 de la presentaci\u00f3n del Consejo Social Comunitario de la UNAJ"}]},{"@type":"WebSite","@id":"https:\/\/diarioprincipios.com\/#website","url":"https:\/\/diarioprincipios.com\/","name":"Principios","description":"Principios Diario","publisher":{"@id":"https:\/\/diarioprincipios.com\/#organization"},"potentialAction":[{"@type":"SearchAction","target":{"@type":"EntryPoint","urlTemplate":"https:\/\/diarioprincipios.com\/?s={search_term_string}"},"query-input":{"@type":"PropertyValueSpecification","valueRequired":true,"valueName":"search_term_string"}}],"inLanguage":"es"},{"@type":"Organization","@id":"https:\/\/diarioprincipios.com\/#organization","name":"Principios","url":"https:\/\/diarioprincipios.com\/","logo":{"@type":"ImageObject","inLanguage":"es","@id":"https:\/\/diarioprincipios.com\/#\/schema\/logo\/image\/","url":"https:\/\/diarioprincipios.com\/wp-content\/uploads\/2024\/04\/cropped-www.diarioprincipios.com_-1.png","contentUrl":"https:\/\/diarioprincipios.com\/wp-content\/uploads\/2024\/04\/cropped-www.diarioprincipios.com_-1.png","width":5325,"height":1454,"caption":"Principios"},"image":{"@id":"https:\/\/diarioprincipios.com\/#\/schema\/logo\/image\/"}},{"@type":"Person","@id":"https:\/\/diarioprincipios.com\/#\/schema\/person\/436d5a1fd41a5e250e23ff5a6a7cb080","name":"Hern\u00e1n L\u00f3pez","image":{"@type":"ImageObject","inLanguage":"es","@id":"https:\/\/diarioprincipios.com\/wp-content\/litespeed\/avatar\/11ddfe5610ff3bd100522525b2571f48.jpg?ver=1777048341","url":"https:\/\/diarioprincipios.com\/wp-content\/litespeed\/avatar\/11ddfe5610ff3bd100522525b2571f48.jpg?ver=1777048341","contentUrl":"https:\/\/diarioprincipios.com\/wp-content\/litespeed\/avatar\/11ddfe5610ff3bd100522525b2571f48.jpg?ver=1777048341","caption":"Hern\u00e1n L\u00f3pez"},"url":"https:\/\/diarioprincipios.com\/index.php\/author\/hernan\/"}]}},"jetpack_featured_media_url":"https:\/\/diarioprincipios.com\/wp-content\/uploads\/2022\/03\/MUSSI-PARTICIPO-DE-LA-PRESENTACION-DEL-CONSEJO-SOCIAL-COMUNITARIO-DE-LA-UNAJ2.jpg","_links":{"self":[{"href":"https:\/\/diarioprincipios.com\/index.php\/wp-json\/wp\/v2\/posts\/12945","targetHints":{"allow":["GET"]}}],"collection":[{"href":"https:\/\/diarioprincipios.com\/index.php\/wp-json\/wp\/v2\/posts"}],"about":[{"href":"https:\/\/diarioprincipios.com\/index.php\/wp-json\/wp\/v2\/types\/post"}],"author":[{"embeddable":true,"href":"https:\/\/diarioprincipios.com\/index.php\/wp-json\/wp\/v2\/users\/2"}],"replies":[{"embeddable":true,"href":"https:\/\/diarioprincipios.com\/index.php\/wp-json\/wp\/v2\/comments?post=12945"}],"version-history":[{"count":1,"href":"https:\/\/diarioprincipios.com\/index.php\/wp-json\/wp\/v2\/posts\/12945\/revisions"}],"predecessor-version":[{"id":12948,"href":"https:\/\/diarioprincipios.com\/index.php\/wp-json\/wp\/v2\/posts\/12945\/revisions\/12948"}],"wp:featuredmedia":[{"embeddable":true,"href":"https:\/\/diarioprincipios.com\/index.php\/wp-json\/wp\/v2\/media\/12947"}],"wp:attachment":[{"href":"https:\/\/diarioprincipios.com\/index.php\/wp-json\/wp\/v2\/media?parent=12945"}],"wp:term":[{"taxonomy":"category","embeddable":true,"href":"https:\/\/diarioprincipios.com\/index.php\/wp-json\/wp\/v2\/categories?post=12945"},{"taxonomy":"post_tag","embeddable":true,"href":"https:\/\/diarioprincipios.com\/index.php\/wp-json\/wp\/v2\/tags?post=12945"}],"curies":[{"name":"wp","href":"https:\/\/api.w.org\/{rel}","templated":true}]}}