{"id":12939,"date":"2022-03-09T06:27:39","date_gmt":"2022-03-09T09:27:39","guid":{"rendered":"http:\/\/diarioprincipios.com\/?p=12939"},"modified":"2022-03-09T06:29:02","modified_gmt":"2022-03-09T09:29:02","slug":"sesion-especial-del-hcd-por-el-dia-internacional-de-la-mujer","status":"publish","type":"post","link":"https:\/\/diarioprincipios.com\/index.php\/2022\/03\/09\/sesion-especial-del-hcd-por-el-dia-internacional-de-la-mujer\/","title":{"rendered":"Sesi\u00f3n Especial del HCD por el D\u00eda Internacional de la Mujer"},"content":{"rendered":"\n<p><strong>El Honorable Concejo Deliberante (HCD) de Berazategui -municipio gestionado por el intendente Juan Jos\u00e9 Mussi- realiz\u00f3 una Sesi\u00f3n Especial Conmemorativa por el D\u00eda Internacional de la Mujer. Durante la emotiva jornada de homenajes y reivindicaciones, los integrantes del Cuerpo sancionaron cuatro Ordenanzas vinculadas a la fecha. El evento cont\u00f3 con una amplia convocatoria de representantes femeninas de instituciones, movimientos y comisiones de mujeres.<\/strong><\/p>\n\n\n\n<figure class=\"wp-block-image size-large\"><img loading=\"lazy\" decoding=\"async\" width=\"1024\" height=\"683\" src=\"https:\/\/diarioprincipios.com\/wp-content\/uploads\/2022\/03\/SE-CONMEMORO-EL-DIA-INTERNACIONAL-DE-LA-MUJER-EN-BERAZATEGUI-1-1024x683.jpg\" alt=\"\" class=\"wp-image-12940\" srcset=\"https:\/\/diarioprincipios.com\/wp-content\/uploads\/2022\/03\/SE-CONMEMORO-EL-DIA-INTERNACIONAL-DE-LA-MUJER-EN-BERAZATEGUI-1-1024x683.jpg 1024w, https:\/\/diarioprincipios.com\/wp-content\/uploads\/2022\/03\/SE-CONMEMORO-EL-DIA-INTERNACIONAL-DE-LA-MUJER-EN-BERAZATEGUI-1-300x200.jpg 300w, https:\/\/diarioprincipios.com\/wp-content\/uploads\/2022\/03\/SE-CONMEMORO-EL-DIA-INTERNACIONAL-DE-LA-MUJER-EN-BERAZATEGUI-1-768x512.jpg 768w, https:\/\/diarioprincipios.com\/wp-content\/uploads\/2022\/03\/SE-CONMEMORO-EL-DIA-INTERNACIONAL-DE-LA-MUJER-EN-BERAZATEGUI-1-1536x1024.jpg 1536w, https:\/\/diarioprincipios.com\/wp-content\/uploads\/2022\/03\/SE-CONMEMORO-EL-DIA-INTERNACIONAL-DE-LA-MUJER-EN-BERAZATEGUI-1.jpg 1920w\" sizes=\"auto, (max-width: 1024px) 100vw, 1024px\" \/><\/figure>\n\n\n\n<p>De esta manera, con el acompa\u00f1amiento de todos los bloques, se aprob\u00f3 la creaci\u00f3n del Reconocimiento municipal \u201cJulieta Lanteri\u201d para mujeres destacadas a nivel local y regional (Ordenanza N\u00b0 6152) y se distingui\u00f3 a tres personalidades femeninas oriundas del distrito: la escritora Liliana Carluccio, que no pudo estar presente por razones personales y cuya obra literaria fue declarada de Inter\u00e9s Cultural (N\u00b0 6153); la polic\u00eda Gisele Soledad Zabala, primera conductora motorista policial en obtener una licencia para conducir veh\u00edculos pesados del Ministerio de Seguridad bonaerense (N\u00b0 6154); y la presidenta de la ONG Camamas, Gilda Iezzi, por su labor contra el c\u00e1ncer de mamas (N\u00b0 6155).<\/p>\n\n\n\n<p>Gisele Zabala, una de las mujeres destacadas, manifest\u00f3 emocionada: \u201cFui premiada y reconocida por la labor que realizo, soy la primera conductora motorista de la Polic\u00eda de la provincia de Buenos Aires. Estoy muy agradecida con todos, especialmente con el intendente de Berazategui, el Dr Mussi\u201d. La joven cont\u00f3 con el acompa\u00f1amiento de autoridades de la Polic\u00eda de la Provincia, como el director de Apoyo a Emergencias, Lic. Leonardo Durandeu; y el Comisario Inspector Kevin Gonzalo Rojas.<\/p>\n\n\n\n<figure class=\"wp-block-image size-large\"><img loading=\"lazy\" decoding=\"async\" width=\"1024\" height=\"683\" src=\"https:\/\/diarioprincipios.com\/wp-content\/uploads\/2022\/03\/SE-CONMEMORO-EL-DIA-INTERNACIONAL-DE-LA-MUJER-EN-BERAZATEGUI-2-1024x683.jpg\" alt=\"\" class=\"wp-image-12941\" srcset=\"https:\/\/diarioprincipios.com\/wp-content\/uploads\/2022\/03\/SE-CONMEMORO-EL-DIA-INTERNACIONAL-DE-LA-MUJER-EN-BERAZATEGUI-2-1024x683.jpg 1024w, https:\/\/diarioprincipios.com\/wp-content\/uploads\/2022\/03\/SE-CONMEMORO-EL-DIA-INTERNACIONAL-DE-LA-MUJER-EN-BERAZATEGUI-2-300x200.jpg 300w, https:\/\/diarioprincipios.com\/wp-content\/uploads\/2022\/03\/SE-CONMEMORO-EL-DIA-INTERNACIONAL-DE-LA-MUJER-EN-BERAZATEGUI-2-768x512.jpg 768w, https:\/\/diarioprincipios.com\/wp-content\/uploads\/2022\/03\/SE-CONMEMORO-EL-DIA-INTERNACIONAL-DE-LA-MUJER-EN-BERAZATEGUI-2-1536x1024.jpg 1536w, https:\/\/diarioprincipios.com\/wp-content\/uploads\/2022\/03\/SE-CONMEMORO-EL-DIA-INTERNACIONAL-DE-LA-MUJER-EN-BERAZATEGUI-2.jpg 1920w\" sizes=\"auto, (max-width: 1024px) 100vw, 1024px\" \/><\/figure>\n\n\n\n<p>Gilda Iezzi, en tanto, agradeci\u00f3 la distinci\u00f3n y destac\u00f3 el permanente apoyo del Municipio de Berazategui a Camamas: \u201cHoy en el HCD se reconoci\u00f3 la labor de un mont\u00f3n de mujeres en la prevenci\u00f3n del c\u00e1ncer de mama. Me siento realmente feliz. Trabajamos conjuntamente con el Municipio en cualquier momento del a\u00f1o y m\u00e1s a\u00fan los 19 de octubre, dando turnos para mamograf\u00edas, estudios de Papanicolau y colposcop\u00edas gratuitas. Es una labor importante que empez\u00f3 a ra\u00edz de que tuve c\u00e1ncer de mama, as\u00ed como muchas mujeres de mi familia. Eso nos impuls\u00f3 a ayudar a otras y me siento feliz. Hay mucha gente que quiero, que me ayud\u00f3 y me da pilas para seguir adelante\u201d, resalt\u00f3 la titular de esta ONG local fundada en 2004.<\/p>\n\n\n\n<p>Tras la aprobaci\u00f3n del nuevo reconocimiento que llevar\u00e1 el nombre de Julieta Lanteri, pionera en la lucha por los derechos c\u00edvicos de las mujeres, el secretario de Cultura y Educaci\u00f3n municipal, Federico L\u00f3pez, recibi\u00f3 la copia de la Ordenanza, al igual que Zabala y Iezzi, a quienes adem\u00e1s se les hizo entrega de un diploma y un presente en vidrio.<\/p>\n\n\n\n<figure class=\"wp-block-image size-large\"><img loading=\"lazy\" decoding=\"async\" width=\"1024\" height=\"683\" src=\"https:\/\/diarioprincipios.com\/wp-content\/uploads\/2022\/03\/SE-CONMEMORO-EL-DIA-INTERNACIONAL-DE-LA-MUJER-EN-BERAZATEGUI-5-1024x683.jpg\" alt=\"\" class=\"wp-image-12942\" srcset=\"https:\/\/diarioprincipios.com\/wp-content\/uploads\/2022\/03\/SE-CONMEMORO-EL-DIA-INTERNACIONAL-DE-LA-MUJER-EN-BERAZATEGUI-5-1024x683.jpg 1024w, https:\/\/diarioprincipios.com\/wp-content\/uploads\/2022\/03\/SE-CONMEMORO-EL-DIA-INTERNACIONAL-DE-LA-MUJER-EN-BERAZATEGUI-5-300x200.jpg 300w, https:\/\/diarioprincipios.com\/wp-content\/uploads\/2022\/03\/SE-CONMEMORO-EL-DIA-INTERNACIONAL-DE-LA-MUJER-EN-BERAZATEGUI-5-768x512.jpg 768w, https:\/\/diarioprincipios.com\/wp-content\/uploads\/2022\/03\/SE-CONMEMORO-EL-DIA-INTERNACIONAL-DE-LA-MUJER-EN-BERAZATEGUI-5-1536x1024.jpg 1536w, https:\/\/diarioprincipios.com\/wp-content\/uploads\/2022\/03\/SE-CONMEMORO-EL-DIA-INTERNACIONAL-DE-LA-MUJER-EN-BERAZATEGUI-5.jpg 1920w\" sizes=\"auto, (max-width: 1024px) 100vw, 1024px\" \/><\/figure>\n\n\n\n<p>\u201cHoy se conmemora el D\u00eda Internacional de la Mujer y debemos reivindicar el lugar que ellas se merecen, as\u00ed como impulsar la generaci\u00f3n de una igualdad verdadera. Este es un d\u00eda especial y emotivo. Debemos mejorar desde nuestros lugares para que las mujeres puedan ocupar m\u00e1s espacios. Me siento muy contento con todo lo que sucedi\u00f3 en la sesi\u00f3n especial de hoy\u201d, concluy\u00f3 el presidente del Concejo Deliberante local, Marcelo Romio<\/p>\n","protected":false},"excerpt":{"rendered":"<p>El Honorable Concejo Deliberante (HCD) de Berazategui -municipio gestionado por el intendente Juan Jos\u00e9 Mussi- realiz\u00f3 una Sesi\u00f3n Especial Conmemorativa por el D\u00eda Internacional de la Mujer. Durante la emotiva jornada de homenajes y reivindicaciones, los integrantes del Cuerpo sancionaron cuatro Ordenanzas vinculadas a la fecha. El evento cont\u00f3 con una amplia convocatoria de representantes&#8230;<\/p>\n","protected":false},"author":2,"featured_media":12943,"comment_status":"open","ping_status":"open","sticky":false,"template":"","format":"standard","meta":{"footnotes":""},"categories":[3],"tags":[],"class_list":["post-12939","post","type-post","status-publish","format-standard","has-post-thumbnail","hentry","category-berazategui"],"featured_image_src":"https:\/\/diarioprincipios.com\/wp-content\/uploads\/2022\/03\/SE-CONMEMORO-EL-DIA-INTERNACIONAL-DE-LA-MUJER-EN-BERAZATEGUI-6-1024x683.jpg","blog_images":{"medium":"https:\/\/diarioprincipios.com\/wp-content\/uploads\/2022\/03\/SE-CONMEMORO-EL-DIA-INTERNACIONAL-DE-LA-MUJER-EN-BERAZATEGUI-6-300x200.jpg","large":"https:\/\/diarioprincipios.com\/wp-content\/uploads\/2022\/03\/SE-CONMEMORO-EL-DIA-INTERNACIONAL-DE-LA-MUJER-EN-BERAZATEGUI-6-1024x683.jpg"},"ams_acf":[],"yoast_head":"<!-- This site is optimized with the Yoast SEO plugin v27.3 - https:\/\/yoast.com\/product\/yoast-seo-wordpress\/ -->\n<title>Sesi\u00f3n Especial del HCD por el D\u00eda Internacional de la Mujer - Principios<\/title>\n<meta name=\"robots\" content=\"index, follow, max-snippet:-1, max-image-preview:large, max-video-preview:-1\" \/>\n<link rel=\"canonical\" href=\"https:\/\/diarioprincipios.com\/index.php\/2022\/03\/09\/sesion-especial-del-hcd-por-el-dia-internacional-de-la-mujer\/\" \/>\n<meta property=\"og:locale\" content=\"es_ES\" \/>\n<meta property=\"og:type\" content=\"article\" \/>\n<meta property=\"og:title\" content=\"Sesi\u00f3n Especial del HCD por el D\u00eda Internacional de la Mujer - Principios\" \/>\n<meta property=\"og:description\" content=\"El Honorable Concejo Deliberante (HCD) de Berazategui -municipio gestionado por el intendente Juan Jos\u00e9 Mussi- realiz\u00f3 una Sesi\u00f3n Especial Conmemorativa por el D\u00eda Internacional de la Mujer. Durante la emotiva jornada de homenajes y reivindicaciones, los integrantes del Cuerpo sancionaron cuatro Ordenanzas vinculadas a la fecha. El evento cont\u00f3 con una amplia convocatoria de representantes...\" \/>\n<meta property=\"og:url\" content=\"https:\/\/diarioprincipios.com\/index.php\/2022\/03\/09\/sesion-especial-del-hcd-por-el-dia-internacional-de-la-mujer\/\" \/>\n<meta property=\"og:site_name\" content=\"Principios\" \/>\n<meta property=\"article:published_time\" content=\"2022-03-09T09:27:39+00:00\" \/>\n<meta property=\"article:modified_time\" content=\"2022-03-09T09:29:02+00:00\" \/>\n<meta property=\"og:image\" content=\"https:\/\/diarioprincipios.com\/wp-content\/uploads\/2022\/03\/SE-CONMEMORO-EL-DIA-INTERNACIONAL-DE-LA-MUJER-EN-BERAZATEGUI-6.jpg\" \/>\n\t<meta property=\"og:image:width\" content=\"1920\" \/>\n\t<meta property=\"og:image:height\" content=\"1280\" \/>\n\t<meta property=\"og:image:type\" content=\"image\/jpeg\" \/>\n<meta name=\"author\" content=\"Hern\u00e1n L\u00f3pez\" \/>\n<meta name=\"twitter:card\" content=\"summary_large_image\" \/>\n<meta name=\"twitter:label1\" content=\"Escrito por\" \/>\n\t<meta name=\"twitter:data1\" content=\"Hern\u00e1n L\u00f3pez\" \/>\n\t<meta name=\"twitter:label2\" content=\"Tiempo de lectura\" \/>\n\t<meta name=\"twitter:data2\" content=\"3 minutos\" \/>\n<script type=\"application\/ld+json\" class=\"yoast-schema-graph\">{\"@context\":\"https:\\\/\\\/schema.org\",\"@graph\":[{\"@type\":\"Article\",\"@id\":\"https:\\\/\\\/diarioprincipios.com\\\/index.php\\\/2022\\\/03\\\/09\\\/sesion-especial-del-hcd-por-el-dia-internacional-de-la-mujer\\\/#article\",\"isPartOf\":{\"@id\":\"https:\\\/\\\/diarioprincipios.com\\\/index.php\\\/2022\\\/03\\\/09\\\/sesion-especial-del-hcd-por-el-dia-internacional-de-la-mujer\\\/\"},\"author\":{\"name\":\"Hern\u00e1n L\u00f3pez\",\"@id\":\"https:\\\/\\\/diarioprincipios.com\\\/#\\\/schema\\\/person\\\/436d5a1fd41a5e250e23ff5a6a7cb080\"},\"headline\":\"Sesi\u00f3n Especial del HCD por el D\u00eda Internacional de la Mujer\",\"datePublished\":\"2022-03-09T09:27:39+00:00\",\"dateModified\":\"2022-03-09T09:29:02+00:00\",\"mainEntityOfPage\":{\"@id\":\"https:\\\/\\\/diarioprincipios.com\\\/index.php\\\/2022\\\/03\\\/09\\\/sesion-especial-del-hcd-por-el-dia-internacional-de-la-mujer\\\/\"},\"wordCount\":542,\"commentCount\":0,\"publisher\":{\"@id\":\"https:\\\/\\\/diarioprincipios.com\\\/#organization\"},\"image\":{\"@id\":\"https:\\\/\\\/diarioprincipios.com\\\/index.php\\\/2022\\\/03\\\/09\\\/sesion-especial-del-hcd-por-el-dia-internacional-de-la-mujer\\\/#primaryimage\"},\"thumbnailUrl\":\"https:\\\/\\\/diarioprincipios.com\\\/wp-content\\\/uploads\\\/2022\\\/03\\\/SE-CONMEMORO-EL-DIA-INTERNACIONAL-DE-LA-MUJER-EN-BERAZATEGUI-6.jpg\",\"articleSection\":[\"Berazategui\"],\"inLanguage\":\"es\",\"potentialAction\":[{\"@type\":\"CommentAction\",\"name\":\"Comment\",\"target\":[\"https:\\\/\\\/diarioprincipios.com\\\/index.php\\\/2022\\\/03\\\/09\\\/sesion-especial-del-hcd-por-el-dia-internacional-de-la-mujer\\\/#respond\"]}]},{\"@type\":\"WebPage\",\"@id\":\"https:\\\/\\\/diarioprincipios.com\\\/index.php\\\/2022\\\/03\\\/09\\\/sesion-especial-del-hcd-por-el-dia-internacional-de-la-mujer\\\/\",\"url\":\"https:\\\/\\\/diarioprincipios.com\\\/index.php\\\/2022\\\/03\\\/09\\\/sesion-especial-del-hcd-por-el-dia-internacional-de-la-mujer\\\/\",\"name\":\"Sesi\u00f3n Especial del HCD por el D\u00eda Internacional de la Mujer - Principios\",\"isPartOf\":{\"@id\":\"https:\\\/\\\/diarioprincipios.com\\\/#website\"},\"primaryImageOfPage\":{\"@id\":\"https:\\\/\\\/diarioprincipios.com\\\/index.php\\\/2022\\\/03\\\/09\\\/sesion-especial-del-hcd-por-el-dia-internacional-de-la-mujer\\\/#primaryimage\"},\"image\":{\"@id\":\"https:\\\/\\\/diarioprincipios.com\\\/index.php\\\/2022\\\/03\\\/09\\\/sesion-especial-del-hcd-por-el-dia-internacional-de-la-mujer\\\/#primaryimage\"},\"thumbnailUrl\":\"https:\\\/\\\/diarioprincipios.com\\\/wp-content\\\/uploads\\\/2022\\\/03\\\/SE-CONMEMORO-EL-DIA-INTERNACIONAL-DE-LA-MUJER-EN-BERAZATEGUI-6.jpg\",\"datePublished\":\"2022-03-09T09:27:39+00:00\",\"dateModified\":\"2022-03-09T09:29:02+00:00\",\"breadcrumb\":{\"@id\":\"https:\\\/\\\/diarioprincipios.com\\\/index.php\\\/2022\\\/03\\\/09\\\/sesion-especial-del-hcd-por-el-dia-internacional-de-la-mujer\\\/#breadcrumb\"},\"inLanguage\":\"es\",\"potentialAction\":[{\"@type\":\"ReadAction\",\"target\":[\"https:\\\/\\\/diarioprincipios.com\\\/index.php\\\/2022\\\/03\\\/09\\\/sesion-especial-del-hcd-por-el-dia-internacional-de-la-mujer\\\/\"]}]},{\"@type\":\"ImageObject\",\"inLanguage\":\"es\",\"@id\":\"https:\\\/\\\/diarioprincipios.com\\\/index.php\\\/2022\\\/03\\\/09\\\/sesion-especial-del-hcd-por-el-dia-internacional-de-la-mujer\\\/#primaryimage\",\"url\":\"https:\\\/\\\/diarioprincipios.com\\\/wp-content\\\/uploads\\\/2022\\\/03\\\/SE-CONMEMORO-EL-DIA-INTERNACIONAL-DE-LA-MUJER-EN-BERAZATEGUI-6.jpg\",\"contentUrl\":\"https:\\\/\\\/diarioprincipios.com\\\/wp-content\\\/uploads\\\/2022\\\/03\\\/SE-CONMEMORO-EL-DIA-INTERNACIONAL-DE-LA-MUJER-EN-BERAZATEGUI-6.jpg\",\"width\":1920,\"height\":1280},{\"@type\":\"BreadcrumbList\",\"@id\":\"https:\\\/\\\/diarioprincipios.com\\\/index.php\\\/2022\\\/03\\\/09\\\/sesion-especial-del-hcd-por-el-dia-internacional-de-la-mujer\\\/#breadcrumb\",\"itemListElement\":[{\"@type\":\"ListItem\",\"position\":1,\"name\":\"Portada\",\"item\":\"https:\\\/\\\/diarioprincipios.com\\\/\"},{\"@type\":\"ListItem\",\"position\":2,\"name\":\"Sesi\u00f3n Especial del HCD por el D\u00eda Internacional de la Mujer\"}]},{\"@type\":\"WebSite\",\"@id\":\"https:\\\/\\\/diarioprincipios.com\\\/#website\",\"url\":\"https:\\\/\\\/diarioprincipios.com\\\/\",\"name\":\"Principios\",\"description\":\"Principios Diario\",\"publisher\":{\"@id\":\"https:\\\/\\\/diarioprincipios.com\\\/#organization\"},\"potentialAction\":[{\"@type\":\"SearchAction\",\"target\":{\"@type\":\"EntryPoint\",\"urlTemplate\":\"https:\\\/\\\/diarioprincipios.com\\\/?s={search_term_string}\"},\"query-input\":{\"@type\":\"PropertyValueSpecification\",\"valueRequired\":true,\"valueName\":\"search_term_string\"}}],\"inLanguage\":\"es\"},{\"@type\":\"Organization\",\"@id\":\"https:\\\/\\\/diarioprincipios.com\\\/#organization\",\"name\":\"Principios\",\"url\":\"https:\\\/\\\/diarioprincipios.com\\\/\",\"logo\":{\"@type\":\"ImageObject\",\"inLanguage\":\"es\",\"@id\":\"https:\\\/\\\/diarioprincipios.com\\\/#\\\/schema\\\/logo\\\/image\\\/\",\"url\":\"https:\\\/\\\/diarioprincipios.com\\\/wp-content\\\/uploads\\\/2024\\\/04\\\/cropped-www.diarioprincipios.com_-1.png\",\"contentUrl\":\"https:\\\/\\\/diarioprincipios.com\\\/wp-content\\\/uploads\\\/2024\\\/04\\\/cropped-www.diarioprincipios.com_-1.png\",\"width\":5325,\"height\":1454,\"caption\":\"Principios\"},\"image\":{\"@id\":\"https:\\\/\\\/diarioprincipios.com\\\/#\\\/schema\\\/logo\\\/image\\\/\"}},{\"@type\":\"Person\",\"@id\":\"https:\\\/\\\/diarioprincipios.com\\\/#\\\/schema\\\/person\\\/436d5a1fd41a5e250e23ff5a6a7cb080\",\"name\":\"Hern\u00e1n L\u00f3pez\",\"image\":{\"@type\":\"ImageObject\",\"inLanguage\":\"es\",\"@id\":\"https:\\\/\\\/diarioprincipios.com\\\/wp-content\\\/litespeed\\\/avatar\\\/11ddfe5610ff3bd100522525b2571f48.jpg?ver=1777048341\",\"url\":\"https:\\\/\\\/diarioprincipios.com\\\/wp-content\\\/litespeed\\\/avatar\\\/11ddfe5610ff3bd100522525b2571f48.jpg?ver=1777048341\",\"contentUrl\":\"https:\\\/\\\/diarioprincipios.com\\\/wp-content\\\/litespeed\\\/avatar\\\/11ddfe5610ff3bd100522525b2571f48.jpg?ver=1777048341\",\"caption\":\"Hern\u00e1n L\u00f3pez\"},\"url\":\"https:\\\/\\\/diarioprincipios.com\\\/index.php\\\/author\\\/hernan\\\/\"}]}<\/script>\n<!-- \/ Yoast SEO plugin. -->","yoast_head_json":{"title":"Sesi\u00f3n Especial del HCD por el D\u00eda Internacional de la Mujer - Principios","robots":{"index":"index","follow":"follow","max-snippet":"max-snippet:-1","max-image-preview":"max-image-preview:large","max-video-preview":"max-video-preview:-1"},"canonical":"https:\/\/diarioprincipios.com\/index.php\/2022\/03\/09\/sesion-especial-del-hcd-por-el-dia-internacional-de-la-mujer\/","og_locale":"es_ES","og_type":"article","og_title":"Sesi\u00f3n Especial del HCD por el D\u00eda Internacional de la Mujer - Principios","og_description":"El Honorable Concejo Deliberante (HCD) de Berazategui -municipio gestionado por el intendente Juan Jos\u00e9 Mussi- realiz\u00f3 una Sesi\u00f3n Especial Conmemorativa por el D\u00eda Internacional de la Mujer. Durante la emotiva jornada de homenajes y reivindicaciones, los integrantes del Cuerpo sancionaron cuatro Ordenanzas vinculadas a la fecha. El evento cont\u00f3 con una amplia convocatoria de representantes...","og_url":"https:\/\/diarioprincipios.com\/index.php\/2022\/03\/09\/sesion-especial-del-hcd-por-el-dia-internacional-de-la-mujer\/","og_site_name":"Principios","article_published_time":"2022-03-09T09:27:39+00:00","article_modified_time":"2022-03-09T09:29:02+00:00","og_image":[{"width":1920,"height":1280,"url":"https:\/\/diarioprincipios.com\/wp-content\/uploads\/2022\/03\/SE-CONMEMORO-EL-DIA-INTERNACIONAL-DE-LA-MUJER-EN-BERAZATEGUI-6.jpg","type":"image\/jpeg"}],"author":"Hern\u00e1n L\u00f3pez","twitter_card":"summary_large_image","twitter_misc":{"Escrito por":"Hern\u00e1n L\u00f3pez","Tiempo de lectura":"3 minutos"},"schema":{"@context":"https:\/\/schema.org","@graph":[{"@type":"Article","@id":"https:\/\/diarioprincipios.com\/index.php\/2022\/03\/09\/sesion-especial-del-hcd-por-el-dia-internacional-de-la-mujer\/#article","isPartOf":{"@id":"https:\/\/diarioprincipios.com\/index.php\/2022\/03\/09\/sesion-especial-del-hcd-por-el-dia-internacional-de-la-mujer\/"},"author":{"name":"Hern\u00e1n L\u00f3pez","@id":"https:\/\/diarioprincipios.com\/#\/schema\/person\/436d5a1fd41a5e250e23ff5a6a7cb080"},"headline":"Sesi\u00f3n Especial del HCD por el D\u00eda Internacional de la Mujer","datePublished":"2022-03-09T09:27:39+00:00","dateModified":"2022-03-09T09:29:02+00:00","mainEntityOfPage":{"@id":"https:\/\/diarioprincipios.com\/index.php\/2022\/03\/09\/sesion-especial-del-hcd-por-el-dia-internacional-de-la-mujer\/"},"wordCount":542,"commentCount":0,"publisher":{"@id":"https:\/\/diarioprincipios.com\/#organization"},"image":{"@id":"https:\/\/diarioprincipios.com\/index.php\/2022\/03\/09\/sesion-especial-del-hcd-por-el-dia-internacional-de-la-mujer\/#primaryimage"},"thumbnailUrl":"https:\/\/diarioprincipios.com\/wp-content\/uploads\/2022\/03\/SE-CONMEMORO-EL-DIA-INTERNACIONAL-DE-LA-MUJER-EN-BERAZATEGUI-6.jpg","articleSection":["Berazategui"],"inLanguage":"es","potentialAction":[{"@type":"CommentAction","name":"Comment","target":["https:\/\/diarioprincipios.com\/index.php\/2022\/03\/09\/sesion-especial-del-hcd-por-el-dia-internacional-de-la-mujer\/#respond"]}]},{"@type":"WebPage","@id":"https:\/\/diarioprincipios.com\/index.php\/2022\/03\/09\/sesion-especial-del-hcd-por-el-dia-internacional-de-la-mujer\/","url":"https:\/\/diarioprincipios.com\/index.php\/2022\/03\/09\/sesion-especial-del-hcd-por-el-dia-internacional-de-la-mujer\/","name":"Sesi\u00f3n Especial del HCD por el D\u00eda Internacional de la Mujer - Principios","isPartOf":{"@id":"https:\/\/diarioprincipios.com\/#website"},"primaryImageOfPage":{"@id":"https:\/\/diarioprincipios.com\/index.php\/2022\/03\/09\/sesion-especial-del-hcd-por-el-dia-internacional-de-la-mujer\/#primaryimage"},"image":{"@id":"https:\/\/diarioprincipios.com\/index.php\/2022\/03\/09\/sesion-especial-del-hcd-por-el-dia-internacional-de-la-mujer\/#primaryimage"},"thumbnailUrl":"https:\/\/diarioprincipios.com\/wp-content\/uploads\/2022\/03\/SE-CONMEMORO-EL-DIA-INTERNACIONAL-DE-LA-MUJER-EN-BERAZATEGUI-6.jpg","datePublished":"2022-03-09T09:27:39+00:00","dateModified":"2022-03-09T09:29:02+00:00","breadcrumb":{"@id":"https:\/\/diarioprincipios.com\/index.php\/2022\/03\/09\/sesion-especial-del-hcd-por-el-dia-internacional-de-la-mujer\/#breadcrumb"},"inLanguage":"es","potentialAction":[{"@type":"ReadAction","target":["https:\/\/diarioprincipios.com\/index.php\/2022\/03\/09\/sesion-especial-del-hcd-por-el-dia-internacional-de-la-mujer\/"]}]},{"@type":"ImageObject","inLanguage":"es","@id":"https:\/\/diarioprincipios.com\/index.php\/2022\/03\/09\/sesion-especial-del-hcd-por-el-dia-internacional-de-la-mujer\/#primaryimage","url":"https:\/\/diarioprincipios.com\/wp-content\/uploads\/2022\/03\/SE-CONMEMORO-EL-DIA-INTERNACIONAL-DE-LA-MUJER-EN-BERAZATEGUI-6.jpg","contentUrl":"https:\/\/diarioprincipios.com\/wp-content\/uploads\/2022\/03\/SE-CONMEMORO-EL-DIA-INTERNACIONAL-DE-LA-MUJER-EN-BERAZATEGUI-6.jpg","width":1920,"height":1280},{"@type":"BreadcrumbList","@id":"https:\/\/diarioprincipios.com\/index.php\/2022\/03\/09\/sesion-especial-del-hcd-por-el-dia-internacional-de-la-mujer\/#breadcrumb","itemListElement":[{"@type":"ListItem","position":1,"name":"Portada","item":"https:\/\/diarioprincipios.com\/"},{"@type":"ListItem","position":2,"name":"Sesi\u00f3n Especial del HCD por el D\u00eda Internacional de la Mujer"}]},{"@type":"WebSite","@id":"https:\/\/diarioprincipios.com\/#website","url":"https:\/\/diarioprincipios.com\/","name":"Principios","description":"Principios Diario","publisher":{"@id":"https:\/\/diarioprincipios.com\/#organization"},"potentialAction":[{"@type":"SearchAction","target":{"@type":"EntryPoint","urlTemplate":"https:\/\/diarioprincipios.com\/?s={search_term_string}"},"query-input":{"@type":"PropertyValueSpecification","valueRequired":true,"valueName":"search_term_string"}}],"inLanguage":"es"},{"@type":"Organization","@id":"https:\/\/diarioprincipios.com\/#organization","name":"Principios","url":"https:\/\/diarioprincipios.com\/","logo":{"@type":"ImageObject","inLanguage":"es","@id":"https:\/\/diarioprincipios.com\/#\/schema\/logo\/image\/","url":"https:\/\/diarioprincipios.com\/wp-content\/uploads\/2024\/04\/cropped-www.diarioprincipios.com_-1.png","contentUrl":"https:\/\/diarioprincipios.com\/wp-content\/uploads\/2024\/04\/cropped-www.diarioprincipios.com_-1.png","width":5325,"height":1454,"caption":"Principios"},"image":{"@id":"https:\/\/diarioprincipios.com\/#\/schema\/logo\/image\/"}},{"@type":"Person","@id":"https:\/\/diarioprincipios.com\/#\/schema\/person\/436d5a1fd41a5e250e23ff5a6a7cb080","name":"Hern\u00e1n L\u00f3pez","image":{"@type":"ImageObject","inLanguage":"es","@id":"https:\/\/diarioprincipios.com\/wp-content\/litespeed\/avatar\/11ddfe5610ff3bd100522525b2571f48.jpg?ver=1777048341","url":"https:\/\/diarioprincipios.com\/wp-content\/litespeed\/avatar\/11ddfe5610ff3bd100522525b2571f48.jpg?ver=1777048341","contentUrl":"https:\/\/diarioprincipios.com\/wp-content\/litespeed\/avatar\/11ddfe5610ff3bd100522525b2571f48.jpg?ver=1777048341","caption":"Hern\u00e1n L\u00f3pez"},"url":"https:\/\/diarioprincipios.com\/index.php\/author\/hernan\/"}]}},"jetpack_featured_media_url":"https:\/\/diarioprincipios.com\/wp-content\/uploads\/2022\/03\/SE-CONMEMORO-EL-DIA-INTERNACIONAL-DE-LA-MUJER-EN-BERAZATEGUI-6.jpg","_links":{"self":[{"href":"https:\/\/diarioprincipios.com\/index.php\/wp-json\/wp\/v2\/posts\/12939","targetHints":{"allow":["GET"]}}],"collection":[{"href":"https:\/\/diarioprincipios.com\/index.php\/wp-json\/wp\/v2\/posts"}],"about":[{"href":"https:\/\/diarioprincipios.com\/index.php\/wp-json\/wp\/v2\/types\/post"}],"author":[{"embeddable":true,"href":"https:\/\/diarioprincipios.com\/index.php\/wp-json\/wp\/v2\/users\/2"}],"replies":[{"embeddable":true,"href":"https:\/\/diarioprincipios.com\/index.php\/wp-json\/wp\/v2\/comments?post=12939"}],"version-history":[{"count":1,"href":"https:\/\/diarioprincipios.com\/index.php\/wp-json\/wp\/v2\/posts\/12939\/revisions"}],"predecessor-version":[{"id":12944,"href":"https:\/\/diarioprincipios.com\/index.php\/wp-json\/wp\/v2\/posts\/12939\/revisions\/12944"}],"wp:featuredmedia":[{"embeddable":true,"href":"https:\/\/diarioprincipios.com\/index.php\/wp-json\/wp\/v2\/media\/12943"}],"wp:attachment":[{"href":"https:\/\/diarioprincipios.com\/index.php\/wp-json\/wp\/v2\/media?parent=12939"}],"wp:term":[{"taxonomy":"category","embeddable":true,"href":"https:\/\/diarioprincipios.com\/index.php\/wp-json\/wp\/v2\/categories?post=12939"},{"taxonomy":"post_tag","embeddable":true,"href":"https:\/\/diarioprincipios.com\/index.php\/wp-json\/wp\/v2\/tags?post=12939"}],"curies":[{"name":"wp","href":"https:\/\/api.w.org\/{rel}","templated":true}]}}