{"id":12924,"date":"2022-03-07T22:59:54","date_gmt":"2022-03-08T01:59:54","guid":{"rendered":"http:\/\/diarioprincipios.com\/?p=12924"},"modified":"2022-03-07T22:59:58","modified_gmt":"2022-03-08T01:59:58","slug":"daniel-rosato-destaco-politicas-productivas-a-nivel-nacional-provincial-y-municipal","status":"publish","type":"post","link":"https:\/\/diarioprincipios.com\/index.php\/2022\/03\/07\/daniel-rosato-destaco-politicas-productivas-a-nivel-nacional-provincial-y-municipal\/","title":{"rendered":"Daniel Rosato destac\u00f3 pol\u00edticas productivas a nivel nacional, provincial y municipal"},"content":{"rendered":"\n<p><strong>Gracias a las pol\u00edticas productivas desarrolladas por los gobiernos Nacional, Provincial y Municipal, las industrias berazateguenses experimentan nuevamente un crecimiento destacable. As\u00ed lo afirm\u00f3 el titular del Parque Industrial Pl\u00e1tanos y Vicepresidente de la Uni\u00f3n Industrial de Berazategui, Carlos Rosato.<\/strong><\/p>\n\n\n\n<p>Daniel Rosato, presidente del Parque Industrial Pl\u00e1tanos (PIP), expres\u00f3: \u201cEl PIP fue el primero en generar un crecimiento y desarrollo industrial muy importante en Berazategui. All\u00ed se radicaron m\u00e1s de 200 nuevas empresas Pymes industriales. Esto, en los momentos dif\u00edciles que vivi\u00f3 el pa\u00eds en los \u00faltimos a\u00f1os, permiti\u00f3 combatir el desempleo de manera conjunta con el Municipio de Berazategui. El intendente y su equipo han brindado al sector un apoyo muy importante, trabajando codo a codo para llevar adelante una transformaci\u00f3n en la industria local\u201d. Rosato es tambi\u00e9n vicepresidente de la Uni\u00f3n Industrial de Berazategui (UIB) y presidente de Industriales Pymes Argentinos (IPA).<\/p>\n\n\n\n<figure class=\"wp-block-image size-large\"><img loading=\"lazy\" decoding=\"async\" width=\"1024\" height=\"682\" src=\"https:\/\/diarioprincipios.com\/wp-content\/uploads\/2022\/03\/BERAZATEGUI-DESTACAN-LAS-POLITICAS-DE-PRODUCCION-A-NIVEL-NACIONAL-PROVINCIAL-Y-MUNICIPAL-2-1024x682.jpeg\" alt=\"\" class=\"wp-image-12925\" srcset=\"https:\/\/diarioprincipios.com\/wp-content\/uploads\/2022\/03\/BERAZATEGUI-DESTACAN-LAS-POLITICAS-DE-PRODUCCION-A-NIVEL-NACIONAL-PROVINCIAL-Y-MUNICIPAL-2-1024x682.jpeg 1024w, https:\/\/diarioprincipios.com\/wp-content\/uploads\/2022\/03\/BERAZATEGUI-DESTACAN-LAS-POLITICAS-DE-PRODUCCION-A-NIVEL-NACIONAL-PROVINCIAL-Y-MUNICIPAL-2-300x200.jpeg 300w, https:\/\/diarioprincipios.com\/wp-content\/uploads\/2022\/03\/BERAZATEGUI-DESTACAN-LAS-POLITICAS-DE-PRODUCCION-A-NIVEL-NACIONAL-PROVINCIAL-Y-MUNICIPAL-2-768x512.jpeg 768w, https:\/\/diarioprincipios.com\/wp-content\/uploads\/2022\/03\/BERAZATEGUI-DESTACAN-LAS-POLITICAS-DE-PRODUCCION-A-NIVEL-NACIONAL-PROVINCIAL-Y-MUNICIPAL-2.jpeg 1280w\" sizes=\"auto, (max-width: 1024px) 100vw, 1024px\" \/><\/figure>\n\n\n\n<p><strong>Medidas municipales en favor de la industria local<br><\/strong><br>El Municipio siempre mantuvo su postura a favor del desarrollo de la producci\u00f3n en Berazategui.<\/p>\n\n\n\n<p>Estas son algunas de sus iniciativas:<\/p>\n\n\n\n<p>&#8211; Promoci\u00f3n industrial: A trav\u00e9s de una Ordenanza, las empresas con el 50% de empleados berazateguenses y personal femenino, que se sumen al Programa municipal de Responsabilidad Social Empresarial y se comprometan con la sustentabilidad ambiental, son eximidas del pago de tasas.<\/p>\n\n\n\n<p>&#8211; Ofrece a las industrias el Programa de Oferta Exportable Berazategui, con el objetivo de que \u00e9stas conozcan potenciales mercados externos de comercializaci\u00f3n.<\/p>\n\n\n\n<p>&#8211; Pr\u00f3ximamente se sumar\u00e1 en el Municipio un espacio exclusivo de atenci\u00f3n del Instituto Nacional de Tecnolog\u00eda Industrial (INTI) para agilizar los tr\u00e1mites en ese Organismo.<\/p>\n\n\n\n<p>&#8211; Implementa Programas nacionales, provinciales y locales para preservar la econom\u00eda familiar.<\/p>\n\n\n\n<p>&#8211; Impulsa y apoya a los emprendedores mediante diferentes iniciativas, como Mercado Vecino, la Escuela de Emprendedores, la Feria Emprender, entre otras.<\/p>\n\n\n\n<p>&#8211; Genera capacitaciones para Pymes y facilita la inserci\u00f3n laboral.<\/p>\n\n\n\n<p>&#8211; Protege el comercio minorista y la producci\u00f3n local; y toma medidas de impulso al desarrollo comercial.<\/p>\n\n\n\n<figure class=\"wp-block-image size-large\"><img loading=\"lazy\" decoding=\"async\" width=\"1024\" height=\"576\" src=\"https:\/\/diarioprincipios.com\/wp-content\/uploads\/2022\/03\/BERAZATEGUI-DESTACAN-LAS-POLITICAS-DE-PRODUCCION-A-NIVEL-NACIONAL-PROVINCIAL-Y-MUNICIPAL-3-1024x576.jpeg\" alt=\"\" class=\"wp-image-12926\" srcset=\"https:\/\/diarioprincipios.com\/wp-content\/uploads\/2022\/03\/BERAZATEGUI-DESTACAN-LAS-POLITICAS-DE-PRODUCCION-A-NIVEL-NACIONAL-PROVINCIAL-Y-MUNICIPAL-3-1024x576.jpeg 1024w, https:\/\/diarioprincipios.com\/wp-content\/uploads\/2022\/03\/BERAZATEGUI-DESTACAN-LAS-POLITICAS-DE-PRODUCCION-A-NIVEL-NACIONAL-PROVINCIAL-Y-MUNICIPAL-3-300x169.jpeg 300w, https:\/\/diarioprincipios.com\/wp-content\/uploads\/2022\/03\/BERAZATEGUI-DESTACAN-LAS-POLITICAS-DE-PRODUCCION-A-NIVEL-NACIONAL-PROVINCIAL-Y-MUNICIPAL-3-768x432.jpeg 768w, https:\/\/diarioprincipios.com\/wp-content\/uploads\/2022\/03\/BERAZATEGUI-DESTACAN-LAS-POLITICAS-DE-PRODUCCION-A-NIVEL-NACIONAL-PROVINCIAL-Y-MUNICIPAL-3.jpeg 1280w\" sizes=\"auto, (max-width: 1024px) 100vw, 1024px\" \/><\/figure>\n\n\n\n<p><strong>La recuperaci\u00f3n industrial en Berazategui<br><\/strong><br>\u00abPasamos situaciones muy dif\u00edciles entre 2015 y 2019 a causa del incremento de la energ\u00eda en un 3000%. A nivel local y nacional esto signific\u00f3 la desestabilizaci\u00f3n de la econom\u00eda. Se perdieron 5850 pymes industriales manufactureras. Y a partir de 2020 nos toc\u00f3 vivir las grandes complicaciones generadas por la pandemia. Por parte del actual Gobierno nacional hubo una respuesta pronta que logr\u00f3 sostener a miles de pymes en crisis, a trav\u00e9s de subsidios a los trabajadores, en una etapa en la que no pod\u00edamos producir ni vender\u201d, relat\u00f3 Rosato.<\/p>\n\n\n\n<p>\u201cEn octubre de 2020 -continu\u00f3- comenzamos a salir de las restricciones y a recomponer la econom\u00eda en la Argentina, retomando la actividad industrial. Se aplic\u00f3 una pol\u00edtica por la que pasamos de altos costos de energ\u00eda y tasas de intereses que rondaban el 90% a bajarlas en plena pandemia a un 40% y ayudar al sector pyme. De esta manera, en la etapa 2020-2021 comenz\u00f3 una reactivaci\u00f3n que en Berazategui fue pronta porque es un distrito industrializado que brinda su apoyo a trav\u00e9s de una Secretar\u00eda de Trabajo que ofrece mano de obra y responde a las demandas\u201d.<\/p>\n\n\n\n<p>Adem\u00e1s, Rosato destac\u00f3: \u201cEn el sector del comercio exterior, trabajamos con el Municipio promocionando los productos de Berazategui y ya son varias las empresas que hoy est\u00e1n exportando a pa\u00edses lim\u00edtrofes gracias a ese apoyo. Tambi\u00e9n se impulsa a nivel local, mediante la promoci\u00f3n e instalaci\u00f3n de las marcas del distrito en todas las g\u00f3ndolas de los supermercados. Esto motiva el compromiso de las pymes y genera m\u00e1s puestos de trabajo\u201d.<\/p>\n\n\n\n<p>Finalmente, evalu\u00f3: \u201cEn la etapa 2021-2022 comenz\u00f3 un crecimiento constante y sustentable en todo el sector industrial. En 2020 crecimos un 10%, en 2021 un 10,3% y para 2022 tenemos la previsibilidad de que la industria seguir\u00e1 prosperando porque aument\u00f3 la demanda en sectores de hidrocarburos. La UIB se reuni\u00f3 con el Municipio, grandes empresas y la Universidad Nacional Arturo Jauretche (UNAJ) para trabajar en la sustituci\u00f3n de importaciones, lo que sin dudas va a generar m\u00e1s trabajo en las pymes proveedoras de petr\u00f3leo y gas. Otro sector que crece y exporta muy bien es el autopartista y en Berazategui hay muchas empresas que acompa\u00f1an ese desarrollo\u201d.<\/p>\n\n\n\n<p>Actualmente, el Municipio avanza en responder la demanda de las pymes de formar mano de obra especializada para generar crecimiento y desarrollo. De esta manera, con vistas a un futuro de prosperidad, el intendente Juan Jos\u00e9 Mussi firm\u00f3 convenios con el rector de la UNAJ, Dr. Arnaldo Medina, por los cuales se implementar\u00e1n -de manera articulada- capacitaciones tecnol\u00f3gicas en el futuro Centro de Formaci\u00f3n e Innovaci\u00f3n Productiva Municipal (CEFIP) de Berazategui.<\/p>\n\n\n\n<p>\u201cVamos a seguir trabajando en conjunto. Eso es algo que valoramos mucho. La confianza y el respeto con la Municipalidad nos lleva por el camino del crecimiento, del desarrollo y de la generaci\u00f3n de empleo de calidad\u201d, finaliz\u00f3 Rosato.<\/p>\n","protected":false},"excerpt":{"rendered":"<p>Gracias a las pol\u00edticas productivas desarrolladas por los gobiernos Nacional, Provincial y Municipal, las industrias berazateguenses experimentan nuevamente un crecimiento destacable. As\u00ed lo afirm\u00f3 el titular del Parque Industrial Pl\u00e1tanos y Vicepresidente de la Uni\u00f3n Industrial de Berazategui, Carlos Rosato. Daniel Rosato, presidente del Parque Industrial Pl\u00e1tanos (PIP), expres\u00f3: \u201cEl PIP fue el primero en&#8230;<\/p>\n","protected":false},"author":2,"featured_media":12927,"comment_status":"open","ping_status":"open","sticky":false,"template":"","format":"standard","meta":{"footnotes":""},"categories":[3],"tags":[],"class_list":["post-12924","post","type-post","status-publish","format-standard","has-post-thumbnail","hentry","category-berazategui"],"featured_image_src":"https:\/\/diarioprincipios.com\/wp-content\/uploads\/2022\/03\/BERAZATEGUI-DESTACAN-LAS-POLITICAS-DE-PRODUCCION-A-NIVEL-NACIONAL-PROVINCIAL-Y-MUNICIPAL-1-1024x682.jpeg","blog_images":{"medium":"https:\/\/diarioprincipios.com\/wp-content\/uploads\/2022\/03\/BERAZATEGUI-DESTACAN-LAS-POLITICAS-DE-PRODUCCION-A-NIVEL-NACIONAL-PROVINCIAL-Y-MUNICIPAL-1-300x200.jpeg","large":"https:\/\/diarioprincipios.com\/wp-content\/uploads\/2022\/03\/BERAZATEGUI-DESTACAN-LAS-POLITICAS-DE-PRODUCCION-A-NIVEL-NACIONAL-PROVINCIAL-Y-MUNICIPAL-1-1024x682.jpeg"},"ams_acf":[],"yoast_head":"<!-- This site is optimized with the Yoast SEO plugin v27.3 - https:\/\/yoast.com\/product\/yoast-seo-wordpress\/ -->\n<title>Daniel Rosato destac\u00f3 pol\u00edticas productivas a nivel nacional, provincial y municipal - Principios<\/title>\n<meta name=\"robots\" content=\"index, follow, max-snippet:-1, max-image-preview:large, max-video-preview:-1\" \/>\n<link rel=\"canonical\" href=\"https:\/\/diarioprincipios.com\/index.php\/2022\/03\/07\/daniel-rosato-destaco-politicas-productivas-a-nivel-nacional-provincial-y-municipal\/\" \/>\n<meta property=\"og:locale\" content=\"es_ES\" \/>\n<meta property=\"og:type\" content=\"article\" \/>\n<meta property=\"og:title\" content=\"Daniel Rosato destac\u00f3 pol\u00edticas productivas a nivel nacional, provincial y municipal - Principios\" \/>\n<meta property=\"og:description\" content=\"Gracias a las pol\u00edticas productivas desarrolladas por los gobiernos Nacional, Provincial y Municipal, las industrias berazateguenses experimentan nuevamente un crecimiento destacable. As\u00ed lo afirm\u00f3 el titular del Parque Industrial Pl\u00e1tanos y Vicepresidente de la Uni\u00f3n Industrial de Berazategui, Carlos Rosato. Daniel Rosato, presidente del Parque Industrial Pl\u00e1tanos (PIP), expres\u00f3: \u201cEl PIP fue el primero en...\" \/>\n<meta property=\"og:url\" content=\"https:\/\/diarioprincipios.com\/index.php\/2022\/03\/07\/daniel-rosato-destaco-politicas-productivas-a-nivel-nacional-provincial-y-municipal\/\" \/>\n<meta property=\"og:site_name\" content=\"Principios\" \/>\n<meta property=\"article:published_time\" content=\"2022-03-08T01:59:54+00:00\" \/>\n<meta property=\"article:modified_time\" content=\"2022-03-08T01:59:58+00:00\" \/>\n<meta property=\"og:image\" content=\"https:\/\/diarioprincipios.com\/wp-content\/uploads\/2022\/03\/BERAZATEGUI-DESTACAN-LAS-POLITICAS-DE-PRODUCCION-A-NIVEL-NACIONAL-PROVINCIAL-Y-MUNICIPAL-1.jpeg\" \/>\n\t<meta property=\"og:image:width\" content=\"1280\" \/>\n\t<meta property=\"og:image:height\" content=\"853\" \/>\n\t<meta property=\"og:image:type\" content=\"image\/jpeg\" \/>\n<meta name=\"author\" content=\"Hern\u00e1n L\u00f3pez\" \/>\n<meta name=\"twitter:card\" content=\"summary_large_image\" \/>\n<meta name=\"twitter:label1\" content=\"Escrito por\" \/>\n\t<meta name=\"twitter:data1\" content=\"Hern\u00e1n L\u00f3pez\" \/>\n\t<meta name=\"twitter:label2\" content=\"Tiempo de lectura\" \/>\n\t<meta name=\"twitter:data2\" content=\"5 minutos\" \/>\n<script type=\"application\/ld+json\" class=\"yoast-schema-graph\">{\"@context\":\"https:\\\/\\\/schema.org\",\"@graph\":[{\"@type\":\"Article\",\"@id\":\"https:\\\/\\\/diarioprincipios.com\\\/index.php\\\/2022\\\/03\\\/07\\\/daniel-rosato-destaco-politicas-productivas-a-nivel-nacional-provincial-y-municipal\\\/#article\",\"isPartOf\":{\"@id\":\"https:\\\/\\\/diarioprincipios.com\\\/index.php\\\/2022\\\/03\\\/07\\\/daniel-rosato-destaco-politicas-productivas-a-nivel-nacional-provincial-y-municipal\\\/\"},\"author\":{\"name\":\"Hern\u00e1n L\u00f3pez\",\"@id\":\"https:\\\/\\\/diarioprincipios.com\\\/#\\\/schema\\\/person\\\/436d5a1fd41a5e250e23ff5a6a7cb080\"},\"headline\":\"Daniel Rosato destac\u00f3 pol\u00edticas productivas a nivel nacional, provincial y municipal\",\"datePublished\":\"2022-03-08T01:59:54+00:00\",\"dateModified\":\"2022-03-08T01:59:58+00:00\",\"mainEntityOfPage\":{\"@id\":\"https:\\\/\\\/diarioprincipios.com\\\/index.php\\\/2022\\\/03\\\/07\\\/daniel-rosato-destaco-politicas-productivas-a-nivel-nacional-provincial-y-municipal\\\/\"},\"wordCount\":857,\"commentCount\":0,\"publisher\":{\"@id\":\"https:\\\/\\\/diarioprincipios.com\\\/#organization\"},\"image\":{\"@id\":\"https:\\\/\\\/diarioprincipios.com\\\/index.php\\\/2022\\\/03\\\/07\\\/daniel-rosato-destaco-politicas-productivas-a-nivel-nacional-provincial-y-municipal\\\/#primaryimage\"},\"thumbnailUrl\":\"https:\\\/\\\/diarioprincipios.com\\\/wp-content\\\/uploads\\\/2022\\\/03\\\/BERAZATEGUI-DESTACAN-LAS-POLITICAS-DE-PRODUCCION-A-NIVEL-NACIONAL-PROVINCIAL-Y-MUNICIPAL-1.jpeg\",\"articleSection\":[\"Berazategui\"],\"inLanguage\":\"es\",\"potentialAction\":[{\"@type\":\"CommentAction\",\"name\":\"Comment\",\"target\":[\"https:\\\/\\\/diarioprincipios.com\\\/index.php\\\/2022\\\/03\\\/07\\\/daniel-rosato-destaco-politicas-productivas-a-nivel-nacional-provincial-y-municipal\\\/#respond\"]}]},{\"@type\":\"WebPage\",\"@id\":\"https:\\\/\\\/diarioprincipios.com\\\/index.php\\\/2022\\\/03\\\/07\\\/daniel-rosato-destaco-politicas-productivas-a-nivel-nacional-provincial-y-municipal\\\/\",\"url\":\"https:\\\/\\\/diarioprincipios.com\\\/index.php\\\/2022\\\/03\\\/07\\\/daniel-rosato-destaco-politicas-productivas-a-nivel-nacional-provincial-y-municipal\\\/\",\"name\":\"Daniel Rosato destac\u00f3 pol\u00edticas productivas a nivel nacional, provincial y municipal - Principios\",\"isPartOf\":{\"@id\":\"https:\\\/\\\/diarioprincipios.com\\\/#website\"},\"primaryImageOfPage\":{\"@id\":\"https:\\\/\\\/diarioprincipios.com\\\/index.php\\\/2022\\\/03\\\/07\\\/daniel-rosato-destaco-politicas-productivas-a-nivel-nacional-provincial-y-municipal\\\/#primaryimage\"},\"image\":{\"@id\":\"https:\\\/\\\/diarioprincipios.com\\\/index.php\\\/2022\\\/03\\\/07\\\/daniel-rosato-destaco-politicas-productivas-a-nivel-nacional-provincial-y-municipal\\\/#primaryimage\"},\"thumbnailUrl\":\"https:\\\/\\\/diarioprincipios.com\\\/wp-content\\\/uploads\\\/2022\\\/03\\\/BERAZATEGUI-DESTACAN-LAS-POLITICAS-DE-PRODUCCION-A-NIVEL-NACIONAL-PROVINCIAL-Y-MUNICIPAL-1.jpeg\",\"datePublished\":\"2022-03-08T01:59:54+00:00\",\"dateModified\":\"2022-03-08T01:59:58+00:00\",\"breadcrumb\":{\"@id\":\"https:\\\/\\\/diarioprincipios.com\\\/index.php\\\/2022\\\/03\\\/07\\\/daniel-rosato-destaco-politicas-productivas-a-nivel-nacional-provincial-y-municipal\\\/#breadcrumb\"},\"inLanguage\":\"es\",\"potentialAction\":[{\"@type\":\"ReadAction\",\"target\":[\"https:\\\/\\\/diarioprincipios.com\\\/index.php\\\/2022\\\/03\\\/07\\\/daniel-rosato-destaco-politicas-productivas-a-nivel-nacional-provincial-y-municipal\\\/\"]}]},{\"@type\":\"ImageObject\",\"inLanguage\":\"es\",\"@id\":\"https:\\\/\\\/diarioprincipios.com\\\/index.php\\\/2022\\\/03\\\/07\\\/daniel-rosato-destaco-politicas-productivas-a-nivel-nacional-provincial-y-municipal\\\/#primaryimage\",\"url\":\"https:\\\/\\\/diarioprincipios.com\\\/wp-content\\\/uploads\\\/2022\\\/03\\\/BERAZATEGUI-DESTACAN-LAS-POLITICAS-DE-PRODUCCION-A-NIVEL-NACIONAL-PROVINCIAL-Y-MUNICIPAL-1.jpeg\",\"contentUrl\":\"https:\\\/\\\/diarioprincipios.com\\\/wp-content\\\/uploads\\\/2022\\\/03\\\/BERAZATEGUI-DESTACAN-LAS-POLITICAS-DE-PRODUCCION-A-NIVEL-NACIONAL-PROVINCIAL-Y-MUNICIPAL-1.jpeg\",\"width\":1280,\"height\":853},{\"@type\":\"BreadcrumbList\",\"@id\":\"https:\\\/\\\/diarioprincipios.com\\\/index.php\\\/2022\\\/03\\\/07\\\/daniel-rosato-destaco-politicas-productivas-a-nivel-nacional-provincial-y-municipal\\\/#breadcrumb\",\"itemListElement\":[{\"@type\":\"ListItem\",\"position\":1,\"name\":\"Portada\",\"item\":\"https:\\\/\\\/diarioprincipios.com\\\/\"},{\"@type\":\"ListItem\",\"position\":2,\"name\":\"Daniel Rosato destac\u00f3 pol\u00edticas productivas a nivel nacional, provincial y municipal\"}]},{\"@type\":\"WebSite\",\"@id\":\"https:\\\/\\\/diarioprincipios.com\\\/#website\",\"url\":\"https:\\\/\\\/diarioprincipios.com\\\/\",\"name\":\"Principios\",\"description\":\"Principios Diario\",\"publisher\":{\"@id\":\"https:\\\/\\\/diarioprincipios.com\\\/#organization\"},\"potentialAction\":[{\"@type\":\"SearchAction\",\"target\":{\"@type\":\"EntryPoint\",\"urlTemplate\":\"https:\\\/\\\/diarioprincipios.com\\\/?s={search_term_string}\"},\"query-input\":{\"@type\":\"PropertyValueSpecification\",\"valueRequired\":true,\"valueName\":\"search_term_string\"}}],\"inLanguage\":\"es\"},{\"@type\":\"Organization\",\"@id\":\"https:\\\/\\\/diarioprincipios.com\\\/#organization\",\"name\":\"Principios\",\"url\":\"https:\\\/\\\/diarioprincipios.com\\\/\",\"logo\":{\"@type\":\"ImageObject\",\"inLanguage\":\"es\",\"@id\":\"https:\\\/\\\/diarioprincipios.com\\\/#\\\/schema\\\/logo\\\/image\\\/\",\"url\":\"https:\\\/\\\/diarioprincipios.com\\\/wp-content\\\/uploads\\\/2024\\\/04\\\/cropped-www.diarioprincipios.com_-1.png\",\"contentUrl\":\"https:\\\/\\\/diarioprincipios.com\\\/wp-content\\\/uploads\\\/2024\\\/04\\\/cropped-www.diarioprincipios.com_-1.png\",\"width\":5325,\"height\":1454,\"caption\":\"Principios\"},\"image\":{\"@id\":\"https:\\\/\\\/diarioprincipios.com\\\/#\\\/schema\\\/logo\\\/image\\\/\"}},{\"@type\":\"Person\",\"@id\":\"https:\\\/\\\/diarioprincipios.com\\\/#\\\/schema\\\/person\\\/436d5a1fd41a5e250e23ff5a6a7cb080\",\"name\":\"Hern\u00e1n L\u00f3pez\",\"image\":{\"@type\":\"ImageObject\",\"inLanguage\":\"es\",\"@id\":\"https:\\\/\\\/diarioprincipios.com\\\/wp-content\\\/litespeed\\\/avatar\\\/11ddfe5610ff3bd100522525b2571f48.jpg?ver=1777653193\",\"url\":\"https:\\\/\\\/diarioprincipios.com\\\/wp-content\\\/litespeed\\\/avatar\\\/11ddfe5610ff3bd100522525b2571f48.jpg?ver=1777653193\",\"contentUrl\":\"https:\\\/\\\/diarioprincipios.com\\\/wp-content\\\/litespeed\\\/avatar\\\/11ddfe5610ff3bd100522525b2571f48.jpg?ver=1777653193\",\"caption\":\"Hern\u00e1n L\u00f3pez\"},\"url\":\"https:\\\/\\\/diarioprincipios.com\\\/index.php\\\/author\\\/hernan\\\/\"}]}<\/script>\n<!-- \/ Yoast SEO plugin. -->","yoast_head_json":{"title":"Daniel Rosato destac\u00f3 pol\u00edticas productivas a nivel nacional, provincial y municipal - Principios","robots":{"index":"index","follow":"follow","max-snippet":"max-snippet:-1","max-image-preview":"max-image-preview:large","max-video-preview":"max-video-preview:-1"},"canonical":"https:\/\/diarioprincipios.com\/index.php\/2022\/03\/07\/daniel-rosato-destaco-politicas-productivas-a-nivel-nacional-provincial-y-municipal\/","og_locale":"es_ES","og_type":"article","og_title":"Daniel Rosato destac\u00f3 pol\u00edticas productivas a nivel nacional, provincial y municipal - Principios","og_description":"Gracias a las pol\u00edticas productivas desarrolladas por los gobiernos Nacional, Provincial y Municipal, las industrias berazateguenses experimentan nuevamente un crecimiento destacable. As\u00ed lo afirm\u00f3 el titular del Parque Industrial Pl\u00e1tanos y Vicepresidente de la Uni\u00f3n Industrial de Berazategui, Carlos Rosato. Daniel Rosato, presidente del Parque Industrial Pl\u00e1tanos (PIP), expres\u00f3: \u201cEl PIP fue el primero en...","og_url":"https:\/\/diarioprincipios.com\/index.php\/2022\/03\/07\/daniel-rosato-destaco-politicas-productivas-a-nivel-nacional-provincial-y-municipal\/","og_site_name":"Principios","article_published_time":"2022-03-08T01:59:54+00:00","article_modified_time":"2022-03-08T01:59:58+00:00","og_image":[{"width":1280,"height":853,"url":"https:\/\/diarioprincipios.com\/wp-content\/uploads\/2022\/03\/BERAZATEGUI-DESTACAN-LAS-POLITICAS-DE-PRODUCCION-A-NIVEL-NACIONAL-PROVINCIAL-Y-MUNICIPAL-1.jpeg","type":"image\/jpeg"}],"author":"Hern\u00e1n L\u00f3pez","twitter_card":"summary_large_image","twitter_misc":{"Escrito por":"Hern\u00e1n L\u00f3pez","Tiempo de lectura":"5 minutos"},"schema":{"@context":"https:\/\/schema.org","@graph":[{"@type":"Article","@id":"https:\/\/diarioprincipios.com\/index.php\/2022\/03\/07\/daniel-rosato-destaco-politicas-productivas-a-nivel-nacional-provincial-y-municipal\/#article","isPartOf":{"@id":"https:\/\/diarioprincipios.com\/index.php\/2022\/03\/07\/daniel-rosato-destaco-politicas-productivas-a-nivel-nacional-provincial-y-municipal\/"},"author":{"name":"Hern\u00e1n L\u00f3pez","@id":"https:\/\/diarioprincipios.com\/#\/schema\/person\/436d5a1fd41a5e250e23ff5a6a7cb080"},"headline":"Daniel Rosato destac\u00f3 pol\u00edticas productivas a nivel nacional, provincial y municipal","datePublished":"2022-03-08T01:59:54+00:00","dateModified":"2022-03-08T01:59:58+00:00","mainEntityOfPage":{"@id":"https:\/\/diarioprincipios.com\/index.php\/2022\/03\/07\/daniel-rosato-destaco-politicas-productivas-a-nivel-nacional-provincial-y-municipal\/"},"wordCount":857,"commentCount":0,"publisher":{"@id":"https:\/\/diarioprincipios.com\/#organization"},"image":{"@id":"https:\/\/diarioprincipios.com\/index.php\/2022\/03\/07\/daniel-rosato-destaco-politicas-productivas-a-nivel-nacional-provincial-y-municipal\/#primaryimage"},"thumbnailUrl":"https:\/\/diarioprincipios.com\/wp-content\/uploads\/2022\/03\/BERAZATEGUI-DESTACAN-LAS-POLITICAS-DE-PRODUCCION-A-NIVEL-NACIONAL-PROVINCIAL-Y-MUNICIPAL-1.jpeg","articleSection":["Berazategui"],"inLanguage":"es","potentialAction":[{"@type":"CommentAction","name":"Comment","target":["https:\/\/diarioprincipios.com\/index.php\/2022\/03\/07\/daniel-rosato-destaco-politicas-productivas-a-nivel-nacional-provincial-y-municipal\/#respond"]}]},{"@type":"WebPage","@id":"https:\/\/diarioprincipios.com\/index.php\/2022\/03\/07\/daniel-rosato-destaco-politicas-productivas-a-nivel-nacional-provincial-y-municipal\/","url":"https:\/\/diarioprincipios.com\/index.php\/2022\/03\/07\/daniel-rosato-destaco-politicas-productivas-a-nivel-nacional-provincial-y-municipal\/","name":"Daniel Rosato destac\u00f3 pol\u00edticas productivas a nivel nacional, provincial y municipal - Principios","isPartOf":{"@id":"https:\/\/diarioprincipios.com\/#website"},"primaryImageOfPage":{"@id":"https:\/\/diarioprincipios.com\/index.php\/2022\/03\/07\/daniel-rosato-destaco-politicas-productivas-a-nivel-nacional-provincial-y-municipal\/#primaryimage"},"image":{"@id":"https:\/\/diarioprincipios.com\/index.php\/2022\/03\/07\/daniel-rosato-destaco-politicas-productivas-a-nivel-nacional-provincial-y-municipal\/#primaryimage"},"thumbnailUrl":"https:\/\/diarioprincipios.com\/wp-content\/uploads\/2022\/03\/BERAZATEGUI-DESTACAN-LAS-POLITICAS-DE-PRODUCCION-A-NIVEL-NACIONAL-PROVINCIAL-Y-MUNICIPAL-1.jpeg","datePublished":"2022-03-08T01:59:54+00:00","dateModified":"2022-03-08T01:59:58+00:00","breadcrumb":{"@id":"https:\/\/diarioprincipios.com\/index.php\/2022\/03\/07\/daniel-rosato-destaco-politicas-productivas-a-nivel-nacional-provincial-y-municipal\/#breadcrumb"},"inLanguage":"es","potentialAction":[{"@type":"ReadAction","target":["https:\/\/diarioprincipios.com\/index.php\/2022\/03\/07\/daniel-rosato-destaco-politicas-productivas-a-nivel-nacional-provincial-y-municipal\/"]}]},{"@type":"ImageObject","inLanguage":"es","@id":"https:\/\/diarioprincipios.com\/index.php\/2022\/03\/07\/daniel-rosato-destaco-politicas-productivas-a-nivel-nacional-provincial-y-municipal\/#primaryimage","url":"https:\/\/diarioprincipios.com\/wp-content\/uploads\/2022\/03\/BERAZATEGUI-DESTACAN-LAS-POLITICAS-DE-PRODUCCION-A-NIVEL-NACIONAL-PROVINCIAL-Y-MUNICIPAL-1.jpeg","contentUrl":"https:\/\/diarioprincipios.com\/wp-content\/uploads\/2022\/03\/BERAZATEGUI-DESTACAN-LAS-POLITICAS-DE-PRODUCCION-A-NIVEL-NACIONAL-PROVINCIAL-Y-MUNICIPAL-1.jpeg","width":1280,"height":853},{"@type":"BreadcrumbList","@id":"https:\/\/diarioprincipios.com\/index.php\/2022\/03\/07\/daniel-rosato-destaco-politicas-productivas-a-nivel-nacional-provincial-y-municipal\/#breadcrumb","itemListElement":[{"@type":"ListItem","position":1,"name":"Portada","item":"https:\/\/diarioprincipios.com\/"},{"@type":"ListItem","position":2,"name":"Daniel Rosato destac\u00f3 pol\u00edticas productivas a nivel nacional, provincial y municipal"}]},{"@type":"WebSite","@id":"https:\/\/diarioprincipios.com\/#website","url":"https:\/\/diarioprincipios.com\/","name":"Principios","description":"Principios Diario","publisher":{"@id":"https:\/\/diarioprincipios.com\/#organization"},"potentialAction":[{"@type":"SearchAction","target":{"@type":"EntryPoint","urlTemplate":"https:\/\/diarioprincipios.com\/?s={search_term_string}"},"query-input":{"@type":"PropertyValueSpecification","valueRequired":true,"valueName":"search_term_string"}}],"inLanguage":"es"},{"@type":"Organization","@id":"https:\/\/diarioprincipios.com\/#organization","name":"Principios","url":"https:\/\/diarioprincipios.com\/","logo":{"@type":"ImageObject","inLanguage":"es","@id":"https:\/\/diarioprincipios.com\/#\/schema\/logo\/image\/","url":"https:\/\/diarioprincipios.com\/wp-content\/uploads\/2024\/04\/cropped-www.diarioprincipios.com_-1.png","contentUrl":"https:\/\/diarioprincipios.com\/wp-content\/uploads\/2024\/04\/cropped-www.diarioprincipios.com_-1.png","width":5325,"height":1454,"caption":"Principios"},"image":{"@id":"https:\/\/diarioprincipios.com\/#\/schema\/logo\/image\/"}},{"@type":"Person","@id":"https:\/\/diarioprincipios.com\/#\/schema\/person\/436d5a1fd41a5e250e23ff5a6a7cb080","name":"Hern\u00e1n L\u00f3pez","image":{"@type":"ImageObject","inLanguage":"es","@id":"https:\/\/diarioprincipios.com\/wp-content\/litespeed\/avatar\/11ddfe5610ff3bd100522525b2571f48.jpg?ver=1777653193","url":"https:\/\/diarioprincipios.com\/wp-content\/litespeed\/avatar\/11ddfe5610ff3bd100522525b2571f48.jpg?ver=1777653193","contentUrl":"https:\/\/diarioprincipios.com\/wp-content\/litespeed\/avatar\/11ddfe5610ff3bd100522525b2571f48.jpg?ver=1777653193","caption":"Hern\u00e1n L\u00f3pez"},"url":"https:\/\/diarioprincipios.com\/index.php\/author\/hernan\/"}]}},"jetpack_featured_media_url":"https:\/\/diarioprincipios.com\/wp-content\/uploads\/2022\/03\/BERAZATEGUI-DESTACAN-LAS-POLITICAS-DE-PRODUCCION-A-NIVEL-NACIONAL-PROVINCIAL-Y-MUNICIPAL-1.jpeg","_links":{"self":[{"href":"https:\/\/diarioprincipios.com\/index.php\/wp-json\/wp\/v2\/posts\/12924","targetHints":{"allow":["GET"]}}],"collection":[{"href":"https:\/\/diarioprincipios.com\/index.php\/wp-json\/wp\/v2\/posts"}],"about":[{"href":"https:\/\/diarioprincipios.com\/index.php\/wp-json\/wp\/v2\/types\/post"}],"author":[{"embeddable":true,"href":"https:\/\/diarioprincipios.com\/index.php\/wp-json\/wp\/v2\/users\/2"}],"replies":[{"embeddable":true,"href":"https:\/\/diarioprincipios.com\/index.php\/wp-json\/wp\/v2\/comments?post=12924"}],"version-history":[{"count":1,"href":"https:\/\/diarioprincipios.com\/index.php\/wp-json\/wp\/v2\/posts\/12924\/revisions"}],"predecessor-version":[{"id":12928,"href":"https:\/\/diarioprincipios.com\/index.php\/wp-json\/wp\/v2\/posts\/12924\/revisions\/12928"}],"wp:featuredmedia":[{"embeddable":true,"href":"https:\/\/diarioprincipios.com\/index.php\/wp-json\/wp\/v2\/media\/12927"}],"wp:attachment":[{"href":"https:\/\/diarioprincipios.com\/index.php\/wp-json\/wp\/v2\/media?parent=12924"}],"wp:term":[{"taxonomy":"category","embeddable":true,"href":"https:\/\/diarioprincipios.com\/index.php\/wp-json\/wp\/v2\/categories?post=12924"},{"taxonomy":"post_tag","embeddable":true,"href":"https:\/\/diarioprincipios.com\/index.php\/wp-json\/wp\/v2\/tags?post=12924"}],"curies":[{"name":"wp","href":"https:\/\/api.w.org\/{rel}","templated":true}]}}