{"id":12919,"date":"2022-03-07T11:02:41","date_gmt":"2022-03-07T14:02:41","guid":{"rendered":"http:\/\/diarioprincipios.com\/?p=12919"},"modified":"2022-03-07T11:02:43","modified_gmt":"2022-03-07T14:02:43","slug":"las-obras-del-complejo-cultural-la-humanitaria-estan-avanzadas-en-un-80","status":"publish","type":"post","link":"https:\/\/diarioprincipios.com\/index.php\/2022\/03\/07\/las-obras-del-complejo-cultural-la-humanitaria-estan-avanzadas-en-un-80\/","title":{"rendered":"Las obras del Complejo Cultural La Humanitaria est\u00e1n avanzadas en un 80%"},"content":{"rendered":"\n<p><strong>El intendente de Berazategui, Juan Jos\u00e9 Mussi, recorri\u00f3 las obras que se est\u00e1n llevando adelante en el Complejo Cultural La Humanitaria (Lisandro de la Torre y 52) y que convertir\u00e1n a este espacio en un Centro C\u00edvico. Se trata de la construcci\u00f3n de la nueva Delegaci\u00f3n Municipal de Hudson, que en estos momentos se encuentra avanzada en un 80% y en pleno proceso de finalizaci\u00f3n, respetando el patrimonio hist\u00f3rico de este espacio fundado en 1899.<\/strong><\/p>\n\n\n\n<p>\u201c\u00a1Contin\u00faan las obras en el Complejo Cultural La Humanitaria! Recorr\u00ed lo que ser\u00e1 la nueva Delegaci\u00f3n Municipal de Hudson, 80% terminada\u201d, manifest\u00f3 Mussi a trav\u00e9s de sus redes sociales, donde adem\u00e1s asegur\u00f3: \u201cEn octubre del a\u00f1o pasado ya hab\u00edamos reinaugurado este espacio hist\u00f3rico y cultural de nuestra ciudad. Ahora tomamos la decisi\u00f3n pol\u00edtica de ampliar sus servicios para mejorar la calidad de vida de las y los vecinos de la zona\u201d.<\/p>\n\n\n\n<p>Seg\u00fan explic\u00f3 el secretario de Cultura y Educaci\u00f3n, Federico L\u00f3pez, quien tambi\u00e9n particip\u00f3 de la recorrida, \u201cla decisi\u00f3n del Municipio es que La Humanitaria se transforme en un centro comunitario, con el objetivo de brindar un servicio mucho m\u00e1s amplio en esta parte del distrito, como ya se hizo en Juan Mar\u00eda Guti\u00e9rrez y se proyecta implementar en El Pato\u201d.<\/p>\n\n\n\n<figure class=\"wp-block-image size-large\"><img loading=\"lazy\" decoding=\"async\" width=\"1024\" height=\"683\" src=\"https:\/\/diarioprincipios.com\/wp-content\/uploads\/2022\/03\/MUSSI-RECORRIO-LAS-OBRAS-DEL-COMPLEJO-CULTURAL-LA-HUMANITARIA-3-1024x683.jpg\" alt=\"\" class=\"wp-image-12920\" srcset=\"https:\/\/diarioprincipios.com\/wp-content\/uploads\/2022\/03\/MUSSI-RECORRIO-LAS-OBRAS-DEL-COMPLEJO-CULTURAL-LA-HUMANITARIA-3-1024x683.jpg 1024w, https:\/\/diarioprincipios.com\/wp-content\/uploads\/2022\/03\/MUSSI-RECORRIO-LAS-OBRAS-DEL-COMPLEJO-CULTURAL-LA-HUMANITARIA-3-300x200.jpg 300w, https:\/\/diarioprincipios.com\/wp-content\/uploads\/2022\/03\/MUSSI-RECORRIO-LAS-OBRAS-DEL-COMPLEJO-CULTURAL-LA-HUMANITARIA-3-768x512.jpg 768w, https:\/\/diarioprincipios.com\/wp-content\/uploads\/2022\/03\/MUSSI-RECORRIO-LAS-OBRAS-DEL-COMPLEJO-CULTURAL-LA-HUMANITARIA-3-1536x1024.jpg 1536w, https:\/\/diarioprincipios.com\/wp-content\/uploads\/2022\/03\/MUSSI-RECORRIO-LAS-OBRAS-DEL-COMPLEJO-CULTURAL-LA-HUMANITARIA-3.jpg 1920w\" sizes=\"auto, (max-width: 1024px) 100vw, 1024px\" \/><\/figure>\n\n\n\n<p>\u201cCreemos que el Estado municipal puede estar m\u00e1s cerca del territorio, con una gran diversidad de funciones en beneficio de la comunidad. M\u00e1s all\u00e1 de la ampliaci\u00f3n de derechos culturales, que es lo que comprende el Complejo Cultural, la idea es convertir a este espacio en un Centro C\u00edvico, sobre todo para los vecinos de Hudson y Pl\u00e1tanos, mediante la creaci\u00f3n de la Delegaci\u00f3n Municipal y otras dependencias, con oficinas de atenci\u00f3n y caja de pagos\u201d, indic\u00f3 el Secretario.<\/p>\n\n\n\n<p>Teniendo en cuenta los grandes avances edilicios, se estima que la obra -que mantiene la infraestructura del escenario exterior de La Humanitaria- podr\u00eda llegar a inaugurarse en mayo de este a\u00f1o. \u201cHay una decisi\u00f3n pol\u00edtica muy fuerte del Intendente de poner en valor este lugar hist\u00f3rico para la comunidad, donde en alg\u00fan momento se construyeron sue\u00f1os colectivos, para revitalizarlo y que nuevamente tenga una vida social, cultural y un Estado cercano a la comunidad\u201d, concluy\u00f3 L\u00f3pez.<\/p>\n\n\n\n<p>Durante la recorrida, adem\u00e1s, el Intendente de Berazategui visit\u00f3 el Complejo Cultural, donde se desarrollaba una jornada de Cine de Terror y otras actividades orientadas al g\u00e9nero, adem\u00e1s de un Taller abierto de Arte Urbano (paste-up) y maquillaje art\u00edstico, en el marco del Ciclo de Verano.<\/p>\n\n\n\n<figure class=\"wp-block-image size-large is-resized\"><img loading=\"lazy\" decoding=\"async\" src=\"https:\/\/diarioprincipios.com\/wp-content\/uploads\/2022\/03\/MUSSI-RECORRIO-LAS-OBRAS-DEL-COMPLEJO-CULTURAL-LA-HUMANITARIA-2-1024x683.jpg\" alt=\"\" class=\"wp-image-12921\" width=\"387\" height=\"258\" srcset=\"https:\/\/diarioprincipios.com\/wp-content\/uploads\/2022\/03\/MUSSI-RECORRIO-LAS-OBRAS-DEL-COMPLEJO-CULTURAL-LA-HUMANITARIA-2-1024x683.jpg 1024w, https:\/\/diarioprincipios.com\/wp-content\/uploads\/2022\/03\/MUSSI-RECORRIO-LAS-OBRAS-DEL-COMPLEJO-CULTURAL-LA-HUMANITARIA-2-300x200.jpg 300w, https:\/\/diarioprincipios.com\/wp-content\/uploads\/2022\/03\/MUSSI-RECORRIO-LAS-OBRAS-DEL-COMPLEJO-CULTURAL-LA-HUMANITARIA-2-768x512.jpg 768w, https:\/\/diarioprincipios.com\/wp-content\/uploads\/2022\/03\/MUSSI-RECORRIO-LAS-OBRAS-DEL-COMPLEJO-CULTURAL-LA-HUMANITARIA-2-1536x1024.jpg 1536w, https:\/\/diarioprincipios.com\/wp-content\/uploads\/2022\/03\/MUSSI-RECORRIO-LAS-OBRAS-DEL-COMPLEJO-CULTURAL-LA-HUMANITARIA-2.jpg 1920w\" sizes=\"auto, (max-width: 387px) 100vw, 387px\" \/><\/figure>\n\n\n\n<p>Entre otras autoridades municipales, Mussi tambi\u00e9n estuvo acompa\u00f1ado por la titular de la Secretar\u00eda Privada, Mar\u00eda Del Carmen Flores; los secretarios de Desarrollo Social y Comunitario, Mar\u00eda Laura Lacava; de Organizaciones No Gubernamentales (ONG), Marcelo Benedetti; y de Servicios P\u00fablicos, Sergio Faccenda; la subcontadora general, Andrea Canestro; la titular de la Agencia de Tierras y H\u00e1bitat, Luc\u00eda Vega; y el director de Delegaciones Municipales, Juan Carlos Martino.<\/p>\n","protected":false},"excerpt":{"rendered":"<p>El intendente de Berazategui, Juan Jos\u00e9 Mussi, recorri\u00f3 las obras que se est\u00e1n llevando adelante en el Complejo Cultural La Humanitaria (Lisandro de la Torre y 52) y que convertir\u00e1n a este espacio en un Centro C\u00edvico. Se trata de la construcci\u00f3n de la nueva Delegaci\u00f3n Municipal de Hudson, que en estos momentos se encuentra&#8230;<\/p>\n","protected":false},"author":2,"featured_media":12922,"comment_status":"open","ping_status":"open","sticky":false,"template":"","format":"standard","meta":{"footnotes":""},"categories":[3],"tags":[],"class_list":["post-12919","post","type-post","status-publish","format-standard","has-post-thumbnail","hentry","category-berazategui"],"featured_image_src":"https:\/\/diarioprincipios.com\/wp-content\/uploads\/2022\/03\/MUSSI-RECORRIO-LAS-OBRAS-DEL-COMPLEJO-CULTURAL-LA-HUMANITARIA-4-1-1024x683.jpg","blog_images":{"medium":"https:\/\/diarioprincipios.com\/wp-content\/uploads\/2022\/03\/MUSSI-RECORRIO-LAS-OBRAS-DEL-COMPLEJO-CULTURAL-LA-HUMANITARIA-4-1-300x200.jpg","large":"https:\/\/diarioprincipios.com\/wp-content\/uploads\/2022\/03\/MUSSI-RECORRIO-LAS-OBRAS-DEL-COMPLEJO-CULTURAL-LA-HUMANITARIA-4-1-1024x683.jpg"},"ams_acf":[],"yoast_head":"<!-- This site is optimized with the Yoast SEO plugin v27.3 - https:\/\/yoast.com\/product\/yoast-seo-wordpress\/ -->\n<title>Las obras del Complejo Cultural La Humanitaria est\u00e1n avanzadas en un 80% - Principios<\/title>\n<meta name=\"robots\" content=\"index, follow, max-snippet:-1, max-image-preview:large, max-video-preview:-1\" \/>\n<link rel=\"canonical\" href=\"https:\/\/diarioprincipios.com\/index.php\/2022\/03\/07\/las-obras-del-complejo-cultural-la-humanitaria-estan-avanzadas-en-un-80\/\" \/>\n<meta property=\"og:locale\" content=\"es_ES\" \/>\n<meta property=\"og:type\" content=\"article\" \/>\n<meta property=\"og:title\" content=\"Las obras del Complejo Cultural La Humanitaria est\u00e1n avanzadas en un 80% - Principios\" \/>\n<meta property=\"og:description\" content=\"El intendente de Berazategui, Juan Jos\u00e9 Mussi, recorri\u00f3 las obras que se est\u00e1n llevando adelante en el Complejo Cultural La Humanitaria (Lisandro de la Torre y 52) y que convertir\u00e1n a este espacio en un Centro C\u00edvico. Se trata de la construcci\u00f3n de la nueva Delegaci\u00f3n Municipal de Hudson, que en estos momentos se encuentra...\" \/>\n<meta property=\"og:url\" content=\"https:\/\/diarioprincipios.com\/index.php\/2022\/03\/07\/las-obras-del-complejo-cultural-la-humanitaria-estan-avanzadas-en-un-80\/\" \/>\n<meta property=\"og:site_name\" content=\"Principios\" \/>\n<meta property=\"article:published_time\" content=\"2022-03-07T14:02:41+00:00\" \/>\n<meta property=\"article:modified_time\" content=\"2022-03-07T14:02:43+00:00\" \/>\n<meta property=\"og:image\" content=\"https:\/\/diarioprincipios.com\/wp-content\/uploads\/2022\/03\/MUSSI-RECORRIO-LAS-OBRAS-DEL-COMPLEJO-CULTURAL-LA-HUMANITARIA-4-1.jpg\" \/>\n\t<meta property=\"og:image:width\" content=\"1920\" \/>\n\t<meta property=\"og:image:height\" content=\"1280\" \/>\n\t<meta property=\"og:image:type\" content=\"image\/jpeg\" \/>\n<meta name=\"author\" content=\"Hern\u00e1n L\u00f3pez\" \/>\n<meta name=\"twitter:card\" content=\"summary_large_image\" \/>\n<meta name=\"twitter:label1\" content=\"Escrito por\" \/>\n\t<meta name=\"twitter:data1\" content=\"Hern\u00e1n L\u00f3pez\" \/>\n\t<meta name=\"twitter:label2\" content=\"Tiempo de lectura\" \/>\n\t<meta name=\"twitter:data2\" content=\"3 minutos\" \/>\n<script type=\"application\/ld+json\" class=\"yoast-schema-graph\">{\"@context\":\"https:\\\/\\\/schema.org\",\"@graph\":[{\"@type\":\"Article\",\"@id\":\"https:\\\/\\\/diarioprincipios.com\\\/index.php\\\/2022\\\/03\\\/07\\\/las-obras-del-complejo-cultural-la-humanitaria-estan-avanzadas-en-un-80\\\/#article\",\"isPartOf\":{\"@id\":\"https:\\\/\\\/diarioprincipios.com\\\/index.php\\\/2022\\\/03\\\/07\\\/las-obras-del-complejo-cultural-la-humanitaria-estan-avanzadas-en-un-80\\\/\"},\"author\":{\"name\":\"Hern\u00e1n L\u00f3pez\",\"@id\":\"https:\\\/\\\/diarioprincipios.com\\\/#\\\/schema\\\/person\\\/436d5a1fd41a5e250e23ff5a6a7cb080\"},\"headline\":\"Las obras del Complejo Cultural La Humanitaria est\u00e1n avanzadas en un 80%\",\"datePublished\":\"2022-03-07T14:02:41+00:00\",\"dateModified\":\"2022-03-07T14:02:43+00:00\",\"mainEntityOfPage\":{\"@id\":\"https:\\\/\\\/diarioprincipios.com\\\/index.php\\\/2022\\\/03\\\/07\\\/las-obras-del-complejo-cultural-la-humanitaria-estan-avanzadas-en-un-80\\\/\"},\"wordCount\":534,\"commentCount\":0,\"publisher\":{\"@id\":\"https:\\\/\\\/diarioprincipios.com\\\/#organization\"},\"image\":{\"@id\":\"https:\\\/\\\/diarioprincipios.com\\\/index.php\\\/2022\\\/03\\\/07\\\/las-obras-del-complejo-cultural-la-humanitaria-estan-avanzadas-en-un-80\\\/#primaryimage\"},\"thumbnailUrl\":\"https:\\\/\\\/diarioprincipios.com\\\/wp-content\\\/uploads\\\/2022\\\/03\\\/MUSSI-RECORRIO-LAS-OBRAS-DEL-COMPLEJO-CULTURAL-LA-HUMANITARIA-4-1.jpg\",\"articleSection\":[\"Berazategui\"],\"inLanguage\":\"es\",\"potentialAction\":[{\"@type\":\"CommentAction\",\"name\":\"Comment\",\"target\":[\"https:\\\/\\\/diarioprincipios.com\\\/index.php\\\/2022\\\/03\\\/07\\\/las-obras-del-complejo-cultural-la-humanitaria-estan-avanzadas-en-un-80\\\/#respond\"]}]},{\"@type\":\"WebPage\",\"@id\":\"https:\\\/\\\/diarioprincipios.com\\\/index.php\\\/2022\\\/03\\\/07\\\/las-obras-del-complejo-cultural-la-humanitaria-estan-avanzadas-en-un-80\\\/\",\"url\":\"https:\\\/\\\/diarioprincipios.com\\\/index.php\\\/2022\\\/03\\\/07\\\/las-obras-del-complejo-cultural-la-humanitaria-estan-avanzadas-en-un-80\\\/\",\"name\":\"Las obras del Complejo Cultural La Humanitaria est\u00e1n avanzadas en un 80% - Principios\",\"isPartOf\":{\"@id\":\"https:\\\/\\\/diarioprincipios.com\\\/#website\"},\"primaryImageOfPage\":{\"@id\":\"https:\\\/\\\/diarioprincipios.com\\\/index.php\\\/2022\\\/03\\\/07\\\/las-obras-del-complejo-cultural-la-humanitaria-estan-avanzadas-en-un-80\\\/#primaryimage\"},\"image\":{\"@id\":\"https:\\\/\\\/diarioprincipios.com\\\/index.php\\\/2022\\\/03\\\/07\\\/las-obras-del-complejo-cultural-la-humanitaria-estan-avanzadas-en-un-80\\\/#primaryimage\"},\"thumbnailUrl\":\"https:\\\/\\\/diarioprincipios.com\\\/wp-content\\\/uploads\\\/2022\\\/03\\\/MUSSI-RECORRIO-LAS-OBRAS-DEL-COMPLEJO-CULTURAL-LA-HUMANITARIA-4-1.jpg\",\"datePublished\":\"2022-03-07T14:02:41+00:00\",\"dateModified\":\"2022-03-07T14:02:43+00:00\",\"breadcrumb\":{\"@id\":\"https:\\\/\\\/diarioprincipios.com\\\/index.php\\\/2022\\\/03\\\/07\\\/las-obras-del-complejo-cultural-la-humanitaria-estan-avanzadas-en-un-80\\\/#breadcrumb\"},\"inLanguage\":\"es\",\"potentialAction\":[{\"@type\":\"ReadAction\",\"target\":[\"https:\\\/\\\/diarioprincipios.com\\\/index.php\\\/2022\\\/03\\\/07\\\/las-obras-del-complejo-cultural-la-humanitaria-estan-avanzadas-en-un-80\\\/\"]}]},{\"@type\":\"ImageObject\",\"inLanguage\":\"es\",\"@id\":\"https:\\\/\\\/diarioprincipios.com\\\/index.php\\\/2022\\\/03\\\/07\\\/las-obras-del-complejo-cultural-la-humanitaria-estan-avanzadas-en-un-80\\\/#primaryimage\",\"url\":\"https:\\\/\\\/diarioprincipios.com\\\/wp-content\\\/uploads\\\/2022\\\/03\\\/MUSSI-RECORRIO-LAS-OBRAS-DEL-COMPLEJO-CULTURAL-LA-HUMANITARIA-4-1.jpg\",\"contentUrl\":\"https:\\\/\\\/diarioprincipios.com\\\/wp-content\\\/uploads\\\/2022\\\/03\\\/MUSSI-RECORRIO-LAS-OBRAS-DEL-COMPLEJO-CULTURAL-LA-HUMANITARIA-4-1.jpg\",\"width\":1920,\"height\":1280},{\"@type\":\"BreadcrumbList\",\"@id\":\"https:\\\/\\\/diarioprincipios.com\\\/index.php\\\/2022\\\/03\\\/07\\\/las-obras-del-complejo-cultural-la-humanitaria-estan-avanzadas-en-un-80\\\/#breadcrumb\",\"itemListElement\":[{\"@type\":\"ListItem\",\"position\":1,\"name\":\"Portada\",\"item\":\"https:\\\/\\\/diarioprincipios.com\\\/\"},{\"@type\":\"ListItem\",\"position\":2,\"name\":\"Las obras del Complejo Cultural La Humanitaria est\u00e1n avanzadas en un 80%\"}]},{\"@type\":\"WebSite\",\"@id\":\"https:\\\/\\\/diarioprincipios.com\\\/#website\",\"url\":\"https:\\\/\\\/diarioprincipios.com\\\/\",\"name\":\"Principios\",\"description\":\"Principios Diario\",\"publisher\":{\"@id\":\"https:\\\/\\\/diarioprincipios.com\\\/#organization\"},\"potentialAction\":[{\"@type\":\"SearchAction\",\"target\":{\"@type\":\"EntryPoint\",\"urlTemplate\":\"https:\\\/\\\/diarioprincipios.com\\\/?s={search_term_string}\"},\"query-input\":{\"@type\":\"PropertyValueSpecification\",\"valueRequired\":true,\"valueName\":\"search_term_string\"}}],\"inLanguage\":\"es\"},{\"@type\":\"Organization\",\"@id\":\"https:\\\/\\\/diarioprincipios.com\\\/#organization\",\"name\":\"Principios\",\"url\":\"https:\\\/\\\/diarioprincipios.com\\\/\",\"logo\":{\"@type\":\"ImageObject\",\"inLanguage\":\"es\",\"@id\":\"https:\\\/\\\/diarioprincipios.com\\\/#\\\/schema\\\/logo\\\/image\\\/\",\"url\":\"https:\\\/\\\/diarioprincipios.com\\\/wp-content\\\/uploads\\\/2024\\\/04\\\/cropped-www.diarioprincipios.com_-1.png\",\"contentUrl\":\"https:\\\/\\\/diarioprincipios.com\\\/wp-content\\\/uploads\\\/2024\\\/04\\\/cropped-www.diarioprincipios.com_-1.png\",\"width\":5325,\"height\":1454,\"caption\":\"Principios\"},\"image\":{\"@id\":\"https:\\\/\\\/diarioprincipios.com\\\/#\\\/schema\\\/logo\\\/image\\\/\"}},{\"@type\":\"Person\",\"@id\":\"https:\\\/\\\/diarioprincipios.com\\\/#\\\/schema\\\/person\\\/436d5a1fd41a5e250e23ff5a6a7cb080\",\"name\":\"Hern\u00e1n L\u00f3pez\",\"image\":{\"@type\":\"ImageObject\",\"inLanguage\":\"es\",\"@id\":\"https:\\\/\\\/diarioprincipios.com\\\/wp-content\\\/litespeed\\\/avatar\\\/11ddfe5610ff3bd100522525b2571f48.jpg?ver=1777048341\",\"url\":\"https:\\\/\\\/diarioprincipios.com\\\/wp-content\\\/litespeed\\\/avatar\\\/11ddfe5610ff3bd100522525b2571f48.jpg?ver=1777048341\",\"contentUrl\":\"https:\\\/\\\/diarioprincipios.com\\\/wp-content\\\/litespeed\\\/avatar\\\/11ddfe5610ff3bd100522525b2571f48.jpg?ver=1777048341\",\"caption\":\"Hern\u00e1n L\u00f3pez\"},\"url\":\"https:\\\/\\\/diarioprincipios.com\\\/index.php\\\/author\\\/hernan\\\/\"}]}<\/script>\n<!-- \/ Yoast SEO plugin. -->","yoast_head_json":{"title":"Las obras del Complejo Cultural La Humanitaria est\u00e1n avanzadas en un 80% - Principios","robots":{"index":"index","follow":"follow","max-snippet":"max-snippet:-1","max-image-preview":"max-image-preview:large","max-video-preview":"max-video-preview:-1"},"canonical":"https:\/\/diarioprincipios.com\/index.php\/2022\/03\/07\/las-obras-del-complejo-cultural-la-humanitaria-estan-avanzadas-en-un-80\/","og_locale":"es_ES","og_type":"article","og_title":"Las obras del Complejo Cultural La Humanitaria est\u00e1n avanzadas en un 80% - Principios","og_description":"El intendente de Berazategui, Juan Jos\u00e9 Mussi, recorri\u00f3 las obras que se est\u00e1n llevando adelante en el Complejo Cultural La Humanitaria (Lisandro de la Torre y 52) y que convertir\u00e1n a este espacio en un Centro C\u00edvico. Se trata de la construcci\u00f3n de la nueva Delegaci\u00f3n Municipal de Hudson, que en estos momentos se encuentra...","og_url":"https:\/\/diarioprincipios.com\/index.php\/2022\/03\/07\/las-obras-del-complejo-cultural-la-humanitaria-estan-avanzadas-en-un-80\/","og_site_name":"Principios","article_published_time":"2022-03-07T14:02:41+00:00","article_modified_time":"2022-03-07T14:02:43+00:00","og_image":[{"width":1920,"height":1280,"url":"https:\/\/diarioprincipios.com\/wp-content\/uploads\/2022\/03\/MUSSI-RECORRIO-LAS-OBRAS-DEL-COMPLEJO-CULTURAL-LA-HUMANITARIA-4-1.jpg","type":"image\/jpeg"}],"author":"Hern\u00e1n L\u00f3pez","twitter_card":"summary_large_image","twitter_misc":{"Escrito por":"Hern\u00e1n L\u00f3pez","Tiempo de lectura":"3 minutos"},"schema":{"@context":"https:\/\/schema.org","@graph":[{"@type":"Article","@id":"https:\/\/diarioprincipios.com\/index.php\/2022\/03\/07\/las-obras-del-complejo-cultural-la-humanitaria-estan-avanzadas-en-un-80\/#article","isPartOf":{"@id":"https:\/\/diarioprincipios.com\/index.php\/2022\/03\/07\/las-obras-del-complejo-cultural-la-humanitaria-estan-avanzadas-en-un-80\/"},"author":{"name":"Hern\u00e1n L\u00f3pez","@id":"https:\/\/diarioprincipios.com\/#\/schema\/person\/436d5a1fd41a5e250e23ff5a6a7cb080"},"headline":"Las obras del Complejo Cultural La Humanitaria est\u00e1n avanzadas en un 80%","datePublished":"2022-03-07T14:02:41+00:00","dateModified":"2022-03-07T14:02:43+00:00","mainEntityOfPage":{"@id":"https:\/\/diarioprincipios.com\/index.php\/2022\/03\/07\/las-obras-del-complejo-cultural-la-humanitaria-estan-avanzadas-en-un-80\/"},"wordCount":534,"commentCount":0,"publisher":{"@id":"https:\/\/diarioprincipios.com\/#organization"},"image":{"@id":"https:\/\/diarioprincipios.com\/index.php\/2022\/03\/07\/las-obras-del-complejo-cultural-la-humanitaria-estan-avanzadas-en-un-80\/#primaryimage"},"thumbnailUrl":"https:\/\/diarioprincipios.com\/wp-content\/uploads\/2022\/03\/MUSSI-RECORRIO-LAS-OBRAS-DEL-COMPLEJO-CULTURAL-LA-HUMANITARIA-4-1.jpg","articleSection":["Berazategui"],"inLanguage":"es","potentialAction":[{"@type":"CommentAction","name":"Comment","target":["https:\/\/diarioprincipios.com\/index.php\/2022\/03\/07\/las-obras-del-complejo-cultural-la-humanitaria-estan-avanzadas-en-un-80\/#respond"]}]},{"@type":"WebPage","@id":"https:\/\/diarioprincipios.com\/index.php\/2022\/03\/07\/las-obras-del-complejo-cultural-la-humanitaria-estan-avanzadas-en-un-80\/","url":"https:\/\/diarioprincipios.com\/index.php\/2022\/03\/07\/las-obras-del-complejo-cultural-la-humanitaria-estan-avanzadas-en-un-80\/","name":"Las obras del Complejo Cultural La Humanitaria est\u00e1n avanzadas en un 80% - Principios","isPartOf":{"@id":"https:\/\/diarioprincipios.com\/#website"},"primaryImageOfPage":{"@id":"https:\/\/diarioprincipios.com\/index.php\/2022\/03\/07\/las-obras-del-complejo-cultural-la-humanitaria-estan-avanzadas-en-un-80\/#primaryimage"},"image":{"@id":"https:\/\/diarioprincipios.com\/index.php\/2022\/03\/07\/las-obras-del-complejo-cultural-la-humanitaria-estan-avanzadas-en-un-80\/#primaryimage"},"thumbnailUrl":"https:\/\/diarioprincipios.com\/wp-content\/uploads\/2022\/03\/MUSSI-RECORRIO-LAS-OBRAS-DEL-COMPLEJO-CULTURAL-LA-HUMANITARIA-4-1.jpg","datePublished":"2022-03-07T14:02:41+00:00","dateModified":"2022-03-07T14:02:43+00:00","breadcrumb":{"@id":"https:\/\/diarioprincipios.com\/index.php\/2022\/03\/07\/las-obras-del-complejo-cultural-la-humanitaria-estan-avanzadas-en-un-80\/#breadcrumb"},"inLanguage":"es","potentialAction":[{"@type":"ReadAction","target":["https:\/\/diarioprincipios.com\/index.php\/2022\/03\/07\/las-obras-del-complejo-cultural-la-humanitaria-estan-avanzadas-en-un-80\/"]}]},{"@type":"ImageObject","inLanguage":"es","@id":"https:\/\/diarioprincipios.com\/index.php\/2022\/03\/07\/las-obras-del-complejo-cultural-la-humanitaria-estan-avanzadas-en-un-80\/#primaryimage","url":"https:\/\/diarioprincipios.com\/wp-content\/uploads\/2022\/03\/MUSSI-RECORRIO-LAS-OBRAS-DEL-COMPLEJO-CULTURAL-LA-HUMANITARIA-4-1.jpg","contentUrl":"https:\/\/diarioprincipios.com\/wp-content\/uploads\/2022\/03\/MUSSI-RECORRIO-LAS-OBRAS-DEL-COMPLEJO-CULTURAL-LA-HUMANITARIA-4-1.jpg","width":1920,"height":1280},{"@type":"BreadcrumbList","@id":"https:\/\/diarioprincipios.com\/index.php\/2022\/03\/07\/las-obras-del-complejo-cultural-la-humanitaria-estan-avanzadas-en-un-80\/#breadcrumb","itemListElement":[{"@type":"ListItem","position":1,"name":"Portada","item":"https:\/\/diarioprincipios.com\/"},{"@type":"ListItem","position":2,"name":"Las obras del Complejo Cultural La Humanitaria est\u00e1n avanzadas en un 80%"}]},{"@type":"WebSite","@id":"https:\/\/diarioprincipios.com\/#website","url":"https:\/\/diarioprincipios.com\/","name":"Principios","description":"Principios Diario","publisher":{"@id":"https:\/\/diarioprincipios.com\/#organization"},"potentialAction":[{"@type":"SearchAction","target":{"@type":"EntryPoint","urlTemplate":"https:\/\/diarioprincipios.com\/?s={search_term_string}"},"query-input":{"@type":"PropertyValueSpecification","valueRequired":true,"valueName":"search_term_string"}}],"inLanguage":"es"},{"@type":"Organization","@id":"https:\/\/diarioprincipios.com\/#organization","name":"Principios","url":"https:\/\/diarioprincipios.com\/","logo":{"@type":"ImageObject","inLanguage":"es","@id":"https:\/\/diarioprincipios.com\/#\/schema\/logo\/image\/","url":"https:\/\/diarioprincipios.com\/wp-content\/uploads\/2024\/04\/cropped-www.diarioprincipios.com_-1.png","contentUrl":"https:\/\/diarioprincipios.com\/wp-content\/uploads\/2024\/04\/cropped-www.diarioprincipios.com_-1.png","width":5325,"height":1454,"caption":"Principios"},"image":{"@id":"https:\/\/diarioprincipios.com\/#\/schema\/logo\/image\/"}},{"@type":"Person","@id":"https:\/\/diarioprincipios.com\/#\/schema\/person\/436d5a1fd41a5e250e23ff5a6a7cb080","name":"Hern\u00e1n L\u00f3pez","image":{"@type":"ImageObject","inLanguage":"es","@id":"https:\/\/diarioprincipios.com\/wp-content\/litespeed\/avatar\/11ddfe5610ff3bd100522525b2571f48.jpg?ver=1777048341","url":"https:\/\/diarioprincipios.com\/wp-content\/litespeed\/avatar\/11ddfe5610ff3bd100522525b2571f48.jpg?ver=1777048341","contentUrl":"https:\/\/diarioprincipios.com\/wp-content\/litespeed\/avatar\/11ddfe5610ff3bd100522525b2571f48.jpg?ver=1777048341","caption":"Hern\u00e1n L\u00f3pez"},"url":"https:\/\/diarioprincipios.com\/index.php\/author\/hernan\/"}]}},"jetpack_featured_media_url":"https:\/\/diarioprincipios.com\/wp-content\/uploads\/2022\/03\/MUSSI-RECORRIO-LAS-OBRAS-DEL-COMPLEJO-CULTURAL-LA-HUMANITARIA-4-1.jpg","_links":{"self":[{"href":"https:\/\/diarioprincipios.com\/index.php\/wp-json\/wp\/v2\/posts\/12919","targetHints":{"allow":["GET"]}}],"collection":[{"href":"https:\/\/diarioprincipios.com\/index.php\/wp-json\/wp\/v2\/posts"}],"about":[{"href":"https:\/\/diarioprincipios.com\/index.php\/wp-json\/wp\/v2\/types\/post"}],"author":[{"embeddable":true,"href":"https:\/\/diarioprincipios.com\/index.php\/wp-json\/wp\/v2\/users\/2"}],"replies":[{"embeddable":true,"href":"https:\/\/diarioprincipios.com\/index.php\/wp-json\/wp\/v2\/comments?post=12919"}],"version-history":[{"count":1,"href":"https:\/\/diarioprincipios.com\/index.php\/wp-json\/wp\/v2\/posts\/12919\/revisions"}],"predecessor-version":[{"id":12923,"href":"https:\/\/diarioprincipios.com\/index.php\/wp-json\/wp\/v2\/posts\/12919\/revisions\/12923"}],"wp:featuredmedia":[{"embeddable":true,"href":"https:\/\/diarioprincipios.com\/index.php\/wp-json\/wp\/v2\/media\/12922"}],"wp:attachment":[{"href":"https:\/\/diarioprincipios.com\/index.php\/wp-json\/wp\/v2\/media?parent=12919"}],"wp:term":[{"taxonomy":"category","embeddable":true,"href":"https:\/\/diarioprincipios.com\/index.php\/wp-json\/wp\/v2\/categories?post=12919"},{"taxonomy":"post_tag","embeddable":true,"href":"https:\/\/diarioprincipios.com\/index.php\/wp-json\/wp\/v2\/tags?post=12919"}],"curies":[{"name":"wp","href":"https:\/\/api.w.org\/{rel}","templated":true}]}}