{"id":12913,"date":"2022-03-07T10:52:19","date_gmt":"2022-03-07T13:52:19","guid":{"rendered":"http:\/\/diarioprincipios.com\/?p=12913"},"modified":"2022-03-07T10:52:26","modified_gmt":"2022-03-07T13:52:26","slug":"avellaneda-se-suma-al-programa-salud-a-la-obra","status":"publish","type":"post","link":"https:\/\/diarioprincipios.com\/index.php\/2022\/03\/07\/avellaneda-se-suma-al-programa-salud-a-la-obra\/","title":{"rendered":"Avellaneda se suma al programa \u201cSalud a la Obra\u201d"},"content":{"rendered":"\n<p>El municipio suscribi\u00f3 este acuerdo para mejorar la infraestructura sanitaria local, en un acto encabezado por el gobernador Kicillof en San Vicente.<\/p>\n\n\n\n<p>El intendente Alejo Chornobroff estuvo presente en la presentaci\u00f3n del programa \u201cSalud a la obra\u201d, que encabez\u00f3 el gobernador de la Provincia de Buenos Aires, Axel Kicillof, junto a sus ministros de Salud, Nicol\u00e1s Kreplak y de Infraestructura y Servicios P\u00fablicos, Leonardo Nardini.<\/p>\n\n\n\n<p>&nbsp;\u201cNo hay que optar entre ampliar el sistema de salud o mantenerlo; vamos a invertir los recursos que sean necesarios para hacer las dos cosas. Toda la infraestructura de la Provincia tiene que ser de calidad\u201d especific\u00f3 Kicillof.<\/p>\n\n\n\n<p>Por otro lado, el ministro Kreplak expres\u00f3: \u201cEstas son obras indispensables que se llevar\u00e1n a cabo en los hospitales p\u00fablicos para, entre otras cosas, mejorar sus fachadas, accesos, instalaciones el\u00e9ctricas y provisi\u00f3n de agua\u201d.<\/p>\n\n\n\n<p>El programa \u2018Salud a la obra\u2019 destina una inversi\u00f3n inicial de cerca de 3.900 millones de pesos, con el objetivo de mejorar la infraestructura de los hospitales p\u00fablicos de la regi\u00f3n. En esta primera instancia lo suscribieron 28 municipios<a><\/a>.<\/p>\n\n\n\n<p>Adem\u00e1s, estuvo presente la secretaria de Salud de Avellaneda, Virginia Alga\u00f1araz, junto a otros jefes comunales y funcionarios de los municipios que firmaron este acuerdo.<br><\/p>\n","protected":false},"excerpt":{"rendered":"<p>El municipio suscribi\u00f3 este acuerdo para mejorar la infraestructura sanitaria local, en un acto encabezado por el gobernador Kicillof en San Vicente. El intendente Alejo Chornobroff estuvo presente en la presentaci\u00f3n del programa \u201cSalud a la obra\u201d, que encabez\u00f3 el gobernador de la Provincia de Buenos Aires, Axel Kicillof, junto a sus ministros de Salud,&#8230;<\/p>\n","protected":false},"author":2,"featured_media":12914,"comment_status":"open","ping_status":"open","sticky":false,"template":"","format":"standard","meta":{"footnotes":""},"categories":[5],"tags":[],"class_list":["post-12913","post","type-post","status-publish","format-standard","has-post-thumbnail","hentry","category-avellaneda"],"featured_image_src":"https:\/\/diarioprincipios.com\/wp-content\/uploads\/2022\/03\/307e4114-7135-4b4b-b1af-f2850a852ab1-1024x681.jpg","blog_images":{"medium":"https:\/\/diarioprincipios.com\/wp-content\/uploads\/2022\/03\/307e4114-7135-4b4b-b1af-f2850a852ab1-300x199.jpg","large":"https:\/\/diarioprincipios.com\/wp-content\/uploads\/2022\/03\/307e4114-7135-4b4b-b1af-f2850a852ab1-1024x681.jpg"},"ams_acf":[],"yoast_head":"<!-- This site is optimized with the Yoast SEO plugin v27.3 - https:\/\/yoast.com\/product\/yoast-seo-wordpress\/ -->\n<title>Avellaneda se suma al programa \u201cSalud a la Obra\u201d - Principios<\/title>\n<meta name=\"robots\" content=\"index, follow, max-snippet:-1, max-image-preview:large, max-video-preview:-1\" \/>\n<link rel=\"canonical\" href=\"https:\/\/diarioprincipios.com\/index.php\/2022\/03\/07\/avellaneda-se-suma-al-programa-salud-a-la-obra\/\" \/>\n<meta property=\"og:locale\" content=\"es_ES\" \/>\n<meta property=\"og:type\" content=\"article\" \/>\n<meta property=\"og:title\" content=\"Avellaneda se suma al programa \u201cSalud a la Obra\u201d - Principios\" \/>\n<meta property=\"og:description\" content=\"El municipio suscribi\u00f3 este acuerdo para mejorar la infraestructura sanitaria local, en un acto encabezado por el gobernador Kicillof en San Vicente. El intendente Alejo Chornobroff estuvo presente en la presentaci\u00f3n del programa \u201cSalud a la obra\u201d, que encabez\u00f3 el gobernador de la Provincia de Buenos Aires, Axel Kicillof, junto a sus ministros de Salud,...\" \/>\n<meta property=\"og:url\" content=\"https:\/\/diarioprincipios.com\/index.php\/2022\/03\/07\/avellaneda-se-suma-al-programa-salud-a-la-obra\/\" \/>\n<meta property=\"og:site_name\" content=\"Principios\" \/>\n<meta property=\"article:published_time\" content=\"2022-03-07T13:52:19+00:00\" \/>\n<meta property=\"article:modified_time\" content=\"2022-03-07T13:52:26+00:00\" \/>\n<meta property=\"og:image\" content=\"https:\/\/diarioprincipios.com\/wp-content\/uploads\/2022\/03\/307e4114-7135-4b4b-b1af-f2850a852ab1.jpg\" \/>\n\t<meta property=\"og:image:width\" content=\"1280\" \/>\n\t<meta property=\"og:image:height\" content=\"851\" \/>\n\t<meta property=\"og:image:type\" content=\"image\/jpeg\" \/>\n<meta name=\"author\" content=\"Hern\u00e1n L\u00f3pez\" \/>\n<meta name=\"twitter:card\" content=\"summary_large_image\" \/>\n<meta name=\"twitter:label1\" content=\"Escrito por\" \/>\n\t<meta name=\"twitter:data1\" content=\"Hern\u00e1n L\u00f3pez\" \/>\n\t<meta name=\"twitter:label2\" content=\"Tiempo de lectura\" \/>\n\t<meta name=\"twitter:data2\" content=\"1 minuto\" \/>\n<script type=\"application\/ld+json\" class=\"yoast-schema-graph\">{\"@context\":\"https:\\\/\\\/schema.org\",\"@graph\":[{\"@type\":\"Article\",\"@id\":\"https:\\\/\\\/diarioprincipios.com\\\/index.php\\\/2022\\\/03\\\/07\\\/avellaneda-se-suma-al-programa-salud-a-la-obra\\\/#article\",\"isPartOf\":{\"@id\":\"https:\\\/\\\/diarioprincipios.com\\\/index.php\\\/2022\\\/03\\\/07\\\/avellaneda-se-suma-al-programa-salud-a-la-obra\\\/\"},\"author\":{\"name\":\"Hern\u00e1n L\u00f3pez\",\"@id\":\"https:\\\/\\\/diarioprincipios.com\\\/#\\\/schema\\\/person\\\/436d5a1fd41a5e250e23ff5a6a7cb080\"},\"headline\":\"Avellaneda se suma al programa \u201cSalud a la Obra\u201d\",\"datePublished\":\"2022-03-07T13:52:19+00:00\",\"dateModified\":\"2022-03-07T13:52:26+00:00\",\"mainEntityOfPage\":{\"@id\":\"https:\\\/\\\/diarioprincipios.com\\\/index.php\\\/2022\\\/03\\\/07\\\/avellaneda-se-suma-al-programa-salud-a-la-obra\\\/\"},\"wordCount\":221,\"commentCount\":0,\"publisher\":{\"@id\":\"https:\\\/\\\/diarioprincipios.com\\\/#organization\"},\"image\":{\"@id\":\"https:\\\/\\\/diarioprincipios.com\\\/index.php\\\/2022\\\/03\\\/07\\\/avellaneda-se-suma-al-programa-salud-a-la-obra\\\/#primaryimage\"},\"thumbnailUrl\":\"https:\\\/\\\/diarioprincipios.com\\\/wp-content\\\/uploads\\\/2022\\\/03\\\/307e4114-7135-4b4b-b1af-f2850a852ab1.jpg\",\"articleSection\":[\"Avellaneda\"],\"inLanguage\":\"es\",\"potentialAction\":[{\"@type\":\"CommentAction\",\"name\":\"Comment\",\"target\":[\"https:\\\/\\\/diarioprincipios.com\\\/index.php\\\/2022\\\/03\\\/07\\\/avellaneda-se-suma-al-programa-salud-a-la-obra\\\/#respond\"]}]},{\"@type\":\"WebPage\",\"@id\":\"https:\\\/\\\/diarioprincipios.com\\\/index.php\\\/2022\\\/03\\\/07\\\/avellaneda-se-suma-al-programa-salud-a-la-obra\\\/\",\"url\":\"https:\\\/\\\/diarioprincipios.com\\\/index.php\\\/2022\\\/03\\\/07\\\/avellaneda-se-suma-al-programa-salud-a-la-obra\\\/\",\"name\":\"Avellaneda se suma al programa \u201cSalud a la Obra\u201d - Principios\",\"isPartOf\":{\"@id\":\"https:\\\/\\\/diarioprincipios.com\\\/#website\"},\"primaryImageOfPage\":{\"@id\":\"https:\\\/\\\/diarioprincipios.com\\\/index.php\\\/2022\\\/03\\\/07\\\/avellaneda-se-suma-al-programa-salud-a-la-obra\\\/#primaryimage\"},\"image\":{\"@id\":\"https:\\\/\\\/diarioprincipios.com\\\/index.php\\\/2022\\\/03\\\/07\\\/avellaneda-se-suma-al-programa-salud-a-la-obra\\\/#primaryimage\"},\"thumbnailUrl\":\"https:\\\/\\\/diarioprincipios.com\\\/wp-content\\\/uploads\\\/2022\\\/03\\\/307e4114-7135-4b4b-b1af-f2850a852ab1.jpg\",\"datePublished\":\"2022-03-07T13:52:19+00:00\",\"dateModified\":\"2022-03-07T13:52:26+00:00\",\"breadcrumb\":{\"@id\":\"https:\\\/\\\/diarioprincipios.com\\\/index.php\\\/2022\\\/03\\\/07\\\/avellaneda-se-suma-al-programa-salud-a-la-obra\\\/#breadcrumb\"},\"inLanguage\":\"es\",\"potentialAction\":[{\"@type\":\"ReadAction\",\"target\":[\"https:\\\/\\\/diarioprincipios.com\\\/index.php\\\/2022\\\/03\\\/07\\\/avellaneda-se-suma-al-programa-salud-a-la-obra\\\/\"]}]},{\"@type\":\"ImageObject\",\"inLanguage\":\"es\",\"@id\":\"https:\\\/\\\/diarioprincipios.com\\\/index.php\\\/2022\\\/03\\\/07\\\/avellaneda-se-suma-al-programa-salud-a-la-obra\\\/#primaryimage\",\"url\":\"https:\\\/\\\/diarioprincipios.com\\\/wp-content\\\/uploads\\\/2022\\\/03\\\/307e4114-7135-4b4b-b1af-f2850a852ab1.jpg\",\"contentUrl\":\"https:\\\/\\\/diarioprincipios.com\\\/wp-content\\\/uploads\\\/2022\\\/03\\\/307e4114-7135-4b4b-b1af-f2850a852ab1.jpg\",\"width\":1280,\"height\":851},{\"@type\":\"BreadcrumbList\",\"@id\":\"https:\\\/\\\/diarioprincipios.com\\\/index.php\\\/2022\\\/03\\\/07\\\/avellaneda-se-suma-al-programa-salud-a-la-obra\\\/#breadcrumb\",\"itemListElement\":[{\"@type\":\"ListItem\",\"position\":1,\"name\":\"Portada\",\"item\":\"https:\\\/\\\/diarioprincipios.com\\\/\"},{\"@type\":\"ListItem\",\"position\":2,\"name\":\"Avellaneda se suma al programa \u201cSalud a la Obra\u201d\"}]},{\"@type\":\"WebSite\",\"@id\":\"https:\\\/\\\/diarioprincipios.com\\\/#website\",\"url\":\"https:\\\/\\\/diarioprincipios.com\\\/\",\"name\":\"Principios\",\"description\":\"Principios Diario\",\"publisher\":{\"@id\":\"https:\\\/\\\/diarioprincipios.com\\\/#organization\"},\"potentialAction\":[{\"@type\":\"SearchAction\",\"target\":{\"@type\":\"EntryPoint\",\"urlTemplate\":\"https:\\\/\\\/diarioprincipios.com\\\/?s={search_term_string}\"},\"query-input\":{\"@type\":\"PropertyValueSpecification\",\"valueRequired\":true,\"valueName\":\"search_term_string\"}}],\"inLanguage\":\"es\"},{\"@type\":\"Organization\",\"@id\":\"https:\\\/\\\/diarioprincipios.com\\\/#organization\",\"name\":\"Principios\",\"url\":\"https:\\\/\\\/diarioprincipios.com\\\/\",\"logo\":{\"@type\":\"ImageObject\",\"inLanguage\":\"es\",\"@id\":\"https:\\\/\\\/diarioprincipios.com\\\/#\\\/schema\\\/logo\\\/image\\\/\",\"url\":\"https:\\\/\\\/diarioprincipios.com\\\/wp-content\\\/uploads\\\/2024\\\/04\\\/cropped-www.diarioprincipios.com_-1.png\",\"contentUrl\":\"https:\\\/\\\/diarioprincipios.com\\\/wp-content\\\/uploads\\\/2024\\\/04\\\/cropped-www.diarioprincipios.com_-1.png\",\"width\":5325,\"height\":1454,\"caption\":\"Principios\"},\"image\":{\"@id\":\"https:\\\/\\\/diarioprincipios.com\\\/#\\\/schema\\\/logo\\\/image\\\/\"}},{\"@type\":\"Person\",\"@id\":\"https:\\\/\\\/diarioprincipios.com\\\/#\\\/schema\\\/person\\\/436d5a1fd41a5e250e23ff5a6a7cb080\",\"name\":\"Hern\u00e1n L\u00f3pez\",\"image\":{\"@type\":\"ImageObject\",\"inLanguage\":\"es\",\"@id\":\"https:\\\/\\\/diarioprincipios.com\\\/wp-content\\\/litespeed\\\/avatar\\\/11ddfe5610ff3bd100522525b2571f48.jpg?ver=1777048341\",\"url\":\"https:\\\/\\\/diarioprincipios.com\\\/wp-content\\\/litespeed\\\/avatar\\\/11ddfe5610ff3bd100522525b2571f48.jpg?ver=1777048341\",\"contentUrl\":\"https:\\\/\\\/diarioprincipios.com\\\/wp-content\\\/litespeed\\\/avatar\\\/11ddfe5610ff3bd100522525b2571f48.jpg?ver=1777048341\",\"caption\":\"Hern\u00e1n L\u00f3pez\"},\"url\":\"https:\\\/\\\/diarioprincipios.com\\\/index.php\\\/author\\\/hernan\\\/\"}]}<\/script>\n<!-- \/ Yoast SEO plugin. -->","yoast_head_json":{"title":"Avellaneda se suma al programa \u201cSalud a la Obra\u201d - Principios","robots":{"index":"index","follow":"follow","max-snippet":"max-snippet:-1","max-image-preview":"max-image-preview:large","max-video-preview":"max-video-preview:-1"},"canonical":"https:\/\/diarioprincipios.com\/index.php\/2022\/03\/07\/avellaneda-se-suma-al-programa-salud-a-la-obra\/","og_locale":"es_ES","og_type":"article","og_title":"Avellaneda se suma al programa \u201cSalud a la Obra\u201d - Principios","og_description":"El municipio suscribi\u00f3 este acuerdo para mejorar la infraestructura sanitaria local, en un acto encabezado por el gobernador Kicillof en San Vicente. El intendente Alejo Chornobroff estuvo presente en la presentaci\u00f3n del programa \u201cSalud a la obra\u201d, que encabez\u00f3 el gobernador de la Provincia de Buenos Aires, Axel Kicillof, junto a sus ministros de Salud,...","og_url":"https:\/\/diarioprincipios.com\/index.php\/2022\/03\/07\/avellaneda-se-suma-al-programa-salud-a-la-obra\/","og_site_name":"Principios","article_published_time":"2022-03-07T13:52:19+00:00","article_modified_time":"2022-03-07T13:52:26+00:00","og_image":[{"width":1280,"height":851,"url":"https:\/\/diarioprincipios.com\/wp-content\/uploads\/2022\/03\/307e4114-7135-4b4b-b1af-f2850a852ab1.jpg","type":"image\/jpeg"}],"author":"Hern\u00e1n L\u00f3pez","twitter_card":"summary_large_image","twitter_misc":{"Escrito por":"Hern\u00e1n L\u00f3pez","Tiempo de lectura":"1 minuto"},"schema":{"@context":"https:\/\/schema.org","@graph":[{"@type":"Article","@id":"https:\/\/diarioprincipios.com\/index.php\/2022\/03\/07\/avellaneda-se-suma-al-programa-salud-a-la-obra\/#article","isPartOf":{"@id":"https:\/\/diarioprincipios.com\/index.php\/2022\/03\/07\/avellaneda-se-suma-al-programa-salud-a-la-obra\/"},"author":{"name":"Hern\u00e1n L\u00f3pez","@id":"https:\/\/diarioprincipios.com\/#\/schema\/person\/436d5a1fd41a5e250e23ff5a6a7cb080"},"headline":"Avellaneda se suma al programa \u201cSalud a la Obra\u201d","datePublished":"2022-03-07T13:52:19+00:00","dateModified":"2022-03-07T13:52:26+00:00","mainEntityOfPage":{"@id":"https:\/\/diarioprincipios.com\/index.php\/2022\/03\/07\/avellaneda-se-suma-al-programa-salud-a-la-obra\/"},"wordCount":221,"commentCount":0,"publisher":{"@id":"https:\/\/diarioprincipios.com\/#organization"},"image":{"@id":"https:\/\/diarioprincipios.com\/index.php\/2022\/03\/07\/avellaneda-se-suma-al-programa-salud-a-la-obra\/#primaryimage"},"thumbnailUrl":"https:\/\/diarioprincipios.com\/wp-content\/uploads\/2022\/03\/307e4114-7135-4b4b-b1af-f2850a852ab1.jpg","articleSection":["Avellaneda"],"inLanguage":"es","potentialAction":[{"@type":"CommentAction","name":"Comment","target":["https:\/\/diarioprincipios.com\/index.php\/2022\/03\/07\/avellaneda-se-suma-al-programa-salud-a-la-obra\/#respond"]}]},{"@type":"WebPage","@id":"https:\/\/diarioprincipios.com\/index.php\/2022\/03\/07\/avellaneda-se-suma-al-programa-salud-a-la-obra\/","url":"https:\/\/diarioprincipios.com\/index.php\/2022\/03\/07\/avellaneda-se-suma-al-programa-salud-a-la-obra\/","name":"Avellaneda se suma al programa \u201cSalud a la Obra\u201d - Principios","isPartOf":{"@id":"https:\/\/diarioprincipios.com\/#website"},"primaryImageOfPage":{"@id":"https:\/\/diarioprincipios.com\/index.php\/2022\/03\/07\/avellaneda-se-suma-al-programa-salud-a-la-obra\/#primaryimage"},"image":{"@id":"https:\/\/diarioprincipios.com\/index.php\/2022\/03\/07\/avellaneda-se-suma-al-programa-salud-a-la-obra\/#primaryimage"},"thumbnailUrl":"https:\/\/diarioprincipios.com\/wp-content\/uploads\/2022\/03\/307e4114-7135-4b4b-b1af-f2850a852ab1.jpg","datePublished":"2022-03-07T13:52:19+00:00","dateModified":"2022-03-07T13:52:26+00:00","breadcrumb":{"@id":"https:\/\/diarioprincipios.com\/index.php\/2022\/03\/07\/avellaneda-se-suma-al-programa-salud-a-la-obra\/#breadcrumb"},"inLanguage":"es","potentialAction":[{"@type":"ReadAction","target":["https:\/\/diarioprincipios.com\/index.php\/2022\/03\/07\/avellaneda-se-suma-al-programa-salud-a-la-obra\/"]}]},{"@type":"ImageObject","inLanguage":"es","@id":"https:\/\/diarioprincipios.com\/index.php\/2022\/03\/07\/avellaneda-se-suma-al-programa-salud-a-la-obra\/#primaryimage","url":"https:\/\/diarioprincipios.com\/wp-content\/uploads\/2022\/03\/307e4114-7135-4b4b-b1af-f2850a852ab1.jpg","contentUrl":"https:\/\/diarioprincipios.com\/wp-content\/uploads\/2022\/03\/307e4114-7135-4b4b-b1af-f2850a852ab1.jpg","width":1280,"height":851},{"@type":"BreadcrumbList","@id":"https:\/\/diarioprincipios.com\/index.php\/2022\/03\/07\/avellaneda-se-suma-al-programa-salud-a-la-obra\/#breadcrumb","itemListElement":[{"@type":"ListItem","position":1,"name":"Portada","item":"https:\/\/diarioprincipios.com\/"},{"@type":"ListItem","position":2,"name":"Avellaneda se suma al programa \u201cSalud a la Obra\u201d"}]},{"@type":"WebSite","@id":"https:\/\/diarioprincipios.com\/#website","url":"https:\/\/diarioprincipios.com\/","name":"Principios","description":"Principios Diario","publisher":{"@id":"https:\/\/diarioprincipios.com\/#organization"},"potentialAction":[{"@type":"SearchAction","target":{"@type":"EntryPoint","urlTemplate":"https:\/\/diarioprincipios.com\/?s={search_term_string}"},"query-input":{"@type":"PropertyValueSpecification","valueRequired":true,"valueName":"search_term_string"}}],"inLanguage":"es"},{"@type":"Organization","@id":"https:\/\/diarioprincipios.com\/#organization","name":"Principios","url":"https:\/\/diarioprincipios.com\/","logo":{"@type":"ImageObject","inLanguage":"es","@id":"https:\/\/diarioprincipios.com\/#\/schema\/logo\/image\/","url":"https:\/\/diarioprincipios.com\/wp-content\/uploads\/2024\/04\/cropped-www.diarioprincipios.com_-1.png","contentUrl":"https:\/\/diarioprincipios.com\/wp-content\/uploads\/2024\/04\/cropped-www.diarioprincipios.com_-1.png","width":5325,"height":1454,"caption":"Principios"},"image":{"@id":"https:\/\/diarioprincipios.com\/#\/schema\/logo\/image\/"}},{"@type":"Person","@id":"https:\/\/diarioprincipios.com\/#\/schema\/person\/436d5a1fd41a5e250e23ff5a6a7cb080","name":"Hern\u00e1n L\u00f3pez","image":{"@type":"ImageObject","inLanguage":"es","@id":"https:\/\/diarioprincipios.com\/wp-content\/litespeed\/avatar\/11ddfe5610ff3bd100522525b2571f48.jpg?ver=1777048341","url":"https:\/\/diarioprincipios.com\/wp-content\/litespeed\/avatar\/11ddfe5610ff3bd100522525b2571f48.jpg?ver=1777048341","contentUrl":"https:\/\/diarioprincipios.com\/wp-content\/litespeed\/avatar\/11ddfe5610ff3bd100522525b2571f48.jpg?ver=1777048341","caption":"Hern\u00e1n L\u00f3pez"},"url":"https:\/\/diarioprincipios.com\/index.php\/author\/hernan\/"}]}},"jetpack_featured_media_url":"https:\/\/diarioprincipios.com\/wp-content\/uploads\/2022\/03\/307e4114-7135-4b4b-b1af-f2850a852ab1.jpg","_links":{"self":[{"href":"https:\/\/diarioprincipios.com\/index.php\/wp-json\/wp\/v2\/posts\/12913","targetHints":{"allow":["GET"]}}],"collection":[{"href":"https:\/\/diarioprincipios.com\/index.php\/wp-json\/wp\/v2\/posts"}],"about":[{"href":"https:\/\/diarioprincipios.com\/index.php\/wp-json\/wp\/v2\/types\/post"}],"author":[{"embeddable":true,"href":"https:\/\/diarioprincipios.com\/index.php\/wp-json\/wp\/v2\/users\/2"}],"replies":[{"embeddable":true,"href":"https:\/\/diarioprincipios.com\/index.php\/wp-json\/wp\/v2\/comments?post=12913"}],"version-history":[{"count":1,"href":"https:\/\/diarioprincipios.com\/index.php\/wp-json\/wp\/v2\/posts\/12913\/revisions"}],"predecessor-version":[{"id":12915,"href":"https:\/\/diarioprincipios.com\/index.php\/wp-json\/wp\/v2\/posts\/12913\/revisions\/12915"}],"wp:featuredmedia":[{"embeddable":true,"href":"https:\/\/diarioprincipios.com\/index.php\/wp-json\/wp\/v2\/media\/12914"}],"wp:attachment":[{"href":"https:\/\/diarioprincipios.com\/index.php\/wp-json\/wp\/v2\/media?parent=12913"}],"wp:term":[{"taxonomy":"category","embeddable":true,"href":"https:\/\/diarioprincipios.com\/index.php\/wp-json\/wp\/v2\/categories?post=12913"},{"taxonomy":"post_tag","embeddable":true,"href":"https:\/\/diarioprincipios.com\/index.php\/wp-json\/wp\/v2\/tags?post=12913"}],"curies":[{"name":"wp","href":"https:\/\/api.w.org\/{rel}","templated":true}]}}