{"id":12897,"date":"2022-03-05T20:46:46","date_gmt":"2022-03-05T23:46:46","guid":{"rendered":"http:\/\/diarioprincipios.com\/?p=12897"},"modified":"2022-03-05T20:46:53","modified_gmt":"2022-03-05T23:46:53","slug":"ferraresi-junto-con-alejo-chornobroff-y-magdalena-sierra-inauguraron-una-plaza-en-wilde","status":"publish","type":"post","link":"https:\/\/diarioprincipios.com\/index.php\/2022\/03\/05\/ferraresi-junto-con-alejo-chornobroff-y-magdalena-sierra-inauguraron-una-plaza-en-wilde\/","title":{"rendered":"Ferraresi, junto con Alejo Chornobroff y Magdalena Sierra inauguraron una plaza en Wilde"},"content":{"rendered":"\n<p>Se trata de la plaza San Emilio, ubicada en el nuevo pasaje \u201cTripulantes del Ara San Juan\u201d entre Boulevard de los Italianos y De la Pe\u00f1a.<\/p>\n\n\n\n<p>El ministro de Desarrollo Territorial y H\u00e1bitat de la Naci\u00f3n, Jorge Ferraresi, el intendente de Avellaneda, Alejo Chornobroff, y la jefa de Gabinete, Magdalena Sierra, participaron de esta inauguraci\u00f3n junto a una gran cantidad de vecinas y vecinos de Wilde.<\/p>\n\n\n\n<p>Las autoridades recorrieron la plaza y el flamante pasaje que lleva dicho nombre en homenaje a los 44 h\u00e9roes del submarino ARA San Juan.<\/p>\n\n\n\n<p>Durante la inauguraci\u00f3n de la plaza San Emilio, Jorge Ferraresi destac\u00f3: \u201cConformamos un equipo con Alejo y Magdalena, que le da continuidad a las pol\u00edticas que iniciamos hace a\u00f1os. Tenemos que tener lo mejor y apropiarnos como comunidad organizada de estas cosas para cuidarlas y defenderlas\u201d.<\/p>\n\n\n\n<p>La plaza cuenta con murales de distintos artistas de la ciudad. Adem\u00e1s, se construyeron nuevas veredas y canteros. Tambi\u00e9n se coloc\u00f3 distinto mobiliario urbano generando un sector de actividad f\u00edsica que integra aparatos biosaludables de ejercitaci\u00f3n y patio de juegos.<a><\/a><\/p>\n\n\n\n<p>El nuevo pasaje fue totalmente pavimentado y restaurado, mejorando integralmente la zona y la accesibilidad para sus vecinos.<\/p>\n","protected":false},"excerpt":{"rendered":"<p>Se trata de la plaza San Emilio, ubicada en el nuevo pasaje \u201cTripulantes del Ara San Juan\u201d entre Boulevard de los Italianos y De la Pe\u00f1a. El ministro de Desarrollo Territorial y H\u00e1bitat de la Naci\u00f3n, Jorge Ferraresi, el intendente de Avellaneda, Alejo Chornobroff, y la jefa de Gabinete, Magdalena Sierra, participaron de esta inauguraci\u00f3n&#8230;<\/p>\n","protected":false},"author":2,"featured_media":12898,"comment_status":"open","ping_status":"open","sticky":false,"template":"","format":"standard","meta":{"footnotes":""},"categories":[5],"tags":[],"class_list":["post-12897","post","type-post","status-publish","format-standard","has-post-thumbnail","hentry","category-avellaneda"],"featured_image_src":"https:\/\/diarioprincipios.com\/wp-content\/uploads\/2022\/03\/d84f869e-7479-4842-804e-2b9e85ac22a5-1024x681.jpg","blog_images":{"medium":"https:\/\/diarioprincipios.com\/wp-content\/uploads\/2022\/03\/d84f869e-7479-4842-804e-2b9e85ac22a5-300x200.jpg","large":"https:\/\/diarioprincipios.com\/wp-content\/uploads\/2022\/03\/d84f869e-7479-4842-804e-2b9e85ac22a5-1024x681.jpg"},"ams_acf":[],"yoast_head":"<!-- This site is optimized with the Yoast SEO plugin v27.3 - https:\/\/yoast.com\/product\/yoast-seo-wordpress\/ -->\n<title>Ferraresi, junto con Alejo Chornobroff y Magdalena Sierra inauguraron una plaza en Wilde - Principios<\/title>\n<meta name=\"robots\" content=\"index, follow, max-snippet:-1, max-image-preview:large, max-video-preview:-1\" \/>\n<link rel=\"canonical\" href=\"https:\/\/diarioprincipios.com\/index.php\/2022\/03\/05\/ferraresi-junto-con-alejo-chornobroff-y-magdalena-sierra-inauguraron-una-plaza-en-wilde\/\" \/>\n<meta property=\"og:locale\" content=\"es_ES\" \/>\n<meta property=\"og:type\" content=\"article\" \/>\n<meta property=\"og:title\" content=\"Ferraresi, junto con Alejo Chornobroff y Magdalena Sierra inauguraron una plaza en Wilde - Principios\" \/>\n<meta property=\"og:description\" content=\"Se trata de la plaza San Emilio, ubicada en el nuevo pasaje \u201cTripulantes del Ara San Juan\u201d entre Boulevard de los Italianos y De la Pe\u00f1a. El ministro de Desarrollo Territorial y H\u00e1bitat de la Naci\u00f3n, Jorge Ferraresi, el intendente de Avellaneda, Alejo Chornobroff, y la jefa de Gabinete, Magdalena Sierra, participaron de esta inauguraci\u00f3n...\" \/>\n<meta property=\"og:url\" content=\"https:\/\/diarioprincipios.com\/index.php\/2022\/03\/05\/ferraresi-junto-con-alejo-chornobroff-y-magdalena-sierra-inauguraron-una-plaza-en-wilde\/\" \/>\n<meta property=\"og:site_name\" content=\"Principios\" \/>\n<meta property=\"article:published_time\" content=\"2022-03-05T23:46:46+00:00\" \/>\n<meta property=\"article:modified_time\" content=\"2022-03-05T23:46:53+00:00\" \/>\n<meta property=\"og:image\" content=\"https:\/\/diarioprincipios.com\/wp-content\/uploads\/2022\/03\/d84f869e-7479-4842-804e-2b9e85ac22a5.jpg\" \/>\n\t<meta property=\"og:image:width\" content=\"1599\" \/>\n\t<meta property=\"og:image:height\" content=\"1064\" \/>\n\t<meta property=\"og:image:type\" content=\"image\/jpeg\" \/>\n<meta name=\"author\" content=\"Hern\u00e1n L\u00f3pez\" \/>\n<meta name=\"twitter:card\" content=\"summary_large_image\" \/>\n<meta name=\"twitter:label1\" content=\"Escrito por\" \/>\n\t<meta name=\"twitter:data1\" content=\"Hern\u00e1n L\u00f3pez\" \/>\n\t<meta name=\"twitter:label2\" content=\"Tiempo de lectura\" \/>\n\t<meta name=\"twitter:data2\" content=\"1 minuto\" \/>\n<script type=\"application\/ld+json\" class=\"yoast-schema-graph\">{\"@context\":\"https:\\\/\\\/schema.org\",\"@graph\":[{\"@type\":\"Article\",\"@id\":\"https:\\\/\\\/diarioprincipios.com\\\/index.php\\\/2022\\\/03\\\/05\\\/ferraresi-junto-con-alejo-chornobroff-y-magdalena-sierra-inauguraron-una-plaza-en-wilde\\\/#article\",\"isPartOf\":{\"@id\":\"https:\\\/\\\/diarioprincipios.com\\\/index.php\\\/2022\\\/03\\\/05\\\/ferraresi-junto-con-alejo-chornobroff-y-magdalena-sierra-inauguraron-una-plaza-en-wilde\\\/\"},\"author\":{\"name\":\"Hern\u00e1n L\u00f3pez\",\"@id\":\"https:\\\/\\\/diarioprincipios.com\\\/#\\\/schema\\\/person\\\/436d5a1fd41a5e250e23ff5a6a7cb080\"},\"headline\":\"Ferraresi, junto con Alejo Chornobroff y Magdalena Sierra inauguraron una plaza en Wilde\",\"datePublished\":\"2022-03-05T23:46:46+00:00\",\"dateModified\":\"2022-03-05T23:46:53+00:00\",\"mainEntityOfPage\":{\"@id\":\"https:\\\/\\\/diarioprincipios.com\\\/index.php\\\/2022\\\/03\\\/05\\\/ferraresi-junto-con-alejo-chornobroff-y-magdalena-sierra-inauguraron-una-plaza-en-wilde\\\/\"},\"wordCount\":218,\"commentCount\":0,\"publisher\":{\"@id\":\"https:\\\/\\\/diarioprincipios.com\\\/#organization\"},\"image\":{\"@id\":\"https:\\\/\\\/diarioprincipios.com\\\/index.php\\\/2022\\\/03\\\/05\\\/ferraresi-junto-con-alejo-chornobroff-y-magdalena-sierra-inauguraron-una-plaza-en-wilde\\\/#primaryimage\"},\"thumbnailUrl\":\"https:\\\/\\\/diarioprincipios.com\\\/wp-content\\\/uploads\\\/2022\\\/03\\\/d84f869e-7479-4842-804e-2b9e85ac22a5.jpg\",\"articleSection\":[\"Avellaneda\"],\"inLanguage\":\"es\",\"potentialAction\":[{\"@type\":\"CommentAction\",\"name\":\"Comment\",\"target\":[\"https:\\\/\\\/diarioprincipios.com\\\/index.php\\\/2022\\\/03\\\/05\\\/ferraresi-junto-con-alejo-chornobroff-y-magdalena-sierra-inauguraron-una-plaza-en-wilde\\\/#respond\"]}]},{\"@type\":\"WebPage\",\"@id\":\"https:\\\/\\\/diarioprincipios.com\\\/index.php\\\/2022\\\/03\\\/05\\\/ferraresi-junto-con-alejo-chornobroff-y-magdalena-sierra-inauguraron-una-plaza-en-wilde\\\/\",\"url\":\"https:\\\/\\\/diarioprincipios.com\\\/index.php\\\/2022\\\/03\\\/05\\\/ferraresi-junto-con-alejo-chornobroff-y-magdalena-sierra-inauguraron-una-plaza-en-wilde\\\/\",\"name\":\"Ferraresi, junto con Alejo Chornobroff y Magdalena Sierra inauguraron una plaza en Wilde - Principios\",\"isPartOf\":{\"@id\":\"https:\\\/\\\/diarioprincipios.com\\\/#website\"},\"primaryImageOfPage\":{\"@id\":\"https:\\\/\\\/diarioprincipios.com\\\/index.php\\\/2022\\\/03\\\/05\\\/ferraresi-junto-con-alejo-chornobroff-y-magdalena-sierra-inauguraron-una-plaza-en-wilde\\\/#primaryimage\"},\"image\":{\"@id\":\"https:\\\/\\\/diarioprincipios.com\\\/index.php\\\/2022\\\/03\\\/05\\\/ferraresi-junto-con-alejo-chornobroff-y-magdalena-sierra-inauguraron-una-plaza-en-wilde\\\/#primaryimage\"},\"thumbnailUrl\":\"https:\\\/\\\/diarioprincipios.com\\\/wp-content\\\/uploads\\\/2022\\\/03\\\/d84f869e-7479-4842-804e-2b9e85ac22a5.jpg\",\"datePublished\":\"2022-03-05T23:46:46+00:00\",\"dateModified\":\"2022-03-05T23:46:53+00:00\",\"breadcrumb\":{\"@id\":\"https:\\\/\\\/diarioprincipios.com\\\/index.php\\\/2022\\\/03\\\/05\\\/ferraresi-junto-con-alejo-chornobroff-y-magdalena-sierra-inauguraron-una-plaza-en-wilde\\\/#breadcrumb\"},\"inLanguage\":\"es\",\"potentialAction\":[{\"@type\":\"ReadAction\",\"target\":[\"https:\\\/\\\/diarioprincipios.com\\\/index.php\\\/2022\\\/03\\\/05\\\/ferraresi-junto-con-alejo-chornobroff-y-magdalena-sierra-inauguraron-una-plaza-en-wilde\\\/\"]}]},{\"@type\":\"ImageObject\",\"inLanguage\":\"es\",\"@id\":\"https:\\\/\\\/diarioprincipios.com\\\/index.php\\\/2022\\\/03\\\/05\\\/ferraresi-junto-con-alejo-chornobroff-y-magdalena-sierra-inauguraron-una-plaza-en-wilde\\\/#primaryimage\",\"url\":\"https:\\\/\\\/diarioprincipios.com\\\/wp-content\\\/uploads\\\/2022\\\/03\\\/d84f869e-7479-4842-804e-2b9e85ac22a5.jpg\",\"contentUrl\":\"https:\\\/\\\/diarioprincipios.com\\\/wp-content\\\/uploads\\\/2022\\\/03\\\/d84f869e-7479-4842-804e-2b9e85ac22a5.jpg\",\"width\":1599,\"height\":1064},{\"@type\":\"BreadcrumbList\",\"@id\":\"https:\\\/\\\/diarioprincipios.com\\\/index.php\\\/2022\\\/03\\\/05\\\/ferraresi-junto-con-alejo-chornobroff-y-magdalena-sierra-inauguraron-una-plaza-en-wilde\\\/#breadcrumb\",\"itemListElement\":[{\"@type\":\"ListItem\",\"position\":1,\"name\":\"Portada\",\"item\":\"https:\\\/\\\/diarioprincipios.com\\\/\"},{\"@type\":\"ListItem\",\"position\":2,\"name\":\"Ferraresi, junto con Alejo Chornobroff y Magdalena Sierra inauguraron una plaza en Wilde\"}]},{\"@type\":\"WebSite\",\"@id\":\"https:\\\/\\\/diarioprincipios.com\\\/#website\",\"url\":\"https:\\\/\\\/diarioprincipios.com\\\/\",\"name\":\"Principios\",\"description\":\"Principios Diario\",\"publisher\":{\"@id\":\"https:\\\/\\\/diarioprincipios.com\\\/#organization\"},\"potentialAction\":[{\"@type\":\"SearchAction\",\"target\":{\"@type\":\"EntryPoint\",\"urlTemplate\":\"https:\\\/\\\/diarioprincipios.com\\\/?s={search_term_string}\"},\"query-input\":{\"@type\":\"PropertyValueSpecification\",\"valueRequired\":true,\"valueName\":\"search_term_string\"}}],\"inLanguage\":\"es\"},{\"@type\":\"Organization\",\"@id\":\"https:\\\/\\\/diarioprincipios.com\\\/#organization\",\"name\":\"Principios\",\"url\":\"https:\\\/\\\/diarioprincipios.com\\\/\",\"logo\":{\"@type\":\"ImageObject\",\"inLanguage\":\"es\",\"@id\":\"https:\\\/\\\/diarioprincipios.com\\\/#\\\/schema\\\/logo\\\/image\\\/\",\"url\":\"https:\\\/\\\/diarioprincipios.com\\\/wp-content\\\/uploads\\\/2024\\\/04\\\/cropped-www.diarioprincipios.com_-1.png\",\"contentUrl\":\"https:\\\/\\\/diarioprincipios.com\\\/wp-content\\\/uploads\\\/2024\\\/04\\\/cropped-www.diarioprincipios.com_-1.png\",\"width\":5325,\"height\":1454,\"caption\":\"Principios\"},\"image\":{\"@id\":\"https:\\\/\\\/diarioprincipios.com\\\/#\\\/schema\\\/logo\\\/image\\\/\"}},{\"@type\":\"Person\",\"@id\":\"https:\\\/\\\/diarioprincipios.com\\\/#\\\/schema\\\/person\\\/436d5a1fd41a5e250e23ff5a6a7cb080\",\"name\":\"Hern\u00e1n L\u00f3pez\",\"image\":{\"@type\":\"ImageObject\",\"inLanguage\":\"es\",\"@id\":\"https:\\\/\\\/diarioprincipios.com\\\/wp-content\\\/litespeed\\\/avatar\\\/11ddfe5610ff3bd100522525b2571f48.jpg?ver=1777653193\",\"url\":\"https:\\\/\\\/diarioprincipios.com\\\/wp-content\\\/litespeed\\\/avatar\\\/11ddfe5610ff3bd100522525b2571f48.jpg?ver=1777653193\",\"contentUrl\":\"https:\\\/\\\/diarioprincipios.com\\\/wp-content\\\/litespeed\\\/avatar\\\/11ddfe5610ff3bd100522525b2571f48.jpg?ver=1777653193\",\"caption\":\"Hern\u00e1n L\u00f3pez\"},\"url\":\"https:\\\/\\\/diarioprincipios.com\\\/index.php\\\/author\\\/hernan\\\/\"}]}<\/script>\n<!-- \/ Yoast SEO plugin. -->","yoast_head_json":{"title":"Ferraresi, junto con Alejo Chornobroff y Magdalena Sierra inauguraron una plaza en Wilde - Principios","robots":{"index":"index","follow":"follow","max-snippet":"max-snippet:-1","max-image-preview":"max-image-preview:large","max-video-preview":"max-video-preview:-1"},"canonical":"https:\/\/diarioprincipios.com\/index.php\/2022\/03\/05\/ferraresi-junto-con-alejo-chornobroff-y-magdalena-sierra-inauguraron-una-plaza-en-wilde\/","og_locale":"es_ES","og_type":"article","og_title":"Ferraresi, junto con Alejo Chornobroff y Magdalena Sierra inauguraron una plaza en Wilde - Principios","og_description":"Se trata de la plaza San Emilio, ubicada en el nuevo pasaje \u201cTripulantes del Ara San Juan\u201d entre Boulevard de los Italianos y De la Pe\u00f1a. El ministro de Desarrollo Territorial y H\u00e1bitat de la Naci\u00f3n, Jorge Ferraresi, el intendente de Avellaneda, Alejo Chornobroff, y la jefa de Gabinete, Magdalena Sierra, participaron de esta inauguraci\u00f3n...","og_url":"https:\/\/diarioprincipios.com\/index.php\/2022\/03\/05\/ferraresi-junto-con-alejo-chornobroff-y-magdalena-sierra-inauguraron-una-plaza-en-wilde\/","og_site_name":"Principios","article_published_time":"2022-03-05T23:46:46+00:00","article_modified_time":"2022-03-05T23:46:53+00:00","og_image":[{"width":1599,"height":1064,"url":"https:\/\/diarioprincipios.com\/wp-content\/uploads\/2022\/03\/d84f869e-7479-4842-804e-2b9e85ac22a5.jpg","type":"image\/jpeg"}],"author":"Hern\u00e1n L\u00f3pez","twitter_card":"summary_large_image","twitter_misc":{"Escrito por":"Hern\u00e1n L\u00f3pez","Tiempo de lectura":"1 minuto"},"schema":{"@context":"https:\/\/schema.org","@graph":[{"@type":"Article","@id":"https:\/\/diarioprincipios.com\/index.php\/2022\/03\/05\/ferraresi-junto-con-alejo-chornobroff-y-magdalena-sierra-inauguraron-una-plaza-en-wilde\/#article","isPartOf":{"@id":"https:\/\/diarioprincipios.com\/index.php\/2022\/03\/05\/ferraresi-junto-con-alejo-chornobroff-y-magdalena-sierra-inauguraron-una-plaza-en-wilde\/"},"author":{"name":"Hern\u00e1n L\u00f3pez","@id":"https:\/\/diarioprincipios.com\/#\/schema\/person\/436d5a1fd41a5e250e23ff5a6a7cb080"},"headline":"Ferraresi, junto con Alejo Chornobroff y Magdalena Sierra inauguraron una plaza en Wilde","datePublished":"2022-03-05T23:46:46+00:00","dateModified":"2022-03-05T23:46:53+00:00","mainEntityOfPage":{"@id":"https:\/\/diarioprincipios.com\/index.php\/2022\/03\/05\/ferraresi-junto-con-alejo-chornobroff-y-magdalena-sierra-inauguraron-una-plaza-en-wilde\/"},"wordCount":218,"commentCount":0,"publisher":{"@id":"https:\/\/diarioprincipios.com\/#organization"},"image":{"@id":"https:\/\/diarioprincipios.com\/index.php\/2022\/03\/05\/ferraresi-junto-con-alejo-chornobroff-y-magdalena-sierra-inauguraron-una-plaza-en-wilde\/#primaryimage"},"thumbnailUrl":"https:\/\/diarioprincipios.com\/wp-content\/uploads\/2022\/03\/d84f869e-7479-4842-804e-2b9e85ac22a5.jpg","articleSection":["Avellaneda"],"inLanguage":"es","potentialAction":[{"@type":"CommentAction","name":"Comment","target":["https:\/\/diarioprincipios.com\/index.php\/2022\/03\/05\/ferraresi-junto-con-alejo-chornobroff-y-magdalena-sierra-inauguraron-una-plaza-en-wilde\/#respond"]}]},{"@type":"WebPage","@id":"https:\/\/diarioprincipios.com\/index.php\/2022\/03\/05\/ferraresi-junto-con-alejo-chornobroff-y-magdalena-sierra-inauguraron-una-plaza-en-wilde\/","url":"https:\/\/diarioprincipios.com\/index.php\/2022\/03\/05\/ferraresi-junto-con-alejo-chornobroff-y-magdalena-sierra-inauguraron-una-plaza-en-wilde\/","name":"Ferraresi, junto con Alejo Chornobroff y Magdalena Sierra inauguraron una plaza en Wilde - Principios","isPartOf":{"@id":"https:\/\/diarioprincipios.com\/#website"},"primaryImageOfPage":{"@id":"https:\/\/diarioprincipios.com\/index.php\/2022\/03\/05\/ferraresi-junto-con-alejo-chornobroff-y-magdalena-sierra-inauguraron-una-plaza-en-wilde\/#primaryimage"},"image":{"@id":"https:\/\/diarioprincipios.com\/index.php\/2022\/03\/05\/ferraresi-junto-con-alejo-chornobroff-y-magdalena-sierra-inauguraron-una-plaza-en-wilde\/#primaryimage"},"thumbnailUrl":"https:\/\/diarioprincipios.com\/wp-content\/uploads\/2022\/03\/d84f869e-7479-4842-804e-2b9e85ac22a5.jpg","datePublished":"2022-03-05T23:46:46+00:00","dateModified":"2022-03-05T23:46:53+00:00","breadcrumb":{"@id":"https:\/\/diarioprincipios.com\/index.php\/2022\/03\/05\/ferraresi-junto-con-alejo-chornobroff-y-magdalena-sierra-inauguraron-una-plaza-en-wilde\/#breadcrumb"},"inLanguage":"es","potentialAction":[{"@type":"ReadAction","target":["https:\/\/diarioprincipios.com\/index.php\/2022\/03\/05\/ferraresi-junto-con-alejo-chornobroff-y-magdalena-sierra-inauguraron-una-plaza-en-wilde\/"]}]},{"@type":"ImageObject","inLanguage":"es","@id":"https:\/\/diarioprincipios.com\/index.php\/2022\/03\/05\/ferraresi-junto-con-alejo-chornobroff-y-magdalena-sierra-inauguraron-una-plaza-en-wilde\/#primaryimage","url":"https:\/\/diarioprincipios.com\/wp-content\/uploads\/2022\/03\/d84f869e-7479-4842-804e-2b9e85ac22a5.jpg","contentUrl":"https:\/\/diarioprincipios.com\/wp-content\/uploads\/2022\/03\/d84f869e-7479-4842-804e-2b9e85ac22a5.jpg","width":1599,"height":1064},{"@type":"BreadcrumbList","@id":"https:\/\/diarioprincipios.com\/index.php\/2022\/03\/05\/ferraresi-junto-con-alejo-chornobroff-y-magdalena-sierra-inauguraron-una-plaza-en-wilde\/#breadcrumb","itemListElement":[{"@type":"ListItem","position":1,"name":"Portada","item":"https:\/\/diarioprincipios.com\/"},{"@type":"ListItem","position":2,"name":"Ferraresi, junto con Alejo Chornobroff y Magdalena Sierra inauguraron una plaza en Wilde"}]},{"@type":"WebSite","@id":"https:\/\/diarioprincipios.com\/#website","url":"https:\/\/diarioprincipios.com\/","name":"Principios","description":"Principios Diario","publisher":{"@id":"https:\/\/diarioprincipios.com\/#organization"},"potentialAction":[{"@type":"SearchAction","target":{"@type":"EntryPoint","urlTemplate":"https:\/\/diarioprincipios.com\/?s={search_term_string}"},"query-input":{"@type":"PropertyValueSpecification","valueRequired":true,"valueName":"search_term_string"}}],"inLanguage":"es"},{"@type":"Organization","@id":"https:\/\/diarioprincipios.com\/#organization","name":"Principios","url":"https:\/\/diarioprincipios.com\/","logo":{"@type":"ImageObject","inLanguage":"es","@id":"https:\/\/diarioprincipios.com\/#\/schema\/logo\/image\/","url":"https:\/\/diarioprincipios.com\/wp-content\/uploads\/2024\/04\/cropped-www.diarioprincipios.com_-1.png","contentUrl":"https:\/\/diarioprincipios.com\/wp-content\/uploads\/2024\/04\/cropped-www.diarioprincipios.com_-1.png","width":5325,"height":1454,"caption":"Principios"},"image":{"@id":"https:\/\/diarioprincipios.com\/#\/schema\/logo\/image\/"}},{"@type":"Person","@id":"https:\/\/diarioprincipios.com\/#\/schema\/person\/436d5a1fd41a5e250e23ff5a6a7cb080","name":"Hern\u00e1n L\u00f3pez","image":{"@type":"ImageObject","inLanguage":"es","@id":"https:\/\/diarioprincipios.com\/wp-content\/litespeed\/avatar\/11ddfe5610ff3bd100522525b2571f48.jpg?ver=1777653193","url":"https:\/\/diarioprincipios.com\/wp-content\/litespeed\/avatar\/11ddfe5610ff3bd100522525b2571f48.jpg?ver=1777653193","contentUrl":"https:\/\/diarioprincipios.com\/wp-content\/litespeed\/avatar\/11ddfe5610ff3bd100522525b2571f48.jpg?ver=1777653193","caption":"Hern\u00e1n L\u00f3pez"},"url":"https:\/\/diarioprincipios.com\/index.php\/author\/hernan\/"}]}},"jetpack_featured_media_url":"https:\/\/diarioprincipios.com\/wp-content\/uploads\/2022\/03\/d84f869e-7479-4842-804e-2b9e85ac22a5.jpg","_links":{"self":[{"href":"https:\/\/diarioprincipios.com\/index.php\/wp-json\/wp\/v2\/posts\/12897","targetHints":{"allow":["GET"]}}],"collection":[{"href":"https:\/\/diarioprincipios.com\/index.php\/wp-json\/wp\/v2\/posts"}],"about":[{"href":"https:\/\/diarioprincipios.com\/index.php\/wp-json\/wp\/v2\/types\/post"}],"author":[{"embeddable":true,"href":"https:\/\/diarioprincipios.com\/index.php\/wp-json\/wp\/v2\/users\/2"}],"replies":[{"embeddable":true,"href":"https:\/\/diarioprincipios.com\/index.php\/wp-json\/wp\/v2\/comments?post=12897"}],"version-history":[{"count":1,"href":"https:\/\/diarioprincipios.com\/index.php\/wp-json\/wp\/v2\/posts\/12897\/revisions"}],"predecessor-version":[{"id":12899,"href":"https:\/\/diarioprincipios.com\/index.php\/wp-json\/wp\/v2\/posts\/12897\/revisions\/12899"}],"wp:featuredmedia":[{"embeddable":true,"href":"https:\/\/diarioprincipios.com\/index.php\/wp-json\/wp\/v2\/media\/12898"}],"wp:attachment":[{"href":"https:\/\/diarioprincipios.com\/index.php\/wp-json\/wp\/v2\/media?parent=12897"}],"wp:term":[{"taxonomy":"category","embeddable":true,"href":"https:\/\/diarioprincipios.com\/index.php\/wp-json\/wp\/v2\/categories?post=12897"},{"taxonomy":"post_tag","embeddable":true,"href":"https:\/\/diarioprincipios.com\/index.php\/wp-json\/wp\/v2\/tags?post=12897"}],"curies":[{"name":"wp","href":"https:\/\/api.w.org\/{rel}","templated":true}]}}