{"id":12881,"date":"2022-03-04T12:31:12","date_gmt":"2022-03-04T15:31:12","guid":{"rendered":"http:\/\/diarioprincipios.com\/?p=12881"},"modified":"2022-03-04T12:41:37","modified_gmt":"2022-03-04T15:41:37","slug":"la-asociacion-de-voley-sigue-apuntando-a-la-formacion-e-insersion-laboral-de-los-jovenes","status":"publish","type":"post","link":"https:\/\/diarioprincipios.com\/index.php\/2022\/03\/04\/la-asociacion-de-voley-sigue-apuntando-a-la-formacion-e-insersion-laboral-de-los-jovenes\/","title":{"rendered":"La Asociaci\u00f3n de Voley sigue apuntando a la formaci\u00f3n e insersi\u00f3n laboral de los j\u00f3venes"},"content":{"rendered":"\n<p>Esta tarde en las instalaciones del Colegio Quinquela Mart\u00edn se llevar\u00e1 adelante el \u00e9xamen del Curso de Planilleros que desde el mi\u00e9rcoles realiza la Asociaci\u00f3n de Voley Capital Nacional del Vidrio cuya presidenta es la concejal Celia Cabrera.<\/p>\n\n\n\n<figure class=\"wp-block-image size-large\"><img loading=\"lazy\" decoding=\"async\" width=\"1024\" height=\"883\" src=\"https:\/\/diarioprincipios.com\/wp-content\/uploads\/2022\/03\/Screenshot_20220304-120840_Instagram-1024x883.jpg\" alt=\"\" class=\"wp-image-12882\" srcset=\"https:\/\/diarioprincipios.com\/wp-content\/uploads\/2022\/03\/Screenshot_20220304-120840_Instagram-1024x883.jpg 1024w, https:\/\/diarioprincipios.com\/wp-content\/uploads\/2022\/03\/Screenshot_20220304-120840_Instagram-300x259.jpg 300w, https:\/\/diarioprincipios.com\/wp-content\/uploads\/2022\/03\/Screenshot_20220304-120840_Instagram-768x663.jpg 768w, https:\/\/diarioprincipios.com\/wp-content\/uploads\/2022\/03\/Screenshot_20220304-120840_Instagram.jpg 1078w\" sizes=\"auto, (max-width: 1024px) 100vw, 1024px\" \/><\/figure>\n\n\n\n<p>Cabe destacar que este curso tiene como objetivo fundamental formar a los j\u00f3venes y ayudarlos  en el camino de la inserci\u00f3n laboral, ya que el mismo apunta a que los j\u00f3venes puedan obtener alg\u00fan ingreso a trav\u00e9s de esta tarea y poder as\u00ed costear sus estudios.<\/p>\n\n\n\n<p>En esta oportunidad  35 j\u00f3venes participan con entusiasmo del curso.<\/p>\n\n\n\n<figure class=\"wp-block-image size-large\"><img loading=\"lazy\" decoding=\"async\" width=\"1024\" height=\"883\" src=\"https:\/\/diarioprincipios.com\/wp-content\/uploads\/2022\/03\/Screenshot_20220304-120901_Instagram-1024x883.jpg\" alt=\"\" class=\"wp-image-12883\" srcset=\"https:\/\/diarioprincipios.com\/wp-content\/uploads\/2022\/03\/Screenshot_20220304-120901_Instagram-1024x883.jpg 1024w, https:\/\/diarioprincipios.com\/wp-content\/uploads\/2022\/03\/Screenshot_20220304-120901_Instagram-300x259.jpg 300w, https:\/\/diarioprincipios.com\/wp-content\/uploads\/2022\/03\/Screenshot_20220304-120901_Instagram-768x663.jpg 768w, https:\/\/diarioprincipios.com\/wp-content\/uploads\/2022\/03\/Screenshot_20220304-120901_Instagram.jpg 1078w\" sizes=\"auto, (max-width: 1024px) 100vw, 1024px\" \/><\/figure>\n\n\n\n<p>Celia Cabrera dijo a Principios que \u00abeste curso es posible gracias al trabajo permanente  que se  viene haciendo desde la Asociaci\u00f3n con el apoyo   del intendente Juan Jos\u00e9 Mussi,   del secretario general de los vidrieros Horacio Valdez y tambi\u00e9n del dirigente Orlando Reyes\u00bb.<\/p>\n\n\n\n<figure class=\"wp-block-image size-large is-resized\"><img loading=\"lazy\" decoding=\"async\" src=\"https:\/\/diarioprincipios.com\/wp-content\/uploads\/2022\/03\/Screenshot_20220304-120939_Instagram-1024x945.jpg\" alt=\"\" class=\"wp-image-12885\" width=\"388\" height=\"358\" srcset=\"https:\/\/diarioprincipios.com\/wp-content\/uploads\/2022\/03\/Screenshot_20220304-120939_Instagram-1024x945.jpg 1024w, https:\/\/diarioprincipios.com\/wp-content\/uploads\/2022\/03\/Screenshot_20220304-120939_Instagram-300x277.jpg 300w, https:\/\/diarioprincipios.com\/wp-content\/uploads\/2022\/03\/Screenshot_20220304-120939_Instagram-768x709.jpg 768w, https:\/\/diarioprincipios.com\/wp-content\/uploads\/2022\/03\/Screenshot_20220304-120939_Instagram.jpg 1078w\" sizes=\"auto, (max-width: 388px) 100vw, 388px\" \/><figcaption>\u2079<\/figcaption><\/figure>\n\n\n\n<p>Finalmente sostuvo que \u00abnosotros vamos a seguir trabajando en la en la formaci\u00f3n de los j\u00f3venes y si est\u00e1 la posibilidad de hacerlo en algo que les puede dar una salida laboral mucho mejor\u00bb.<\/p>\n","protected":false},"excerpt":{"rendered":"<p>Esta tarde en las instalaciones del Colegio Quinquela Mart\u00edn se llevar\u00e1 adelante el \u00e9xamen del Curso de Planilleros que desde el mi\u00e9rcoles realiza la Asociaci\u00f3n de Voley Capital Nacional del Vidrio cuya presidenta es la concejal Celia Cabrera. Cabe destacar que este curso tiene como objetivo fundamental formar a los j\u00f3venes y ayudarlos en el&#8230;<\/p>\n","protected":false},"author":2,"featured_media":12886,"comment_status":"open","ping_status":"open","sticky":false,"template":"","format":"standard","meta":{"footnotes":""},"categories":[6],"tags":[],"class_list":["post-12881","post","type-post","status-publish","format-standard","has-post-thumbnail","hentry","category-deportes"],"featured_image_src":"https:\/\/diarioprincipios.com\/wp-content\/uploads\/2022\/03\/Screenshot_20220304-120922_Instagram-1024x825.jpg","blog_images":{"medium":"https:\/\/diarioprincipios.com\/wp-content\/uploads\/2022\/03\/Screenshot_20220304-120922_Instagram-300x242.jpg","large":"https:\/\/diarioprincipios.com\/wp-content\/uploads\/2022\/03\/Screenshot_20220304-120922_Instagram-1024x825.jpg"},"ams_acf":[],"yoast_head":"<!-- This site is optimized with the Yoast SEO plugin v27.3 - https:\/\/yoast.com\/product\/yoast-seo-wordpress\/ -->\n<title>La Asociaci\u00f3n de Voley sigue apuntando a la formaci\u00f3n e insersi\u00f3n laboral de los j\u00f3venes - Principios<\/title>\n<meta name=\"robots\" content=\"index, follow, max-snippet:-1, max-image-preview:large, max-video-preview:-1\" \/>\n<link rel=\"canonical\" href=\"https:\/\/diarioprincipios.com\/index.php\/2022\/03\/04\/la-asociacion-de-voley-sigue-apuntando-a-la-formacion-e-insersion-laboral-de-los-jovenes\/\" \/>\n<meta property=\"og:locale\" content=\"es_ES\" \/>\n<meta property=\"og:type\" content=\"article\" \/>\n<meta property=\"og:title\" content=\"La Asociaci\u00f3n de Voley sigue apuntando a la formaci\u00f3n e insersi\u00f3n laboral de los j\u00f3venes - Principios\" \/>\n<meta property=\"og:description\" content=\"Esta tarde en las instalaciones del Colegio Quinquela Mart\u00edn se llevar\u00e1 adelante el \u00e9xamen del Curso de Planilleros que desde el mi\u00e9rcoles realiza la Asociaci\u00f3n de Voley Capital Nacional del Vidrio cuya presidenta es la concejal Celia Cabrera. Cabe destacar que este curso tiene como objetivo fundamental formar a los j\u00f3venes y ayudarlos en el...\" \/>\n<meta property=\"og:url\" content=\"https:\/\/diarioprincipios.com\/index.php\/2022\/03\/04\/la-asociacion-de-voley-sigue-apuntando-a-la-formacion-e-insersion-laboral-de-los-jovenes\/\" \/>\n<meta property=\"og:site_name\" content=\"Principios\" \/>\n<meta property=\"article:published_time\" content=\"2022-03-04T15:31:12+00:00\" \/>\n<meta property=\"article:modified_time\" content=\"2022-03-04T15:41:37+00:00\" \/>\n<meta property=\"og:image\" content=\"https:\/\/diarioprincipios.com\/wp-content\/uploads\/2022\/03\/Screenshot_20220304-120922_Instagram.jpg\" \/>\n\t<meta property=\"og:image:width\" content=\"1078\" \/>\n\t<meta property=\"og:image:height\" content=\"869\" \/>\n\t<meta property=\"og:image:type\" content=\"image\/jpeg\" \/>\n<meta name=\"author\" content=\"Hern\u00e1n L\u00f3pez\" \/>\n<meta name=\"twitter:card\" content=\"summary_large_image\" \/>\n<meta name=\"twitter:label1\" content=\"Escrito por\" \/>\n\t<meta name=\"twitter:data1\" content=\"Hern\u00e1n L\u00f3pez\" \/>\n\t<meta name=\"twitter:label2\" content=\"Tiempo de lectura\" \/>\n\t<meta name=\"twitter:data2\" content=\"2 minutos\" \/>\n<script type=\"application\/ld+json\" class=\"yoast-schema-graph\">{\"@context\":\"https:\\\/\\\/schema.org\",\"@graph\":[{\"@type\":\"Article\",\"@id\":\"https:\\\/\\\/diarioprincipios.com\\\/index.php\\\/2022\\\/03\\\/04\\\/la-asociacion-de-voley-sigue-apuntando-a-la-formacion-e-insersion-laboral-de-los-jovenes\\\/#article\",\"isPartOf\":{\"@id\":\"https:\\\/\\\/diarioprincipios.com\\\/index.php\\\/2022\\\/03\\\/04\\\/la-asociacion-de-voley-sigue-apuntando-a-la-formacion-e-insersion-laboral-de-los-jovenes\\\/\"},\"author\":{\"name\":\"Hern\u00e1n L\u00f3pez\",\"@id\":\"https:\\\/\\\/diarioprincipios.com\\\/#\\\/schema\\\/person\\\/436d5a1fd41a5e250e23ff5a6a7cb080\"},\"headline\":\"La Asociaci\u00f3n de Voley sigue apuntando a la formaci\u00f3n e insersi\u00f3n laboral de los j\u00f3venes\",\"datePublished\":\"2022-03-04T15:31:12+00:00\",\"dateModified\":\"2022-03-04T15:41:37+00:00\",\"mainEntityOfPage\":{\"@id\":\"https:\\\/\\\/diarioprincipios.com\\\/index.php\\\/2022\\\/03\\\/04\\\/la-asociacion-de-voley-sigue-apuntando-a-la-formacion-e-insersion-laboral-de-los-jovenes\\\/\"},\"wordCount\":202,\"commentCount\":0,\"publisher\":{\"@id\":\"https:\\\/\\\/diarioprincipios.com\\\/#organization\"},\"image\":{\"@id\":\"https:\\\/\\\/diarioprincipios.com\\\/index.php\\\/2022\\\/03\\\/04\\\/la-asociacion-de-voley-sigue-apuntando-a-la-formacion-e-insersion-laboral-de-los-jovenes\\\/#primaryimage\"},\"thumbnailUrl\":\"https:\\\/\\\/diarioprincipios.com\\\/wp-content\\\/uploads\\\/2022\\\/03\\\/Screenshot_20220304-120922_Instagram.jpg\",\"articleSection\":[\"Deportes\"],\"inLanguage\":\"es\",\"potentialAction\":[{\"@type\":\"CommentAction\",\"name\":\"Comment\",\"target\":[\"https:\\\/\\\/diarioprincipios.com\\\/index.php\\\/2022\\\/03\\\/04\\\/la-asociacion-de-voley-sigue-apuntando-a-la-formacion-e-insersion-laboral-de-los-jovenes\\\/#respond\"]}]},{\"@type\":\"WebPage\",\"@id\":\"https:\\\/\\\/diarioprincipios.com\\\/index.php\\\/2022\\\/03\\\/04\\\/la-asociacion-de-voley-sigue-apuntando-a-la-formacion-e-insersion-laboral-de-los-jovenes\\\/\",\"url\":\"https:\\\/\\\/diarioprincipios.com\\\/index.php\\\/2022\\\/03\\\/04\\\/la-asociacion-de-voley-sigue-apuntando-a-la-formacion-e-insersion-laboral-de-los-jovenes\\\/\",\"name\":\"La Asociaci\u00f3n de Voley sigue apuntando a la formaci\u00f3n e insersi\u00f3n laboral de los j\u00f3venes - Principios\",\"isPartOf\":{\"@id\":\"https:\\\/\\\/diarioprincipios.com\\\/#website\"},\"primaryImageOfPage\":{\"@id\":\"https:\\\/\\\/diarioprincipios.com\\\/index.php\\\/2022\\\/03\\\/04\\\/la-asociacion-de-voley-sigue-apuntando-a-la-formacion-e-insersion-laboral-de-los-jovenes\\\/#primaryimage\"},\"image\":{\"@id\":\"https:\\\/\\\/diarioprincipios.com\\\/index.php\\\/2022\\\/03\\\/04\\\/la-asociacion-de-voley-sigue-apuntando-a-la-formacion-e-insersion-laboral-de-los-jovenes\\\/#primaryimage\"},\"thumbnailUrl\":\"https:\\\/\\\/diarioprincipios.com\\\/wp-content\\\/uploads\\\/2022\\\/03\\\/Screenshot_20220304-120922_Instagram.jpg\",\"datePublished\":\"2022-03-04T15:31:12+00:00\",\"dateModified\":\"2022-03-04T15:41:37+00:00\",\"breadcrumb\":{\"@id\":\"https:\\\/\\\/diarioprincipios.com\\\/index.php\\\/2022\\\/03\\\/04\\\/la-asociacion-de-voley-sigue-apuntando-a-la-formacion-e-insersion-laboral-de-los-jovenes\\\/#breadcrumb\"},\"inLanguage\":\"es\",\"potentialAction\":[{\"@type\":\"ReadAction\",\"target\":[\"https:\\\/\\\/diarioprincipios.com\\\/index.php\\\/2022\\\/03\\\/04\\\/la-asociacion-de-voley-sigue-apuntando-a-la-formacion-e-insersion-laboral-de-los-jovenes\\\/\"]}]},{\"@type\":\"ImageObject\",\"inLanguage\":\"es\",\"@id\":\"https:\\\/\\\/diarioprincipios.com\\\/index.php\\\/2022\\\/03\\\/04\\\/la-asociacion-de-voley-sigue-apuntando-a-la-formacion-e-insersion-laboral-de-los-jovenes\\\/#primaryimage\",\"url\":\"https:\\\/\\\/diarioprincipios.com\\\/wp-content\\\/uploads\\\/2022\\\/03\\\/Screenshot_20220304-120922_Instagram.jpg\",\"contentUrl\":\"https:\\\/\\\/diarioprincipios.com\\\/wp-content\\\/uploads\\\/2022\\\/03\\\/Screenshot_20220304-120922_Instagram.jpg\",\"width\":1078,\"height\":869},{\"@type\":\"BreadcrumbList\",\"@id\":\"https:\\\/\\\/diarioprincipios.com\\\/index.php\\\/2022\\\/03\\\/04\\\/la-asociacion-de-voley-sigue-apuntando-a-la-formacion-e-insersion-laboral-de-los-jovenes\\\/#breadcrumb\",\"itemListElement\":[{\"@type\":\"ListItem\",\"position\":1,\"name\":\"Portada\",\"item\":\"https:\\\/\\\/diarioprincipios.com\\\/\"},{\"@type\":\"ListItem\",\"position\":2,\"name\":\"La Asociaci\u00f3n de Voley sigue apuntando a la formaci\u00f3n e insersi\u00f3n laboral de los j\u00f3venes\"}]},{\"@type\":\"WebSite\",\"@id\":\"https:\\\/\\\/diarioprincipios.com\\\/#website\",\"url\":\"https:\\\/\\\/diarioprincipios.com\\\/\",\"name\":\"Principios\",\"description\":\"Principios Diario\",\"publisher\":{\"@id\":\"https:\\\/\\\/diarioprincipios.com\\\/#organization\"},\"potentialAction\":[{\"@type\":\"SearchAction\",\"target\":{\"@type\":\"EntryPoint\",\"urlTemplate\":\"https:\\\/\\\/diarioprincipios.com\\\/?s={search_term_string}\"},\"query-input\":{\"@type\":\"PropertyValueSpecification\",\"valueRequired\":true,\"valueName\":\"search_term_string\"}}],\"inLanguage\":\"es\"},{\"@type\":\"Organization\",\"@id\":\"https:\\\/\\\/diarioprincipios.com\\\/#organization\",\"name\":\"Principios\",\"url\":\"https:\\\/\\\/diarioprincipios.com\\\/\",\"logo\":{\"@type\":\"ImageObject\",\"inLanguage\":\"es\",\"@id\":\"https:\\\/\\\/diarioprincipios.com\\\/#\\\/schema\\\/logo\\\/image\\\/\",\"url\":\"https:\\\/\\\/diarioprincipios.com\\\/wp-content\\\/uploads\\\/2024\\\/04\\\/cropped-www.diarioprincipios.com_-1.png\",\"contentUrl\":\"https:\\\/\\\/diarioprincipios.com\\\/wp-content\\\/uploads\\\/2024\\\/04\\\/cropped-www.diarioprincipios.com_-1.png\",\"width\":5325,\"height\":1454,\"caption\":\"Principios\"},\"image\":{\"@id\":\"https:\\\/\\\/diarioprincipios.com\\\/#\\\/schema\\\/logo\\\/image\\\/\"}},{\"@type\":\"Person\",\"@id\":\"https:\\\/\\\/diarioprincipios.com\\\/#\\\/schema\\\/person\\\/436d5a1fd41a5e250e23ff5a6a7cb080\",\"name\":\"Hern\u00e1n L\u00f3pez\",\"image\":{\"@type\":\"ImageObject\",\"inLanguage\":\"es\",\"@id\":\"https:\\\/\\\/diarioprincipios.com\\\/wp-content\\\/litespeed\\\/avatar\\\/11ddfe5610ff3bd100522525b2571f48.jpg?ver=1777048341\",\"url\":\"https:\\\/\\\/diarioprincipios.com\\\/wp-content\\\/litespeed\\\/avatar\\\/11ddfe5610ff3bd100522525b2571f48.jpg?ver=1777048341\",\"contentUrl\":\"https:\\\/\\\/diarioprincipios.com\\\/wp-content\\\/litespeed\\\/avatar\\\/11ddfe5610ff3bd100522525b2571f48.jpg?ver=1777048341\",\"caption\":\"Hern\u00e1n L\u00f3pez\"},\"url\":\"https:\\\/\\\/diarioprincipios.com\\\/index.php\\\/author\\\/hernan\\\/\"}]}<\/script>\n<!-- \/ Yoast SEO plugin. -->","yoast_head_json":{"title":"La Asociaci\u00f3n de Voley sigue apuntando a la formaci\u00f3n e insersi\u00f3n laboral de los j\u00f3venes - Principios","robots":{"index":"index","follow":"follow","max-snippet":"max-snippet:-1","max-image-preview":"max-image-preview:large","max-video-preview":"max-video-preview:-1"},"canonical":"https:\/\/diarioprincipios.com\/index.php\/2022\/03\/04\/la-asociacion-de-voley-sigue-apuntando-a-la-formacion-e-insersion-laboral-de-los-jovenes\/","og_locale":"es_ES","og_type":"article","og_title":"La Asociaci\u00f3n de Voley sigue apuntando a la formaci\u00f3n e insersi\u00f3n laboral de los j\u00f3venes - Principios","og_description":"Esta tarde en las instalaciones del Colegio Quinquela Mart\u00edn se llevar\u00e1 adelante el \u00e9xamen del Curso de Planilleros que desde el mi\u00e9rcoles realiza la Asociaci\u00f3n de Voley Capital Nacional del Vidrio cuya presidenta es la concejal Celia Cabrera. Cabe destacar que este curso tiene como objetivo fundamental formar a los j\u00f3venes y ayudarlos en el...","og_url":"https:\/\/diarioprincipios.com\/index.php\/2022\/03\/04\/la-asociacion-de-voley-sigue-apuntando-a-la-formacion-e-insersion-laboral-de-los-jovenes\/","og_site_name":"Principios","article_published_time":"2022-03-04T15:31:12+00:00","article_modified_time":"2022-03-04T15:41:37+00:00","og_image":[{"width":1078,"height":869,"url":"https:\/\/diarioprincipios.com\/wp-content\/uploads\/2022\/03\/Screenshot_20220304-120922_Instagram.jpg","type":"image\/jpeg"}],"author":"Hern\u00e1n L\u00f3pez","twitter_card":"summary_large_image","twitter_misc":{"Escrito por":"Hern\u00e1n L\u00f3pez","Tiempo de lectura":"2 minutos"},"schema":{"@context":"https:\/\/schema.org","@graph":[{"@type":"Article","@id":"https:\/\/diarioprincipios.com\/index.php\/2022\/03\/04\/la-asociacion-de-voley-sigue-apuntando-a-la-formacion-e-insersion-laboral-de-los-jovenes\/#article","isPartOf":{"@id":"https:\/\/diarioprincipios.com\/index.php\/2022\/03\/04\/la-asociacion-de-voley-sigue-apuntando-a-la-formacion-e-insersion-laboral-de-los-jovenes\/"},"author":{"name":"Hern\u00e1n L\u00f3pez","@id":"https:\/\/diarioprincipios.com\/#\/schema\/person\/436d5a1fd41a5e250e23ff5a6a7cb080"},"headline":"La Asociaci\u00f3n de Voley sigue apuntando a la formaci\u00f3n e insersi\u00f3n laboral de los j\u00f3venes","datePublished":"2022-03-04T15:31:12+00:00","dateModified":"2022-03-04T15:41:37+00:00","mainEntityOfPage":{"@id":"https:\/\/diarioprincipios.com\/index.php\/2022\/03\/04\/la-asociacion-de-voley-sigue-apuntando-a-la-formacion-e-insersion-laboral-de-los-jovenes\/"},"wordCount":202,"commentCount":0,"publisher":{"@id":"https:\/\/diarioprincipios.com\/#organization"},"image":{"@id":"https:\/\/diarioprincipios.com\/index.php\/2022\/03\/04\/la-asociacion-de-voley-sigue-apuntando-a-la-formacion-e-insersion-laboral-de-los-jovenes\/#primaryimage"},"thumbnailUrl":"https:\/\/diarioprincipios.com\/wp-content\/uploads\/2022\/03\/Screenshot_20220304-120922_Instagram.jpg","articleSection":["Deportes"],"inLanguage":"es","potentialAction":[{"@type":"CommentAction","name":"Comment","target":["https:\/\/diarioprincipios.com\/index.php\/2022\/03\/04\/la-asociacion-de-voley-sigue-apuntando-a-la-formacion-e-insersion-laboral-de-los-jovenes\/#respond"]}]},{"@type":"WebPage","@id":"https:\/\/diarioprincipios.com\/index.php\/2022\/03\/04\/la-asociacion-de-voley-sigue-apuntando-a-la-formacion-e-insersion-laboral-de-los-jovenes\/","url":"https:\/\/diarioprincipios.com\/index.php\/2022\/03\/04\/la-asociacion-de-voley-sigue-apuntando-a-la-formacion-e-insersion-laboral-de-los-jovenes\/","name":"La Asociaci\u00f3n de Voley sigue apuntando a la formaci\u00f3n e insersi\u00f3n laboral de los j\u00f3venes - Principios","isPartOf":{"@id":"https:\/\/diarioprincipios.com\/#website"},"primaryImageOfPage":{"@id":"https:\/\/diarioprincipios.com\/index.php\/2022\/03\/04\/la-asociacion-de-voley-sigue-apuntando-a-la-formacion-e-insersion-laboral-de-los-jovenes\/#primaryimage"},"image":{"@id":"https:\/\/diarioprincipios.com\/index.php\/2022\/03\/04\/la-asociacion-de-voley-sigue-apuntando-a-la-formacion-e-insersion-laboral-de-los-jovenes\/#primaryimage"},"thumbnailUrl":"https:\/\/diarioprincipios.com\/wp-content\/uploads\/2022\/03\/Screenshot_20220304-120922_Instagram.jpg","datePublished":"2022-03-04T15:31:12+00:00","dateModified":"2022-03-04T15:41:37+00:00","breadcrumb":{"@id":"https:\/\/diarioprincipios.com\/index.php\/2022\/03\/04\/la-asociacion-de-voley-sigue-apuntando-a-la-formacion-e-insersion-laboral-de-los-jovenes\/#breadcrumb"},"inLanguage":"es","potentialAction":[{"@type":"ReadAction","target":["https:\/\/diarioprincipios.com\/index.php\/2022\/03\/04\/la-asociacion-de-voley-sigue-apuntando-a-la-formacion-e-insersion-laboral-de-los-jovenes\/"]}]},{"@type":"ImageObject","inLanguage":"es","@id":"https:\/\/diarioprincipios.com\/index.php\/2022\/03\/04\/la-asociacion-de-voley-sigue-apuntando-a-la-formacion-e-insersion-laboral-de-los-jovenes\/#primaryimage","url":"https:\/\/diarioprincipios.com\/wp-content\/uploads\/2022\/03\/Screenshot_20220304-120922_Instagram.jpg","contentUrl":"https:\/\/diarioprincipios.com\/wp-content\/uploads\/2022\/03\/Screenshot_20220304-120922_Instagram.jpg","width":1078,"height":869},{"@type":"BreadcrumbList","@id":"https:\/\/diarioprincipios.com\/index.php\/2022\/03\/04\/la-asociacion-de-voley-sigue-apuntando-a-la-formacion-e-insersion-laboral-de-los-jovenes\/#breadcrumb","itemListElement":[{"@type":"ListItem","position":1,"name":"Portada","item":"https:\/\/diarioprincipios.com\/"},{"@type":"ListItem","position":2,"name":"La Asociaci\u00f3n de Voley sigue apuntando a la formaci\u00f3n e insersi\u00f3n laboral de los j\u00f3venes"}]},{"@type":"WebSite","@id":"https:\/\/diarioprincipios.com\/#website","url":"https:\/\/diarioprincipios.com\/","name":"Principios","description":"Principios Diario","publisher":{"@id":"https:\/\/diarioprincipios.com\/#organization"},"potentialAction":[{"@type":"SearchAction","target":{"@type":"EntryPoint","urlTemplate":"https:\/\/diarioprincipios.com\/?s={search_term_string}"},"query-input":{"@type":"PropertyValueSpecification","valueRequired":true,"valueName":"search_term_string"}}],"inLanguage":"es"},{"@type":"Organization","@id":"https:\/\/diarioprincipios.com\/#organization","name":"Principios","url":"https:\/\/diarioprincipios.com\/","logo":{"@type":"ImageObject","inLanguage":"es","@id":"https:\/\/diarioprincipios.com\/#\/schema\/logo\/image\/","url":"https:\/\/diarioprincipios.com\/wp-content\/uploads\/2024\/04\/cropped-www.diarioprincipios.com_-1.png","contentUrl":"https:\/\/diarioprincipios.com\/wp-content\/uploads\/2024\/04\/cropped-www.diarioprincipios.com_-1.png","width":5325,"height":1454,"caption":"Principios"},"image":{"@id":"https:\/\/diarioprincipios.com\/#\/schema\/logo\/image\/"}},{"@type":"Person","@id":"https:\/\/diarioprincipios.com\/#\/schema\/person\/436d5a1fd41a5e250e23ff5a6a7cb080","name":"Hern\u00e1n L\u00f3pez","image":{"@type":"ImageObject","inLanguage":"es","@id":"https:\/\/diarioprincipios.com\/wp-content\/litespeed\/avatar\/11ddfe5610ff3bd100522525b2571f48.jpg?ver=1777048341","url":"https:\/\/diarioprincipios.com\/wp-content\/litespeed\/avatar\/11ddfe5610ff3bd100522525b2571f48.jpg?ver=1777048341","contentUrl":"https:\/\/diarioprincipios.com\/wp-content\/litespeed\/avatar\/11ddfe5610ff3bd100522525b2571f48.jpg?ver=1777048341","caption":"Hern\u00e1n L\u00f3pez"},"url":"https:\/\/diarioprincipios.com\/index.php\/author\/hernan\/"}]}},"jetpack_featured_media_url":"https:\/\/diarioprincipios.com\/wp-content\/uploads\/2022\/03\/Screenshot_20220304-120922_Instagram.jpg","_links":{"self":[{"href":"https:\/\/diarioprincipios.com\/index.php\/wp-json\/wp\/v2\/posts\/12881","targetHints":{"allow":["GET"]}}],"collection":[{"href":"https:\/\/diarioprincipios.com\/index.php\/wp-json\/wp\/v2\/posts"}],"about":[{"href":"https:\/\/diarioprincipios.com\/index.php\/wp-json\/wp\/v2\/types\/post"}],"author":[{"embeddable":true,"href":"https:\/\/diarioprincipios.com\/index.php\/wp-json\/wp\/v2\/users\/2"}],"replies":[{"embeddable":true,"href":"https:\/\/diarioprincipios.com\/index.php\/wp-json\/wp\/v2\/comments?post=12881"}],"version-history":[{"count":2,"href":"https:\/\/diarioprincipios.com\/index.php\/wp-json\/wp\/v2\/posts\/12881\/revisions"}],"predecessor-version":[{"id":12888,"href":"https:\/\/diarioprincipios.com\/index.php\/wp-json\/wp\/v2\/posts\/12881\/revisions\/12888"}],"wp:featuredmedia":[{"embeddable":true,"href":"https:\/\/diarioprincipios.com\/index.php\/wp-json\/wp\/v2\/media\/12886"}],"wp:attachment":[{"href":"https:\/\/diarioprincipios.com\/index.php\/wp-json\/wp\/v2\/media?parent=12881"}],"wp:term":[{"taxonomy":"category","embeddable":true,"href":"https:\/\/diarioprincipios.com\/index.php\/wp-json\/wp\/v2\/categories?post=12881"},{"taxonomy":"post_tag","embeddable":true,"href":"https:\/\/diarioprincipios.com\/index.php\/wp-json\/wp\/v2\/tags?post=12881"}],"curies":[{"name":"wp","href":"https:\/\/api.w.org\/{rel}","templated":true}]}}