{"id":12871,"date":"2022-03-04T07:49:28","date_gmt":"2022-03-04T10:49:28","guid":{"rendered":"http:\/\/diarioprincipios.com\/?p=12871"},"modified":"2022-03-04T07:49:35","modified_gmt":"2022-03-04T10:49:35","slug":"mussi-encabezo-la-apertura-de-sesiones-en-el-hcd-con-importantes-definiciones","status":"publish","type":"post","link":"https:\/\/diarioprincipios.com\/index.php\/2022\/03\/04\/mussi-encabezo-la-apertura-de-sesiones-en-el-hcd-con-importantes-definiciones\/","title":{"rendered":"Mussi encabez\u00f3 la Apertura de Sesiones en el HCD con importantes definiciones"},"content":{"rendered":"\n<p><strong>El intendente municipal, Juan Jos\u00e9 Mussi, inaugur\u00f3 el 49\u00b0 per\u00edodo de Sesiones Ordinarias del Honorable Concejo Deliberante (HCD) de Berazategui. Durante su discurso, enumer\u00f3 las acciones desarrolladas por el Municipio en 2021, destacando fundamentalmente lo realizado en materia de salud frente a la pandemia, las medidas implementadas para mejorar el servicio de agua potable en todo el distrito y la gran inversi\u00f3n en obra p\u00fablica -con n\u00fameros r\u00e9cord a nivel local-. Adem\u00e1s, brind\u00f3 detalles sobre sus principales objetivos para este 2022.<\/strong><\/p>\n\n\n\n<p>Ante un auditorio multisectorial pero reducido -dado que se cumplieron todos los protocolos sanitarios contra la pandemia de COVID-19-, en uno de los tramos m\u00e1s emotivos de la ceremonia se realiz\u00f3 el izamiento de las banderas a media asta en homenaje a la exconcejal Leticia Seliman, quien falleci\u00f3 en febrero a sus 79 a\u00f1os. Luego, el Intendente solicit\u00f3 un minuto de silencio en nombre de la comunidad ucraniana, que est\u00e1 sufriendo los embates de la guerra.<\/p>\n\n\n\n<figure class=\"wp-block-image size-large\"><img loading=\"lazy\" decoding=\"async\" width=\"1024\" height=\"682\" src=\"https:\/\/diarioprincipios.com\/wp-content\/uploads\/2022\/03\/MUSSI-ENCABEZO-LA-APERTURA-DE-SESIONES-EN-EL-HCD-5-1024x682.jpeg\" alt=\"\" class=\"wp-image-12872\" srcset=\"https:\/\/diarioprincipios.com\/wp-content\/uploads\/2022\/03\/MUSSI-ENCABEZO-LA-APERTURA-DE-SESIONES-EN-EL-HCD-5-1024x682.jpeg 1024w, https:\/\/diarioprincipios.com\/wp-content\/uploads\/2022\/03\/MUSSI-ENCABEZO-LA-APERTURA-DE-SESIONES-EN-EL-HCD-5-300x200.jpeg 300w, https:\/\/diarioprincipios.com\/wp-content\/uploads\/2022\/03\/MUSSI-ENCABEZO-LA-APERTURA-DE-SESIONES-EN-EL-HCD-5-768x512.jpeg 768w, https:\/\/diarioprincipios.com\/wp-content\/uploads\/2022\/03\/MUSSI-ENCABEZO-LA-APERTURA-DE-SESIONES-EN-EL-HCD-5.jpeg 1280w\" sizes=\"auto, (max-width: 1024px) 100vw, 1024px\" \/><\/figure>\n\n\n\n<p>Mussi agradeci\u00f3 el importante acompa\u00f1amiento de los Gobiernos Nacional y Provincial, as\u00ed como el de las industrias locales. Tambi\u00e9n felicit\u00f3 al personal de salud y educaci\u00f3n por su labor y compromiso durante la pandemia. \u201cMuchos industriales y comerciantes donaron elementos y les agradezco infinitamente en nombre del pueblo de Berazategui. Estuvieron a la altura de las circunstancias y tambi\u00e9n el resto de la comunidad, que comprendi\u00f3 la situaci\u00f3n e hizo algo trascendente: acept\u00f3, en su mayor\u00eda, la vacuna contra el COVID-19. Berazategui est\u00e1 en pie, pero nos necesita a todos\u201d, sostuvo el Intendente.<\/p>\n\n\n\n<p>Con relaci\u00f3n al tema del agua, el Jefe comunal hizo hincapi\u00e9 en todas las obras que se vienen desarrollando en la ciudad para brindar un mejor servicio. \u201cConstruimos 32 pozos de agua nuevos, renovando 6.500 metros de ca\u00f1er\u00edas obsoletas en el Centro de Berazategui; reacondicionando las cisternas de la Plaza La Paz y Parque Pereyra; instalando tableros de telemetr\u00eda en 30 pozos; 10 sensores de caudal y presi\u00f3n y una nueva planta de bombeo. Sourigues y el barrio 6 de Enero ya tienen cloacas. Se encuentran en licitaci\u00f3n 4 pozos de agua y un tanque de altura para el barrio N\u00e9stor Kirchner\u201d, resalt\u00f3 entre otras obras relacionadas al suministro de agua.<\/p>\n\n\n\n<figure class=\"wp-block-image size-large\"><img loading=\"lazy\" decoding=\"async\" width=\"1024\" height=\"682\" src=\"https:\/\/diarioprincipios.com\/wp-content\/uploads\/2022\/03\/MUSSI-ENCABEZO-LA-APERTURA-DE-SESIONES-EN-EL-HCD-7-1024x682.jpeg\" alt=\"\" class=\"wp-image-12873\" srcset=\"https:\/\/diarioprincipios.com\/wp-content\/uploads\/2022\/03\/MUSSI-ENCABEZO-LA-APERTURA-DE-SESIONES-EN-EL-HCD-7-1024x682.jpeg 1024w, https:\/\/diarioprincipios.com\/wp-content\/uploads\/2022\/03\/MUSSI-ENCABEZO-LA-APERTURA-DE-SESIONES-EN-EL-HCD-7-300x200.jpeg 300w, https:\/\/diarioprincipios.com\/wp-content\/uploads\/2022\/03\/MUSSI-ENCABEZO-LA-APERTURA-DE-SESIONES-EN-EL-HCD-7-768x512.jpeg 768w, https:\/\/diarioprincipios.com\/wp-content\/uploads\/2022\/03\/MUSSI-ENCABEZO-LA-APERTURA-DE-SESIONES-EN-EL-HCD-7.jpeg 1280w\" sizes=\"auto, (max-width: 1024px) 100vw, 1024px\" \/><\/figure>\n\n\n\n<p>\u201cConstruimos 23 corredores escolares seguros con iluminaci\u00f3n led, domos y c\u00e1maras en distintos barrios de Berazategui; tambi\u00e9n colocamos luminarias led en avenidas, plazas y Polideportivos; realizamos 170 obras en Escuelas junto al Consejo Escolar (HCE); y estamos construyendo 4 establecimientos nuevos. Desde la provincia de Buenos Aires y con el aporte de nuestro HCE se invirtieron 1.091 millones de pesos, un hecho hist\u00f3rico para las Escuelas de Berazategui\u201d, indic\u00f3.<\/p>\n\n\n\n<p>Y prosigui\u00f3: \u201cEstamos poniendo en condiciones el futuro Centro de Formaci\u00f3n Laboral en La Serranita, con una inversi\u00f3n de 20 millones de pesos; mejoramos caminos rurales de El Pato y Pereyra en 10 Kil\u00f3metros, por una inversi\u00f3n de 20 millones de pesos; impulsamos un Parque Industrial Tecnol\u00f3gico, ya en desarrollo, algo important\u00edsimo para el futuro de nuestra ciudad y tenemos un nuevo r\u00e9gimen de promoci\u00f3n industrial por el que se otorgan m\u00e1s beneficios especialmente para los que tomen personal femenino\u201d.<\/p>\n\n\n\n<figure class=\"wp-block-image size-large\"><img loading=\"lazy\" decoding=\"async\" width=\"1024\" height=\"682\" src=\"https:\/\/diarioprincipios.com\/wp-content\/uploads\/2022\/03\/MUSSI-ENCABEZO-LA-APERTURA-DE-SESIONES-EN-EL-HCD-4-1024x682.jpeg\" alt=\"\" class=\"wp-image-12874\" srcset=\"https:\/\/diarioprincipios.com\/wp-content\/uploads\/2022\/03\/MUSSI-ENCABEZO-LA-APERTURA-DE-SESIONES-EN-EL-HCD-4-1024x682.jpeg 1024w, https:\/\/diarioprincipios.com\/wp-content\/uploads\/2022\/03\/MUSSI-ENCABEZO-LA-APERTURA-DE-SESIONES-EN-EL-HCD-4-300x200.jpeg 300w, https:\/\/diarioprincipios.com\/wp-content\/uploads\/2022\/03\/MUSSI-ENCABEZO-LA-APERTURA-DE-SESIONES-EN-EL-HCD-4-768x512.jpeg 768w, https:\/\/diarioprincipios.com\/wp-content\/uploads\/2022\/03\/MUSSI-ENCABEZO-LA-APERTURA-DE-SESIONES-EN-EL-HCD-4.jpeg 1280w\" sizes=\"auto, (max-width: 1024px) 100vw, 1024px\" \/><\/figure>\n\n\n\n<p>Adem\u00e1s, Juan Jos\u00e9 Mussi record\u00f3: \u201cCompramos 55 patrulleros y 15 motos para la Polic\u00eda; 14 camiones compactadores; 5 retropalas; 6 camiones volcadores y 6 generadores el\u00e9ctricos; y estamos construyendo una estaci\u00f3n municipal de carga de l\u00edquidos combustibles destinada a nuestra flota vehicular, que generar\u00e1 un ahorro del 15%\u201d.<\/p>\n\n\n\n<p>Y continu\u00f3: \u201cJunto al Gobierno de la Naci\u00f3n se otorgaron 22 mil pesos por cada trabajador a las Pymes, en pandemia, por el Programa Repro II; as\u00ed como microcr\u00e9ditos a los peque\u00f1os productores\u201d.<\/p>\n\n\n\n<p>Asimismo, afirm\u00f3 \u201cPresentamos 1.609 denuncias contra Edesur; 129 contra Metrogas; 358 contra Telef\u00f3nica; y 53 contra Telecom; y se iniciaron 1440 causas contra Edesur\u201d.<\/p>\n\n\n\n<figure class=\"wp-block-image size-large\"><img loading=\"lazy\" decoding=\"async\" width=\"1024\" height=\"682\" src=\"https:\/\/diarioprincipios.com\/wp-content\/uploads\/2022\/03\/MUSSI-ENCABEZO-LA-APERTURA-DE-SESIONES-EN-EL-HCD-2-1024x682.jpeg\" alt=\"\" class=\"wp-image-12875\" srcset=\"https:\/\/diarioprincipios.com\/wp-content\/uploads\/2022\/03\/MUSSI-ENCABEZO-LA-APERTURA-DE-SESIONES-EN-EL-HCD-2-1024x682.jpeg 1024w, https:\/\/diarioprincipios.com\/wp-content\/uploads\/2022\/03\/MUSSI-ENCABEZO-LA-APERTURA-DE-SESIONES-EN-EL-HCD-2-300x200.jpeg 300w, https:\/\/diarioprincipios.com\/wp-content\/uploads\/2022\/03\/MUSSI-ENCABEZO-LA-APERTURA-DE-SESIONES-EN-EL-HCD-2-768x512.jpeg 768w, https:\/\/diarioprincipios.com\/wp-content\/uploads\/2022\/03\/MUSSI-ENCABEZO-LA-APERTURA-DE-SESIONES-EN-EL-HCD-2.jpeg 1280w\" sizes=\"auto, (max-width: 1024px) 100vw, 1024px\" \/><\/figure>\n\n\n\n<p>Tambi\u00e9n, el Intendente resalt\u00f3 otro eje de la gesti\u00f3n: \u201cSostenemos 28 disciplinas deportivas y este a\u00f1o se iniciar\u00e1 un torneo de f\u00fatbol femenino que va a llevar el nombre de Evita Capitana, con 1.800 inscriptos\u201d. Durante su discurso, Mussi indag\u00f3 si estaba mal lo que se hab\u00eda hecho en materia deportiva, y se pregunt\u00f3: \u201c\u00bfEst\u00e1 mal que pongamos en valor la pileta de nataci\u00f3n de Malter\u00eda, con una inversi\u00f3n de 36 millones de pesos? \u00bfEst\u00e1 mal que tengamos 3 playones multi deportivos en Ducilo, Pueblo Nuevo y Puerto Argentino, por 33 millones de pesos?\u201d.<\/p>\n\n\n\n<p>Por otra parte, destac\u00f3 la entrega de subsidios \u201cdel Gobierno bonaerense y municipal, por 21 millones de pesos, a instituciones que durante la pandemia debieron mantener sus espacios; seguimos con los cursos de capacitaci\u00f3n en 22 talleres para 3.330 alumnos; inauguramos 9 obras en instituciones y ya tenemos 6 m\u00e1s terminadas que todos pueden visitar\u201d.<\/p>\n\n\n\n<figure class=\"wp-block-image size-large\"><img loading=\"lazy\" decoding=\"async\" width=\"1024\" height=\"682\" src=\"https:\/\/diarioprincipios.com\/wp-content\/uploads\/2022\/03\/MUSSI-ENCABEZO-LA-APERTURA-DE-SESIONES-EN-EL-HCD-1-1024x682.jpeg\" alt=\"\" class=\"wp-image-12876\" srcset=\"https:\/\/diarioprincipios.com\/wp-content\/uploads\/2022\/03\/MUSSI-ENCABEZO-LA-APERTURA-DE-SESIONES-EN-EL-HCD-1-1024x682.jpeg 1024w, https:\/\/diarioprincipios.com\/wp-content\/uploads\/2022\/03\/MUSSI-ENCABEZO-LA-APERTURA-DE-SESIONES-EN-EL-HCD-1-300x200.jpeg 300w, https:\/\/diarioprincipios.com\/wp-content\/uploads\/2022\/03\/MUSSI-ENCABEZO-LA-APERTURA-DE-SESIONES-EN-EL-HCD-1-768x512.jpeg 768w, https:\/\/diarioprincipios.com\/wp-content\/uploads\/2022\/03\/MUSSI-ENCABEZO-LA-APERTURA-DE-SESIONES-EN-EL-HCD-1.jpeg 1280w\" sizes=\"auto, (max-width: 1024px) 100vw, 1024px\" \/><\/figure>\n\n\n\n<p>El Intendente destac\u00f3 que el Municipio cuenta con espacios de producci\u00f3n, como una bloquera (que confeccion\u00f3 30 mil bloques y 17 mil ladrillos); una carpinter\u00eda (que realiz\u00f3 524 muebles); y un taller de costura (que elabor\u00f3 65.328 prendas).<\/p>\n\n\n\n<p>Durante su discurso, el Jefe comunal record\u00f3 que el Municipio cuenta con \u201c44 Ecopuntos del Programa Berazategui Recicla y que este a\u00f1o se sumar\u00e1n 3. Gracias a estos espacios de reciclado, durante 2021 logramos reducir 3.700 toneladas de residuos del total que llevamos a la CEAMSE\u201d.<\/p>\n\n\n\n<p>\u201cCreamos la Subsecretar\u00eda de Juventudes; la de Culto y Derechos Humanos; y la de la Mujer\u201d, destac\u00f3 Mussi. Y en cuanto a la gesti\u00f3n cultural, afirm\u00f3: \u201cSe inaugur\u00f3 el Complejo La Humanitaria en Hudson, algo que nuestro pueblo valora much\u00edsimo; se est\u00e1 ampliando El Patio, se recuper\u00f3 La Casona de la Estaci\u00f3n de Ranelagh; se inaugur\u00f3 el Complejo Cultural La Calle para los j\u00f3venes y se remodel\u00f3 el Complejo Cultural Rigolleau. Adem\u00e1s, se est\u00e1 construyendo el Centro C\u00edvico, Cultural y Recreativo en Guti\u00e9rrez; seguiremos con el Programa Municipal de Alfabetizaci\u00f3n y este a\u00f1o -manifest\u00f3 con entusiasmo- volveremos a la Feria Nacional Berazategui Artesan\u00edas, a la del Libro, a la MAE, al Bera Rock y dem\u00e1s eventos, porque Berazategui no va a bajar los brazos en la pospandemia\u201d.<\/p>\n\n\n\n<p>En materia de Salud, el Intendente berazateguense destac\u00f3 las acciones de los Centros especializados. En el Centro Odontol\u00f3gico municipal y espacios perif\u00e9ricos se brindaron 80 mil prestaciones; se efectuaron 6 mil cirug\u00edas simples y 397 de alta complejidad. En tanto, en el Centro Oftalmol\u00f3gico San Camilo se hicieron 714 cirug\u00edas de cataratas; 457 cirug\u00edas de retina; 178 cirug\u00edas menores y 2 trasplantes de c\u00f3rnea, que desde 2008 hasta hoy suman 40. Tambi\u00e9n resalt\u00f3 la labor de la Cl\u00ednica Veterinaria Municipal, donde se realizaron 7.525 castraciones; se aplicaron 22 mil vacunas y se lograron 125 adopciones; as\u00ed como la ardua tarea del Centro Integral de Prevenci\u00f3n y Asistencia a las Violencias (CIPAV), que hizo posible la instalaci\u00f3n de 760 botones antip\u00e1nico. Y subray\u00f3: \u201c189 embarazadas con VIH, tratadas en nuestro Centro N\u00b0 8, tuvieron 189 hijos sanos\u201d.<\/p>\n\n\n\n<p>En Berazategui \u201cle seguiremos diciendo No a los asentamientos\u201d, exclam\u00f3. En materia habitacional, el intendente Mussi record\u00f3 que no permitir\u00e1 tomas de tierras p\u00fablicas ni privadas, y se\u00f1al\u00f3: \u201cEntregamos subsidios para mejorar viviendas y tenemos en marcha la entrega de cr\u00e9ditos a 30 a\u00f1os para construirlas y que tengan su techo propio\u201d.<\/p>\n\n\n\n<p>Respecto a las obras, prosigui\u00f3: \u201cLa Naci\u00f3n financi\u00f3 la pavimentaci\u00f3n de la avenida 21, de la 359, de Camino General Belgrano -que se inicia ahora pr\u00f3ximamente-, la avenida Los Omb\u00faes en su totalidad y la calle 22, entre otras. El Gobierno nacional invierte en Berazategui porque sabe que aqu\u00ed se hacen cosas y se hacen bien. El Gobierno de la Provincia financi\u00f3 la repavimentaci\u00f3n de la avenida Milazzo y de Sabin; de la calle 39 y la 413 de Guti\u00e9rrez, as\u00ed como tambi\u00e9n 5 desag\u00fces pluviales. Lo queremos agradecer\u201d. En tanto, anunci\u00f3 que \u201cpara 2022 tenemos programada, con el Gobierno bonaerense, la pavimentaci\u00f3n de la calle 27 e\/ 131 y Av. Dardo Rocha; de la 18 e\/ Av. Vergara y Av. Dardo Rocha; de la calle 635 e\/ 531 y 534 -El Pato-; y de la 163, en Pueblo Nuevo. Tambi\u00e9n iniciaremos la construcci\u00f3n del Centro C\u00edvico en El Pato\u201d.<\/p>\n\n\n\n<p>Por otra parte, record\u00f3 que durante la pandemia -con fondos municipales- \u201cse hicieron 20 plazas nuevas, repavimentamos Bustillo en su totalidad; y calles en Villa Mitre y el barrio Jacarand\u00e1\u201d. Y asever\u00f3: \u201cTambi\u00e9n continuaremos con el embellecimiento de las veredas de la Av. 14 en Berazategui Oeste. Se iniciar\u00e1n tareas de embellecimiento en las calles 13 y 15 de Berazategui Este; y continuaremos con la repavimentaci\u00f3n en Guti\u00e9rrez\u201d.<\/p>\n\n\n\n<figure class=\"wp-block-image size-large\"><img loading=\"lazy\" decoding=\"async\" width=\"1024\" height=\"682\" src=\"https:\/\/diarioprincipios.com\/wp-content\/uploads\/2022\/03\/MUSSI-ENCABEZO-LA-APERTURA-DE-SESIONES-EN-EL-HCD-3-1-1024x682.jpeg\" alt=\"\" class=\"wp-image-12879\" srcset=\"https:\/\/diarioprincipios.com\/wp-content\/uploads\/2022\/03\/MUSSI-ENCABEZO-LA-APERTURA-DE-SESIONES-EN-EL-HCD-3-1-1024x682.jpeg 1024w, https:\/\/diarioprincipios.com\/wp-content\/uploads\/2022\/03\/MUSSI-ENCABEZO-LA-APERTURA-DE-SESIONES-EN-EL-HCD-3-1-300x200.jpeg 300w, https:\/\/diarioprincipios.com\/wp-content\/uploads\/2022\/03\/MUSSI-ENCABEZO-LA-APERTURA-DE-SESIONES-EN-EL-HCD-3-1-768x512.jpeg 768w, https:\/\/diarioprincipios.com\/wp-content\/uploads\/2022\/03\/MUSSI-ENCABEZO-LA-APERTURA-DE-SESIONES-EN-EL-HCD-3-1.jpeg 1280w\" sizes=\"auto, (max-width: 1024px) 100vw, 1024px\" \/><\/figure>\n\n\n\n<p>En cuanto a aspectos de la gesti\u00f3n que destacan al distrito, el Intendente describi\u00f3: \u201cNo renovaremos contratos a trabajadores municipales que no demuestren apego a la cultura del trabajo, compromiso y cumplimiento en la tarea de atender bien los problemas de los vecinos. Aqu\u00ed se pagan los salarios y aguinaldos en t\u00e9rmino, este es un Municipio desendeudado que aument\u00f3 los salarios en un 1% por arriba de la inflaci\u00f3n (52% de aumento en los salarios en todos los niveles) y en el a\u00f1o en curso ser\u00e1 lo mismo. Se aumentar\u00e1 el sueldo de los trabajadores municipales un punto por arriba de la inflaci\u00f3n\u201d.<\/p>\n\n\n\n<p>A continuaci\u00f3n, Mussi declar\u00f3: \u201cQuiero que sepan que Berazategui apoya el acuerdo con el Fondo Monetario Internacional, aunque consideramos que es una deuda infame, pero entendemos que no hab\u00eda otra alternativa\u201d. Y en ese sentido, el Intendente afirm\u00f3 que quiere que la justicia investigue c\u00f3mo fue la toma de la deuda.<\/p>\n\n\n\n<p>Y expres\u00f3 con firmeza: \u201cNo estamos de acuerdo con ninguna guerra, nunca lo aceptar\u00eda como m\u00e9dico o Intendente municipal; no estamos de acuerdo con la invasi\u00f3n rusa a Ucrania. S\u00ed tengo que decir que me pareci\u00f3 correcta la posici\u00f3n de la OTAN, pero cu\u00e1nto nos hubiera gustado que tomaran esa posici\u00f3n cuando los ingleses invadieron nuestras Malvinas\u201d. Asimismo, sum\u00f3: \u201cQuiero que sepan que Berazategui envi\u00f3 v\u00edveres y elementos a Corrientes, solidariz\u00e1ndonos con la desgracia de los correntinos\u201d.<br><br>Finalmente, el Jefe comunal agradeci\u00f3 a todos aquellos que conforman el Concejo Deliberante local y convoc\u00f3 al di\u00e1logo. \u201cCon discrepancias casi siempre l\u00f3gicas, hemos llegado: Berazategui est\u00e1 en pie. Pero nos necesita a todos y yo no quiero que aqu\u00ed seamos un espejo de lo que sucede en otros niveles de la pol\u00edtica, con esa confrontaci\u00f3n, esa grieta y ese \u2018todo est\u00e1 mal\u2019 que no puede seguir. Llamo a todos a la reflexi\u00f3n; seguramente todo esto que les acabo de enumerar est\u00e1 bien, pero para muchos debe estar mal. Y, por ah\u00ed, para algunos estar\u00e1 bien que nos hayan espiado, pero creo que para la inmensa mayor\u00eda est\u00e1 mal. Lo \u00fanico que les pido es que saltemos el charco que nos separa con todos aquellos que tienen buenas intenciones. \u00bfO alg\u00fan berazateguense puede pensar que a mis 81 a\u00f1os vengo con malas intenciones a gobernar este pueblo?\u201d<br><br>En la misma l\u00ednea, agreg\u00f3: \u201cYo convoco a todos sin excepci\u00f3n, porque tenemos que ponernos de acuerdo en las cosas m\u00ednimas que necesitan nuestros vecinos de Berazategui. Si en todos los lugares se hiciera eso, la Provincia y el pa\u00eds estar\u00edan mejor. Particularmente, sigo agradeciendo al Concejo Deliberante por lo hecho durante este a\u00f1o y quiero, si Dios quiere, repetir el a\u00f1o que viene este agradecimiento\u201d. Y, ante el encendido aplauso de los presentes, concluy\u00f3: \u201cAlgunos, que se quieren encaramar en la pol\u00edtica, dicen \u2018Mussi est\u00e1 viejo\u2019. Y yo acepto que estoy viejo, pero a ellos les digo que nada m\u00e1s viejo que el viento y sigue soplando\u201d.<br><br>Una vez concluido el discurso del Intendente municipal, Marcelo Romio -presidente del HCD- asegur\u00f3: \u201cPudimos reconocer y ver todo lo que Berazategui hace y viene haciendo. Concejales y concejalas que representamos al Frente de Todos vamos a dejar todo para que los vecinos y vecinas de Berazategui cada vez vivan mejor\u201d.<br><br>En el recinto del HCD hubo funcionarios del Gabinete municipal, invitados especiales, y representantes de distintas instituciones berazateguenses. Asimismo, aportando su cl\u00e1sico color y calor a la jornada, un gran n\u00famero de militantes siguieron el discurso en las afueras del establecimiento.<\/p>\n","protected":false},"excerpt":{"rendered":"<p>El intendente municipal, Juan Jos\u00e9 Mussi, inaugur\u00f3 el 49\u00b0 per\u00edodo de Sesiones Ordinarias del Honorable Concejo Deliberante (HCD) de Berazategui. Durante su discurso, enumer\u00f3 las acciones desarrolladas por el Municipio en 2021, destacando fundamentalmente lo realizado en materia de salud frente a la pandemia, las medidas implementadas para mejorar el servicio de agua potable en&#8230;<\/p>\n","protected":false},"author":2,"featured_media":12878,"comment_status":"open","ping_status":"open","sticky":false,"template":"","format":"standard","meta":{"footnotes":""},"categories":[3],"tags":[],"class_list":["post-12871","post","type-post","status-publish","format-standard","has-post-thumbnail","hentry","category-berazategui"],"featured_image_src":"https:\/\/diarioprincipios.com\/wp-content\/uploads\/2022\/03\/MUSSI-ENCABEZO-LA-APERTURA-DE-SESIONES-EN-EL-HCD-6-1024x682.jpeg","blog_images":{"medium":"https:\/\/diarioprincipios.com\/wp-content\/uploads\/2022\/03\/MUSSI-ENCABEZO-LA-APERTURA-DE-SESIONES-EN-EL-HCD-6-300x200.jpeg","large":"https:\/\/diarioprincipios.com\/wp-content\/uploads\/2022\/03\/MUSSI-ENCABEZO-LA-APERTURA-DE-SESIONES-EN-EL-HCD-6-1024x682.jpeg"},"ams_acf":[],"yoast_head":"<!-- This site is optimized with the Yoast SEO plugin v27.3 - https:\/\/yoast.com\/product\/yoast-seo-wordpress\/ -->\n<title>Mussi encabez\u00f3 la Apertura de Sesiones en el HCD con importantes definiciones - Principios<\/title>\n<meta name=\"robots\" content=\"index, follow, max-snippet:-1, max-image-preview:large, max-video-preview:-1\" \/>\n<link rel=\"canonical\" href=\"https:\/\/diarioprincipios.com\/index.php\/2022\/03\/04\/mussi-encabezo-la-apertura-de-sesiones-en-el-hcd-con-importantes-definiciones\/\" \/>\n<meta property=\"og:locale\" content=\"es_ES\" \/>\n<meta property=\"og:type\" content=\"article\" \/>\n<meta property=\"og:title\" content=\"Mussi encabez\u00f3 la Apertura de Sesiones en el HCD con importantes definiciones - Principios\" \/>\n<meta property=\"og:description\" content=\"El intendente municipal, Juan Jos\u00e9 Mussi, inaugur\u00f3 el 49\u00b0 per\u00edodo de Sesiones Ordinarias del Honorable Concejo Deliberante (HCD) de Berazategui. Durante su discurso, enumer\u00f3 las acciones desarrolladas por el Municipio en 2021, destacando fundamentalmente lo realizado en materia de salud frente a la pandemia, las medidas implementadas para mejorar el servicio de agua potable en...\" \/>\n<meta property=\"og:url\" content=\"https:\/\/diarioprincipios.com\/index.php\/2022\/03\/04\/mussi-encabezo-la-apertura-de-sesiones-en-el-hcd-con-importantes-definiciones\/\" \/>\n<meta property=\"og:site_name\" content=\"Principios\" \/>\n<meta property=\"article:published_time\" content=\"2022-03-04T10:49:28+00:00\" \/>\n<meta property=\"article:modified_time\" content=\"2022-03-04T10:49:35+00:00\" \/>\n<meta property=\"og:image\" content=\"https:\/\/diarioprincipios.com\/wp-content\/uploads\/2022\/03\/MUSSI-ENCABEZO-LA-APERTURA-DE-SESIONES-EN-EL-HCD-6.jpeg\" \/>\n\t<meta property=\"og:image:width\" content=\"1280\" \/>\n\t<meta property=\"og:image:height\" content=\"853\" \/>\n\t<meta property=\"og:image:type\" content=\"image\/jpeg\" \/>\n<meta name=\"author\" content=\"Hern\u00e1n L\u00f3pez\" \/>\n<meta name=\"twitter:card\" content=\"summary_large_image\" \/>\n<meta name=\"twitter:label1\" content=\"Escrito por\" \/>\n\t<meta name=\"twitter:data1\" content=\"Hern\u00e1n L\u00f3pez\" \/>\n\t<meta name=\"twitter:label2\" content=\"Tiempo de lectura\" \/>\n\t<meta name=\"twitter:data2\" content=\"11 minutos\" \/>\n<script type=\"application\/ld+json\" class=\"yoast-schema-graph\">{\"@context\":\"https:\\\/\\\/schema.org\",\"@graph\":[{\"@type\":\"Article\",\"@id\":\"https:\\\/\\\/diarioprincipios.com\\\/index.php\\\/2022\\\/03\\\/04\\\/mussi-encabezo-la-apertura-de-sesiones-en-el-hcd-con-importantes-definiciones\\\/#article\",\"isPartOf\":{\"@id\":\"https:\\\/\\\/diarioprincipios.com\\\/index.php\\\/2022\\\/03\\\/04\\\/mussi-encabezo-la-apertura-de-sesiones-en-el-hcd-con-importantes-definiciones\\\/\"},\"author\":{\"name\":\"Hern\u00e1n L\u00f3pez\",\"@id\":\"https:\\\/\\\/diarioprincipios.com\\\/#\\\/schema\\\/person\\\/436d5a1fd41a5e250e23ff5a6a7cb080\"},\"headline\":\"Mussi encabez\u00f3 la Apertura de Sesiones en el HCD con importantes definiciones\",\"datePublished\":\"2022-03-04T10:49:28+00:00\",\"dateModified\":\"2022-03-04T10:49:35+00:00\",\"mainEntityOfPage\":{\"@id\":\"https:\\\/\\\/diarioprincipios.com\\\/index.php\\\/2022\\\/03\\\/04\\\/mussi-encabezo-la-apertura-de-sesiones-en-el-hcd-con-importantes-definiciones\\\/\"},\"wordCount\":2023,\"commentCount\":0,\"publisher\":{\"@id\":\"https:\\\/\\\/diarioprincipios.com\\\/#organization\"},\"image\":{\"@id\":\"https:\\\/\\\/diarioprincipios.com\\\/index.php\\\/2022\\\/03\\\/04\\\/mussi-encabezo-la-apertura-de-sesiones-en-el-hcd-con-importantes-definiciones\\\/#primaryimage\"},\"thumbnailUrl\":\"https:\\\/\\\/diarioprincipios.com\\\/wp-content\\\/uploads\\\/2022\\\/03\\\/MUSSI-ENCABEZO-LA-APERTURA-DE-SESIONES-EN-EL-HCD-6.jpeg\",\"articleSection\":[\"Berazategui\"],\"inLanguage\":\"es\",\"potentialAction\":[{\"@type\":\"CommentAction\",\"name\":\"Comment\",\"target\":[\"https:\\\/\\\/diarioprincipios.com\\\/index.php\\\/2022\\\/03\\\/04\\\/mussi-encabezo-la-apertura-de-sesiones-en-el-hcd-con-importantes-definiciones\\\/#respond\"]}]},{\"@type\":\"WebPage\",\"@id\":\"https:\\\/\\\/diarioprincipios.com\\\/index.php\\\/2022\\\/03\\\/04\\\/mussi-encabezo-la-apertura-de-sesiones-en-el-hcd-con-importantes-definiciones\\\/\",\"url\":\"https:\\\/\\\/diarioprincipios.com\\\/index.php\\\/2022\\\/03\\\/04\\\/mussi-encabezo-la-apertura-de-sesiones-en-el-hcd-con-importantes-definiciones\\\/\",\"name\":\"Mussi encabez\u00f3 la Apertura de Sesiones en el HCD con importantes definiciones - Principios\",\"isPartOf\":{\"@id\":\"https:\\\/\\\/diarioprincipios.com\\\/#website\"},\"primaryImageOfPage\":{\"@id\":\"https:\\\/\\\/diarioprincipios.com\\\/index.php\\\/2022\\\/03\\\/04\\\/mussi-encabezo-la-apertura-de-sesiones-en-el-hcd-con-importantes-definiciones\\\/#primaryimage\"},\"image\":{\"@id\":\"https:\\\/\\\/diarioprincipios.com\\\/index.php\\\/2022\\\/03\\\/04\\\/mussi-encabezo-la-apertura-de-sesiones-en-el-hcd-con-importantes-definiciones\\\/#primaryimage\"},\"thumbnailUrl\":\"https:\\\/\\\/diarioprincipios.com\\\/wp-content\\\/uploads\\\/2022\\\/03\\\/MUSSI-ENCABEZO-LA-APERTURA-DE-SESIONES-EN-EL-HCD-6.jpeg\",\"datePublished\":\"2022-03-04T10:49:28+00:00\",\"dateModified\":\"2022-03-04T10:49:35+00:00\",\"breadcrumb\":{\"@id\":\"https:\\\/\\\/diarioprincipios.com\\\/index.php\\\/2022\\\/03\\\/04\\\/mussi-encabezo-la-apertura-de-sesiones-en-el-hcd-con-importantes-definiciones\\\/#breadcrumb\"},\"inLanguage\":\"es\",\"potentialAction\":[{\"@type\":\"ReadAction\",\"target\":[\"https:\\\/\\\/diarioprincipios.com\\\/index.php\\\/2022\\\/03\\\/04\\\/mussi-encabezo-la-apertura-de-sesiones-en-el-hcd-con-importantes-definiciones\\\/\"]}]},{\"@type\":\"ImageObject\",\"inLanguage\":\"es\",\"@id\":\"https:\\\/\\\/diarioprincipios.com\\\/index.php\\\/2022\\\/03\\\/04\\\/mussi-encabezo-la-apertura-de-sesiones-en-el-hcd-con-importantes-definiciones\\\/#primaryimage\",\"url\":\"https:\\\/\\\/diarioprincipios.com\\\/wp-content\\\/uploads\\\/2022\\\/03\\\/MUSSI-ENCABEZO-LA-APERTURA-DE-SESIONES-EN-EL-HCD-6.jpeg\",\"contentUrl\":\"https:\\\/\\\/diarioprincipios.com\\\/wp-content\\\/uploads\\\/2022\\\/03\\\/MUSSI-ENCABEZO-LA-APERTURA-DE-SESIONES-EN-EL-HCD-6.jpeg\",\"width\":1280,\"height\":853},{\"@type\":\"BreadcrumbList\",\"@id\":\"https:\\\/\\\/diarioprincipios.com\\\/index.php\\\/2022\\\/03\\\/04\\\/mussi-encabezo-la-apertura-de-sesiones-en-el-hcd-con-importantes-definiciones\\\/#breadcrumb\",\"itemListElement\":[{\"@type\":\"ListItem\",\"position\":1,\"name\":\"Portada\",\"item\":\"https:\\\/\\\/diarioprincipios.com\\\/\"},{\"@type\":\"ListItem\",\"position\":2,\"name\":\"Mussi encabez\u00f3 la Apertura de Sesiones en el HCD con importantes definiciones\"}]},{\"@type\":\"WebSite\",\"@id\":\"https:\\\/\\\/diarioprincipios.com\\\/#website\",\"url\":\"https:\\\/\\\/diarioprincipios.com\\\/\",\"name\":\"Principios\",\"description\":\"Principios Diario\",\"publisher\":{\"@id\":\"https:\\\/\\\/diarioprincipios.com\\\/#organization\"},\"potentialAction\":[{\"@type\":\"SearchAction\",\"target\":{\"@type\":\"EntryPoint\",\"urlTemplate\":\"https:\\\/\\\/diarioprincipios.com\\\/?s={search_term_string}\"},\"query-input\":{\"@type\":\"PropertyValueSpecification\",\"valueRequired\":true,\"valueName\":\"search_term_string\"}}],\"inLanguage\":\"es\"},{\"@type\":\"Organization\",\"@id\":\"https:\\\/\\\/diarioprincipios.com\\\/#organization\",\"name\":\"Principios\",\"url\":\"https:\\\/\\\/diarioprincipios.com\\\/\",\"logo\":{\"@type\":\"ImageObject\",\"inLanguage\":\"es\",\"@id\":\"https:\\\/\\\/diarioprincipios.com\\\/#\\\/schema\\\/logo\\\/image\\\/\",\"url\":\"https:\\\/\\\/diarioprincipios.com\\\/wp-content\\\/uploads\\\/2024\\\/04\\\/cropped-www.diarioprincipios.com_-1.png\",\"contentUrl\":\"https:\\\/\\\/diarioprincipios.com\\\/wp-content\\\/uploads\\\/2024\\\/04\\\/cropped-www.diarioprincipios.com_-1.png\",\"width\":5325,\"height\":1454,\"caption\":\"Principios\"},\"image\":{\"@id\":\"https:\\\/\\\/diarioprincipios.com\\\/#\\\/schema\\\/logo\\\/image\\\/\"}},{\"@type\":\"Person\",\"@id\":\"https:\\\/\\\/diarioprincipios.com\\\/#\\\/schema\\\/person\\\/436d5a1fd41a5e250e23ff5a6a7cb080\",\"name\":\"Hern\u00e1n L\u00f3pez\",\"image\":{\"@type\":\"ImageObject\",\"inLanguage\":\"es\",\"@id\":\"https:\\\/\\\/diarioprincipios.com\\\/wp-content\\\/litespeed\\\/avatar\\\/11ddfe5610ff3bd100522525b2571f48.jpg?ver=1777653193\",\"url\":\"https:\\\/\\\/diarioprincipios.com\\\/wp-content\\\/litespeed\\\/avatar\\\/11ddfe5610ff3bd100522525b2571f48.jpg?ver=1777653193\",\"contentUrl\":\"https:\\\/\\\/diarioprincipios.com\\\/wp-content\\\/litespeed\\\/avatar\\\/11ddfe5610ff3bd100522525b2571f48.jpg?ver=1777653193\",\"caption\":\"Hern\u00e1n L\u00f3pez\"},\"url\":\"https:\\\/\\\/diarioprincipios.com\\\/index.php\\\/author\\\/hernan\\\/\"}]}<\/script>\n<!-- \/ Yoast SEO plugin. -->","yoast_head_json":{"title":"Mussi encabez\u00f3 la Apertura de Sesiones en el HCD con importantes definiciones - Principios","robots":{"index":"index","follow":"follow","max-snippet":"max-snippet:-1","max-image-preview":"max-image-preview:large","max-video-preview":"max-video-preview:-1"},"canonical":"https:\/\/diarioprincipios.com\/index.php\/2022\/03\/04\/mussi-encabezo-la-apertura-de-sesiones-en-el-hcd-con-importantes-definiciones\/","og_locale":"es_ES","og_type":"article","og_title":"Mussi encabez\u00f3 la Apertura de Sesiones en el HCD con importantes definiciones - Principios","og_description":"El intendente municipal, Juan Jos\u00e9 Mussi, inaugur\u00f3 el 49\u00b0 per\u00edodo de Sesiones Ordinarias del Honorable Concejo Deliberante (HCD) de Berazategui. Durante su discurso, enumer\u00f3 las acciones desarrolladas por el Municipio en 2021, destacando fundamentalmente lo realizado en materia de salud frente a la pandemia, las medidas implementadas para mejorar el servicio de agua potable en...","og_url":"https:\/\/diarioprincipios.com\/index.php\/2022\/03\/04\/mussi-encabezo-la-apertura-de-sesiones-en-el-hcd-con-importantes-definiciones\/","og_site_name":"Principios","article_published_time":"2022-03-04T10:49:28+00:00","article_modified_time":"2022-03-04T10:49:35+00:00","og_image":[{"width":1280,"height":853,"url":"https:\/\/diarioprincipios.com\/wp-content\/uploads\/2022\/03\/MUSSI-ENCABEZO-LA-APERTURA-DE-SESIONES-EN-EL-HCD-6.jpeg","type":"image\/jpeg"}],"author":"Hern\u00e1n L\u00f3pez","twitter_card":"summary_large_image","twitter_misc":{"Escrito por":"Hern\u00e1n L\u00f3pez","Tiempo de lectura":"11 minutos"},"schema":{"@context":"https:\/\/schema.org","@graph":[{"@type":"Article","@id":"https:\/\/diarioprincipios.com\/index.php\/2022\/03\/04\/mussi-encabezo-la-apertura-de-sesiones-en-el-hcd-con-importantes-definiciones\/#article","isPartOf":{"@id":"https:\/\/diarioprincipios.com\/index.php\/2022\/03\/04\/mussi-encabezo-la-apertura-de-sesiones-en-el-hcd-con-importantes-definiciones\/"},"author":{"name":"Hern\u00e1n L\u00f3pez","@id":"https:\/\/diarioprincipios.com\/#\/schema\/person\/436d5a1fd41a5e250e23ff5a6a7cb080"},"headline":"Mussi encabez\u00f3 la Apertura de Sesiones en el HCD con importantes definiciones","datePublished":"2022-03-04T10:49:28+00:00","dateModified":"2022-03-04T10:49:35+00:00","mainEntityOfPage":{"@id":"https:\/\/diarioprincipios.com\/index.php\/2022\/03\/04\/mussi-encabezo-la-apertura-de-sesiones-en-el-hcd-con-importantes-definiciones\/"},"wordCount":2023,"commentCount":0,"publisher":{"@id":"https:\/\/diarioprincipios.com\/#organization"},"image":{"@id":"https:\/\/diarioprincipios.com\/index.php\/2022\/03\/04\/mussi-encabezo-la-apertura-de-sesiones-en-el-hcd-con-importantes-definiciones\/#primaryimage"},"thumbnailUrl":"https:\/\/diarioprincipios.com\/wp-content\/uploads\/2022\/03\/MUSSI-ENCABEZO-LA-APERTURA-DE-SESIONES-EN-EL-HCD-6.jpeg","articleSection":["Berazategui"],"inLanguage":"es","potentialAction":[{"@type":"CommentAction","name":"Comment","target":["https:\/\/diarioprincipios.com\/index.php\/2022\/03\/04\/mussi-encabezo-la-apertura-de-sesiones-en-el-hcd-con-importantes-definiciones\/#respond"]}]},{"@type":"WebPage","@id":"https:\/\/diarioprincipios.com\/index.php\/2022\/03\/04\/mussi-encabezo-la-apertura-de-sesiones-en-el-hcd-con-importantes-definiciones\/","url":"https:\/\/diarioprincipios.com\/index.php\/2022\/03\/04\/mussi-encabezo-la-apertura-de-sesiones-en-el-hcd-con-importantes-definiciones\/","name":"Mussi encabez\u00f3 la Apertura de Sesiones en el HCD con importantes definiciones - Principios","isPartOf":{"@id":"https:\/\/diarioprincipios.com\/#website"},"primaryImageOfPage":{"@id":"https:\/\/diarioprincipios.com\/index.php\/2022\/03\/04\/mussi-encabezo-la-apertura-de-sesiones-en-el-hcd-con-importantes-definiciones\/#primaryimage"},"image":{"@id":"https:\/\/diarioprincipios.com\/index.php\/2022\/03\/04\/mussi-encabezo-la-apertura-de-sesiones-en-el-hcd-con-importantes-definiciones\/#primaryimage"},"thumbnailUrl":"https:\/\/diarioprincipios.com\/wp-content\/uploads\/2022\/03\/MUSSI-ENCABEZO-LA-APERTURA-DE-SESIONES-EN-EL-HCD-6.jpeg","datePublished":"2022-03-04T10:49:28+00:00","dateModified":"2022-03-04T10:49:35+00:00","breadcrumb":{"@id":"https:\/\/diarioprincipios.com\/index.php\/2022\/03\/04\/mussi-encabezo-la-apertura-de-sesiones-en-el-hcd-con-importantes-definiciones\/#breadcrumb"},"inLanguage":"es","potentialAction":[{"@type":"ReadAction","target":["https:\/\/diarioprincipios.com\/index.php\/2022\/03\/04\/mussi-encabezo-la-apertura-de-sesiones-en-el-hcd-con-importantes-definiciones\/"]}]},{"@type":"ImageObject","inLanguage":"es","@id":"https:\/\/diarioprincipios.com\/index.php\/2022\/03\/04\/mussi-encabezo-la-apertura-de-sesiones-en-el-hcd-con-importantes-definiciones\/#primaryimage","url":"https:\/\/diarioprincipios.com\/wp-content\/uploads\/2022\/03\/MUSSI-ENCABEZO-LA-APERTURA-DE-SESIONES-EN-EL-HCD-6.jpeg","contentUrl":"https:\/\/diarioprincipios.com\/wp-content\/uploads\/2022\/03\/MUSSI-ENCABEZO-LA-APERTURA-DE-SESIONES-EN-EL-HCD-6.jpeg","width":1280,"height":853},{"@type":"BreadcrumbList","@id":"https:\/\/diarioprincipios.com\/index.php\/2022\/03\/04\/mussi-encabezo-la-apertura-de-sesiones-en-el-hcd-con-importantes-definiciones\/#breadcrumb","itemListElement":[{"@type":"ListItem","position":1,"name":"Portada","item":"https:\/\/diarioprincipios.com\/"},{"@type":"ListItem","position":2,"name":"Mussi encabez\u00f3 la Apertura de Sesiones en el HCD con importantes definiciones"}]},{"@type":"WebSite","@id":"https:\/\/diarioprincipios.com\/#website","url":"https:\/\/diarioprincipios.com\/","name":"Principios","description":"Principios Diario","publisher":{"@id":"https:\/\/diarioprincipios.com\/#organization"},"potentialAction":[{"@type":"SearchAction","target":{"@type":"EntryPoint","urlTemplate":"https:\/\/diarioprincipios.com\/?s={search_term_string}"},"query-input":{"@type":"PropertyValueSpecification","valueRequired":true,"valueName":"search_term_string"}}],"inLanguage":"es"},{"@type":"Organization","@id":"https:\/\/diarioprincipios.com\/#organization","name":"Principios","url":"https:\/\/diarioprincipios.com\/","logo":{"@type":"ImageObject","inLanguage":"es","@id":"https:\/\/diarioprincipios.com\/#\/schema\/logo\/image\/","url":"https:\/\/diarioprincipios.com\/wp-content\/uploads\/2024\/04\/cropped-www.diarioprincipios.com_-1.png","contentUrl":"https:\/\/diarioprincipios.com\/wp-content\/uploads\/2024\/04\/cropped-www.diarioprincipios.com_-1.png","width":5325,"height":1454,"caption":"Principios"},"image":{"@id":"https:\/\/diarioprincipios.com\/#\/schema\/logo\/image\/"}},{"@type":"Person","@id":"https:\/\/diarioprincipios.com\/#\/schema\/person\/436d5a1fd41a5e250e23ff5a6a7cb080","name":"Hern\u00e1n L\u00f3pez","image":{"@type":"ImageObject","inLanguage":"es","@id":"https:\/\/diarioprincipios.com\/wp-content\/litespeed\/avatar\/11ddfe5610ff3bd100522525b2571f48.jpg?ver=1777653193","url":"https:\/\/diarioprincipios.com\/wp-content\/litespeed\/avatar\/11ddfe5610ff3bd100522525b2571f48.jpg?ver=1777653193","contentUrl":"https:\/\/diarioprincipios.com\/wp-content\/litespeed\/avatar\/11ddfe5610ff3bd100522525b2571f48.jpg?ver=1777653193","caption":"Hern\u00e1n L\u00f3pez"},"url":"https:\/\/diarioprincipios.com\/index.php\/author\/hernan\/"}]}},"jetpack_featured_media_url":"https:\/\/diarioprincipios.com\/wp-content\/uploads\/2022\/03\/MUSSI-ENCABEZO-LA-APERTURA-DE-SESIONES-EN-EL-HCD-6.jpeg","_links":{"self":[{"href":"https:\/\/diarioprincipios.com\/index.php\/wp-json\/wp\/v2\/posts\/12871","targetHints":{"allow":["GET"]}}],"collection":[{"href":"https:\/\/diarioprincipios.com\/index.php\/wp-json\/wp\/v2\/posts"}],"about":[{"href":"https:\/\/diarioprincipios.com\/index.php\/wp-json\/wp\/v2\/types\/post"}],"author":[{"embeddable":true,"href":"https:\/\/diarioprincipios.com\/index.php\/wp-json\/wp\/v2\/users\/2"}],"replies":[{"embeddable":true,"href":"https:\/\/diarioprincipios.com\/index.php\/wp-json\/wp\/v2\/comments?post=12871"}],"version-history":[{"count":1,"href":"https:\/\/diarioprincipios.com\/index.php\/wp-json\/wp\/v2\/posts\/12871\/revisions"}],"predecessor-version":[{"id":12880,"href":"https:\/\/diarioprincipios.com\/index.php\/wp-json\/wp\/v2\/posts\/12871\/revisions\/12880"}],"wp:featuredmedia":[{"embeddable":true,"href":"https:\/\/diarioprincipios.com\/index.php\/wp-json\/wp\/v2\/media\/12878"}],"wp:attachment":[{"href":"https:\/\/diarioprincipios.com\/index.php\/wp-json\/wp\/v2\/media?parent=12871"}],"wp:term":[{"taxonomy":"category","embeddable":true,"href":"https:\/\/diarioprincipios.com\/index.php\/wp-json\/wp\/v2\/categories?post=12871"},{"taxonomy":"post_tag","embeddable":true,"href":"https:\/\/diarioprincipios.com\/index.php\/wp-json\/wp\/v2\/tags?post=12871"}],"curies":[{"name":"wp","href":"https:\/\/api.w.org\/{rel}","templated":true}]}}