{"id":1284,"date":"2020-05-06T23:14:39","date_gmt":"2020-05-06T23:14:39","guid":{"rendered":"http:\/\/diarioprincipios.com\/?p=1284"},"modified":"2020-05-06T23:14:41","modified_gmt":"2020-05-06T23:14:41","slug":"sintomas-del-coronavirus-covid-19","status":"publish","type":"post","link":"https:\/\/diarioprincipios.com\/index.php\/2020\/05\/06\/sintomas-del-coronavirus-covid-19\/","title":{"rendered":"S\u00edntomas del Coronavirus (COVID 19)"},"content":{"rendered":"\n<p><strong>La Municipalidad de Berazategui, a trav\u00e9s de su Secretar\u00eda de Salud, informa la actualizaci\u00f3n de la definici\u00f3n de caso sospechoso de Coronavirus (COVID-19), dictada por el Ministerio de Salud de la Naci\u00f3n.<br><\/strong><br>De esta manera, se suman nuevos criterios para sospechar la enfermedad:<\/p>\n\n\n\n<p>&#8211; Dificultad para detectar el gusto y los olores.<br>&#8211; Fiebre a partir de los 37.5 grados cent\u00edgrados.<\/p>\n\n\n\n<p>Espec\u00edficamente, la nueva definici\u00f3n de caso sospechoso de COVID-19 incluye a toda persona que presente fiebre a partir de 37.5 C\u00ba, y uno o m\u00e1s de los siguientes s\u00edntomas: tos, dolor de garganta, dificultad respiratoria, falta de olfato o gusto (anosmia\/disgeusia) sin otra enfermedad que explique completamente el cuadro cl\u00ednico.<\/p>\n\n\n\n<p>Sobre esta cuesti\u00f3n, el intendente de Berazategui, Juan Jos\u00e9 Mussi, enfatiz\u00f3 que si llegaran a tener alguno de los s\u00edntomas caracter\u00edsticos del Coronavirus \u201cinmediatamente comun\u00edquense al 148, no importa la hora, pero por favor no se automediquen, porque les bajar\u00e1 la fiebre pero la enfermedad seguir\u00e1 estando\u201d.<\/p>\n\n\n\n<p>A las caracter\u00edsticas mencionadas, se les debe sumar si esa persona estuvo en los \u00faltimos 14 d\u00edas en contacto con casos confirmados o probables de COVID-19; o tiene un antecedente de viaje internacional; o un historial de viaje o residencia en nuestro pa\u00eds en zonas de transmisi\u00f3n local de COVID-19, ya sea comunitaria o por conglomerados.<\/p>\n\n\n\n<p>Seg\u00fan el Ministerio de Salud de Naci\u00f3n, hay cuatro criterios para definir si una persona debe ser testeada:<\/p>\n\n\n\n<p>&#8211; Aquel que tenga tos, dolor de garganta, dificultad para respirar, y p\u00e9rdida de olfato y gusto.<br>&#8211; Todo paciente con diagn\u00f3stico cl\u00ednico y radiol\u00f3gico de neumon\u00eda, y sin otra etiolog\u00eda que explique el cuadro cl\u00ednico.<br>&#8211; Pacientes con p\u00e9rdida del olfato y gusto, sin otros s\u00edntomas o signos.<br>&#8211; El cuarto es para el personal de la salud y personal esencial: si presentan fiebre o al menos dos de los dem\u00e1s s\u00edntomas, con o sin fiebre, ser\u00e1n testeados.<\/p>\n\n\n\n<p>Es importante recordar que en caso de presentar alguno de los s\u00edntomas, aunque sean leves, no se debe acudir a las guardias m\u00e9dicas ni automedicarse. Se debe comunicar al 148 o al 107 del SAME las 24 horas.<\/p>\n","protected":false},"excerpt":{"rendered":"<p>La Municipalidad de Berazategui, a trav\u00e9s de su Secretar\u00eda de Salud, informa la actualizaci\u00f3n de la definici\u00f3n de caso sospechoso de Coronavirus (COVID-19), dictada por el Ministerio de Salud de la Naci\u00f3n.De esta manera, se suman nuevos criterios para sospechar la enfermedad: &#8211; Dificultad para detectar el gusto y los olores.&#8211; Fiebre a partir de&#8230;<\/p>\n","protected":false},"author":2,"featured_media":561,"comment_status":"open","ping_status":"open","sticky":false,"template":"","format":"standard","meta":{"footnotes":""},"categories":[3],"tags":[],"class_list":["post-1284","post","type-post","status-publish","format-standard","has-post-thumbnail","hentry","category-berazategui"],"featured_image_src":"https:\/\/diarioprincipios.com\/wp-content\/uploads\/2020\/03\/covid2-1024x576.jpg","blog_images":{"medium":"https:\/\/diarioprincipios.com\/wp-content\/uploads\/2020\/03\/covid2-300x169.jpg","large":"https:\/\/diarioprincipios.com\/wp-content\/uploads\/2020\/03\/covid2-1024x576.jpg"},"ams_acf":[],"yoast_head":"<!-- This site is optimized with the Yoast SEO plugin v27.3 - https:\/\/yoast.com\/product\/yoast-seo-wordpress\/ -->\n<title>S\u00edntomas del Coronavirus (COVID 19) - Principios<\/title>\n<meta name=\"robots\" content=\"index, follow, max-snippet:-1, max-image-preview:large, max-video-preview:-1\" \/>\n<link rel=\"canonical\" href=\"https:\/\/diarioprincipios.com\/index.php\/2020\/05\/06\/sintomas-del-coronavirus-covid-19\/\" \/>\n<meta property=\"og:locale\" content=\"es_ES\" \/>\n<meta property=\"og:type\" content=\"article\" \/>\n<meta property=\"og:title\" content=\"S\u00edntomas del Coronavirus (COVID 19) - Principios\" \/>\n<meta property=\"og:description\" content=\"La Municipalidad de Berazategui, a trav\u00e9s de su Secretar\u00eda de Salud, informa la actualizaci\u00f3n de la definici\u00f3n de caso sospechoso de Coronavirus (COVID-19), dictada por el Ministerio de Salud de la Naci\u00f3n.De esta manera, se suman nuevos criterios para sospechar la enfermedad: &#8211; Dificultad para detectar el gusto y los olores.&#8211; Fiebre a partir de...\" \/>\n<meta property=\"og:url\" content=\"https:\/\/diarioprincipios.com\/index.php\/2020\/05\/06\/sintomas-del-coronavirus-covid-19\/\" \/>\n<meta property=\"og:site_name\" content=\"Principios\" \/>\n<meta property=\"article:published_time\" content=\"2020-05-06T23:14:39+00:00\" \/>\n<meta property=\"article:modified_time\" content=\"2020-05-06T23:14:41+00:00\" \/>\n<meta property=\"og:image\" content=\"https:\/\/diarioprincipios.com\/wp-content\/uploads\/2020\/03\/covid2.jpg\" \/>\n\t<meta property=\"og:image:width\" content=\"1280\" \/>\n\t<meta property=\"og:image:height\" content=\"720\" \/>\n\t<meta property=\"og:image:type\" content=\"image\/jpeg\" \/>\n<meta name=\"author\" content=\"Hern\u00e1n L\u00f3pez\" \/>\n<meta name=\"twitter:card\" content=\"summary_large_image\" \/>\n<meta name=\"twitter:label1\" content=\"Escrito por\" \/>\n\t<meta name=\"twitter:data1\" content=\"Hern\u00e1n L\u00f3pez\" \/>\n\t<meta name=\"twitter:label2\" content=\"Tiempo de lectura\" \/>\n\t<meta name=\"twitter:data2\" content=\"2 minutos\" \/>\n<script type=\"application\/ld+json\" class=\"yoast-schema-graph\">{\"@context\":\"https:\\\/\\\/schema.org\",\"@graph\":[{\"@type\":\"Article\",\"@id\":\"https:\\\/\\\/diarioprincipios.com\\\/index.php\\\/2020\\\/05\\\/06\\\/sintomas-del-coronavirus-covid-19\\\/#article\",\"isPartOf\":{\"@id\":\"https:\\\/\\\/diarioprincipios.com\\\/index.php\\\/2020\\\/05\\\/06\\\/sintomas-del-coronavirus-covid-19\\\/\"},\"author\":{\"name\":\"Hern\u00e1n L\u00f3pez\",\"@id\":\"https:\\\/\\\/diarioprincipios.com\\\/#\\\/schema\\\/person\\\/436d5a1fd41a5e250e23ff5a6a7cb080\"},\"headline\":\"S\u00edntomas del Coronavirus (COVID 19)\",\"datePublished\":\"2020-05-06T23:14:39+00:00\",\"dateModified\":\"2020-05-06T23:14:41+00:00\",\"mainEntityOfPage\":{\"@id\":\"https:\\\/\\\/diarioprincipios.com\\\/index.php\\\/2020\\\/05\\\/06\\\/sintomas-del-coronavirus-covid-19\\\/\"},\"wordCount\":383,\"commentCount\":0,\"publisher\":{\"@id\":\"https:\\\/\\\/diarioprincipios.com\\\/#organization\"},\"image\":{\"@id\":\"https:\\\/\\\/diarioprincipios.com\\\/index.php\\\/2020\\\/05\\\/06\\\/sintomas-del-coronavirus-covid-19\\\/#primaryimage\"},\"thumbnailUrl\":\"https:\\\/\\\/diarioprincipios.com\\\/wp-content\\\/uploads\\\/2020\\\/03\\\/covid2.jpg\",\"articleSection\":[\"Berazategui\"],\"inLanguage\":\"es\",\"potentialAction\":[{\"@type\":\"CommentAction\",\"name\":\"Comment\",\"target\":[\"https:\\\/\\\/diarioprincipios.com\\\/index.php\\\/2020\\\/05\\\/06\\\/sintomas-del-coronavirus-covid-19\\\/#respond\"]}]},{\"@type\":\"WebPage\",\"@id\":\"https:\\\/\\\/diarioprincipios.com\\\/index.php\\\/2020\\\/05\\\/06\\\/sintomas-del-coronavirus-covid-19\\\/\",\"url\":\"https:\\\/\\\/diarioprincipios.com\\\/index.php\\\/2020\\\/05\\\/06\\\/sintomas-del-coronavirus-covid-19\\\/\",\"name\":\"S\u00edntomas del Coronavirus (COVID 19) - Principios\",\"isPartOf\":{\"@id\":\"https:\\\/\\\/diarioprincipios.com\\\/#website\"},\"primaryImageOfPage\":{\"@id\":\"https:\\\/\\\/diarioprincipios.com\\\/index.php\\\/2020\\\/05\\\/06\\\/sintomas-del-coronavirus-covid-19\\\/#primaryimage\"},\"image\":{\"@id\":\"https:\\\/\\\/diarioprincipios.com\\\/index.php\\\/2020\\\/05\\\/06\\\/sintomas-del-coronavirus-covid-19\\\/#primaryimage\"},\"thumbnailUrl\":\"https:\\\/\\\/diarioprincipios.com\\\/wp-content\\\/uploads\\\/2020\\\/03\\\/covid2.jpg\",\"datePublished\":\"2020-05-06T23:14:39+00:00\",\"dateModified\":\"2020-05-06T23:14:41+00:00\",\"breadcrumb\":{\"@id\":\"https:\\\/\\\/diarioprincipios.com\\\/index.php\\\/2020\\\/05\\\/06\\\/sintomas-del-coronavirus-covid-19\\\/#breadcrumb\"},\"inLanguage\":\"es\",\"potentialAction\":[{\"@type\":\"ReadAction\",\"target\":[\"https:\\\/\\\/diarioprincipios.com\\\/index.php\\\/2020\\\/05\\\/06\\\/sintomas-del-coronavirus-covid-19\\\/\"]}]},{\"@type\":\"ImageObject\",\"inLanguage\":\"es\",\"@id\":\"https:\\\/\\\/diarioprincipios.com\\\/index.php\\\/2020\\\/05\\\/06\\\/sintomas-del-coronavirus-covid-19\\\/#primaryimage\",\"url\":\"https:\\\/\\\/diarioprincipios.com\\\/wp-content\\\/uploads\\\/2020\\\/03\\\/covid2.jpg\",\"contentUrl\":\"https:\\\/\\\/diarioprincipios.com\\\/wp-content\\\/uploads\\\/2020\\\/03\\\/covid2.jpg\",\"width\":1280,\"height\":720},{\"@type\":\"BreadcrumbList\",\"@id\":\"https:\\\/\\\/diarioprincipios.com\\\/index.php\\\/2020\\\/05\\\/06\\\/sintomas-del-coronavirus-covid-19\\\/#breadcrumb\",\"itemListElement\":[{\"@type\":\"ListItem\",\"position\":1,\"name\":\"Portada\",\"item\":\"https:\\\/\\\/diarioprincipios.com\\\/\"},{\"@type\":\"ListItem\",\"position\":2,\"name\":\"S\u00edntomas del Coronavirus (COVID 19)\"}]},{\"@type\":\"WebSite\",\"@id\":\"https:\\\/\\\/diarioprincipios.com\\\/#website\",\"url\":\"https:\\\/\\\/diarioprincipios.com\\\/\",\"name\":\"Principios\",\"description\":\"Principios Diario\",\"publisher\":{\"@id\":\"https:\\\/\\\/diarioprincipios.com\\\/#organization\"},\"potentialAction\":[{\"@type\":\"SearchAction\",\"target\":{\"@type\":\"EntryPoint\",\"urlTemplate\":\"https:\\\/\\\/diarioprincipios.com\\\/?s={search_term_string}\"},\"query-input\":{\"@type\":\"PropertyValueSpecification\",\"valueRequired\":true,\"valueName\":\"search_term_string\"}}],\"inLanguage\":\"es\"},{\"@type\":\"Organization\",\"@id\":\"https:\\\/\\\/diarioprincipios.com\\\/#organization\",\"name\":\"Principios\",\"url\":\"https:\\\/\\\/diarioprincipios.com\\\/\",\"logo\":{\"@type\":\"ImageObject\",\"inLanguage\":\"es\",\"@id\":\"https:\\\/\\\/diarioprincipios.com\\\/#\\\/schema\\\/logo\\\/image\\\/\",\"url\":\"https:\\\/\\\/diarioprincipios.com\\\/wp-content\\\/uploads\\\/2024\\\/04\\\/cropped-www.diarioprincipios.com_-1.png\",\"contentUrl\":\"https:\\\/\\\/diarioprincipios.com\\\/wp-content\\\/uploads\\\/2024\\\/04\\\/cropped-www.diarioprincipios.com_-1.png\",\"width\":5325,\"height\":1454,\"caption\":\"Principios\"},\"image\":{\"@id\":\"https:\\\/\\\/diarioprincipios.com\\\/#\\\/schema\\\/logo\\\/image\\\/\"}},{\"@type\":\"Person\",\"@id\":\"https:\\\/\\\/diarioprincipios.com\\\/#\\\/schema\\\/person\\\/436d5a1fd41a5e250e23ff5a6a7cb080\",\"name\":\"Hern\u00e1n L\u00f3pez\",\"image\":{\"@type\":\"ImageObject\",\"inLanguage\":\"es\",\"@id\":\"https:\\\/\\\/diarioprincipios.com\\\/wp-content\\\/litespeed\\\/avatar\\\/11ddfe5610ff3bd100522525b2571f48.jpg?ver=1777048341\",\"url\":\"https:\\\/\\\/diarioprincipios.com\\\/wp-content\\\/litespeed\\\/avatar\\\/11ddfe5610ff3bd100522525b2571f48.jpg?ver=1777048341\",\"contentUrl\":\"https:\\\/\\\/diarioprincipios.com\\\/wp-content\\\/litespeed\\\/avatar\\\/11ddfe5610ff3bd100522525b2571f48.jpg?ver=1777048341\",\"caption\":\"Hern\u00e1n L\u00f3pez\"},\"url\":\"https:\\\/\\\/diarioprincipios.com\\\/index.php\\\/author\\\/hernan\\\/\"}]}<\/script>\n<!-- \/ Yoast SEO plugin. -->","yoast_head_json":{"title":"S\u00edntomas del Coronavirus (COVID 19) - Principios","robots":{"index":"index","follow":"follow","max-snippet":"max-snippet:-1","max-image-preview":"max-image-preview:large","max-video-preview":"max-video-preview:-1"},"canonical":"https:\/\/diarioprincipios.com\/index.php\/2020\/05\/06\/sintomas-del-coronavirus-covid-19\/","og_locale":"es_ES","og_type":"article","og_title":"S\u00edntomas del Coronavirus (COVID 19) - Principios","og_description":"La Municipalidad de Berazategui, a trav\u00e9s de su Secretar\u00eda de Salud, informa la actualizaci\u00f3n de la definici\u00f3n de caso sospechoso de Coronavirus (COVID-19), dictada por el Ministerio de Salud de la Naci\u00f3n.De esta manera, se suman nuevos criterios para sospechar la enfermedad: &#8211; Dificultad para detectar el gusto y los olores.&#8211; Fiebre a partir de...","og_url":"https:\/\/diarioprincipios.com\/index.php\/2020\/05\/06\/sintomas-del-coronavirus-covid-19\/","og_site_name":"Principios","article_published_time":"2020-05-06T23:14:39+00:00","article_modified_time":"2020-05-06T23:14:41+00:00","og_image":[{"width":1280,"height":720,"url":"https:\/\/diarioprincipios.com\/wp-content\/uploads\/2020\/03\/covid2.jpg","type":"image\/jpeg"}],"author":"Hern\u00e1n L\u00f3pez","twitter_card":"summary_large_image","twitter_misc":{"Escrito por":"Hern\u00e1n L\u00f3pez","Tiempo de lectura":"2 minutos"},"schema":{"@context":"https:\/\/schema.org","@graph":[{"@type":"Article","@id":"https:\/\/diarioprincipios.com\/index.php\/2020\/05\/06\/sintomas-del-coronavirus-covid-19\/#article","isPartOf":{"@id":"https:\/\/diarioprincipios.com\/index.php\/2020\/05\/06\/sintomas-del-coronavirus-covid-19\/"},"author":{"name":"Hern\u00e1n L\u00f3pez","@id":"https:\/\/diarioprincipios.com\/#\/schema\/person\/436d5a1fd41a5e250e23ff5a6a7cb080"},"headline":"S\u00edntomas del Coronavirus (COVID 19)","datePublished":"2020-05-06T23:14:39+00:00","dateModified":"2020-05-06T23:14:41+00:00","mainEntityOfPage":{"@id":"https:\/\/diarioprincipios.com\/index.php\/2020\/05\/06\/sintomas-del-coronavirus-covid-19\/"},"wordCount":383,"commentCount":0,"publisher":{"@id":"https:\/\/diarioprincipios.com\/#organization"},"image":{"@id":"https:\/\/diarioprincipios.com\/index.php\/2020\/05\/06\/sintomas-del-coronavirus-covid-19\/#primaryimage"},"thumbnailUrl":"https:\/\/diarioprincipios.com\/wp-content\/uploads\/2020\/03\/covid2.jpg","articleSection":["Berazategui"],"inLanguage":"es","potentialAction":[{"@type":"CommentAction","name":"Comment","target":["https:\/\/diarioprincipios.com\/index.php\/2020\/05\/06\/sintomas-del-coronavirus-covid-19\/#respond"]}]},{"@type":"WebPage","@id":"https:\/\/diarioprincipios.com\/index.php\/2020\/05\/06\/sintomas-del-coronavirus-covid-19\/","url":"https:\/\/diarioprincipios.com\/index.php\/2020\/05\/06\/sintomas-del-coronavirus-covid-19\/","name":"S\u00edntomas del Coronavirus (COVID 19) - Principios","isPartOf":{"@id":"https:\/\/diarioprincipios.com\/#website"},"primaryImageOfPage":{"@id":"https:\/\/diarioprincipios.com\/index.php\/2020\/05\/06\/sintomas-del-coronavirus-covid-19\/#primaryimage"},"image":{"@id":"https:\/\/diarioprincipios.com\/index.php\/2020\/05\/06\/sintomas-del-coronavirus-covid-19\/#primaryimage"},"thumbnailUrl":"https:\/\/diarioprincipios.com\/wp-content\/uploads\/2020\/03\/covid2.jpg","datePublished":"2020-05-06T23:14:39+00:00","dateModified":"2020-05-06T23:14:41+00:00","breadcrumb":{"@id":"https:\/\/diarioprincipios.com\/index.php\/2020\/05\/06\/sintomas-del-coronavirus-covid-19\/#breadcrumb"},"inLanguage":"es","potentialAction":[{"@type":"ReadAction","target":["https:\/\/diarioprincipios.com\/index.php\/2020\/05\/06\/sintomas-del-coronavirus-covid-19\/"]}]},{"@type":"ImageObject","inLanguage":"es","@id":"https:\/\/diarioprincipios.com\/index.php\/2020\/05\/06\/sintomas-del-coronavirus-covid-19\/#primaryimage","url":"https:\/\/diarioprincipios.com\/wp-content\/uploads\/2020\/03\/covid2.jpg","contentUrl":"https:\/\/diarioprincipios.com\/wp-content\/uploads\/2020\/03\/covid2.jpg","width":1280,"height":720},{"@type":"BreadcrumbList","@id":"https:\/\/diarioprincipios.com\/index.php\/2020\/05\/06\/sintomas-del-coronavirus-covid-19\/#breadcrumb","itemListElement":[{"@type":"ListItem","position":1,"name":"Portada","item":"https:\/\/diarioprincipios.com\/"},{"@type":"ListItem","position":2,"name":"S\u00edntomas del Coronavirus (COVID 19)"}]},{"@type":"WebSite","@id":"https:\/\/diarioprincipios.com\/#website","url":"https:\/\/diarioprincipios.com\/","name":"Principios","description":"Principios Diario","publisher":{"@id":"https:\/\/diarioprincipios.com\/#organization"},"potentialAction":[{"@type":"SearchAction","target":{"@type":"EntryPoint","urlTemplate":"https:\/\/diarioprincipios.com\/?s={search_term_string}"},"query-input":{"@type":"PropertyValueSpecification","valueRequired":true,"valueName":"search_term_string"}}],"inLanguage":"es"},{"@type":"Organization","@id":"https:\/\/diarioprincipios.com\/#organization","name":"Principios","url":"https:\/\/diarioprincipios.com\/","logo":{"@type":"ImageObject","inLanguage":"es","@id":"https:\/\/diarioprincipios.com\/#\/schema\/logo\/image\/","url":"https:\/\/diarioprincipios.com\/wp-content\/uploads\/2024\/04\/cropped-www.diarioprincipios.com_-1.png","contentUrl":"https:\/\/diarioprincipios.com\/wp-content\/uploads\/2024\/04\/cropped-www.diarioprincipios.com_-1.png","width":5325,"height":1454,"caption":"Principios"},"image":{"@id":"https:\/\/diarioprincipios.com\/#\/schema\/logo\/image\/"}},{"@type":"Person","@id":"https:\/\/diarioprincipios.com\/#\/schema\/person\/436d5a1fd41a5e250e23ff5a6a7cb080","name":"Hern\u00e1n L\u00f3pez","image":{"@type":"ImageObject","inLanguage":"es","@id":"https:\/\/diarioprincipios.com\/wp-content\/litespeed\/avatar\/11ddfe5610ff3bd100522525b2571f48.jpg?ver=1777048341","url":"https:\/\/diarioprincipios.com\/wp-content\/litespeed\/avatar\/11ddfe5610ff3bd100522525b2571f48.jpg?ver=1777048341","contentUrl":"https:\/\/diarioprincipios.com\/wp-content\/litespeed\/avatar\/11ddfe5610ff3bd100522525b2571f48.jpg?ver=1777048341","caption":"Hern\u00e1n L\u00f3pez"},"url":"https:\/\/diarioprincipios.com\/index.php\/author\/hernan\/"}]}},"jetpack_featured_media_url":"https:\/\/diarioprincipios.com\/wp-content\/uploads\/2020\/03\/covid2.jpg","_links":{"self":[{"href":"https:\/\/diarioprincipios.com\/index.php\/wp-json\/wp\/v2\/posts\/1284","targetHints":{"allow":["GET"]}}],"collection":[{"href":"https:\/\/diarioprincipios.com\/index.php\/wp-json\/wp\/v2\/posts"}],"about":[{"href":"https:\/\/diarioprincipios.com\/index.php\/wp-json\/wp\/v2\/types\/post"}],"author":[{"embeddable":true,"href":"https:\/\/diarioprincipios.com\/index.php\/wp-json\/wp\/v2\/users\/2"}],"replies":[{"embeddable":true,"href":"https:\/\/diarioprincipios.com\/index.php\/wp-json\/wp\/v2\/comments?post=1284"}],"version-history":[{"count":1,"href":"https:\/\/diarioprincipios.com\/index.php\/wp-json\/wp\/v2\/posts\/1284\/revisions"}],"predecessor-version":[{"id":1285,"href":"https:\/\/diarioprincipios.com\/index.php\/wp-json\/wp\/v2\/posts\/1284\/revisions\/1285"}],"wp:featuredmedia":[{"embeddable":true,"href":"https:\/\/diarioprincipios.com\/index.php\/wp-json\/wp\/v2\/media\/561"}],"wp:attachment":[{"href":"https:\/\/diarioprincipios.com\/index.php\/wp-json\/wp\/v2\/media?parent=1284"}],"wp:term":[{"taxonomy":"category","embeddable":true,"href":"https:\/\/diarioprincipios.com\/index.php\/wp-json\/wp\/v2\/categories?post=1284"},{"taxonomy":"post_tag","embeddable":true,"href":"https:\/\/diarioprincipios.com\/index.php\/wp-json\/wp\/v2\/tags?post=1284"}],"curies":[{"name":"wp","href":"https:\/\/api.w.org\/{rel}","templated":true}]}}