{"id":12837,"date":"2022-03-02T21:41:24","date_gmt":"2022-03-03T00:41:24","guid":{"rendered":"http:\/\/diarioprincipios.com\/?p=12837"},"modified":"2022-03-02T21:41:31","modified_gmt":"2022-03-03T00:41:31","slug":"vecinos-se-unieron-para-recuperar-y-embellecer-el-centro-de-jubilados-primavera","status":"publish","type":"post","link":"https:\/\/diarioprincipios.com\/index.php\/2022\/03\/02\/vecinos-se-unieron-para-recuperar-y-embellecer-el-centro-de-jubilados-primavera\/","title":{"rendered":"Vecinos se unieron para recuperar y embellecer el Centro de Jubilados Primavera"},"content":{"rendered":"\n<p><strong>Con el objetivo de realizar mejoras en el Centro de Jubilados Primavera (calle 116 e\/ 18 y 19), integrantes de la Subsecretar\u00eda de Juventudes y otras \u00e1reas municipales llevaron adelante una jornada de limpieza y pintura en la instituci\u00f3n. El intendente, Juan Jos\u00e9 Mussi, visit\u00f3 la actividad y convers\u00f3 con la nueva Comisi\u00f3n directiva sobre las diferentes acciones que se est\u00e1n tomando para recuperar este espacio destinado a la tercera edad.<br><\/strong><br>El Centro de Jubilados Primavera reabri\u00f3 sus puertas tras permanecer sin actividades durante casi 2 a\u00f1os. Al respecto, Mabel Omelczuk -su presidenta- afirm\u00f3: \u201cEstamos trabajando mucho para recuperar este lugar que, lamentablemente, se deterior\u00f3 mientras estuvo cerrado. La verdad es que hay mucho para hacer, pero estamos muy expectantes para que el Centro salga adelante. Todos los abuelos y abuelas queremos volver a recuperar nuestras actividades, traer m\u00e1s servicios y que podamos disfrutar nuevamente este espacio\u201d.<\/p>\n\n\n\n<figure class=\"wp-block-image size-large\"><img loading=\"lazy\" decoding=\"async\" width=\"1024\" height=\"683\" src=\"https:\/\/diarioprincipios.com\/wp-content\/uploads\/2022\/03\/VECINOS-SE-UNIERON-PARA-RECUPERAR-Y-EMBELLECER-EL-CENTRO-DE-JUBILADOS-PRIMAVERA-3-1024x683.jpg\" alt=\"\" class=\"wp-image-12838\" srcset=\"https:\/\/diarioprincipios.com\/wp-content\/uploads\/2022\/03\/VECINOS-SE-UNIERON-PARA-RECUPERAR-Y-EMBELLECER-EL-CENTRO-DE-JUBILADOS-PRIMAVERA-3-1024x683.jpg 1024w, https:\/\/diarioprincipios.com\/wp-content\/uploads\/2022\/03\/VECINOS-SE-UNIERON-PARA-RECUPERAR-Y-EMBELLECER-EL-CENTRO-DE-JUBILADOS-PRIMAVERA-3-300x200.jpg 300w, https:\/\/diarioprincipios.com\/wp-content\/uploads\/2022\/03\/VECINOS-SE-UNIERON-PARA-RECUPERAR-Y-EMBELLECER-EL-CENTRO-DE-JUBILADOS-PRIMAVERA-3-768x512.jpg 768w, https:\/\/diarioprincipios.com\/wp-content\/uploads\/2022\/03\/VECINOS-SE-UNIERON-PARA-RECUPERAR-Y-EMBELLECER-EL-CENTRO-DE-JUBILADOS-PRIMAVERA-3-1536x1024.jpg 1536w, https:\/\/diarioprincipios.com\/wp-content\/uploads\/2022\/03\/VECINOS-SE-UNIERON-PARA-RECUPERAR-Y-EMBELLECER-EL-CENTRO-DE-JUBILADOS-PRIMAVERA-3.jpg 1920w\" sizes=\"auto, (max-width: 1024px) 100vw, 1024px\" \/><\/figure>\n\n\n\n<p>Durante su visita, el intendente Juan Jos\u00e9 Mussi recorri\u00f3 el establecimiento y convers\u00f3 con los presentes, a quienes les dijo: \u201cLo m\u00e1s importante de todo es que se haya reabierto este Centro, dol\u00eda much\u00edsimo verlo cerrado. Hay que hacer todo lo posible por sostenerlo, entre todos lo vamos a poner lindo. Les agradezco a los chicos y chicas que colaboraron en esta jornada; es muy lindo que los j\u00f3venes acompa\u00f1en a los abuelos y abuelas de esta forma. Esto es como volver a empezar, pero conf\u00edo que no van a aflojar y que van a lograr que esta instituci\u00f3n vuelva a ser lo que era\u201d.<\/p>\n\n\n\n<figure class=\"wp-block-image size-large\"><img loading=\"lazy\" decoding=\"async\" width=\"1024\" height=\"768\" src=\"https:\/\/diarioprincipios.com\/wp-content\/uploads\/2022\/03\/VECINOS-SE-UNIERON-PARA-RECUPERAR-Y-EMBELLECER-EL-CENTRO-DE-JUBILADOS-PRIMAVERA-1-1024x768.jpg\" alt=\"\" class=\"wp-image-12839\" srcset=\"https:\/\/diarioprincipios.com\/wp-content\/uploads\/2022\/03\/VECINOS-SE-UNIERON-PARA-RECUPERAR-Y-EMBELLECER-EL-CENTRO-DE-JUBILADOS-PRIMAVERA-1-1024x768.jpg 1024w, https:\/\/diarioprincipios.com\/wp-content\/uploads\/2022\/03\/VECINOS-SE-UNIERON-PARA-RECUPERAR-Y-EMBELLECER-EL-CENTRO-DE-JUBILADOS-PRIMAVERA-1-300x225.jpg 300w, https:\/\/diarioprincipios.com\/wp-content\/uploads\/2022\/03\/VECINOS-SE-UNIERON-PARA-RECUPERAR-Y-EMBELLECER-EL-CENTRO-DE-JUBILADOS-PRIMAVERA-1-768x576.jpg 768w, https:\/\/diarioprincipios.com\/wp-content\/uploads\/2022\/03\/VECINOS-SE-UNIERON-PARA-RECUPERAR-Y-EMBELLECER-EL-CENTRO-DE-JUBILADOS-PRIMAVERA-1-1536x1152.jpg 1536w, https:\/\/diarioprincipios.com\/wp-content\/uploads\/2022\/03\/VECINOS-SE-UNIERON-PARA-RECUPERAR-Y-EMBELLECER-EL-CENTRO-DE-JUBILADOS-PRIMAVERA-1.jpg 1920w\" sizes=\"auto, (max-width: 1024px) 100vw, 1024px\" \/><\/figure>\n\n\n\n<p>Por su parte, la concejala Jennifer Noro -a cargo de la Subsecretar\u00eda de Juventudes-, sostuvo: \u201cHace algunos d\u00edas estuvimos colaborando con las escuelas y ahora nos toc\u00f3 estar ac\u00e1. Tenemos j\u00f3venes muy comprometidos, por eso nos sumamos con tareas de limpieza; estuvimos acomodando sillas y pintando para que esta instituci\u00f3n pueda volver a convertirse en un espacio de encuentro para nuestros adultos y adultas mayores\u201d.<\/p>\n\n\n\n<p>Tambi\u00e9n estuvieron presentes Mar\u00eda Del Carmen Flores, titular de la Secretar\u00eda Privada; Mar\u00eda Laura Lacava, secretaria de Desarrollo Social y Comunitario; Antonio Amarilla, secretario de Gobierno; y Luc\u00eda Vega, responsable de la Agencia de Tierras y H\u00e1bitat.<\/p>\n","protected":false},"excerpt":{"rendered":"<p>Con el objetivo de realizar mejoras en el Centro de Jubilados Primavera (calle 116 e\/ 18 y 19), integrantes de la Subsecretar\u00eda de Juventudes y otras \u00e1reas municipales llevaron adelante una jornada de limpieza y pintura en la instituci\u00f3n. El intendente, Juan Jos\u00e9 Mussi, visit\u00f3 la actividad y convers\u00f3 con la nueva Comisi\u00f3n directiva sobre&#8230;<\/p>\n","protected":false},"author":2,"featured_media":12840,"comment_status":"open","ping_status":"open","sticky":false,"template":"","format":"standard","meta":{"footnotes":""},"categories":[3],"tags":[],"class_list":["post-12837","post","type-post","status-publish","format-standard","has-post-thumbnail","hentry","category-berazategui"],"featured_image_src":"https:\/\/diarioprincipios.com\/wp-content\/uploads\/2022\/03\/VECINOS-SE-UNIERON-PARA-RECUPERAR-Y-EMBELLECER-EL-CENTRO-DE-JUBILADOS-PRIMAVERA-2-1024x768.jpg","blog_images":{"medium":"https:\/\/diarioprincipios.com\/wp-content\/uploads\/2022\/03\/VECINOS-SE-UNIERON-PARA-RECUPERAR-Y-EMBELLECER-EL-CENTRO-DE-JUBILADOS-PRIMAVERA-2-300x225.jpg","large":"https:\/\/diarioprincipios.com\/wp-content\/uploads\/2022\/03\/VECINOS-SE-UNIERON-PARA-RECUPERAR-Y-EMBELLECER-EL-CENTRO-DE-JUBILADOS-PRIMAVERA-2-1024x768.jpg"},"ams_acf":[],"yoast_head":"<!-- This site is optimized with the Yoast SEO plugin v27.3 - https:\/\/yoast.com\/product\/yoast-seo-wordpress\/ -->\n<title>Vecinos se unieron para recuperar y embellecer el Centro de Jubilados Primavera - Principios<\/title>\n<meta name=\"robots\" content=\"index, follow, max-snippet:-1, max-image-preview:large, max-video-preview:-1\" \/>\n<link rel=\"canonical\" href=\"https:\/\/diarioprincipios.com\/index.php\/2022\/03\/02\/vecinos-se-unieron-para-recuperar-y-embellecer-el-centro-de-jubilados-primavera\/\" \/>\n<meta property=\"og:locale\" content=\"es_ES\" \/>\n<meta property=\"og:type\" content=\"article\" \/>\n<meta property=\"og:title\" content=\"Vecinos se unieron para recuperar y embellecer el Centro de Jubilados Primavera - Principios\" \/>\n<meta property=\"og:description\" content=\"Con el objetivo de realizar mejoras en el Centro de Jubilados Primavera (calle 116 e\/ 18 y 19), integrantes de la Subsecretar\u00eda de Juventudes y otras \u00e1reas municipales llevaron adelante una jornada de limpieza y pintura en la instituci\u00f3n. El intendente, Juan Jos\u00e9 Mussi, visit\u00f3 la actividad y convers\u00f3 con la nueva Comisi\u00f3n directiva sobre...\" \/>\n<meta property=\"og:url\" content=\"https:\/\/diarioprincipios.com\/index.php\/2022\/03\/02\/vecinos-se-unieron-para-recuperar-y-embellecer-el-centro-de-jubilados-primavera\/\" \/>\n<meta property=\"og:site_name\" content=\"Principios\" \/>\n<meta property=\"article:published_time\" content=\"2022-03-03T00:41:24+00:00\" \/>\n<meta property=\"article:modified_time\" content=\"2022-03-03T00:41:31+00:00\" \/>\n<meta property=\"og:image\" content=\"https:\/\/diarioprincipios.com\/wp-content\/uploads\/2022\/03\/VECINOS-SE-UNIERON-PARA-RECUPERAR-Y-EMBELLECER-EL-CENTRO-DE-JUBILADOS-PRIMAVERA-2.jpg\" \/>\n\t<meta property=\"og:image:width\" content=\"1920\" \/>\n\t<meta property=\"og:image:height\" content=\"1440\" \/>\n\t<meta property=\"og:image:type\" content=\"image\/jpeg\" \/>\n<meta name=\"author\" content=\"Hern\u00e1n L\u00f3pez\" \/>\n<meta name=\"twitter:card\" content=\"summary_large_image\" \/>\n<meta name=\"twitter:label1\" content=\"Escrito por\" \/>\n\t<meta name=\"twitter:data1\" content=\"Hern\u00e1n L\u00f3pez\" \/>\n\t<meta name=\"twitter:label2\" content=\"Tiempo de lectura\" \/>\n\t<meta name=\"twitter:data2\" content=\"3 minutos\" \/>\n<script type=\"application\/ld+json\" class=\"yoast-schema-graph\">{\"@context\":\"https:\\\/\\\/schema.org\",\"@graph\":[{\"@type\":\"Article\",\"@id\":\"https:\\\/\\\/diarioprincipios.com\\\/index.php\\\/2022\\\/03\\\/02\\\/vecinos-se-unieron-para-recuperar-y-embellecer-el-centro-de-jubilados-primavera\\\/#article\",\"isPartOf\":{\"@id\":\"https:\\\/\\\/diarioprincipios.com\\\/index.php\\\/2022\\\/03\\\/02\\\/vecinos-se-unieron-para-recuperar-y-embellecer-el-centro-de-jubilados-primavera\\\/\"},\"author\":{\"name\":\"Hern\u00e1n L\u00f3pez\",\"@id\":\"https:\\\/\\\/diarioprincipios.com\\\/#\\\/schema\\\/person\\\/436d5a1fd41a5e250e23ff5a6a7cb080\"},\"headline\":\"Vecinos se unieron para recuperar y embellecer el Centro de Jubilados Primavera\",\"datePublished\":\"2022-03-03T00:41:24+00:00\",\"dateModified\":\"2022-03-03T00:41:31+00:00\",\"mainEntityOfPage\":{\"@id\":\"https:\\\/\\\/diarioprincipios.com\\\/index.php\\\/2022\\\/03\\\/02\\\/vecinos-se-unieron-para-recuperar-y-embellecer-el-centro-de-jubilados-primavera\\\/\"},\"wordCount\":385,\"commentCount\":0,\"publisher\":{\"@id\":\"https:\\\/\\\/diarioprincipios.com\\\/#organization\"},\"image\":{\"@id\":\"https:\\\/\\\/diarioprincipios.com\\\/index.php\\\/2022\\\/03\\\/02\\\/vecinos-se-unieron-para-recuperar-y-embellecer-el-centro-de-jubilados-primavera\\\/#primaryimage\"},\"thumbnailUrl\":\"https:\\\/\\\/diarioprincipios.com\\\/wp-content\\\/uploads\\\/2022\\\/03\\\/VECINOS-SE-UNIERON-PARA-RECUPERAR-Y-EMBELLECER-EL-CENTRO-DE-JUBILADOS-PRIMAVERA-2.jpg\",\"articleSection\":[\"Berazategui\"],\"inLanguage\":\"es\",\"potentialAction\":[{\"@type\":\"CommentAction\",\"name\":\"Comment\",\"target\":[\"https:\\\/\\\/diarioprincipios.com\\\/index.php\\\/2022\\\/03\\\/02\\\/vecinos-se-unieron-para-recuperar-y-embellecer-el-centro-de-jubilados-primavera\\\/#respond\"]}]},{\"@type\":\"WebPage\",\"@id\":\"https:\\\/\\\/diarioprincipios.com\\\/index.php\\\/2022\\\/03\\\/02\\\/vecinos-se-unieron-para-recuperar-y-embellecer-el-centro-de-jubilados-primavera\\\/\",\"url\":\"https:\\\/\\\/diarioprincipios.com\\\/index.php\\\/2022\\\/03\\\/02\\\/vecinos-se-unieron-para-recuperar-y-embellecer-el-centro-de-jubilados-primavera\\\/\",\"name\":\"Vecinos se unieron para recuperar y embellecer el Centro de Jubilados Primavera - Principios\",\"isPartOf\":{\"@id\":\"https:\\\/\\\/diarioprincipios.com\\\/#website\"},\"primaryImageOfPage\":{\"@id\":\"https:\\\/\\\/diarioprincipios.com\\\/index.php\\\/2022\\\/03\\\/02\\\/vecinos-se-unieron-para-recuperar-y-embellecer-el-centro-de-jubilados-primavera\\\/#primaryimage\"},\"image\":{\"@id\":\"https:\\\/\\\/diarioprincipios.com\\\/index.php\\\/2022\\\/03\\\/02\\\/vecinos-se-unieron-para-recuperar-y-embellecer-el-centro-de-jubilados-primavera\\\/#primaryimage\"},\"thumbnailUrl\":\"https:\\\/\\\/diarioprincipios.com\\\/wp-content\\\/uploads\\\/2022\\\/03\\\/VECINOS-SE-UNIERON-PARA-RECUPERAR-Y-EMBELLECER-EL-CENTRO-DE-JUBILADOS-PRIMAVERA-2.jpg\",\"datePublished\":\"2022-03-03T00:41:24+00:00\",\"dateModified\":\"2022-03-03T00:41:31+00:00\",\"breadcrumb\":{\"@id\":\"https:\\\/\\\/diarioprincipios.com\\\/index.php\\\/2022\\\/03\\\/02\\\/vecinos-se-unieron-para-recuperar-y-embellecer-el-centro-de-jubilados-primavera\\\/#breadcrumb\"},\"inLanguage\":\"es\",\"potentialAction\":[{\"@type\":\"ReadAction\",\"target\":[\"https:\\\/\\\/diarioprincipios.com\\\/index.php\\\/2022\\\/03\\\/02\\\/vecinos-se-unieron-para-recuperar-y-embellecer-el-centro-de-jubilados-primavera\\\/\"]}]},{\"@type\":\"ImageObject\",\"inLanguage\":\"es\",\"@id\":\"https:\\\/\\\/diarioprincipios.com\\\/index.php\\\/2022\\\/03\\\/02\\\/vecinos-se-unieron-para-recuperar-y-embellecer-el-centro-de-jubilados-primavera\\\/#primaryimage\",\"url\":\"https:\\\/\\\/diarioprincipios.com\\\/wp-content\\\/uploads\\\/2022\\\/03\\\/VECINOS-SE-UNIERON-PARA-RECUPERAR-Y-EMBELLECER-EL-CENTRO-DE-JUBILADOS-PRIMAVERA-2.jpg\",\"contentUrl\":\"https:\\\/\\\/diarioprincipios.com\\\/wp-content\\\/uploads\\\/2022\\\/03\\\/VECINOS-SE-UNIERON-PARA-RECUPERAR-Y-EMBELLECER-EL-CENTRO-DE-JUBILADOS-PRIMAVERA-2.jpg\",\"width\":1920,\"height\":1440},{\"@type\":\"BreadcrumbList\",\"@id\":\"https:\\\/\\\/diarioprincipios.com\\\/index.php\\\/2022\\\/03\\\/02\\\/vecinos-se-unieron-para-recuperar-y-embellecer-el-centro-de-jubilados-primavera\\\/#breadcrumb\",\"itemListElement\":[{\"@type\":\"ListItem\",\"position\":1,\"name\":\"Portada\",\"item\":\"https:\\\/\\\/diarioprincipios.com\\\/\"},{\"@type\":\"ListItem\",\"position\":2,\"name\":\"Vecinos se unieron para recuperar y embellecer el Centro de Jubilados Primavera\"}]},{\"@type\":\"WebSite\",\"@id\":\"https:\\\/\\\/diarioprincipios.com\\\/#website\",\"url\":\"https:\\\/\\\/diarioprincipios.com\\\/\",\"name\":\"Principios\",\"description\":\"Principios Diario\",\"publisher\":{\"@id\":\"https:\\\/\\\/diarioprincipios.com\\\/#organization\"},\"potentialAction\":[{\"@type\":\"SearchAction\",\"target\":{\"@type\":\"EntryPoint\",\"urlTemplate\":\"https:\\\/\\\/diarioprincipios.com\\\/?s={search_term_string}\"},\"query-input\":{\"@type\":\"PropertyValueSpecification\",\"valueRequired\":true,\"valueName\":\"search_term_string\"}}],\"inLanguage\":\"es\"},{\"@type\":\"Organization\",\"@id\":\"https:\\\/\\\/diarioprincipios.com\\\/#organization\",\"name\":\"Principios\",\"url\":\"https:\\\/\\\/diarioprincipios.com\\\/\",\"logo\":{\"@type\":\"ImageObject\",\"inLanguage\":\"es\",\"@id\":\"https:\\\/\\\/diarioprincipios.com\\\/#\\\/schema\\\/logo\\\/image\\\/\",\"url\":\"https:\\\/\\\/diarioprincipios.com\\\/wp-content\\\/uploads\\\/2024\\\/04\\\/cropped-www.diarioprincipios.com_-1.png\",\"contentUrl\":\"https:\\\/\\\/diarioprincipios.com\\\/wp-content\\\/uploads\\\/2024\\\/04\\\/cropped-www.diarioprincipios.com_-1.png\",\"width\":5325,\"height\":1454,\"caption\":\"Principios\"},\"image\":{\"@id\":\"https:\\\/\\\/diarioprincipios.com\\\/#\\\/schema\\\/logo\\\/image\\\/\"}},{\"@type\":\"Person\",\"@id\":\"https:\\\/\\\/diarioprincipios.com\\\/#\\\/schema\\\/person\\\/436d5a1fd41a5e250e23ff5a6a7cb080\",\"name\":\"Hern\u00e1n L\u00f3pez\",\"image\":{\"@type\":\"ImageObject\",\"inLanguage\":\"es\",\"@id\":\"https:\\\/\\\/diarioprincipios.com\\\/wp-content\\\/litespeed\\\/avatar\\\/11ddfe5610ff3bd100522525b2571f48.jpg?ver=1777048341\",\"url\":\"https:\\\/\\\/diarioprincipios.com\\\/wp-content\\\/litespeed\\\/avatar\\\/11ddfe5610ff3bd100522525b2571f48.jpg?ver=1777048341\",\"contentUrl\":\"https:\\\/\\\/diarioprincipios.com\\\/wp-content\\\/litespeed\\\/avatar\\\/11ddfe5610ff3bd100522525b2571f48.jpg?ver=1777048341\",\"caption\":\"Hern\u00e1n L\u00f3pez\"},\"url\":\"https:\\\/\\\/diarioprincipios.com\\\/index.php\\\/author\\\/hernan\\\/\"}]}<\/script>\n<!-- \/ Yoast SEO plugin. -->","yoast_head_json":{"title":"Vecinos se unieron para recuperar y embellecer el Centro de Jubilados Primavera - Principios","robots":{"index":"index","follow":"follow","max-snippet":"max-snippet:-1","max-image-preview":"max-image-preview:large","max-video-preview":"max-video-preview:-1"},"canonical":"https:\/\/diarioprincipios.com\/index.php\/2022\/03\/02\/vecinos-se-unieron-para-recuperar-y-embellecer-el-centro-de-jubilados-primavera\/","og_locale":"es_ES","og_type":"article","og_title":"Vecinos se unieron para recuperar y embellecer el Centro de Jubilados Primavera - Principios","og_description":"Con el objetivo de realizar mejoras en el Centro de Jubilados Primavera (calle 116 e\/ 18 y 19), integrantes de la Subsecretar\u00eda de Juventudes y otras \u00e1reas municipales llevaron adelante una jornada de limpieza y pintura en la instituci\u00f3n. El intendente, Juan Jos\u00e9 Mussi, visit\u00f3 la actividad y convers\u00f3 con la nueva Comisi\u00f3n directiva sobre...","og_url":"https:\/\/diarioprincipios.com\/index.php\/2022\/03\/02\/vecinos-se-unieron-para-recuperar-y-embellecer-el-centro-de-jubilados-primavera\/","og_site_name":"Principios","article_published_time":"2022-03-03T00:41:24+00:00","article_modified_time":"2022-03-03T00:41:31+00:00","og_image":[{"width":1920,"height":1440,"url":"https:\/\/diarioprincipios.com\/wp-content\/uploads\/2022\/03\/VECINOS-SE-UNIERON-PARA-RECUPERAR-Y-EMBELLECER-EL-CENTRO-DE-JUBILADOS-PRIMAVERA-2.jpg","type":"image\/jpeg"}],"author":"Hern\u00e1n L\u00f3pez","twitter_card":"summary_large_image","twitter_misc":{"Escrito por":"Hern\u00e1n L\u00f3pez","Tiempo de lectura":"3 minutos"},"schema":{"@context":"https:\/\/schema.org","@graph":[{"@type":"Article","@id":"https:\/\/diarioprincipios.com\/index.php\/2022\/03\/02\/vecinos-se-unieron-para-recuperar-y-embellecer-el-centro-de-jubilados-primavera\/#article","isPartOf":{"@id":"https:\/\/diarioprincipios.com\/index.php\/2022\/03\/02\/vecinos-se-unieron-para-recuperar-y-embellecer-el-centro-de-jubilados-primavera\/"},"author":{"name":"Hern\u00e1n L\u00f3pez","@id":"https:\/\/diarioprincipios.com\/#\/schema\/person\/436d5a1fd41a5e250e23ff5a6a7cb080"},"headline":"Vecinos se unieron para recuperar y embellecer el Centro de Jubilados Primavera","datePublished":"2022-03-03T00:41:24+00:00","dateModified":"2022-03-03T00:41:31+00:00","mainEntityOfPage":{"@id":"https:\/\/diarioprincipios.com\/index.php\/2022\/03\/02\/vecinos-se-unieron-para-recuperar-y-embellecer-el-centro-de-jubilados-primavera\/"},"wordCount":385,"commentCount":0,"publisher":{"@id":"https:\/\/diarioprincipios.com\/#organization"},"image":{"@id":"https:\/\/diarioprincipios.com\/index.php\/2022\/03\/02\/vecinos-se-unieron-para-recuperar-y-embellecer-el-centro-de-jubilados-primavera\/#primaryimage"},"thumbnailUrl":"https:\/\/diarioprincipios.com\/wp-content\/uploads\/2022\/03\/VECINOS-SE-UNIERON-PARA-RECUPERAR-Y-EMBELLECER-EL-CENTRO-DE-JUBILADOS-PRIMAVERA-2.jpg","articleSection":["Berazategui"],"inLanguage":"es","potentialAction":[{"@type":"CommentAction","name":"Comment","target":["https:\/\/diarioprincipios.com\/index.php\/2022\/03\/02\/vecinos-se-unieron-para-recuperar-y-embellecer-el-centro-de-jubilados-primavera\/#respond"]}]},{"@type":"WebPage","@id":"https:\/\/diarioprincipios.com\/index.php\/2022\/03\/02\/vecinos-se-unieron-para-recuperar-y-embellecer-el-centro-de-jubilados-primavera\/","url":"https:\/\/diarioprincipios.com\/index.php\/2022\/03\/02\/vecinos-se-unieron-para-recuperar-y-embellecer-el-centro-de-jubilados-primavera\/","name":"Vecinos se unieron para recuperar y embellecer el Centro de Jubilados Primavera - Principios","isPartOf":{"@id":"https:\/\/diarioprincipios.com\/#website"},"primaryImageOfPage":{"@id":"https:\/\/diarioprincipios.com\/index.php\/2022\/03\/02\/vecinos-se-unieron-para-recuperar-y-embellecer-el-centro-de-jubilados-primavera\/#primaryimage"},"image":{"@id":"https:\/\/diarioprincipios.com\/index.php\/2022\/03\/02\/vecinos-se-unieron-para-recuperar-y-embellecer-el-centro-de-jubilados-primavera\/#primaryimage"},"thumbnailUrl":"https:\/\/diarioprincipios.com\/wp-content\/uploads\/2022\/03\/VECINOS-SE-UNIERON-PARA-RECUPERAR-Y-EMBELLECER-EL-CENTRO-DE-JUBILADOS-PRIMAVERA-2.jpg","datePublished":"2022-03-03T00:41:24+00:00","dateModified":"2022-03-03T00:41:31+00:00","breadcrumb":{"@id":"https:\/\/diarioprincipios.com\/index.php\/2022\/03\/02\/vecinos-se-unieron-para-recuperar-y-embellecer-el-centro-de-jubilados-primavera\/#breadcrumb"},"inLanguage":"es","potentialAction":[{"@type":"ReadAction","target":["https:\/\/diarioprincipios.com\/index.php\/2022\/03\/02\/vecinos-se-unieron-para-recuperar-y-embellecer-el-centro-de-jubilados-primavera\/"]}]},{"@type":"ImageObject","inLanguage":"es","@id":"https:\/\/diarioprincipios.com\/index.php\/2022\/03\/02\/vecinos-se-unieron-para-recuperar-y-embellecer-el-centro-de-jubilados-primavera\/#primaryimage","url":"https:\/\/diarioprincipios.com\/wp-content\/uploads\/2022\/03\/VECINOS-SE-UNIERON-PARA-RECUPERAR-Y-EMBELLECER-EL-CENTRO-DE-JUBILADOS-PRIMAVERA-2.jpg","contentUrl":"https:\/\/diarioprincipios.com\/wp-content\/uploads\/2022\/03\/VECINOS-SE-UNIERON-PARA-RECUPERAR-Y-EMBELLECER-EL-CENTRO-DE-JUBILADOS-PRIMAVERA-2.jpg","width":1920,"height":1440},{"@type":"BreadcrumbList","@id":"https:\/\/diarioprincipios.com\/index.php\/2022\/03\/02\/vecinos-se-unieron-para-recuperar-y-embellecer-el-centro-de-jubilados-primavera\/#breadcrumb","itemListElement":[{"@type":"ListItem","position":1,"name":"Portada","item":"https:\/\/diarioprincipios.com\/"},{"@type":"ListItem","position":2,"name":"Vecinos se unieron para recuperar y embellecer el Centro de Jubilados Primavera"}]},{"@type":"WebSite","@id":"https:\/\/diarioprincipios.com\/#website","url":"https:\/\/diarioprincipios.com\/","name":"Principios","description":"Principios Diario","publisher":{"@id":"https:\/\/diarioprincipios.com\/#organization"},"potentialAction":[{"@type":"SearchAction","target":{"@type":"EntryPoint","urlTemplate":"https:\/\/diarioprincipios.com\/?s={search_term_string}"},"query-input":{"@type":"PropertyValueSpecification","valueRequired":true,"valueName":"search_term_string"}}],"inLanguage":"es"},{"@type":"Organization","@id":"https:\/\/diarioprincipios.com\/#organization","name":"Principios","url":"https:\/\/diarioprincipios.com\/","logo":{"@type":"ImageObject","inLanguage":"es","@id":"https:\/\/diarioprincipios.com\/#\/schema\/logo\/image\/","url":"https:\/\/diarioprincipios.com\/wp-content\/uploads\/2024\/04\/cropped-www.diarioprincipios.com_-1.png","contentUrl":"https:\/\/diarioprincipios.com\/wp-content\/uploads\/2024\/04\/cropped-www.diarioprincipios.com_-1.png","width":5325,"height":1454,"caption":"Principios"},"image":{"@id":"https:\/\/diarioprincipios.com\/#\/schema\/logo\/image\/"}},{"@type":"Person","@id":"https:\/\/diarioprincipios.com\/#\/schema\/person\/436d5a1fd41a5e250e23ff5a6a7cb080","name":"Hern\u00e1n L\u00f3pez","image":{"@type":"ImageObject","inLanguage":"es","@id":"https:\/\/diarioprincipios.com\/wp-content\/litespeed\/avatar\/11ddfe5610ff3bd100522525b2571f48.jpg?ver=1777048341","url":"https:\/\/diarioprincipios.com\/wp-content\/litespeed\/avatar\/11ddfe5610ff3bd100522525b2571f48.jpg?ver=1777048341","contentUrl":"https:\/\/diarioprincipios.com\/wp-content\/litespeed\/avatar\/11ddfe5610ff3bd100522525b2571f48.jpg?ver=1777048341","caption":"Hern\u00e1n L\u00f3pez"},"url":"https:\/\/diarioprincipios.com\/index.php\/author\/hernan\/"}]}},"jetpack_featured_media_url":"https:\/\/diarioprincipios.com\/wp-content\/uploads\/2022\/03\/VECINOS-SE-UNIERON-PARA-RECUPERAR-Y-EMBELLECER-EL-CENTRO-DE-JUBILADOS-PRIMAVERA-2.jpg","_links":{"self":[{"href":"https:\/\/diarioprincipios.com\/index.php\/wp-json\/wp\/v2\/posts\/12837","targetHints":{"allow":["GET"]}}],"collection":[{"href":"https:\/\/diarioprincipios.com\/index.php\/wp-json\/wp\/v2\/posts"}],"about":[{"href":"https:\/\/diarioprincipios.com\/index.php\/wp-json\/wp\/v2\/types\/post"}],"author":[{"embeddable":true,"href":"https:\/\/diarioprincipios.com\/index.php\/wp-json\/wp\/v2\/users\/2"}],"replies":[{"embeddable":true,"href":"https:\/\/diarioprincipios.com\/index.php\/wp-json\/wp\/v2\/comments?post=12837"}],"version-history":[{"count":1,"href":"https:\/\/diarioprincipios.com\/index.php\/wp-json\/wp\/v2\/posts\/12837\/revisions"}],"predecessor-version":[{"id":12841,"href":"https:\/\/diarioprincipios.com\/index.php\/wp-json\/wp\/v2\/posts\/12837\/revisions\/12841"}],"wp:featuredmedia":[{"embeddable":true,"href":"https:\/\/diarioprincipios.com\/index.php\/wp-json\/wp\/v2\/media\/12840"}],"wp:attachment":[{"href":"https:\/\/diarioprincipios.com\/index.php\/wp-json\/wp\/v2\/media?parent=12837"}],"wp:term":[{"taxonomy":"category","embeddable":true,"href":"https:\/\/diarioprincipios.com\/index.php\/wp-json\/wp\/v2\/categories?post=12837"},{"taxonomy":"post_tag","embeddable":true,"href":"https:\/\/diarioprincipios.com\/index.php\/wp-json\/wp\/v2\/tags?post=12837"}],"curies":[{"name":"wp","href":"https:\/\/api.w.org\/{rel}","templated":true}]}}