{"id":12831,"date":"2022-03-02T18:16:39","date_gmt":"2022-03-02T21:16:39","guid":{"rendered":"http:\/\/diarioprincipios.com\/?p=12831"},"modified":"2022-03-02T18:16:46","modified_gmt":"2022-03-02T21:16:46","slug":"los-ministros-ferraresi-y-zabaleta-encabezaron-la-inauguracion-de-obras-en-jardines-de-infantes-y-maternales-de-avellaneda","status":"publish","type":"post","link":"https:\/\/diarioprincipios.com\/index.php\/2022\/03\/02\/los-ministros-ferraresi-y-zabaleta-encabezaron-la-inauguracion-de-obras-en-jardines-de-infantes-y-maternales-de-avellaneda\/","title":{"rendered":"Los ministros Ferraresi y Zabaleta encabezaron la inauguraci\u00f3n de obras en jardines de infantes y maternales de Avellaneda"},"content":{"rendered":"\n<p><\/p>\n\n\n\n<p>Acompa\u00f1ados por el secretario de Ni\u00f1ez, Adolescencia y Familia, Gabriel Lerner; el intendente de Avellaneda, Alejo Chornobroff y la jefa de Gabinete Magdalena Sierra, dieron inicio al ciclo lectivo 2022 junto a la comunidad educativa.<\/p>\n\n\n\n<p>Esta ma\u00f1ana en la localidad de Dock Sud, las autoridades inauguraron el nuevo edificio municipal para el Jard\u00edn Maternal N\u00ba 17. Un establecimiento con todas las comodidades para que los docentes y lxs ni\u00f1xs cuenten con las mejores instalaciones.<\/p>\n\n\n\n<figure class=\"wp-block-image size-large\"><img loading=\"lazy\" decoding=\"async\" width=\"1024\" height=\"680\" src=\"https:\/\/diarioprincipios.com\/wp-content\/uploads\/2022\/03\/WhatsApp-Image-2022-03-02-at-11_30_56-1024x680.jpeg\" alt=\"\" class=\"wp-image-12833\" srcset=\"https:\/\/diarioprincipios.com\/wp-content\/uploads\/2022\/03\/WhatsApp-Image-2022-03-02-at-11_30_56-1024x680.jpeg 1024w, https:\/\/diarioprincipios.com\/wp-content\/uploads\/2022\/03\/WhatsApp-Image-2022-03-02-at-11_30_56-300x199.jpeg 300w, https:\/\/diarioprincipios.com\/wp-content\/uploads\/2022\/03\/WhatsApp-Image-2022-03-02-at-11_30_56-768x510.jpeg 768w, https:\/\/diarioprincipios.com\/wp-content\/uploads\/2022\/03\/WhatsApp-Image-2022-03-02-at-11_30_56.jpeg 1280w\" sizes=\"auto, (max-width: 1024px) 100vw, 1024px\" \/><\/figure>\n\n\n\n<p>Tambi\u00e9n se estrenaron reformas edilicias en los jardines de infantes N\u00ba 23 y 24, donde se&nbsp;trabaj\u00f3 de manera conjunta con el Ministerio de Desarrollo Social de la Naci\u00f3n.<\/p>\n\n\n\n<p>Acompa\u00f1ados por toda la comunidad educativa, los funcionarios celebraron la vuelta a las aulas y las nuevas obras.<\/p>\n\n\n\n<figure class=\"wp-block-image size-large\"><img loading=\"lazy\" decoding=\"async\" width=\"1024\" height=\"681\" src=\"https:\/\/diarioprincipios.com\/wp-content\/uploads\/2022\/03\/WhatsApp-Image-2022-03-02-at-09_31_39-1-1024x681.jpeg\" alt=\"\" class=\"wp-image-12834\" srcset=\"https:\/\/diarioprincipios.com\/wp-content\/uploads\/2022\/03\/WhatsApp-Image-2022-03-02-at-09_31_39-1-1024x681.jpeg 1024w, https:\/\/diarioprincipios.com\/wp-content\/uploads\/2022\/03\/WhatsApp-Image-2022-03-02-at-09_31_39-1-300x199.jpeg 300w, https:\/\/diarioprincipios.com\/wp-content\/uploads\/2022\/03\/WhatsApp-Image-2022-03-02-at-09_31_39-1-768x511.jpeg 768w, https:\/\/diarioprincipios.com\/wp-content\/uploads\/2022\/03\/WhatsApp-Image-2022-03-02-at-09_31_39-1.jpeg 1280w\" sizes=\"auto, (max-width: 1024px) 100vw, 1024px\" \/><\/figure>\n\n\n\n<p>Tanto en el jard\u00edn 23, ubicado en\u00a0Barcel\u00f3 1983,\u00a0Villa Dom\u00ednico, como en el jard\u00edn 24 de Villa Luj\u00e1n, los trabajos\u00a0abarcaron la impermeabilizaci\u00f3n de cubiertas; ampliaci\u00f3n de cocina para mejorar la funcionalidad; nuevas carpinter\u00edas en aulas; reacondicionamiento de instalaci\u00f3n el\u00e9ctrica; reemplazo de artefactos el\u00e9ctricos a led; nuevo espacio de juegos con baldosas anti golpes; y pintura general en los edificios.<\/p>\n\n\n\n<figure class=\"wp-block-image size-large\"><img loading=\"lazy\" decoding=\"async\" width=\"1024\" height=\"681\" src=\"https:\/\/diarioprincipios.com\/wp-content\/uploads\/2022\/03\/WhatsApp-Image-2022-03-02-at-10_35_30-1024x681.jpeg\" alt=\"\" class=\"wp-image-12832\" srcset=\"https:\/\/diarioprincipios.com\/wp-content\/uploads\/2022\/03\/WhatsApp-Image-2022-03-02-at-10_35_30-1024x681.jpeg 1024w, https:\/\/diarioprincipios.com\/wp-content\/uploads\/2022\/03\/WhatsApp-Image-2022-03-02-at-10_35_30-300x199.jpeg 300w, https:\/\/diarioprincipios.com\/wp-content\/uploads\/2022\/03\/WhatsApp-Image-2022-03-02-at-10_35_30-768x511.jpeg 768w, https:\/\/diarioprincipios.com\/wp-content\/uploads\/2022\/03\/WhatsApp-Image-2022-03-02-at-10_35_30.jpeg 1035w\" sizes=\"auto, (max-width: 1024px) 100vw, 1024px\" \/><\/figure>\n\n\n\n<p>Durante las visitas, el ministro Nacional de Desarrollo Territorial y H\u00e1bitat, Jorge Ferraresi, expres\u00f3: \u201cHubo que cambiar un paradigma y ampliar derechos para que los pibes y pibas se acostumbren a tener acceso a estas instalaciones. Esa es nuestra tarea como comunidad\u201d. Y agreg\u00f3 que \u201cel futuro de ellos es responsabilidad de lo que hagamos los grandes\u201d.<\/p>\n\n\n\n<p>Por su parte, el ministro de Desarrollo de la Naci\u00f3n, Juan Zabaleta remarc\u00f3 que \u201cAvellaneda es un ejemplo de sistema educativo para toda la Provincia\u201d. Al tiempo que se\u00f1al\u00f3: \u201cVamos a reconstruir la Argentina con el trabajo del Estado y la educaci\u00f3n como pilar. El presidente nos convoca a seguir construyendo un pa\u00eds para todos y todas\u201d. Y m\u00e1s adelante, subray\u00f3: \u201cJunto a Jorge Ferrares vamos a convertir los planes sociales en empleo genuino para la construcci\u00f3n de viviendas y la obra p\u00fablica\u201d.<\/p>\n\n\n\n<p>Durante la jornada tambi\u00e9n participaron la presidenta del Consejo Escolar, Claudia Colaso y la secretaria de Educaci\u00f3n de la Municipalidad, Mar\u00eda Laura de Vincenti.&nbsp;<\/p>\n","protected":false},"excerpt":{"rendered":"<p>Acompa\u00f1ados por el secretario de Ni\u00f1ez, Adolescencia y Familia, Gabriel Lerner; el intendente de Avellaneda, Alejo Chornobroff y la jefa de Gabinete Magdalena Sierra, dieron inicio al ciclo lectivo 2022 junto a la comunidad educativa. Esta ma\u00f1ana en la localidad de Dock Sud, las autoridades inauguraron el nuevo edificio municipal para el Jard\u00edn Maternal N\u00ba&#8230;<\/p>\n","protected":false},"author":2,"featured_media":12835,"comment_status":"open","ping_status":"open","sticky":false,"template":"","format":"standard","meta":{"footnotes":""},"categories":[5],"tags":[],"class_list":["post-12831","post","type-post","status-publish","format-standard","has-post-thumbnail","hentry","category-avellaneda"],"featured_image_src":"https:\/\/diarioprincipios.com\/wp-content\/uploads\/2022\/03\/WhatsApp-Image-2022-03-02-at-09_31_39-1024x681.jpeg","blog_images":{"medium":"https:\/\/diarioprincipios.com\/wp-content\/uploads\/2022\/03\/WhatsApp-Image-2022-03-02-at-09_31_39-300x200.jpeg","large":"https:\/\/diarioprincipios.com\/wp-content\/uploads\/2022\/03\/WhatsApp-Image-2022-03-02-at-09_31_39-1024x681.jpeg"},"ams_acf":[],"yoast_head":"<!-- This site is optimized with the Yoast SEO plugin v27.3 - https:\/\/yoast.com\/product\/yoast-seo-wordpress\/ -->\n<title>Los ministros Ferraresi y Zabaleta encabezaron la inauguraci\u00f3n de obras en jardines de infantes y maternales de Avellaneda - Principios<\/title>\n<meta name=\"robots\" content=\"index, follow, max-snippet:-1, max-image-preview:large, max-video-preview:-1\" \/>\n<link rel=\"canonical\" href=\"https:\/\/diarioprincipios.com\/index.php\/2022\/03\/02\/los-ministros-ferraresi-y-zabaleta-encabezaron-la-inauguracion-de-obras-en-jardines-de-infantes-y-maternales-de-avellaneda\/\" \/>\n<meta property=\"og:locale\" content=\"es_ES\" \/>\n<meta property=\"og:type\" content=\"article\" \/>\n<meta property=\"og:title\" content=\"Los ministros Ferraresi y Zabaleta encabezaron la inauguraci\u00f3n de obras en jardines de infantes y maternales de Avellaneda - Principios\" \/>\n<meta property=\"og:description\" content=\"Acompa\u00f1ados por el secretario de Ni\u00f1ez, Adolescencia y Familia, Gabriel Lerner; el intendente de Avellaneda, Alejo Chornobroff y la jefa de Gabinete Magdalena Sierra, dieron inicio al ciclo lectivo 2022 junto a la comunidad educativa. Esta ma\u00f1ana en la localidad de Dock Sud, las autoridades inauguraron el nuevo edificio municipal para el Jard\u00edn Maternal N\u00ba...\" \/>\n<meta property=\"og:url\" content=\"https:\/\/diarioprincipios.com\/index.php\/2022\/03\/02\/los-ministros-ferraresi-y-zabaleta-encabezaron-la-inauguracion-de-obras-en-jardines-de-infantes-y-maternales-de-avellaneda\/\" \/>\n<meta property=\"og:site_name\" content=\"Principios\" \/>\n<meta property=\"article:published_time\" content=\"2022-03-02T21:16:39+00:00\" \/>\n<meta property=\"article:modified_time\" content=\"2022-03-02T21:16:46+00:00\" \/>\n<meta property=\"og:image\" content=\"https:\/\/diarioprincipios.com\/wp-content\/uploads\/2022\/03\/WhatsApp-Image-2022-03-02-at-09_31_39.jpeg\" \/>\n\t<meta property=\"og:image:width\" content=\"1040\" \/>\n\t<meta property=\"og:image:height\" content=\"692\" \/>\n\t<meta property=\"og:image:type\" content=\"image\/jpeg\" \/>\n<meta name=\"author\" content=\"Hern\u00e1n L\u00f3pez\" \/>\n<meta name=\"twitter:card\" content=\"summary_large_image\" \/>\n<meta name=\"twitter:label1\" content=\"Escrito por\" \/>\n\t<meta name=\"twitter:data1\" content=\"Hern\u00e1n L\u00f3pez\" \/>\n\t<meta name=\"twitter:label2\" content=\"Tiempo de lectura\" \/>\n\t<meta name=\"twitter:data2\" content=\"3 minutos\" \/>\n<script type=\"application\/ld+json\" class=\"yoast-schema-graph\">{\"@context\":\"https:\\\/\\\/schema.org\",\"@graph\":[{\"@type\":\"Article\",\"@id\":\"https:\\\/\\\/diarioprincipios.com\\\/index.php\\\/2022\\\/03\\\/02\\\/los-ministros-ferraresi-y-zabaleta-encabezaron-la-inauguracion-de-obras-en-jardines-de-infantes-y-maternales-de-avellaneda\\\/#article\",\"isPartOf\":{\"@id\":\"https:\\\/\\\/diarioprincipios.com\\\/index.php\\\/2022\\\/03\\\/02\\\/los-ministros-ferraresi-y-zabaleta-encabezaron-la-inauguracion-de-obras-en-jardines-de-infantes-y-maternales-de-avellaneda\\\/\"},\"author\":{\"name\":\"Hern\u00e1n L\u00f3pez\",\"@id\":\"https:\\\/\\\/diarioprincipios.com\\\/#\\\/schema\\\/person\\\/436d5a1fd41a5e250e23ff5a6a7cb080\"},\"headline\":\"Los ministros Ferraresi y Zabaleta encabezaron la inauguraci\u00f3n de obras en jardines de infantes y maternales de Avellaneda\",\"datePublished\":\"2022-03-02T21:16:39+00:00\",\"dateModified\":\"2022-03-02T21:16:46+00:00\",\"mainEntityOfPage\":{\"@id\":\"https:\\\/\\\/diarioprincipios.com\\\/index.php\\\/2022\\\/03\\\/02\\\/los-ministros-ferraresi-y-zabaleta-encabezaron-la-inauguracion-de-obras-en-jardines-de-infantes-y-maternales-de-avellaneda\\\/\"},\"wordCount\":389,\"commentCount\":0,\"publisher\":{\"@id\":\"https:\\\/\\\/diarioprincipios.com\\\/#organization\"},\"image\":{\"@id\":\"https:\\\/\\\/diarioprincipios.com\\\/index.php\\\/2022\\\/03\\\/02\\\/los-ministros-ferraresi-y-zabaleta-encabezaron-la-inauguracion-de-obras-en-jardines-de-infantes-y-maternales-de-avellaneda\\\/#primaryimage\"},\"thumbnailUrl\":\"https:\\\/\\\/diarioprincipios.com\\\/wp-content\\\/uploads\\\/2022\\\/03\\\/WhatsApp-Image-2022-03-02-at-09_31_39.jpeg\",\"articleSection\":[\"Avellaneda\"],\"inLanguage\":\"es\",\"potentialAction\":[{\"@type\":\"CommentAction\",\"name\":\"Comment\",\"target\":[\"https:\\\/\\\/diarioprincipios.com\\\/index.php\\\/2022\\\/03\\\/02\\\/los-ministros-ferraresi-y-zabaleta-encabezaron-la-inauguracion-de-obras-en-jardines-de-infantes-y-maternales-de-avellaneda\\\/#respond\"]}]},{\"@type\":\"WebPage\",\"@id\":\"https:\\\/\\\/diarioprincipios.com\\\/index.php\\\/2022\\\/03\\\/02\\\/los-ministros-ferraresi-y-zabaleta-encabezaron-la-inauguracion-de-obras-en-jardines-de-infantes-y-maternales-de-avellaneda\\\/\",\"url\":\"https:\\\/\\\/diarioprincipios.com\\\/index.php\\\/2022\\\/03\\\/02\\\/los-ministros-ferraresi-y-zabaleta-encabezaron-la-inauguracion-de-obras-en-jardines-de-infantes-y-maternales-de-avellaneda\\\/\",\"name\":\"Los ministros Ferraresi y Zabaleta encabezaron la inauguraci\u00f3n de obras en jardines de infantes y maternales de Avellaneda - Principios\",\"isPartOf\":{\"@id\":\"https:\\\/\\\/diarioprincipios.com\\\/#website\"},\"primaryImageOfPage\":{\"@id\":\"https:\\\/\\\/diarioprincipios.com\\\/index.php\\\/2022\\\/03\\\/02\\\/los-ministros-ferraresi-y-zabaleta-encabezaron-la-inauguracion-de-obras-en-jardines-de-infantes-y-maternales-de-avellaneda\\\/#primaryimage\"},\"image\":{\"@id\":\"https:\\\/\\\/diarioprincipios.com\\\/index.php\\\/2022\\\/03\\\/02\\\/los-ministros-ferraresi-y-zabaleta-encabezaron-la-inauguracion-de-obras-en-jardines-de-infantes-y-maternales-de-avellaneda\\\/#primaryimage\"},\"thumbnailUrl\":\"https:\\\/\\\/diarioprincipios.com\\\/wp-content\\\/uploads\\\/2022\\\/03\\\/WhatsApp-Image-2022-03-02-at-09_31_39.jpeg\",\"datePublished\":\"2022-03-02T21:16:39+00:00\",\"dateModified\":\"2022-03-02T21:16:46+00:00\",\"breadcrumb\":{\"@id\":\"https:\\\/\\\/diarioprincipios.com\\\/index.php\\\/2022\\\/03\\\/02\\\/los-ministros-ferraresi-y-zabaleta-encabezaron-la-inauguracion-de-obras-en-jardines-de-infantes-y-maternales-de-avellaneda\\\/#breadcrumb\"},\"inLanguage\":\"es\",\"potentialAction\":[{\"@type\":\"ReadAction\",\"target\":[\"https:\\\/\\\/diarioprincipios.com\\\/index.php\\\/2022\\\/03\\\/02\\\/los-ministros-ferraresi-y-zabaleta-encabezaron-la-inauguracion-de-obras-en-jardines-de-infantes-y-maternales-de-avellaneda\\\/\"]}]},{\"@type\":\"ImageObject\",\"inLanguage\":\"es\",\"@id\":\"https:\\\/\\\/diarioprincipios.com\\\/index.php\\\/2022\\\/03\\\/02\\\/los-ministros-ferraresi-y-zabaleta-encabezaron-la-inauguracion-de-obras-en-jardines-de-infantes-y-maternales-de-avellaneda\\\/#primaryimage\",\"url\":\"https:\\\/\\\/diarioprincipios.com\\\/wp-content\\\/uploads\\\/2022\\\/03\\\/WhatsApp-Image-2022-03-02-at-09_31_39.jpeg\",\"contentUrl\":\"https:\\\/\\\/diarioprincipios.com\\\/wp-content\\\/uploads\\\/2022\\\/03\\\/WhatsApp-Image-2022-03-02-at-09_31_39.jpeg\",\"width\":1040,\"height\":692},{\"@type\":\"BreadcrumbList\",\"@id\":\"https:\\\/\\\/diarioprincipios.com\\\/index.php\\\/2022\\\/03\\\/02\\\/los-ministros-ferraresi-y-zabaleta-encabezaron-la-inauguracion-de-obras-en-jardines-de-infantes-y-maternales-de-avellaneda\\\/#breadcrumb\",\"itemListElement\":[{\"@type\":\"ListItem\",\"position\":1,\"name\":\"Portada\",\"item\":\"https:\\\/\\\/diarioprincipios.com\\\/\"},{\"@type\":\"ListItem\",\"position\":2,\"name\":\"Los ministros Ferraresi y Zabaleta encabezaron la inauguraci\u00f3n de obras en jardines de infantes y maternales de Avellaneda\"}]},{\"@type\":\"WebSite\",\"@id\":\"https:\\\/\\\/diarioprincipios.com\\\/#website\",\"url\":\"https:\\\/\\\/diarioprincipios.com\\\/\",\"name\":\"Principios\",\"description\":\"Principios Diario\",\"publisher\":{\"@id\":\"https:\\\/\\\/diarioprincipios.com\\\/#organization\"},\"potentialAction\":[{\"@type\":\"SearchAction\",\"target\":{\"@type\":\"EntryPoint\",\"urlTemplate\":\"https:\\\/\\\/diarioprincipios.com\\\/?s={search_term_string}\"},\"query-input\":{\"@type\":\"PropertyValueSpecification\",\"valueRequired\":true,\"valueName\":\"search_term_string\"}}],\"inLanguage\":\"es\"},{\"@type\":\"Organization\",\"@id\":\"https:\\\/\\\/diarioprincipios.com\\\/#organization\",\"name\":\"Principios\",\"url\":\"https:\\\/\\\/diarioprincipios.com\\\/\",\"logo\":{\"@type\":\"ImageObject\",\"inLanguage\":\"es\",\"@id\":\"https:\\\/\\\/diarioprincipios.com\\\/#\\\/schema\\\/logo\\\/image\\\/\",\"url\":\"https:\\\/\\\/diarioprincipios.com\\\/wp-content\\\/uploads\\\/2024\\\/04\\\/cropped-www.diarioprincipios.com_-1.png\",\"contentUrl\":\"https:\\\/\\\/diarioprincipios.com\\\/wp-content\\\/uploads\\\/2024\\\/04\\\/cropped-www.diarioprincipios.com_-1.png\",\"width\":5325,\"height\":1454,\"caption\":\"Principios\"},\"image\":{\"@id\":\"https:\\\/\\\/diarioprincipios.com\\\/#\\\/schema\\\/logo\\\/image\\\/\"}},{\"@type\":\"Person\",\"@id\":\"https:\\\/\\\/diarioprincipios.com\\\/#\\\/schema\\\/person\\\/436d5a1fd41a5e250e23ff5a6a7cb080\",\"name\":\"Hern\u00e1n L\u00f3pez\",\"image\":{\"@type\":\"ImageObject\",\"inLanguage\":\"es\",\"@id\":\"https:\\\/\\\/diarioprincipios.com\\\/wp-content\\\/litespeed\\\/avatar\\\/11ddfe5610ff3bd100522525b2571f48.jpg?ver=1777653193\",\"url\":\"https:\\\/\\\/diarioprincipios.com\\\/wp-content\\\/litespeed\\\/avatar\\\/11ddfe5610ff3bd100522525b2571f48.jpg?ver=1777653193\",\"contentUrl\":\"https:\\\/\\\/diarioprincipios.com\\\/wp-content\\\/litespeed\\\/avatar\\\/11ddfe5610ff3bd100522525b2571f48.jpg?ver=1777653193\",\"caption\":\"Hern\u00e1n L\u00f3pez\"},\"url\":\"https:\\\/\\\/diarioprincipios.com\\\/index.php\\\/author\\\/hernan\\\/\"}]}<\/script>\n<!-- \/ Yoast SEO plugin. -->","yoast_head_json":{"title":"Los ministros Ferraresi y Zabaleta encabezaron la inauguraci\u00f3n de obras en jardines de infantes y maternales de Avellaneda - Principios","robots":{"index":"index","follow":"follow","max-snippet":"max-snippet:-1","max-image-preview":"max-image-preview:large","max-video-preview":"max-video-preview:-1"},"canonical":"https:\/\/diarioprincipios.com\/index.php\/2022\/03\/02\/los-ministros-ferraresi-y-zabaleta-encabezaron-la-inauguracion-de-obras-en-jardines-de-infantes-y-maternales-de-avellaneda\/","og_locale":"es_ES","og_type":"article","og_title":"Los ministros Ferraresi y Zabaleta encabezaron la inauguraci\u00f3n de obras en jardines de infantes y maternales de Avellaneda - Principios","og_description":"Acompa\u00f1ados por el secretario de Ni\u00f1ez, Adolescencia y Familia, Gabriel Lerner; el intendente de Avellaneda, Alejo Chornobroff y la jefa de Gabinete Magdalena Sierra, dieron inicio al ciclo lectivo 2022 junto a la comunidad educativa. Esta ma\u00f1ana en la localidad de Dock Sud, las autoridades inauguraron el nuevo edificio municipal para el Jard\u00edn Maternal N\u00ba...","og_url":"https:\/\/diarioprincipios.com\/index.php\/2022\/03\/02\/los-ministros-ferraresi-y-zabaleta-encabezaron-la-inauguracion-de-obras-en-jardines-de-infantes-y-maternales-de-avellaneda\/","og_site_name":"Principios","article_published_time":"2022-03-02T21:16:39+00:00","article_modified_time":"2022-03-02T21:16:46+00:00","og_image":[{"width":1040,"height":692,"url":"https:\/\/diarioprincipios.com\/wp-content\/uploads\/2022\/03\/WhatsApp-Image-2022-03-02-at-09_31_39.jpeg","type":"image\/jpeg"}],"author":"Hern\u00e1n L\u00f3pez","twitter_card":"summary_large_image","twitter_misc":{"Escrito por":"Hern\u00e1n L\u00f3pez","Tiempo de lectura":"3 minutos"},"schema":{"@context":"https:\/\/schema.org","@graph":[{"@type":"Article","@id":"https:\/\/diarioprincipios.com\/index.php\/2022\/03\/02\/los-ministros-ferraresi-y-zabaleta-encabezaron-la-inauguracion-de-obras-en-jardines-de-infantes-y-maternales-de-avellaneda\/#article","isPartOf":{"@id":"https:\/\/diarioprincipios.com\/index.php\/2022\/03\/02\/los-ministros-ferraresi-y-zabaleta-encabezaron-la-inauguracion-de-obras-en-jardines-de-infantes-y-maternales-de-avellaneda\/"},"author":{"name":"Hern\u00e1n L\u00f3pez","@id":"https:\/\/diarioprincipios.com\/#\/schema\/person\/436d5a1fd41a5e250e23ff5a6a7cb080"},"headline":"Los ministros Ferraresi y Zabaleta encabezaron la inauguraci\u00f3n de obras en jardines de infantes y maternales de Avellaneda","datePublished":"2022-03-02T21:16:39+00:00","dateModified":"2022-03-02T21:16:46+00:00","mainEntityOfPage":{"@id":"https:\/\/diarioprincipios.com\/index.php\/2022\/03\/02\/los-ministros-ferraresi-y-zabaleta-encabezaron-la-inauguracion-de-obras-en-jardines-de-infantes-y-maternales-de-avellaneda\/"},"wordCount":389,"commentCount":0,"publisher":{"@id":"https:\/\/diarioprincipios.com\/#organization"},"image":{"@id":"https:\/\/diarioprincipios.com\/index.php\/2022\/03\/02\/los-ministros-ferraresi-y-zabaleta-encabezaron-la-inauguracion-de-obras-en-jardines-de-infantes-y-maternales-de-avellaneda\/#primaryimage"},"thumbnailUrl":"https:\/\/diarioprincipios.com\/wp-content\/uploads\/2022\/03\/WhatsApp-Image-2022-03-02-at-09_31_39.jpeg","articleSection":["Avellaneda"],"inLanguage":"es","potentialAction":[{"@type":"CommentAction","name":"Comment","target":["https:\/\/diarioprincipios.com\/index.php\/2022\/03\/02\/los-ministros-ferraresi-y-zabaleta-encabezaron-la-inauguracion-de-obras-en-jardines-de-infantes-y-maternales-de-avellaneda\/#respond"]}]},{"@type":"WebPage","@id":"https:\/\/diarioprincipios.com\/index.php\/2022\/03\/02\/los-ministros-ferraresi-y-zabaleta-encabezaron-la-inauguracion-de-obras-en-jardines-de-infantes-y-maternales-de-avellaneda\/","url":"https:\/\/diarioprincipios.com\/index.php\/2022\/03\/02\/los-ministros-ferraresi-y-zabaleta-encabezaron-la-inauguracion-de-obras-en-jardines-de-infantes-y-maternales-de-avellaneda\/","name":"Los ministros Ferraresi y Zabaleta encabezaron la inauguraci\u00f3n de obras en jardines de infantes y maternales de Avellaneda - Principios","isPartOf":{"@id":"https:\/\/diarioprincipios.com\/#website"},"primaryImageOfPage":{"@id":"https:\/\/diarioprincipios.com\/index.php\/2022\/03\/02\/los-ministros-ferraresi-y-zabaleta-encabezaron-la-inauguracion-de-obras-en-jardines-de-infantes-y-maternales-de-avellaneda\/#primaryimage"},"image":{"@id":"https:\/\/diarioprincipios.com\/index.php\/2022\/03\/02\/los-ministros-ferraresi-y-zabaleta-encabezaron-la-inauguracion-de-obras-en-jardines-de-infantes-y-maternales-de-avellaneda\/#primaryimage"},"thumbnailUrl":"https:\/\/diarioprincipios.com\/wp-content\/uploads\/2022\/03\/WhatsApp-Image-2022-03-02-at-09_31_39.jpeg","datePublished":"2022-03-02T21:16:39+00:00","dateModified":"2022-03-02T21:16:46+00:00","breadcrumb":{"@id":"https:\/\/diarioprincipios.com\/index.php\/2022\/03\/02\/los-ministros-ferraresi-y-zabaleta-encabezaron-la-inauguracion-de-obras-en-jardines-de-infantes-y-maternales-de-avellaneda\/#breadcrumb"},"inLanguage":"es","potentialAction":[{"@type":"ReadAction","target":["https:\/\/diarioprincipios.com\/index.php\/2022\/03\/02\/los-ministros-ferraresi-y-zabaleta-encabezaron-la-inauguracion-de-obras-en-jardines-de-infantes-y-maternales-de-avellaneda\/"]}]},{"@type":"ImageObject","inLanguage":"es","@id":"https:\/\/diarioprincipios.com\/index.php\/2022\/03\/02\/los-ministros-ferraresi-y-zabaleta-encabezaron-la-inauguracion-de-obras-en-jardines-de-infantes-y-maternales-de-avellaneda\/#primaryimage","url":"https:\/\/diarioprincipios.com\/wp-content\/uploads\/2022\/03\/WhatsApp-Image-2022-03-02-at-09_31_39.jpeg","contentUrl":"https:\/\/diarioprincipios.com\/wp-content\/uploads\/2022\/03\/WhatsApp-Image-2022-03-02-at-09_31_39.jpeg","width":1040,"height":692},{"@type":"BreadcrumbList","@id":"https:\/\/diarioprincipios.com\/index.php\/2022\/03\/02\/los-ministros-ferraresi-y-zabaleta-encabezaron-la-inauguracion-de-obras-en-jardines-de-infantes-y-maternales-de-avellaneda\/#breadcrumb","itemListElement":[{"@type":"ListItem","position":1,"name":"Portada","item":"https:\/\/diarioprincipios.com\/"},{"@type":"ListItem","position":2,"name":"Los ministros Ferraresi y Zabaleta encabezaron la inauguraci\u00f3n de obras en jardines de infantes y maternales de Avellaneda"}]},{"@type":"WebSite","@id":"https:\/\/diarioprincipios.com\/#website","url":"https:\/\/diarioprincipios.com\/","name":"Principios","description":"Principios Diario","publisher":{"@id":"https:\/\/diarioprincipios.com\/#organization"},"potentialAction":[{"@type":"SearchAction","target":{"@type":"EntryPoint","urlTemplate":"https:\/\/diarioprincipios.com\/?s={search_term_string}"},"query-input":{"@type":"PropertyValueSpecification","valueRequired":true,"valueName":"search_term_string"}}],"inLanguage":"es"},{"@type":"Organization","@id":"https:\/\/diarioprincipios.com\/#organization","name":"Principios","url":"https:\/\/diarioprincipios.com\/","logo":{"@type":"ImageObject","inLanguage":"es","@id":"https:\/\/diarioprincipios.com\/#\/schema\/logo\/image\/","url":"https:\/\/diarioprincipios.com\/wp-content\/uploads\/2024\/04\/cropped-www.diarioprincipios.com_-1.png","contentUrl":"https:\/\/diarioprincipios.com\/wp-content\/uploads\/2024\/04\/cropped-www.diarioprincipios.com_-1.png","width":5325,"height":1454,"caption":"Principios"},"image":{"@id":"https:\/\/diarioprincipios.com\/#\/schema\/logo\/image\/"}},{"@type":"Person","@id":"https:\/\/diarioprincipios.com\/#\/schema\/person\/436d5a1fd41a5e250e23ff5a6a7cb080","name":"Hern\u00e1n L\u00f3pez","image":{"@type":"ImageObject","inLanguage":"es","@id":"https:\/\/diarioprincipios.com\/wp-content\/litespeed\/avatar\/11ddfe5610ff3bd100522525b2571f48.jpg?ver=1777653193","url":"https:\/\/diarioprincipios.com\/wp-content\/litespeed\/avatar\/11ddfe5610ff3bd100522525b2571f48.jpg?ver=1777653193","contentUrl":"https:\/\/diarioprincipios.com\/wp-content\/litespeed\/avatar\/11ddfe5610ff3bd100522525b2571f48.jpg?ver=1777653193","caption":"Hern\u00e1n L\u00f3pez"},"url":"https:\/\/diarioprincipios.com\/index.php\/author\/hernan\/"}]}},"jetpack_featured_media_url":"https:\/\/diarioprincipios.com\/wp-content\/uploads\/2022\/03\/WhatsApp-Image-2022-03-02-at-09_31_39.jpeg","_links":{"self":[{"href":"https:\/\/diarioprincipios.com\/index.php\/wp-json\/wp\/v2\/posts\/12831","targetHints":{"allow":["GET"]}}],"collection":[{"href":"https:\/\/diarioprincipios.com\/index.php\/wp-json\/wp\/v2\/posts"}],"about":[{"href":"https:\/\/diarioprincipios.com\/index.php\/wp-json\/wp\/v2\/types\/post"}],"author":[{"embeddable":true,"href":"https:\/\/diarioprincipios.com\/index.php\/wp-json\/wp\/v2\/users\/2"}],"replies":[{"embeddable":true,"href":"https:\/\/diarioprincipios.com\/index.php\/wp-json\/wp\/v2\/comments?post=12831"}],"version-history":[{"count":1,"href":"https:\/\/diarioprincipios.com\/index.php\/wp-json\/wp\/v2\/posts\/12831\/revisions"}],"predecessor-version":[{"id":12836,"href":"https:\/\/diarioprincipios.com\/index.php\/wp-json\/wp\/v2\/posts\/12831\/revisions\/12836"}],"wp:featuredmedia":[{"embeddable":true,"href":"https:\/\/diarioprincipios.com\/index.php\/wp-json\/wp\/v2\/media\/12835"}],"wp:attachment":[{"href":"https:\/\/diarioprincipios.com\/index.php\/wp-json\/wp\/v2\/media?parent=12831"}],"wp:term":[{"taxonomy":"category","embeddable":true,"href":"https:\/\/diarioprincipios.com\/index.php\/wp-json\/wp\/v2\/categories?post=12831"},{"taxonomy":"post_tag","embeddable":true,"href":"https:\/\/diarioprincipios.com\/index.php\/wp-json\/wp\/v2\/tags?post=12831"}],"curies":[{"name":"wp","href":"https:\/\/api.w.org\/{rel}","templated":true}]}}