{"id":12791,"date":"2022-02-28T22:36:01","date_gmt":"2022-03-01T01:36:01","guid":{"rendered":"http:\/\/diarioprincipios.com\/?p=12791"},"modified":"2022-02-28T22:36:08","modified_gmt":"2022-03-01T01:36:08","slug":"se-realizo-una-jornada-de-trabajo-en-la-escuela-primaria-n-54","status":"publish","type":"post","link":"https:\/\/diarioprincipios.com\/index.php\/2022\/02\/28\/se-realizo-una-jornada-de-trabajo-en-la-escuela-primaria-n-54\/","title":{"rendered":"Se realiz\u00f3 una Jornada de Trabajo en la Escuela Primaria N\u00b0 54"},"content":{"rendered":"\n<p><strong>A pocos d\u00edas del inicio del ciclo lectivo 2022, se realiz\u00f3 una jornada de trabajo en la Primaria N\u00b0 54 del barrio 1\u00b0 de Mayo, ubicada en calle 1 entre 122 y 123. Las tareas estuvieron a cargo de los docentes, directivos y auxiliares del establecimiento, padres de alumnos, consejeros escolares e integrantes del Frente de Educadores. El intendente Juan Jos\u00e9 Mussi visit\u00f3 la Escuela y dialog\u00f3 con quienes llevaron adelante la intervenci\u00f3n.<\/strong><\/p>\n\n\n\n<p>La directora de la instituci\u00f3n, Mar\u00eda Julia Arrechea, explic\u00f3: \u201cEstamos muy contentos porque hab\u00edamos avanzado con trabajos de pintura en todo el interior de la Escuela y ahora pudimos completar todo el frente y la entrada. El objetivo de esta iniciativa es recibir a los nenes en un espacio lindo, armonioso y agradable. Adem\u00e1s, la idea es muy buena porque no se trata simplemente de venir a pintar la Escuela, sino de sumarse a un trabajo comunitario en el que se genera un esp\u00edritu de pertenencia y eso es lo m\u00e1s importante\u201d.<\/p>\n\n\n\n<figure class=\"wp-block-image size-large\"><img loading=\"lazy\" decoding=\"async\" width=\"1024\" height=\"683\" src=\"https:\/\/diarioprincipios.com\/wp-content\/uploads\/2022\/02\/BERAZATEGUI-SE-REALIZO-UNA-JORNADA-DE-TRABAJO-EN-LA-PRIMARIA-N\u00b0-54-4-1-1024x683.jpg\" alt=\"\" class=\"wp-image-12793\" srcset=\"https:\/\/diarioprincipios.com\/wp-content\/uploads\/2022\/02\/BERAZATEGUI-SE-REALIZO-UNA-JORNADA-DE-TRABAJO-EN-LA-PRIMARIA-N\u00b0-54-4-1-1024x683.jpg 1024w, https:\/\/diarioprincipios.com\/wp-content\/uploads\/2022\/02\/BERAZATEGUI-SE-REALIZO-UNA-JORNADA-DE-TRABAJO-EN-LA-PRIMARIA-N\u00b0-54-4-1-300x200.jpg 300w, https:\/\/diarioprincipios.com\/wp-content\/uploads\/2022\/02\/BERAZATEGUI-SE-REALIZO-UNA-JORNADA-DE-TRABAJO-EN-LA-PRIMARIA-N\u00b0-54-4-1-768x512.jpg 768w, https:\/\/diarioprincipios.com\/wp-content\/uploads\/2022\/02\/BERAZATEGUI-SE-REALIZO-UNA-JORNADA-DE-TRABAJO-EN-LA-PRIMARIA-N\u00b0-54-4-1-1536x1024.jpg 1536w, https:\/\/diarioprincipios.com\/wp-content\/uploads\/2022\/02\/BERAZATEGUI-SE-REALIZO-UNA-JORNADA-DE-TRABAJO-EN-LA-PRIMARIA-N\u00b0-54-4-1.jpg 1920w\" sizes=\"auto, (max-width: 1024px) 100vw, 1024px\" \/><\/figure>\n\n\n\n<p>A continuaci\u00f3n, Arrechea destac\u00f3 la presencia del Intendente municipal durante la jornada. \u201cPara nosotros, adem\u00e1s, fue un d\u00eda muy especial porque recibimos la visita de Juan Jos\u00e9 Mussi, con quien recorrimos la Escuela y, por suerte, qued\u00f3 muy satisfecho con el trabajo realizado. \u00c9l siempre est\u00e1 presente, acompa\u00f1ando todos estos proyectos y jug\u00e1ndose por la educaci\u00f3n p\u00fablica. Es un sost\u00e9n muy grande para todos nosotros\u201d, resalt\u00f3.<\/p>\n\n\n\n<p>Con respecto a estas jornadas de trabajo, el vicepresidente del Honorable Consejo Escolar (HCE) de Berazategui, Juan Carlos Soldavini, quien particip\u00f3 en las tareas en este establecimiento educativo del barrio 1\u00b0 de Mayo, indic\u00f3: \u201cEsta iniciativa se viene realizando desde hace seis a\u00f1os y surgi\u00f3 como una propuesta del HCE y algunos docentes y auxiliares. La idea original fue abrir las puertas de las escuelas y generar estas jornadas solidarias en las que participen todos aquellos que sostenemos la educaci\u00f3n p\u00fablica, como la comunidad educativa, el Municipio y los vecinos. Y realmente estamos muy conformes con el resultado\u201d.<\/p>\n\n\n\n<figure class=\"wp-block-image size-large\"><img loading=\"lazy\" decoding=\"async\" width=\"1024\" height=\"683\" src=\"https:\/\/diarioprincipios.com\/wp-content\/uploads\/2022\/02\/BERAZATEGUI-SE-REALIZO-UNA-JORNADA-DE-TRABAJO-EN-LA-PRIMARIA-N\u00b0-54-1-2-1024x683.jpg\" alt=\"\" class=\"wp-image-12794\" srcset=\"https:\/\/diarioprincipios.com\/wp-content\/uploads\/2022\/02\/BERAZATEGUI-SE-REALIZO-UNA-JORNADA-DE-TRABAJO-EN-LA-PRIMARIA-N\u00b0-54-1-2-1024x683.jpg 1024w, https:\/\/diarioprincipios.com\/wp-content\/uploads\/2022\/02\/BERAZATEGUI-SE-REALIZO-UNA-JORNADA-DE-TRABAJO-EN-LA-PRIMARIA-N\u00b0-54-1-2-300x200.jpg 300w, https:\/\/diarioprincipios.com\/wp-content\/uploads\/2022\/02\/BERAZATEGUI-SE-REALIZO-UNA-JORNADA-DE-TRABAJO-EN-LA-PRIMARIA-N\u00b0-54-1-2-768x512.jpg 768w, https:\/\/diarioprincipios.com\/wp-content\/uploads\/2022\/02\/BERAZATEGUI-SE-REALIZO-UNA-JORNADA-DE-TRABAJO-EN-LA-PRIMARIA-N\u00b0-54-1-2-1536x1024.jpg 1536w, https:\/\/diarioprincipios.com\/wp-content\/uploads\/2022\/02\/BERAZATEGUI-SE-REALIZO-UNA-JORNADA-DE-TRABAJO-EN-LA-PRIMARIA-N\u00b0-54-1-2.jpg 1920w\" sizes=\"auto, (max-width: 1024px) 100vw, 1024px\" \/><\/figure>\n\n\n\n<p>Acompa\u00f1aron a Mussi en su visita, la titular de la Secretar\u00eda Privada del Municipio, Mar\u00eda Del Carmen Flores; los secretarios municipales de Desarrollo Social y Comunitario, Mar\u00eda Laura Lacava; y de Cultura y Educaci\u00f3n, Federico L\u00f3pez; el presidente del HCE, Fernando Cardozo; el subsecretario de Tr\u00e1nsito, Gustavo Gonz\u00e1lez; y el director general de Servicios P\u00fablicos, Manuel Aranda; entre otras autoridades municipales y escolares de Berazategui.<\/p>\n","protected":false},"excerpt":{"rendered":"<p>A pocos d\u00edas del inicio del ciclo lectivo 2022, se realiz\u00f3 una jornada de trabajo en la Primaria N\u00b0 54 del barrio 1\u00b0 de Mayo, ubicada en calle 1 entre 122 y 123. Las tareas estuvieron a cargo de los docentes, directivos y auxiliares del establecimiento, padres de alumnos, consejeros escolares e integrantes del Frente&#8230;<\/p>\n","protected":false},"author":2,"featured_media":12792,"comment_status":"open","ping_status":"open","sticky":false,"template":"","format":"standard","meta":{"footnotes":""},"categories":[3],"tags":[],"class_list":["post-12791","post","type-post","status-publish","format-standard","has-post-thumbnail","hentry","category-berazategui"],"featured_image_src":"https:\/\/diarioprincipios.com\/wp-content\/uploads\/2022\/02\/BERAZATEGUI-SE-REALIZO-UNA-JORNADA-DE-TRABAJO-EN-LA-PRIMARIA-N\u00b0-54-3-1-1024x683.jpg","blog_images":{"medium":"https:\/\/diarioprincipios.com\/wp-content\/uploads\/2022\/02\/BERAZATEGUI-SE-REALIZO-UNA-JORNADA-DE-TRABAJO-EN-LA-PRIMARIA-N\u00b0-54-3-1-300x200.jpg","large":"https:\/\/diarioprincipios.com\/wp-content\/uploads\/2022\/02\/BERAZATEGUI-SE-REALIZO-UNA-JORNADA-DE-TRABAJO-EN-LA-PRIMARIA-N\u00b0-54-3-1-1024x683.jpg"},"ams_acf":[],"yoast_head":"<!-- This site is optimized with the Yoast SEO plugin v27.3 - https:\/\/yoast.com\/product\/yoast-seo-wordpress\/ -->\n<title>Se realiz\u00f3 una Jornada de Trabajo en la Escuela Primaria N\u00b0 54 - Principios<\/title>\n<meta name=\"robots\" content=\"index, follow, max-snippet:-1, max-image-preview:large, max-video-preview:-1\" \/>\n<link rel=\"canonical\" href=\"https:\/\/diarioprincipios.com\/index.php\/2022\/02\/28\/se-realizo-una-jornada-de-trabajo-en-la-escuela-primaria-n-54\/\" \/>\n<meta property=\"og:locale\" content=\"es_ES\" \/>\n<meta property=\"og:type\" content=\"article\" \/>\n<meta property=\"og:title\" content=\"Se realiz\u00f3 una Jornada de Trabajo en la Escuela Primaria N\u00b0 54 - Principios\" \/>\n<meta property=\"og:description\" content=\"A pocos d\u00edas del inicio del ciclo lectivo 2022, se realiz\u00f3 una jornada de trabajo en la Primaria N\u00b0 54 del barrio 1\u00b0 de Mayo, ubicada en calle 1 entre 122 y 123. Las tareas estuvieron a cargo de los docentes, directivos y auxiliares del establecimiento, padres de alumnos, consejeros escolares e integrantes del Frente...\" \/>\n<meta property=\"og:url\" content=\"https:\/\/diarioprincipios.com\/index.php\/2022\/02\/28\/se-realizo-una-jornada-de-trabajo-en-la-escuela-primaria-n-54\/\" \/>\n<meta property=\"og:site_name\" content=\"Principios\" \/>\n<meta property=\"article:published_time\" content=\"2022-03-01T01:36:01+00:00\" \/>\n<meta property=\"article:modified_time\" content=\"2022-03-01T01:36:08+00:00\" \/>\n<meta property=\"og:image\" content=\"https:\/\/diarioprincipios.com\/wp-content\/uploads\/2022\/02\/BERAZATEGUI-SE-REALIZO-UNA-JORNADA-DE-TRABAJO-EN-LA-PRIMARIA-N\u00b0-54-3-1.jpg\" \/>\n\t<meta property=\"og:image:width\" content=\"1920\" \/>\n\t<meta property=\"og:image:height\" content=\"1280\" \/>\n\t<meta property=\"og:image:type\" content=\"image\/jpeg\" \/>\n<meta name=\"author\" content=\"Hern\u00e1n L\u00f3pez\" \/>\n<meta name=\"twitter:card\" content=\"summary_large_image\" \/>\n<meta name=\"twitter:label1\" content=\"Escrito por\" \/>\n\t<meta name=\"twitter:data1\" content=\"Hern\u00e1n L\u00f3pez\" \/>\n\t<meta name=\"twitter:label2\" content=\"Tiempo de lectura\" \/>\n\t<meta name=\"twitter:data2\" content=\"3 minutos\" \/>\n<script type=\"application\/ld+json\" class=\"yoast-schema-graph\">{\"@context\":\"https:\\\/\\\/schema.org\",\"@graph\":[{\"@type\":\"Article\",\"@id\":\"https:\\\/\\\/diarioprincipios.com\\\/index.php\\\/2022\\\/02\\\/28\\\/se-realizo-una-jornada-de-trabajo-en-la-escuela-primaria-n-54\\\/#article\",\"isPartOf\":{\"@id\":\"https:\\\/\\\/diarioprincipios.com\\\/index.php\\\/2022\\\/02\\\/28\\\/se-realizo-una-jornada-de-trabajo-en-la-escuela-primaria-n-54\\\/\"},\"author\":{\"name\":\"Hern\u00e1n L\u00f3pez\",\"@id\":\"https:\\\/\\\/diarioprincipios.com\\\/#\\\/schema\\\/person\\\/436d5a1fd41a5e250e23ff5a6a7cb080\"},\"headline\":\"Se realiz\u00f3 una Jornada de Trabajo en la Escuela Primaria N\u00b0 54\",\"datePublished\":\"2022-03-01T01:36:01+00:00\",\"dateModified\":\"2022-03-01T01:36:08+00:00\",\"mainEntityOfPage\":{\"@id\":\"https:\\\/\\\/diarioprincipios.com\\\/index.php\\\/2022\\\/02\\\/28\\\/se-realizo-una-jornada-de-trabajo-en-la-escuela-primaria-n-54\\\/\"},\"wordCount\":426,\"commentCount\":0,\"publisher\":{\"@id\":\"https:\\\/\\\/diarioprincipios.com\\\/#organization\"},\"image\":{\"@id\":\"https:\\\/\\\/diarioprincipios.com\\\/index.php\\\/2022\\\/02\\\/28\\\/se-realizo-una-jornada-de-trabajo-en-la-escuela-primaria-n-54\\\/#primaryimage\"},\"thumbnailUrl\":\"https:\\\/\\\/diarioprincipios.com\\\/wp-content\\\/uploads\\\/2022\\\/02\\\/BERAZATEGUI-SE-REALIZO-UNA-JORNADA-DE-TRABAJO-EN-LA-PRIMARIA-N\u00b0-54-3-1.jpg\",\"articleSection\":[\"Berazategui\"],\"inLanguage\":\"es\",\"potentialAction\":[{\"@type\":\"CommentAction\",\"name\":\"Comment\",\"target\":[\"https:\\\/\\\/diarioprincipios.com\\\/index.php\\\/2022\\\/02\\\/28\\\/se-realizo-una-jornada-de-trabajo-en-la-escuela-primaria-n-54\\\/#respond\"]}]},{\"@type\":\"WebPage\",\"@id\":\"https:\\\/\\\/diarioprincipios.com\\\/index.php\\\/2022\\\/02\\\/28\\\/se-realizo-una-jornada-de-trabajo-en-la-escuela-primaria-n-54\\\/\",\"url\":\"https:\\\/\\\/diarioprincipios.com\\\/index.php\\\/2022\\\/02\\\/28\\\/se-realizo-una-jornada-de-trabajo-en-la-escuela-primaria-n-54\\\/\",\"name\":\"Se realiz\u00f3 una Jornada de Trabajo en la Escuela Primaria N\u00b0 54 - Principios\",\"isPartOf\":{\"@id\":\"https:\\\/\\\/diarioprincipios.com\\\/#website\"},\"primaryImageOfPage\":{\"@id\":\"https:\\\/\\\/diarioprincipios.com\\\/index.php\\\/2022\\\/02\\\/28\\\/se-realizo-una-jornada-de-trabajo-en-la-escuela-primaria-n-54\\\/#primaryimage\"},\"image\":{\"@id\":\"https:\\\/\\\/diarioprincipios.com\\\/index.php\\\/2022\\\/02\\\/28\\\/se-realizo-una-jornada-de-trabajo-en-la-escuela-primaria-n-54\\\/#primaryimage\"},\"thumbnailUrl\":\"https:\\\/\\\/diarioprincipios.com\\\/wp-content\\\/uploads\\\/2022\\\/02\\\/BERAZATEGUI-SE-REALIZO-UNA-JORNADA-DE-TRABAJO-EN-LA-PRIMARIA-N\u00b0-54-3-1.jpg\",\"datePublished\":\"2022-03-01T01:36:01+00:00\",\"dateModified\":\"2022-03-01T01:36:08+00:00\",\"breadcrumb\":{\"@id\":\"https:\\\/\\\/diarioprincipios.com\\\/index.php\\\/2022\\\/02\\\/28\\\/se-realizo-una-jornada-de-trabajo-en-la-escuela-primaria-n-54\\\/#breadcrumb\"},\"inLanguage\":\"es\",\"potentialAction\":[{\"@type\":\"ReadAction\",\"target\":[\"https:\\\/\\\/diarioprincipios.com\\\/index.php\\\/2022\\\/02\\\/28\\\/se-realizo-una-jornada-de-trabajo-en-la-escuela-primaria-n-54\\\/\"]}]},{\"@type\":\"ImageObject\",\"inLanguage\":\"es\",\"@id\":\"https:\\\/\\\/diarioprincipios.com\\\/index.php\\\/2022\\\/02\\\/28\\\/se-realizo-una-jornada-de-trabajo-en-la-escuela-primaria-n-54\\\/#primaryimage\",\"url\":\"https:\\\/\\\/diarioprincipios.com\\\/wp-content\\\/uploads\\\/2022\\\/02\\\/BERAZATEGUI-SE-REALIZO-UNA-JORNADA-DE-TRABAJO-EN-LA-PRIMARIA-N\u00b0-54-3-1.jpg\",\"contentUrl\":\"https:\\\/\\\/diarioprincipios.com\\\/wp-content\\\/uploads\\\/2022\\\/02\\\/BERAZATEGUI-SE-REALIZO-UNA-JORNADA-DE-TRABAJO-EN-LA-PRIMARIA-N\u00b0-54-3-1.jpg\",\"width\":1920,\"height\":1280},{\"@type\":\"BreadcrumbList\",\"@id\":\"https:\\\/\\\/diarioprincipios.com\\\/index.php\\\/2022\\\/02\\\/28\\\/se-realizo-una-jornada-de-trabajo-en-la-escuela-primaria-n-54\\\/#breadcrumb\",\"itemListElement\":[{\"@type\":\"ListItem\",\"position\":1,\"name\":\"Portada\",\"item\":\"https:\\\/\\\/diarioprincipios.com\\\/\"},{\"@type\":\"ListItem\",\"position\":2,\"name\":\"Se realiz\u00f3 una Jornada de Trabajo en la Escuela Primaria N\u00b0 54\"}]},{\"@type\":\"WebSite\",\"@id\":\"https:\\\/\\\/diarioprincipios.com\\\/#website\",\"url\":\"https:\\\/\\\/diarioprincipios.com\\\/\",\"name\":\"Principios\",\"description\":\"Principios Diario\",\"publisher\":{\"@id\":\"https:\\\/\\\/diarioprincipios.com\\\/#organization\"},\"potentialAction\":[{\"@type\":\"SearchAction\",\"target\":{\"@type\":\"EntryPoint\",\"urlTemplate\":\"https:\\\/\\\/diarioprincipios.com\\\/?s={search_term_string}\"},\"query-input\":{\"@type\":\"PropertyValueSpecification\",\"valueRequired\":true,\"valueName\":\"search_term_string\"}}],\"inLanguage\":\"es\"},{\"@type\":\"Organization\",\"@id\":\"https:\\\/\\\/diarioprincipios.com\\\/#organization\",\"name\":\"Principios\",\"url\":\"https:\\\/\\\/diarioprincipios.com\\\/\",\"logo\":{\"@type\":\"ImageObject\",\"inLanguage\":\"es\",\"@id\":\"https:\\\/\\\/diarioprincipios.com\\\/#\\\/schema\\\/logo\\\/image\\\/\",\"url\":\"https:\\\/\\\/diarioprincipios.com\\\/wp-content\\\/uploads\\\/2024\\\/04\\\/cropped-www.diarioprincipios.com_-1.png\",\"contentUrl\":\"https:\\\/\\\/diarioprincipios.com\\\/wp-content\\\/uploads\\\/2024\\\/04\\\/cropped-www.diarioprincipios.com_-1.png\",\"width\":5325,\"height\":1454,\"caption\":\"Principios\"},\"image\":{\"@id\":\"https:\\\/\\\/diarioprincipios.com\\\/#\\\/schema\\\/logo\\\/image\\\/\"}},{\"@type\":\"Person\",\"@id\":\"https:\\\/\\\/diarioprincipios.com\\\/#\\\/schema\\\/person\\\/436d5a1fd41a5e250e23ff5a6a7cb080\",\"name\":\"Hern\u00e1n L\u00f3pez\",\"image\":{\"@type\":\"ImageObject\",\"inLanguage\":\"es\",\"@id\":\"https:\\\/\\\/diarioprincipios.com\\\/wp-content\\\/litespeed\\\/avatar\\\/11ddfe5610ff3bd100522525b2571f48.jpg?ver=1777048341\",\"url\":\"https:\\\/\\\/diarioprincipios.com\\\/wp-content\\\/litespeed\\\/avatar\\\/11ddfe5610ff3bd100522525b2571f48.jpg?ver=1777048341\",\"contentUrl\":\"https:\\\/\\\/diarioprincipios.com\\\/wp-content\\\/litespeed\\\/avatar\\\/11ddfe5610ff3bd100522525b2571f48.jpg?ver=1777048341\",\"caption\":\"Hern\u00e1n L\u00f3pez\"},\"url\":\"https:\\\/\\\/diarioprincipios.com\\\/index.php\\\/author\\\/hernan\\\/\"}]}<\/script>\n<!-- \/ Yoast SEO plugin. -->","yoast_head_json":{"title":"Se realiz\u00f3 una Jornada de Trabajo en la Escuela Primaria N\u00b0 54 - Principios","robots":{"index":"index","follow":"follow","max-snippet":"max-snippet:-1","max-image-preview":"max-image-preview:large","max-video-preview":"max-video-preview:-1"},"canonical":"https:\/\/diarioprincipios.com\/index.php\/2022\/02\/28\/se-realizo-una-jornada-de-trabajo-en-la-escuela-primaria-n-54\/","og_locale":"es_ES","og_type":"article","og_title":"Se realiz\u00f3 una Jornada de Trabajo en la Escuela Primaria N\u00b0 54 - Principios","og_description":"A pocos d\u00edas del inicio del ciclo lectivo 2022, se realiz\u00f3 una jornada de trabajo en la Primaria N\u00b0 54 del barrio 1\u00b0 de Mayo, ubicada en calle 1 entre 122 y 123. Las tareas estuvieron a cargo de los docentes, directivos y auxiliares del establecimiento, padres de alumnos, consejeros escolares e integrantes del Frente...","og_url":"https:\/\/diarioprincipios.com\/index.php\/2022\/02\/28\/se-realizo-una-jornada-de-trabajo-en-la-escuela-primaria-n-54\/","og_site_name":"Principios","article_published_time":"2022-03-01T01:36:01+00:00","article_modified_time":"2022-03-01T01:36:08+00:00","og_image":[{"width":1920,"height":1280,"url":"https:\/\/diarioprincipios.com\/wp-content\/uploads\/2022\/02\/BERAZATEGUI-SE-REALIZO-UNA-JORNADA-DE-TRABAJO-EN-LA-PRIMARIA-N\u00b0-54-3-1.jpg","type":"image\/jpeg"}],"author":"Hern\u00e1n L\u00f3pez","twitter_card":"summary_large_image","twitter_misc":{"Escrito por":"Hern\u00e1n L\u00f3pez","Tiempo de lectura":"3 minutos"},"schema":{"@context":"https:\/\/schema.org","@graph":[{"@type":"Article","@id":"https:\/\/diarioprincipios.com\/index.php\/2022\/02\/28\/se-realizo-una-jornada-de-trabajo-en-la-escuela-primaria-n-54\/#article","isPartOf":{"@id":"https:\/\/diarioprincipios.com\/index.php\/2022\/02\/28\/se-realizo-una-jornada-de-trabajo-en-la-escuela-primaria-n-54\/"},"author":{"name":"Hern\u00e1n L\u00f3pez","@id":"https:\/\/diarioprincipios.com\/#\/schema\/person\/436d5a1fd41a5e250e23ff5a6a7cb080"},"headline":"Se realiz\u00f3 una Jornada de Trabajo en la Escuela Primaria N\u00b0 54","datePublished":"2022-03-01T01:36:01+00:00","dateModified":"2022-03-01T01:36:08+00:00","mainEntityOfPage":{"@id":"https:\/\/diarioprincipios.com\/index.php\/2022\/02\/28\/se-realizo-una-jornada-de-trabajo-en-la-escuela-primaria-n-54\/"},"wordCount":426,"commentCount":0,"publisher":{"@id":"https:\/\/diarioprincipios.com\/#organization"},"image":{"@id":"https:\/\/diarioprincipios.com\/index.php\/2022\/02\/28\/se-realizo-una-jornada-de-trabajo-en-la-escuela-primaria-n-54\/#primaryimage"},"thumbnailUrl":"https:\/\/diarioprincipios.com\/wp-content\/uploads\/2022\/02\/BERAZATEGUI-SE-REALIZO-UNA-JORNADA-DE-TRABAJO-EN-LA-PRIMARIA-N\u00b0-54-3-1.jpg","articleSection":["Berazategui"],"inLanguage":"es","potentialAction":[{"@type":"CommentAction","name":"Comment","target":["https:\/\/diarioprincipios.com\/index.php\/2022\/02\/28\/se-realizo-una-jornada-de-trabajo-en-la-escuela-primaria-n-54\/#respond"]}]},{"@type":"WebPage","@id":"https:\/\/diarioprincipios.com\/index.php\/2022\/02\/28\/se-realizo-una-jornada-de-trabajo-en-la-escuela-primaria-n-54\/","url":"https:\/\/diarioprincipios.com\/index.php\/2022\/02\/28\/se-realizo-una-jornada-de-trabajo-en-la-escuela-primaria-n-54\/","name":"Se realiz\u00f3 una Jornada de Trabajo en la Escuela Primaria N\u00b0 54 - Principios","isPartOf":{"@id":"https:\/\/diarioprincipios.com\/#website"},"primaryImageOfPage":{"@id":"https:\/\/diarioprincipios.com\/index.php\/2022\/02\/28\/se-realizo-una-jornada-de-trabajo-en-la-escuela-primaria-n-54\/#primaryimage"},"image":{"@id":"https:\/\/diarioprincipios.com\/index.php\/2022\/02\/28\/se-realizo-una-jornada-de-trabajo-en-la-escuela-primaria-n-54\/#primaryimage"},"thumbnailUrl":"https:\/\/diarioprincipios.com\/wp-content\/uploads\/2022\/02\/BERAZATEGUI-SE-REALIZO-UNA-JORNADA-DE-TRABAJO-EN-LA-PRIMARIA-N\u00b0-54-3-1.jpg","datePublished":"2022-03-01T01:36:01+00:00","dateModified":"2022-03-01T01:36:08+00:00","breadcrumb":{"@id":"https:\/\/diarioprincipios.com\/index.php\/2022\/02\/28\/se-realizo-una-jornada-de-trabajo-en-la-escuela-primaria-n-54\/#breadcrumb"},"inLanguage":"es","potentialAction":[{"@type":"ReadAction","target":["https:\/\/diarioprincipios.com\/index.php\/2022\/02\/28\/se-realizo-una-jornada-de-trabajo-en-la-escuela-primaria-n-54\/"]}]},{"@type":"ImageObject","inLanguage":"es","@id":"https:\/\/diarioprincipios.com\/index.php\/2022\/02\/28\/se-realizo-una-jornada-de-trabajo-en-la-escuela-primaria-n-54\/#primaryimage","url":"https:\/\/diarioprincipios.com\/wp-content\/uploads\/2022\/02\/BERAZATEGUI-SE-REALIZO-UNA-JORNADA-DE-TRABAJO-EN-LA-PRIMARIA-N\u00b0-54-3-1.jpg","contentUrl":"https:\/\/diarioprincipios.com\/wp-content\/uploads\/2022\/02\/BERAZATEGUI-SE-REALIZO-UNA-JORNADA-DE-TRABAJO-EN-LA-PRIMARIA-N\u00b0-54-3-1.jpg","width":1920,"height":1280},{"@type":"BreadcrumbList","@id":"https:\/\/diarioprincipios.com\/index.php\/2022\/02\/28\/se-realizo-una-jornada-de-trabajo-en-la-escuela-primaria-n-54\/#breadcrumb","itemListElement":[{"@type":"ListItem","position":1,"name":"Portada","item":"https:\/\/diarioprincipios.com\/"},{"@type":"ListItem","position":2,"name":"Se realiz\u00f3 una Jornada de Trabajo en la Escuela Primaria N\u00b0 54"}]},{"@type":"WebSite","@id":"https:\/\/diarioprincipios.com\/#website","url":"https:\/\/diarioprincipios.com\/","name":"Principios","description":"Principios Diario","publisher":{"@id":"https:\/\/diarioprincipios.com\/#organization"},"potentialAction":[{"@type":"SearchAction","target":{"@type":"EntryPoint","urlTemplate":"https:\/\/diarioprincipios.com\/?s={search_term_string}"},"query-input":{"@type":"PropertyValueSpecification","valueRequired":true,"valueName":"search_term_string"}}],"inLanguage":"es"},{"@type":"Organization","@id":"https:\/\/diarioprincipios.com\/#organization","name":"Principios","url":"https:\/\/diarioprincipios.com\/","logo":{"@type":"ImageObject","inLanguage":"es","@id":"https:\/\/diarioprincipios.com\/#\/schema\/logo\/image\/","url":"https:\/\/diarioprincipios.com\/wp-content\/uploads\/2024\/04\/cropped-www.diarioprincipios.com_-1.png","contentUrl":"https:\/\/diarioprincipios.com\/wp-content\/uploads\/2024\/04\/cropped-www.diarioprincipios.com_-1.png","width":5325,"height":1454,"caption":"Principios"},"image":{"@id":"https:\/\/diarioprincipios.com\/#\/schema\/logo\/image\/"}},{"@type":"Person","@id":"https:\/\/diarioprincipios.com\/#\/schema\/person\/436d5a1fd41a5e250e23ff5a6a7cb080","name":"Hern\u00e1n L\u00f3pez","image":{"@type":"ImageObject","inLanguage":"es","@id":"https:\/\/diarioprincipios.com\/wp-content\/litespeed\/avatar\/11ddfe5610ff3bd100522525b2571f48.jpg?ver=1777048341","url":"https:\/\/diarioprincipios.com\/wp-content\/litespeed\/avatar\/11ddfe5610ff3bd100522525b2571f48.jpg?ver=1777048341","contentUrl":"https:\/\/diarioprincipios.com\/wp-content\/litespeed\/avatar\/11ddfe5610ff3bd100522525b2571f48.jpg?ver=1777048341","caption":"Hern\u00e1n L\u00f3pez"},"url":"https:\/\/diarioprincipios.com\/index.php\/author\/hernan\/"}]}},"jetpack_featured_media_url":"https:\/\/diarioprincipios.com\/wp-content\/uploads\/2022\/02\/BERAZATEGUI-SE-REALIZO-UNA-JORNADA-DE-TRABAJO-EN-LA-PRIMARIA-N\u00b0-54-3-1.jpg","_links":{"self":[{"href":"https:\/\/diarioprincipios.com\/index.php\/wp-json\/wp\/v2\/posts\/12791","targetHints":{"allow":["GET"]}}],"collection":[{"href":"https:\/\/diarioprincipios.com\/index.php\/wp-json\/wp\/v2\/posts"}],"about":[{"href":"https:\/\/diarioprincipios.com\/index.php\/wp-json\/wp\/v2\/types\/post"}],"author":[{"embeddable":true,"href":"https:\/\/diarioprincipios.com\/index.php\/wp-json\/wp\/v2\/users\/2"}],"replies":[{"embeddable":true,"href":"https:\/\/diarioprincipios.com\/index.php\/wp-json\/wp\/v2\/comments?post=12791"}],"version-history":[{"count":1,"href":"https:\/\/diarioprincipios.com\/index.php\/wp-json\/wp\/v2\/posts\/12791\/revisions"}],"predecessor-version":[{"id":12795,"href":"https:\/\/diarioprincipios.com\/index.php\/wp-json\/wp\/v2\/posts\/12791\/revisions\/12795"}],"wp:featuredmedia":[{"embeddable":true,"href":"https:\/\/diarioprincipios.com\/index.php\/wp-json\/wp\/v2\/media\/12792"}],"wp:attachment":[{"href":"https:\/\/diarioprincipios.com\/index.php\/wp-json\/wp\/v2\/media?parent=12791"}],"wp:term":[{"taxonomy":"category","embeddable":true,"href":"https:\/\/diarioprincipios.com\/index.php\/wp-json\/wp\/v2\/categories?post=12791"},{"taxonomy":"post_tag","embeddable":true,"href":"https:\/\/diarioprincipios.com\/index.php\/wp-json\/wp\/v2\/tags?post=12791"}],"curies":[{"name":"wp","href":"https:\/\/api.w.org\/{rel}","templated":true}]}}