{"id":12761,"date":"2022-02-25T16:39:54","date_gmt":"2022-02-25T19:39:54","guid":{"rendered":"http:\/\/diarioprincipios.com\/?p=12761"},"modified":"2022-02-25T16:40:01","modified_gmt":"2022-02-25T19:40:01","slug":"el-estado-provincial-subsidiara-el-boleto-universitario","status":"publish","type":"post","link":"https:\/\/diarioprincipios.com\/index.php\/2022\/02\/25\/el-estado-provincial-subsidiara-el-boleto-universitario\/","title":{"rendered":"El estado provincial subsidiar\u00e1 el boleto universitario"},"content":{"rendered":"\n<p>El Ministro de Transporte de la Provincia de Buenos Aires,&nbsp;<strong>Jorge D&#8217;Onofrio<\/strong>, se reuni\u00f3 en Bah\u00eda Blanca con el Rector de la Universidad Nacional del Sur,&nbsp;<strong>Daniel Vega<\/strong>, y la Rectora de la Universidad Provincial del Sudoeste,&nbsp;<strong>Andrea Savoretti<\/strong>, para trabajar en la implementaci\u00f3n del&nbsp;&nbsp;Boleto Estudiantil para los alumnos de las respectivas instituciones acad\u00e9micas: \u00abFue una reuni\u00f3n para trabajar en la aplicaci\u00f3n del Boleto Universitario, un derecho para todos las y los universitarios\u00bb, explic\u00f3 D&#8217;Onofrio.<\/p>\n\n\n\n<p>En este sentido, el Ministro afirm\u00f3 que \u00abva a haber Boleto Universitario en toda la Provincia y ser\u00e1 este a\u00f1o\u00bb, y aclar\u00f3: \u00abLos costos van a ser absorbidos en un 100% por el Estado bonaerense como lo hace con todos los subsidios al Transporte\u00bb.<\/p>\n\n\n\n<p>A su vez, se explay\u00f3 respecto al acuerdo con las casas de estudios: \u00abSe firm\u00f3 el convenio con todas las universidades y estamos trabajando en el proceso para que llegue a los 135 distritos\u00bb.<\/p>\n\n\n\n<p>Adem\u00e1s, mantuvo un encuentro con el Intendente H\u00e9ctor Gay donde abordaron la cuesti\u00f3n de los subsidios que reciben las l\u00edneas de colectivos del distrito para readecuar la tarifa de los boletos y se comprometi\u00f3 a seguir trabajando en la tarea del Gobernador Kicillof de achicar la brecha entre los costos pasajes del Interior y el Conurbano.<\/p>\n\n\n\n<p>En Bah\u00eda Blanca tambi\u00e9n hizo entrega de 418 credenciales del Pase Libre Multimodal a las y los beneficiarios bahienses para el uso gratuito del transporte p\u00fablico de pasajeros de personas con discapacidad, trasplantados y en lista de espera de trasplantes: \u00abLa cuesti\u00f3n es cumplir con la Ley Provincial, reconocer y ampliar derechos como estipul\u00f3 el Gobernador, para brindar soluciones a los problemas de transporte de la gente\u00bb, sostuvo el Ministro.<\/p>\n\n\n\n<p>Por otra parte, el titular del \u00e1rea de Transporte de la Provincia recorri\u00f3 las instalaciones del Puerto de Bah\u00eda Blanca y se reuni\u00f3 Federico Susbielles, Presidente del Consorcio de Gesti\u00f3n, y el resto de las autoridades del Puerto, y acordaron la asistencia log\u00edstica, tanto sanitaria como en materia de seguridad, para recibir el aluvi\u00f3n de transportistas que arribar\u00e1n a la regi\u00f3n a descargar la cosecha gruesa que por la bajante del R\u00edo Paran\u00e1 no se puede realizar en su totalidad para la exportaci\u00f3n.<\/p>\n\n\n\n<p>En la reuni\u00f3n en el Puerto de Bah\u00eda Blanca estuvieron presentes los directores Fernando Compagnoni, Fabi\u00e1n Gurrado y Adri\u00e1n Forte; y los gerentes generales del Consorcio Alberto Carnevali, Federico Franchini y Juan Linares; la Diputada Provincial Fernanda Bevilacqua;&nbsp;&nbsp;y el Director de Transporte de Cargas del Ministerio de Transporte, Miguel Bettili.<\/p>\n","protected":false},"excerpt":{"rendered":"<p>El Ministro de Transporte de la Provincia de Buenos Aires,&nbsp;Jorge D&#8217;Onofrio, se reuni\u00f3 en Bah\u00eda Blanca con el Rector de la Universidad Nacional del Sur,&nbsp;Daniel Vega, y la Rectora de la Universidad Provincial del Sudoeste,&nbsp;Andrea Savoretti, para trabajar en la implementaci\u00f3n del&nbsp;&nbsp;Boleto Estudiantil para los alumnos de las respectivas instituciones acad\u00e9micas: \u00abFue una reuni\u00f3n para&#8230;<\/p>\n","protected":false},"author":2,"featured_media":12762,"comment_status":"open","ping_status":"open","sticky":false,"template":"","format":"standard","meta":{"footnotes":""},"categories":[7],"tags":[],"class_list":["post-12761","post","type-post","status-publish","format-standard","has-post-thumbnail","hentry","category-provincia"],"featured_image_src":"https:\/\/diarioprincipios.com\/wp-content\/uploads\/2022\/02\/PLM-Bahia-Blanca-1024x585.jpg","blog_images":{"medium":"https:\/\/diarioprincipios.com\/wp-content\/uploads\/2022\/02\/PLM-Bahia-Blanca-300x171.jpg","large":"https:\/\/diarioprincipios.com\/wp-content\/uploads\/2022\/02\/PLM-Bahia-Blanca-1024x585.jpg"},"ams_acf":[],"yoast_head":"<!-- This site is optimized with the Yoast SEO plugin v27.3 - https:\/\/yoast.com\/product\/yoast-seo-wordpress\/ -->\n<title>El estado provincial subsidiar\u00e1 el boleto universitario - Principios<\/title>\n<meta name=\"robots\" content=\"index, follow, max-snippet:-1, max-image-preview:large, max-video-preview:-1\" \/>\n<link rel=\"canonical\" href=\"https:\/\/diarioprincipios.com\/index.php\/2022\/02\/25\/el-estado-provincial-subsidiara-el-boleto-universitario\/\" \/>\n<meta property=\"og:locale\" content=\"es_ES\" \/>\n<meta property=\"og:type\" content=\"article\" \/>\n<meta property=\"og:title\" content=\"El estado provincial subsidiar\u00e1 el boleto universitario - Principios\" \/>\n<meta property=\"og:description\" content=\"El Ministro de Transporte de la Provincia de Buenos Aires,&nbsp;Jorge D&#8217;Onofrio, se reuni\u00f3 en Bah\u00eda Blanca con el Rector de la Universidad Nacional del Sur,&nbsp;Daniel Vega, y la Rectora de la Universidad Provincial del Sudoeste,&nbsp;Andrea Savoretti, para trabajar en la implementaci\u00f3n del&nbsp;&nbsp;Boleto Estudiantil para los alumnos de las respectivas instituciones acad\u00e9micas: \u00abFue una reuni\u00f3n para...\" \/>\n<meta property=\"og:url\" content=\"https:\/\/diarioprincipios.com\/index.php\/2022\/02\/25\/el-estado-provincial-subsidiara-el-boleto-universitario\/\" \/>\n<meta property=\"og:site_name\" content=\"Principios\" \/>\n<meta property=\"article:published_time\" content=\"2022-02-25T19:39:54+00:00\" \/>\n<meta property=\"article:modified_time\" content=\"2022-02-25T19:40:01+00:00\" \/>\n<meta property=\"og:image\" content=\"https:\/\/diarioprincipios.com\/wp-content\/uploads\/2022\/02\/PLM-Bahia-Blanca-scaled.jpg\" \/>\n\t<meta property=\"og:image:width\" content=\"2560\" \/>\n\t<meta property=\"og:image:height\" content=\"1462\" \/>\n\t<meta property=\"og:image:type\" content=\"image\/jpeg\" \/>\n<meta name=\"author\" content=\"Hern\u00e1n L\u00f3pez\" \/>\n<meta name=\"twitter:card\" content=\"summary_large_image\" \/>\n<meta name=\"twitter:label1\" content=\"Escrito por\" \/>\n\t<meta name=\"twitter:data1\" content=\"Hern\u00e1n L\u00f3pez\" \/>\n\t<meta name=\"twitter:label2\" content=\"Tiempo de lectura\" \/>\n\t<meta name=\"twitter:data2\" content=\"2 minutos\" \/>\n<script type=\"application\/ld+json\" class=\"yoast-schema-graph\">{\"@context\":\"https:\\\/\\\/schema.org\",\"@graph\":[{\"@type\":\"Article\",\"@id\":\"https:\\\/\\\/diarioprincipios.com\\\/index.php\\\/2022\\\/02\\\/25\\\/el-estado-provincial-subsidiara-el-boleto-universitario\\\/#article\",\"isPartOf\":{\"@id\":\"https:\\\/\\\/diarioprincipios.com\\\/index.php\\\/2022\\\/02\\\/25\\\/el-estado-provincial-subsidiara-el-boleto-universitario\\\/\"},\"author\":{\"name\":\"Hern\u00e1n L\u00f3pez\",\"@id\":\"https:\\\/\\\/diarioprincipios.com\\\/#\\\/schema\\\/person\\\/436d5a1fd41a5e250e23ff5a6a7cb080\"},\"headline\":\"El estado provincial subsidiar\u00e1 el boleto universitario\",\"datePublished\":\"2022-02-25T19:39:54+00:00\",\"dateModified\":\"2022-02-25T19:40:01+00:00\",\"mainEntityOfPage\":{\"@id\":\"https:\\\/\\\/diarioprincipios.com\\\/index.php\\\/2022\\\/02\\\/25\\\/el-estado-provincial-subsidiara-el-boleto-universitario\\\/\"},\"wordCount\":453,\"commentCount\":0,\"publisher\":{\"@id\":\"https:\\\/\\\/diarioprincipios.com\\\/#organization\"},\"image\":{\"@id\":\"https:\\\/\\\/diarioprincipios.com\\\/index.php\\\/2022\\\/02\\\/25\\\/el-estado-provincial-subsidiara-el-boleto-universitario\\\/#primaryimage\"},\"thumbnailUrl\":\"https:\\\/\\\/diarioprincipios.com\\\/wp-content\\\/uploads\\\/2022\\\/02\\\/PLM-Bahia-Blanca-scaled.jpg\",\"articleSection\":[\"Provincia\"],\"inLanguage\":\"es\",\"potentialAction\":[{\"@type\":\"CommentAction\",\"name\":\"Comment\",\"target\":[\"https:\\\/\\\/diarioprincipios.com\\\/index.php\\\/2022\\\/02\\\/25\\\/el-estado-provincial-subsidiara-el-boleto-universitario\\\/#respond\"]}]},{\"@type\":\"WebPage\",\"@id\":\"https:\\\/\\\/diarioprincipios.com\\\/index.php\\\/2022\\\/02\\\/25\\\/el-estado-provincial-subsidiara-el-boleto-universitario\\\/\",\"url\":\"https:\\\/\\\/diarioprincipios.com\\\/index.php\\\/2022\\\/02\\\/25\\\/el-estado-provincial-subsidiara-el-boleto-universitario\\\/\",\"name\":\"El estado provincial subsidiar\u00e1 el boleto universitario - Principios\",\"isPartOf\":{\"@id\":\"https:\\\/\\\/diarioprincipios.com\\\/#website\"},\"primaryImageOfPage\":{\"@id\":\"https:\\\/\\\/diarioprincipios.com\\\/index.php\\\/2022\\\/02\\\/25\\\/el-estado-provincial-subsidiara-el-boleto-universitario\\\/#primaryimage\"},\"image\":{\"@id\":\"https:\\\/\\\/diarioprincipios.com\\\/index.php\\\/2022\\\/02\\\/25\\\/el-estado-provincial-subsidiara-el-boleto-universitario\\\/#primaryimage\"},\"thumbnailUrl\":\"https:\\\/\\\/diarioprincipios.com\\\/wp-content\\\/uploads\\\/2022\\\/02\\\/PLM-Bahia-Blanca-scaled.jpg\",\"datePublished\":\"2022-02-25T19:39:54+00:00\",\"dateModified\":\"2022-02-25T19:40:01+00:00\",\"breadcrumb\":{\"@id\":\"https:\\\/\\\/diarioprincipios.com\\\/index.php\\\/2022\\\/02\\\/25\\\/el-estado-provincial-subsidiara-el-boleto-universitario\\\/#breadcrumb\"},\"inLanguage\":\"es\",\"potentialAction\":[{\"@type\":\"ReadAction\",\"target\":[\"https:\\\/\\\/diarioprincipios.com\\\/index.php\\\/2022\\\/02\\\/25\\\/el-estado-provincial-subsidiara-el-boleto-universitario\\\/\"]}]},{\"@type\":\"ImageObject\",\"inLanguage\":\"es\",\"@id\":\"https:\\\/\\\/diarioprincipios.com\\\/index.php\\\/2022\\\/02\\\/25\\\/el-estado-provincial-subsidiara-el-boleto-universitario\\\/#primaryimage\",\"url\":\"https:\\\/\\\/diarioprincipios.com\\\/wp-content\\\/uploads\\\/2022\\\/02\\\/PLM-Bahia-Blanca-scaled.jpg\",\"contentUrl\":\"https:\\\/\\\/diarioprincipios.com\\\/wp-content\\\/uploads\\\/2022\\\/02\\\/PLM-Bahia-Blanca-scaled.jpg\",\"width\":2560,\"height\":1462},{\"@type\":\"BreadcrumbList\",\"@id\":\"https:\\\/\\\/diarioprincipios.com\\\/index.php\\\/2022\\\/02\\\/25\\\/el-estado-provincial-subsidiara-el-boleto-universitario\\\/#breadcrumb\",\"itemListElement\":[{\"@type\":\"ListItem\",\"position\":1,\"name\":\"Portada\",\"item\":\"https:\\\/\\\/diarioprincipios.com\\\/\"},{\"@type\":\"ListItem\",\"position\":2,\"name\":\"El estado provincial subsidiar\u00e1 el boleto universitario\"}]},{\"@type\":\"WebSite\",\"@id\":\"https:\\\/\\\/diarioprincipios.com\\\/#website\",\"url\":\"https:\\\/\\\/diarioprincipios.com\\\/\",\"name\":\"Principios\",\"description\":\"Principios Diario\",\"publisher\":{\"@id\":\"https:\\\/\\\/diarioprincipios.com\\\/#organization\"},\"potentialAction\":[{\"@type\":\"SearchAction\",\"target\":{\"@type\":\"EntryPoint\",\"urlTemplate\":\"https:\\\/\\\/diarioprincipios.com\\\/?s={search_term_string}\"},\"query-input\":{\"@type\":\"PropertyValueSpecification\",\"valueRequired\":true,\"valueName\":\"search_term_string\"}}],\"inLanguage\":\"es\"},{\"@type\":\"Organization\",\"@id\":\"https:\\\/\\\/diarioprincipios.com\\\/#organization\",\"name\":\"Principios\",\"url\":\"https:\\\/\\\/diarioprincipios.com\\\/\",\"logo\":{\"@type\":\"ImageObject\",\"inLanguage\":\"es\",\"@id\":\"https:\\\/\\\/diarioprincipios.com\\\/#\\\/schema\\\/logo\\\/image\\\/\",\"url\":\"https:\\\/\\\/diarioprincipios.com\\\/wp-content\\\/uploads\\\/2024\\\/04\\\/cropped-www.diarioprincipios.com_-1.png\",\"contentUrl\":\"https:\\\/\\\/diarioprincipios.com\\\/wp-content\\\/uploads\\\/2024\\\/04\\\/cropped-www.diarioprincipios.com_-1.png\",\"width\":5325,\"height\":1454,\"caption\":\"Principios\"},\"image\":{\"@id\":\"https:\\\/\\\/diarioprincipios.com\\\/#\\\/schema\\\/logo\\\/image\\\/\"}},{\"@type\":\"Person\",\"@id\":\"https:\\\/\\\/diarioprincipios.com\\\/#\\\/schema\\\/person\\\/436d5a1fd41a5e250e23ff5a6a7cb080\",\"name\":\"Hern\u00e1n L\u00f3pez\",\"image\":{\"@type\":\"ImageObject\",\"inLanguage\":\"es\",\"@id\":\"https:\\\/\\\/diarioprincipios.com\\\/wp-content\\\/litespeed\\\/avatar\\\/11ddfe5610ff3bd100522525b2571f48.jpg?ver=1777653193\",\"url\":\"https:\\\/\\\/diarioprincipios.com\\\/wp-content\\\/litespeed\\\/avatar\\\/11ddfe5610ff3bd100522525b2571f48.jpg?ver=1777653193\",\"contentUrl\":\"https:\\\/\\\/diarioprincipios.com\\\/wp-content\\\/litespeed\\\/avatar\\\/11ddfe5610ff3bd100522525b2571f48.jpg?ver=1777653193\",\"caption\":\"Hern\u00e1n L\u00f3pez\"},\"url\":\"https:\\\/\\\/diarioprincipios.com\\\/index.php\\\/author\\\/hernan\\\/\"}]}<\/script>\n<!-- \/ Yoast SEO plugin. -->","yoast_head_json":{"title":"El estado provincial subsidiar\u00e1 el boleto universitario - Principios","robots":{"index":"index","follow":"follow","max-snippet":"max-snippet:-1","max-image-preview":"max-image-preview:large","max-video-preview":"max-video-preview:-1"},"canonical":"https:\/\/diarioprincipios.com\/index.php\/2022\/02\/25\/el-estado-provincial-subsidiara-el-boleto-universitario\/","og_locale":"es_ES","og_type":"article","og_title":"El estado provincial subsidiar\u00e1 el boleto universitario - Principios","og_description":"El Ministro de Transporte de la Provincia de Buenos Aires,&nbsp;Jorge D&#8217;Onofrio, se reuni\u00f3 en Bah\u00eda Blanca con el Rector de la Universidad Nacional del Sur,&nbsp;Daniel Vega, y la Rectora de la Universidad Provincial del Sudoeste,&nbsp;Andrea Savoretti, para trabajar en la implementaci\u00f3n del&nbsp;&nbsp;Boleto Estudiantil para los alumnos de las respectivas instituciones acad\u00e9micas: \u00abFue una reuni\u00f3n para...","og_url":"https:\/\/diarioprincipios.com\/index.php\/2022\/02\/25\/el-estado-provincial-subsidiara-el-boleto-universitario\/","og_site_name":"Principios","article_published_time":"2022-02-25T19:39:54+00:00","article_modified_time":"2022-02-25T19:40:01+00:00","og_image":[{"width":2560,"height":1462,"url":"https:\/\/diarioprincipios.com\/wp-content\/uploads\/2022\/02\/PLM-Bahia-Blanca-scaled.jpg","type":"image\/jpeg"}],"author":"Hern\u00e1n L\u00f3pez","twitter_card":"summary_large_image","twitter_misc":{"Escrito por":"Hern\u00e1n L\u00f3pez","Tiempo de lectura":"2 minutos"},"schema":{"@context":"https:\/\/schema.org","@graph":[{"@type":"Article","@id":"https:\/\/diarioprincipios.com\/index.php\/2022\/02\/25\/el-estado-provincial-subsidiara-el-boleto-universitario\/#article","isPartOf":{"@id":"https:\/\/diarioprincipios.com\/index.php\/2022\/02\/25\/el-estado-provincial-subsidiara-el-boleto-universitario\/"},"author":{"name":"Hern\u00e1n L\u00f3pez","@id":"https:\/\/diarioprincipios.com\/#\/schema\/person\/436d5a1fd41a5e250e23ff5a6a7cb080"},"headline":"El estado provincial subsidiar\u00e1 el boleto universitario","datePublished":"2022-02-25T19:39:54+00:00","dateModified":"2022-02-25T19:40:01+00:00","mainEntityOfPage":{"@id":"https:\/\/diarioprincipios.com\/index.php\/2022\/02\/25\/el-estado-provincial-subsidiara-el-boleto-universitario\/"},"wordCount":453,"commentCount":0,"publisher":{"@id":"https:\/\/diarioprincipios.com\/#organization"},"image":{"@id":"https:\/\/diarioprincipios.com\/index.php\/2022\/02\/25\/el-estado-provincial-subsidiara-el-boleto-universitario\/#primaryimage"},"thumbnailUrl":"https:\/\/diarioprincipios.com\/wp-content\/uploads\/2022\/02\/PLM-Bahia-Blanca-scaled.jpg","articleSection":["Provincia"],"inLanguage":"es","potentialAction":[{"@type":"CommentAction","name":"Comment","target":["https:\/\/diarioprincipios.com\/index.php\/2022\/02\/25\/el-estado-provincial-subsidiara-el-boleto-universitario\/#respond"]}]},{"@type":"WebPage","@id":"https:\/\/diarioprincipios.com\/index.php\/2022\/02\/25\/el-estado-provincial-subsidiara-el-boleto-universitario\/","url":"https:\/\/diarioprincipios.com\/index.php\/2022\/02\/25\/el-estado-provincial-subsidiara-el-boleto-universitario\/","name":"El estado provincial subsidiar\u00e1 el boleto universitario - Principios","isPartOf":{"@id":"https:\/\/diarioprincipios.com\/#website"},"primaryImageOfPage":{"@id":"https:\/\/diarioprincipios.com\/index.php\/2022\/02\/25\/el-estado-provincial-subsidiara-el-boleto-universitario\/#primaryimage"},"image":{"@id":"https:\/\/diarioprincipios.com\/index.php\/2022\/02\/25\/el-estado-provincial-subsidiara-el-boleto-universitario\/#primaryimage"},"thumbnailUrl":"https:\/\/diarioprincipios.com\/wp-content\/uploads\/2022\/02\/PLM-Bahia-Blanca-scaled.jpg","datePublished":"2022-02-25T19:39:54+00:00","dateModified":"2022-02-25T19:40:01+00:00","breadcrumb":{"@id":"https:\/\/diarioprincipios.com\/index.php\/2022\/02\/25\/el-estado-provincial-subsidiara-el-boleto-universitario\/#breadcrumb"},"inLanguage":"es","potentialAction":[{"@type":"ReadAction","target":["https:\/\/diarioprincipios.com\/index.php\/2022\/02\/25\/el-estado-provincial-subsidiara-el-boleto-universitario\/"]}]},{"@type":"ImageObject","inLanguage":"es","@id":"https:\/\/diarioprincipios.com\/index.php\/2022\/02\/25\/el-estado-provincial-subsidiara-el-boleto-universitario\/#primaryimage","url":"https:\/\/diarioprincipios.com\/wp-content\/uploads\/2022\/02\/PLM-Bahia-Blanca-scaled.jpg","contentUrl":"https:\/\/diarioprincipios.com\/wp-content\/uploads\/2022\/02\/PLM-Bahia-Blanca-scaled.jpg","width":2560,"height":1462},{"@type":"BreadcrumbList","@id":"https:\/\/diarioprincipios.com\/index.php\/2022\/02\/25\/el-estado-provincial-subsidiara-el-boleto-universitario\/#breadcrumb","itemListElement":[{"@type":"ListItem","position":1,"name":"Portada","item":"https:\/\/diarioprincipios.com\/"},{"@type":"ListItem","position":2,"name":"El estado provincial subsidiar\u00e1 el boleto universitario"}]},{"@type":"WebSite","@id":"https:\/\/diarioprincipios.com\/#website","url":"https:\/\/diarioprincipios.com\/","name":"Principios","description":"Principios Diario","publisher":{"@id":"https:\/\/diarioprincipios.com\/#organization"},"potentialAction":[{"@type":"SearchAction","target":{"@type":"EntryPoint","urlTemplate":"https:\/\/diarioprincipios.com\/?s={search_term_string}"},"query-input":{"@type":"PropertyValueSpecification","valueRequired":true,"valueName":"search_term_string"}}],"inLanguage":"es"},{"@type":"Organization","@id":"https:\/\/diarioprincipios.com\/#organization","name":"Principios","url":"https:\/\/diarioprincipios.com\/","logo":{"@type":"ImageObject","inLanguage":"es","@id":"https:\/\/diarioprincipios.com\/#\/schema\/logo\/image\/","url":"https:\/\/diarioprincipios.com\/wp-content\/uploads\/2024\/04\/cropped-www.diarioprincipios.com_-1.png","contentUrl":"https:\/\/diarioprincipios.com\/wp-content\/uploads\/2024\/04\/cropped-www.diarioprincipios.com_-1.png","width":5325,"height":1454,"caption":"Principios"},"image":{"@id":"https:\/\/diarioprincipios.com\/#\/schema\/logo\/image\/"}},{"@type":"Person","@id":"https:\/\/diarioprincipios.com\/#\/schema\/person\/436d5a1fd41a5e250e23ff5a6a7cb080","name":"Hern\u00e1n L\u00f3pez","image":{"@type":"ImageObject","inLanguage":"es","@id":"https:\/\/diarioprincipios.com\/wp-content\/litespeed\/avatar\/11ddfe5610ff3bd100522525b2571f48.jpg?ver=1777653193","url":"https:\/\/diarioprincipios.com\/wp-content\/litespeed\/avatar\/11ddfe5610ff3bd100522525b2571f48.jpg?ver=1777653193","contentUrl":"https:\/\/diarioprincipios.com\/wp-content\/litespeed\/avatar\/11ddfe5610ff3bd100522525b2571f48.jpg?ver=1777653193","caption":"Hern\u00e1n L\u00f3pez"},"url":"https:\/\/diarioprincipios.com\/index.php\/author\/hernan\/"}]}},"jetpack_featured_media_url":"https:\/\/diarioprincipios.com\/wp-content\/uploads\/2022\/02\/PLM-Bahia-Blanca-scaled.jpg","_links":{"self":[{"href":"https:\/\/diarioprincipios.com\/index.php\/wp-json\/wp\/v2\/posts\/12761","targetHints":{"allow":["GET"]}}],"collection":[{"href":"https:\/\/diarioprincipios.com\/index.php\/wp-json\/wp\/v2\/posts"}],"about":[{"href":"https:\/\/diarioprincipios.com\/index.php\/wp-json\/wp\/v2\/types\/post"}],"author":[{"embeddable":true,"href":"https:\/\/diarioprincipios.com\/index.php\/wp-json\/wp\/v2\/users\/2"}],"replies":[{"embeddable":true,"href":"https:\/\/diarioprincipios.com\/index.php\/wp-json\/wp\/v2\/comments?post=12761"}],"version-history":[{"count":1,"href":"https:\/\/diarioprincipios.com\/index.php\/wp-json\/wp\/v2\/posts\/12761\/revisions"}],"predecessor-version":[{"id":12763,"href":"https:\/\/diarioprincipios.com\/index.php\/wp-json\/wp\/v2\/posts\/12761\/revisions\/12763"}],"wp:featuredmedia":[{"embeddable":true,"href":"https:\/\/diarioprincipios.com\/index.php\/wp-json\/wp\/v2\/media\/12762"}],"wp:attachment":[{"href":"https:\/\/diarioprincipios.com\/index.php\/wp-json\/wp\/v2\/media?parent=12761"}],"wp:term":[{"taxonomy":"category","embeddable":true,"href":"https:\/\/diarioprincipios.com\/index.php\/wp-json\/wp\/v2\/categories?post=12761"},{"taxonomy":"post_tag","embeddable":true,"href":"https:\/\/diarioprincipios.com\/index.php\/wp-json\/wp\/v2\/tags?post=12761"}],"curies":[{"name":"wp","href":"https:\/\/api.w.org\/{rel}","templated":true}]}}