{"id":12729,"date":"2022-02-24T19:54:05","date_gmt":"2022-02-24T22:54:05","guid":{"rendered":"http:\/\/diarioprincipios.com\/?p=12729"},"modified":"2022-02-24T23:17:30","modified_gmt":"2022-02-25T02:17:30","slug":"ampliaron-la-vacunacion-libre-de-dosis-de-refuerzo","status":"publish","type":"post","link":"https:\/\/diarioprincipios.com\/index.php\/2022\/02\/24\/ampliaron-la-vacunacion-libre-de-dosis-de-refuerzo\/","title":{"rendered":"Ampliaron la Vacunaci\u00f3n Libre de Dosis de Refuerzo"},"content":{"rendered":"\n<p><strong>El Gobierno de la provincia de Buenos Aires anunci\u00f3 que los mayores de 18 a\u00f1os, que hayan cumplido 4 meses desde que completaron el esquema primario, ya pueden recibir su dosis de refuerzo contra el COVID-19 sin turno previo, en la Posta sanitaria m\u00e1s cercana a su domicilio.<\/strong><\/p>\n\n\n\n<p>Este grupo poblacional se suma a las personas gestantes o que se encuentren amamantando, inmunocomprometidos y personal de seguridad, educaci\u00f3n y salud bonaerenses, que ya pod\u00edan recibir el refuerzo sin cita previa al haber cumplido 4 meses desde que completaron el esquema primario, excepto los inmunocomprometidos que deb\u00edan esperar un mes.<\/p>\n\n\n\n<p>Asimismo, se recuerda que tanto la primera como la segunda dosis de la vacuna contra el coronavirus se aplica sin turno previo a todas aquellas personas mayores de 3 a\u00f1os, en cualquier Vacunatorio de la Provincia. En el caso de los menores de 13, deben concurrir con un adulto responsable, quien ser\u00e1 el encargado de firmar el consentimiento.<\/p>\n\n\n\n<figure class=\"wp-block-image size-full\"><img loading=\"lazy\" decoding=\"async\" width=\"900\" height=\"900\" src=\"https:\/\/diarioprincipios.com\/wp-content\/uploads\/2022\/02\/AMPLIARON-LA-VACUNACION-LIBRE-DE-DOSIS-DE-REFUERZO-CONTRA-EL-COVID-19.jpeg\" alt=\"\" class=\"wp-image-12730\" srcset=\"https:\/\/diarioprincipios.com\/wp-content\/uploads\/2022\/02\/AMPLIARON-LA-VACUNACION-LIBRE-DE-DOSIS-DE-REFUERZO-CONTRA-EL-COVID-19.jpeg 900w, https:\/\/diarioprincipios.com\/wp-content\/uploads\/2022\/02\/AMPLIARON-LA-VACUNACION-LIBRE-DE-DOSIS-DE-REFUERZO-CONTRA-EL-COVID-19-300x300.jpeg 300w, https:\/\/diarioprincipios.com\/wp-content\/uploads\/2022\/02\/AMPLIARON-LA-VACUNACION-LIBRE-DE-DOSIS-DE-REFUERZO-CONTRA-EL-COVID-19-150x150.jpeg 150w, https:\/\/diarioprincipios.com\/wp-content\/uploads\/2022\/02\/AMPLIARON-LA-VACUNACION-LIBRE-DE-DOSIS-DE-REFUERZO-CONTRA-EL-COVID-19-768x768.jpeg 768w\" sizes=\"auto, (max-width: 900px) 100vw, 900px\" \/><\/figure>\n\n\n\n<p>La Municipalidad de Berazategui, a cargo de Juan Jos\u00e9 Mussi, mantiene activas 5 Postas que funcionan todos los d\u00edas de 9.00 a 18.00:<br>&#8211; Polideportivo Municipal N\u00b0 3 (calle 459 e\/ 408 y 409, Juan Mar\u00eda Guti\u00e9rrez).<br>&#8211; SEDRONAR (calle 57 e\/ 128 y 129, Hudson).<br>&#8211; Delegaciones de PAMI en Barrio Mar\u00edtimo (calle 52 A N\u00b0 3125) y Berazategui Centro (Lisandro de la Torre e\/ 12 y 13).<br>&#8211; Centro de Actividades Roberto De Vicenzo (calle 18 y 148, Berazategui Centro).<\/p>\n\n\n\n<p><strong>LA NOCHE DE LAS VACUNAS 2<br><\/strong><br>Como parte de la campa\u00f1a de vacunaci\u00f3n, el Gobierno bonaerense anunci\u00f3 que este viernes 25 de febrero, de 20.00 a 00.00, m\u00e1s de 100 Postas nocturnas volver\u00e1n a abrir para iniciar, completar o reforzar el esquema de vacunaci\u00f3n contra el COVID-19.<\/p>\n\n\n\n<p>Berazategui se sumar\u00e1 nuevamente, con el Punto sanitario ubicado en el Centro de Actividades Roberto De Vicenzo (calle 148 y 18) y la sede de PAMI de la zona c\u00e9ntrica (Lisandro de la Torre e\/ 12 y 13). Para conocer m\u00e1s informaci\u00f3n, las y los interesados pueden ingresar a&nbsp;<a rel=\"noreferrer noopener\" target=\"_blank\" href=\"http:\/\/www.gba.gob.ar\/noche_de_las_vacunas\">www.gba.gob.ar\/noche_de_las_vacunas<\/a>.<\/p>\n","protected":false},"excerpt":{"rendered":"<p>El Gobierno de la provincia de Buenos Aires anunci\u00f3 que los mayores de 18 a\u00f1os, que hayan cumplido 4 meses desde que completaron el esquema primario, ya pueden recibir su dosis de refuerzo contra el COVID-19 sin turno previo, en la Posta sanitaria m\u00e1s cercana a su domicilio. Este grupo poblacional se suma a las&#8230;<\/p>\n","protected":false},"author":2,"featured_media":12731,"comment_status":"open","ping_status":"open","sticky":false,"template":"","format":"standard","meta":{"footnotes":""},"categories":[7],"tags":[],"class_list":["post-12729","post","type-post","status-publish","format-standard","has-post-thumbnail","hentry","category-provincia"],"featured_image_src":"https:\/\/diarioprincipios.com\/wp-content\/uploads\/2022\/02\/AMPLIARON-LA-VACUNACION-LIBRE-DE-DOSIS-DE-REFUERZO-CONTRA-EL-COVID-19-1024x683.jpg","blog_images":{"medium":"https:\/\/diarioprincipios.com\/wp-content\/uploads\/2022\/02\/AMPLIARON-LA-VACUNACION-LIBRE-DE-DOSIS-DE-REFUERZO-CONTRA-EL-COVID-19-300x200.jpg","large":"https:\/\/diarioprincipios.com\/wp-content\/uploads\/2022\/02\/AMPLIARON-LA-VACUNACION-LIBRE-DE-DOSIS-DE-REFUERZO-CONTRA-EL-COVID-19-1024x683.jpg"},"ams_acf":[],"yoast_head":"<!-- This site is optimized with the Yoast SEO plugin v27.3 - https:\/\/yoast.com\/product\/yoast-seo-wordpress\/ -->\n<title>Ampliaron la Vacunaci\u00f3n Libre de Dosis de Refuerzo - Principios<\/title>\n<meta name=\"robots\" content=\"index, follow, max-snippet:-1, max-image-preview:large, max-video-preview:-1\" \/>\n<link rel=\"canonical\" href=\"https:\/\/diarioprincipios.com\/index.php\/2022\/02\/24\/ampliaron-la-vacunacion-libre-de-dosis-de-refuerzo\/\" \/>\n<meta property=\"og:locale\" content=\"es_ES\" \/>\n<meta property=\"og:type\" content=\"article\" \/>\n<meta property=\"og:title\" content=\"Ampliaron la Vacunaci\u00f3n Libre de Dosis de Refuerzo - Principios\" \/>\n<meta property=\"og:description\" content=\"El Gobierno de la provincia de Buenos Aires anunci\u00f3 que los mayores de 18 a\u00f1os, que hayan cumplido 4 meses desde que completaron el esquema primario, ya pueden recibir su dosis de refuerzo contra el COVID-19 sin turno previo, en la Posta sanitaria m\u00e1s cercana a su domicilio. Este grupo poblacional se suma a las...\" \/>\n<meta property=\"og:url\" content=\"https:\/\/diarioprincipios.com\/index.php\/2022\/02\/24\/ampliaron-la-vacunacion-libre-de-dosis-de-refuerzo\/\" \/>\n<meta property=\"og:site_name\" content=\"Principios\" \/>\n<meta property=\"article:published_time\" content=\"2022-02-24T22:54:05+00:00\" \/>\n<meta property=\"article:modified_time\" content=\"2022-02-25T02:17:30+00:00\" \/>\n<meta property=\"og:image\" content=\"https:\/\/diarioprincipios.com\/wp-content\/uploads\/2022\/02\/AMPLIARON-LA-VACUNACION-LIBRE-DE-DOSIS-DE-REFUERZO-CONTRA-EL-COVID-19.jpg\" \/>\n\t<meta property=\"og:image:width\" content=\"1920\" \/>\n\t<meta property=\"og:image:height\" content=\"1280\" \/>\n\t<meta property=\"og:image:type\" content=\"image\/jpeg\" \/>\n<meta name=\"author\" content=\"Hern\u00e1n L\u00f3pez\" \/>\n<meta name=\"twitter:card\" content=\"summary_large_image\" \/>\n<meta name=\"twitter:label1\" content=\"Escrito por\" \/>\n\t<meta name=\"twitter:data1\" content=\"Hern\u00e1n L\u00f3pez\" \/>\n\t<meta name=\"twitter:label2\" content=\"Tiempo de lectura\" \/>\n\t<meta name=\"twitter:data2\" content=\"2 minutos\" \/>\n<script type=\"application\/ld+json\" class=\"yoast-schema-graph\">{\"@context\":\"https:\\\/\\\/schema.org\",\"@graph\":[{\"@type\":\"Article\",\"@id\":\"https:\\\/\\\/diarioprincipios.com\\\/index.php\\\/2022\\\/02\\\/24\\\/ampliaron-la-vacunacion-libre-de-dosis-de-refuerzo\\\/#article\",\"isPartOf\":{\"@id\":\"https:\\\/\\\/diarioprincipios.com\\\/index.php\\\/2022\\\/02\\\/24\\\/ampliaron-la-vacunacion-libre-de-dosis-de-refuerzo\\\/\"},\"author\":{\"name\":\"Hern\u00e1n L\u00f3pez\",\"@id\":\"https:\\\/\\\/diarioprincipios.com\\\/#\\\/schema\\\/person\\\/436d5a1fd41a5e250e23ff5a6a7cb080\"},\"headline\":\"Ampliaron la Vacunaci\u00f3n Libre de Dosis de Refuerzo\",\"datePublished\":\"2022-02-24T22:54:05+00:00\",\"dateModified\":\"2022-02-25T02:17:30+00:00\",\"mainEntityOfPage\":{\"@id\":\"https:\\\/\\\/diarioprincipios.com\\\/index.php\\\/2022\\\/02\\\/24\\\/ampliaron-la-vacunacion-libre-de-dosis-de-refuerzo\\\/\"},\"wordCount\":341,\"commentCount\":0,\"publisher\":{\"@id\":\"https:\\\/\\\/diarioprincipios.com\\\/#organization\"},\"image\":{\"@id\":\"https:\\\/\\\/diarioprincipios.com\\\/index.php\\\/2022\\\/02\\\/24\\\/ampliaron-la-vacunacion-libre-de-dosis-de-refuerzo\\\/#primaryimage\"},\"thumbnailUrl\":\"https:\\\/\\\/diarioprincipios.com\\\/wp-content\\\/uploads\\\/2022\\\/02\\\/AMPLIARON-LA-VACUNACION-LIBRE-DE-DOSIS-DE-REFUERZO-CONTRA-EL-COVID-19.jpg\",\"articleSection\":[\"Provincia\"],\"inLanguage\":\"es\",\"potentialAction\":[{\"@type\":\"CommentAction\",\"name\":\"Comment\",\"target\":[\"https:\\\/\\\/diarioprincipios.com\\\/index.php\\\/2022\\\/02\\\/24\\\/ampliaron-la-vacunacion-libre-de-dosis-de-refuerzo\\\/#respond\"]}]},{\"@type\":\"WebPage\",\"@id\":\"https:\\\/\\\/diarioprincipios.com\\\/index.php\\\/2022\\\/02\\\/24\\\/ampliaron-la-vacunacion-libre-de-dosis-de-refuerzo\\\/\",\"url\":\"https:\\\/\\\/diarioprincipios.com\\\/index.php\\\/2022\\\/02\\\/24\\\/ampliaron-la-vacunacion-libre-de-dosis-de-refuerzo\\\/\",\"name\":\"Ampliaron la Vacunaci\u00f3n Libre de Dosis de Refuerzo - Principios\",\"isPartOf\":{\"@id\":\"https:\\\/\\\/diarioprincipios.com\\\/#website\"},\"primaryImageOfPage\":{\"@id\":\"https:\\\/\\\/diarioprincipios.com\\\/index.php\\\/2022\\\/02\\\/24\\\/ampliaron-la-vacunacion-libre-de-dosis-de-refuerzo\\\/#primaryimage\"},\"image\":{\"@id\":\"https:\\\/\\\/diarioprincipios.com\\\/index.php\\\/2022\\\/02\\\/24\\\/ampliaron-la-vacunacion-libre-de-dosis-de-refuerzo\\\/#primaryimage\"},\"thumbnailUrl\":\"https:\\\/\\\/diarioprincipios.com\\\/wp-content\\\/uploads\\\/2022\\\/02\\\/AMPLIARON-LA-VACUNACION-LIBRE-DE-DOSIS-DE-REFUERZO-CONTRA-EL-COVID-19.jpg\",\"datePublished\":\"2022-02-24T22:54:05+00:00\",\"dateModified\":\"2022-02-25T02:17:30+00:00\",\"breadcrumb\":{\"@id\":\"https:\\\/\\\/diarioprincipios.com\\\/index.php\\\/2022\\\/02\\\/24\\\/ampliaron-la-vacunacion-libre-de-dosis-de-refuerzo\\\/#breadcrumb\"},\"inLanguage\":\"es\",\"potentialAction\":[{\"@type\":\"ReadAction\",\"target\":[\"https:\\\/\\\/diarioprincipios.com\\\/index.php\\\/2022\\\/02\\\/24\\\/ampliaron-la-vacunacion-libre-de-dosis-de-refuerzo\\\/\"]}]},{\"@type\":\"ImageObject\",\"inLanguage\":\"es\",\"@id\":\"https:\\\/\\\/diarioprincipios.com\\\/index.php\\\/2022\\\/02\\\/24\\\/ampliaron-la-vacunacion-libre-de-dosis-de-refuerzo\\\/#primaryimage\",\"url\":\"https:\\\/\\\/diarioprincipios.com\\\/wp-content\\\/uploads\\\/2022\\\/02\\\/AMPLIARON-LA-VACUNACION-LIBRE-DE-DOSIS-DE-REFUERZO-CONTRA-EL-COVID-19.jpg\",\"contentUrl\":\"https:\\\/\\\/diarioprincipios.com\\\/wp-content\\\/uploads\\\/2022\\\/02\\\/AMPLIARON-LA-VACUNACION-LIBRE-DE-DOSIS-DE-REFUERZO-CONTRA-EL-COVID-19.jpg\",\"width\":1920,\"height\":1280},{\"@type\":\"BreadcrumbList\",\"@id\":\"https:\\\/\\\/diarioprincipios.com\\\/index.php\\\/2022\\\/02\\\/24\\\/ampliaron-la-vacunacion-libre-de-dosis-de-refuerzo\\\/#breadcrumb\",\"itemListElement\":[{\"@type\":\"ListItem\",\"position\":1,\"name\":\"Portada\",\"item\":\"https:\\\/\\\/diarioprincipios.com\\\/\"},{\"@type\":\"ListItem\",\"position\":2,\"name\":\"Ampliaron la Vacunaci\u00f3n Libre de Dosis de Refuerzo\"}]},{\"@type\":\"WebSite\",\"@id\":\"https:\\\/\\\/diarioprincipios.com\\\/#website\",\"url\":\"https:\\\/\\\/diarioprincipios.com\\\/\",\"name\":\"Principios\",\"description\":\"Principios Diario\",\"publisher\":{\"@id\":\"https:\\\/\\\/diarioprincipios.com\\\/#organization\"},\"potentialAction\":[{\"@type\":\"SearchAction\",\"target\":{\"@type\":\"EntryPoint\",\"urlTemplate\":\"https:\\\/\\\/diarioprincipios.com\\\/?s={search_term_string}\"},\"query-input\":{\"@type\":\"PropertyValueSpecification\",\"valueRequired\":true,\"valueName\":\"search_term_string\"}}],\"inLanguage\":\"es\"},{\"@type\":\"Organization\",\"@id\":\"https:\\\/\\\/diarioprincipios.com\\\/#organization\",\"name\":\"Principios\",\"url\":\"https:\\\/\\\/diarioprincipios.com\\\/\",\"logo\":{\"@type\":\"ImageObject\",\"inLanguage\":\"es\",\"@id\":\"https:\\\/\\\/diarioprincipios.com\\\/#\\\/schema\\\/logo\\\/image\\\/\",\"url\":\"https:\\\/\\\/diarioprincipios.com\\\/wp-content\\\/uploads\\\/2024\\\/04\\\/cropped-www.diarioprincipios.com_-1.png\",\"contentUrl\":\"https:\\\/\\\/diarioprincipios.com\\\/wp-content\\\/uploads\\\/2024\\\/04\\\/cropped-www.diarioprincipios.com_-1.png\",\"width\":5325,\"height\":1454,\"caption\":\"Principios\"},\"image\":{\"@id\":\"https:\\\/\\\/diarioprincipios.com\\\/#\\\/schema\\\/logo\\\/image\\\/\"}},{\"@type\":\"Person\",\"@id\":\"https:\\\/\\\/diarioprincipios.com\\\/#\\\/schema\\\/person\\\/436d5a1fd41a5e250e23ff5a6a7cb080\",\"name\":\"Hern\u00e1n L\u00f3pez\",\"image\":{\"@type\":\"ImageObject\",\"inLanguage\":\"es\",\"@id\":\"https:\\\/\\\/diarioprincipios.com\\\/wp-content\\\/litespeed\\\/avatar\\\/11ddfe5610ff3bd100522525b2571f48.jpg?ver=1777653193\",\"url\":\"https:\\\/\\\/diarioprincipios.com\\\/wp-content\\\/litespeed\\\/avatar\\\/11ddfe5610ff3bd100522525b2571f48.jpg?ver=1777653193\",\"contentUrl\":\"https:\\\/\\\/diarioprincipios.com\\\/wp-content\\\/litespeed\\\/avatar\\\/11ddfe5610ff3bd100522525b2571f48.jpg?ver=1777653193\",\"caption\":\"Hern\u00e1n L\u00f3pez\"},\"url\":\"https:\\\/\\\/diarioprincipios.com\\\/index.php\\\/author\\\/hernan\\\/\"}]}<\/script>\n<!-- \/ Yoast SEO plugin. -->","yoast_head_json":{"title":"Ampliaron la Vacunaci\u00f3n Libre de Dosis de Refuerzo - Principios","robots":{"index":"index","follow":"follow","max-snippet":"max-snippet:-1","max-image-preview":"max-image-preview:large","max-video-preview":"max-video-preview:-1"},"canonical":"https:\/\/diarioprincipios.com\/index.php\/2022\/02\/24\/ampliaron-la-vacunacion-libre-de-dosis-de-refuerzo\/","og_locale":"es_ES","og_type":"article","og_title":"Ampliaron la Vacunaci\u00f3n Libre de Dosis de Refuerzo - Principios","og_description":"El Gobierno de la provincia de Buenos Aires anunci\u00f3 que los mayores de 18 a\u00f1os, que hayan cumplido 4 meses desde que completaron el esquema primario, ya pueden recibir su dosis de refuerzo contra el COVID-19 sin turno previo, en la Posta sanitaria m\u00e1s cercana a su domicilio. Este grupo poblacional se suma a las...","og_url":"https:\/\/diarioprincipios.com\/index.php\/2022\/02\/24\/ampliaron-la-vacunacion-libre-de-dosis-de-refuerzo\/","og_site_name":"Principios","article_published_time":"2022-02-24T22:54:05+00:00","article_modified_time":"2022-02-25T02:17:30+00:00","og_image":[{"width":1920,"height":1280,"url":"https:\/\/diarioprincipios.com\/wp-content\/uploads\/2022\/02\/AMPLIARON-LA-VACUNACION-LIBRE-DE-DOSIS-DE-REFUERZO-CONTRA-EL-COVID-19.jpg","type":"image\/jpeg"}],"author":"Hern\u00e1n L\u00f3pez","twitter_card":"summary_large_image","twitter_misc":{"Escrito por":"Hern\u00e1n L\u00f3pez","Tiempo de lectura":"2 minutos"},"schema":{"@context":"https:\/\/schema.org","@graph":[{"@type":"Article","@id":"https:\/\/diarioprincipios.com\/index.php\/2022\/02\/24\/ampliaron-la-vacunacion-libre-de-dosis-de-refuerzo\/#article","isPartOf":{"@id":"https:\/\/diarioprincipios.com\/index.php\/2022\/02\/24\/ampliaron-la-vacunacion-libre-de-dosis-de-refuerzo\/"},"author":{"name":"Hern\u00e1n L\u00f3pez","@id":"https:\/\/diarioprincipios.com\/#\/schema\/person\/436d5a1fd41a5e250e23ff5a6a7cb080"},"headline":"Ampliaron la Vacunaci\u00f3n Libre de Dosis de Refuerzo","datePublished":"2022-02-24T22:54:05+00:00","dateModified":"2022-02-25T02:17:30+00:00","mainEntityOfPage":{"@id":"https:\/\/diarioprincipios.com\/index.php\/2022\/02\/24\/ampliaron-la-vacunacion-libre-de-dosis-de-refuerzo\/"},"wordCount":341,"commentCount":0,"publisher":{"@id":"https:\/\/diarioprincipios.com\/#organization"},"image":{"@id":"https:\/\/diarioprincipios.com\/index.php\/2022\/02\/24\/ampliaron-la-vacunacion-libre-de-dosis-de-refuerzo\/#primaryimage"},"thumbnailUrl":"https:\/\/diarioprincipios.com\/wp-content\/uploads\/2022\/02\/AMPLIARON-LA-VACUNACION-LIBRE-DE-DOSIS-DE-REFUERZO-CONTRA-EL-COVID-19.jpg","articleSection":["Provincia"],"inLanguage":"es","potentialAction":[{"@type":"CommentAction","name":"Comment","target":["https:\/\/diarioprincipios.com\/index.php\/2022\/02\/24\/ampliaron-la-vacunacion-libre-de-dosis-de-refuerzo\/#respond"]}]},{"@type":"WebPage","@id":"https:\/\/diarioprincipios.com\/index.php\/2022\/02\/24\/ampliaron-la-vacunacion-libre-de-dosis-de-refuerzo\/","url":"https:\/\/diarioprincipios.com\/index.php\/2022\/02\/24\/ampliaron-la-vacunacion-libre-de-dosis-de-refuerzo\/","name":"Ampliaron la Vacunaci\u00f3n Libre de Dosis de Refuerzo - Principios","isPartOf":{"@id":"https:\/\/diarioprincipios.com\/#website"},"primaryImageOfPage":{"@id":"https:\/\/diarioprincipios.com\/index.php\/2022\/02\/24\/ampliaron-la-vacunacion-libre-de-dosis-de-refuerzo\/#primaryimage"},"image":{"@id":"https:\/\/diarioprincipios.com\/index.php\/2022\/02\/24\/ampliaron-la-vacunacion-libre-de-dosis-de-refuerzo\/#primaryimage"},"thumbnailUrl":"https:\/\/diarioprincipios.com\/wp-content\/uploads\/2022\/02\/AMPLIARON-LA-VACUNACION-LIBRE-DE-DOSIS-DE-REFUERZO-CONTRA-EL-COVID-19.jpg","datePublished":"2022-02-24T22:54:05+00:00","dateModified":"2022-02-25T02:17:30+00:00","breadcrumb":{"@id":"https:\/\/diarioprincipios.com\/index.php\/2022\/02\/24\/ampliaron-la-vacunacion-libre-de-dosis-de-refuerzo\/#breadcrumb"},"inLanguage":"es","potentialAction":[{"@type":"ReadAction","target":["https:\/\/diarioprincipios.com\/index.php\/2022\/02\/24\/ampliaron-la-vacunacion-libre-de-dosis-de-refuerzo\/"]}]},{"@type":"ImageObject","inLanguage":"es","@id":"https:\/\/diarioprincipios.com\/index.php\/2022\/02\/24\/ampliaron-la-vacunacion-libre-de-dosis-de-refuerzo\/#primaryimage","url":"https:\/\/diarioprincipios.com\/wp-content\/uploads\/2022\/02\/AMPLIARON-LA-VACUNACION-LIBRE-DE-DOSIS-DE-REFUERZO-CONTRA-EL-COVID-19.jpg","contentUrl":"https:\/\/diarioprincipios.com\/wp-content\/uploads\/2022\/02\/AMPLIARON-LA-VACUNACION-LIBRE-DE-DOSIS-DE-REFUERZO-CONTRA-EL-COVID-19.jpg","width":1920,"height":1280},{"@type":"BreadcrumbList","@id":"https:\/\/diarioprincipios.com\/index.php\/2022\/02\/24\/ampliaron-la-vacunacion-libre-de-dosis-de-refuerzo\/#breadcrumb","itemListElement":[{"@type":"ListItem","position":1,"name":"Portada","item":"https:\/\/diarioprincipios.com\/"},{"@type":"ListItem","position":2,"name":"Ampliaron la Vacunaci\u00f3n Libre de Dosis de Refuerzo"}]},{"@type":"WebSite","@id":"https:\/\/diarioprincipios.com\/#website","url":"https:\/\/diarioprincipios.com\/","name":"Principios","description":"Principios Diario","publisher":{"@id":"https:\/\/diarioprincipios.com\/#organization"},"potentialAction":[{"@type":"SearchAction","target":{"@type":"EntryPoint","urlTemplate":"https:\/\/diarioprincipios.com\/?s={search_term_string}"},"query-input":{"@type":"PropertyValueSpecification","valueRequired":true,"valueName":"search_term_string"}}],"inLanguage":"es"},{"@type":"Organization","@id":"https:\/\/diarioprincipios.com\/#organization","name":"Principios","url":"https:\/\/diarioprincipios.com\/","logo":{"@type":"ImageObject","inLanguage":"es","@id":"https:\/\/diarioprincipios.com\/#\/schema\/logo\/image\/","url":"https:\/\/diarioprincipios.com\/wp-content\/uploads\/2024\/04\/cropped-www.diarioprincipios.com_-1.png","contentUrl":"https:\/\/diarioprincipios.com\/wp-content\/uploads\/2024\/04\/cropped-www.diarioprincipios.com_-1.png","width":5325,"height":1454,"caption":"Principios"},"image":{"@id":"https:\/\/diarioprincipios.com\/#\/schema\/logo\/image\/"}},{"@type":"Person","@id":"https:\/\/diarioprincipios.com\/#\/schema\/person\/436d5a1fd41a5e250e23ff5a6a7cb080","name":"Hern\u00e1n L\u00f3pez","image":{"@type":"ImageObject","inLanguage":"es","@id":"https:\/\/diarioprincipios.com\/wp-content\/litespeed\/avatar\/11ddfe5610ff3bd100522525b2571f48.jpg?ver=1777653193","url":"https:\/\/diarioprincipios.com\/wp-content\/litespeed\/avatar\/11ddfe5610ff3bd100522525b2571f48.jpg?ver=1777653193","contentUrl":"https:\/\/diarioprincipios.com\/wp-content\/litespeed\/avatar\/11ddfe5610ff3bd100522525b2571f48.jpg?ver=1777653193","caption":"Hern\u00e1n L\u00f3pez"},"url":"https:\/\/diarioprincipios.com\/index.php\/author\/hernan\/"}]}},"jetpack_featured_media_url":"https:\/\/diarioprincipios.com\/wp-content\/uploads\/2022\/02\/AMPLIARON-LA-VACUNACION-LIBRE-DE-DOSIS-DE-REFUERZO-CONTRA-EL-COVID-19.jpg","_links":{"self":[{"href":"https:\/\/diarioprincipios.com\/index.php\/wp-json\/wp\/v2\/posts\/12729","targetHints":{"allow":["GET"]}}],"collection":[{"href":"https:\/\/diarioprincipios.com\/index.php\/wp-json\/wp\/v2\/posts"}],"about":[{"href":"https:\/\/diarioprincipios.com\/index.php\/wp-json\/wp\/v2\/types\/post"}],"author":[{"embeddable":true,"href":"https:\/\/diarioprincipios.com\/index.php\/wp-json\/wp\/v2\/users\/2"}],"replies":[{"embeddable":true,"href":"https:\/\/diarioprincipios.com\/index.php\/wp-json\/wp\/v2\/comments?post=12729"}],"version-history":[{"count":1,"href":"https:\/\/diarioprincipios.com\/index.php\/wp-json\/wp\/v2\/posts\/12729\/revisions"}],"predecessor-version":[{"id":12732,"href":"https:\/\/diarioprincipios.com\/index.php\/wp-json\/wp\/v2\/posts\/12729\/revisions\/12732"}],"wp:featuredmedia":[{"embeddable":true,"href":"https:\/\/diarioprincipios.com\/index.php\/wp-json\/wp\/v2\/media\/12731"}],"wp:attachment":[{"href":"https:\/\/diarioprincipios.com\/index.php\/wp-json\/wp\/v2\/media?parent=12729"}],"wp:term":[{"taxonomy":"category","embeddable":true,"href":"https:\/\/diarioprincipios.com\/index.php\/wp-json\/wp\/v2\/categories?post=12729"},{"taxonomy":"post_tag","embeddable":true,"href":"https:\/\/diarioprincipios.com\/index.php\/wp-json\/wp\/v2\/tags?post=12729"}],"curies":[{"name":"wp","href":"https:\/\/api.w.org\/{rel}","templated":true}]}}