{"id":12726,"date":"2022-02-24T19:48:05","date_gmt":"2022-02-24T22:48:05","guid":{"rendered":"http:\/\/diarioprincipios.com\/?p=12726"},"modified":"2022-02-24T19:48:08","modified_gmt":"2022-02-24T22:48:08","slug":"sesiono-el-hcd-de-quilmes","status":"publish","type":"post","link":"https:\/\/diarioprincipios.com\/index.php\/2022\/02\/24\/sesiono-el-hcd-de-quilmes\/","title":{"rendered":"Sesion\u00f3 el HCD de Quilmes"},"content":{"rendered":"\n<p>El presidente del Concejo Deliberante Fabio Baez, convoc\u00f3 a sesi\u00f3n Extraordinaria para tratar y aprobar dos iniciativas giradas por el Departamento Ejecutivo de Quilmes.<\/p>\n\n\n\n<p>De este modo, qued\u00f3 convalidado el Convenio Marco de Cooperaci\u00f3n suscripto entre la Municipalidad de Quilmes y el Colegio de Arquitectos de la Provincia de Buenos Aires, vigente&nbsp; por 3 a\u00f1os y cuyo objeto consiste en establecer relaciones de complementaci\u00f3n, cooperaci\u00f3n y asistencia rec\u00edproca de car\u00e1cter acad\u00e9mico, cultural, tecnol\u00f3gico y de servicio a trav\u00e9s de medidas de coordinaci\u00f3n y acci\u00f3n com\u00fan que beneficiar\u00e1n a la poblaci\u00f3n quilme\u00f1a.<\/p>\n\n\n\n<p><strong>Murgas, Patrimonio Cultural<\/strong><\/p>\n\n\n\n<p>Con &nbsp;la presencia &nbsp;de representantes del Colectivo de Murgas de Quilmes, &nbsp;los concejales por unanimidad votaron en forma afirmativa la ordenanza que&nbsp; declara \u201cPatrimonio Cultural Inmaterial\u201d del distrito, en los t\u00e9rminos de la Ley 26118, &nbsp;al g\u00e9nero art\u00edstico \u201cMurga\u201d cuyos principios rectores ser\u00e1n estimular y promocionar las distintas modalidades de ejecuci\u00f3n de estas, promover corrientes interpretativas, propiciar la acci\u00f3n de int\u00e9rpretes, autores\/as, compositores y docentes, promover el funcionamiento y la organizaci\u00f3n autogestiva de las entidades y agrupaciones cultoras del g\u00e9nero art\u00edstico \u201cMurga\u201d y la facilitaci\u00f3n del uso del espacio p\u00fablico para las pr\u00e1cticas, entre otras atribuciones que brinda la ordenanza que permitir\u00e1 adem\u00e1s la creaci\u00f3n&nbsp; del Registro Municipal de Murgas.<\/p>\n\n\n\n<p>Por su parte el titular del Cuerpo Fabio Baez, celebr\u00f3 la aprobaci\u00f3n de ambas iniciativas y tras felicitar a los representantes del Colectivo de Murgas, destac\u00f3, la importancia que tiene esta actividad,\u201cdonde se fomenta el compa\u00f1erismo, la diversidad cultural y la identidad de los pueblos\u201d.<\/p>\n","protected":false},"excerpt":{"rendered":"<p>El presidente del Concejo Deliberante Fabio Baez, convoc\u00f3 a sesi\u00f3n Extraordinaria para tratar y aprobar dos iniciativas giradas por el Departamento Ejecutivo de Quilmes. De este modo, qued\u00f3 convalidado el Convenio Marco de Cooperaci\u00f3n suscripto entre la Municipalidad de Quilmes y el Colegio de Arquitectos de la Provincia de Buenos Aires, vigente&nbsp; por 3 a\u00f1os&#8230;<\/p>\n","protected":false},"author":2,"featured_media":12727,"comment_status":"open","ping_status":"open","sticky":false,"template":"","format":"standard","meta":{"footnotes":""},"categories":[4],"tags":[],"class_list":["post-12726","post","type-post","status-publish","format-standard","has-post-thumbnail","hentry","category-quilmes"],"featured_image_src":"https:\/\/diarioprincipios.com\/wp-content\/uploads\/2022\/02\/foto3.jpg","blog_images":{"medium":"https:\/\/diarioprincipios.com\/wp-content\/uploads\/2022\/02\/foto3-300x167.jpg","large":"https:\/\/diarioprincipios.com\/wp-content\/uploads\/2022\/02\/foto3.jpg"},"ams_acf":[],"yoast_head":"<!-- This site is optimized with the Yoast SEO plugin v27.3 - https:\/\/yoast.com\/product\/yoast-seo-wordpress\/ -->\n<title>Sesion\u00f3 el HCD de Quilmes - Principios<\/title>\n<meta name=\"robots\" content=\"index, follow, max-snippet:-1, max-image-preview:large, max-video-preview:-1\" \/>\n<link rel=\"canonical\" href=\"https:\/\/diarioprincipios.com\/index.php\/2022\/02\/24\/sesiono-el-hcd-de-quilmes\/\" \/>\n<meta property=\"og:locale\" content=\"es_ES\" \/>\n<meta property=\"og:type\" content=\"article\" \/>\n<meta property=\"og:title\" content=\"Sesion\u00f3 el HCD de Quilmes - Principios\" \/>\n<meta property=\"og:description\" content=\"El presidente del Concejo Deliberante Fabio Baez, convoc\u00f3 a sesi\u00f3n Extraordinaria para tratar y aprobar dos iniciativas giradas por el Departamento Ejecutivo de Quilmes. De este modo, qued\u00f3 convalidado el Convenio Marco de Cooperaci\u00f3n suscripto entre la Municipalidad de Quilmes y el Colegio de Arquitectos de la Provincia de Buenos Aires, vigente&nbsp; por 3 a\u00f1os...\" \/>\n<meta property=\"og:url\" content=\"https:\/\/diarioprincipios.com\/index.php\/2022\/02\/24\/sesiono-el-hcd-de-quilmes\/\" \/>\n<meta property=\"og:site_name\" content=\"Principios\" \/>\n<meta property=\"article:published_time\" content=\"2022-02-24T22:48:05+00:00\" \/>\n<meta property=\"article:modified_time\" content=\"2022-02-24T22:48:08+00:00\" \/>\n<meta property=\"og:image\" content=\"https:\/\/diarioprincipios.com\/wp-content\/uploads\/2022\/02\/foto3.jpg\" \/>\n\t<meta property=\"og:image:width\" content=\"1024\" \/>\n\t<meta property=\"og:image:height\" content=\"569\" \/>\n\t<meta property=\"og:image:type\" content=\"image\/jpeg\" \/>\n<meta name=\"author\" content=\"Hern\u00e1n L\u00f3pez\" \/>\n<meta name=\"twitter:card\" content=\"summary_large_image\" \/>\n<meta name=\"twitter:label1\" content=\"Escrito por\" \/>\n\t<meta name=\"twitter:data1\" content=\"Hern\u00e1n L\u00f3pez\" \/>\n\t<meta name=\"twitter:label2\" content=\"Tiempo de lectura\" \/>\n\t<meta name=\"twitter:data2\" content=\"2 minutos\" \/>\n<script type=\"application\/ld+json\" class=\"yoast-schema-graph\">{\"@context\":\"https:\\\/\\\/schema.org\",\"@graph\":[{\"@type\":\"Article\",\"@id\":\"https:\\\/\\\/diarioprincipios.com\\\/index.php\\\/2022\\\/02\\\/24\\\/sesiono-el-hcd-de-quilmes\\\/#article\",\"isPartOf\":{\"@id\":\"https:\\\/\\\/diarioprincipios.com\\\/index.php\\\/2022\\\/02\\\/24\\\/sesiono-el-hcd-de-quilmes\\\/\"},\"author\":{\"name\":\"Hern\u00e1n L\u00f3pez\",\"@id\":\"https:\\\/\\\/diarioprincipios.com\\\/#\\\/schema\\\/person\\\/436d5a1fd41a5e250e23ff5a6a7cb080\"},\"headline\":\"Sesion\u00f3 el HCD de Quilmes\",\"datePublished\":\"2022-02-24T22:48:05+00:00\",\"dateModified\":\"2022-02-24T22:48:08+00:00\",\"mainEntityOfPage\":{\"@id\":\"https:\\\/\\\/diarioprincipios.com\\\/index.php\\\/2022\\\/02\\\/24\\\/sesiono-el-hcd-de-quilmes\\\/\"},\"wordCount\":294,\"commentCount\":0,\"publisher\":{\"@id\":\"https:\\\/\\\/diarioprincipios.com\\\/#organization\"},\"image\":{\"@id\":\"https:\\\/\\\/diarioprincipios.com\\\/index.php\\\/2022\\\/02\\\/24\\\/sesiono-el-hcd-de-quilmes\\\/#primaryimage\"},\"thumbnailUrl\":\"https:\\\/\\\/diarioprincipios.com\\\/wp-content\\\/uploads\\\/2022\\\/02\\\/foto3.jpg\",\"articleSection\":[\"Quilmes\"],\"inLanguage\":\"es\",\"potentialAction\":[{\"@type\":\"CommentAction\",\"name\":\"Comment\",\"target\":[\"https:\\\/\\\/diarioprincipios.com\\\/index.php\\\/2022\\\/02\\\/24\\\/sesiono-el-hcd-de-quilmes\\\/#respond\"]}]},{\"@type\":\"WebPage\",\"@id\":\"https:\\\/\\\/diarioprincipios.com\\\/index.php\\\/2022\\\/02\\\/24\\\/sesiono-el-hcd-de-quilmes\\\/\",\"url\":\"https:\\\/\\\/diarioprincipios.com\\\/index.php\\\/2022\\\/02\\\/24\\\/sesiono-el-hcd-de-quilmes\\\/\",\"name\":\"Sesion\u00f3 el HCD de Quilmes - Principios\",\"isPartOf\":{\"@id\":\"https:\\\/\\\/diarioprincipios.com\\\/#website\"},\"primaryImageOfPage\":{\"@id\":\"https:\\\/\\\/diarioprincipios.com\\\/index.php\\\/2022\\\/02\\\/24\\\/sesiono-el-hcd-de-quilmes\\\/#primaryimage\"},\"image\":{\"@id\":\"https:\\\/\\\/diarioprincipios.com\\\/index.php\\\/2022\\\/02\\\/24\\\/sesiono-el-hcd-de-quilmes\\\/#primaryimage\"},\"thumbnailUrl\":\"https:\\\/\\\/diarioprincipios.com\\\/wp-content\\\/uploads\\\/2022\\\/02\\\/foto3.jpg\",\"datePublished\":\"2022-02-24T22:48:05+00:00\",\"dateModified\":\"2022-02-24T22:48:08+00:00\",\"breadcrumb\":{\"@id\":\"https:\\\/\\\/diarioprincipios.com\\\/index.php\\\/2022\\\/02\\\/24\\\/sesiono-el-hcd-de-quilmes\\\/#breadcrumb\"},\"inLanguage\":\"es\",\"potentialAction\":[{\"@type\":\"ReadAction\",\"target\":[\"https:\\\/\\\/diarioprincipios.com\\\/index.php\\\/2022\\\/02\\\/24\\\/sesiono-el-hcd-de-quilmes\\\/\"]}]},{\"@type\":\"ImageObject\",\"inLanguage\":\"es\",\"@id\":\"https:\\\/\\\/diarioprincipios.com\\\/index.php\\\/2022\\\/02\\\/24\\\/sesiono-el-hcd-de-quilmes\\\/#primaryimage\",\"url\":\"https:\\\/\\\/diarioprincipios.com\\\/wp-content\\\/uploads\\\/2022\\\/02\\\/foto3.jpg\",\"contentUrl\":\"https:\\\/\\\/diarioprincipios.com\\\/wp-content\\\/uploads\\\/2022\\\/02\\\/foto3.jpg\",\"width\":1024,\"height\":569},{\"@type\":\"BreadcrumbList\",\"@id\":\"https:\\\/\\\/diarioprincipios.com\\\/index.php\\\/2022\\\/02\\\/24\\\/sesiono-el-hcd-de-quilmes\\\/#breadcrumb\",\"itemListElement\":[{\"@type\":\"ListItem\",\"position\":1,\"name\":\"Portada\",\"item\":\"https:\\\/\\\/diarioprincipios.com\\\/\"},{\"@type\":\"ListItem\",\"position\":2,\"name\":\"Sesion\u00f3 el HCD de Quilmes\"}]},{\"@type\":\"WebSite\",\"@id\":\"https:\\\/\\\/diarioprincipios.com\\\/#website\",\"url\":\"https:\\\/\\\/diarioprincipios.com\\\/\",\"name\":\"Principios\",\"description\":\"Principios Diario\",\"publisher\":{\"@id\":\"https:\\\/\\\/diarioprincipios.com\\\/#organization\"},\"potentialAction\":[{\"@type\":\"SearchAction\",\"target\":{\"@type\":\"EntryPoint\",\"urlTemplate\":\"https:\\\/\\\/diarioprincipios.com\\\/?s={search_term_string}\"},\"query-input\":{\"@type\":\"PropertyValueSpecification\",\"valueRequired\":true,\"valueName\":\"search_term_string\"}}],\"inLanguage\":\"es\"},{\"@type\":\"Organization\",\"@id\":\"https:\\\/\\\/diarioprincipios.com\\\/#organization\",\"name\":\"Principios\",\"url\":\"https:\\\/\\\/diarioprincipios.com\\\/\",\"logo\":{\"@type\":\"ImageObject\",\"inLanguage\":\"es\",\"@id\":\"https:\\\/\\\/diarioprincipios.com\\\/#\\\/schema\\\/logo\\\/image\\\/\",\"url\":\"https:\\\/\\\/diarioprincipios.com\\\/wp-content\\\/uploads\\\/2024\\\/04\\\/cropped-www.diarioprincipios.com_-1.png\",\"contentUrl\":\"https:\\\/\\\/diarioprincipios.com\\\/wp-content\\\/uploads\\\/2024\\\/04\\\/cropped-www.diarioprincipios.com_-1.png\",\"width\":5325,\"height\":1454,\"caption\":\"Principios\"},\"image\":{\"@id\":\"https:\\\/\\\/diarioprincipios.com\\\/#\\\/schema\\\/logo\\\/image\\\/\"}},{\"@type\":\"Person\",\"@id\":\"https:\\\/\\\/diarioprincipios.com\\\/#\\\/schema\\\/person\\\/436d5a1fd41a5e250e23ff5a6a7cb080\",\"name\":\"Hern\u00e1n L\u00f3pez\",\"image\":{\"@type\":\"ImageObject\",\"inLanguage\":\"es\",\"@id\":\"https:\\\/\\\/diarioprincipios.com\\\/wp-content\\\/litespeed\\\/avatar\\\/11ddfe5610ff3bd100522525b2571f48.jpg?ver=1777653193\",\"url\":\"https:\\\/\\\/diarioprincipios.com\\\/wp-content\\\/litespeed\\\/avatar\\\/11ddfe5610ff3bd100522525b2571f48.jpg?ver=1777653193\",\"contentUrl\":\"https:\\\/\\\/diarioprincipios.com\\\/wp-content\\\/litespeed\\\/avatar\\\/11ddfe5610ff3bd100522525b2571f48.jpg?ver=1777653193\",\"caption\":\"Hern\u00e1n L\u00f3pez\"},\"url\":\"https:\\\/\\\/diarioprincipios.com\\\/index.php\\\/author\\\/hernan\\\/\"}]}<\/script>\n<!-- \/ Yoast SEO plugin. -->","yoast_head_json":{"title":"Sesion\u00f3 el HCD de Quilmes - Principios","robots":{"index":"index","follow":"follow","max-snippet":"max-snippet:-1","max-image-preview":"max-image-preview:large","max-video-preview":"max-video-preview:-1"},"canonical":"https:\/\/diarioprincipios.com\/index.php\/2022\/02\/24\/sesiono-el-hcd-de-quilmes\/","og_locale":"es_ES","og_type":"article","og_title":"Sesion\u00f3 el HCD de Quilmes - Principios","og_description":"El presidente del Concejo Deliberante Fabio Baez, convoc\u00f3 a sesi\u00f3n Extraordinaria para tratar y aprobar dos iniciativas giradas por el Departamento Ejecutivo de Quilmes. De este modo, qued\u00f3 convalidado el Convenio Marco de Cooperaci\u00f3n suscripto entre la Municipalidad de Quilmes y el Colegio de Arquitectos de la Provincia de Buenos Aires, vigente&nbsp; por 3 a\u00f1os...","og_url":"https:\/\/diarioprincipios.com\/index.php\/2022\/02\/24\/sesiono-el-hcd-de-quilmes\/","og_site_name":"Principios","article_published_time":"2022-02-24T22:48:05+00:00","article_modified_time":"2022-02-24T22:48:08+00:00","og_image":[{"width":1024,"height":569,"url":"https:\/\/diarioprincipios.com\/wp-content\/uploads\/2022\/02\/foto3.jpg","type":"image\/jpeg"}],"author":"Hern\u00e1n L\u00f3pez","twitter_card":"summary_large_image","twitter_misc":{"Escrito por":"Hern\u00e1n L\u00f3pez","Tiempo de lectura":"2 minutos"},"schema":{"@context":"https:\/\/schema.org","@graph":[{"@type":"Article","@id":"https:\/\/diarioprincipios.com\/index.php\/2022\/02\/24\/sesiono-el-hcd-de-quilmes\/#article","isPartOf":{"@id":"https:\/\/diarioprincipios.com\/index.php\/2022\/02\/24\/sesiono-el-hcd-de-quilmes\/"},"author":{"name":"Hern\u00e1n L\u00f3pez","@id":"https:\/\/diarioprincipios.com\/#\/schema\/person\/436d5a1fd41a5e250e23ff5a6a7cb080"},"headline":"Sesion\u00f3 el HCD de Quilmes","datePublished":"2022-02-24T22:48:05+00:00","dateModified":"2022-02-24T22:48:08+00:00","mainEntityOfPage":{"@id":"https:\/\/diarioprincipios.com\/index.php\/2022\/02\/24\/sesiono-el-hcd-de-quilmes\/"},"wordCount":294,"commentCount":0,"publisher":{"@id":"https:\/\/diarioprincipios.com\/#organization"},"image":{"@id":"https:\/\/diarioprincipios.com\/index.php\/2022\/02\/24\/sesiono-el-hcd-de-quilmes\/#primaryimage"},"thumbnailUrl":"https:\/\/diarioprincipios.com\/wp-content\/uploads\/2022\/02\/foto3.jpg","articleSection":["Quilmes"],"inLanguage":"es","potentialAction":[{"@type":"CommentAction","name":"Comment","target":["https:\/\/diarioprincipios.com\/index.php\/2022\/02\/24\/sesiono-el-hcd-de-quilmes\/#respond"]}]},{"@type":"WebPage","@id":"https:\/\/diarioprincipios.com\/index.php\/2022\/02\/24\/sesiono-el-hcd-de-quilmes\/","url":"https:\/\/diarioprincipios.com\/index.php\/2022\/02\/24\/sesiono-el-hcd-de-quilmes\/","name":"Sesion\u00f3 el HCD de Quilmes - Principios","isPartOf":{"@id":"https:\/\/diarioprincipios.com\/#website"},"primaryImageOfPage":{"@id":"https:\/\/diarioprincipios.com\/index.php\/2022\/02\/24\/sesiono-el-hcd-de-quilmes\/#primaryimage"},"image":{"@id":"https:\/\/diarioprincipios.com\/index.php\/2022\/02\/24\/sesiono-el-hcd-de-quilmes\/#primaryimage"},"thumbnailUrl":"https:\/\/diarioprincipios.com\/wp-content\/uploads\/2022\/02\/foto3.jpg","datePublished":"2022-02-24T22:48:05+00:00","dateModified":"2022-02-24T22:48:08+00:00","breadcrumb":{"@id":"https:\/\/diarioprincipios.com\/index.php\/2022\/02\/24\/sesiono-el-hcd-de-quilmes\/#breadcrumb"},"inLanguage":"es","potentialAction":[{"@type":"ReadAction","target":["https:\/\/diarioprincipios.com\/index.php\/2022\/02\/24\/sesiono-el-hcd-de-quilmes\/"]}]},{"@type":"ImageObject","inLanguage":"es","@id":"https:\/\/diarioprincipios.com\/index.php\/2022\/02\/24\/sesiono-el-hcd-de-quilmes\/#primaryimage","url":"https:\/\/diarioprincipios.com\/wp-content\/uploads\/2022\/02\/foto3.jpg","contentUrl":"https:\/\/diarioprincipios.com\/wp-content\/uploads\/2022\/02\/foto3.jpg","width":1024,"height":569},{"@type":"BreadcrumbList","@id":"https:\/\/diarioprincipios.com\/index.php\/2022\/02\/24\/sesiono-el-hcd-de-quilmes\/#breadcrumb","itemListElement":[{"@type":"ListItem","position":1,"name":"Portada","item":"https:\/\/diarioprincipios.com\/"},{"@type":"ListItem","position":2,"name":"Sesion\u00f3 el HCD de Quilmes"}]},{"@type":"WebSite","@id":"https:\/\/diarioprincipios.com\/#website","url":"https:\/\/diarioprincipios.com\/","name":"Principios","description":"Principios Diario","publisher":{"@id":"https:\/\/diarioprincipios.com\/#organization"},"potentialAction":[{"@type":"SearchAction","target":{"@type":"EntryPoint","urlTemplate":"https:\/\/diarioprincipios.com\/?s={search_term_string}"},"query-input":{"@type":"PropertyValueSpecification","valueRequired":true,"valueName":"search_term_string"}}],"inLanguage":"es"},{"@type":"Organization","@id":"https:\/\/diarioprincipios.com\/#organization","name":"Principios","url":"https:\/\/diarioprincipios.com\/","logo":{"@type":"ImageObject","inLanguage":"es","@id":"https:\/\/diarioprincipios.com\/#\/schema\/logo\/image\/","url":"https:\/\/diarioprincipios.com\/wp-content\/uploads\/2024\/04\/cropped-www.diarioprincipios.com_-1.png","contentUrl":"https:\/\/diarioprincipios.com\/wp-content\/uploads\/2024\/04\/cropped-www.diarioprincipios.com_-1.png","width":5325,"height":1454,"caption":"Principios"},"image":{"@id":"https:\/\/diarioprincipios.com\/#\/schema\/logo\/image\/"}},{"@type":"Person","@id":"https:\/\/diarioprincipios.com\/#\/schema\/person\/436d5a1fd41a5e250e23ff5a6a7cb080","name":"Hern\u00e1n L\u00f3pez","image":{"@type":"ImageObject","inLanguage":"es","@id":"https:\/\/diarioprincipios.com\/wp-content\/litespeed\/avatar\/11ddfe5610ff3bd100522525b2571f48.jpg?ver=1777653193","url":"https:\/\/diarioprincipios.com\/wp-content\/litespeed\/avatar\/11ddfe5610ff3bd100522525b2571f48.jpg?ver=1777653193","contentUrl":"https:\/\/diarioprincipios.com\/wp-content\/litespeed\/avatar\/11ddfe5610ff3bd100522525b2571f48.jpg?ver=1777653193","caption":"Hern\u00e1n L\u00f3pez"},"url":"https:\/\/diarioprincipios.com\/index.php\/author\/hernan\/"}]}},"jetpack_featured_media_url":"https:\/\/diarioprincipios.com\/wp-content\/uploads\/2022\/02\/foto3.jpg","_links":{"self":[{"href":"https:\/\/diarioprincipios.com\/index.php\/wp-json\/wp\/v2\/posts\/12726","targetHints":{"allow":["GET"]}}],"collection":[{"href":"https:\/\/diarioprincipios.com\/index.php\/wp-json\/wp\/v2\/posts"}],"about":[{"href":"https:\/\/diarioprincipios.com\/index.php\/wp-json\/wp\/v2\/types\/post"}],"author":[{"embeddable":true,"href":"https:\/\/diarioprincipios.com\/index.php\/wp-json\/wp\/v2\/users\/2"}],"replies":[{"embeddable":true,"href":"https:\/\/diarioprincipios.com\/index.php\/wp-json\/wp\/v2\/comments?post=12726"}],"version-history":[{"count":1,"href":"https:\/\/diarioprincipios.com\/index.php\/wp-json\/wp\/v2\/posts\/12726\/revisions"}],"predecessor-version":[{"id":12728,"href":"https:\/\/diarioprincipios.com\/index.php\/wp-json\/wp\/v2\/posts\/12726\/revisions\/12728"}],"wp:featuredmedia":[{"embeddable":true,"href":"https:\/\/diarioprincipios.com\/index.php\/wp-json\/wp\/v2\/media\/12727"}],"wp:attachment":[{"href":"https:\/\/diarioprincipios.com\/index.php\/wp-json\/wp\/v2\/media?parent=12726"}],"wp:term":[{"taxonomy":"category","embeddable":true,"href":"https:\/\/diarioprincipios.com\/index.php\/wp-json\/wp\/v2\/categories?post=12726"},{"taxonomy":"post_tag","embeddable":true,"href":"https:\/\/diarioprincipios.com\/index.php\/wp-json\/wp\/v2\/tags?post=12726"}],"curies":[{"name":"wp","href":"https:\/\/api.w.org\/{rel}","templated":true}]}}