{"id":12715,"date":"2022-02-23T11:36:59","date_gmt":"2022-02-23T14:36:59","guid":{"rendered":"http:\/\/diarioprincipios.com\/?p=12715"},"modified":"2022-02-23T11:37:06","modified_gmt":"2022-02-23T14:37:06","slug":"trabajos-de-bacheo-en-quilmes-centro","status":"publish","type":"post","link":"https:\/\/diarioprincipios.com\/index.php\/2022\/02\/23\/trabajos-de-bacheo-en-quilmes-centro\/","title":{"rendered":"Trabajos de Bacheo en Quilmes Centro"},"content":{"rendered":"\n<p>Se siguen desarrollando las tareas de bacheo en distintos puntos del Centro de Quilmes, con el objetivo de mejorar la circulaci\u00f3n de los veh\u00edculos y la seguridad vial.<\/p>\n\n\n\n<p>Durante la ma\u00f1ana del viernes, personal de la Secretar\u00eda de Servicios P\u00fablicos de la Comuna, a cargo de \u00c1ngel Garc\u00eda, estuvo trabajando en la reparaci\u00f3n de pozos ubicados en la calle Sarmiento entre Alberdi y Conesa; como as\u00ed tambi\u00e9n, en la intersecci\u00f3n de las arterias Garibaldi y San Mart\u00edn.<\/p>\n\n\n\n<p>Tambi\u00e9n durante la jornada del jueves, se realizaron trabajos de refacci\u00f3n de la calzada en el tramo de la calle Olavarr\u00eda que va desde la avenida Hip\u00f3lito Yrigoyen hasta San Mart\u00edn.<\/p>\n","protected":false},"excerpt":{"rendered":"<p>Se siguen desarrollando las tareas de bacheo en distintos puntos del Centro de Quilmes, con el objetivo de mejorar la circulaci\u00f3n de los veh\u00edculos y la seguridad vial. Durante la ma\u00f1ana del viernes, personal de la Secretar\u00eda de Servicios P\u00fablicos de la Comuna, a cargo de \u00c1ngel Garc\u00eda, estuvo trabajando en la reparaci\u00f3n de pozos&#8230;<\/p>\n","protected":false},"author":2,"featured_media":12716,"comment_status":"open","ping_status":"open","sticky":false,"template":"","format":"standard","meta":{"footnotes":""},"categories":[4],"tags":[],"class_list":["post-12715","post","type-post","status-publish","format-standard","has-post-thumbnail","hentry","category-quilmes"],"featured_image_src":"https:\/\/diarioprincipios.com\/wp-content\/uploads\/2022\/02\/CONTINUAN-LOS-TRABAJOS-DE-BACHEO-EN-LA-ZONA-CENTRICA-DE-QUILMES-1-1024x705.jpeg","blog_images":{"medium":"https:\/\/diarioprincipios.com\/wp-content\/uploads\/2022\/02\/CONTINUAN-LOS-TRABAJOS-DE-BACHEO-EN-LA-ZONA-CENTRICA-DE-QUILMES-1-300x207.jpeg","large":"https:\/\/diarioprincipios.com\/wp-content\/uploads\/2022\/02\/CONTINUAN-LOS-TRABAJOS-DE-BACHEO-EN-LA-ZONA-CENTRICA-DE-QUILMES-1-1024x705.jpeg"},"ams_acf":[],"yoast_head":"<!-- This site is optimized with the Yoast SEO plugin v27.3 - https:\/\/yoast.com\/product\/yoast-seo-wordpress\/ -->\n<title>Trabajos de Bacheo en Quilmes Centro - Principios<\/title>\n<meta name=\"robots\" content=\"index, follow, max-snippet:-1, max-image-preview:large, max-video-preview:-1\" \/>\n<link rel=\"canonical\" href=\"https:\/\/diarioprincipios.com\/index.php\/2022\/02\/23\/trabajos-de-bacheo-en-quilmes-centro\/\" \/>\n<meta property=\"og:locale\" content=\"es_ES\" \/>\n<meta property=\"og:type\" content=\"article\" \/>\n<meta property=\"og:title\" content=\"Trabajos de Bacheo en Quilmes Centro - Principios\" \/>\n<meta property=\"og:description\" content=\"Se siguen desarrollando las tareas de bacheo en distintos puntos del Centro de Quilmes, con el objetivo de mejorar la circulaci\u00f3n de los veh\u00edculos y la seguridad vial. Durante la ma\u00f1ana del viernes, personal de la Secretar\u00eda de Servicios P\u00fablicos de la Comuna, a cargo de \u00c1ngel Garc\u00eda, estuvo trabajando en la reparaci\u00f3n de pozos...\" \/>\n<meta property=\"og:url\" content=\"https:\/\/diarioprincipios.com\/index.php\/2022\/02\/23\/trabajos-de-bacheo-en-quilmes-centro\/\" \/>\n<meta property=\"og:site_name\" content=\"Principios\" \/>\n<meta property=\"article:published_time\" content=\"2022-02-23T14:36:59+00:00\" \/>\n<meta property=\"article:modified_time\" content=\"2022-02-23T14:37:06+00:00\" \/>\n<meta property=\"og:image\" content=\"https:\/\/diarioprincipios.com\/wp-content\/uploads\/2022\/02\/CONTINUAN-LOS-TRABAJOS-DE-BACHEO-EN-LA-ZONA-CENTRICA-DE-QUILMES-1.jpeg\" \/>\n\t<meta property=\"og:image:width\" content=\"1200\" \/>\n\t<meta property=\"og:image:height\" content=\"826\" \/>\n\t<meta property=\"og:image:type\" content=\"image\/jpeg\" \/>\n<meta name=\"author\" content=\"Hern\u00e1n L\u00f3pez\" \/>\n<meta name=\"twitter:card\" content=\"summary_large_image\" \/>\n<meta name=\"twitter:label1\" content=\"Escrito por\" \/>\n\t<meta name=\"twitter:data1\" content=\"Hern\u00e1n L\u00f3pez\" \/>\n\t<meta name=\"twitter:label2\" content=\"Tiempo de lectura\" \/>\n\t<meta name=\"twitter:data2\" content=\"1 minuto\" \/>\n<script type=\"application\/ld+json\" class=\"yoast-schema-graph\">{\"@context\":\"https:\\\/\\\/schema.org\",\"@graph\":[{\"@type\":\"Article\",\"@id\":\"https:\\\/\\\/diarioprincipios.com\\\/index.php\\\/2022\\\/02\\\/23\\\/trabajos-de-bacheo-en-quilmes-centro\\\/#article\",\"isPartOf\":{\"@id\":\"https:\\\/\\\/diarioprincipios.com\\\/index.php\\\/2022\\\/02\\\/23\\\/trabajos-de-bacheo-en-quilmes-centro\\\/\"},\"author\":{\"name\":\"Hern\u00e1n L\u00f3pez\",\"@id\":\"https:\\\/\\\/diarioprincipios.com\\\/#\\\/schema\\\/person\\\/436d5a1fd41a5e250e23ff5a6a7cb080\"},\"headline\":\"Trabajos de Bacheo en Quilmes Centro\",\"datePublished\":\"2022-02-23T14:36:59+00:00\",\"dateModified\":\"2022-02-23T14:37:06+00:00\",\"mainEntityOfPage\":{\"@id\":\"https:\\\/\\\/diarioprincipios.com\\\/index.php\\\/2022\\\/02\\\/23\\\/trabajos-de-bacheo-en-quilmes-centro\\\/\"},\"wordCount\":129,\"commentCount\":0,\"publisher\":{\"@id\":\"https:\\\/\\\/diarioprincipios.com\\\/#organization\"},\"image\":{\"@id\":\"https:\\\/\\\/diarioprincipios.com\\\/index.php\\\/2022\\\/02\\\/23\\\/trabajos-de-bacheo-en-quilmes-centro\\\/#primaryimage\"},\"thumbnailUrl\":\"https:\\\/\\\/diarioprincipios.com\\\/wp-content\\\/uploads\\\/2022\\\/02\\\/CONTINUAN-LOS-TRABAJOS-DE-BACHEO-EN-LA-ZONA-CENTRICA-DE-QUILMES-1.jpeg\",\"articleSection\":[\"Quilmes\"],\"inLanguage\":\"es\",\"potentialAction\":[{\"@type\":\"CommentAction\",\"name\":\"Comment\",\"target\":[\"https:\\\/\\\/diarioprincipios.com\\\/index.php\\\/2022\\\/02\\\/23\\\/trabajos-de-bacheo-en-quilmes-centro\\\/#respond\"]}]},{\"@type\":\"WebPage\",\"@id\":\"https:\\\/\\\/diarioprincipios.com\\\/index.php\\\/2022\\\/02\\\/23\\\/trabajos-de-bacheo-en-quilmes-centro\\\/\",\"url\":\"https:\\\/\\\/diarioprincipios.com\\\/index.php\\\/2022\\\/02\\\/23\\\/trabajos-de-bacheo-en-quilmes-centro\\\/\",\"name\":\"Trabajos de Bacheo en Quilmes Centro - Principios\",\"isPartOf\":{\"@id\":\"https:\\\/\\\/diarioprincipios.com\\\/#website\"},\"primaryImageOfPage\":{\"@id\":\"https:\\\/\\\/diarioprincipios.com\\\/index.php\\\/2022\\\/02\\\/23\\\/trabajos-de-bacheo-en-quilmes-centro\\\/#primaryimage\"},\"image\":{\"@id\":\"https:\\\/\\\/diarioprincipios.com\\\/index.php\\\/2022\\\/02\\\/23\\\/trabajos-de-bacheo-en-quilmes-centro\\\/#primaryimage\"},\"thumbnailUrl\":\"https:\\\/\\\/diarioprincipios.com\\\/wp-content\\\/uploads\\\/2022\\\/02\\\/CONTINUAN-LOS-TRABAJOS-DE-BACHEO-EN-LA-ZONA-CENTRICA-DE-QUILMES-1.jpeg\",\"datePublished\":\"2022-02-23T14:36:59+00:00\",\"dateModified\":\"2022-02-23T14:37:06+00:00\",\"breadcrumb\":{\"@id\":\"https:\\\/\\\/diarioprincipios.com\\\/index.php\\\/2022\\\/02\\\/23\\\/trabajos-de-bacheo-en-quilmes-centro\\\/#breadcrumb\"},\"inLanguage\":\"es\",\"potentialAction\":[{\"@type\":\"ReadAction\",\"target\":[\"https:\\\/\\\/diarioprincipios.com\\\/index.php\\\/2022\\\/02\\\/23\\\/trabajos-de-bacheo-en-quilmes-centro\\\/\"]}]},{\"@type\":\"ImageObject\",\"inLanguage\":\"es\",\"@id\":\"https:\\\/\\\/diarioprincipios.com\\\/index.php\\\/2022\\\/02\\\/23\\\/trabajos-de-bacheo-en-quilmes-centro\\\/#primaryimage\",\"url\":\"https:\\\/\\\/diarioprincipios.com\\\/wp-content\\\/uploads\\\/2022\\\/02\\\/CONTINUAN-LOS-TRABAJOS-DE-BACHEO-EN-LA-ZONA-CENTRICA-DE-QUILMES-1.jpeg\",\"contentUrl\":\"https:\\\/\\\/diarioprincipios.com\\\/wp-content\\\/uploads\\\/2022\\\/02\\\/CONTINUAN-LOS-TRABAJOS-DE-BACHEO-EN-LA-ZONA-CENTRICA-DE-QUILMES-1.jpeg\",\"width\":1200,\"height\":826},{\"@type\":\"BreadcrumbList\",\"@id\":\"https:\\\/\\\/diarioprincipios.com\\\/index.php\\\/2022\\\/02\\\/23\\\/trabajos-de-bacheo-en-quilmes-centro\\\/#breadcrumb\",\"itemListElement\":[{\"@type\":\"ListItem\",\"position\":1,\"name\":\"Portada\",\"item\":\"https:\\\/\\\/diarioprincipios.com\\\/\"},{\"@type\":\"ListItem\",\"position\":2,\"name\":\"Trabajos de Bacheo en Quilmes Centro\"}]},{\"@type\":\"WebSite\",\"@id\":\"https:\\\/\\\/diarioprincipios.com\\\/#website\",\"url\":\"https:\\\/\\\/diarioprincipios.com\\\/\",\"name\":\"Principios\",\"description\":\"Principios Diario\",\"publisher\":{\"@id\":\"https:\\\/\\\/diarioprincipios.com\\\/#organization\"},\"potentialAction\":[{\"@type\":\"SearchAction\",\"target\":{\"@type\":\"EntryPoint\",\"urlTemplate\":\"https:\\\/\\\/diarioprincipios.com\\\/?s={search_term_string}\"},\"query-input\":{\"@type\":\"PropertyValueSpecification\",\"valueRequired\":true,\"valueName\":\"search_term_string\"}}],\"inLanguage\":\"es\"},{\"@type\":\"Organization\",\"@id\":\"https:\\\/\\\/diarioprincipios.com\\\/#organization\",\"name\":\"Principios\",\"url\":\"https:\\\/\\\/diarioprincipios.com\\\/\",\"logo\":{\"@type\":\"ImageObject\",\"inLanguage\":\"es\",\"@id\":\"https:\\\/\\\/diarioprincipios.com\\\/#\\\/schema\\\/logo\\\/image\\\/\",\"url\":\"https:\\\/\\\/diarioprincipios.com\\\/wp-content\\\/uploads\\\/2024\\\/04\\\/cropped-www.diarioprincipios.com_-1.png\",\"contentUrl\":\"https:\\\/\\\/diarioprincipios.com\\\/wp-content\\\/uploads\\\/2024\\\/04\\\/cropped-www.diarioprincipios.com_-1.png\",\"width\":5325,\"height\":1454,\"caption\":\"Principios\"},\"image\":{\"@id\":\"https:\\\/\\\/diarioprincipios.com\\\/#\\\/schema\\\/logo\\\/image\\\/\"}},{\"@type\":\"Person\",\"@id\":\"https:\\\/\\\/diarioprincipios.com\\\/#\\\/schema\\\/person\\\/436d5a1fd41a5e250e23ff5a6a7cb080\",\"name\":\"Hern\u00e1n L\u00f3pez\",\"image\":{\"@type\":\"ImageObject\",\"inLanguage\":\"es\",\"@id\":\"https:\\\/\\\/diarioprincipios.com\\\/wp-content\\\/litespeed\\\/avatar\\\/11ddfe5610ff3bd100522525b2571f48.jpg?ver=1777653193\",\"url\":\"https:\\\/\\\/diarioprincipios.com\\\/wp-content\\\/litespeed\\\/avatar\\\/11ddfe5610ff3bd100522525b2571f48.jpg?ver=1777653193\",\"contentUrl\":\"https:\\\/\\\/diarioprincipios.com\\\/wp-content\\\/litespeed\\\/avatar\\\/11ddfe5610ff3bd100522525b2571f48.jpg?ver=1777653193\",\"caption\":\"Hern\u00e1n L\u00f3pez\"},\"url\":\"https:\\\/\\\/diarioprincipios.com\\\/index.php\\\/author\\\/hernan\\\/\"}]}<\/script>\n<!-- \/ Yoast SEO plugin. -->","yoast_head_json":{"title":"Trabajos de Bacheo en Quilmes Centro - Principios","robots":{"index":"index","follow":"follow","max-snippet":"max-snippet:-1","max-image-preview":"max-image-preview:large","max-video-preview":"max-video-preview:-1"},"canonical":"https:\/\/diarioprincipios.com\/index.php\/2022\/02\/23\/trabajos-de-bacheo-en-quilmes-centro\/","og_locale":"es_ES","og_type":"article","og_title":"Trabajos de Bacheo en Quilmes Centro - Principios","og_description":"Se siguen desarrollando las tareas de bacheo en distintos puntos del Centro de Quilmes, con el objetivo de mejorar la circulaci\u00f3n de los veh\u00edculos y la seguridad vial. Durante la ma\u00f1ana del viernes, personal de la Secretar\u00eda de Servicios P\u00fablicos de la Comuna, a cargo de \u00c1ngel Garc\u00eda, estuvo trabajando en la reparaci\u00f3n de pozos...","og_url":"https:\/\/diarioprincipios.com\/index.php\/2022\/02\/23\/trabajos-de-bacheo-en-quilmes-centro\/","og_site_name":"Principios","article_published_time":"2022-02-23T14:36:59+00:00","article_modified_time":"2022-02-23T14:37:06+00:00","og_image":[{"width":1200,"height":826,"url":"https:\/\/diarioprincipios.com\/wp-content\/uploads\/2022\/02\/CONTINUAN-LOS-TRABAJOS-DE-BACHEO-EN-LA-ZONA-CENTRICA-DE-QUILMES-1.jpeg","type":"image\/jpeg"}],"author":"Hern\u00e1n L\u00f3pez","twitter_card":"summary_large_image","twitter_misc":{"Escrito por":"Hern\u00e1n L\u00f3pez","Tiempo de lectura":"1 minuto"},"schema":{"@context":"https:\/\/schema.org","@graph":[{"@type":"Article","@id":"https:\/\/diarioprincipios.com\/index.php\/2022\/02\/23\/trabajos-de-bacheo-en-quilmes-centro\/#article","isPartOf":{"@id":"https:\/\/diarioprincipios.com\/index.php\/2022\/02\/23\/trabajos-de-bacheo-en-quilmes-centro\/"},"author":{"name":"Hern\u00e1n L\u00f3pez","@id":"https:\/\/diarioprincipios.com\/#\/schema\/person\/436d5a1fd41a5e250e23ff5a6a7cb080"},"headline":"Trabajos de Bacheo en Quilmes Centro","datePublished":"2022-02-23T14:36:59+00:00","dateModified":"2022-02-23T14:37:06+00:00","mainEntityOfPage":{"@id":"https:\/\/diarioprincipios.com\/index.php\/2022\/02\/23\/trabajos-de-bacheo-en-quilmes-centro\/"},"wordCount":129,"commentCount":0,"publisher":{"@id":"https:\/\/diarioprincipios.com\/#organization"},"image":{"@id":"https:\/\/diarioprincipios.com\/index.php\/2022\/02\/23\/trabajos-de-bacheo-en-quilmes-centro\/#primaryimage"},"thumbnailUrl":"https:\/\/diarioprincipios.com\/wp-content\/uploads\/2022\/02\/CONTINUAN-LOS-TRABAJOS-DE-BACHEO-EN-LA-ZONA-CENTRICA-DE-QUILMES-1.jpeg","articleSection":["Quilmes"],"inLanguage":"es","potentialAction":[{"@type":"CommentAction","name":"Comment","target":["https:\/\/diarioprincipios.com\/index.php\/2022\/02\/23\/trabajos-de-bacheo-en-quilmes-centro\/#respond"]}]},{"@type":"WebPage","@id":"https:\/\/diarioprincipios.com\/index.php\/2022\/02\/23\/trabajos-de-bacheo-en-quilmes-centro\/","url":"https:\/\/diarioprincipios.com\/index.php\/2022\/02\/23\/trabajos-de-bacheo-en-quilmes-centro\/","name":"Trabajos de Bacheo en Quilmes Centro - Principios","isPartOf":{"@id":"https:\/\/diarioprincipios.com\/#website"},"primaryImageOfPage":{"@id":"https:\/\/diarioprincipios.com\/index.php\/2022\/02\/23\/trabajos-de-bacheo-en-quilmes-centro\/#primaryimage"},"image":{"@id":"https:\/\/diarioprincipios.com\/index.php\/2022\/02\/23\/trabajos-de-bacheo-en-quilmes-centro\/#primaryimage"},"thumbnailUrl":"https:\/\/diarioprincipios.com\/wp-content\/uploads\/2022\/02\/CONTINUAN-LOS-TRABAJOS-DE-BACHEO-EN-LA-ZONA-CENTRICA-DE-QUILMES-1.jpeg","datePublished":"2022-02-23T14:36:59+00:00","dateModified":"2022-02-23T14:37:06+00:00","breadcrumb":{"@id":"https:\/\/diarioprincipios.com\/index.php\/2022\/02\/23\/trabajos-de-bacheo-en-quilmes-centro\/#breadcrumb"},"inLanguage":"es","potentialAction":[{"@type":"ReadAction","target":["https:\/\/diarioprincipios.com\/index.php\/2022\/02\/23\/trabajos-de-bacheo-en-quilmes-centro\/"]}]},{"@type":"ImageObject","inLanguage":"es","@id":"https:\/\/diarioprincipios.com\/index.php\/2022\/02\/23\/trabajos-de-bacheo-en-quilmes-centro\/#primaryimage","url":"https:\/\/diarioprincipios.com\/wp-content\/uploads\/2022\/02\/CONTINUAN-LOS-TRABAJOS-DE-BACHEO-EN-LA-ZONA-CENTRICA-DE-QUILMES-1.jpeg","contentUrl":"https:\/\/diarioprincipios.com\/wp-content\/uploads\/2022\/02\/CONTINUAN-LOS-TRABAJOS-DE-BACHEO-EN-LA-ZONA-CENTRICA-DE-QUILMES-1.jpeg","width":1200,"height":826},{"@type":"BreadcrumbList","@id":"https:\/\/diarioprincipios.com\/index.php\/2022\/02\/23\/trabajos-de-bacheo-en-quilmes-centro\/#breadcrumb","itemListElement":[{"@type":"ListItem","position":1,"name":"Portada","item":"https:\/\/diarioprincipios.com\/"},{"@type":"ListItem","position":2,"name":"Trabajos de Bacheo en Quilmes Centro"}]},{"@type":"WebSite","@id":"https:\/\/diarioprincipios.com\/#website","url":"https:\/\/diarioprincipios.com\/","name":"Principios","description":"Principios Diario","publisher":{"@id":"https:\/\/diarioprincipios.com\/#organization"},"potentialAction":[{"@type":"SearchAction","target":{"@type":"EntryPoint","urlTemplate":"https:\/\/diarioprincipios.com\/?s={search_term_string}"},"query-input":{"@type":"PropertyValueSpecification","valueRequired":true,"valueName":"search_term_string"}}],"inLanguage":"es"},{"@type":"Organization","@id":"https:\/\/diarioprincipios.com\/#organization","name":"Principios","url":"https:\/\/diarioprincipios.com\/","logo":{"@type":"ImageObject","inLanguage":"es","@id":"https:\/\/diarioprincipios.com\/#\/schema\/logo\/image\/","url":"https:\/\/diarioprincipios.com\/wp-content\/uploads\/2024\/04\/cropped-www.diarioprincipios.com_-1.png","contentUrl":"https:\/\/diarioprincipios.com\/wp-content\/uploads\/2024\/04\/cropped-www.diarioprincipios.com_-1.png","width":5325,"height":1454,"caption":"Principios"},"image":{"@id":"https:\/\/diarioprincipios.com\/#\/schema\/logo\/image\/"}},{"@type":"Person","@id":"https:\/\/diarioprincipios.com\/#\/schema\/person\/436d5a1fd41a5e250e23ff5a6a7cb080","name":"Hern\u00e1n L\u00f3pez","image":{"@type":"ImageObject","inLanguage":"es","@id":"https:\/\/diarioprincipios.com\/wp-content\/litespeed\/avatar\/11ddfe5610ff3bd100522525b2571f48.jpg?ver=1777653193","url":"https:\/\/diarioprincipios.com\/wp-content\/litespeed\/avatar\/11ddfe5610ff3bd100522525b2571f48.jpg?ver=1777653193","contentUrl":"https:\/\/diarioprincipios.com\/wp-content\/litespeed\/avatar\/11ddfe5610ff3bd100522525b2571f48.jpg?ver=1777653193","caption":"Hern\u00e1n L\u00f3pez"},"url":"https:\/\/diarioprincipios.com\/index.php\/author\/hernan\/"}]}},"jetpack_featured_media_url":"https:\/\/diarioprincipios.com\/wp-content\/uploads\/2022\/02\/CONTINUAN-LOS-TRABAJOS-DE-BACHEO-EN-LA-ZONA-CENTRICA-DE-QUILMES-1.jpeg","_links":{"self":[{"href":"https:\/\/diarioprincipios.com\/index.php\/wp-json\/wp\/v2\/posts\/12715","targetHints":{"allow":["GET"]}}],"collection":[{"href":"https:\/\/diarioprincipios.com\/index.php\/wp-json\/wp\/v2\/posts"}],"about":[{"href":"https:\/\/diarioprincipios.com\/index.php\/wp-json\/wp\/v2\/types\/post"}],"author":[{"embeddable":true,"href":"https:\/\/diarioprincipios.com\/index.php\/wp-json\/wp\/v2\/users\/2"}],"replies":[{"embeddable":true,"href":"https:\/\/diarioprincipios.com\/index.php\/wp-json\/wp\/v2\/comments?post=12715"}],"version-history":[{"count":1,"href":"https:\/\/diarioprincipios.com\/index.php\/wp-json\/wp\/v2\/posts\/12715\/revisions"}],"predecessor-version":[{"id":12717,"href":"https:\/\/diarioprincipios.com\/index.php\/wp-json\/wp\/v2\/posts\/12715\/revisions\/12717"}],"wp:featuredmedia":[{"embeddable":true,"href":"https:\/\/diarioprincipios.com\/index.php\/wp-json\/wp\/v2\/media\/12716"}],"wp:attachment":[{"href":"https:\/\/diarioprincipios.com\/index.php\/wp-json\/wp\/v2\/media?parent=12715"}],"wp:term":[{"taxonomy":"category","embeddable":true,"href":"https:\/\/diarioprincipios.com\/index.php\/wp-json\/wp\/v2\/categories?post=12715"},{"taxonomy":"post_tag","embeddable":true,"href":"https:\/\/diarioprincipios.com\/index.php\/wp-json\/wp\/v2\/tags?post=12715"}],"curies":[{"name":"wp","href":"https:\/\/api.w.org\/{rel}","templated":true}]}}