{"id":12709,"date":"2022-02-23T01:06:49","date_gmt":"2022-02-23T04:06:49","guid":{"rendered":"http:\/\/diarioprincipios.com\/?p=12709"},"modified":"2022-02-23T01:06:55","modified_gmt":"2022-02-23T04:06:55","slug":"gran-cierre-de-la-1-feria-del-libro-orientada-a-las-juventudes","status":"publish","type":"post","link":"https:\/\/diarioprincipios.com\/index.php\/2022\/02\/23\/gran-cierre-de-la-1-feria-del-libro-orientada-a-las-juventudes\/","title":{"rendered":"Gran cierre de la 1\u00b0 Feria del Libro orientada a las juventudes"},"content":{"rendered":"\n<p><strong>Como gran cierre de la primera Feria del Libro orientada a las juventudes, Miss Bolivia y Martina Cruz dieron una charla donde compartieron algunas lecturas de sus libros y analizaron la poderosa experiencia de la poes\u00eda. El evento, desplegado en el Complejo Cultural La Calle, tambi\u00e9n cont\u00f3 con la participaci\u00f3n de productores culturales, editoriales independientes y librer\u00edas locales, adem\u00e1s de la realizaci\u00f3n de talleres y diferentes exposiciones.<\/strong><\/p>\n\n\n\n<p>La Municipalidad de Berazategui, gestionada por Juan Jos\u00e9 Mussi, present\u00f3 el s\u00e1bado pasado un nuevo formato de la Feria del Libro, en este caso orientada a los m\u00e1s j\u00f3venes. \u201cEsto es como una peque\u00f1a previa de nuestra tradicional LibrArte. Tuvimos m\u00e1s de 21 editoriales y productores culturales; y contamos con la presencia de artistas invitados, como Miss Bolivia y Martina Cruz\u201d, expres\u00f3 Camila L\u00f3pez, directora de Territorio y Pol\u00edticas Culturales de la Secretar\u00eda de Cultura y Educaci\u00f3n local.<\/p>\n\n\n\n<p>Asimismo, agreg\u00f3: \u201cHubo mucha gente participando durante toda la jornada, que tambi\u00e9n va conociendo este lugar con su nueva identidad y se va apropiando del espacio. Adem\u00e1s, dentro de la Feria se realizaron dos talleres: uno de Arte Urbano, sobre una t\u00e9cnica que se llama paste up, donde se intervienen superficies con papel, pegamento y distintas frases; y uno sobre construcci\u00f3n de fanzine (peque\u00f1os libritos) que llev\u00f3 adelante el Laboratorio de Artes Gr\u00e1ficas de la Secretar\u00eda de Cultura y Educaci\u00f3n municipal\u201d.<\/p>\n\n\n\n<p>Para el cierre de la noche, los presentes disfrutaron de la exposici\u00f3n Power Poes\u00eda, a cargo de Miss Bolivia y Martina Cruz. Al respecto, Mar\u00eda Paz Ferreira -m\u00e1s conocida como Miss Bolivia- sostuvo: \u201cHicimos un di\u00e1logo, una contrapuesta de nuestros dos \u00faltimos libros: Infierno (de su autor\u00eda) y Manos como Nubes (de Martina Cruz). Fue una charla muy genuina, espont\u00e1nea, ya que no tuvimos un moderador entre nosotras. Esta es la segunda vez que vengo a Berazategui con una propuesta cultural y siempre es un placer. Me encanta c\u00f3mo se generan estas usinas de expresi\u00f3n art\u00edstica donde se les da mucho lugar a las y los artistas, y tambi\u00e9n se hacen eventos de acceso gratuito para que los pueda disfrutar la comunidad\u201d.<\/p>\n\n\n\n<p>Por su parte, la joven poeta y guionista oriunda de Temperley, Martina Cruz, afirm\u00f3: \u201cSentimos que la gente disfrut\u00f3 mucho la charla y agradecemos que nos hayan invitado a ser parte de esta propuesta. Nosotros -como j\u00f3venes- necesitamos y queremos que los Municipios nos den la oportunidad de contar con estos lugares para generar arte. Realmente es un gol que exista un espacio destinado a la juventud en Berazategui y que le den visibilidad a los libros para que est\u00e9n al alcance de los vecinos y vecinas\u201d.<\/p>\n\n\n\n<p>La feria La Calle de los Libros, adem\u00e1s de contar con stands de editoriales y librer\u00edas locales, tuvo la participaci\u00f3n de productores de la Tienda Regal\u00e1 Cultura y se realiz\u00f3 bajo estrictos protocolos sanitarios. Estaba prevista una segunda jornada para el domingo 20 de febrero, pero debi\u00f3 suspenderse por las condiciones clim\u00e1ticas.<\/p>\n","protected":false},"excerpt":{"rendered":"<p>Como gran cierre de la primera Feria del Libro orientada a las juventudes, Miss Bolivia y Martina Cruz dieron una charla donde compartieron algunas lecturas de sus libros y analizaron la poderosa experiencia de la poes\u00eda. El evento, desplegado en el Complejo Cultural La Calle, tambi\u00e9n cont\u00f3 con la participaci\u00f3n de productores culturales, editoriales independientes&#8230;<\/p>\n","protected":false},"author":2,"featured_media":12710,"comment_status":"open","ping_status":"open","sticky":false,"template":"","format":"standard","meta":{"footnotes":""},"categories":[3],"tags":[],"class_list":["post-12709","post","type-post","status-publish","format-standard","has-post-thumbnail","hentry","category-berazategui"],"featured_image_src":"https:\/\/diarioprincipios.com\/wp-content\/uploads\/2022\/02\/MISS-BOLIVIA-Y-MARTINA-CRUZ-CERRARON-LA-1RA-EDICION-DE-LA-CALLE-DE-LOS-LIBROS-3-1-1024x683.jpg","blog_images":{"medium":"https:\/\/diarioprincipios.com\/wp-content\/uploads\/2022\/02\/MISS-BOLIVIA-Y-MARTINA-CRUZ-CERRARON-LA-1RA-EDICION-DE-LA-CALLE-DE-LOS-LIBROS-3-1-300x200.jpg","large":"https:\/\/diarioprincipios.com\/wp-content\/uploads\/2022\/02\/MISS-BOLIVIA-Y-MARTINA-CRUZ-CERRARON-LA-1RA-EDICION-DE-LA-CALLE-DE-LOS-LIBROS-3-1-1024x683.jpg"},"ams_acf":[],"yoast_head":"<!-- This site is optimized with the Yoast SEO plugin v27.3 - https:\/\/yoast.com\/product\/yoast-seo-wordpress\/ -->\n<title>Gran cierre de la 1\u00b0 Feria del Libro orientada a las juventudes - Principios<\/title>\n<meta name=\"robots\" content=\"index, follow, max-snippet:-1, max-image-preview:large, max-video-preview:-1\" \/>\n<link rel=\"canonical\" href=\"https:\/\/diarioprincipios.com\/index.php\/2022\/02\/23\/gran-cierre-de-la-1-feria-del-libro-orientada-a-las-juventudes\/\" \/>\n<meta property=\"og:locale\" content=\"es_ES\" \/>\n<meta property=\"og:type\" content=\"article\" \/>\n<meta property=\"og:title\" content=\"Gran cierre de la 1\u00b0 Feria del Libro orientada a las juventudes - Principios\" \/>\n<meta property=\"og:description\" content=\"Como gran cierre de la primera Feria del Libro orientada a las juventudes, Miss Bolivia y Martina Cruz dieron una charla donde compartieron algunas lecturas de sus libros y analizaron la poderosa experiencia de la poes\u00eda. El evento, desplegado en el Complejo Cultural La Calle, tambi\u00e9n cont\u00f3 con la participaci\u00f3n de productores culturales, editoriales independientes...\" \/>\n<meta property=\"og:url\" content=\"https:\/\/diarioprincipios.com\/index.php\/2022\/02\/23\/gran-cierre-de-la-1-feria-del-libro-orientada-a-las-juventudes\/\" \/>\n<meta property=\"og:site_name\" content=\"Principios\" \/>\n<meta property=\"article:published_time\" content=\"2022-02-23T04:06:49+00:00\" \/>\n<meta property=\"article:modified_time\" content=\"2022-02-23T04:06:55+00:00\" \/>\n<meta property=\"og:image\" content=\"https:\/\/diarioprincipios.com\/wp-content\/uploads\/2022\/02\/MISS-BOLIVIA-Y-MARTINA-CRUZ-CERRARON-LA-1RA-EDICION-DE-LA-CALLE-DE-LOS-LIBROS-3-1.jpg\" \/>\n\t<meta property=\"og:image:width\" content=\"1920\" \/>\n\t<meta property=\"og:image:height\" content=\"1280\" \/>\n\t<meta property=\"og:image:type\" content=\"image\/jpeg\" \/>\n<meta name=\"author\" content=\"Hern\u00e1n L\u00f3pez\" \/>\n<meta name=\"twitter:card\" content=\"summary_large_image\" \/>\n<meta name=\"twitter:label1\" content=\"Escrito por\" \/>\n\t<meta name=\"twitter:data1\" content=\"Hern\u00e1n L\u00f3pez\" \/>\n\t<meta name=\"twitter:label2\" content=\"Tiempo de lectura\" \/>\n\t<meta name=\"twitter:data2\" content=\"3 minutos\" \/>\n<script type=\"application\/ld+json\" class=\"yoast-schema-graph\">{\"@context\":\"https:\\\/\\\/schema.org\",\"@graph\":[{\"@type\":\"Article\",\"@id\":\"https:\\\/\\\/diarioprincipios.com\\\/index.php\\\/2022\\\/02\\\/23\\\/gran-cierre-de-la-1-feria-del-libro-orientada-a-las-juventudes\\\/#article\",\"isPartOf\":{\"@id\":\"https:\\\/\\\/diarioprincipios.com\\\/index.php\\\/2022\\\/02\\\/23\\\/gran-cierre-de-la-1-feria-del-libro-orientada-a-las-juventudes\\\/\"},\"author\":{\"name\":\"Hern\u00e1n L\u00f3pez\",\"@id\":\"https:\\\/\\\/diarioprincipios.com\\\/#\\\/schema\\\/person\\\/436d5a1fd41a5e250e23ff5a6a7cb080\"},\"headline\":\"Gran cierre de la 1\u00b0 Feria del Libro orientada a las juventudes\",\"datePublished\":\"2022-02-23T04:06:49+00:00\",\"dateModified\":\"2022-02-23T04:06:55+00:00\",\"mainEntityOfPage\":{\"@id\":\"https:\\\/\\\/diarioprincipios.com\\\/index.php\\\/2022\\\/02\\\/23\\\/gran-cierre-de-la-1-feria-del-libro-orientada-a-las-juventudes\\\/\"},\"wordCount\":536,\"commentCount\":0,\"publisher\":{\"@id\":\"https:\\\/\\\/diarioprincipios.com\\\/#organization\"},\"image\":{\"@id\":\"https:\\\/\\\/diarioprincipios.com\\\/index.php\\\/2022\\\/02\\\/23\\\/gran-cierre-de-la-1-feria-del-libro-orientada-a-las-juventudes\\\/#primaryimage\"},\"thumbnailUrl\":\"https:\\\/\\\/diarioprincipios.com\\\/wp-content\\\/uploads\\\/2022\\\/02\\\/MISS-BOLIVIA-Y-MARTINA-CRUZ-CERRARON-LA-1RA-EDICION-DE-LA-CALLE-DE-LOS-LIBROS-3-1.jpg\",\"articleSection\":[\"Berazategui\"],\"inLanguage\":\"es\",\"potentialAction\":[{\"@type\":\"CommentAction\",\"name\":\"Comment\",\"target\":[\"https:\\\/\\\/diarioprincipios.com\\\/index.php\\\/2022\\\/02\\\/23\\\/gran-cierre-de-la-1-feria-del-libro-orientada-a-las-juventudes\\\/#respond\"]}]},{\"@type\":\"WebPage\",\"@id\":\"https:\\\/\\\/diarioprincipios.com\\\/index.php\\\/2022\\\/02\\\/23\\\/gran-cierre-de-la-1-feria-del-libro-orientada-a-las-juventudes\\\/\",\"url\":\"https:\\\/\\\/diarioprincipios.com\\\/index.php\\\/2022\\\/02\\\/23\\\/gran-cierre-de-la-1-feria-del-libro-orientada-a-las-juventudes\\\/\",\"name\":\"Gran cierre de la 1\u00b0 Feria del Libro orientada a las juventudes - Principios\",\"isPartOf\":{\"@id\":\"https:\\\/\\\/diarioprincipios.com\\\/#website\"},\"primaryImageOfPage\":{\"@id\":\"https:\\\/\\\/diarioprincipios.com\\\/index.php\\\/2022\\\/02\\\/23\\\/gran-cierre-de-la-1-feria-del-libro-orientada-a-las-juventudes\\\/#primaryimage\"},\"image\":{\"@id\":\"https:\\\/\\\/diarioprincipios.com\\\/index.php\\\/2022\\\/02\\\/23\\\/gran-cierre-de-la-1-feria-del-libro-orientada-a-las-juventudes\\\/#primaryimage\"},\"thumbnailUrl\":\"https:\\\/\\\/diarioprincipios.com\\\/wp-content\\\/uploads\\\/2022\\\/02\\\/MISS-BOLIVIA-Y-MARTINA-CRUZ-CERRARON-LA-1RA-EDICION-DE-LA-CALLE-DE-LOS-LIBROS-3-1.jpg\",\"datePublished\":\"2022-02-23T04:06:49+00:00\",\"dateModified\":\"2022-02-23T04:06:55+00:00\",\"breadcrumb\":{\"@id\":\"https:\\\/\\\/diarioprincipios.com\\\/index.php\\\/2022\\\/02\\\/23\\\/gran-cierre-de-la-1-feria-del-libro-orientada-a-las-juventudes\\\/#breadcrumb\"},\"inLanguage\":\"es\",\"potentialAction\":[{\"@type\":\"ReadAction\",\"target\":[\"https:\\\/\\\/diarioprincipios.com\\\/index.php\\\/2022\\\/02\\\/23\\\/gran-cierre-de-la-1-feria-del-libro-orientada-a-las-juventudes\\\/\"]}]},{\"@type\":\"ImageObject\",\"inLanguage\":\"es\",\"@id\":\"https:\\\/\\\/diarioprincipios.com\\\/index.php\\\/2022\\\/02\\\/23\\\/gran-cierre-de-la-1-feria-del-libro-orientada-a-las-juventudes\\\/#primaryimage\",\"url\":\"https:\\\/\\\/diarioprincipios.com\\\/wp-content\\\/uploads\\\/2022\\\/02\\\/MISS-BOLIVIA-Y-MARTINA-CRUZ-CERRARON-LA-1RA-EDICION-DE-LA-CALLE-DE-LOS-LIBROS-3-1.jpg\",\"contentUrl\":\"https:\\\/\\\/diarioprincipios.com\\\/wp-content\\\/uploads\\\/2022\\\/02\\\/MISS-BOLIVIA-Y-MARTINA-CRUZ-CERRARON-LA-1RA-EDICION-DE-LA-CALLE-DE-LOS-LIBROS-3-1.jpg\",\"width\":1920,\"height\":1280},{\"@type\":\"BreadcrumbList\",\"@id\":\"https:\\\/\\\/diarioprincipios.com\\\/index.php\\\/2022\\\/02\\\/23\\\/gran-cierre-de-la-1-feria-del-libro-orientada-a-las-juventudes\\\/#breadcrumb\",\"itemListElement\":[{\"@type\":\"ListItem\",\"position\":1,\"name\":\"Portada\",\"item\":\"https:\\\/\\\/diarioprincipios.com\\\/\"},{\"@type\":\"ListItem\",\"position\":2,\"name\":\"Gran cierre de la 1\u00b0 Feria del Libro orientada a las juventudes\"}]},{\"@type\":\"WebSite\",\"@id\":\"https:\\\/\\\/diarioprincipios.com\\\/#website\",\"url\":\"https:\\\/\\\/diarioprincipios.com\\\/\",\"name\":\"Principios\",\"description\":\"Principios Diario\",\"publisher\":{\"@id\":\"https:\\\/\\\/diarioprincipios.com\\\/#organization\"},\"potentialAction\":[{\"@type\":\"SearchAction\",\"target\":{\"@type\":\"EntryPoint\",\"urlTemplate\":\"https:\\\/\\\/diarioprincipios.com\\\/?s={search_term_string}\"},\"query-input\":{\"@type\":\"PropertyValueSpecification\",\"valueRequired\":true,\"valueName\":\"search_term_string\"}}],\"inLanguage\":\"es\"},{\"@type\":\"Organization\",\"@id\":\"https:\\\/\\\/diarioprincipios.com\\\/#organization\",\"name\":\"Principios\",\"url\":\"https:\\\/\\\/diarioprincipios.com\\\/\",\"logo\":{\"@type\":\"ImageObject\",\"inLanguage\":\"es\",\"@id\":\"https:\\\/\\\/diarioprincipios.com\\\/#\\\/schema\\\/logo\\\/image\\\/\",\"url\":\"https:\\\/\\\/diarioprincipios.com\\\/wp-content\\\/uploads\\\/2024\\\/04\\\/cropped-www.diarioprincipios.com_-1.png\",\"contentUrl\":\"https:\\\/\\\/diarioprincipios.com\\\/wp-content\\\/uploads\\\/2024\\\/04\\\/cropped-www.diarioprincipios.com_-1.png\",\"width\":5325,\"height\":1454,\"caption\":\"Principios\"},\"image\":{\"@id\":\"https:\\\/\\\/diarioprincipios.com\\\/#\\\/schema\\\/logo\\\/image\\\/\"}},{\"@type\":\"Person\",\"@id\":\"https:\\\/\\\/diarioprincipios.com\\\/#\\\/schema\\\/person\\\/436d5a1fd41a5e250e23ff5a6a7cb080\",\"name\":\"Hern\u00e1n L\u00f3pez\",\"image\":{\"@type\":\"ImageObject\",\"inLanguage\":\"es\",\"@id\":\"https:\\\/\\\/diarioprincipios.com\\\/wp-content\\\/litespeed\\\/avatar\\\/11ddfe5610ff3bd100522525b2571f48.jpg?ver=1777653193\",\"url\":\"https:\\\/\\\/diarioprincipios.com\\\/wp-content\\\/litespeed\\\/avatar\\\/11ddfe5610ff3bd100522525b2571f48.jpg?ver=1777653193\",\"contentUrl\":\"https:\\\/\\\/diarioprincipios.com\\\/wp-content\\\/litespeed\\\/avatar\\\/11ddfe5610ff3bd100522525b2571f48.jpg?ver=1777653193\",\"caption\":\"Hern\u00e1n L\u00f3pez\"},\"url\":\"https:\\\/\\\/diarioprincipios.com\\\/index.php\\\/author\\\/hernan\\\/\"}]}<\/script>\n<!-- \/ Yoast SEO plugin. -->","yoast_head_json":{"title":"Gran cierre de la 1\u00b0 Feria del Libro orientada a las juventudes - Principios","robots":{"index":"index","follow":"follow","max-snippet":"max-snippet:-1","max-image-preview":"max-image-preview:large","max-video-preview":"max-video-preview:-1"},"canonical":"https:\/\/diarioprincipios.com\/index.php\/2022\/02\/23\/gran-cierre-de-la-1-feria-del-libro-orientada-a-las-juventudes\/","og_locale":"es_ES","og_type":"article","og_title":"Gran cierre de la 1\u00b0 Feria del Libro orientada a las juventudes - Principios","og_description":"Como gran cierre de la primera Feria del Libro orientada a las juventudes, Miss Bolivia y Martina Cruz dieron una charla donde compartieron algunas lecturas de sus libros y analizaron la poderosa experiencia de la poes\u00eda. El evento, desplegado en el Complejo Cultural La Calle, tambi\u00e9n cont\u00f3 con la participaci\u00f3n de productores culturales, editoriales independientes...","og_url":"https:\/\/diarioprincipios.com\/index.php\/2022\/02\/23\/gran-cierre-de-la-1-feria-del-libro-orientada-a-las-juventudes\/","og_site_name":"Principios","article_published_time":"2022-02-23T04:06:49+00:00","article_modified_time":"2022-02-23T04:06:55+00:00","og_image":[{"width":1920,"height":1280,"url":"https:\/\/diarioprincipios.com\/wp-content\/uploads\/2022\/02\/MISS-BOLIVIA-Y-MARTINA-CRUZ-CERRARON-LA-1RA-EDICION-DE-LA-CALLE-DE-LOS-LIBROS-3-1.jpg","type":"image\/jpeg"}],"author":"Hern\u00e1n L\u00f3pez","twitter_card":"summary_large_image","twitter_misc":{"Escrito por":"Hern\u00e1n L\u00f3pez","Tiempo de lectura":"3 minutos"},"schema":{"@context":"https:\/\/schema.org","@graph":[{"@type":"Article","@id":"https:\/\/diarioprincipios.com\/index.php\/2022\/02\/23\/gran-cierre-de-la-1-feria-del-libro-orientada-a-las-juventudes\/#article","isPartOf":{"@id":"https:\/\/diarioprincipios.com\/index.php\/2022\/02\/23\/gran-cierre-de-la-1-feria-del-libro-orientada-a-las-juventudes\/"},"author":{"name":"Hern\u00e1n L\u00f3pez","@id":"https:\/\/diarioprincipios.com\/#\/schema\/person\/436d5a1fd41a5e250e23ff5a6a7cb080"},"headline":"Gran cierre de la 1\u00b0 Feria del Libro orientada a las juventudes","datePublished":"2022-02-23T04:06:49+00:00","dateModified":"2022-02-23T04:06:55+00:00","mainEntityOfPage":{"@id":"https:\/\/diarioprincipios.com\/index.php\/2022\/02\/23\/gran-cierre-de-la-1-feria-del-libro-orientada-a-las-juventudes\/"},"wordCount":536,"commentCount":0,"publisher":{"@id":"https:\/\/diarioprincipios.com\/#organization"},"image":{"@id":"https:\/\/diarioprincipios.com\/index.php\/2022\/02\/23\/gran-cierre-de-la-1-feria-del-libro-orientada-a-las-juventudes\/#primaryimage"},"thumbnailUrl":"https:\/\/diarioprincipios.com\/wp-content\/uploads\/2022\/02\/MISS-BOLIVIA-Y-MARTINA-CRUZ-CERRARON-LA-1RA-EDICION-DE-LA-CALLE-DE-LOS-LIBROS-3-1.jpg","articleSection":["Berazategui"],"inLanguage":"es","potentialAction":[{"@type":"CommentAction","name":"Comment","target":["https:\/\/diarioprincipios.com\/index.php\/2022\/02\/23\/gran-cierre-de-la-1-feria-del-libro-orientada-a-las-juventudes\/#respond"]}]},{"@type":"WebPage","@id":"https:\/\/diarioprincipios.com\/index.php\/2022\/02\/23\/gran-cierre-de-la-1-feria-del-libro-orientada-a-las-juventudes\/","url":"https:\/\/diarioprincipios.com\/index.php\/2022\/02\/23\/gran-cierre-de-la-1-feria-del-libro-orientada-a-las-juventudes\/","name":"Gran cierre de la 1\u00b0 Feria del Libro orientada a las juventudes - Principios","isPartOf":{"@id":"https:\/\/diarioprincipios.com\/#website"},"primaryImageOfPage":{"@id":"https:\/\/diarioprincipios.com\/index.php\/2022\/02\/23\/gran-cierre-de-la-1-feria-del-libro-orientada-a-las-juventudes\/#primaryimage"},"image":{"@id":"https:\/\/diarioprincipios.com\/index.php\/2022\/02\/23\/gran-cierre-de-la-1-feria-del-libro-orientada-a-las-juventudes\/#primaryimage"},"thumbnailUrl":"https:\/\/diarioprincipios.com\/wp-content\/uploads\/2022\/02\/MISS-BOLIVIA-Y-MARTINA-CRUZ-CERRARON-LA-1RA-EDICION-DE-LA-CALLE-DE-LOS-LIBROS-3-1.jpg","datePublished":"2022-02-23T04:06:49+00:00","dateModified":"2022-02-23T04:06:55+00:00","breadcrumb":{"@id":"https:\/\/diarioprincipios.com\/index.php\/2022\/02\/23\/gran-cierre-de-la-1-feria-del-libro-orientada-a-las-juventudes\/#breadcrumb"},"inLanguage":"es","potentialAction":[{"@type":"ReadAction","target":["https:\/\/diarioprincipios.com\/index.php\/2022\/02\/23\/gran-cierre-de-la-1-feria-del-libro-orientada-a-las-juventudes\/"]}]},{"@type":"ImageObject","inLanguage":"es","@id":"https:\/\/diarioprincipios.com\/index.php\/2022\/02\/23\/gran-cierre-de-la-1-feria-del-libro-orientada-a-las-juventudes\/#primaryimage","url":"https:\/\/diarioprincipios.com\/wp-content\/uploads\/2022\/02\/MISS-BOLIVIA-Y-MARTINA-CRUZ-CERRARON-LA-1RA-EDICION-DE-LA-CALLE-DE-LOS-LIBROS-3-1.jpg","contentUrl":"https:\/\/diarioprincipios.com\/wp-content\/uploads\/2022\/02\/MISS-BOLIVIA-Y-MARTINA-CRUZ-CERRARON-LA-1RA-EDICION-DE-LA-CALLE-DE-LOS-LIBROS-3-1.jpg","width":1920,"height":1280},{"@type":"BreadcrumbList","@id":"https:\/\/diarioprincipios.com\/index.php\/2022\/02\/23\/gran-cierre-de-la-1-feria-del-libro-orientada-a-las-juventudes\/#breadcrumb","itemListElement":[{"@type":"ListItem","position":1,"name":"Portada","item":"https:\/\/diarioprincipios.com\/"},{"@type":"ListItem","position":2,"name":"Gran cierre de la 1\u00b0 Feria del Libro orientada a las juventudes"}]},{"@type":"WebSite","@id":"https:\/\/diarioprincipios.com\/#website","url":"https:\/\/diarioprincipios.com\/","name":"Principios","description":"Principios Diario","publisher":{"@id":"https:\/\/diarioprincipios.com\/#organization"},"potentialAction":[{"@type":"SearchAction","target":{"@type":"EntryPoint","urlTemplate":"https:\/\/diarioprincipios.com\/?s={search_term_string}"},"query-input":{"@type":"PropertyValueSpecification","valueRequired":true,"valueName":"search_term_string"}}],"inLanguage":"es"},{"@type":"Organization","@id":"https:\/\/diarioprincipios.com\/#organization","name":"Principios","url":"https:\/\/diarioprincipios.com\/","logo":{"@type":"ImageObject","inLanguage":"es","@id":"https:\/\/diarioprincipios.com\/#\/schema\/logo\/image\/","url":"https:\/\/diarioprincipios.com\/wp-content\/uploads\/2024\/04\/cropped-www.diarioprincipios.com_-1.png","contentUrl":"https:\/\/diarioprincipios.com\/wp-content\/uploads\/2024\/04\/cropped-www.diarioprincipios.com_-1.png","width":5325,"height":1454,"caption":"Principios"},"image":{"@id":"https:\/\/diarioprincipios.com\/#\/schema\/logo\/image\/"}},{"@type":"Person","@id":"https:\/\/diarioprincipios.com\/#\/schema\/person\/436d5a1fd41a5e250e23ff5a6a7cb080","name":"Hern\u00e1n L\u00f3pez","image":{"@type":"ImageObject","inLanguage":"es","@id":"https:\/\/diarioprincipios.com\/wp-content\/litespeed\/avatar\/11ddfe5610ff3bd100522525b2571f48.jpg?ver=1777653193","url":"https:\/\/diarioprincipios.com\/wp-content\/litespeed\/avatar\/11ddfe5610ff3bd100522525b2571f48.jpg?ver=1777653193","contentUrl":"https:\/\/diarioprincipios.com\/wp-content\/litespeed\/avatar\/11ddfe5610ff3bd100522525b2571f48.jpg?ver=1777653193","caption":"Hern\u00e1n L\u00f3pez"},"url":"https:\/\/diarioprincipios.com\/index.php\/author\/hernan\/"}]}},"jetpack_featured_media_url":"https:\/\/diarioprincipios.com\/wp-content\/uploads\/2022\/02\/MISS-BOLIVIA-Y-MARTINA-CRUZ-CERRARON-LA-1RA-EDICION-DE-LA-CALLE-DE-LOS-LIBROS-3-1.jpg","_links":{"self":[{"href":"https:\/\/diarioprincipios.com\/index.php\/wp-json\/wp\/v2\/posts\/12709","targetHints":{"allow":["GET"]}}],"collection":[{"href":"https:\/\/diarioprincipios.com\/index.php\/wp-json\/wp\/v2\/posts"}],"about":[{"href":"https:\/\/diarioprincipios.com\/index.php\/wp-json\/wp\/v2\/types\/post"}],"author":[{"embeddable":true,"href":"https:\/\/diarioprincipios.com\/index.php\/wp-json\/wp\/v2\/users\/2"}],"replies":[{"embeddable":true,"href":"https:\/\/diarioprincipios.com\/index.php\/wp-json\/wp\/v2\/comments?post=12709"}],"version-history":[{"count":1,"href":"https:\/\/diarioprincipios.com\/index.php\/wp-json\/wp\/v2\/posts\/12709\/revisions"}],"predecessor-version":[{"id":12711,"href":"https:\/\/diarioprincipios.com\/index.php\/wp-json\/wp\/v2\/posts\/12709\/revisions\/12711"}],"wp:featuredmedia":[{"embeddable":true,"href":"https:\/\/diarioprincipios.com\/index.php\/wp-json\/wp\/v2\/media\/12710"}],"wp:attachment":[{"href":"https:\/\/diarioprincipios.com\/index.php\/wp-json\/wp\/v2\/media?parent=12709"}],"wp:term":[{"taxonomy":"category","embeddable":true,"href":"https:\/\/diarioprincipios.com\/index.php\/wp-json\/wp\/v2\/categories?post=12709"},{"taxonomy":"post_tag","embeddable":true,"href":"https:\/\/diarioprincipios.com\/index.php\/wp-json\/wp\/v2\/tags?post=12709"}],"curies":[{"name":"wp","href":"https:\/\/api.w.org\/{rel}","templated":true}]}}