{"id":12704,"date":"2022-02-23T00:05:28","date_gmt":"2022-02-23T03:05:28","guid":{"rendered":"http:\/\/diarioprincipios.com\/?p=12704"},"modified":"2022-02-23T00:05:31","modified_gmt":"2022-02-23T03:05:31","slug":"berazategui-tendra-un-centro-de-formacion-e-innovacion-productiva-municipal","status":"publish","type":"post","link":"https:\/\/diarioprincipios.com\/index.php\/2022\/02\/23\/berazategui-tendra-un-centro-de-formacion-e-innovacion-productiva-municipal\/","title":{"rendered":"Berazategui tendr\u00e1 un Centro de Formaci\u00f3n e Innovaci\u00f3n Productiva Municipal"},"content":{"rendered":"\n<p><strong>Con vistas al futuro Centro de Formaci\u00f3n e Innovaci\u00f3n Productiva Municipal (CEFIP), que en pocos meses comenzar\u00e1 a funcionar en Berazategui, el intendente Juan Jos\u00e9 Mussi firm\u00f3 convenios con el rector de la Universidad Nacional Arturo Jauretche (UNAJ), Dr. Arnaldo Medina, por los cuales se implementar\u00e1n -de manera articulada- capacitaciones tecnol\u00f3gicas orientadas a las Pymes. En el mismo acto, la subsecretaria de Econom\u00eda del Conocimiento, Mar\u00eda Ap\u00f3lito, formaliz\u00f3 un aporte de dinero -del Programa Nodos de la Econom\u00eda del Conocimiento- destinado a la adecuaci\u00f3n edilicia y equipamiento del nuevo Centro Educativo.<\/strong><\/p>\n\n\n\n<p>En el encuentro, Mussi destac\u00f3: \u201cLa Subsecretaria y el Rector vienen a generar un hecho important\u00edsimo en Berazategui. La compa\u00f1era Mar\u00eda Ap\u00f3lito nos acerca el modelo y la voluntad de reproducirlo. Queremos generar mano de obra calificada. Los ciudadanos trabajan y deben capacitarse para seguir haci\u00e9ndolo. Nuestras Pymes me hacen sentir orgulloso, as\u00ed como la UNAJ y este Gobierno nacional. Detr\u00e1s de este convenio que hemos firmado hay un gran apoyo que estamos recibiendo y fervientemente acompa\u00f1aremos este proyecto, trabajando junto al sector industrial de Berazategui. Nos sentimos identificados y apoyados, muy agradecidos y contentos\u201d.<\/p>\n\n\n\n<p>\u201cEs un placer estar en este tipo de actividades donde confluyen la Universidad, el territorio -en este caso de Berazategui- y las pol\u00edticas p\u00fablicas nacionales\u201d, expres\u00f3 Ap\u00f3lito. \u201cEl Programa Nodos no tiene sentido si no tenemos detr\u00e1s una vinculaci\u00f3n virtuosa como la que vemos entre la UNAJ y el Municipio de Berazategui. Felicito al intendente Mussi, al rector Dr. Arnaldo Medina; y al equipo de ambas instituciones por su trabajo. Para que exista una pol\u00edtica de Econom\u00eda del Conocimiento como la que hoy estamos llevando adelante, necesitamos decisi\u00f3n pol\u00edtica y esa es la que ha tomado nuestro Presidente, el ministro Mat\u00edas Kulfas y el secretario Ariel Schale, una estrategia concreta\u201d.<\/p>\n\n\n\n<figure class=\"wp-block-image size-large\"><img loading=\"lazy\" decoding=\"async\" width=\"1024\" height=\"682\" src=\"https:\/\/diarioprincipios.com\/wp-content\/uploads\/2022\/02\/BERAZATEGUI-TENDRA-UN-CENTRO-DE-FORMACION-E-INNOVACION-PRODUCTIVA-MUNICIPAL-1-1-1024x682.jpeg\" alt=\"\" class=\"wp-image-12705\" srcset=\"https:\/\/diarioprincipios.com\/wp-content\/uploads\/2022\/02\/BERAZATEGUI-TENDRA-UN-CENTRO-DE-FORMACION-E-INNOVACION-PRODUCTIVA-MUNICIPAL-1-1-1024x682.jpeg 1024w, https:\/\/diarioprincipios.com\/wp-content\/uploads\/2022\/02\/BERAZATEGUI-TENDRA-UN-CENTRO-DE-FORMACION-E-INNOVACION-PRODUCTIVA-MUNICIPAL-1-1-300x200.jpeg 300w, https:\/\/diarioprincipios.com\/wp-content\/uploads\/2022\/02\/BERAZATEGUI-TENDRA-UN-CENTRO-DE-FORMACION-E-INNOVACION-PRODUCTIVA-MUNICIPAL-1-1-768x512.jpeg 768w, https:\/\/diarioprincipios.com\/wp-content\/uploads\/2022\/02\/BERAZATEGUI-TENDRA-UN-CENTRO-DE-FORMACION-E-INNOVACION-PRODUCTIVA-MUNICIPAL-1-1.jpeg 1280w\" sizes=\"auto, (max-width: 1024px) 100vw, 1024px\" \/><\/figure>\n\n\n\n<p>Asimismo, subray\u00f3: \u201cIncorporar digitalizaci\u00f3n, innovaci\u00f3n, nanotecnolog\u00eda, rob\u00f3tica o automaci\u00f3n no es un mundo alejado de las Pymes. Queremos acercar esas tecnolog\u00edas al entramado de todos los sectores productivos para mejorar sus procesos y aumentar su competitividad. Para ello tambi\u00e9n necesitamos Universidades fuertes. Queremos un modelo de pa\u00eds basado en una industria nacional, en la innovaci\u00f3n; con trabajo y educaci\u00f3n gratuita y p\u00fablica. Para ello necesitamos capacitar m\u00e1s recursos humanos. Aqu\u00ed, en Berazategui, est\u00e1n representando ese modelo virtuoso que queremos para Argentina\u201d.<\/p>\n\n\n\n<p>El Dr. Arnaldo Medina coment\u00f3: \u201cEs una alegr\u00eda acompa\u00f1ar una vez m\u00e1s al Municipio de Berazategui mediante la Universidad Nacional Arturo Jauretche. Agradezco el trabajo de los equipos de ambas partes. Hemos creado un Centro de Oficios en red con el nuevo CEFIP de Berazategui. Esto tendr\u00e1 continuidad gracias al gran apoyo del Gobierno nacional y del Ministerio de Desarrollo Productivo, gracias a sus infinitas acciones dirigidas a empresas e industrias y a la posibilidad que nos da de colaborar con las Pymes del territorio\u201d.<\/p>\n\n\n\n<figure class=\"wp-block-image size-large\"><img loading=\"lazy\" decoding=\"async\" width=\"1024\" height=\"683\" src=\"https:\/\/diarioprincipios.com\/wp-content\/uploads\/2022\/02\/BERAZATEGUI-TENDRA-UN-CENTRO-DE-FORMACION-E-INNOVACION-PRODUCTIVA-MUNICIPAL-2-1-1024x683.jpg\" alt=\"\" class=\"wp-image-12706\" srcset=\"https:\/\/diarioprincipios.com\/wp-content\/uploads\/2022\/02\/BERAZATEGUI-TENDRA-UN-CENTRO-DE-FORMACION-E-INNOVACION-PRODUCTIVA-MUNICIPAL-2-1-1024x683.jpg 1024w, https:\/\/diarioprincipios.com\/wp-content\/uploads\/2022\/02\/BERAZATEGUI-TENDRA-UN-CENTRO-DE-FORMACION-E-INNOVACION-PRODUCTIVA-MUNICIPAL-2-1-300x200.jpg 300w, https:\/\/diarioprincipios.com\/wp-content\/uploads\/2022\/02\/BERAZATEGUI-TENDRA-UN-CENTRO-DE-FORMACION-E-INNOVACION-PRODUCTIVA-MUNICIPAL-2-1-768x512.jpg 768w, https:\/\/diarioprincipios.com\/wp-content\/uploads\/2022\/02\/BERAZATEGUI-TENDRA-UN-CENTRO-DE-FORMACION-E-INNOVACION-PRODUCTIVA-MUNICIPAL-2-1-1536x1024.jpg 1536w, https:\/\/diarioprincipios.com\/wp-content\/uploads\/2022\/02\/BERAZATEGUI-TENDRA-UN-CENTRO-DE-FORMACION-E-INNOVACION-PRODUCTIVA-MUNICIPAL-2-1.jpg 1920w\" sizes=\"auto, (max-width: 1024px) 100vw, 1024px\" \/><\/figure>\n\n\n\n<p>El CEFIP se encuentra en el barrio La Serranita (calle 27 y 131) y durante la jornada fue visitado por los funcionarios. Su construcci\u00f3n avanz\u00f3 en un 60% y ofrecer\u00e1, a partir de los convenios firmados y en el corto plazo, una oferta educativa variada y a la altura de las necesidades de las Pymes. Este Centro brindar\u00e1 herramientas, capacitaciones e innovaci\u00f3n para generar empleo de calidad. El secretario de Trabajo municipal, Juan Manuel Parra, afirm\u00f3 al respecto: \u201cDesde la Secretar\u00eda apoyamos las pol\u00edticas industriales gestionadas por el intendente Juan Jos\u00e9 Mussi y, en ese contexto, el CEFIP complementar\u00e1 la plataforma educativa que el Municipio implementa con el objetivo de generar trabajo para la comunidad\u201d.<\/p>\n","protected":false},"excerpt":{"rendered":"<p>Con vistas al futuro Centro de Formaci\u00f3n e Innovaci\u00f3n Productiva Municipal (CEFIP), que en pocos meses comenzar\u00e1 a funcionar en Berazategui, el intendente Juan Jos\u00e9 Mussi firm\u00f3 convenios con el rector de la Universidad Nacional Arturo Jauretche (UNAJ), Dr. Arnaldo Medina, por los cuales se implementar\u00e1n -de manera articulada- capacitaciones tecnol\u00f3gicas orientadas a las Pymes&#8230;.<\/p>\n","protected":false},"author":2,"featured_media":12707,"comment_status":"open","ping_status":"open","sticky":false,"template":"","format":"standard","meta":{"footnotes":""},"categories":[3],"tags":[],"class_list":["post-12704","post","type-post","status-publish","format-standard","has-post-thumbnail","hentry","category-berazategui"],"featured_image_src":"https:\/\/diarioprincipios.com\/wp-content\/uploads\/2022\/02\/BERAZATEGUI-TENDRA-UN-CENTRO-DE-FORMACION-E-INNOVACION-PRODUCTIVA-MUNICIPAL-3-1-1024x683.jpg","blog_images":{"medium":"https:\/\/diarioprincipios.com\/wp-content\/uploads\/2022\/02\/BERAZATEGUI-TENDRA-UN-CENTRO-DE-FORMACION-E-INNOVACION-PRODUCTIVA-MUNICIPAL-3-1-300x200.jpg","large":"https:\/\/diarioprincipios.com\/wp-content\/uploads\/2022\/02\/BERAZATEGUI-TENDRA-UN-CENTRO-DE-FORMACION-E-INNOVACION-PRODUCTIVA-MUNICIPAL-3-1-1024x683.jpg"},"ams_acf":[],"yoast_head":"<!-- This site is optimized with the Yoast SEO plugin v27.3 - https:\/\/yoast.com\/product\/yoast-seo-wordpress\/ -->\n<title>Berazategui tendr\u00e1 un Centro de Formaci\u00f3n e Innovaci\u00f3n Productiva Municipal - Principios<\/title>\n<meta name=\"robots\" content=\"index, follow, max-snippet:-1, max-image-preview:large, max-video-preview:-1\" \/>\n<link rel=\"canonical\" href=\"https:\/\/diarioprincipios.com\/index.php\/2022\/02\/23\/berazategui-tendra-un-centro-de-formacion-e-innovacion-productiva-municipal\/\" \/>\n<meta property=\"og:locale\" content=\"es_ES\" \/>\n<meta property=\"og:type\" content=\"article\" \/>\n<meta property=\"og:title\" content=\"Berazategui tendr\u00e1 un Centro de Formaci\u00f3n e Innovaci\u00f3n Productiva Municipal - Principios\" \/>\n<meta property=\"og:description\" content=\"Con vistas al futuro Centro de Formaci\u00f3n e Innovaci\u00f3n Productiva Municipal (CEFIP), que en pocos meses comenzar\u00e1 a funcionar en Berazategui, el intendente Juan Jos\u00e9 Mussi firm\u00f3 convenios con el rector de la Universidad Nacional Arturo Jauretche (UNAJ), Dr. Arnaldo Medina, por los cuales se implementar\u00e1n -de manera articulada- capacitaciones tecnol\u00f3gicas orientadas a las Pymes....\" \/>\n<meta property=\"og:url\" content=\"https:\/\/diarioprincipios.com\/index.php\/2022\/02\/23\/berazategui-tendra-un-centro-de-formacion-e-innovacion-productiva-municipal\/\" \/>\n<meta property=\"og:site_name\" content=\"Principios\" \/>\n<meta property=\"article:published_time\" content=\"2022-02-23T03:05:28+00:00\" \/>\n<meta property=\"article:modified_time\" content=\"2022-02-23T03:05:31+00:00\" \/>\n<meta property=\"og:image\" content=\"https:\/\/diarioprincipios.com\/wp-content\/uploads\/2022\/02\/BERAZATEGUI-TENDRA-UN-CENTRO-DE-FORMACION-E-INNOVACION-PRODUCTIVA-MUNICIPAL-3-1.jpg\" \/>\n\t<meta property=\"og:image:width\" content=\"1920\" \/>\n\t<meta property=\"og:image:height\" content=\"1280\" \/>\n\t<meta property=\"og:image:type\" content=\"image\/jpeg\" \/>\n<meta name=\"author\" content=\"Hern\u00e1n L\u00f3pez\" \/>\n<meta name=\"twitter:card\" content=\"summary_large_image\" \/>\n<meta name=\"twitter:label1\" content=\"Escrito por\" \/>\n\t<meta name=\"twitter:data1\" content=\"Hern\u00e1n L\u00f3pez\" \/>\n\t<meta name=\"twitter:label2\" content=\"Tiempo de lectura\" \/>\n\t<meta name=\"twitter:data2\" content=\"4 minutos\" \/>\n<script type=\"application\/ld+json\" class=\"yoast-schema-graph\">{\"@context\":\"https:\\\/\\\/schema.org\",\"@graph\":[{\"@type\":\"Article\",\"@id\":\"https:\\\/\\\/diarioprincipios.com\\\/index.php\\\/2022\\\/02\\\/23\\\/berazategui-tendra-un-centro-de-formacion-e-innovacion-productiva-municipal\\\/#article\",\"isPartOf\":{\"@id\":\"https:\\\/\\\/diarioprincipios.com\\\/index.php\\\/2022\\\/02\\\/23\\\/berazategui-tendra-un-centro-de-formacion-e-innovacion-productiva-municipal\\\/\"},\"author\":{\"name\":\"Hern\u00e1n L\u00f3pez\",\"@id\":\"https:\\\/\\\/diarioprincipios.com\\\/#\\\/schema\\\/person\\\/436d5a1fd41a5e250e23ff5a6a7cb080\"},\"headline\":\"Berazategui tendr\u00e1 un Centro de Formaci\u00f3n e Innovaci\u00f3n Productiva Municipal\",\"datePublished\":\"2022-02-23T03:05:28+00:00\",\"dateModified\":\"2022-02-23T03:05:31+00:00\",\"mainEntityOfPage\":{\"@id\":\"https:\\\/\\\/diarioprincipios.com\\\/index.php\\\/2022\\\/02\\\/23\\\/berazategui-tendra-un-centro-de-formacion-e-innovacion-productiva-municipal\\\/\"},\"wordCount\":632,\"commentCount\":0,\"publisher\":{\"@id\":\"https:\\\/\\\/diarioprincipios.com\\\/#organization\"},\"image\":{\"@id\":\"https:\\\/\\\/diarioprincipios.com\\\/index.php\\\/2022\\\/02\\\/23\\\/berazategui-tendra-un-centro-de-formacion-e-innovacion-productiva-municipal\\\/#primaryimage\"},\"thumbnailUrl\":\"https:\\\/\\\/diarioprincipios.com\\\/wp-content\\\/uploads\\\/2022\\\/02\\\/BERAZATEGUI-TENDRA-UN-CENTRO-DE-FORMACION-E-INNOVACION-PRODUCTIVA-MUNICIPAL-3-1.jpg\",\"articleSection\":[\"Berazategui\"],\"inLanguage\":\"es\",\"potentialAction\":[{\"@type\":\"CommentAction\",\"name\":\"Comment\",\"target\":[\"https:\\\/\\\/diarioprincipios.com\\\/index.php\\\/2022\\\/02\\\/23\\\/berazategui-tendra-un-centro-de-formacion-e-innovacion-productiva-municipal\\\/#respond\"]}]},{\"@type\":\"WebPage\",\"@id\":\"https:\\\/\\\/diarioprincipios.com\\\/index.php\\\/2022\\\/02\\\/23\\\/berazategui-tendra-un-centro-de-formacion-e-innovacion-productiva-municipal\\\/\",\"url\":\"https:\\\/\\\/diarioprincipios.com\\\/index.php\\\/2022\\\/02\\\/23\\\/berazategui-tendra-un-centro-de-formacion-e-innovacion-productiva-municipal\\\/\",\"name\":\"Berazategui tendr\u00e1 un Centro de Formaci\u00f3n e Innovaci\u00f3n Productiva Municipal - Principios\",\"isPartOf\":{\"@id\":\"https:\\\/\\\/diarioprincipios.com\\\/#website\"},\"primaryImageOfPage\":{\"@id\":\"https:\\\/\\\/diarioprincipios.com\\\/index.php\\\/2022\\\/02\\\/23\\\/berazategui-tendra-un-centro-de-formacion-e-innovacion-productiva-municipal\\\/#primaryimage\"},\"image\":{\"@id\":\"https:\\\/\\\/diarioprincipios.com\\\/index.php\\\/2022\\\/02\\\/23\\\/berazategui-tendra-un-centro-de-formacion-e-innovacion-productiva-municipal\\\/#primaryimage\"},\"thumbnailUrl\":\"https:\\\/\\\/diarioprincipios.com\\\/wp-content\\\/uploads\\\/2022\\\/02\\\/BERAZATEGUI-TENDRA-UN-CENTRO-DE-FORMACION-E-INNOVACION-PRODUCTIVA-MUNICIPAL-3-1.jpg\",\"datePublished\":\"2022-02-23T03:05:28+00:00\",\"dateModified\":\"2022-02-23T03:05:31+00:00\",\"breadcrumb\":{\"@id\":\"https:\\\/\\\/diarioprincipios.com\\\/index.php\\\/2022\\\/02\\\/23\\\/berazategui-tendra-un-centro-de-formacion-e-innovacion-productiva-municipal\\\/#breadcrumb\"},\"inLanguage\":\"es\",\"potentialAction\":[{\"@type\":\"ReadAction\",\"target\":[\"https:\\\/\\\/diarioprincipios.com\\\/index.php\\\/2022\\\/02\\\/23\\\/berazategui-tendra-un-centro-de-formacion-e-innovacion-productiva-municipal\\\/\"]}]},{\"@type\":\"ImageObject\",\"inLanguage\":\"es\",\"@id\":\"https:\\\/\\\/diarioprincipios.com\\\/index.php\\\/2022\\\/02\\\/23\\\/berazategui-tendra-un-centro-de-formacion-e-innovacion-productiva-municipal\\\/#primaryimage\",\"url\":\"https:\\\/\\\/diarioprincipios.com\\\/wp-content\\\/uploads\\\/2022\\\/02\\\/BERAZATEGUI-TENDRA-UN-CENTRO-DE-FORMACION-E-INNOVACION-PRODUCTIVA-MUNICIPAL-3-1.jpg\",\"contentUrl\":\"https:\\\/\\\/diarioprincipios.com\\\/wp-content\\\/uploads\\\/2022\\\/02\\\/BERAZATEGUI-TENDRA-UN-CENTRO-DE-FORMACION-E-INNOVACION-PRODUCTIVA-MUNICIPAL-3-1.jpg\",\"width\":1920,\"height\":1280},{\"@type\":\"BreadcrumbList\",\"@id\":\"https:\\\/\\\/diarioprincipios.com\\\/index.php\\\/2022\\\/02\\\/23\\\/berazategui-tendra-un-centro-de-formacion-e-innovacion-productiva-municipal\\\/#breadcrumb\",\"itemListElement\":[{\"@type\":\"ListItem\",\"position\":1,\"name\":\"Portada\",\"item\":\"https:\\\/\\\/diarioprincipios.com\\\/\"},{\"@type\":\"ListItem\",\"position\":2,\"name\":\"Berazategui tendr\u00e1 un Centro de Formaci\u00f3n e Innovaci\u00f3n Productiva Municipal\"}]},{\"@type\":\"WebSite\",\"@id\":\"https:\\\/\\\/diarioprincipios.com\\\/#website\",\"url\":\"https:\\\/\\\/diarioprincipios.com\\\/\",\"name\":\"Principios\",\"description\":\"Principios Diario\",\"publisher\":{\"@id\":\"https:\\\/\\\/diarioprincipios.com\\\/#organization\"},\"potentialAction\":[{\"@type\":\"SearchAction\",\"target\":{\"@type\":\"EntryPoint\",\"urlTemplate\":\"https:\\\/\\\/diarioprincipios.com\\\/?s={search_term_string}\"},\"query-input\":{\"@type\":\"PropertyValueSpecification\",\"valueRequired\":true,\"valueName\":\"search_term_string\"}}],\"inLanguage\":\"es\"},{\"@type\":\"Organization\",\"@id\":\"https:\\\/\\\/diarioprincipios.com\\\/#organization\",\"name\":\"Principios\",\"url\":\"https:\\\/\\\/diarioprincipios.com\\\/\",\"logo\":{\"@type\":\"ImageObject\",\"inLanguage\":\"es\",\"@id\":\"https:\\\/\\\/diarioprincipios.com\\\/#\\\/schema\\\/logo\\\/image\\\/\",\"url\":\"https:\\\/\\\/diarioprincipios.com\\\/wp-content\\\/uploads\\\/2024\\\/04\\\/cropped-www.diarioprincipios.com_-1.png\",\"contentUrl\":\"https:\\\/\\\/diarioprincipios.com\\\/wp-content\\\/uploads\\\/2024\\\/04\\\/cropped-www.diarioprincipios.com_-1.png\",\"width\":5325,\"height\":1454,\"caption\":\"Principios\"},\"image\":{\"@id\":\"https:\\\/\\\/diarioprincipios.com\\\/#\\\/schema\\\/logo\\\/image\\\/\"}},{\"@type\":\"Person\",\"@id\":\"https:\\\/\\\/diarioprincipios.com\\\/#\\\/schema\\\/person\\\/436d5a1fd41a5e250e23ff5a6a7cb080\",\"name\":\"Hern\u00e1n L\u00f3pez\",\"image\":{\"@type\":\"ImageObject\",\"inLanguage\":\"es\",\"@id\":\"https:\\\/\\\/diarioprincipios.com\\\/wp-content\\\/litespeed\\\/avatar\\\/11ddfe5610ff3bd100522525b2571f48.jpg?ver=1777653193\",\"url\":\"https:\\\/\\\/diarioprincipios.com\\\/wp-content\\\/litespeed\\\/avatar\\\/11ddfe5610ff3bd100522525b2571f48.jpg?ver=1777653193\",\"contentUrl\":\"https:\\\/\\\/diarioprincipios.com\\\/wp-content\\\/litespeed\\\/avatar\\\/11ddfe5610ff3bd100522525b2571f48.jpg?ver=1777653193\",\"caption\":\"Hern\u00e1n L\u00f3pez\"},\"url\":\"https:\\\/\\\/diarioprincipios.com\\\/index.php\\\/author\\\/hernan\\\/\"}]}<\/script>\n<!-- \/ Yoast SEO plugin. -->","yoast_head_json":{"title":"Berazategui tendr\u00e1 un Centro de Formaci\u00f3n e Innovaci\u00f3n Productiva Municipal - Principios","robots":{"index":"index","follow":"follow","max-snippet":"max-snippet:-1","max-image-preview":"max-image-preview:large","max-video-preview":"max-video-preview:-1"},"canonical":"https:\/\/diarioprincipios.com\/index.php\/2022\/02\/23\/berazategui-tendra-un-centro-de-formacion-e-innovacion-productiva-municipal\/","og_locale":"es_ES","og_type":"article","og_title":"Berazategui tendr\u00e1 un Centro de Formaci\u00f3n e Innovaci\u00f3n Productiva Municipal - Principios","og_description":"Con vistas al futuro Centro de Formaci\u00f3n e Innovaci\u00f3n Productiva Municipal (CEFIP), que en pocos meses comenzar\u00e1 a funcionar en Berazategui, el intendente Juan Jos\u00e9 Mussi firm\u00f3 convenios con el rector de la Universidad Nacional Arturo Jauretche (UNAJ), Dr. Arnaldo Medina, por los cuales se implementar\u00e1n -de manera articulada- capacitaciones tecnol\u00f3gicas orientadas a las Pymes....","og_url":"https:\/\/diarioprincipios.com\/index.php\/2022\/02\/23\/berazategui-tendra-un-centro-de-formacion-e-innovacion-productiva-municipal\/","og_site_name":"Principios","article_published_time":"2022-02-23T03:05:28+00:00","article_modified_time":"2022-02-23T03:05:31+00:00","og_image":[{"width":1920,"height":1280,"url":"https:\/\/diarioprincipios.com\/wp-content\/uploads\/2022\/02\/BERAZATEGUI-TENDRA-UN-CENTRO-DE-FORMACION-E-INNOVACION-PRODUCTIVA-MUNICIPAL-3-1.jpg","type":"image\/jpeg"}],"author":"Hern\u00e1n L\u00f3pez","twitter_card":"summary_large_image","twitter_misc":{"Escrito por":"Hern\u00e1n L\u00f3pez","Tiempo de lectura":"4 minutos"},"schema":{"@context":"https:\/\/schema.org","@graph":[{"@type":"Article","@id":"https:\/\/diarioprincipios.com\/index.php\/2022\/02\/23\/berazategui-tendra-un-centro-de-formacion-e-innovacion-productiva-municipal\/#article","isPartOf":{"@id":"https:\/\/diarioprincipios.com\/index.php\/2022\/02\/23\/berazategui-tendra-un-centro-de-formacion-e-innovacion-productiva-municipal\/"},"author":{"name":"Hern\u00e1n L\u00f3pez","@id":"https:\/\/diarioprincipios.com\/#\/schema\/person\/436d5a1fd41a5e250e23ff5a6a7cb080"},"headline":"Berazategui tendr\u00e1 un Centro de Formaci\u00f3n e Innovaci\u00f3n Productiva Municipal","datePublished":"2022-02-23T03:05:28+00:00","dateModified":"2022-02-23T03:05:31+00:00","mainEntityOfPage":{"@id":"https:\/\/diarioprincipios.com\/index.php\/2022\/02\/23\/berazategui-tendra-un-centro-de-formacion-e-innovacion-productiva-municipal\/"},"wordCount":632,"commentCount":0,"publisher":{"@id":"https:\/\/diarioprincipios.com\/#organization"},"image":{"@id":"https:\/\/diarioprincipios.com\/index.php\/2022\/02\/23\/berazategui-tendra-un-centro-de-formacion-e-innovacion-productiva-municipal\/#primaryimage"},"thumbnailUrl":"https:\/\/diarioprincipios.com\/wp-content\/uploads\/2022\/02\/BERAZATEGUI-TENDRA-UN-CENTRO-DE-FORMACION-E-INNOVACION-PRODUCTIVA-MUNICIPAL-3-1.jpg","articleSection":["Berazategui"],"inLanguage":"es","potentialAction":[{"@type":"CommentAction","name":"Comment","target":["https:\/\/diarioprincipios.com\/index.php\/2022\/02\/23\/berazategui-tendra-un-centro-de-formacion-e-innovacion-productiva-municipal\/#respond"]}]},{"@type":"WebPage","@id":"https:\/\/diarioprincipios.com\/index.php\/2022\/02\/23\/berazategui-tendra-un-centro-de-formacion-e-innovacion-productiva-municipal\/","url":"https:\/\/diarioprincipios.com\/index.php\/2022\/02\/23\/berazategui-tendra-un-centro-de-formacion-e-innovacion-productiva-municipal\/","name":"Berazategui tendr\u00e1 un Centro de Formaci\u00f3n e Innovaci\u00f3n Productiva Municipal - Principios","isPartOf":{"@id":"https:\/\/diarioprincipios.com\/#website"},"primaryImageOfPage":{"@id":"https:\/\/diarioprincipios.com\/index.php\/2022\/02\/23\/berazategui-tendra-un-centro-de-formacion-e-innovacion-productiva-municipal\/#primaryimage"},"image":{"@id":"https:\/\/diarioprincipios.com\/index.php\/2022\/02\/23\/berazategui-tendra-un-centro-de-formacion-e-innovacion-productiva-municipal\/#primaryimage"},"thumbnailUrl":"https:\/\/diarioprincipios.com\/wp-content\/uploads\/2022\/02\/BERAZATEGUI-TENDRA-UN-CENTRO-DE-FORMACION-E-INNOVACION-PRODUCTIVA-MUNICIPAL-3-1.jpg","datePublished":"2022-02-23T03:05:28+00:00","dateModified":"2022-02-23T03:05:31+00:00","breadcrumb":{"@id":"https:\/\/diarioprincipios.com\/index.php\/2022\/02\/23\/berazategui-tendra-un-centro-de-formacion-e-innovacion-productiva-municipal\/#breadcrumb"},"inLanguage":"es","potentialAction":[{"@type":"ReadAction","target":["https:\/\/diarioprincipios.com\/index.php\/2022\/02\/23\/berazategui-tendra-un-centro-de-formacion-e-innovacion-productiva-municipal\/"]}]},{"@type":"ImageObject","inLanguage":"es","@id":"https:\/\/diarioprincipios.com\/index.php\/2022\/02\/23\/berazategui-tendra-un-centro-de-formacion-e-innovacion-productiva-municipal\/#primaryimage","url":"https:\/\/diarioprincipios.com\/wp-content\/uploads\/2022\/02\/BERAZATEGUI-TENDRA-UN-CENTRO-DE-FORMACION-E-INNOVACION-PRODUCTIVA-MUNICIPAL-3-1.jpg","contentUrl":"https:\/\/diarioprincipios.com\/wp-content\/uploads\/2022\/02\/BERAZATEGUI-TENDRA-UN-CENTRO-DE-FORMACION-E-INNOVACION-PRODUCTIVA-MUNICIPAL-3-1.jpg","width":1920,"height":1280},{"@type":"BreadcrumbList","@id":"https:\/\/diarioprincipios.com\/index.php\/2022\/02\/23\/berazategui-tendra-un-centro-de-formacion-e-innovacion-productiva-municipal\/#breadcrumb","itemListElement":[{"@type":"ListItem","position":1,"name":"Portada","item":"https:\/\/diarioprincipios.com\/"},{"@type":"ListItem","position":2,"name":"Berazategui tendr\u00e1 un Centro de Formaci\u00f3n e Innovaci\u00f3n Productiva Municipal"}]},{"@type":"WebSite","@id":"https:\/\/diarioprincipios.com\/#website","url":"https:\/\/diarioprincipios.com\/","name":"Principios","description":"Principios Diario","publisher":{"@id":"https:\/\/diarioprincipios.com\/#organization"},"potentialAction":[{"@type":"SearchAction","target":{"@type":"EntryPoint","urlTemplate":"https:\/\/diarioprincipios.com\/?s={search_term_string}"},"query-input":{"@type":"PropertyValueSpecification","valueRequired":true,"valueName":"search_term_string"}}],"inLanguage":"es"},{"@type":"Organization","@id":"https:\/\/diarioprincipios.com\/#organization","name":"Principios","url":"https:\/\/diarioprincipios.com\/","logo":{"@type":"ImageObject","inLanguage":"es","@id":"https:\/\/diarioprincipios.com\/#\/schema\/logo\/image\/","url":"https:\/\/diarioprincipios.com\/wp-content\/uploads\/2024\/04\/cropped-www.diarioprincipios.com_-1.png","contentUrl":"https:\/\/diarioprincipios.com\/wp-content\/uploads\/2024\/04\/cropped-www.diarioprincipios.com_-1.png","width":5325,"height":1454,"caption":"Principios"},"image":{"@id":"https:\/\/diarioprincipios.com\/#\/schema\/logo\/image\/"}},{"@type":"Person","@id":"https:\/\/diarioprincipios.com\/#\/schema\/person\/436d5a1fd41a5e250e23ff5a6a7cb080","name":"Hern\u00e1n L\u00f3pez","image":{"@type":"ImageObject","inLanguage":"es","@id":"https:\/\/diarioprincipios.com\/wp-content\/litespeed\/avatar\/11ddfe5610ff3bd100522525b2571f48.jpg?ver=1777653193","url":"https:\/\/diarioprincipios.com\/wp-content\/litespeed\/avatar\/11ddfe5610ff3bd100522525b2571f48.jpg?ver=1777653193","contentUrl":"https:\/\/diarioprincipios.com\/wp-content\/litespeed\/avatar\/11ddfe5610ff3bd100522525b2571f48.jpg?ver=1777653193","caption":"Hern\u00e1n L\u00f3pez"},"url":"https:\/\/diarioprincipios.com\/index.php\/author\/hernan\/"}]}},"jetpack_featured_media_url":"https:\/\/diarioprincipios.com\/wp-content\/uploads\/2022\/02\/BERAZATEGUI-TENDRA-UN-CENTRO-DE-FORMACION-E-INNOVACION-PRODUCTIVA-MUNICIPAL-3-1.jpg","_links":{"self":[{"href":"https:\/\/diarioprincipios.com\/index.php\/wp-json\/wp\/v2\/posts\/12704","targetHints":{"allow":["GET"]}}],"collection":[{"href":"https:\/\/diarioprincipios.com\/index.php\/wp-json\/wp\/v2\/posts"}],"about":[{"href":"https:\/\/diarioprincipios.com\/index.php\/wp-json\/wp\/v2\/types\/post"}],"author":[{"embeddable":true,"href":"https:\/\/diarioprincipios.com\/index.php\/wp-json\/wp\/v2\/users\/2"}],"replies":[{"embeddable":true,"href":"https:\/\/diarioprincipios.com\/index.php\/wp-json\/wp\/v2\/comments?post=12704"}],"version-history":[{"count":1,"href":"https:\/\/diarioprincipios.com\/index.php\/wp-json\/wp\/v2\/posts\/12704\/revisions"}],"predecessor-version":[{"id":12708,"href":"https:\/\/diarioprincipios.com\/index.php\/wp-json\/wp\/v2\/posts\/12704\/revisions\/12708"}],"wp:featuredmedia":[{"embeddable":true,"href":"https:\/\/diarioprincipios.com\/index.php\/wp-json\/wp\/v2\/media\/12707"}],"wp:attachment":[{"href":"https:\/\/diarioprincipios.com\/index.php\/wp-json\/wp\/v2\/media?parent=12704"}],"wp:term":[{"taxonomy":"category","embeddable":true,"href":"https:\/\/diarioprincipios.com\/index.php\/wp-json\/wp\/v2\/categories?post=12704"},{"taxonomy":"post_tag","embeddable":true,"href":"https:\/\/diarioprincipios.com\/index.php\/wp-json\/wp\/v2\/tags?post=12704"}],"curies":[{"name":"wp","href":"https:\/\/api.w.org\/{rel}","templated":true}]}}