{"id":12690,"date":"2022-02-21T18:21:50","date_gmt":"2022-02-21T21:21:50","guid":{"rendered":"http:\/\/diarioprincipios.com\/?p=12690"},"modified":"2022-02-21T18:21:56","modified_gmt":"2022-02-21T21:21:56","slug":"familias-recibieron-subsidios-para-reparar-ampliar-y-mejorar-sus-viviendas","status":"publish","type":"post","link":"https:\/\/diarioprincipios.com\/index.php\/2022\/02\/21\/familias-recibieron-subsidios-para-reparar-ampliar-y-mejorar-sus-viviendas\/","title":{"rendered":"Familias recibieron subsidios para reparar, ampliar y mejorar sus viviendas"},"content":{"rendered":"\n<p><strong>En un emotivo acto, el intendente Juan Jos\u00e9 Mussi entreg\u00f3 a 11 familias del distrito un subsidio para construir y realizar arreglos en sus hogares, en el marco del Programa Mejoras Habitacionales del Ministerio de Desarrollo de la Comunidad de la provincia de Buenos Aires. Fueron gestionados por los beneficiarios en la Agencia de Tierras y H\u00e1bitat de la Municipalidad de Berazategui.<\/strong><\/p>\n\n\n\n<p>En el encuentro, Mussi expres\u00f3: \u201cNos pone contentos hacer personalmente estas entregas de subsidios porque, si bien cuando uno mira los n\u00fameros parece algo no tan importante, s\u00ed lo es para quien los recibe. Hacemos la gesti\u00f3n necesaria para que la gente mejore su casa. Y con ese dinero hacen milagros, mejoran su calidad de vida, tienen la posibilidad de vivir mejor con sus familias. Mediante este subsidio pueden hacer su ba\u00f1o, arreglar goteras, colocar puertas, impermeabilizar techos, ampliar habitaciones, terminar la cocina y el comedor, y hacer mejoras generales. Este es un primer empuje y despu\u00e9s -si hacen estas cosas- podr\u00e1n acceder a un cr\u00e9dito mayor para seguir, a pagar seg\u00fan el sueldo que cada uno perciba\u00bb.<\/p>\n\n\n\n<p>Y agreg\u00f3: \u201cEl equipo de la Agencia de Tierras y H\u00e1bitat los acompa\u00f1an en el tr\u00e1mite y hoy les podemos entregar esta ayuda. A veces hasta los mismos vecinos o familiares trabajan en estas obras y los resultados son muy lindos, gracias a la solidaridad. Pueden contar con nosotros, el Municipio se pone a su disposici\u00f3n\u201d.<\/p>\n\n\n\n<p>Por su parte, la titular de la Agencia de Tierras y H\u00e1bitat municipal, Luc\u00eda Vega, se\u00f1al\u00f3: \u201cCompartimos una entrega muy emotiva de cheques a 11 familias de distintos barrios de Berazategui. Muy conmovedora, sobre todo, porque el Intendente conoce las situaciones particulares de estas familias, muy humildes y numerosas. Todos tienen integrantes trabajando y reciben este subsidio en una primera etapa, que si es bien invertido -desde la Direcci\u00f3n de Vivienda acompa\u00f1amos para optimizar los recursos- da lugar a una segunda etapa, que consta de un cr\u00e9dito. Desde el inicio del Programa en 2021 hasta hoy, 131 familias han recibido este subsidio y continuaremos entreg\u00e1ndolos para completar las 200\u201d.<\/p>\n\n\n\n<p>Gloria Arce, vecina del barrio Aldana, coment\u00f3: \u201cVine a acompa\u00f1ar a mi hija Diana Acevedo. El Dr. Mussi le dio un subsidio para arreglar su pieza que ten\u00eda humedad. Estoy muy contenta y agradecida por ayudar a mi hija y a mis nietitos, un nene de 3 a\u00f1os y mellizos sietemesinos de 3 meses. Ella est\u00e1 muy emocionada y agradecida\u201d.<\/p>\n\n\n\n<p>El Programa provincial de subsidio a Mejoras Habitacionales consiste en la entrega de un aporte no reembolsable para la concreci\u00f3n de los proyectos familiares gestionados. La Direcci\u00f3n de Vivienda recibe la solicitud y, tras una certificaci\u00f3n de los requisitos necesarios, se brinda orientaci\u00f3n al grupo familiar para una adecuada inversi\u00f3n. En la Agencia de Tierras y H\u00e1bitat de la Municipalidad de Berazategui pueden inscribirse quienes re\u00fanan las condiciones para recibir esta ayuda y as\u00ed poder efectuar obras necesarias de construcci\u00f3n, reparaci\u00f3n, ampliaci\u00f3n y mejora en sus hogares. Pueden acercarse a Av. 14 N\u00ba 3111 e\/ 131 y 131 A (Planta baja), de lunes a viernes de 8.00 a 14.00, o llamar al 4356-9200 (Int. 2219).<\/p>\n","protected":false},"excerpt":{"rendered":"<p>En un emotivo acto, el intendente Juan Jos\u00e9 Mussi entreg\u00f3 a 11 familias del distrito un subsidio para construir y realizar arreglos en sus hogares, en el marco del Programa Mejoras Habitacionales del Ministerio de Desarrollo de la Comunidad de la provincia de Buenos Aires. Fueron gestionados por los beneficiarios en la Agencia de Tierras&#8230;<\/p>\n","protected":false},"author":2,"featured_media":12691,"comment_status":"open","ping_status":"open","sticky":false,"template":"","format":"standard","meta":{"footnotes":""},"categories":[3],"tags":[],"class_list":["post-12690","post","type-post","status-publish","format-standard","has-post-thumbnail","hentry","category-berazategui"],"featured_image_src":"https:\/\/diarioprincipios.com\/wp-content\/uploads\/2022\/02\/FAMILIAS-RECIBIERON-SUBSIDIOS-PARA-REPARAR-AMPLIAR-Y-MEJORAR-SUS-VIVIENDAS-1-1024x683.jpg","blog_images":{"medium":"https:\/\/diarioprincipios.com\/wp-content\/uploads\/2022\/02\/FAMILIAS-RECIBIERON-SUBSIDIOS-PARA-REPARAR-AMPLIAR-Y-MEJORAR-SUS-VIVIENDAS-1-300x200.jpg","large":"https:\/\/diarioprincipios.com\/wp-content\/uploads\/2022\/02\/FAMILIAS-RECIBIERON-SUBSIDIOS-PARA-REPARAR-AMPLIAR-Y-MEJORAR-SUS-VIVIENDAS-1-1024x683.jpg"},"ams_acf":[],"yoast_head":"<!-- This site is optimized with the Yoast SEO plugin v27.3 - https:\/\/yoast.com\/product\/yoast-seo-wordpress\/ -->\n<title>Familias recibieron subsidios para reparar, ampliar y mejorar sus viviendas - Principios<\/title>\n<meta name=\"robots\" content=\"index, follow, max-snippet:-1, max-image-preview:large, max-video-preview:-1\" \/>\n<link rel=\"canonical\" href=\"https:\/\/diarioprincipios.com\/index.php\/2022\/02\/21\/familias-recibieron-subsidios-para-reparar-ampliar-y-mejorar-sus-viviendas\/\" \/>\n<meta property=\"og:locale\" content=\"es_ES\" \/>\n<meta property=\"og:type\" content=\"article\" \/>\n<meta property=\"og:title\" content=\"Familias recibieron subsidios para reparar, ampliar y mejorar sus viviendas - Principios\" \/>\n<meta property=\"og:description\" content=\"En un emotivo acto, el intendente Juan Jos\u00e9 Mussi entreg\u00f3 a 11 familias del distrito un subsidio para construir y realizar arreglos en sus hogares, en el marco del Programa Mejoras Habitacionales del Ministerio de Desarrollo de la Comunidad de la provincia de Buenos Aires. Fueron gestionados por los beneficiarios en la Agencia de Tierras...\" \/>\n<meta property=\"og:url\" content=\"https:\/\/diarioprincipios.com\/index.php\/2022\/02\/21\/familias-recibieron-subsidios-para-reparar-ampliar-y-mejorar-sus-viviendas\/\" \/>\n<meta property=\"og:site_name\" content=\"Principios\" \/>\n<meta property=\"article:published_time\" content=\"2022-02-21T21:21:50+00:00\" \/>\n<meta property=\"article:modified_time\" content=\"2022-02-21T21:21:56+00:00\" \/>\n<meta property=\"og:image\" content=\"https:\/\/diarioprincipios.com\/wp-content\/uploads\/2022\/02\/FAMILIAS-RECIBIERON-SUBSIDIOS-PARA-REPARAR-AMPLIAR-Y-MEJORAR-SUS-VIVIENDAS-1.jpg\" \/>\n\t<meta property=\"og:image:width\" content=\"1920\" \/>\n\t<meta property=\"og:image:height\" content=\"1280\" \/>\n\t<meta property=\"og:image:type\" content=\"image\/jpeg\" \/>\n<meta name=\"author\" content=\"Hern\u00e1n L\u00f3pez\" \/>\n<meta name=\"twitter:card\" content=\"summary_large_image\" \/>\n<meta name=\"twitter:label1\" content=\"Escrito por\" \/>\n\t<meta name=\"twitter:data1\" content=\"Hern\u00e1n L\u00f3pez\" \/>\n\t<meta name=\"twitter:label2\" content=\"Tiempo de lectura\" \/>\n\t<meta name=\"twitter:data2\" content=\"3 minutos\" \/>\n<script type=\"application\/ld+json\" class=\"yoast-schema-graph\">{\"@context\":\"https:\\\/\\\/schema.org\",\"@graph\":[{\"@type\":\"Article\",\"@id\":\"https:\\\/\\\/diarioprincipios.com\\\/index.php\\\/2022\\\/02\\\/21\\\/familias-recibieron-subsidios-para-reparar-ampliar-y-mejorar-sus-viviendas\\\/#article\",\"isPartOf\":{\"@id\":\"https:\\\/\\\/diarioprincipios.com\\\/index.php\\\/2022\\\/02\\\/21\\\/familias-recibieron-subsidios-para-reparar-ampliar-y-mejorar-sus-viviendas\\\/\"},\"author\":{\"name\":\"Hern\u00e1n L\u00f3pez\",\"@id\":\"https:\\\/\\\/diarioprincipios.com\\\/#\\\/schema\\\/person\\\/436d5a1fd41a5e250e23ff5a6a7cb080\"},\"headline\":\"Familias recibieron subsidios para reparar, ampliar y mejorar sus viviendas\",\"datePublished\":\"2022-02-21T21:21:50+00:00\",\"dateModified\":\"2022-02-21T21:21:56+00:00\",\"mainEntityOfPage\":{\"@id\":\"https:\\\/\\\/diarioprincipios.com\\\/index.php\\\/2022\\\/02\\\/21\\\/familias-recibieron-subsidios-para-reparar-ampliar-y-mejorar-sus-viviendas\\\/\"},\"wordCount\":548,\"commentCount\":0,\"publisher\":{\"@id\":\"https:\\\/\\\/diarioprincipios.com\\\/#organization\"},\"image\":{\"@id\":\"https:\\\/\\\/diarioprincipios.com\\\/index.php\\\/2022\\\/02\\\/21\\\/familias-recibieron-subsidios-para-reparar-ampliar-y-mejorar-sus-viviendas\\\/#primaryimage\"},\"thumbnailUrl\":\"https:\\\/\\\/diarioprincipios.com\\\/wp-content\\\/uploads\\\/2022\\\/02\\\/FAMILIAS-RECIBIERON-SUBSIDIOS-PARA-REPARAR-AMPLIAR-Y-MEJORAR-SUS-VIVIENDAS-1.jpg\",\"articleSection\":[\"Berazategui\"],\"inLanguage\":\"es\",\"potentialAction\":[{\"@type\":\"CommentAction\",\"name\":\"Comment\",\"target\":[\"https:\\\/\\\/diarioprincipios.com\\\/index.php\\\/2022\\\/02\\\/21\\\/familias-recibieron-subsidios-para-reparar-ampliar-y-mejorar-sus-viviendas\\\/#respond\"]}]},{\"@type\":\"WebPage\",\"@id\":\"https:\\\/\\\/diarioprincipios.com\\\/index.php\\\/2022\\\/02\\\/21\\\/familias-recibieron-subsidios-para-reparar-ampliar-y-mejorar-sus-viviendas\\\/\",\"url\":\"https:\\\/\\\/diarioprincipios.com\\\/index.php\\\/2022\\\/02\\\/21\\\/familias-recibieron-subsidios-para-reparar-ampliar-y-mejorar-sus-viviendas\\\/\",\"name\":\"Familias recibieron subsidios para reparar, ampliar y mejorar sus viviendas - Principios\",\"isPartOf\":{\"@id\":\"https:\\\/\\\/diarioprincipios.com\\\/#website\"},\"primaryImageOfPage\":{\"@id\":\"https:\\\/\\\/diarioprincipios.com\\\/index.php\\\/2022\\\/02\\\/21\\\/familias-recibieron-subsidios-para-reparar-ampliar-y-mejorar-sus-viviendas\\\/#primaryimage\"},\"image\":{\"@id\":\"https:\\\/\\\/diarioprincipios.com\\\/index.php\\\/2022\\\/02\\\/21\\\/familias-recibieron-subsidios-para-reparar-ampliar-y-mejorar-sus-viviendas\\\/#primaryimage\"},\"thumbnailUrl\":\"https:\\\/\\\/diarioprincipios.com\\\/wp-content\\\/uploads\\\/2022\\\/02\\\/FAMILIAS-RECIBIERON-SUBSIDIOS-PARA-REPARAR-AMPLIAR-Y-MEJORAR-SUS-VIVIENDAS-1.jpg\",\"datePublished\":\"2022-02-21T21:21:50+00:00\",\"dateModified\":\"2022-02-21T21:21:56+00:00\",\"breadcrumb\":{\"@id\":\"https:\\\/\\\/diarioprincipios.com\\\/index.php\\\/2022\\\/02\\\/21\\\/familias-recibieron-subsidios-para-reparar-ampliar-y-mejorar-sus-viviendas\\\/#breadcrumb\"},\"inLanguage\":\"es\",\"potentialAction\":[{\"@type\":\"ReadAction\",\"target\":[\"https:\\\/\\\/diarioprincipios.com\\\/index.php\\\/2022\\\/02\\\/21\\\/familias-recibieron-subsidios-para-reparar-ampliar-y-mejorar-sus-viviendas\\\/\"]}]},{\"@type\":\"ImageObject\",\"inLanguage\":\"es\",\"@id\":\"https:\\\/\\\/diarioprincipios.com\\\/index.php\\\/2022\\\/02\\\/21\\\/familias-recibieron-subsidios-para-reparar-ampliar-y-mejorar-sus-viviendas\\\/#primaryimage\",\"url\":\"https:\\\/\\\/diarioprincipios.com\\\/wp-content\\\/uploads\\\/2022\\\/02\\\/FAMILIAS-RECIBIERON-SUBSIDIOS-PARA-REPARAR-AMPLIAR-Y-MEJORAR-SUS-VIVIENDAS-1.jpg\",\"contentUrl\":\"https:\\\/\\\/diarioprincipios.com\\\/wp-content\\\/uploads\\\/2022\\\/02\\\/FAMILIAS-RECIBIERON-SUBSIDIOS-PARA-REPARAR-AMPLIAR-Y-MEJORAR-SUS-VIVIENDAS-1.jpg\",\"width\":1920,\"height\":1280},{\"@type\":\"BreadcrumbList\",\"@id\":\"https:\\\/\\\/diarioprincipios.com\\\/index.php\\\/2022\\\/02\\\/21\\\/familias-recibieron-subsidios-para-reparar-ampliar-y-mejorar-sus-viviendas\\\/#breadcrumb\",\"itemListElement\":[{\"@type\":\"ListItem\",\"position\":1,\"name\":\"Portada\",\"item\":\"https:\\\/\\\/diarioprincipios.com\\\/\"},{\"@type\":\"ListItem\",\"position\":2,\"name\":\"Familias recibieron subsidios para reparar, ampliar y mejorar sus viviendas\"}]},{\"@type\":\"WebSite\",\"@id\":\"https:\\\/\\\/diarioprincipios.com\\\/#website\",\"url\":\"https:\\\/\\\/diarioprincipios.com\\\/\",\"name\":\"Principios\",\"description\":\"Principios Diario\",\"publisher\":{\"@id\":\"https:\\\/\\\/diarioprincipios.com\\\/#organization\"},\"potentialAction\":[{\"@type\":\"SearchAction\",\"target\":{\"@type\":\"EntryPoint\",\"urlTemplate\":\"https:\\\/\\\/diarioprincipios.com\\\/?s={search_term_string}\"},\"query-input\":{\"@type\":\"PropertyValueSpecification\",\"valueRequired\":true,\"valueName\":\"search_term_string\"}}],\"inLanguage\":\"es\"},{\"@type\":\"Organization\",\"@id\":\"https:\\\/\\\/diarioprincipios.com\\\/#organization\",\"name\":\"Principios\",\"url\":\"https:\\\/\\\/diarioprincipios.com\\\/\",\"logo\":{\"@type\":\"ImageObject\",\"inLanguage\":\"es\",\"@id\":\"https:\\\/\\\/diarioprincipios.com\\\/#\\\/schema\\\/logo\\\/image\\\/\",\"url\":\"https:\\\/\\\/diarioprincipios.com\\\/wp-content\\\/uploads\\\/2024\\\/04\\\/cropped-www.diarioprincipios.com_-1.png\",\"contentUrl\":\"https:\\\/\\\/diarioprincipios.com\\\/wp-content\\\/uploads\\\/2024\\\/04\\\/cropped-www.diarioprincipios.com_-1.png\",\"width\":5325,\"height\":1454,\"caption\":\"Principios\"},\"image\":{\"@id\":\"https:\\\/\\\/diarioprincipios.com\\\/#\\\/schema\\\/logo\\\/image\\\/\"}},{\"@type\":\"Person\",\"@id\":\"https:\\\/\\\/diarioprincipios.com\\\/#\\\/schema\\\/person\\\/436d5a1fd41a5e250e23ff5a6a7cb080\",\"name\":\"Hern\u00e1n L\u00f3pez\",\"image\":{\"@type\":\"ImageObject\",\"inLanguage\":\"es\",\"@id\":\"https:\\\/\\\/diarioprincipios.com\\\/wp-content\\\/litespeed\\\/avatar\\\/11ddfe5610ff3bd100522525b2571f48.jpg?ver=1777653193\",\"url\":\"https:\\\/\\\/diarioprincipios.com\\\/wp-content\\\/litespeed\\\/avatar\\\/11ddfe5610ff3bd100522525b2571f48.jpg?ver=1777653193\",\"contentUrl\":\"https:\\\/\\\/diarioprincipios.com\\\/wp-content\\\/litespeed\\\/avatar\\\/11ddfe5610ff3bd100522525b2571f48.jpg?ver=1777653193\",\"caption\":\"Hern\u00e1n L\u00f3pez\"},\"url\":\"https:\\\/\\\/diarioprincipios.com\\\/index.php\\\/author\\\/hernan\\\/\"}]}<\/script>\n<!-- \/ Yoast SEO plugin. -->","yoast_head_json":{"title":"Familias recibieron subsidios para reparar, ampliar y mejorar sus viviendas - Principios","robots":{"index":"index","follow":"follow","max-snippet":"max-snippet:-1","max-image-preview":"max-image-preview:large","max-video-preview":"max-video-preview:-1"},"canonical":"https:\/\/diarioprincipios.com\/index.php\/2022\/02\/21\/familias-recibieron-subsidios-para-reparar-ampliar-y-mejorar-sus-viviendas\/","og_locale":"es_ES","og_type":"article","og_title":"Familias recibieron subsidios para reparar, ampliar y mejorar sus viviendas - Principios","og_description":"En un emotivo acto, el intendente Juan Jos\u00e9 Mussi entreg\u00f3 a 11 familias del distrito un subsidio para construir y realizar arreglos en sus hogares, en el marco del Programa Mejoras Habitacionales del Ministerio de Desarrollo de la Comunidad de la provincia de Buenos Aires. Fueron gestionados por los beneficiarios en la Agencia de Tierras...","og_url":"https:\/\/diarioprincipios.com\/index.php\/2022\/02\/21\/familias-recibieron-subsidios-para-reparar-ampliar-y-mejorar-sus-viviendas\/","og_site_name":"Principios","article_published_time":"2022-02-21T21:21:50+00:00","article_modified_time":"2022-02-21T21:21:56+00:00","og_image":[{"width":1920,"height":1280,"url":"https:\/\/diarioprincipios.com\/wp-content\/uploads\/2022\/02\/FAMILIAS-RECIBIERON-SUBSIDIOS-PARA-REPARAR-AMPLIAR-Y-MEJORAR-SUS-VIVIENDAS-1.jpg","type":"image\/jpeg"}],"author":"Hern\u00e1n L\u00f3pez","twitter_card":"summary_large_image","twitter_misc":{"Escrito por":"Hern\u00e1n L\u00f3pez","Tiempo de lectura":"3 minutos"},"schema":{"@context":"https:\/\/schema.org","@graph":[{"@type":"Article","@id":"https:\/\/diarioprincipios.com\/index.php\/2022\/02\/21\/familias-recibieron-subsidios-para-reparar-ampliar-y-mejorar-sus-viviendas\/#article","isPartOf":{"@id":"https:\/\/diarioprincipios.com\/index.php\/2022\/02\/21\/familias-recibieron-subsidios-para-reparar-ampliar-y-mejorar-sus-viviendas\/"},"author":{"name":"Hern\u00e1n L\u00f3pez","@id":"https:\/\/diarioprincipios.com\/#\/schema\/person\/436d5a1fd41a5e250e23ff5a6a7cb080"},"headline":"Familias recibieron subsidios para reparar, ampliar y mejorar sus viviendas","datePublished":"2022-02-21T21:21:50+00:00","dateModified":"2022-02-21T21:21:56+00:00","mainEntityOfPage":{"@id":"https:\/\/diarioprincipios.com\/index.php\/2022\/02\/21\/familias-recibieron-subsidios-para-reparar-ampliar-y-mejorar-sus-viviendas\/"},"wordCount":548,"commentCount":0,"publisher":{"@id":"https:\/\/diarioprincipios.com\/#organization"},"image":{"@id":"https:\/\/diarioprincipios.com\/index.php\/2022\/02\/21\/familias-recibieron-subsidios-para-reparar-ampliar-y-mejorar-sus-viviendas\/#primaryimage"},"thumbnailUrl":"https:\/\/diarioprincipios.com\/wp-content\/uploads\/2022\/02\/FAMILIAS-RECIBIERON-SUBSIDIOS-PARA-REPARAR-AMPLIAR-Y-MEJORAR-SUS-VIVIENDAS-1.jpg","articleSection":["Berazategui"],"inLanguage":"es","potentialAction":[{"@type":"CommentAction","name":"Comment","target":["https:\/\/diarioprincipios.com\/index.php\/2022\/02\/21\/familias-recibieron-subsidios-para-reparar-ampliar-y-mejorar-sus-viviendas\/#respond"]}]},{"@type":"WebPage","@id":"https:\/\/diarioprincipios.com\/index.php\/2022\/02\/21\/familias-recibieron-subsidios-para-reparar-ampliar-y-mejorar-sus-viviendas\/","url":"https:\/\/diarioprincipios.com\/index.php\/2022\/02\/21\/familias-recibieron-subsidios-para-reparar-ampliar-y-mejorar-sus-viviendas\/","name":"Familias recibieron subsidios para reparar, ampliar y mejorar sus viviendas - Principios","isPartOf":{"@id":"https:\/\/diarioprincipios.com\/#website"},"primaryImageOfPage":{"@id":"https:\/\/diarioprincipios.com\/index.php\/2022\/02\/21\/familias-recibieron-subsidios-para-reparar-ampliar-y-mejorar-sus-viviendas\/#primaryimage"},"image":{"@id":"https:\/\/diarioprincipios.com\/index.php\/2022\/02\/21\/familias-recibieron-subsidios-para-reparar-ampliar-y-mejorar-sus-viviendas\/#primaryimage"},"thumbnailUrl":"https:\/\/diarioprincipios.com\/wp-content\/uploads\/2022\/02\/FAMILIAS-RECIBIERON-SUBSIDIOS-PARA-REPARAR-AMPLIAR-Y-MEJORAR-SUS-VIVIENDAS-1.jpg","datePublished":"2022-02-21T21:21:50+00:00","dateModified":"2022-02-21T21:21:56+00:00","breadcrumb":{"@id":"https:\/\/diarioprincipios.com\/index.php\/2022\/02\/21\/familias-recibieron-subsidios-para-reparar-ampliar-y-mejorar-sus-viviendas\/#breadcrumb"},"inLanguage":"es","potentialAction":[{"@type":"ReadAction","target":["https:\/\/diarioprincipios.com\/index.php\/2022\/02\/21\/familias-recibieron-subsidios-para-reparar-ampliar-y-mejorar-sus-viviendas\/"]}]},{"@type":"ImageObject","inLanguage":"es","@id":"https:\/\/diarioprincipios.com\/index.php\/2022\/02\/21\/familias-recibieron-subsidios-para-reparar-ampliar-y-mejorar-sus-viviendas\/#primaryimage","url":"https:\/\/diarioprincipios.com\/wp-content\/uploads\/2022\/02\/FAMILIAS-RECIBIERON-SUBSIDIOS-PARA-REPARAR-AMPLIAR-Y-MEJORAR-SUS-VIVIENDAS-1.jpg","contentUrl":"https:\/\/diarioprincipios.com\/wp-content\/uploads\/2022\/02\/FAMILIAS-RECIBIERON-SUBSIDIOS-PARA-REPARAR-AMPLIAR-Y-MEJORAR-SUS-VIVIENDAS-1.jpg","width":1920,"height":1280},{"@type":"BreadcrumbList","@id":"https:\/\/diarioprincipios.com\/index.php\/2022\/02\/21\/familias-recibieron-subsidios-para-reparar-ampliar-y-mejorar-sus-viviendas\/#breadcrumb","itemListElement":[{"@type":"ListItem","position":1,"name":"Portada","item":"https:\/\/diarioprincipios.com\/"},{"@type":"ListItem","position":2,"name":"Familias recibieron subsidios para reparar, ampliar y mejorar sus viviendas"}]},{"@type":"WebSite","@id":"https:\/\/diarioprincipios.com\/#website","url":"https:\/\/diarioprincipios.com\/","name":"Principios","description":"Principios Diario","publisher":{"@id":"https:\/\/diarioprincipios.com\/#organization"},"potentialAction":[{"@type":"SearchAction","target":{"@type":"EntryPoint","urlTemplate":"https:\/\/diarioprincipios.com\/?s={search_term_string}"},"query-input":{"@type":"PropertyValueSpecification","valueRequired":true,"valueName":"search_term_string"}}],"inLanguage":"es"},{"@type":"Organization","@id":"https:\/\/diarioprincipios.com\/#organization","name":"Principios","url":"https:\/\/diarioprincipios.com\/","logo":{"@type":"ImageObject","inLanguage":"es","@id":"https:\/\/diarioprincipios.com\/#\/schema\/logo\/image\/","url":"https:\/\/diarioprincipios.com\/wp-content\/uploads\/2024\/04\/cropped-www.diarioprincipios.com_-1.png","contentUrl":"https:\/\/diarioprincipios.com\/wp-content\/uploads\/2024\/04\/cropped-www.diarioprincipios.com_-1.png","width":5325,"height":1454,"caption":"Principios"},"image":{"@id":"https:\/\/diarioprincipios.com\/#\/schema\/logo\/image\/"}},{"@type":"Person","@id":"https:\/\/diarioprincipios.com\/#\/schema\/person\/436d5a1fd41a5e250e23ff5a6a7cb080","name":"Hern\u00e1n L\u00f3pez","image":{"@type":"ImageObject","inLanguage":"es","@id":"https:\/\/diarioprincipios.com\/wp-content\/litespeed\/avatar\/11ddfe5610ff3bd100522525b2571f48.jpg?ver=1777653193","url":"https:\/\/diarioprincipios.com\/wp-content\/litespeed\/avatar\/11ddfe5610ff3bd100522525b2571f48.jpg?ver=1777653193","contentUrl":"https:\/\/diarioprincipios.com\/wp-content\/litespeed\/avatar\/11ddfe5610ff3bd100522525b2571f48.jpg?ver=1777653193","caption":"Hern\u00e1n L\u00f3pez"},"url":"https:\/\/diarioprincipios.com\/index.php\/author\/hernan\/"}]}},"jetpack_featured_media_url":"https:\/\/diarioprincipios.com\/wp-content\/uploads\/2022\/02\/FAMILIAS-RECIBIERON-SUBSIDIOS-PARA-REPARAR-AMPLIAR-Y-MEJORAR-SUS-VIVIENDAS-1.jpg","_links":{"self":[{"href":"https:\/\/diarioprincipios.com\/index.php\/wp-json\/wp\/v2\/posts\/12690","targetHints":{"allow":["GET"]}}],"collection":[{"href":"https:\/\/diarioprincipios.com\/index.php\/wp-json\/wp\/v2\/posts"}],"about":[{"href":"https:\/\/diarioprincipios.com\/index.php\/wp-json\/wp\/v2\/types\/post"}],"author":[{"embeddable":true,"href":"https:\/\/diarioprincipios.com\/index.php\/wp-json\/wp\/v2\/users\/2"}],"replies":[{"embeddable":true,"href":"https:\/\/diarioprincipios.com\/index.php\/wp-json\/wp\/v2\/comments?post=12690"}],"version-history":[{"count":1,"href":"https:\/\/diarioprincipios.com\/index.php\/wp-json\/wp\/v2\/posts\/12690\/revisions"}],"predecessor-version":[{"id":12692,"href":"https:\/\/diarioprincipios.com\/index.php\/wp-json\/wp\/v2\/posts\/12690\/revisions\/12692"}],"wp:featuredmedia":[{"embeddable":true,"href":"https:\/\/diarioprincipios.com\/index.php\/wp-json\/wp\/v2\/media\/12691"}],"wp:attachment":[{"href":"https:\/\/diarioprincipios.com\/index.php\/wp-json\/wp\/v2\/media?parent=12690"}],"wp:term":[{"taxonomy":"category","embeddable":true,"href":"https:\/\/diarioprincipios.com\/index.php\/wp-json\/wp\/v2\/categories?post=12690"},{"taxonomy":"post_tag","embeddable":true,"href":"https:\/\/diarioprincipios.com\/index.php\/wp-json\/wp\/v2\/tags?post=12690"}],"curies":[{"name":"wp","href":"https:\/\/api.w.org\/{rel}","templated":true}]}}