{"id":1264,"date":"2020-05-06T20:13:19","date_gmt":"2020-05-06T20:13:19","guid":{"rendered":"http:\/\/diarioprincipios.com\/?p=1264"},"modified":"2020-05-06T22:59:55","modified_gmt":"2020-05-06T22:59:55","slug":"haz-lo-que-yo-pienso-antes-de-que-cambie-de-opinion","status":"publish","type":"post","link":"https:\/\/diarioprincipios.com\/index.php\/2020\/05\/06\/haz-lo-que-yo-pienso-antes-de-que-cambie-de-opinion\/","title":{"rendered":"Haz lo que yo pienso, antes de que cambie de opini\u00f3n&#8230;"},"content":{"rendered":"\n<p>En el capitulo 11 del Evangelio Seg\u00fan San Mateo se encuentra un pasaje en el cual se registran palabras de Jesucristo muy aplicables a tiempos actuales, en cuanto al devenir de los pensamientos de muchos formadores de opini\u00f3n&#8230;<\/p>\n\n\n\n<p>\u00ab\u00bfMas a que comparar\u00e9 esta generaci\u00f3n?.\u00a0 Es semejante a los muchachos que se sientan en las plazas y dan voces a sus compa\u00f1eros diciendo: Os tocamos flauta y no bailasteis, os endechamos (tocaron canciones f\u00fanebres) y no lamentasteis. Porque vino Juan (El Bautista) que ni com\u00eda ni beb\u00eda y dicen: demonio tiene.\u00a0 Vino el Hijo del Hombre (aqu\u00ed Jes\u00fas hace referencia asi mismo) que come y bebe, y dicen: He aqu\u00ed un hombre comil\u00f3n y bebedor de vino, amigo de publicanos y pecadores (los despreciados de la sociedad de aquel entonces)\u00bb.<\/p>\n\n\n\n<p>Casi 2 mil a\u00f1os despu\u00e9s, estas palabras de Jes\u00fas parecen describir a la perfecci\u00f3n la conducta del ser humano&#8230;<\/p>\n\n\n\n<p>Los mismos que opinan en Televisi\u00f3n y a trav\u00e9s de las Redes Sociales que hay que seguir la cuarentena para evitar lo que podr\u00eda ser el mayor desastre sanitario en la historia de nuestro pa\u00eds, son los mismos que al otro d\u00eda piden levantarla privilegiando las cuestiones econ\u00f3micas.<\/p>\n\n\n\n<p>Los mismos que acusan al gobierno de alentar la liberaci\u00f3n de presos en el marco de la pandemia, son los mismos que lo critican por \u00abintervenir ante las decisiones de la justicia\u00bb al pedir que no los liberen.<\/p>\n\n\n\n<p>Los mismos que piden libertad de decisi\u00f3n para las provincias, son los mismos que critican al presidente por querer \u00abdesligarse del problema\u00bb.<\/p>\n\n\n\n<p>Los mismos que dicen que hay que proteger a los chicos, son los mismos que meten presi\u00f3n para que vuelvan las clases&#8230;<\/p>\n\n\n\n<p>Y los ejemplos podr\u00edan seguir&#8230;&nbsp;<\/p>\n\n\n\n<p>Est\u00e1 claro, hoy, como ayer, como hace 2 mil a\u00f1os atr\u00e1s, hay personas a las que nada le viene bien, y quiz\u00e1 ese sea su mayor negocio&#8230;<\/p>\n","protected":false},"excerpt":{"rendered":"<p>En el capitulo 11 del Evangelio Seg\u00fan San Mateo se encuentra un pasaje en el cual se registran palabras de Jesucristo muy aplicables a tiempos actuales, en cuanto al devenir de los pensamientos de muchos formadores de opini\u00f3n&#8230; \u00ab\u00bfMas a que comparar\u00e9 esta generaci\u00f3n?.\u00a0 Es semejante a los muchachos que se sientan en las plazas&#8230;<\/p>\n","protected":false},"author":2,"featured_media":1265,"comment_status":"open","ping_status":"open","sticky":false,"template":"","format":"standard","meta":{"footnotes":""},"categories":[9],"tags":[],"class_list":["post-1264","post","type-post","status-publish","format-standard","has-post-thumbnail","hentry","category-opinion"],"featured_image_src":"https:\/\/diarioprincipios.com\/wp-content\/uploads\/2020\/05\/pez.png","blog_images":{"medium":"https:\/\/diarioprincipios.com\/wp-content\/uploads\/2020\/05\/pez-300x177.png","large":"https:\/\/diarioprincipios.com\/wp-content\/uploads\/2020\/05\/pez.png"},"ams_acf":[],"yoast_head":"<!-- This site is optimized with the Yoast SEO plugin v27.3 - https:\/\/yoast.com\/product\/yoast-seo-wordpress\/ -->\n<title>Haz lo que yo pienso, antes de que cambie de opini\u00f3n... - Principios<\/title>\n<meta name=\"robots\" content=\"index, follow, max-snippet:-1, max-image-preview:large, max-video-preview:-1\" \/>\n<link rel=\"canonical\" href=\"https:\/\/diarioprincipios.com\/index.php\/2020\/05\/06\/haz-lo-que-yo-pienso-antes-de-que-cambie-de-opinion\/\" \/>\n<meta property=\"og:locale\" content=\"es_ES\" \/>\n<meta property=\"og:type\" content=\"article\" \/>\n<meta property=\"og:title\" content=\"Haz lo que yo pienso, antes de que cambie de opini\u00f3n... - Principios\" \/>\n<meta property=\"og:description\" content=\"En el capitulo 11 del Evangelio Seg\u00fan San Mateo se encuentra un pasaje en el cual se registran palabras de Jesucristo muy aplicables a tiempos actuales, en cuanto al devenir de los pensamientos de muchos formadores de opini\u00f3n&#8230; \u00ab\u00bfMas a que comparar\u00e9 esta generaci\u00f3n?.\u00a0 Es semejante a los muchachos que se sientan en las plazas...\" \/>\n<meta property=\"og:url\" content=\"https:\/\/diarioprincipios.com\/index.php\/2020\/05\/06\/haz-lo-que-yo-pienso-antes-de-que-cambie-de-opinion\/\" \/>\n<meta property=\"og:site_name\" content=\"Principios\" \/>\n<meta property=\"article:published_time\" content=\"2020-05-06T20:13:19+00:00\" \/>\n<meta property=\"article:modified_time\" content=\"2020-05-06T22:59:55+00:00\" \/>\n<meta property=\"og:image\" content=\"https:\/\/diarioprincipios.com\/wp-content\/uploads\/2020\/05\/pez.png\" \/>\n\t<meta property=\"og:image:width\" content=\"640\" \/>\n\t<meta property=\"og:image:height\" content=\"378\" \/>\n\t<meta property=\"og:image:type\" content=\"image\/png\" \/>\n<meta name=\"author\" content=\"Hern\u00e1n L\u00f3pez\" \/>\n<meta name=\"twitter:card\" content=\"summary_large_image\" \/>\n<meta name=\"twitter:label1\" content=\"Escrito por\" \/>\n\t<meta name=\"twitter:data1\" content=\"Hern\u00e1n L\u00f3pez\" \/>\n\t<meta name=\"twitter:label2\" content=\"Tiempo de lectura\" \/>\n\t<meta name=\"twitter:data2\" content=\"2 minutos\" \/>\n<script type=\"application\/ld+json\" class=\"yoast-schema-graph\">{\"@context\":\"https:\\\/\\\/schema.org\",\"@graph\":[{\"@type\":\"Article\",\"@id\":\"https:\\\/\\\/diarioprincipios.com\\\/index.php\\\/2020\\\/05\\\/06\\\/haz-lo-que-yo-pienso-antes-de-que-cambie-de-opinion\\\/#article\",\"isPartOf\":{\"@id\":\"https:\\\/\\\/diarioprincipios.com\\\/index.php\\\/2020\\\/05\\\/06\\\/haz-lo-que-yo-pienso-antes-de-que-cambie-de-opinion\\\/\"},\"author\":{\"name\":\"Hern\u00e1n L\u00f3pez\",\"@id\":\"https:\\\/\\\/diarioprincipios.com\\\/#\\\/schema\\\/person\\\/436d5a1fd41a5e250e23ff5a6a7cb080\"},\"headline\":\"Haz lo que yo pienso, antes de que cambie de opini\u00f3n&#8230;\",\"datePublished\":\"2020-05-06T20:13:19+00:00\",\"dateModified\":\"2020-05-06T22:59:55+00:00\",\"mainEntityOfPage\":{\"@id\":\"https:\\\/\\\/diarioprincipios.com\\\/index.php\\\/2020\\\/05\\\/06\\\/haz-lo-que-yo-pienso-antes-de-que-cambie-de-opinion\\\/\"},\"wordCount\":345,\"commentCount\":0,\"publisher\":{\"@id\":\"https:\\\/\\\/diarioprincipios.com\\\/#organization\"},\"image\":{\"@id\":\"https:\\\/\\\/diarioprincipios.com\\\/index.php\\\/2020\\\/05\\\/06\\\/haz-lo-que-yo-pienso-antes-de-que-cambie-de-opinion\\\/#primaryimage\"},\"thumbnailUrl\":\"https:\\\/\\\/diarioprincipios.com\\\/wp-content\\\/uploads\\\/2020\\\/05\\\/pez.png\",\"articleSection\":[\"Opini\u00f3n\"],\"inLanguage\":\"es\",\"potentialAction\":[{\"@type\":\"CommentAction\",\"name\":\"Comment\",\"target\":[\"https:\\\/\\\/diarioprincipios.com\\\/index.php\\\/2020\\\/05\\\/06\\\/haz-lo-que-yo-pienso-antes-de-que-cambie-de-opinion\\\/#respond\"]}]},{\"@type\":\"WebPage\",\"@id\":\"https:\\\/\\\/diarioprincipios.com\\\/index.php\\\/2020\\\/05\\\/06\\\/haz-lo-que-yo-pienso-antes-de-que-cambie-de-opinion\\\/\",\"url\":\"https:\\\/\\\/diarioprincipios.com\\\/index.php\\\/2020\\\/05\\\/06\\\/haz-lo-que-yo-pienso-antes-de-que-cambie-de-opinion\\\/\",\"name\":\"Haz lo que yo pienso, antes de que cambie de opini\u00f3n... - Principios\",\"isPartOf\":{\"@id\":\"https:\\\/\\\/diarioprincipios.com\\\/#website\"},\"primaryImageOfPage\":{\"@id\":\"https:\\\/\\\/diarioprincipios.com\\\/index.php\\\/2020\\\/05\\\/06\\\/haz-lo-que-yo-pienso-antes-de-que-cambie-de-opinion\\\/#primaryimage\"},\"image\":{\"@id\":\"https:\\\/\\\/diarioprincipios.com\\\/index.php\\\/2020\\\/05\\\/06\\\/haz-lo-que-yo-pienso-antes-de-que-cambie-de-opinion\\\/#primaryimage\"},\"thumbnailUrl\":\"https:\\\/\\\/diarioprincipios.com\\\/wp-content\\\/uploads\\\/2020\\\/05\\\/pez.png\",\"datePublished\":\"2020-05-06T20:13:19+00:00\",\"dateModified\":\"2020-05-06T22:59:55+00:00\",\"breadcrumb\":{\"@id\":\"https:\\\/\\\/diarioprincipios.com\\\/index.php\\\/2020\\\/05\\\/06\\\/haz-lo-que-yo-pienso-antes-de-que-cambie-de-opinion\\\/#breadcrumb\"},\"inLanguage\":\"es\",\"potentialAction\":[{\"@type\":\"ReadAction\",\"target\":[\"https:\\\/\\\/diarioprincipios.com\\\/index.php\\\/2020\\\/05\\\/06\\\/haz-lo-que-yo-pienso-antes-de-que-cambie-de-opinion\\\/\"]}]},{\"@type\":\"ImageObject\",\"inLanguage\":\"es\",\"@id\":\"https:\\\/\\\/diarioprincipios.com\\\/index.php\\\/2020\\\/05\\\/06\\\/haz-lo-que-yo-pienso-antes-de-que-cambie-de-opinion\\\/#primaryimage\",\"url\":\"https:\\\/\\\/diarioprincipios.com\\\/wp-content\\\/uploads\\\/2020\\\/05\\\/pez.png\",\"contentUrl\":\"https:\\\/\\\/diarioprincipios.com\\\/wp-content\\\/uploads\\\/2020\\\/05\\\/pez.png\",\"width\":640,\"height\":378},{\"@type\":\"BreadcrumbList\",\"@id\":\"https:\\\/\\\/diarioprincipios.com\\\/index.php\\\/2020\\\/05\\\/06\\\/haz-lo-que-yo-pienso-antes-de-que-cambie-de-opinion\\\/#breadcrumb\",\"itemListElement\":[{\"@type\":\"ListItem\",\"position\":1,\"name\":\"Portada\",\"item\":\"https:\\\/\\\/diarioprincipios.com\\\/\"},{\"@type\":\"ListItem\",\"position\":2,\"name\":\"Haz lo que yo pienso, antes de que cambie de opini\u00f3n&#8230;\"}]},{\"@type\":\"WebSite\",\"@id\":\"https:\\\/\\\/diarioprincipios.com\\\/#website\",\"url\":\"https:\\\/\\\/diarioprincipios.com\\\/\",\"name\":\"Principios\",\"description\":\"Principios Diario\",\"publisher\":{\"@id\":\"https:\\\/\\\/diarioprincipios.com\\\/#organization\"},\"potentialAction\":[{\"@type\":\"SearchAction\",\"target\":{\"@type\":\"EntryPoint\",\"urlTemplate\":\"https:\\\/\\\/diarioprincipios.com\\\/?s={search_term_string}\"},\"query-input\":{\"@type\":\"PropertyValueSpecification\",\"valueRequired\":true,\"valueName\":\"search_term_string\"}}],\"inLanguage\":\"es\"},{\"@type\":\"Organization\",\"@id\":\"https:\\\/\\\/diarioprincipios.com\\\/#organization\",\"name\":\"Principios\",\"url\":\"https:\\\/\\\/diarioprincipios.com\\\/\",\"logo\":{\"@type\":\"ImageObject\",\"inLanguage\":\"es\",\"@id\":\"https:\\\/\\\/diarioprincipios.com\\\/#\\\/schema\\\/logo\\\/image\\\/\",\"url\":\"https:\\\/\\\/diarioprincipios.com\\\/wp-content\\\/uploads\\\/2024\\\/04\\\/cropped-www.diarioprincipios.com_-1.png\",\"contentUrl\":\"https:\\\/\\\/diarioprincipios.com\\\/wp-content\\\/uploads\\\/2024\\\/04\\\/cropped-www.diarioprincipios.com_-1.png\",\"width\":5325,\"height\":1454,\"caption\":\"Principios\"},\"image\":{\"@id\":\"https:\\\/\\\/diarioprincipios.com\\\/#\\\/schema\\\/logo\\\/image\\\/\"}},{\"@type\":\"Person\",\"@id\":\"https:\\\/\\\/diarioprincipios.com\\\/#\\\/schema\\\/person\\\/436d5a1fd41a5e250e23ff5a6a7cb080\",\"name\":\"Hern\u00e1n L\u00f3pez\",\"image\":{\"@type\":\"ImageObject\",\"inLanguage\":\"es\",\"@id\":\"https:\\\/\\\/diarioprincipios.com\\\/wp-content\\\/litespeed\\\/avatar\\\/11ddfe5610ff3bd100522525b2571f48.jpg?ver=1777048341\",\"url\":\"https:\\\/\\\/diarioprincipios.com\\\/wp-content\\\/litespeed\\\/avatar\\\/11ddfe5610ff3bd100522525b2571f48.jpg?ver=1777048341\",\"contentUrl\":\"https:\\\/\\\/diarioprincipios.com\\\/wp-content\\\/litespeed\\\/avatar\\\/11ddfe5610ff3bd100522525b2571f48.jpg?ver=1777048341\",\"caption\":\"Hern\u00e1n L\u00f3pez\"},\"url\":\"https:\\\/\\\/diarioprincipios.com\\\/index.php\\\/author\\\/hernan\\\/\"}]}<\/script>\n<!-- \/ Yoast SEO plugin. -->","yoast_head_json":{"title":"Haz lo que yo pienso, antes de que cambie de opini\u00f3n... - Principios","robots":{"index":"index","follow":"follow","max-snippet":"max-snippet:-1","max-image-preview":"max-image-preview:large","max-video-preview":"max-video-preview:-1"},"canonical":"https:\/\/diarioprincipios.com\/index.php\/2020\/05\/06\/haz-lo-que-yo-pienso-antes-de-que-cambie-de-opinion\/","og_locale":"es_ES","og_type":"article","og_title":"Haz lo que yo pienso, antes de que cambie de opini\u00f3n... - Principios","og_description":"En el capitulo 11 del Evangelio Seg\u00fan San Mateo se encuentra un pasaje en el cual se registran palabras de Jesucristo muy aplicables a tiempos actuales, en cuanto al devenir de los pensamientos de muchos formadores de opini\u00f3n&#8230; \u00ab\u00bfMas a que comparar\u00e9 esta generaci\u00f3n?.\u00a0 Es semejante a los muchachos que se sientan en las plazas...","og_url":"https:\/\/diarioprincipios.com\/index.php\/2020\/05\/06\/haz-lo-que-yo-pienso-antes-de-que-cambie-de-opinion\/","og_site_name":"Principios","article_published_time":"2020-05-06T20:13:19+00:00","article_modified_time":"2020-05-06T22:59:55+00:00","og_image":[{"width":640,"height":378,"url":"https:\/\/diarioprincipios.com\/wp-content\/uploads\/2020\/05\/pez.png","type":"image\/png"}],"author":"Hern\u00e1n L\u00f3pez","twitter_card":"summary_large_image","twitter_misc":{"Escrito por":"Hern\u00e1n L\u00f3pez","Tiempo de lectura":"2 minutos"},"schema":{"@context":"https:\/\/schema.org","@graph":[{"@type":"Article","@id":"https:\/\/diarioprincipios.com\/index.php\/2020\/05\/06\/haz-lo-que-yo-pienso-antes-de-que-cambie-de-opinion\/#article","isPartOf":{"@id":"https:\/\/diarioprincipios.com\/index.php\/2020\/05\/06\/haz-lo-que-yo-pienso-antes-de-que-cambie-de-opinion\/"},"author":{"name":"Hern\u00e1n L\u00f3pez","@id":"https:\/\/diarioprincipios.com\/#\/schema\/person\/436d5a1fd41a5e250e23ff5a6a7cb080"},"headline":"Haz lo que yo pienso, antes de que cambie de opini\u00f3n&#8230;","datePublished":"2020-05-06T20:13:19+00:00","dateModified":"2020-05-06T22:59:55+00:00","mainEntityOfPage":{"@id":"https:\/\/diarioprincipios.com\/index.php\/2020\/05\/06\/haz-lo-que-yo-pienso-antes-de-que-cambie-de-opinion\/"},"wordCount":345,"commentCount":0,"publisher":{"@id":"https:\/\/diarioprincipios.com\/#organization"},"image":{"@id":"https:\/\/diarioprincipios.com\/index.php\/2020\/05\/06\/haz-lo-que-yo-pienso-antes-de-que-cambie-de-opinion\/#primaryimage"},"thumbnailUrl":"https:\/\/diarioprincipios.com\/wp-content\/uploads\/2020\/05\/pez.png","articleSection":["Opini\u00f3n"],"inLanguage":"es","potentialAction":[{"@type":"CommentAction","name":"Comment","target":["https:\/\/diarioprincipios.com\/index.php\/2020\/05\/06\/haz-lo-que-yo-pienso-antes-de-que-cambie-de-opinion\/#respond"]}]},{"@type":"WebPage","@id":"https:\/\/diarioprincipios.com\/index.php\/2020\/05\/06\/haz-lo-que-yo-pienso-antes-de-que-cambie-de-opinion\/","url":"https:\/\/diarioprincipios.com\/index.php\/2020\/05\/06\/haz-lo-que-yo-pienso-antes-de-que-cambie-de-opinion\/","name":"Haz lo que yo pienso, antes de que cambie de opini\u00f3n... - Principios","isPartOf":{"@id":"https:\/\/diarioprincipios.com\/#website"},"primaryImageOfPage":{"@id":"https:\/\/diarioprincipios.com\/index.php\/2020\/05\/06\/haz-lo-que-yo-pienso-antes-de-que-cambie-de-opinion\/#primaryimage"},"image":{"@id":"https:\/\/diarioprincipios.com\/index.php\/2020\/05\/06\/haz-lo-que-yo-pienso-antes-de-que-cambie-de-opinion\/#primaryimage"},"thumbnailUrl":"https:\/\/diarioprincipios.com\/wp-content\/uploads\/2020\/05\/pez.png","datePublished":"2020-05-06T20:13:19+00:00","dateModified":"2020-05-06T22:59:55+00:00","breadcrumb":{"@id":"https:\/\/diarioprincipios.com\/index.php\/2020\/05\/06\/haz-lo-que-yo-pienso-antes-de-que-cambie-de-opinion\/#breadcrumb"},"inLanguage":"es","potentialAction":[{"@type":"ReadAction","target":["https:\/\/diarioprincipios.com\/index.php\/2020\/05\/06\/haz-lo-que-yo-pienso-antes-de-que-cambie-de-opinion\/"]}]},{"@type":"ImageObject","inLanguage":"es","@id":"https:\/\/diarioprincipios.com\/index.php\/2020\/05\/06\/haz-lo-que-yo-pienso-antes-de-que-cambie-de-opinion\/#primaryimage","url":"https:\/\/diarioprincipios.com\/wp-content\/uploads\/2020\/05\/pez.png","contentUrl":"https:\/\/diarioprincipios.com\/wp-content\/uploads\/2020\/05\/pez.png","width":640,"height":378},{"@type":"BreadcrumbList","@id":"https:\/\/diarioprincipios.com\/index.php\/2020\/05\/06\/haz-lo-que-yo-pienso-antes-de-que-cambie-de-opinion\/#breadcrumb","itemListElement":[{"@type":"ListItem","position":1,"name":"Portada","item":"https:\/\/diarioprincipios.com\/"},{"@type":"ListItem","position":2,"name":"Haz lo que yo pienso, antes de que cambie de opini\u00f3n&#8230;"}]},{"@type":"WebSite","@id":"https:\/\/diarioprincipios.com\/#website","url":"https:\/\/diarioprincipios.com\/","name":"Principios","description":"Principios Diario","publisher":{"@id":"https:\/\/diarioprincipios.com\/#organization"},"potentialAction":[{"@type":"SearchAction","target":{"@type":"EntryPoint","urlTemplate":"https:\/\/diarioprincipios.com\/?s={search_term_string}"},"query-input":{"@type":"PropertyValueSpecification","valueRequired":true,"valueName":"search_term_string"}}],"inLanguage":"es"},{"@type":"Organization","@id":"https:\/\/diarioprincipios.com\/#organization","name":"Principios","url":"https:\/\/diarioprincipios.com\/","logo":{"@type":"ImageObject","inLanguage":"es","@id":"https:\/\/diarioprincipios.com\/#\/schema\/logo\/image\/","url":"https:\/\/diarioprincipios.com\/wp-content\/uploads\/2024\/04\/cropped-www.diarioprincipios.com_-1.png","contentUrl":"https:\/\/diarioprincipios.com\/wp-content\/uploads\/2024\/04\/cropped-www.diarioprincipios.com_-1.png","width":5325,"height":1454,"caption":"Principios"},"image":{"@id":"https:\/\/diarioprincipios.com\/#\/schema\/logo\/image\/"}},{"@type":"Person","@id":"https:\/\/diarioprincipios.com\/#\/schema\/person\/436d5a1fd41a5e250e23ff5a6a7cb080","name":"Hern\u00e1n L\u00f3pez","image":{"@type":"ImageObject","inLanguage":"es","@id":"https:\/\/diarioprincipios.com\/wp-content\/litespeed\/avatar\/11ddfe5610ff3bd100522525b2571f48.jpg?ver=1777048341","url":"https:\/\/diarioprincipios.com\/wp-content\/litespeed\/avatar\/11ddfe5610ff3bd100522525b2571f48.jpg?ver=1777048341","contentUrl":"https:\/\/diarioprincipios.com\/wp-content\/litespeed\/avatar\/11ddfe5610ff3bd100522525b2571f48.jpg?ver=1777048341","caption":"Hern\u00e1n L\u00f3pez"},"url":"https:\/\/diarioprincipios.com\/index.php\/author\/hernan\/"}]}},"jetpack_featured_media_url":"https:\/\/diarioprincipios.com\/wp-content\/uploads\/2020\/05\/pez.png","_links":{"self":[{"href":"https:\/\/diarioprincipios.com\/index.php\/wp-json\/wp\/v2\/posts\/1264","targetHints":{"allow":["GET"]}}],"collection":[{"href":"https:\/\/diarioprincipios.com\/index.php\/wp-json\/wp\/v2\/posts"}],"about":[{"href":"https:\/\/diarioprincipios.com\/index.php\/wp-json\/wp\/v2\/types\/post"}],"author":[{"embeddable":true,"href":"https:\/\/diarioprincipios.com\/index.php\/wp-json\/wp\/v2\/users\/2"}],"replies":[{"embeddable":true,"href":"https:\/\/diarioprincipios.com\/index.php\/wp-json\/wp\/v2\/comments?post=1264"}],"version-history":[{"count":2,"href":"https:\/\/diarioprincipios.com\/index.php\/wp-json\/wp\/v2\/posts\/1264\/revisions"}],"predecessor-version":[{"id":1280,"href":"https:\/\/diarioprincipios.com\/index.php\/wp-json\/wp\/v2\/posts\/1264\/revisions\/1280"}],"wp:featuredmedia":[{"embeddable":true,"href":"https:\/\/diarioprincipios.com\/index.php\/wp-json\/wp\/v2\/media\/1265"}],"wp:attachment":[{"href":"https:\/\/diarioprincipios.com\/index.php\/wp-json\/wp\/v2\/media?parent=1264"}],"wp:term":[{"taxonomy":"category","embeddable":true,"href":"https:\/\/diarioprincipios.com\/index.php\/wp-json\/wp\/v2\/categories?post=1264"},{"taxonomy":"post_tag","embeddable":true,"href":"https:\/\/diarioprincipios.com\/index.php\/wp-json\/wp\/v2\/tags?post=1264"}],"curies":[{"name":"wp","href":"https:\/\/api.w.org\/{rel}","templated":true}]}}