{"id":12603,"date":"2022-02-18T15:33:42","date_gmt":"2022-02-18T18:33:42","guid":{"rendered":"http:\/\/diarioprincipios.com\/?p=12603"},"modified":"2022-02-18T15:33:45","modified_gmt":"2022-02-18T18:33:45","slug":"importante-reconocimiento-a-la-labor-deportiva-de-celia-cabrera","status":"publish","type":"post","link":"https:\/\/diarioprincipios.com\/index.php\/2022\/02\/18\/importante-reconocimiento-a-la-labor-deportiva-de-celia-cabrera\/","title":{"rendered":"Importante reconocimiento a la labor deportiva de Celia Cabrera"},"content":{"rendered":"\n<p>La concejal berazateguense Celia Cabrera, quien desde hace algunos a\u00f1os se desempe\u00f1a como presidenta de la Asociaci\u00f3n de Voley Capital Nacional del Vidrio, recibi\u00f3 hoy un importante reconocimiento en la ciudad de Mar Del Plata.<\/p>\n\n\n\n<figure class=\"wp-block-image size-full\"><img loading=\"lazy\" decoding=\"async\" width=\"768\" height=\"1024\" src=\"https:\/\/diarioprincipios.com\/wp-content\/uploads\/2022\/02\/IMG-20220218-WA0073.jpg\" alt=\"\" class=\"wp-image-12604\" srcset=\"https:\/\/diarioprincipios.com\/wp-content\/uploads\/2022\/02\/IMG-20220218-WA0073.jpg 768w, https:\/\/diarioprincipios.com\/wp-content\/uploads\/2022\/02\/IMG-20220218-WA0073-225x300.jpg 225w\" sizes=\"auto, (max-width: 768px) 100vw, 768px\" \/><\/figure>\n\n\n\n<figure class=\"wp-block-image size-large\"><img loading=\"lazy\" decoding=\"async\" width=\"576\" height=\"1024\" src=\"https:\/\/diarioprincipios.com\/wp-content\/uploads\/2022\/02\/IMG-20220218-WA0065-576x1024.jpg\" alt=\"\" class=\"wp-image-12610\" srcset=\"https:\/\/diarioprincipios.com\/wp-content\/uploads\/2022\/02\/IMG-20220218-WA0065-576x1024.jpg 576w, https:\/\/diarioprincipios.com\/wp-content\/uploads\/2022\/02\/IMG-20220218-WA0065-169x300.jpg 169w, https:\/\/diarioprincipios.com\/wp-content\/uploads\/2022\/02\/IMG-20220218-WA0065-768x1365.jpg 768w, https:\/\/diarioprincipios.com\/wp-content\/uploads\/2022\/02\/IMG-20220218-WA0065-864x1536.jpg 864w, https:\/\/diarioprincipios.com\/wp-content\/uploads\/2022\/02\/IMG-20220218-WA0065.jpg 900w\" sizes=\"auto, (max-width: 576px) 100vw, 576px\" \/><\/figure>\n\n\n\n<p><br>La organizaci\u00f3n del Torneo Interclubes Provincial que se desarroll\u00f3 en la \u00abCiudad Feliz\u00bb con la participaci\u00f3n de<br>J\u00f3venes de entre 15 y 21 a\u00f1os, y donde el representativo de SOIVA, obtuvo el subcampeonato, distingui\u00f3 a Celia Cabrera por su labor destacada en el deporte representando a Berazategui.<\/p>\n\n\n\n<figure class=\"wp-block-image size-full\"><img loading=\"lazy\" decoding=\"async\" width=\"768\" height=\"1024\" src=\"https:\/\/diarioprincipios.com\/wp-content\/uploads\/2022\/02\/IMG-20220218-WA0071.jpg\" alt=\"\" class=\"wp-image-12605\" srcset=\"https:\/\/diarioprincipios.com\/wp-content\/uploads\/2022\/02\/IMG-20220218-WA0071.jpg 768w, https:\/\/diarioprincipios.com\/wp-content\/uploads\/2022\/02\/IMG-20220218-WA0071-225x300.jpg 225w\" sizes=\"auto, (max-width: 768px) 100vw, 768px\" \/><\/figure>\n\n\n\n<p><br>Muy emocionada, al ser consultada por Principios dijo que \u00abeste premio no es m\u00edo solo, es de todo un equipo de trabajo que viene brindando lo mejor para acompa\u00f1ar e insertar a los ni\u00f1os y j\u00f3venes en algo tan lindo como el Voley\u00bb, agregando que \u00abesta distinci\u00f3n tambi\u00e9n es para Juan Jos\u00e9 Mussi, Horacio Valdez y Orlando Reyes quienes con su apoyo y acompa\u00f1amiento hacen posible nuestro trabajo en favor de los j\u00f3venes y el deporte\u00bb.<\/p>\n\n\n\n<figure class=\"wp-block-image size-full\"><img loading=\"lazy\" decoding=\"async\" width=\"1024\" height=\"768\" src=\"https:\/\/diarioprincipios.com\/wp-content\/uploads\/2022\/02\/IMG-20220218-WA0063-1.jpg\" alt=\"\" class=\"wp-image-12607\" srcset=\"https:\/\/diarioprincipios.com\/wp-content\/uploads\/2022\/02\/IMG-20220218-WA0063-1.jpg 1024w, https:\/\/diarioprincipios.com\/wp-content\/uploads\/2022\/02\/IMG-20220218-WA0063-1-300x225.jpg 300w, https:\/\/diarioprincipios.com\/wp-content\/uploads\/2022\/02\/IMG-20220218-WA0063-1-768x576.jpg 768w\" sizes=\"auto, (max-width: 1024px) 100vw, 1024px\" \/><\/figure>\n\n\n\n<p><br>Al recibir el reconocimiento Cabrera hizo uso de la palabra y narr\u00f3 su historia con el deporte, la importancia de la inclusi\u00f3n, la formaci\u00f3n de los ni\u00f1os , el acompa\u00f1amiento de la familia y la unidad en equipo\u00bb.<\/p>\n\n\n\n<figure class=\"wp-block-image size-full\"><img loading=\"lazy\" decoding=\"async\" width=\"768\" height=\"1024\" src=\"https:\/\/diarioprincipios.com\/wp-content\/uploads\/2022\/02\/IMG-20220218-WA0062.jpg\" alt=\"\" class=\"wp-image-12608\" srcset=\"https:\/\/diarioprincipios.com\/wp-content\/uploads\/2022\/02\/IMG-20220218-WA0062.jpg 768w, https:\/\/diarioprincipios.com\/wp-content\/uploads\/2022\/02\/IMG-20220218-WA0062-225x300.jpg 225w\" sizes=\"auto, (max-width: 768px) 100vw, 768px\" \/><\/figure>\n\n\n\n<p><br>Finalmente, Cabrera asegur\u00f3 que \u00abvolvemos a Berazategui muy felices, con un subcampeonato pero por sobre todo con la felicidad de esta inolvidable experiencia que vivieron los chicos, esa es nuestra m\u00e1s grande satisfacci\u00f3n \u00ab.<\/p>\n\n\n\n<p><\/p>\n","protected":false},"excerpt":{"rendered":"<p>La concejal berazateguense Celia Cabrera, quien desde hace algunos a\u00f1os se desempe\u00f1a como presidenta de la Asociaci\u00f3n de Voley Capital Nacional del Vidrio, recibi\u00f3 hoy un importante reconocimiento en la ciudad de Mar Del Plata. La organizaci\u00f3n del Torneo Interclubes Provincial que se desarroll\u00f3 en la \u00abCiudad Feliz\u00bb con la participaci\u00f3n deJ\u00f3venes de entre 15&#8230;<\/p>\n","protected":false},"author":2,"featured_media":12609,"comment_status":"open","ping_status":"open","sticky":false,"template":"","format":"standard","meta":{"footnotes":""},"categories":[6],"tags":[],"class_list":["post-12603","post","type-post","status-publish","format-standard","has-post-thumbnail","hentry","category-deportes"],"featured_image_src":"https:\/\/diarioprincipios.com\/wp-content\/uploads\/2022\/02\/IMG-20220218-WA0064-1024x576.jpg","blog_images":{"medium":"https:\/\/diarioprincipios.com\/wp-content\/uploads\/2022\/02\/IMG-20220218-WA0064-300x169.jpg","large":"https:\/\/diarioprincipios.com\/wp-content\/uploads\/2022\/02\/IMG-20220218-WA0064-1024x576.jpg"},"ams_acf":[],"yoast_head":"<!-- This site is optimized with the Yoast SEO plugin v27.3 - https:\/\/yoast.com\/product\/yoast-seo-wordpress\/ -->\n<title>Importante reconocimiento a la labor deportiva de Celia Cabrera - Principios<\/title>\n<meta name=\"robots\" content=\"index, follow, max-snippet:-1, max-image-preview:large, max-video-preview:-1\" \/>\n<link rel=\"canonical\" href=\"https:\/\/diarioprincipios.com\/index.php\/2022\/02\/18\/importante-reconocimiento-a-la-labor-deportiva-de-celia-cabrera\/\" \/>\n<meta property=\"og:locale\" content=\"es_ES\" \/>\n<meta property=\"og:type\" content=\"article\" \/>\n<meta property=\"og:title\" content=\"Importante reconocimiento a la labor deportiva de Celia Cabrera - Principios\" \/>\n<meta property=\"og:description\" content=\"La concejal berazateguense Celia Cabrera, quien desde hace algunos a\u00f1os se desempe\u00f1a como presidenta de la Asociaci\u00f3n de Voley Capital Nacional del Vidrio, recibi\u00f3 hoy un importante reconocimiento en la ciudad de Mar Del Plata. La organizaci\u00f3n del Torneo Interclubes Provincial que se desarroll\u00f3 en la \u00abCiudad Feliz\u00bb con la participaci\u00f3n deJ\u00f3venes de entre 15...\" \/>\n<meta property=\"og:url\" content=\"https:\/\/diarioprincipios.com\/index.php\/2022\/02\/18\/importante-reconocimiento-a-la-labor-deportiva-de-celia-cabrera\/\" \/>\n<meta property=\"og:site_name\" content=\"Principios\" \/>\n<meta property=\"article:published_time\" content=\"2022-02-18T18:33:42+00:00\" \/>\n<meta property=\"article:modified_time\" content=\"2022-02-18T18:33:45+00:00\" \/>\n<meta property=\"og:image\" content=\"https:\/\/diarioprincipios.com\/wp-content\/uploads\/2022\/02\/IMG-20220218-WA0064.jpg\" \/>\n\t<meta property=\"og:image:width\" content=\"1600\" \/>\n\t<meta property=\"og:image:height\" content=\"900\" \/>\n\t<meta property=\"og:image:type\" content=\"image\/jpeg\" \/>\n<meta name=\"author\" content=\"Hern\u00e1n L\u00f3pez\" \/>\n<meta name=\"twitter:card\" content=\"summary_large_image\" \/>\n<meta name=\"twitter:label1\" content=\"Escrito por\" \/>\n\t<meta name=\"twitter:data1\" content=\"Hern\u00e1n L\u00f3pez\" \/>\n\t<meta name=\"twitter:label2\" content=\"Tiempo de lectura\" \/>\n\t<meta name=\"twitter:data2\" content=\"3 minutos\" \/>\n<script type=\"application\/ld+json\" class=\"yoast-schema-graph\">{\"@context\":\"https:\\\/\\\/schema.org\",\"@graph\":[{\"@type\":\"Article\",\"@id\":\"https:\\\/\\\/diarioprincipios.com\\\/index.php\\\/2022\\\/02\\\/18\\\/importante-reconocimiento-a-la-labor-deportiva-de-celia-cabrera\\\/#article\",\"isPartOf\":{\"@id\":\"https:\\\/\\\/diarioprincipios.com\\\/index.php\\\/2022\\\/02\\\/18\\\/importante-reconocimiento-a-la-labor-deportiva-de-celia-cabrera\\\/\"},\"author\":{\"name\":\"Hern\u00e1n L\u00f3pez\",\"@id\":\"https:\\\/\\\/diarioprincipios.com\\\/#\\\/schema\\\/person\\\/436d5a1fd41a5e250e23ff5a6a7cb080\"},\"headline\":\"Importante reconocimiento a la labor deportiva de Celia Cabrera\",\"datePublished\":\"2022-02-18T18:33:42+00:00\",\"dateModified\":\"2022-02-18T18:33:45+00:00\",\"mainEntityOfPage\":{\"@id\":\"https:\\\/\\\/diarioprincipios.com\\\/index.php\\\/2022\\\/02\\\/18\\\/importante-reconocimiento-a-la-labor-deportiva-de-celia-cabrera\\\/\"},\"wordCount\":255,\"commentCount\":0,\"publisher\":{\"@id\":\"https:\\\/\\\/diarioprincipios.com\\\/#organization\"},\"image\":{\"@id\":\"https:\\\/\\\/diarioprincipios.com\\\/index.php\\\/2022\\\/02\\\/18\\\/importante-reconocimiento-a-la-labor-deportiva-de-celia-cabrera\\\/#primaryimage\"},\"thumbnailUrl\":\"https:\\\/\\\/diarioprincipios.com\\\/wp-content\\\/uploads\\\/2022\\\/02\\\/IMG-20220218-WA0064.jpg\",\"articleSection\":[\"Deportes\"],\"inLanguage\":\"es\",\"potentialAction\":[{\"@type\":\"CommentAction\",\"name\":\"Comment\",\"target\":[\"https:\\\/\\\/diarioprincipios.com\\\/index.php\\\/2022\\\/02\\\/18\\\/importante-reconocimiento-a-la-labor-deportiva-de-celia-cabrera\\\/#respond\"]}]},{\"@type\":\"WebPage\",\"@id\":\"https:\\\/\\\/diarioprincipios.com\\\/index.php\\\/2022\\\/02\\\/18\\\/importante-reconocimiento-a-la-labor-deportiva-de-celia-cabrera\\\/\",\"url\":\"https:\\\/\\\/diarioprincipios.com\\\/index.php\\\/2022\\\/02\\\/18\\\/importante-reconocimiento-a-la-labor-deportiva-de-celia-cabrera\\\/\",\"name\":\"Importante reconocimiento a la labor deportiva de Celia Cabrera - Principios\",\"isPartOf\":{\"@id\":\"https:\\\/\\\/diarioprincipios.com\\\/#website\"},\"primaryImageOfPage\":{\"@id\":\"https:\\\/\\\/diarioprincipios.com\\\/index.php\\\/2022\\\/02\\\/18\\\/importante-reconocimiento-a-la-labor-deportiva-de-celia-cabrera\\\/#primaryimage\"},\"image\":{\"@id\":\"https:\\\/\\\/diarioprincipios.com\\\/index.php\\\/2022\\\/02\\\/18\\\/importante-reconocimiento-a-la-labor-deportiva-de-celia-cabrera\\\/#primaryimage\"},\"thumbnailUrl\":\"https:\\\/\\\/diarioprincipios.com\\\/wp-content\\\/uploads\\\/2022\\\/02\\\/IMG-20220218-WA0064.jpg\",\"datePublished\":\"2022-02-18T18:33:42+00:00\",\"dateModified\":\"2022-02-18T18:33:45+00:00\",\"breadcrumb\":{\"@id\":\"https:\\\/\\\/diarioprincipios.com\\\/index.php\\\/2022\\\/02\\\/18\\\/importante-reconocimiento-a-la-labor-deportiva-de-celia-cabrera\\\/#breadcrumb\"},\"inLanguage\":\"es\",\"potentialAction\":[{\"@type\":\"ReadAction\",\"target\":[\"https:\\\/\\\/diarioprincipios.com\\\/index.php\\\/2022\\\/02\\\/18\\\/importante-reconocimiento-a-la-labor-deportiva-de-celia-cabrera\\\/\"]}]},{\"@type\":\"ImageObject\",\"inLanguage\":\"es\",\"@id\":\"https:\\\/\\\/diarioprincipios.com\\\/index.php\\\/2022\\\/02\\\/18\\\/importante-reconocimiento-a-la-labor-deportiva-de-celia-cabrera\\\/#primaryimage\",\"url\":\"https:\\\/\\\/diarioprincipios.com\\\/wp-content\\\/uploads\\\/2022\\\/02\\\/IMG-20220218-WA0064.jpg\",\"contentUrl\":\"https:\\\/\\\/diarioprincipios.com\\\/wp-content\\\/uploads\\\/2022\\\/02\\\/IMG-20220218-WA0064.jpg\",\"width\":1600,\"height\":900},{\"@type\":\"BreadcrumbList\",\"@id\":\"https:\\\/\\\/diarioprincipios.com\\\/index.php\\\/2022\\\/02\\\/18\\\/importante-reconocimiento-a-la-labor-deportiva-de-celia-cabrera\\\/#breadcrumb\",\"itemListElement\":[{\"@type\":\"ListItem\",\"position\":1,\"name\":\"Portada\",\"item\":\"https:\\\/\\\/diarioprincipios.com\\\/\"},{\"@type\":\"ListItem\",\"position\":2,\"name\":\"Importante reconocimiento a la labor deportiva de Celia Cabrera\"}]},{\"@type\":\"WebSite\",\"@id\":\"https:\\\/\\\/diarioprincipios.com\\\/#website\",\"url\":\"https:\\\/\\\/diarioprincipios.com\\\/\",\"name\":\"Principios\",\"description\":\"Principios Diario\",\"publisher\":{\"@id\":\"https:\\\/\\\/diarioprincipios.com\\\/#organization\"},\"potentialAction\":[{\"@type\":\"SearchAction\",\"target\":{\"@type\":\"EntryPoint\",\"urlTemplate\":\"https:\\\/\\\/diarioprincipios.com\\\/?s={search_term_string}\"},\"query-input\":{\"@type\":\"PropertyValueSpecification\",\"valueRequired\":true,\"valueName\":\"search_term_string\"}}],\"inLanguage\":\"es\"},{\"@type\":\"Organization\",\"@id\":\"https:\\\/\\\/diarioprincipios.com\\\/#organization\",\"name\":\"Principios\",\"url\":\"https:\\\/\\\/diarioprincipios.com\\\/\",\"logo\":{\"@type\":\"ImageObject\",\"inLanguage\":\"es\",\"@id\":\"https:\\\/\\\/diarioprincipios.com\\\/#\\\/schema\\\/logo\\\/image\\\/\",\"url\":\"https:\\\/\\\/diarioprincipios.com\\\/wp-content\\\/uploads\\\/2024\\\/04\\\/cropped-www.diarioprincipios.com_-1.png\",\"contentUrl\":\"https:\\\/\\\/diarioprincipios.com\\\/wp-content\\\/uploads\\\/2024\\\/04\\\/cropped-www.diarioprincipios.com_-1.png\",\"width\":5325,\"height\":1454,\"caption\":\"Principios\"},\"image\":{\"@id\":\"https:\\\/\\\/diarioprincipios.com\\\/#\\\/schema\\\/logo\\\/image\\\/\"}},{\"@type\":\"Person\",\"@id\":\"https:\\\/\\\/diarioprincipios.com\\\/#\\\/schema\\\/person\\\/436d5a1fd41a5e250e23ff5a6a7cb080\",\"name\":\"Hern\u00e1n L\u00f3pez\",\"image\":{\"@type\":\"ImageObject\",\"inLanguage\":\"es\",\"@id\":\"https:\\\/\\\/diarioprincipios.com\\\/wp-content\\\/litespeed\\\/avatar\\\/11ddfe5610ff3bd100522525b2571f48.jpg?ver=1777653193\",\"url\":\"https:\\\/\\\/diarioprincipios.com\\\/wp-content\\\/litespeed\\\/avatar\\\/11ddfe5610ff3bd100522525b2571f48.jpg?ver=1777653193\",\"contentUrl\":\"https:\\\/\\\/diarioprincipios.com\\\/wp-content\\\/litespeed\\\/avatar\\\/11ddfe5610ff3bd100522525b2571f48.jpg?ver=1777653193\",\"caption\":\"Hern\u00e1n L\u00f3pez\"},\"url\":\"https:\\\/\\\/diarioprincipios.com\\\/index.php\\\/author\\\/hernan\\\/\"}]}<\/script>\n<!-- \/ Yoast SEO plugin. -->","yoast_head_json":{"title":"Importante reconocimiento a la labor deportiva de Celia Cabrera - Principios","robots":{"index":"index","follow":"follow","max-snippet":"max-snippet:-1","max-image-preview":"max-image-preview:large","max-video-preview":"max-video-preview:-1"},"canonical":"https:\/\/diarioprincipios.com\/index.php\/2022\/02\/18\/importante-reconocimiento-a-la-labor-deportiva-de-celia-cabrera\/","og_locale":"es_ES","og_type":"article","og_title":"Importante reconocimiento a la labor deportiva de Celia Cabrera - Principios","og_description":"La concejal berazateguense Celia Cabrera, quien desde hace algunos a\u00f1os se desempe\u00f1a como presidenta de la Asociaci\u00f3n de Voley Capital Nacional del Vidrio, recibi\u00f3 hoy un importante reconocimiento en la ciudad de Mar Del Plata. La organizaci\u00f3n del Torneo Interclubes Provincial que se desarroll\u00f3 en la \u00abCiudad Feliz\u00bb con la participaci\u00f3n deJ\u00f3venes de entre 15...","og_url":"https:\/\/diarioprincipios.com\/index.php\/2022\/02\/18\/importante-reconocimiento-a-la-labor-deportiva-de-celia-cabrera\/","og_site_name":"Principios","article_published_time":"2022-02-18T18:33:42+00:00","article_modified_time":"2022-02-18T18:33:45+00:00","og_image":[{"width":1600,"height":900,"url":"https:\/\/diarioprincipios.com\/wp-content\/uploads\/2022\/02\/IMG-20220218-WA0064.jpg","type":"image\/jpeg"}],"author":"Hern\u00e1n L\u00f3pez","twitter_card":"summary_large_image","twitter_misc":{"Escrito por":"Hern\u00e1n L\u00f3pez","Tiempo de lectura":"3 minutos"},"schema":{"@context":"https:\/\/schema.org","@graph":[{"@type":"Article","@id":"https:\/\/diarioprincipios.com\/index.php\/2022\/02\/18\/importante-reconocimiento-a-la-labor-deportiva-de-celia-cabrera\/#article","isPartOf":{"@id":"https:\/\/diarioprincipios.com\/index.php\/2022\/02\/18\/importante-reconocimiento-a-la-labor-deportiva-de-celia-cabrera\/"},"author":{"name":"Hern\u00e1n L\u00f3pez","@id":"https:\/\/diarioprincipios.com\/#\/schema\/person\/436d5a1fd41a5e250e23ff5a6a7cb080"},"headline":"Importante reconocimiento a la labor deportiva de Celia Cabrera","datePublished":"2022-02-18T18:33:42+00:00","dateModified":"2022-02-18T18:33:45+00:00","mainEntityOfPage":{"@id":"https:\/\/diarioprincipios.com\/index.php\/2022\/02\/18\/importante-reconocimiento-a-la-labor-deportiva-de-celia-cabrera\/"},"wordCount":255,"commentCount":0,"publisher":{"@id":"https:\/\/diarioprincipios.com\/#organization"},"image":{"@id":"https:\/\/diarioprincipios.com\/index.php\/2022\/02\/18\/importante-reconocimiento-a-la-labor-deportiva-de-celia-cabrera\/#primaryimage"},"thumbnailUrl":"https:\/\/diarioprincipios.com\/wp-content\/uploads\/2022\/02\/IMG-20220218-WA0064.jpg","articleSection":["Deportes"],"inLanguage":"es","potentialAction":[{"@type":"CommentAction","name":"Comment","target":["https:\/\/diarioprincipios.com\/index.php\/2022\/02\/18\/importante-reconocimiento-a-la-labor-deportiva-de-celia-cabrera\/#respond"]}]},{"@type":"WebPage","@id":"https:\/\/diarioprincipios.com\/index.php\/2022\/02\/18\/importante-reconocimiento-a-la-labor-deportiva-de-celia-cabrera\/","url":"https:\/\/diarioprincipios.com\/index.php\/2022\/02\/18\/importante-reconocimiento-a-la-labor-deportiva-de-celia-cabrera\/","name":"Importante reconocimiento a la labor deportiva de Celia Cabrera - Principios","isPartOf":{"@id":"https:\/\/diarioprincipios.com\/#website"},"primaryImageOfPage":{"@id":"https:\/\/diarioprincipios.com\/index.php\/2022\/02\/18\/importante-reconocimiento-a-la-labor-deportiva-de-celia-cabrera\/#primaryimage"},"image":{"@id":"https:\/\/diarioprincipios.com\/index.php\/2022\/02\/18\/importante-reconocimiento-a-la-labor-deportiva-de-celia-cabrera\/#primaryimage"},"thumbnailUrl":"https:\/\/diarioprincipios.com\/wp-content\/uploads\/2022\/02\/IMG-20220218-WA0064.jpg","datePublished":"2022-02-18T18:33:42+00:00","dateModified":"2022-02-18T18:33:45+00:00","breadcrumb":{"@id":"https:\/\/diarioprincipios.com\/index.php\/2022\/02\/18\/importante-reconocimiento-a-la-labor-deportiva-de-celia-cabrera\/#breadcrumb"},"inLanguage":"es","potentialAction":[{"@type":"ReadAction","target":["https:\/\/diarioprincipios.com\/index.php\/2022\/02\/18\/importante-reconocimiento-a-la-labor-deportiva-de-celia-cabrera\/"]}]},{"@type":"ImageObject","inLanguage":"es","@id":"https:\/\/diarioprincipios.com\/index.php\/2022\/02\/18\/importante-reconocimiento-a-la-labor-deportiva-de-celia-cabrera\/#primaryimage","url":"https:\/\/diarioprincipios.com\/wp-content\/uploads\/2022\/02\/IMG-20220218-WA0064.jpg","contentUrl":"https:\/\/diarioprincipios.com\/wp-content\/uploads\/2022\/02\/IMG-20220218-WA0064.jpg","width":1600,"height":900},{"@type":"BreadcrumbList","@id":"https:\/\/diarioprincipios.com\/index.php\/2022\/02\/18\/importante-reconocimiento-a-la-labor-deportiva-de-celia-cabrera\/#breadcrumb","itemListElement":[{"@type":"ListItem","position":1,"name":"Portada","item":"https:\/\/diarioprincipios.com\/"},{"@type":"ListItem","position":2,"name":"Importante reconocimiento a la labor deportiva de Celia Cabrera"}]},{"@type":"WebSite","@id":"https:\/\/diarioprincipios.com\/#website","url":"https:\/\/diarioprincipios.com\/","name":"Principios","description":"Principios Diario","publisher":{"@id":"https:\/\/diarioprincipios.com\/#organization"},"potentialAction":[{"@type":"SearchAction","target":{"@type":"EntryPoint","urlTemplate":"https:\/\/diarioprincipios.com\/?s={search_term_string}"},"query-input":{"@type":"PropertyValueSpecification","valueRequired":true,"valueName":"search_term_string"}}],"inLanguage":"es"},{"@type":"Organization","@id":"https:\/\/diarioprincipios.com\/#organization","name":"Principios","url":"https:\/\/diarioprincipios.com\/","logo":{"@type":"ImageObject","inLanguage":"es","@id":"https:\/\/diarioprincipios.com\/#\/schema\/logo\/image\/","url":"https:\/\/diarioprincipios.com\/wp-content\/uploads\/2024\/04\/cropped-www.diarioprincipios.com_-1.png","contentUrl":"https:\/\/diarioprincipios.com\/wp-content\/uploads\/2024\/04\/cropped-www.diarioprincipios.com_-1.png","width":5325,"height":1454,"caption":"Principios"},"image":{"@id":"https:\/\/diarioprincipios.com\/#\/schema\/logo\/image\/"}},{"@type":"Person","@id":"https:\/\/diarioprincipios.com\/#\/schema\/person\/436d5a1fd41a5e250e23ff5a6a7cb080","name":"Hern\u00e1n L\u00f3pez","image":{"@type":"ImageObject","inLanguage":"es","@id":"https:\/\/diarioprincipios.com\/wp-content\/litespeed\/avatar\/11ddfe5610ff3bd100522525b2571f48.jpg?ver=1777653193","url":"https:\/\/diarioprincipios.com\/wp-content\/litespeed\/avatar\/11ddfe5610ff3bd100522525b2571f48.jpg?ver=1777653193","contentUrl":"https:\/\/diarioprincipios.com\/wp-content\/litespeed\/avatar\/11ddfe5610ff3bd100522525b2571f48.jpg?ver=1777653193","caption":"Hern\u00e1n L\u00f3pez"},"url":"https:\/\/diarioprincipios.com\/index.php\/author\/hernan\/"}]}},"jetpack_featured_media_url":"https:\/\/diarioprincipios.com\/wp-content\/uploads\/2022\/02\/IMG-20220218-WA0064.jpg","_links":{"self":[{"href":"https:\/\/diarioprincipios.com\/index.php\/wp-json\/wp\/v2\/posts\/12603","targetHints":{"allow":["GET"]}}],"collection":[{"href":"https:\/\/diarioprincipios.com\/index.php\/wp-json\/wp\/v2\/posts"}],"about":[{"href":"https:\/\/diarioprincipios.com\/index.php\/wp-json\/wp\/v2\/types\/post"}],"author":[{"embeddable":true,"href":"https:\/\/diarioprincipios.com\/index.php\/wp-json\/wp\/v2\/users\/2"}],"replies":[{"embeddable":true,"href":"https:\/\/diarioprincipios.com\/index.php\/wp-json\/wp\/v2\/comments?post=12603"}],"version-history":[{"count":1,"href":"https:\/\/diarioprincipios.com\/index.php\/wp-json\/wp\/v2\/posts\/12603\/revisions"}],"predecessor-version":[{"id":12611,"href":"https:\/\/diarioprincipios.com\/index.php\/wp-json\/wp\/v2\/posts\/12603\/revisions\/12611"}],"wp:featuredmedia":[{"embeddable":true,"href":"https:\/\/diarioprincipios.com\/index.php\/wp-json\/wp\/v2\/media\/12609"}],"wp:attachment":[{"href":"https:\/\/diarioprincipios.com\/index.php\/wp-json\/wp\/v2\/media?parent=12603"}],"wp:term":[{"taxonomy":"category","embeddable":true,"href":"https:\/\/diarioprincipios.com\/index.php\/wp-json\/wp\/v2\/categories?post=12603"},{"taxonomy":"post_tag","embeddable":true,"href":"https:\/\/diarioprincipios.com\/index.php\/wp-json\/wp\/v2\/tags?post=12603"}],"curies":[{"name":"wp","href":"https:\/\/api.w.org\/{rel}","templated":true}]}}