{"id":12600,"date":"2022-02-18T15:23:16","date_gmt":"2022-02-18T18:23:16","guid":{"rendered":"http:\/\/diarioprincipios.com\/?p=12600"},"modified":"2022-02-18T15:23:23","modified_gmt":"2022-02-18T18:23:23","slug":"caen-bandas-que-comercializaban-cables-y-metales-robados","status":"publish","type":"post","link":"https:\/\/diarioprincipios.com\/index.php\/2022\/02\/18\/caen-bandas-que-comercializaban-cables-y-metales-robados\/","title":{"rendered":"Caen bandas que comercializaban cables y metales robados"},"content":{"rendered":"\n<p>El Municipio de Quilmes inform\u00f3 que luego de una denuncia que realiz\u00f3 la Comuna acerca del funcionamiento ilegal de establecimientos denominados metaleras (que se dedican a la compra y venta de hierro, cables y autopartes), en la jornada del jueves, luego de intensas tareas investigativas, se llevaron a cabo allanamientos en 20 objetivos, para verificar la procedencia de los productos all\u00ed depositados.<\/p>\n\n\n\n<p>La car\u00e1tula de la causa fue la de \u201cencubrimiento agravado por el \u00e1nimo de lucro, infracci\u00f3n LEY 25.761 (RUDAC), clausuras infracci\u00f3n Ley 13.564 (art\u00edculo 4)\u201d. Como resultado de los procedimientos, cuatro personas fueron aprehendidas, se incautaron gran cantidad de objetos y se clausuraron los comercios allanados.<\/p>\n\n\n\n<p>\u201cTras una ardua investigaci\u00f3n, se llevaron adelante 20 allanamientos simult\u00e1neos en distintas zonas de Quilmes y se logr\u00f3 desbaratar bandas que comercializaban cables y metales robados, logrando secuestrar varias toneladas de material\u201d, expres\u00f3 el titular de la Secretar\u00eda de Seguridad y Ordenamiento Urbano de Quilmes. Gaspar De St\u00e9fano.<\/p>\n\n\n\n<p>Adem\u00e1s de lo mencionado por el funcionario, tambi\u00e9n se incautaron tapas de alcantarillado y rejillas, pertenecientes tanto al Municipio de Quilmes como a empresas prestatarias de servicios, y tambi\u00e9n autopartes.<\/p>\n\n\n\n<p>La tarea investigativa comenz\u00f3 luego de una denuncia de la Secretar\u00eda de Seguridad y Ordenamiento Urbano de Quilmes y cont\u00f3 con la participaci\u00f3n de la UFIJ N\u00ba 6 del Departamento Judicial de Quilmes, a cargo de Mariana Curra Samaniego, y personal de la Estaci\u00f3n de Polic\u00eda de Quilmes con sus distintas comisar\u00edas, y el objetivo fue el de secuestrar elementos que fueron robados de la v\u00eda p\u00fablica y terminaron en las metaleras para la cadena de comercializaci\u00f3n.<\/p>\n\n\n\n<p>Tambi\u00e9n fueron parte del operativo la Agencia de Fiscalizaci\u00f3n y Control Comunal, a cargo de Alejandra Cordeiro, que procedi\u00f3 a la clausura de los establecimientos allanados, y la Secretar\u00eda de Servicio P\u00fablicos, encabezada por \u00c1ngel Garc\u00eda, que constat\u00f3 que varios de los elementos secuestrados, como tapas y rejillas, hab\u00edan sido robadas de la v\u00eda p\u00fablica y pertenec\u00edan al Municipio de Quilmes.<\/p>\n\n\n\n<p>Entre los elementos secuestrados se hallaron rollos de cable forrado (a\u00e9reos y subterr\u00e1neos) de empresas de telecomunicaciones; bolsones de arpillera conteniendo en su interior cables multipares; rollos de cable de cobre forrados con goma; cinco tel\u00e9fonos celulares; cobre; una placa de fibra \u00f3ptica wifi flex DIO; un eje trasero de automotor; una cremallera; un c\u00e1rter; una caja de cambios; dos semiejes; un block de motor; un m\u00faltiple de escape; dos ca\u00f1os de escape automotor; un tanque de nafta de motoveh\u00edculo; seis puertas de autom\u00f3viles; cinco tubos de GNC; dos guardabarros; diez paragolpes; dos carrocer\u00edas, y un block de motor con pose\u00eda pedido de secuestro activo a requerimiento de la UFI N\u00ba 1 por hurto agravado<\/p>\n","protected":false},"excerpt":{"rendered":"<p>El Municipio de Quilmes inform\u00f3 que luego de una denuncia que realiz\u00f3 la Comuna acerca del funcionamiento ilegal de establecimientos denominados metaleras (que se dedican a la compra y venta de hierro, cables y autopartes), en la jornada del jueves, luego de intensas tareas investigativas, se llevaron a cabo allanamientos en 20 objetivos, para verificar&#8230;<\/p>\n","protected":false},"author":2,"featured_media":12601,"comment_status":"open","ping_status":"open","sticky":false,"template":"","format":"standard","meta":{"footnotes":""},"categories":[4],"tags":[],"class_list":["post-12600","post","type-post","status-publish","format-standard","has-post-thumbnail","hentry","category-quilmes"],"featured_image_src":"https:\/\/diarioprincipios.com\/wp-content\/uploads\/2022\/02\/TRAS-UNA-DENUNCIA-DEL-MUNICIPIO-DE-QUILMES-SE-DESBARATARON-BANDAS-QUE-COMERCIALIZABAN-CABLES-Y-METALES-ROBADOS-1.jpeg","blog_images":{"medium":"https:\/\/diarioprincipios.com\/wp-content\/uploads\/2022\/02\/TRAS-UNA-DENUNCIA-DEL-MUNICIPIO-DE-QUILMES-SE-DESBARATARON-BANDAS-QUE-COMERCIALIZABAN-CABLES-Y-METALES-ROBADOS-1-300x205.jpeg","large":"https:\/\/diarioprincipios.com\/wp-content\/uploads\/2022\/02\/TRAS-UNA-DENUNCIA-DEL-MUNICIPIO-DE-QUILMES-SE-DESBARATARON-BANDAS-QUE-COMERCIALIZABAN-CABLES-Y-METALES-ROBADOS-1.jpeg"},"ams_acf":[],"yoast_head":"<!-- This site is optimized with the Yoast SEO plugin v27.3 - https:\/\/yoast.com\/product\/yoast-seo-wordpress\/ -->\n<title>Caen bandas que comercializaban cables y metales robados - Principios<\/title>\n<meta name=\"robots\" content=\"index, follow, max-snippet:-1, max-image-preview:large, max-video-preview:-1\" \/>\n<link rel=\"canonical\" href=\"https:\/\/diarioprincipios.com\/index.php\/2022\/02\/18\/caen-bandas-que-comercializaban-cables-y-metales-robados\/\" \/>\n<meta property=\"og:locale\" content=\"es_ES\" \/>\n<meta property=\"og:type\" content=\"article\" \/>\n<meta property=\"og:title\" content=\"Caen bandas que comercializaban cables y metales robados - Principios\" \/>\n<meta property=\"og:description\" content=\"El Municipio de Quilmes inform\u00f3 que luego de una denuncia que realiz\u00f3 la Comuna acerca del funcionamiento ilegal de establecimientos denominados metaleras (que se dedican a la compra y venta de hierro, cables y autopartes), en la jornada del jueves, luego de intensas tareas investigativas, se llevaron a cabo allanamientos en 20 objetivos, para verificar...\" \/>\n<meta property=\"og:url\" content=\"https:\/\/diarioprincipios.com\/index.php\/2022\/02\/18\/caen-bandas-que-comercializaban-cables-y-metales-robados\/\" \/>\n<meta property=\"og:site_name\" content=\"Principios\" \/>\n<meta property=\"article:published_time\" content=\"2022-02-18T18:23:16+00:00\" \/>\n<meta property=\"article:modified_time\" content=\"2022-02-18T18:23:23+00:00\" \/>\n<meta property=\"og:image\" content=\"https:\/\/diarioprincipios.com\/wp-content\/uploads\/2022\/02\/TRAS-UNA-DENUNCIA-DEL-MUNICIPIO-DE-QUILMES-SE-DESBARATARON-BANDAS-QUE-COMERCIALIZABAN-CABLES-Y-METALES-ROBADOS-1.jpeg\" \/>\n\t<meta property=\"og:image:width\" content=\"1024\" \/>\n\t<meta property=\"og:image:height\" content=\"701\" \/>\n\t<meta property=\"og:image:type\" content=\"image\/jpeg\" \/>\n<meta name=\"author\" content=\"Hern\u00e1n L\u00f3pez\" \/>\n<meta name=\"twitter:card\" content=\"summary_large_image\" \/>\n<meta name=\"twitter:label1\" content=\"Escrito por\" \/>\n\t<meta name=\"twitter:data1\" content=\"Hern\u00e1n L\u00f3pez\" \/>\n\t<meta name=\"twitter:label2\" content=\"Tiempo de lectura\" \/>\n\t<meta name=\"twitter:data2\" content=\"3 minutos\" \/>\n<script type=\"application\/ld+json\" class=\"yoast-schema-graph\">{\"@context\":\"https:\\\/\\\/schema.org\",\"@graph\":[{\"@type\":\"Article\",\"@id\":\"https:\\\/\\\/diarioprincipios.com\\\/index.php\\\/2022\\\/02\\\/18\\\/caen-bandas-que-comercializaban-cables-y-metales-robados\\\/#article\",\"isPartOf\":{\"@id\":\"https:\\\/\\\/diarioprincipios.com\\\/index.php\\\/2022\\\/02\\\/18\\\/caen-bandas-que-comercializaban-cables-y-metales-robados\\\/\"},\"author\":{\"name\":\"Hern\u00e1n L\u00f3pez\",\"@id\":\"https:\\\/\\\/diarioprincipios.com\\\/#\\\/schema\\\/person\\\/436d5a1fd41a5e250e23ff5a6a7cb080\"},\"headline\":\"Caen bandas que comercializaban cables y metales robados\",\"datePublished\":\"2022-02-18T18:23:16+00:00\",\"dateModified\":\"2022-02-18T18:23:23+00:00\",\"mainEntityOfPage\":{\"@id\":\"https:\\\/\\\/diarioprincipios.com\\\/index.php\\\/2022\\\/02\\\/18\\\/caen-bandas-que-comercializaban-cables-y-metales-robados\\\/\"},\"wordCount\":478,\"commentCount\":0,\"publisher\":{\"@id\":\"https:\\\/\\\/diarioprincipios.com\\\/#organization\"},\"image\":{\"@id\":\"https:\\\/\\\/diarioprincipios.com\\\/index.php\\\/2022\\\/02\\\/18\\\/caen-bandas-que-comercializaban-cables-y-metales-robados\\\/#primaryimage\"},\"thumbnailUrl\":\"https:\\\/\\\/diarioprincipios.com\\\/wp-content\\\/uploads\\\/2022\\\/02\\\/TRAS-UNA-DENUNCIA-DEL-MUNICIPIO-DE-QUILMES-SE-DESBARATARON-BANDAS-QUE-COMERCIALIZABAN-CABLES-Y-METALES-ROBADOS-1.jpeg\",\"articleSection\":[\"Quilmes\"],\"inLanguage\":\"es\",\"potentialAction\":[{\"@type\":\"CommentAction\",\"name\":\"Comment\",\"target\":[\"https:\\\/\\\/diarioprincipios.com\\\/index.php\\\/2022\\\/02\\\/18\\\/caen-bandas-que-comercializaban-cables-y-metales-robados\\\/#respond\"]}]},{\"@type\":\"WebPage\",\"@id\":\"https:\\\/\\\/diarioprincipios.com\\\/index.php\\\/2022\\\/02\\\/18\\\/caen-bandas-que-comercializaban-cables-y-metales-robados\\\/\",\"url\":\"https:\\\/\\\/diarioprincipios.com\\\/index.php\\\/2022\\\/02\\\/18\\\/caen-bandas-que-comercializaban-cables-y-metales-robados\\\/\",\"name\":\"Caen bandas que comercializaban cables y metales robados - Principios\",\"isPartOf\":{\"@id\":\"https:\\\/\\\/diarioprincipios.com\\\/#website\"},\"primaryImageOfPage\":{\"@id\":\"https:\\\/\\\/diarioprincipios.com\\\/index.php\\\/2022\\\/02\\\/18\\\/caen-bandas-que-comercializaban-cables-y-metales-robados\\\/#primaryimage\"},\"image\":{\"@id\":\"https:\\\/\\\/diarioprincipios.com\\\/index.php\\\/2022\\\/02\\\/18\\\/caen-bandas-que-comercializaban-cables-y-metales-robados\\\/#primaryimage\"},\"thumbnailUrl\":\"https:\\\/\\\/diarioprincipios.com\\\/wp-content\\\/uploads\\\/2022\\\/02\\\/TRAS-UNA-DENUNCIA-DEL-MUNICIPIO-DE-QUILMES-SE-DESBARATARON-BANDAS-QUE-COMERCIALIZABAN-CABLES-Y-METALES-ROBADOS-1.jpeg\",\"datePublished\":\"2022-02-18T18:23:16+00:00\",\"dateModified\":\"2022-02-18T18:23:23+00:00\",\"breadcrumb\":{\"@id\":\"https:\\\/\\\/diarioprincipios.com\\\/index.php\\\/2022\\\/02\\\/18\\\/caen-bandas-que-comercializaban-cables-y-metales-robados\\\/#breadcrumb\"},\"inLanguage\":\"es\",\"potentialAction\":[{\"@type\":\"ReadAction\",\"target\":[\"https:\\\/\\\/diarioprincipios.com\\\/index.php\\\/2022\\\/02\\\/18\\\/caen-bandas-que-comercializaban-cables-y-metales-robados\\\/\"]}]},{\"@type\":\"ImageObject\",\"inLanguage\":\"es\",\"@id\":\"https:\\\/\\\/diarioprincipios.com\\\/index.php\\\/2022\\\/02\\\/18\\\/caen-bandas-que-comercializaban-cables-y-metales-robados\\\/#primaryimage\",\"url\":\"https:\\\/\\\/diarioprincipios.com\\\/wp-content\\\/uploads\\\/2022\\\/02\\\/TRAS-UNA-DENUNCIA-DEL-MUNICIPIO-DE-QUILMES-SE-DESBARATARON-BANDAS-QUE-COMERCIALIZABAN-CABLES-Y-METALES-ROBADOS-1.jpeg\",\"contentUrl\":\"https:\\\/\\\/diarioprincipios.com\\\/wp-content\\\/uploads\\\/2022\\\/02\\\/TRAS-UNA-DENUNCIA-DEL-MUNICIPIO-DE-QUILMES-SE-DESBARATARON-BANDAS-QUE-COMERCIALIZABAN-CABLES-Y-METALES-ROBADOS-1.jpeg\",\"width\":1024,\"height\":701},{\"@type\":\"BreadcrumbList\",\"@id\":\"https:\\\/\\\/diarioprincipios.com\\\/index.php\\\/2022\\\/02\\\/18\\\/caen-bandas-que-comercializaban-cables-y-metales-robados\\\/#breadcrumb\",\"itemListElement\":[{\"@type\":\"ListItem\",\"position\":1,\"name\":\"Portada\",\"item\":\"https:\\\/\\\/diarioprincipios.com\\\/\"},{\"@type\":\"ListItem\",\"position\":2,\"name\":\"Caen bandas que comercializaban cables y metales robados\"}]},{\"@type\":\"WebSite\",\"@id\":\"https:\\\/\\\/diarioprincipios.com\\\/#website\",\"url\":\"https:\\\/\\\/diarioprincipios.com\\\/\",\"name\":\"Principios\",\"description\":\"Principios Diario\",\"publisher\":{\"@id\":\"https:\\\/\\\/diarioprincipios.com\\\/#organization\"},\"potentialAction\":[{\"@type\":\"SearchAction\",\"target\":{\"@type\":\"EntryPoint\",\"urlTemplate\":\"https:\\\/\\\/diarioprincipios.com\\\/?s={search_term_string}\"},\"query-input\":{\"@type\":\"PropertyValueSpecification\",\"valueRequired\":true,\"valueName\":\"search_term_string\"}}],\"inLanguage\":\"es\"},{\"@type\":\"Organization\",\"@id\":\"https:\\\/\\\/diarioprincipios.com\\\/#organization\",\"name\":\"Principios\",\"url\":\"https:\\\/\\\/diarioprincipios.com\\\/\",\"logo\":{\"@type\":\"ImageObject\",\"inLanguage\":\"es\",\"@id\":\"https:\\\/\\\/diarioprincipios.com\\\/#\\\/schema\\\/logo\\\/image\\\/\",\"url\":\"https:\\\/\\\/diarioprincipios.com\\\/wp-content\\\/uploads\\\/2024\\\/04\\\/cropped-www.diarioprincipios.com_-1.png\",\"contentUrl\":\"https:\\\/\\\/diarioprincipios.com\\\/wp-content\\\/uploads\\\/2024\\\/04\\\/cropped-www.diarioprincipios.com_-1.png\",\"width\":5325,\"height\":1454,\"caption\":\"Principios\"},\"image\":{\"@id\":\"https:\\\/\\\/diarioprincipios.com\\\/#\\\/schema\\\/logo\\\/image\\\/\"}},{\"@type\":\"Person\",\"@id\":\"https:\\\/\\\/diarioprincipios.com\\\/#\\\/schema\\\/person\\\/436d5a1fd41a5e250e23ff5a6a7cb080\",\"name\":\"Hern\u00e1n L\u00f3pez\",\"image\":{\"@type\":\"ImageObject\",\"inLanguage\":\"es\",\"@id\":\"https:\\\/\\\/diarioprincipios.com\\\/wp-content\\\/litespeed\\\/avatar\\\/11ddfe5610ff3bd100522525b2571f48.jpg?ver=1777653193\",\"url\":\"https:\\\/\\\/diarioprincipios.com\\\/wp-content\\\/litespeed\\\/avatar\\\/11ddfe5610ff3bd100522525b2571f48.jpg?ver=1777653193\",\"contentUrl\":\"https:\\\/\\\/diarioprincipios.com\\\/wp-content\\\/litespeed\\\/avatar\\\/11ddfe5610ff3bd100522525b2571f48.jpg?ver=1777653193\",\"caption\":\"Hern\u00e1n L\u00f3pez\"},\"url\":\"https:\\\/\\\/diarioprincipios.com\\\/index.php\\\/author\\\/hernan\\\/\"}]}<\/script>\n<!-- \/ Yoast SEO plugin. -->","yoast_head_json":{"title":"Caen bandas que comercializaban cables y metales robados - Principios","robots":{"index":"index","follow":"follow","max-snippet":"max-snippet:-1","max-image-preview":"max-image-preview:large","max-video-preview":"max-video-preview:-1"},"canonical":"https:\/\/diarioprincipios.com\/index.php\/2022\/02\/18\/caen-bandas-que-comercializaban-cables-y-metales-robados\/","og_locale":"es_ES","og_type":"article","og_title":"Caen bandas que comercializaban cables y metales robados - Principios","og_description":"El Municipio de Quilmes inform\u00f3 que luego de una denuncia que realiz\u00f3 la Comuna acerca del funcionamiento ilegal de establecimientos denominados metaleras (que se dedican a la compra y venta de hierro, cables y autopartes), en la jornada del jueves, luego de intensas tareas investigativas, se llevaron a cabo allanamientos en 20 objetivos, para verificar...","og_url":"https:\/\/diarioprincipios.com\/index.php\/2022\/02\/18\/caen-bandas-que-comercializaban-cables-y-metales-robados\/","og_site_name":"Principios","article_published_time":"2022-02-18T18:23:16+00:00","article_modified_time":"2022-02-18T18:23:23+00:00","og_image":[{"width":1024,"height":701,"url":"https:\/\/diarioprincipios.com\/wp-content\/uploads\/2022\/02\/TRAS-UNA-DENUNCIA-DEL-MUNICIPIO-DE-QUILMES-SE-DESBARATARON-BANDAS-QUE-COMERCIALIZABAN-CABLES-Y-METALES-ROBADOS-1.jpeg","type":"image\/jpeg"}],"author":"Hern\u00e1n L\u00f3pez","twitter_card":"summary_large_image","twitter_misc":{"Escrito por":"Hern\u00e1n L\u00f3pez","Tiempo de lectura":"3 minutos"},"schema":{"@context":"https:\/\/schema.org","@graph":[{"@type":"Article","@id":"https:\/\/diarioprincipios.com\/index.php\/2022\/02\/18\/caen-bandas-que-comercializaban-cables-y-metales-robados\/#article","isPartOf":{"@id":"https:\/\/diarioprincipios.com\/index.php\/2022\/02\/18\/caen-bandas-que-comercializaban-cables-y-metales-robados\/"},"author":{"name":"Hern\u00e1n L\u00f3pez","@id":"https:\/\/diarioprincipios.com\/#\/schema\/person\/436d5a1fd41a5e250e23ff5a6a7cb080"},"headline":"Caen bandas que comercializaban cables y metales robados","datePublished":"2022-02-18T18:23:16+00:00","dateModified":"2022-02-18T18:23:23+00:00","mainEntityOfPage":{"@id":"https:\/\/diarioprincipios.com\/index.php\/2022\/02\/18\/caen-bandas-que-comercializaban-cables-y-metales-robados\/"},"wordCount":478,"commentCount":0,"publisher":{"@id":"https:\/\/diarioprincipios.com\/#organization"},"image":{"@id":"https:\/\/diarioprincipios.com\/index.php\/2022\/02\/18\/caen-bandas-que-comercializaban-cables-y-metales-robados\/#primaryimage"},"thumbnailUrl":"https:\/\/diarioprincipios.com\/wp-content\/uploads\/2022\/02\/TRAS-UNA-DENUNCIA-DEL-MUNICIPIO-DE-QUILMES-SE-DESBARATARON-BANDAS-QUE-COMERCIALIZABAN-CABLES-Y-METALES-ROBADOS-1.jpeg","articleSection":["Quilmes"],"inLanguage":"es","potentialAction":[{"@type":"CommentAction","name":"Comment","target":["https:\/\/diarioprincipios.com\/index.php\/2022\/02\/18\/caen-bandas-que-comercializaban-cables-y-metales-robados\/#respond"]}]},{"@type":"WebPage","@id":"https:\/\/diarioprincipios.com\/index.php\/2022\/02\/18\/caen-bandas-que-comercializaban-cables-y-metales-robados\/","url":"https:\/\/diarioprincipios.com\/index.php\/2022\/02\/18\/caen-bandas-que-comercializaban-cables-y-metales-robados\/","name":"Caen bandas que comercializaban cables y metales robados - Principios","isPartOf":{"@id":"https:\/\/diarioprincipios.com\/#website"},"primaryImageOfPage":{"@id":"https:\/\/diarioprincipios.com\/index.php\/2022\/02\/18\/caen-bandas-que-comercializaban-cables-y-metales-robados\/#primaryimage"},"image":{"@id":"https:\/\/diarioprincipios.com\/index.php\/2022\/02\/18\/caen-bandas-que-comercializaban-cables-y-metales-robados\/#primaryimage"},"thumbnailUrl":"https:\/\/diarioprincipios.com\/wp-content\/uploads\/2022\/02\/TRAS-UNA-DENUNCIA-DEL-MUNICIPIO-DE-QUILMES-SE-DESBARATARON-BANDAS-QUE-COMERCIALIZABAN-CABLES-Y-METALES-ROBADOS-1.jpeg","datePublished":"2022-02-18T18:23:16+00:00","dateModified":"2022-02-18T18:23:23+00:00","breadcrumb":{"@id":"https:\/\/diarioprincipios.com\/index.php\/2022\/02\/18\/caen-bandas-que-comercializaban-cables-y-metales-robados\/#breadcrumb"},"inLanguage":"es","potentialAction":[{"@type":"ReadAction","target":["https:\/\/diarioprincipios.com\/index.php\/2022\/02\/18\/caen-bandas-que-comercializaban-cables-y-metales-robados\/"]}]},{"@type":"ImageObject","inLanguage":"es","@id":"https:\/\/diarioprincipios.com\/index.php\/2022\/02\/18\/caen-bandas-que-comercializaban-cables-y-metales-robados\/#primaryimage","url":"https:\/\/diarioprincipios.com\/wp-content\/uploads\/2022\/02\/TRAS-UNA-DENUNCIA-DEL-MUNICIPIO-DE-QUILMES-SE-DESBARATARON-BANDAS-QUE-COMERCIALIZABAN-CABLES-Y-METALES-ROBADOS-1.jpeg","contentUrl":"https:\/\/diarioprincipios.com\/wp-content\/uploads\/2022\/02\/TRAS-UNA-DENUNCIA-DEL-MUNICIPIO-DE-QUILMES-SE-DESBARATARON-BANDAS-QUE-COMERCIALIZABAN-CABLES-Y-METALES-ROBADOS-1.jpeg","width":1024,"height":701},{"@type":"BreadcrumbList","@id":"https:\/\/diarioprincipios.com\/index.php\/2022\/02\/18\/caen-bandas-que-comercializaban-cables-y-metales-robados\/#breadcrumb","itemListElement":[{"@type":"ListItem","position":1,"name":"Portada","item":"https:\/\/diarioprincipios.com\/"},{"@type":"ListItem","position":2,"name":"Caen bandas que comercializaban cables y metales robados"}]},{"@type":"WebSite","@id":"https:\/\/diarioprincipios.com\/#website","url":"https:\/\/diarioprincipios.com\/","name":"Principios","description":"Principios Diario","publisher":{"@id":"https:\/\/diarioprincipios.com\/#organization"},"potentialAction":[{"@type":"SearchAction","target":{"@type":"EntryPoint","urlTemplate":"https:\/\/diarioprincipios.com\/?s={search_term_string}"},"query-input":{"@type":"PropertyValueSpecification","valueRequired":true,"valueName":"search_term_string"}}],"inLanguage":"es"},{"@type":"Organization","@id":"https:\/\/diarioprincipios.com\/#organization","name":"Principios","url":"https:\/\/diarioprincipios.com\/","logo":{"@type":"ImageObject","inLanguage":"es","@id":"https:\/\/diarioprincipios.com\/#\/schema\/logo\/image\/","url":"https:\/\/diarioprincipios.com\/wp-content\/uploads\/2024\/04\/cropped-www.diarioprincipios.com_-1.png","contentUrl":"https:\/\/diarioprincipios.com\/wp-content\/uploads\/2024\/04\/cropped-www.diarioprincipios.com_-1.png","width":5325,"height":1454,"caption":"Principios"},"image":{"@id":"https:\/\/diarioprincipios.com\/#\/schema\/logo\/image\/"}},{"@type":"Person","@id":"https:\/\/diarioprincipios.com\/#\/schema\/person\/436d5a1fd41a5e250e23ff5a6a7cb080","name":"Hern\u00e1n L\u00f3pez","image":{"@type":"ImageObject","inLanguage":"es","@id":"https:\/\/diarioprincipios.com\/wp-content\/litespeed\/avatar\/11ddfe5610ff3bd100522525b2571f48.jpg?ver=1777653193","url":"https:\/\/diarioprincipios.com\/wp-content\/litespeed\/avatar\/11ddfe5610ff3bd100522525b2571f48.jpg?ver=1777653193","contentUrl":"https:\/\/diarioprincipios.com\/wp-content\/litespeed\/avatar\/11ddfe5610ff3bd100522525b2571f48.jpg?ver=1777653193","caption":"Hern\u00e1n L\u00f3pez"},"url":"https:\/\/diarioprincipios.com\/index.php\/author\/hernan\/"}]}},"jetpack_featured_media_url":"https:\/\/diarioprincipios.com\/wp-content\/uploads\/2022\/02\/TRAS-UNA-DENUNCIA-DEL-MUNICIPIO-DE-QUILMES-SE-DESBARATARON-BANDAS-QUE-COMERCIALIZABAN-CABLES-Y-METALES-ROBADOS-1.jpeg","_links":{"self":[{"href":"https:\/\/diarioprincipios.com\/index.php\/wp-json\/wp\/v2\/posts\/12600","targetHints":{"allow":["GET"]}}],"collection":[{"href":"https:\/\/diarioprincipios.com\/index.php\/wp-json\/wp\/v2\/posts"}],"about":[{"href":"https:\/\/diarioprincipios.com\/index.php\/wp-json\/wp\/v2\/types\/post"}],"author":[{"embeddable":true,"href":"https:\/\/diarioprincipios.com\/index.php\/wp-json\/wp\/v2\/users\/2"}],"replies":[{"embeddable":true,"href":"https:\/\/diarioprincipios.com\/index.php\/wp-json\/wp\/v2\/comments?post=12600"}],"version-history":[{"count":1,"href":"https:\/\/diarioprincipios.com\/index.php\/wp-json\/wp\/v2\/posts\/12600\/revisions"}],"predecessor-version":[{"id":12602,"href":"https:\/\/diarioprincipios.com\/index.php\/wp-json\/wp\/v2\/posts\/12600\/revisions\/12602"}],"wp:featuredmedia":[{"embeddable":true,"href":"https:\/\/diarioprincipios.com\/index.php\/wp-json\/wp\/v2\/media\/12601"}],"wp:attachment":[{"href":"https:\/\/diarioprincipios.com\/index.php\/wp-json\/wp\/v2\/media?parent=12600"}],"wp:term":[{"taxonomy":"category","embeddable":true,"href":"https:\/\/diarioprincipios.com\/index.php\/wp-json\/wp\/v2\/categories?post=12600"},{"taxonomy":"post_tag","embeddable":true,"href":"https:\/\/diarioprincipios.com\/index.php\/wp-json\/wp\/v2\/tags?post=12600"}],"curies":[{"name":"wp","href":"https:\/\/api.w.org\/{rel}","templated":true}]}}