{"id":12584,"date":"2022-02-17T22:16:35","date_gmt":"2022-02-18T01:16:35","guid":{"rendered":"http:\/\/diarioprincipios.com\/?p=12584"},"modified":"2022-02-17T22:16:38","modified_gmt":"2022-02-18T01:16:38","slug":"mussi-y-sileoni-visitaron-la-obra-de-dos-nuevas-escuelas-en-el-pato","status":"publish","type":"post","link":"https:\/\/diarioprincipios.com\/index.php\/2022\/02\/17\/mussi-y-sileoni-visitaron-la-obra-de-dos-nuevas-escuelas-en-el-pato\/","title":{"rendered":"Mussi y Sileoni visitaron la obra de dos nuevas Escuelas en El Pato"},"content":{"rendered":"\n<p><strong>El director General de Cultura y Educaci\u00f3n de la Provincia de Buenos Aires, Alberto Sileoni; y el intendente Juan Jos\u00e9 Mussi recorrieron las obras de construcci\u00f3n de dos nuevas Escuelas en el barrio N\u00e9stor Kirchner de la localidad de El Pato (calle 531 y 633). Se trata de la Primaria y la Secundaria N\u00b0 57 que, financiadas por el Gobierno bonaerense, se est\u00e1n edificando en terrenos que fueron cedidos por el Municipio y beneficiar\u00e1n a m\u00e1s de 300 ni\u00f1os, ni\u00f1as y adolescentes de la zona.<\/strong><\/p>\n\n\n\n<p>En la recorrida, Mussi expres\u00f3: \u201cEsta obra fue iniciada por la necesidad que ten\u00edan los vecinos de disponer de dos Escuelas en este barrio donde hay 740 viviendas. Para asistir a otro establecimiento, los chicos y chicas tienen que cruzar la autopista. Sin embargo, las Escuelas de la zona ya no cuentan con el cupo necesario. Para comenzar con esta obra tuvimos respuesta por parte del Gobierno provincial y hoy contamos con la visita de un compa\u00f1ero, Alberto Sileoni, quien para m\u00ed es una de las personas m\u00e1s comprometidas con la educaci\u00f3n\u201d.<\/p>\n\n\n\n<p>Asimismo, agreg\u00f3: \u201cEn Berazategui la educaci\u00f3n siempre fue una prioridad porque entendemos que es algo que no puede esperar. Es un impulso muy grande el que se le dio a la educaci\u00f3n en Berazategui y ahora sabemos que contamos con un Director General que nos va a dar una mano en todo, que tiene experiencia y comparte el concepto de la educaci\u00f3n p\u00fablica, gratuita e igualitaria\u201d.<\/p>\n\n\n\n<p>En su nueva visita al distrito y a la localidad de El Pato, Sileoni afirm\u00f3: \u201cHace mucho que quer\u00eda volver a Berazategui. Hoy vinimos a ver obras en dos Escuelas, una Primaria y una Secundaria, en una barriada que crece incesantemente. Ac\u00e1 se ve la continuidad, la persistencia virtuosa de las pol\u00edticas p\u00fablicas y un sentido muy fuerte que tiene que ver con el bien com\u00fan. Estuvimos con inspectores, directores, maestras y funcionarios municipales\u201d.<\/p>\n\n\n\n<p>Y sum\u00f3: \u201cHoy vemos c\u00f3mo crecen dos Escuelas cuya construcci\u00f3n terminar\u00e1 para principios de mayo. Nos vamos muy contentos y con la mejor impresi\u00f3n. Esta es una de miles de obras que se est\u00e1n llevando a cabo. El Gobernador de la provincia de Buenos Aires ha puesto como prioridad la infraestructura. Es la obligaci\u00f3n del Estado darles a los ni\u00f1os y a los educadores la dignidad que merecen en un ambiente austero de dignidad y alegr\u00eda\u201d, asegur\u00f3.<\/p>\n\n\n\n<p>Adem\u00e1s, participaron en la recorrida, la secretaria de Desarrollo Social y Comunitario local, Mar\u00eda Laura Lacava; la titular de la Secretar\u00eda Privada, Mar\u00eda Del Carmen Flores; el secretario de Cultura y Educaci\u00f3n, Federico L\u00f3pez; el subsecretario de Obras P\u00fablicas, Cristian Ribeyrol; el arquitecto de la Secretar\u00eda de Obras P\u00fablicas, Alejandro Qui\u00f1ones; e integrantes del Honorable Consejo Escolar.<\/p>\n","protected":false},"excerpt":{"rendered":"<p>El director General de Cultura y Educaci\u00f3n de la Provincia de Buenos Aires, Alberto Sileoni; y el intendente Juan Jos\u00e9 Mussi recorrieron las obras de construcci\u00f3n de dos nuevas Escuelas en el barrio N\u00e9stor Kirchner de la localidad de El Pato (calle 531 y 633). Se trata de la Primaria y la Secundaria N\u00b0 57&#8230;<\/p>\n","protected":false},"author":2,"featured_media":12585,"comment_status":"open","ping_status":"open","sticky":false,"template":"","format":"standard","meta":{"footnotes":""},"categories":[3],"tags":[],"class_list":["post-12584","post","type-post","status-publish","format-standard","has-post-thumbnail","hentry","category-berazategui"],"featured_image_src":"https:\/\/diarioprincipios.com\/wp-content\/uploads\/2022\/02\/MUSSI-Y-SILEONI-VISITARON-LA-OBRA-DE-DOS-NUEVAS-ESCUELAS-EN-EL-PATO-2-1024x683.jpg","blog_images":{"medium":"https:\/\/diarioprincipios.com\/wp-content\/uploads\/2022\/02\/MUSSI-Y-SILEONI-VISITARON-LA-OBRA-DE-DOS-NUEVAS-ESCUELAS-EN-EL-PATO-2-300x200.jpg","large":"https:\/\/diarioprincipios.com\/wp-content\/uploads\/2022\/02\/MUSSI-Y-SILEONI-VISITARON-LA-OBRA-DE-DOS-NUEVAS-ESCUELAS-EN-EL-PATO-2-1024x683.jpg"},"ams_acf":[],"yoast_head":"<!-- This site is optimized with the Yoast SEO plugin v27.3 - https:\/\/yoast.com\/product\/yoast-seo-wordpress\/ -->\n<title>Mussi y Sileoni visitaron la obra de dos nuevas Escuelas en El Pato - Principios<\/title>\n<meta name=\"robots\" content=\"index, follow, max-snippet:-1, max-image-preview:large, max-video-preview:-1\" \/>\n<link rel=\"canonical\" href=\"https:\/\/diarioprincipios.com\/index.php\/2022\/02\/17\/mussi-y-sileoni-visitaron-la-obra-de-dos-nuevas-escuelas-en-el-pato\/\" \/>\n<meta property=\"og:locale\" content=\"es_ES\" \/>\n<meta property=\"og:type\" content=\"article\" \/>\n<meta property=\"og:title\" content=\"Mussi y Sileoni visitaron la obra de dos nuevas Escuelas en El Pato - Principios\" \/>\n<meta property=\"og:description\" content=\"El director General de Cultura y Educaci\u00f3n de la Provincia de Buenos Aires, Alberto Sileoni; y el intendente Juan Jos\u00e9 Mussi recorrieron las obras de construcci\u00f3n de dos nuevas Escuelas en el barrio N\u00e9stor Kirchner de la localidad de El Pato (calle 531 y 633). Se trata de la Primaria y la Secundaria N\u00b0 57...\" \/>\n<meta property=\"og:url\" content=\"https:\/\/diarioprincipios.com\/index.php\/2022\/02\/17\/mussi-y-sileoni-visitaron-la-obra-de-dos-nuevas-escuelas-en-el-pato\/\" \/>\n<meta property=\"og:site_name\" content=\"Principios\" \/>\n<meta property=\"article:published_time\" content=\"2022-02-18T01:16:35+00:00\" \/>\n<meta property=\"article:modified_time\" content=\"2022-02-18T01:16:38+00:00\" \/>\n<meta property=\"og:image\" content=\"https:\/\/diarioprincipios.com\/wp-content\/uploads\/2022\/02\/MUSSI-Y-SILEONI-VISITARON-LA-OBRA-DE-DOS-NUEVAS-ESCUELAS-EN-EL-PATO-2.jpg\" \/>\n\t<meta property=\"og:image:width\" content=\"1920\" \/>\n\t<meta property=\"og:image:height\" content=\"1280\" \/>\n\t<meta property=\"og:image:type\" content=\"image\/jpeg\" \/>\n<meta name=\"author\" content=\"Hern\u00e1n L\u00f3pez\" \/>\n<meta name=\"twitter:card\" content=\"summary_large_image\" \/>\n<meta name=\"twitter:label1\" content=\"Escrito por\" \/>\n\t<meta name=\"twitter:data1\" content=\"Hern\u00e1n L\u00f3pez\" \/>\n\t<meta name=\"twitter:label2\" content=\"Tiempo de lectura\" \/>\n\t<meta name=\"twitter:data2\" content=\"3 minutos\" \/>\n<script type=\"application\/ld+json\" class=\"yoast-schema-graph\">{\"@context\":\"https:\\\/\\\/schema.org\",\"@graph\":[{\"@type\":\"Article\",\"@id\":\"https:\\\/\\\/diarioprincipios.com\\\/index.php\\\/2022\\\/02\\\/17\\\/mussi-y-sileoni-visitaron-la-obra-de-dos-nuevas-escuelas-en-el-pato\\\/#article\",\"isPartOf\":{\"@id\":\"https:\\\/\\\/diarioprincipios.com\\\/index.php\\\/2022\\\/02\\\/17\\\/mussi-y-sileoni-visitaron-la-obra-de-dos-nuevas-escuelas-en-el-pato\\\/\"},\"author\":{\"name\":\"Hern\u00e1n L\u00f3pez\",\"@id\":\"https:\\\/\\\/diarioprincipios.com\\\/#\\\/schema\\\/person\\\/436d5a1fd41a5e250e23ff5a6a7cb080\"},\"headline\":\"Mussi y Sileoni visitaron la obra de dos nuevas Escuelas en El Pato\",\"datePublished\":\"2022-02-18T01:16:35+00:00\",\"dateModified\":\"2022-02-18T01:16:38+00:00\",\"mainEntityOfPage\":{\"@id\":\"https:\\\/\\\/diarioprincipios.com\\\/index.php\\\/2022\\\/02\\\/17\\\/mussi-y-sileoni-visitaron-la-obra-de-dos-nuevas-escuelas-en-el-pato\\\/\"},\"wordCount\":496,\"commentCount\":0,\"publisher\":{\"@id\":\"https:\\\/\\\/diarioprincipios.com\\\/#organization\"},\"image\":{\"@id\":\"https:\\\/\\\/diarioprincipios.com\\\/index.php\\\/2022\\\/02\\\/17\\\/mussi-y-sileoni-visitaron-la-obra-de-dos-nuevas-escuelas-en-el-pato\\\/#primaryimage\"},\"thumbnailUrl\":\"https:\\\/\\\/diarioprincipios.com\\\/wp-content\\\/uploads\\\/2022\\\/02\\\/MUSSI-Y-SILEONI-VISITARON-LA-OBRA-DE-DOS-NUEVAS-ESCUELAS-EN-EL-PATO-2.jpg\",\"articleSection\":[\"Berazategui\"],\"inLanguage\":\"es\",\"potentialAction\":[{\"@type\":\"CommentAction\",\"name\":\"Comment\",\"target\":[\"https:\\\/\\\/diarioprincipios.com\\\/index.php\\\/2022\\\/02\\\/17\\\/mussi-y-sileoni-visitaron-la-obra-de-dos-nuevas-escuelas-en-el-pato\\\/#respond\"]}]},{\"@type\":\"WebPage\",\"@id\":\"https:\\\/\\\/diarioprincipios.com\\\/index.php\\\/2022\\\/02\\\/17\\\/mussi-y-sileoni-visitaron-la-obra-de-dos-nuevas-escuelas-en-el-pato\\\/\",\"url\":\"https:\\\/\\\/diarioprincipios.com\\\/index.php\\\/2022\\\/02\\\/17\\\/mussi-y-sileoni-visitaron-la-obra-de-dos-nuevas-escuelas-en-el-pato\\\/\",\"name\":\"Mussi y Sileoni visitaron la obra de dos nuevas Escuelas en El Pato - Principios\",\"isPartOf\":{\"@id\":\"https:\\\/\\\/diarioprincipios.com\\\/#website\"},\"primaryImageOfPage\":{\"@id\":\"https:\\\/\\\/diarioprincipios.com\\\/index.php\\\/2022\\\/02\\\/17\\\/mussi-y-sileoni-visitaron-la-obra-de-dos-nuevas-escuelas-en-el-pato\\\/#primaryimage\"},\"image\":{\"@id\":\"https:\\\/\\\/diarioprincipios.com\\\/index.php\\\/2022\\\/02\\\/17\\\/mussi-y-sileoni-visitaron-la-obra-de-dos-nuevas-escuelas-en-el-pato\\\/#primaryimage\"},\"thumbnailUrl\":\"https:\\\/\\\/diarioprincipios.com\\\/wp-content\\\/uploads\\\/2022\\\/02\\\/MUSSI-Y-SILEONI-VISITARON-LA-OBRA-DE-DOS-NUEVAS-ESCUELAS-EN-EL-PATO-2.jpg\",\"datePublished\":\"2022-02-18T01:16:35+00:00\",\"dateModified\":\"2022-02-18T01:16:38+00:00\",\"breadcrumb\":{\"@id\":\"https:\\\/\\\/diarioprincipios.com\\\/index.php\\\/2022\\\/02\\\/17\\\/mussi-y-sileoni-visitaron-la-obra-de-dos-nuevas-escuelas-en-el-pato\\\/#breadcrumb\"},\"inLanguage\":\"es\",\"potentialAction\":[{\"@type\":\"ReadAction\",\"target\":[\"https:\\\/\\\/diarioprincipios.com\\\/index.php\\\/2022\\\/02\\\/17\\\/mussi-y-sileoni-visitaron-la-obra-de-dos-nuevas-escuelas-en-el-pato\\\/\"]}]},{\"@type\":\"ImageObject\",\"inLanguage\":\"es\",\"@id\":\"https:\\\/\\\/diarioprincipios.com\\\/index.php\\\/2022\\\/02\\\/17\\\/mussi-y-sileoni-visitaron-la-obra-de-dos-nuevas-escuelas-en-el-pato\\\/#primaryimage\",\"url\":\"https:\\\/\\\/diarioprincipios.com\\\/wp-content\\\/uploads\\\/2022\\\/02\\\/MUSSI-Y-SILEONI-VISITARON-LA-OBRA-DE-DOS-NUEVAS-ESCUELAS-EN-EL-PATO-2.jpg\",\"contentUrl\":\"https:\\\/\\\/diarioprincipios.com\\\/wp-content\\\/uploads\\\/2022\\\/02\\\/MUSSI-Y-SILEONI-VISITARON-LA-OBRA-DE-DOS-NUEVAS-ESCUELAS-EN-EL-PATO-2.jpg\",\"width\":1920,\"height\":1280},{\"@type\":\"BreadcrumbList\",\"@id\":\"https:\\\/\\\/diarioprincipios.com\\\/index.php\\\/2022\\\/02\\\/17\\\/mussi-y-sileoni-visitaron-la-obra-de-dos-nuevas-escuelas-en-el-pato\\\/#breadcrumb\",\"itemListElement\":[{\"@type\":\"ListItem\",\"position\":1,\"name\":\"Portada\",\"item\":\"https:\\\/\\\/diarioprincipios.com\\\/\"},{\"@type\":\"ListItem\",\"position\":2,\"name\":\"Mussi y Sileoni visitaron la obra de dos nuevas Escuelas en El Pato\"}]},{\"@type\":\"WebSite\",\"@id\":\"https:\\\/\\\/diarioprincipios.com\\\/#website\",\"url\":\"https:\\\/\\\/diarioprincipios.com\\\/\",\"name\":\"Principios\",\"description\":\"Principios Diario\",\"publisher\":{\"@id\":\"https:\\\/\\\/diarioprincipios.com\\\/#organization\"},\"potentialAction\":[{\"@type\":\"SearchAction\",\"target\":{\"@type\":\"EntryPoint\",\"urlTemplate\":\"https:\\\/\\\/diarioprincipios.com\\\/?s={search_term_string}\"},\"query-input\":{\"@type\":\"PropertyValueSpecification\",\"valueRequired\":true,\"valueName\":\"search_term_string\"}}],\"inLanguage\":\"es\"},{\"@type\":\"Organization\",\"@id\":\"https:\\\/\\\/diarioprincipios.com\\\/#organization\",\"name\":\"Principios\",\"url\":\"https:\\\/\\\/diarioprincipios.com\\\/\",\"logo\":{\"@type\":\"ImageObject\",\"inLanguage\":\"es\",\"@id\":\"https:\\\/\\\/diarioprincipios.com\\\/#\\\/schema\\\/logo\\\/image\\\/\",\"url\":\"https:\\\/\\\/diarioprincipios.com\\\/wp-content\\\/uploads\\\/2024\\\/04\\\/cropped-www.diarioprincipios.com_-1.png\",\"contentUrl\":\"https:\\\/\\\/diarioprincipios.com\\\/wp-content\\\/uploads\\\/2024\\\/04\\\/cropped-www.diarioprincipios.com_-1.png\",\"width\":5325,\"height\":1454,\"caption\":\"Principios\"},\"image\":{\"@id\":\"https:\\\/\\\/diarioprincipios.com\\\/#\\\/schema\\\/logo\\\/image\\\/\"}},{\"@type\":\"Person\",\"@id\":\"https:\\\/\\\/diarioprincipios.com\\\/#\\\/schema\\\/person\\\/436d5a1fd41a5e250e23ff5a6a7cb080\",\"name\":\"Hern\u00e1n L\u00f3pez\",\"image\":{\"@type\":\"ImageObject\",\"inLanguage\":\"es\",\"@id\":\"https:\\\/\\\/diarioprincipios.com\\\/wp-content\\\/litespeed\\\/avatar\\\/11ddfe5610ff3bd100522525b2571f48.jpg?ver=1777653193\",\"url\":\"https:\\\/\\\/diarioprincipios.com\\\/wp-content\\\/litespeed\\\/avatar\\\/11ddfe5610ff3bd100522525b2571f48.jpg?ver=1777653193\",\"contentUrl\":\"https:\\\/\\\/diarioprincipios.com\\\/wp-content\\\/litespeed\\\/avatar\\\/11ddfe5610ff3bd100522525b2571f48.jpg?ver=1777653193\",\"caption\":\"Hern\u00e1n L\u00f3pez\"},\"url\":\"https:\\\/\\\/diarioprincipios.com\\\/index.php\\\/author\\\/hernan\\\/\"}]}<\/script>\n<!-- \/ Yoast SEO plugin. -->","yoast_head_json":{"title":"Mussi y Sileoni visitaron la obra de dos nuevas Escuelas en El Pato - Principios","robots":{"index":"index","follow":"follow","max-snippet":"max-snippet:-1","max-image-preview":"max-image-preview:large","max-video-preview":"max-video-preview:-1"},"canonical":"https:\/\/diarioprincipios.com\/index.php\/2022\/02\/17\/mussi-y-sileoni-visitaron-la-obra-de-dos-nuevas-escuelas-en-el-pato\/","og_locale":"es_ES","og_type":"article","og_title":"Mussi y Sileoni visitaron la obra de dos nuevas Escuelas en El Pato - Principios","og_description":"El director General de Cultura y Educaci\u00f3n de la Provincia de Buenos Aires, Alberto Sileoni; y el intendente Juan Jos\u00e9 Mussi recorrieron las obras de construcci\u00f3n de dos nuevas Escuelas en el barrio N\u00e9stor Kirchner de la localidad de El Pato (calle 531 y 633). Se trata de la Primaria y la Secundaria N\u00b0 57...","og_url":"https:\/\/diarioprincipios.com\/index.php\/2022\/02\/17\/mussi-y-sileoni-visitaron-la-obra-de-dos-nuevas-escuelas-en-el-pato\/","og_site_name":"Principios","article_published_time":"2022-02-18T01:16:35+00:00","article_modified_time":"2022-02-18T01:16:38+00:00","og_image":[{"width":1920,"height":1280,"url":"https:\/\/diarioprincipios.com\/wp-content\/uploads\/2022\/02\/MUSSI-Y-SILEONI-VISITARON-LA-OBRA-DE-DOS-NUEVAS-ESCUELAS-EN-EL-PATO-2.jpg","type":"image\/jpeg"}],"author":"Hern\u00e1n L\u00f3pez","twitter_card":"summary_large_image","twitter_misc":{"Escrito por":"Hern\u00e1n L\u00f3pez","Tiempo de lectura":"3 minutos"},"schema":{"@context":"https:\/\/schema.org","@graph":[{"@type":"Article","@id":"https:\/\/diarioprincipios.com\/index.php\/2022\/02\/17\/mussi-y-sileoni-visitaron-la-obra-de-dos-nuevas-escuelas-en-el-pato\/#article","isPartOf":{"@id":"https:\/\/diarioprincipios.com\/index.php\/2022\/02\/17\/mussi-y-sileoni-visitaron-la-obra-de-dos-nuevas-escuelas-en-el-pato\/"},"author":{"name":"Hern\u00e1n L\u00f3pez","@id":"https:\/\/diarioprincipios.com\/#\/schema\/person\/436d5a1fd41a5e250e23ff5a6a7cb080"},"headline":"Mussi y Sileoni visitaron la obra de dos nuevas Escuelas en El Pato","datePublished":"2022-02-18T01:16:35+00:00","dateModified":"2022-02-18T01:16:38+00:00","mainEntityOfPage":{"@id":"https:\/\/diarioprincipios.com\/index.php\/2022\/02\/17\/mussi-y-sileoni-visitaron-la-obra-de-dos-nuevas-escuelas-en-el-pato\/"},"wordCount":496,"commentCount":0,"publisher":{"@id":"https:\/\/diarioprincipios.com\/#organization"},"image":{"@id":"https:\/\/diarioprincipios.com\/index.php\/2022\/02\/17\/mussi-y-sileoni-visitaron-la-obra-de-dos-nuevas-escuelas-en-el-pato\/#primaryimage"},"thumbnailUrl":"https:\/\/diarioprincipios.com\/wp-content\/uploads\/2022\/02\/MUSSI-Y-SILEONI-VISITARON-LA-OBRA-DE-DOS-NUEVAS-ESCUELAS-EN-EL-PATO-2.jpg","articleSection":["Berazategui"],"inLanguage":"es","potentialAction":[{"@type":"CommentAction","name":"Comment","target":["https:\/\/diarioprincipios.com\/index.php\/2022\/02\/17\/mussi-y-sileoni-visitaron-la-obra-de-dos-nuevas-escuelas-en-el-pato\/#respond"]}]},{"@type":"WebPage","@id":"https:\/\/diarioprincipios.com\/index.php\/2022\/02\/17\/mussi-y-sileoni-visitaron-la-obra-de-dos-nuevas-escuelas-en-el-pato\/","url":"https:\/\/diarioprincipios.com\/index.php\/2022\/02\/17\/mussi-y-sileoni-visitaron-la-obra-de-dos-nuevas-escuelas-en-el-pato\/","name":"Mussi y Sileoni visitaron la obra de dos nuevas Escuelas en El Pato - Principios","isPartOf":{"@id":"https:\/\/diarioprincipios.com\/#website"},"primaryImageOfPage":{"@id":"https:\/\/diarioprincipios.com\/index.php\/2022\/02\/17\/mussi-y-sileoni-visitaron-la-obra-de-dos-nuevas-escuelas-en-el-pato\/#primaryimage"},"image":{"@id":"https:\/\/diarioprincipios.com\/index.php\/2022\/02\/17\/mussi-y-sileoni-visitaron-la-obra-de-dos-nuevas-escuelas-en-el-pato\/#primaryimage"},"thumbnailUrl":"https:\/\/diarioprincipios.com\/wp-content\/uploads\/2022\/02\/MUSSI-Y-SILEONI-VISITARON-LA-OBRA-DE-DOS-NUEVAS-ESCUELAS-EN-EL-PATO-2.jpg","datePublished":"2022-02-18T01:16:35+00:00","dateModified":"2022-02-18T01:16:38+00:00","breadcrumb":{"@id":"https:\/\/diarioprincipios.com\/index.php\/2022\/02\/17\/mussi-y-sileoni-visitaron-la-obra-de-dos-nuevas-escuelas-en-el-pato\/#breadcrumb"},"inLanguage":"es","potentialAction":[{"@type":"ReadAction","target":["https:\/\/diarioprincipios.com\/index.php\/2022\/02\/17\/mussi-y-sileoni-visitaron-la-obra-de-dos-nuevas-escuelas-en-el-pato\/"]}]},{"@type":"ImageObject","inLanguage":"es","@id":"https:\/\/diarioprincipios.com\/index.php\/2022\/02\/17\/mussi-y-sileoni-visitaron-la-obra-de-dos-nuevas-escuelas-en-el-pato\/#primaryimage","url":"https:\/\/diarioprincipios.com\/wp-content\/uploads\/2022\/02\/MUSSI-Y-SILEONI-VISITARON-LA-OBRA-DE-DOS-NUEVAS-ESCUELAS-EN-EL-PATO-2.jpg","contentUrl":"https:\/\/diarioprincipios.com\/wp-content\/uploads\/2022\/02\/MUSSI-Y-SILEONI-VISITARON-LA-OBRA-DE-DOS-NUEVAS-ESCUELAS-EN-EL-PATO-2.jpg","width":1920,"height":1280},{"@type":"BreadcrumbList","@id":"https:\/\/diarioprincipios.com\/index.php\/2022\/02\/17\/mussi-y-sileoni-visitaron-la-obra-de-dos-nuevas-escuelas-en-el-pato\/#breadcrumb","itemListElement":[{"@type":"ListItem","position":1,"name":"Portada","item":"https:\/\/diarioprincipios.com\/"},{"@type":"ListItem","position":2,"name":"Mussi y Sileoni visitaron la obra de dos nuevas Escuelas en El Pato"}]},{"@type":"WebSite","@id":"https:\/\/diarioprincipios.com\/#website","url":"https:\/\/diarioprincipios.com\/","name":"Principios","description":"Principios Diario","publisher":{"@id":"https:\/\/diarioprincipios.com\/#organization"},"potentialAction":[{"@type":"SearchAction","target":{"@type":"EntryPoint","urlTemplate":"https:\/\/diarioprincipios.com\/?s={search_term_string}"},"query-input":{"@type":"PropertyValueSpecification","valueRequired":true,"valueName":"search_term_string"}}],"inLanguage":"es"},{"@type":"Organization","@id":"https:\/\/diarioprincipios.com\/#organization","name":"Principios","url":"https:\/\/diarioprincipios.com\/","logo":{"@type":"ImageObject","inLanguage":"es","@id":"https:\/\/diarioprincipios.com\/#\/schema\/logo\/image\/","url":"https:\/\/diarioprincipios.com\/wp-content\/uploads\/2024\/04\/cropped-www.diarioprincipios.com_-1.png","contentUrl":"https:\/\/diarioprincipios.com\/wp-content\/uploads\/2024\/04\/cropped-www.diarioprincipios.com_-1.png","width":5325,"height":1454,"caption":"Principios"},"image":{"@id":"https:\/\/diarioprincipios.com\/#\/schema\/logo\/image\/"}},{"@type":"Person","@id":"https:\/\/diarioprincipios.com\/#\/schema\/person\/436d5a1fd41a5e250e23ff5a6a7cb080","name":"Hern\u00e1n L\u00f3pez","image":{"@type":"ImageObject","inLanguage":"es","@id":"https:\/\/diarioprincipios.com\/wp-content\/litespeed\/avatar\/11ddfe5610ff3bd100522525b2571f48.jpg?ver=1777653193","url":"https:\/\/diarioprincipios.com\/wp-content\/litespeed\/avatar\/11ddfe5610ff3bd100522525b2571f48.jpg?ver=1777653193","contentUrl":"https:\/\/diarioprincipios.com\/wp-content\/litespeed\/avatar\/11ddfe5610ff3bd100522525b2571f48.jpg?ver=1777653193","caption":"Hern\u00e1n L\u00f3pez"},"url":"https:\/\/diarioprincipios.com\/index.php\/author\/hernan\/"}]}},"jetpack_featured_media_url":"https:\/\/diarioprincipios.com\/wp-content\/uploads\/2022\/02\/MUSSI-Y-SILEONI-VISITARON-LA-OBRA-DE-DOS-NUEVAS-ESCUELAS-EN-EL-PATO-2.jpg","_links":{"self":[{"href":"https:\/\/diarioprincipios.com\/index.php\/wp-json\/wp\/v2\/posts\/12584","targetHints":{"allow":["GET"]}}],"collection":[{"href":"https:\/\/diarioprincipios.com\/index.php\/wp-json\/wp\/v2\/posts"}],"about":[{"href":"https:\/\/diarioprincipios.com\/index.php\/wp-json\/wp\/v2\/types\/post"}],"author":[{"embeddable":true,"href":"https:\/\/diarioprincipios.com\/index.php\/wp-json\/wp\/v2\/users\/2"}],"replies":[{"embeddable":true,"href":"https:\/\/diarioprincipios.com\/index.php\/wp-json\/wp\/v2\/comments?post=12584"}],"version-history":[{"count":1,"href":"https:\/\/diarioprincipios.com\/index.php\/wp-json\/wp\/v2\/posts\/12584\/revisions"}],"predecessor-version":[{"id":12586,"href":"https:\/\/diarioprincipios.com\/index.php\/wp-json\/wp\/v2\/posts\/12584\/revisions\/12586"}],"wp:featuredmedia":[{"embeddable":true,"href":"https:\/\/diarioprincipios.com\/index.php\/wp-json\/wp\/v2\/media\/12585"}],"wp:attachment":[{"href":"https:\/\/diarioprincipios.com\/index.php\/wp-json\/wp\/v2\/media?parent=12584"}],"wp:term":[{"taxonomy":"category","embeddable":true,"href":"https:\/\/diarioprincipios.com\/index.php\/wp-json\/wp\/v2\/categories?post=12584"},{"taxonomy":"post_tag","embeddable":true,"href":"https:\/\/diarioprincipios.com\/index.php\/wp-json\/wp\/v2\/tags?post=12584"}],"curies":[{"name":"wp","href":"https:\/\/api.w.org\/{rel}","templated":true}]}}