{"id":12581,"date":"2022-02-17T22:05:40","date_gmt":"2022-02-18T01:05:40","guid":{"rendered":"http:\/\/diarioprincipios.com\/?p=12581"},"modified":"2022-02-17T22:05:42","modified_gmt":"2022-02-18T01:05:42","slug":"mussi-visito-los-trabajos-de-reconstruccion-del-jardin-906","status":"publish","type":"post","link":"https:\/\/diarioprincipios.com\/index.php\/2022\/02\/17\/mussi-visito-los-trabajos-de-reconstruccion-del-jardin-906\/","title":{"rendered":"Mussi visit\u00f3 los trabajos de reconstrucci\u00f3n del Jard\u00edn 906"},"content":{"rendered":"\n<p><strong>En una activa jornada de trabajo, el intendente de Berazategui, Juan Jos\u00e9 Mussi, visit\u00f3 las obras del Jard\u00edn de Infantes N\u00b0 906 \u201cMafalda\u201d, de Villa Mitre, ubicado en calle 27 entre 159 A y 160. Su reconstrucci\u00f3n ya avanz\u00f3 en un 85% y contempla la creaci\u00f3n de tres aulas, un sector administrativo, un Sal\u00f3n de Usos M\u00faltiples (SUM), un fondo con patio, ba\u00f1os, una sala pedag\u00f3gica y una cocina.<\/strong><\/p>\n\n\n\n<p>Junto a funcionarios municipales y escolares, el Intendente recorri\u00f3 el establecimiento y dialog\u00f3 con quienes llevaron adelante esta intervenci\u00f3n, realizada a trav\u00e9s del Fondo Educativo Municipal.<\/p>\n\n\n\n<p>\u201cSe est\u00e1 llevando a cabo la reposici\u00f3n completa del Jard\u00edn N\u00b0 906 y vinimos a visitar los trabajos. Se trata de una obra sumamente necesaria, que ya est\u00e1 en un 85% de su etapa y que seguramente va a estar terminada en los pr\u00f3ximos meses, as\u00ed que una enorme alegr\u00eda\u201d, coment\u00f3 durante la recorrida el secretario de Cultura y Educaci\u00f3n de la Municipalidad, Federico L\u00f3pez. Y destac\u00f3 que \u201cla educaci\u00f3n sigue siendo una prioridad en la inversi\u00f3n p\u00fablica\u201d.<\/p>\n\n\n\n<p>Seg\u00fan explic\u00f3 el presidente del Consejo Escolar de Berazategui, Fernando Cardozo, las condiciones del edificio donde funcionaba la instituci\u00f3n requer\u00edan de su total reconstrucci\u00f3n. \u201cSe trata de una obra muy importante para Villa Mitre, que consiste en hacer a nuevo el Jard\u00edn N\u00b0 906, algo que se necesitaba. A partir de estos trabajos vamos a estar llegando a 180 alumnos que concurren a este establecimiento y la verdad que es un gusto poder recorrer estas obras y saber que seguimos creciendo\u00bb, expres\u00f3 el Titular del Consejo Escolar.<\/p>\n\n\n\n<p>Tambi\u00e9n participaron de la recorrida: la secretaria de Desarrollo Social y Comunitario, Mar\u00eda Laura Lacava; la concejal y referente del barrio Villa Mitre, Jennifer Noro; y el arquitecto de la Secretar\u00eda de Obras P\u00fablicas, Alejandro Qui\u00f1ones.<\/p>\n","protected":false},"excerpt":{"rendered":"<p>En una activa jornada de trabajo, el intendente de Berazategui, Juan Jos\u00e9 Mussi, visit\u00f3 las obras del Jard\u00edn de Infantes N\u00b0 906 \u201cMafalda\u201d, de Villa Mitre, ubicado en calle 27 entre 159 A y 160. Su reconstrucci\u00f3n ya avanz\u00f3 en un 85% y contempla la creaci\u00f3n de tres aulas, un sector administrativo, un Sal\u00f3n de&#8230;<\/p>\n","protected":false},"author":2,"featured_media":12582,"comment_status":"open","ping_status":"open","sticky":false,"template":"","format":"standard","meta":{"footnotes":""},"categories":[3],"tags":[],"class_list":["post-12581","post","type-post","status-publish","format-standard","has-post-thumbnail","hentry","category-berazategui"],"featured_image_src":"https:\/\/diarioprincipios.com\/wp-content\/uploads\/2022\/02\/MUSSI-VISITO-LOS-TRABAJOS-DE-RECONSTRUCCION-DEL-JARDIN-N\u00b0-906-3-1024x683.jpg","blog_images":{"medium":"https:\/\/diarioprincipios.com\/wp-content\/uploads\/2022\/02\/MUSSI-VISITO-LOS-TRABAJOS-DE-RECONSTRUCCION-DEL-JARDIN-N\u00b0-906-3-300x200.jpg","large":"https:\/\/diarioprincipios.com\/wp-content\/uploads\/2022\/02\/MUSSI-VISITO-LOS-TRABAJOS-DE-RECONSTRUCCION-DEL-JARDIN-N\u00b0-906-3-1024x683.jpg"},"ams_acf":[],"yoast_head":"<!-- This site is optimized with the Yoast SEO plugin v27.3 - https:\/\/yoast.com\/product\/yoast-seo-wordpress\/ -->\n<title>Mussi visit\u00f3 los trabajos de reconstrucci\u00f3n del Jard\u00edn 906 - Principios<\/title>\n<meta name=\"robots\" content=\"index, follow, max-snippet:-1, max-image-preview:large, max-video-preview:-1\" \/>\n<link rel=\"canonical\" href=\"https:\/\/diarioprincipios.com\/index.php\/2022\/02\/17\/mussi-visito-los-trabajos-de-reconstruccion-del-jardin-906\/\" \/>\n<meta property=\"og:locale\" content=\"es_ES\" \/>\n<meta property=\"og:type\" content=\"article\" \/>\n<meta property=\"og:title\" content=\"Mussi visit\u00f3 los trabajos de reconstrucci\u00f3n del Jard\u00edn 906 - Principios\" \/>\n<meta property=\"og:description\" content=\"En una activa jornada de trabajo, el intendente de Berazategui, Juan Jos\u00e9 Mussi, visit\u00f3 las obras del Jard\u00edn de Infantes N\u00b0 906 \u201cMafalda\u201d, de Villa Mitre, ubicado en calle 27 entre 159 A y 160. Su reconstrucci\u00f3n ya avanz\u00f3 en un 85% y contempla la creaci\u00f3n de tres aulas, un sector administrativo, un Sal\u00f3n de...\" \/>\n<meta property=\"og:url\" content=\"https:\/\/diarioprincipios.com\/index.php\/2022\/02\/17\/mussi-visito-los-trabajos-de-reconstruccion-del-jardin-906\/\" \/>\n<meta property=\"og:site_name\" content=\"Principios\" \/>\n<meta property=\"article:published_time\" content=\"2022-02-18T01:05:40+00:00\" \/>\n<meta property=\"article:modified_time\" content=\"2022-02-18T01:05:42+00:00\" \/>\n<meta property=\"og:image\" content=\"https:\/\/diarioprincipios.com\/wp-content\/uploads\/2022\/02\/MUSSI-VISITO-LOS-TRABAJOS-DE-RECONSTRUCCION-DEL-JARDIN-N\u00b0-906-3.jpg\" \/>\n\t<meta property=\"og:image:width\" content=\"1920\" \/>\n\t<meta property=\"og:image:height\" content=\"1280\" \/>\n\t<meta property=\"og:image:type\" content=\"image\/jpeg\" \/>\n<meta name=\"author\" content=\"Hern\u00e1n L\u00f3pez\" \/>\n<meta name=\"twitter:card\" content=\"summary_large_image\" \/>\n<meta name=\"twitter:label1\" content=\"Escrito por\" \/>\n\t<meta name=\"twitter:data1\" content=\"Hern\u00e1n L\u00f3pez\" \/>\n\t<meta name=\"twitter:label2\" content=\"Tiempo de lectura\" \/>\n\t<meta name=\"twitter:data2\" content=\"2 minutos\" \/>\n<script type=\"application\/ld+json\" class=\"yoast-schema-graph\">{\"@context\":\"https:\\\/\\\/schema.org\",\"@graph\":[{\"@type\":\"Article\",\"@id\":\"https:\\\/\\\/diarioprincipios.com\\\/index.php\\\/2022\\\/02\\\/17\\\/mussi-visito-los-trabajos-de-reconstruccion-del-jardin-906\\\/#article\",\"isPartOf\":{\"@id\":\"https:\\\/\\\/diarioprincipios.com\\\/index.php\\\/2022\\\/02\\\/17\\\/mussi-visito-los-trabajos-de-reconstruccion-del-jardin-906\\\/\"},\"author\":{\"name\":\"Hern\u00e1n L\u00f3pez\",\"@id\":\"https:\\\/\\\/diarioprincipios.com\\\/#\\\/schema\\\/person\\\/436d5a1fd41a5e250e23ff5a6a7cb080\"},\"headline\":\"Mussi visit\u00f3 los trabajos de reconstrucci\u00f3n del Jard\u00edn 906\",\"datePublished\":\"2022-02-18T01:05:40+00:00\",\"dateModified\":\"2022-02-18T01:05:42+00:00\",\"mainEntityOfPage\":{\"@id\":\"https:\\\/\\\/diarioprincipios.com\\\/index.php\\\/2022\\\/02\\\/17\\\/mussi-visito-los-trabajos-de-reconstruccion-del-jardin-906\\\/\"},\"wordCount\":325,\"commentCount\":0,\"publisher\":{\"@id\":\"https:\\\/\\\/diarioprincipios.com\\\/#organization\"},\"image\":{\"@id\":\"https:\\\/\\\/diarioprincipios.com\\\/index.php\\\/2022\\\/02\\\/17\\\/mussi-visito-los-trabajos-de-reconstruccion-del-jardin-906\\\/#primaryimage\"},\"thumbnailUrl\":\"https:\\\/\\\/diarioprincipios.com\\\/wp-content\\\/uploads\\\/2022\\\/02\\\/MUSSI-VISITO-LOS-TRABAJOS-DE-RECONSTRUCCION-DEL-JARDIN-N\u00b0-906-3.jpg\",\"articleSection\":[\"Berazategui\"],\"inLanguage\":\"es\",\"potentialAction\":[{\"@type\":\"CommentAction\",\"name\":\"Comment\",\"target\":[\"https:\\\/\\\/diarioprincipios.com\\\/index.php\\\/2022\\\/02\\\/17\\\/mussi-visito-los-trabajos-de-reconstruccion-del-jardin-906\\\/#respond\"]}]},{\"@type\":\"WebPage\",\"@id\":\"https:\\\/\\\/diarioprincipios.com\\\/index.php\\\/2022\\\/02\\\/17\\\/mussi-visito-los-trabajos-de-reconstruccion-del-jardin-906\\\/\",\"url\":\"https:\\\/\\\/diarioprincipios.com\\\/index.php\\\/2022\\\/02\\\/17\\\/mussi-visito-los-trabajos-de-reconstruccion-del-jardin-906\\\/\",\"name\":\"Mussi visit\u00f3 los trabajos de reconstrucci\u00f3n del Jard\u00edn 906 - Principios\",\"isPartOf\":{\"@id\":\"https:\\\/\\\/diarioprincipios.com\\\/#website\"},\"primaryImageOfPage\":{\"@id\":\"https:\\\/\\\/diarioprincipios.com\\\/index.php\\\/2022\\\/02\\\/17\\\/mussi-visito-los-trabajos-de-reconstruccion-del-jardin-906\\\/#primaryimage\"},\"image\":{\"@id\":\"https:\\\/\\\/diarioprincipios.com\\\/index.php\\\/2022\\\/02\\\/17\\\/mussi-visito-los-trabajos-de-reconstruccion-del-jardin-906\\\/#primaryimage\"},\"thumbnailUrl\":\"https:\\\/\\\/diarioprincipios.com\\\/wp-content\\\/uploads\\\/2022\\\/02\\\/MUSSI-VISITO-LOS-TRABAJOS-DE-RECONSTRUCCION-DEL-JARDIN-N\u00b0-906-3.jpg\",\"datePublished\":\"2022-02-18T01:05:40+00:00\",\"dateModified\":\"2022-02-18T01:05:42+00:00\",\"breadcrumb\":{\"@id\":\"https:\\\/\\\/diarioprincipios.com\\\/index.php\\\/2022\\\/02\\\/17\\\/mussi-visito-los-trabajos-de-reconstruccion-del-jardin-906\\\/#breadcrumb\"},\"inLanguage\":\"es\",\"potentialAction\":[{\"@type\":\"ReadAction\",\"target\":[\"https:\\\/\\\/diarioprincipios.com\\\/index.php\\\/2022\\\/02\\\/17\\\/mussi-visito-los-trabajos-de-reconstruccion-del-jardin-906\\\/\"]}]},{\"@type\":\"ImageObject\",\"inLanguage\":\"es\",\"@id\":\"https:\\\/\\\/diarioprincipios.com\\\/index.php\\\/2022\\\/02\\\/17\\\/mussi-visito-los-trabajos-de-reconstruccion-del-jardin-906\\\/#primaryimage\",\"url\":\"https:\\\/\\\/diarioprincipios.com\\\/wp-content\\\/uploads\\\/2022\\\/02\\\/MUSSI-VISITO-LOS-TRABAJOS-DE-RECONSTRUCCION-DEL-JARDIN-N\u00b0-906-3.jpg\",\"contentUrl\":\"https:\\\/\\\/diarioprincipios.com\\\/wp-content\\\/uploads\\\/2022\\\/02\\\/MUSSI-VISITO-LOS-TRABAJOS-DE-RECONSTRUCCION-DEL-JARDIN-N\u00b0-906-3.jpg\",\"width\":1920,\"height\":1280},{\"@type\":\"BreadcrumbList\",\"@id\":\"https:\\\/\\\/diarioprincipios.com\\\/index.php\\\/2022\\\/02\\\/17\\\/mussi-visito-los-trabajos-de-reconstruccion-del-jardin-906\\\/#breadcrumb\",\"itemListElement\":[{\"@type\":\"ListItem\",\"position\":1,\"name\":\"Portada\",\"item\":\"https:\\\/\\\/diarioprincipios.com\\\/\"},{\"@type\":\"ListItem\",\"position\":2,\"name\":\"Mussi visit\u00f3 los trabajos de reconstrucci\u00f3n del Jard\u00edn 906\"}]},{\"@type\":\"WebSite\",\"@id\":\"https:\\\/\\\/diarioprincipios.com\\\/#website\",\"url\":\"https:\\\/\\\/diarioprincipios.com\\\/\",\"name\":\"Principios\",\"description\":\"Principios Diario\",\"publisher\":{\"@id\":\"https:\\\/\\\/diarioprincipios.com\\\/#organization\"},\"potentialAction\":[{\"@type\":\"SearchAction\",\"target\":{\"@type\":\"EntryPoint\",\"urlTemplate\":\"https:\\\/\\\/diarioprincipios.com\\\/?s={search_term_string}\"},\"query-input\":{\"@type\":\"PropertyValueSpecification\",\"valueRequired\":true,\"valueName\":\"search_term_string\"}}],\"inLanguage\":\"es\"},{\"@type\":\"Organization\",\"@id\":\"https:\\\/\\\/diarioprincipios.com\\\/#organization\",\"name\":\"Principios\",\"url\":\"https:\\\/\\\/diarioprincipios.com\\\/\",\"logo\":{\"@type\":\"ImageObject\",\"inLanguage\":\"es\",\"@id\":\"https:\\\/\\\/diarioprincipios.com\\\/#\\\/schema\\\/logo\\\/image\\\/\",\"url\":\"https:\\\/\\\/diarioprincipios.com\\\/wp-content\\\/uploads\\\/2024\\\/04\\\/cropped-www.diarioprincipios.com_-1.png\",\"contentUrl\":\"https:\\\/\\\/diarioprincipios.com\\\/wp-content\\\/uploads\\\/2024\\\/04\\\/cropped-www.diarioprincipios.com_-1.png\",\"width\":5325,\"height\":1454,\"caption\":\"Principios\"},\"image\":{\"@id\":\"https:\\\/\\\/diarioprincipios.com\\\/#\\\/schema\\\/logo\\\/image\\\/\"}},{\"@type\":\"Person\",\"@id\":\"https:\\\/\\\/diarioprincipios.com\\\/#\\\/schema\\\/person\\\/436d5a1fd41a5e250e23ff5a6a7cb080\",\"name\":\"Hern\u00e1n L\u00f3pez\",\"image\":{\"@type\":\"ImageObject\",\"inLanguage\":\"es\",\"@id\":\"https:\\\/\\\/diarioprincipios.com\\\/wp-content\\\/litespeed\\\/avatar\\\/11ddfe5610ff3bd100522525b2571f48.jpg?ver=1777653193\",\"url\":\"https:\\\/\\\/diarioprincipios.com\\\/wp-content\\\/litespeed\\\/avatar\\\/11ddfe5610ff3bd100522525b2571f48.jpg?ver=1777653193\",\"contentUrl\":\"https:\\\/\\\/diarioprincipios.com\\\/wp-content\\\/litespeed\\\/avatar\\\/11ddfe5610ff3bd100522525b2571f48.jpg?ver=1777653193\",\"caption\":\"Hern\u00e1n L\u00f3pez\"},\"url\":\"https:\\\/\\\/diarioprincipios.com\\\/index.php\\\/author\\\/hernan\\\/\"}]}<\/script>\n<!-- \/ Yoast SEO plugin. -->","yoast_head_json":{"title":"Mussi visit\u00f3 los trabajos de reconstrucci\u00f3n del Jard\u00edn 906 - Principios","robots":{"index":"index","follow":"follow","max-snippet":"max-snippet:-1","max-image-preview":"max-image-preview:large","max-video-preview":"max-video-preview:-1"},"canonical":"https:\/\/diarioprincipios.com\/index.php\/2022\/02\/17\/mussi-visito-los-trabajos-de-reconstruccion-del-jardin-906\/","og_locale":"es_ES","og_type":"article","og_title":"Mussi visit\u00f3 los trabajos de reconstrucci\u00f3n del Jard\u00edn 906 - Principios","og_description":"En una activa jornada de trabajo, el intendente de Berazategui, Juan Jos\u00e9 Mussi, visit\u00f3 las obras del Jard\u00edn de Infantes N\u00b0 906 \u201cMafalda\u201d, de Villa Mitre, ubicado en calle 27 entre 159 A y 160. Su reconstrucci\u00f3n ya avanz\u00f3 en un 85% y contempla la creaci\u00f3n de tres aulas, un sector administrativo, un Sal\u00f3n de...","og_url":"https:\/\/diarioprincipios.com\/index.php\/2022\/02\/17\/mussi-visito-los-trabajos-de-reconstruccion-del-jardin-906\/","og_site_name":"Principios","article_published_time":"2022-02-18T01:05:40+00:00","article_modified_time":"2022-02-18T01:05:42+00:00","og_image":[{"width":1920,"height":1280,"url":"https:\/\/diarioprincipios.com\/wp-content\/uploads\/2022\/02\/MUSSI-VISITO-LOS-TRABAJOS-DE-RECONSTRUCCION-DEL-JARDIN-N\u00b0-906-3.jpg","type":"image\/jpeg"}],"author":"Hern\u00e1n L\u00f3pez","twitter_card":"summary_large_image","twitter_misc":{"Escrito por":"Hern\u00e1n L\u00f3pez","Tiempo de lectura":"2 minutos"},"schema":{"@context":"https:\/\/schema.org","@graph":[{"@type":"Article","@id":"https:\/\/diarioprincipios.com\/index.php\/2022\/02\/17\/mussi-visito-los-trabajos-de-reconstruccion-del-jardin-906\/#article","isPartOf":{"@id":"https:\/\/diarioprincipios.com\/index.php\/2022\/02\/17\/mussi-visito-los-trabajos-de-reconstruccion-del-jardin-906\/"},"author":{"name":"Hern\u00e1n L\u00f3pez","@id":"https:\/\/diarioprincipios.com\/#\/schema\/person\/436d5a1fd41a5e250e23ff5a6a7cb080"},"headline":"Mussi visit\u00f3 los trabajos de reconstrucci\u00f3n del Jard\u00edn 906","datePublished":"2022-02-18T01:05:40+00:00","dateModified":"2022-02-18T01:05:42+00:00","mainEntityOfPage":{"@id":"https:\/\/diarioprincipios.com\/index.php\/2022\/02\/17\/mussi-visito-los-trabajos-de-reconstruccion-del-jardin-906\/"},"wordCount":325,"commentCount":0,"publisher":{"@id":"https:\/\/diarioprincipios.com\/#organization"},"image":{"@id":"https:\/\/diarioprincipios.com\/index.php\/2022\/02\/17\/mussi-visito-los-trabajos-de-reconstruccion-del-jardin-906\/#primaryimage"},"thumbnailUrl":"https:\/\/diarioprincipios.com\/wp-content\/uploads\/2022\/02\/MUSSI-VISITO-LOS-TRABAJOS-DE-RECONSTRUCCION-DEL-JARDIN-N\u00b0-906-3.jpg","articleSection":["Berazategui"],"inLanguage":"es","potentialAction":[{"@type":"CommentAction","name":"Comment","target":["https:\/\/diarioprincipios.com\/index.php\/2022\/02\/17\/mussi-visito-los-trabajos-de-reconstruccion-del-jardin-906\/#respond"]}]},{"@type":"WebPage","@id":"https:\/\/diarioprincipios.com\/index.php\/2022\/02\/17\/mussi-visito-los-trabajos-de-reconstruccion-del-jardin-906\/","url":"https:\/\/diarioprincipios.com\/index.php\/2022\/02\/17\/mussi-visito-los-trabajos-de-reconstruccion-del-jardin-906\/","name":"Mussi visit\u00f3 los trabajos de reconstrucci\u00f3n del Jard\u00edn 906 - Principios","isPartOf":{"@id":"https:\/\/diarioprincipios.com\/#website"},"primaryImageOfPage":{"@id":"https:\/\/diarioprincipios.com\/index.php\/2022\/02\/17\/mussi-visito-los-trabajos-de-reconstruccion-del-jardin-906\/#primaryimage"},"image":{"@id":"https:\/\/diarioprincipios.com\/index.php\/2022\/02\/17\/mussi-visito-los-trabajos-de-reconstruccion-del-jardin-906\/#primaryimage"},"thumbnailUrl":"https:\/\/diarioprincipios.com\/wp-content\/uploads\/2022\/02\/MUSSI-VISITO-LOS-TRABAJOS-DE-RECONSTRUCCION-DEL-JARDIN-N\u00b0-906-3.jpg","datePublished":"2022-02-18T01:05:40+00:00","dateModified":"2022-02-18T01:05:42+00:00","breadcrumb":{"@id":"https:\/\/diarioprincipios.com\/index.php\/2022\/02\/17\/mussi-visito-los-trabajos-de-reconstruccion-del-jardin-906\/#breadcrumb"},"inLanguage":"es","potentialAction":[{"@type":"ReadAction","target":["https:\/\/diarioprincipios.com\/index.php\/2022\/02\/17\/mussi-visito-los-trabajos-de-reconstruccion-del-jardin-906\/"]}]},{"@type":"ImageObject","inLanguage":"es","@id":"https:\/\/diarioprincipios.com\/index.php\/2022\/02\/17\/mussi-visito-los-trabajos-de-reconstruccion-del-jardin-906\/#primaryimage","url":"https:\/\/diarioprincipios.com\/wp-content\/uploads\/2022\/02\/MUSSI-VISITO-LOS-TRABAJOS-DE-RECONSTRUCCION-DEL-JARDIN-N\u00b0-906-3.jpg","contentUrl":"https:\/\/diarioprincipios.com\/wp-content\/uploads\/2022\/02\/MUSSI-VISITO-LOS-TRABAJOS-DE-RECONSTRUCCION-DEL-JARDIN-N\u00b0-906-3.jpg","width":1920,"height":1280},{"@type":"BreadcrumbList","@id":"https:\/\/diarioprincipios.com\/index.php\/2022\/02\/17\/mussi-visito-los-trabajos-de-reconstruccion-del-jardin-906\/#breadcrumb","itemListElement":[{"@type":"ListItem","position":1,"name":"Portada","item":"https:\/\/diarioprincipios.com\/"},{"@type":"ListItem","position":2,"name":"Mussi visit\u00f3 los trabajos de reconstrucci\u00f3n del Jard\u00edn 906"}]},{"@type":"WebSite","@id":"https:\/\/diarioprincipios.com\/#website","url":"https:\/\/diarioprincipios.com\/","name":"Principios","description":"Principios Diario","publisher":{"@id":"https:\/\/diarioprincipios.com\/#organization"},"potentialAction":[{"@type":"SearchAction","target":{"@type":"EntryPoint","urlTemplate":"https:\/\/diarioprincipios.com\/?s={search_term_string}"},"query-input":{"@type":"PropertyValueSpecification","valueRequired":true,"valueName":"search_term_string"}}],"inLanguage":"es"},{"@type":"Organization","@id":"https:\/\/diarioprincipios.com\/#organization","name":"Principios","url":"https:\/\/diarioprincipios.com\/","logo":{"@type":"ImageObject","inLanguage":"es","@id":"https:\/\/diarioprincipios.com\/#\/schema\/logo\/image\/","url":"https:\/\/diarioprincipios.com\/wp-content\/uploads\/2024\/04\/cropped-www.diarioprincipios.com_-1.png","contentUrl":"https:\/\/diarioprincipios.com\/wp-content\/uploads\/2024\/04\/cropped-www.diarioprincipios.com_-1.png","width":5325,"height":1454,"caption":"Principios"},"image":{"@id":"https:\/\/diarioprincipios.com\/#\/schema\/logo\/image\/"}},{"@type":"Person","@id":"https:\/\/diarioprincipios.com\/#\/schema\/person\/436d5a1fd41a5e250e23ff5a6a7cb080","name":"Hern\u00e1n L\u00f3pez","image":{"@type":"ImageObject","inLanguage":"es","@id":"https:\/\/diarioprincipios.com\/wp-content\/litespeed\/avatar\/11ddfe5610ff3bd100522525b2571f48.jpg?ver=1777653193","url":"https:\/\/diarioprincipios.com\/wp-content\/litespeed\/avatar\/11ddfe5610ff3bd100522525b2571f48.jpg?ver=1777653193","contentUrl":"https:\/\/diarioprincipios.com\/wp-content\/litespeed\/avatar\/11ddfe5610ff3bd100522525b2571f48.jpg?ver=1777653193","caption":"Hern\u00e1n L\u00f3pez"},"url":"https:\/\/diarioprincipios.com\/index.php\/author\/hernan\/"}]}},"jetpack_featured_media_url":"https:\/\/diarioprincipios.com\/wp-content\/uploads\/2022\/02\/MUSSI-VISITO-LOS-TRABAJOS-DE-RECONSTRUCCION-DEL-JARDIN-N\u00b0-906-3.jpg","_links":{"self":[{"href":"https:\/\/diarioprincipios.com\/index.php\/wp-json\/wp\/v2\/posts\/12581","targetHints":{"allow":["GET"]}}],"collection":[{"href":"https:\/\/diarioprincipios.com\/index.php\/wp-json\/wp\/v2\/posts"}],"about":[{"href":"https:\/\/diarioprincipios.com\/index.php\/wp-json\/wp\/v2\/types\/post"}],"author":[{"embeddable":true,"href":"https:\/\/diarioprincipios.com\/index.php\/wp-json\/wp\/v2\/users\/2"}],"replies":[{"embeddable":true,"href":"https:\/\/diarioprincipios.com\/index.php\/wp-json\/wp\/v2\/comments?post=12581"}],"version-history":[{"count":1,"href":"https:\/\/diarioprincipios.com\/index.php\/wp-json\/wp\/v2\/posts\/12581\/revisions"}],"predecessor-version":[{"id":12583,"href":"https:\/\/diarioprincipios.com\/index.php\/wp-json\/wp\/v2\/posts\/12581\/revisions\/12583"}],"wp:featuredmedia":[{"embeddable":true,"href":"https:\/\/diarioprincipios.com\/index.php\/wp-json\/wp\/v2\/media\/12582"}],"wp:attachment":[{"href":"https:\/\/diarioprincipios.com\/index.php\/wp-json\/wp\/v2\/media?parent=12581"}],"wp:term":[{"taxonomy":"category","embeddable":true,"href":"https:\/\/diarioprincipios.com\/index.php\/wp-json\/wp\/v2\/categories?post=12581"},{"taxonomy":"post_tag","embeddable":true,"href":"https:\/\/diarioprincipios.com\/index.php\/wp-json\/wp\/v2\/tags?post=12581"}],"curies":[{"name":"wp","href":"https:\/\/api.w.org\/{rel}","templated":true}]}}