{"id":12578,"date":"2022-02-17T21:52:45","date_gmt":"2022-02-18T00:52:45","guid":{"rendered":"http:\/\/diarioprincipios.com\/?p=12578"},"modified":"2022-02-17T21:52:49","modified_gmt":"2022-02-18T00:52:49","slug":"avanzan-obras-del-nuevo-edificio-del-instituto-de-ciencias-de-la-unaj","status":"publish","type":"post","link":"https:\/\/diarioprincipios.com\/index.php\/2022\/02\/17\/avanzan-obras-del-nuevo-edificio-del-instituto-de-ciencias-de-la-unaj\/","title":{"rendered":"Avanzan obras del nuevo edificio del Instituto de Ciencias de la UNAJ"},"content":{"rendered":"\n<p>Los ministros de Educaci\u00f3n y Obras P\u00fablicas de la Naci\u00f3n \u2013Jaime Perczyc y Gabriel Katopodis\u2013, supervisaron el avance de las obras de construcci\u00f3n de un nuevo edificio del Instituto de Ciencias de la Salud de la UNAJ, donde destacaron la prioridad que reviste para el Gobierno nacional la habilitaci\u00f3n de infraestructura en todos los niveles educativos.<\/p>\n\n\n\n<p>Los funcionarios nacionales visualizaron los trabajos contemplados en el Plan Nacional de Infraestructura Universitaria \u2013que impulsa la cartera de Obras P\u00fablicas\u2013 en compa\u00f1\u00eda del diputado nacional Julio Pereyra, el Intendente de Florencio Varela, Andr\u00e9s Watson y el rector de la universidad, Arnaldo Medina.<\/p>\n\n\n\n<p>Luego de la recorrida<strong>, Gabriel Katopodis<\/strong>&nbsp;sostuvo que esta obra representa \u201c<em>la decisi\u00f3n de un gobierno que est\u00e1 llevando adelante el programa de infraestructura universitaria m\u00e1s importante de los \u00faltimos a\u00f1os en la Argentina<\/em>\u201d.<\/p>\n\n\n\n<p>\u201c<em>Son m\u00e1s de 90 obras, m\u00e1s de 30 mil millones de pesos, laboratorios, aulas, es la posibilidad de que en Florencio Varela la UNAJ tenga en construcci\u00f3n y muy pronto a terminar siete aulas, laboratorios, y en proyecci\u00f3n y licitaci\u00f3n una segunda etapa. Es que sigamos ampliando cada universidad para tener una mejor educaci\u00f3n, entendiendo que siempre la mejor Argentina fue aquella que puso en la educaci\u00f3n el eje y la prioridad<\/em>\u201d, agreg\u00f3.<\/p>\n\n\n\n<p>Por su parte, el Ministro de Educaci\u00f3n,&nbsp;<strong>Jaime Perczyc<\/strong>&nbsp;se refiri\u00f3 al compromiso &nbsp;del gobierno nacional para garantizar el retorno a una presencialidad cuidada para todo el sistema universitario y al rol de la universidad p\u00fablica en la recuperaci\u00f3n de una Argentina para todos:<\/p>\n\n\n\n<p>\u201c<em>La universidad en la Argentina es la principal fuente de producci\u00f3n y coproducci\u00f3n de conocimiento y junto con el sistema universitario queremos construir una sociedad m\u00e1s igualitaria que nos prepare para los desaf\u00edos del futuro<\/em>\u201d, plante\u00f3.<\/p>\n\n\n\n<p>\u201c<em>Queremos que cada chica y cada chico que salga de la escuela secundaria est\u00e9 preparado para ir a la universidad p\u00fablica, hagan una carrera y tengan una profesi\u00f3n<\/em>\u201d, agreg\u00f3, al tiempo que destac\u00f3 la importancia de que los j\u00f3venes accedan a una \u201c<em>educaci\u00f3n t\u00e9cnica especializada que les permita tener su primer trabajo a quienes reci\u00e9n salen de la escuela y adem\u00e1s formar a las chicas y a los chicos para un pa\u00eds que necesita desarrollarse e industrializarse<\/em>\u201d.<\/p>\n\n\n\n<p>\u201c<em>Volvieron las obras a la Universidad<\/em>\u201d, celebr\u00f3 a su turno el rector&nbsp;<strong>Arnaldo Medina<\/strong>. \u201c<em>Son obras que ten\u00edamos planificadas desde 2014, el gobierno de Mauricio Macri las retir\u00f3 del listado y volvieron el a\u00f1o pasado. Esta obra es muy importante para nosotros<\/em>\u201d, record\u00f3.<\/p>\n\n\n\n<p>Las nuevas instalaciones se destinar\u00e1n al funcionamiento del Instituto de Ciencias de la Salud de la UNAJ, que re\u00fane a m\u00e1s de la mitad de la matr\u00edcula estudiantil de la casa de altos estudios, y se erigen en una superficie total de 1000m2.<\/p>\n\n\n\n<p>Se trata de una obra que estaba incluida en el plan director dise\u00f1ado en 2015, y que la administraci\u00f3n de Mauricio Macri dej\u00f3 sin efecto al efectuar un achicamiento del presupuesto asignado a las universidades p\u00fablicas.<\/p>\n\n\n\n<p>El edificio contendr\u00e1 siete aulas con capacidad para 30 estudiantes cada una, y tambi\u00e9n contempla la habilitaci\u00f3n de dos laboratorios para 96 alumnos por turnos y un sal\u00f3n auditorio para 80 personas. Dise\u00f1ado como un edificio en patio y de doble circulaci\u00f3n, est\u00e1 preparado para futuras ampliaciones edilicias.<\/p>\n\n\n\n<p>El Intendente de Florencio Varela,&nbsp;<strong>Andr\u00e9s Watson<\/strong>, valor\u00f3 la importancia estrat\u00e9gica de la universidad en el marco de un proyecto de pa\u00eds con industrializaci\u00f3n e inclusi\u00f3n.<\/p>\n\n\n\n<p>\u201c<em>Para nosotros la universidad p\u00fablica es todo, es una oportunidad poder seguir creciendo y mejorando, para los vecinos y vecinas no s\u00f3lo de Florencio Varela sino de la regi\u00f3n<\/em>\u201d, dijo.<\/p>\n\n\n\n<p>\u201c<em>Hemos pasado momentos dif\u00edciles pero hoy estamos en una etapa con nuevas obras, para poder absorber a la mayor cantidad de alumnos posibles de manera presencial<\/em>\u201d, agreg\u00f3 y destac\u00f3 la decisi\u00f3n presidencial de construir cien escuelas t\u00e9cnicas en distintos lugares del pa\u00eds.<\/p>\n\n\n\n<p>El diputado nacional&nbsp;<strong>Julio Pereyra<\/strong>&nbsp;celebr\u00f3 la posibilidad de que \u201c<em>miles de estudiantes de los barrios humildes puedan formarse y estudiar en un establecimiento como este<\/em>\u201d. Y valor\u00f3 las obras de ampliaci\u00f3n de la UNAJ como la impronta&nbsp; \u201c<em>de un modelo que trabaja por la industria, por la educaci\u00f3n, por la obra p\u00fablica<\/em>\u201d.<\/p>\n","protected":false},"excerpt":{"rendered":"<p>Los ministros de Educaci\u00f3n y Obras P\u00fablicas de la Naci\u00f3n \u2013Jaime Perczyc y Gabriel Katopodis\u2013, supervisaron el avance de las obras de construcci\u00f3n de un nuevo edificio del Instituto de Ciencias de la Salud de la UNAJ, donde destacaron la prioridad que reviste para el Gobierno nacional la habilitaci\u00f3n de infraestructura en todos los niveles&#8230;<\/p>\n","protected":false},"author":2,"featured_media":12579,"comment_status":"open","ping_status":"open","sticky":false,"template":"","format":"standard","meta":{"footnotes":""},"categories":[13],"tags":[],"class_list":["post-12578","post","type-post","status-publish","format-standard","has-post-thumbnail","hentry","category-varela"],"featured_image_src":"https:\/\/diarioprincipios.com\/wp-content\/uploads\/2022\/02\/WhatsApp-Image-2022-02-17-at-17_43_52-2-1024x682.jpeg","blog_images":{"medium":"https:\/\/diarioprincipios.com\/wp-content\/uploads\/2022\/02\/WhatsApp-Image-2022-02-17-at-17_43_52-2-300x200.jpeg","large":"https:\/\/diarioprincipios.com\/wp-content\/uploads\/2022\/02\/WhatsApp-Image-2022-02-17-at-17_43_52-2-1024x682.jpeg"},"ams_acf":[],"yoast_head":"<!-- This site is optimized with the Yoast SEO plugin v27.3 - https:\/\/yoast.com\/product\/yoast-seo-wordpress\/ -->\n<title>Avanzan obras del nuevo edificio del Instituto de Ciencias de la UNAJ - Principios<\/title>\n<meta name=\"robots\" content=\"index, follow, max-snippet:-1, max-image-preview:large, max-video-preview:-1\" \/>\n<link rel=\"canonical\" href=\"https:\/\/diarioprincipios.com\/index.php\/2022\/02\/17\/avanzan-obras-del-nuevo-edificio-del-instituto-de-ciencias-de-la-unaj\/\" \/>\n<meta property=\"og:locale\" content=\"es_ES\" \/>\n<meta property=\"og:type\" content=\"article\" \/>\n<meta property=\"og:title\" content=\"Avanzan obras del nuevo edificio del Instituto de Ciencias de la UNAJ - Principios\" \/>\n<meta property=\"og:description\" content=\"Los ministros de Educaci\u00f3n y Obras P\u00fablicas de la Naci\u00f3n \u2013Jaime Perczyc y Gabriel Katopodis\u2013, supervisaron el avance de las obras de construcci\u00f3n de un nuevo edificio del Instituto de Ciencias de la Salud de la UNAJ, donde destacaron la prioridad que reviste para el Gobierno nacional la habilitaci\u00f3n de infraestructura en todos los niveles...\" \/>\n<meta property=\"og:url\" content=\"https:\/\/diarioprincipios.com\/index.php\/2022\/02\/17\/avanzan-obras-del-nuevo-edificio-del-instituto-de-ciencias-de-la-unaj\/\" \/>\n<meta property=\"og:site_name\" content=\"Principios\" \/>\n<meta property=\"article:published_time\" content=\"2022-02-18T00:52:45+00:00\" \/>\n<meta property=\"article:modified_time\" content=\"2022-02-18T00:52:49+00:00\" \/>\n<meta property=\"og:image\" content=\"https:\/\/diarioprincipios.com\/wp-content\/uploads\/2022\/02\/WhatsApp-Image-2022-02-17-at-17_43_52-2.jpeg\" \/>\n\t<meta property=\"og:image:width\" content=\"1280\" \/>\n\t<meta property=\"og:image:height\" content=\"853\" \/>\n\t<meta property=\"og:image:type\" content=\"image\/jpeg\" \/>\n<meta name=\"author\" content=\"Hern\u00e1n L\u00f3pez\" \/>\n<meta name=\"twitter:card\" content=\"summary_large_image\" \/>\n<meta name=\"twitter:label1\" content=\"Escrito por\" \/>\n\t<meta name=\"twitter:data1\" content=\"Hern\u00e1n L\u00f3pez\" \/>\n\t<meta name=\"twitter:label2\" content=\"Tiempo de lectura\" \/>\n\t<meta name=\"twitter:data2\" content=\"4 minutos\" \/>\n<script type=\"application\/ld+json\" class=\"yoast-schema-graph\">{\"@context\":\"https:\\\/\\\/schema.org\",\"@graph\":[{\"@type\":\"Article\",\"@id\":\"https:\\\/\\\/diarioprincipios.com\\\/index.php\\\/2022\\\/02\\\/17\\\/avanzan-obras-del-nuevo-edificio-del-instituto-de-ciencias-de-la-unaj\\\/#article\",\"isPartOf\":{\"@id\":\"https:\\\/\\\/diarioprincipios.com\\\/index.php\\\/2022\\\/02\\\/17\\\/avanzan-obras-del-nuevo-edificio-del-instituto-de-ciencias-de-la-unaj\\\/\"},\"author\":{\"name\":\"Hern\u00e1n L\u00f3pez\",\"@id\":\"https:\\\/\\\/diarioprincipios.com\\\/#\\\/schema\\\/person\\\/436d5a1fd41a5e250e23ff5a6a7cb080\"},\"headline\":\"Avanzan obras del nuevo edificio del Instituto de Ciencias de la UNAJ\",\"datePublished\":\"2022-02-18T00:52:45+00:00\",\"dateModified\":\"2022-02-18T00:52:49+00:00\",\"mainEntityOfPage\":{\"@id\":\"https:\\\/\\\/diarioprincipios.com\\\/index.php\\\/2022\\\/02\\\/17\\\/avanzan-obras-del-nuevo-edificio-del-instituto-de-ciencias-de-la-unaj\\\/\"},\"wordCount\":760,\"commentCount\":0,\"publisher\":{\"@id\":\"https:\\\/\\\/diarioprincipios.com\\\/#organization\"},\"image\":{\"@id\":\"https:\\\/\\\/diarioprincipios.com\\\/index.php\\\/2022\\\/02\\\/17\\\/avanzan-obras-del-nuevo-edificio-del-instituto-de-ciencias-de-la-unaj\\\/#primaryimage\"},\"thumbnailUrl\":\"https:\\\/\\\/diarioprincipios.com\\\/wp-content\\\/uploads\\\/2022\\\/02\\\/WhatsApp-Image-2022-02-17-at-17_43_52-2.jpeg\",\"articleSection\":[\"F. Varela\"],\"inLanguage\":\"es\",\"potentialAction\":[{\"@type\":\"CommentAction\",\"name\":\"Comment\",\"target\":[\"https:\\\/\\\/diarioprincipios.com\\\/index.php\\\/2022\\\/02\\\/17\\\/avanzan-obras-del-nuevo-edificio-del-instituto-de-ciencias-de-la-unaj\\\/#respond\"]}]},{\"@type\":\"WebPage\",\"@id\":\"https:\\\/\\\/diarioprincipios.com\\\/index.php\\\/2022\\\/02\\\/17\\\/avanzan-obras-del-nuevo-edificio-del-instituto-de-ciencias-de-la-unaj\\\/\",\"url\":\"https:\\\/\\\/diarioprincipios.com\\\/index.php\\\/2022\\\/02\\\/17\\\/avanzan-obras-del-nuevo-edificio-del-instituto-de-ciencias-de-la-unaj\\\/\",\"name\":\"Avanzan obras del nuevo edificio del Instituto de Ciencias de la UNAJ - Principios\",\"isPartOf\":{\"@id\":\"https:\\\/\\\/diarioprincipios.com\\\/#website\"},\"primaryImageOfPage\":{\"@id\":\"https:\\\/\\\/diarioprincipios.com\\\/index.php\\\/2022\\\/02\\\/17\\\/avanzan-obras-del-nuevo-edificio-del-instituto-de-ciencias-de-la-unaj\\\/#primaryimage\"},\"image\":{\"@id\":\"https:\\\/\\\/diarioprincipios.com\\\/index.php\\\/2022\\\/02\\\/17\\\/avanzan-obras-del-nuevo-edificio-del-instituto-de-ciencias-de-la-unaj\\\/#primaryimage\"},\"thumbnailUrl\":\"https:\\\/\\\/diarioprincipios.com\\\/wp-content\\\/uploads\\\/2022\\\/02\\\/WhatsApp-Image-2022-02-17-at-17_43_52-2.jpeg\",\"datePublished\":\"2022-02-18T00:52:45+00:00\",\"dateModified\":\"2022-02-18T00:52:49+00:00\",\"breadcrumb\":{\"@id\":\"https:\\\/\\\/diarioprincipios.com\\\/index.php\\\/2022\\\/02\\\/17\\\/avanzan-obras-del-nuevo-edificio-del-instituto-de-ciencias-de-la-unaj\\\/#breadcrumb\"},\"inLanguage\":\"es\",\"potentialAction\":[{\"@type\":\"ReadAction\",\"target\":[\"https:\\\/\\\/diarioprincipios.com\\\/index.php\\\/2022\\\/02\\\/17\\\/avanzan-obras-del-nuevo-edificio-del-instituto-de-ciencias-de-la-unaj\\\/\"]}]},{\"@type\":\"ImageObject\",\"inLanguage\":\"es\",\"@id\":\"https:\\\/\\\/diarioprincipios.com\\\/index.php\\\/2022\\\/02\\\/17\\\/avanzan-obras-del-nuevo-edificio-del-instituto-de-ciencias-de-la-unaj\\\/#primaryimage\",\"url\":\"https:\\\/\\\/diarioprincipios.com\\\/wp-content\\\/uploads\\\/2022\\\/02\\\/WhatsApp-Image-2022-02-17-at-17_43_52-2.jpeg\",\"contentUrl\":\"https:\\\/\\\/diarioprincipios.com\\\/wp-content\\\/uploads\\\/2022\\\/02\\\/WhatsApp-Image-2022-02-17-at-17_43_52-2.jpeg\",\"width\":1280,\"height\":853},{\"@type\":\"BreadcrumbList\",\"@id\":\"https:\\\/\\\/diarioprincipios.com\\\/index.php\\\/2022\\\/02\\\/17\\\/avanzan-obras-del-nuevo-edificio-del-instituto-de-ciencias-de-la-unaj\\\/#breadcrumb\",\"itemListElement\":[{\"@type\":\"ListItem\",\"position\":1,\"name\":\"Portada\",\"item\":\"https:\\\/\\\/diarioprincipios.com\\\/\"},{\"@type\":\"ListItem\",\"position\":2,\"name\":\"Avanzan obras del nuevo edificio del Instituto de Ciencias de la UNAJ\"}]},{\"@type\":\"WebSite\",\"@id\":\"https:\\\/\\\/diarioprincipios.com\\\/#website\",\"url\":\"https:\\\/\\\/diarioprincipios.com\\\/\",\"name\":\"Principios\",\"description\":\"Principios Diario\",\"publisher\":{\"@id\":\"https:\\\/\\\/diarioprincipios.com\\\/#organization\"},\"potentialAction\":[{\"@type\":\"SearchAction\",\"target\":{\"@type\":\"EntryPoint\",\"urlTemplate\":\"https:\\\/\\\/diarioprincipios.com\\\/?s={search_term_string}\"},\"query-input\":{\"@type\":\"PropertyValueSpecification\",\"valueRequired\":true,\"valueName\":\"search_term_string\"}}],\"inLanguage\":\"es\"},{\"@type\":\"Organization\",\"@id\":\"https:\\\/\\\/diarioprincipios.com\\\/#organization\",\"name\":\"Principios\",\"url\":\"https:\\\/\\\/diarioprincipios.com\\\/\",\"logo\":{\"@type\":\"ImageObject\",\"inLanguage\":\"es\",\"@id\":\"https:\\\/\\\/diarioprincipios.com\\\/#\\\/schema\\\/logo\\\/image\\\/\",\"url\":\"https:\\\/\\\/diarioprincipios.com\\\/wp-content\\\/uploads\\\/2024\\\/04\\\/cropped-www.diarioprincipios.com_-1.png\",\"contentUrl\":\"https:\\\/\\\/diarioprincipios.com\\\/wp-content\\\/uploads\\\/2024\\\/04\\\/cropped-www.diarioprincipios.com_-1.png\",\"width\":5325,\"height\":1454,\"caption\":\"Principios\"},\"image\":{\"@id\":\"https:\\\/\\\/diarioprincipios.com\\\/#\\\/schema\\\/logo\\\/image\\\/\"}},{\"@type\":\"Person\",\"@id\":\"https:\\\/\\\/diarioprincipios.com\\\/#\\\/schema\\\/person\\\/436d5a1fd41a5e250e23ff5a6a7cb080\",\"name\":\"Hern\u00e1n L\u00f3pez\",\"image\":{\"@type\":\"ImageObject\",\"inLanguage\":\"es\",\"@id\":\"https:\\\/\\\/diarioprincipios.com\\\/wp-content\\\/litespeed\\\/avatar\\\/11ddfe5610ff3bd100522525b2571f48.jpg?ver=1777653193\",\"url\":\"https:\\\/\\\/diarioprincipios.com\\\/wp-content\\\/litespeed\\\/avatar\\\/11ddfe5610ff3bd100522525b2571f48.jpg?ver=1777653193\",\"contentUrl\":\"https:\\\/\\\/diarioprincipios.com\\\/wp-content\\\/litespeed\\\/avatar\\\/11ddfe5610ff3bd100522525b2571f48.jpg?ver=1777653193\",\"caption\":\"Hern\u00e1n L\u00f3pez\"},\"url\":\"https:\\\/\\\/diarioprincipios.com\\\/index.php\\\/author\\\/hernan\\\/\"}]}<\/script>\n<!-- \/ Yoast SEO plugin. -->","yoast_head_json":{"title":"Avanzan obras del nuevo edificio del Instituto de Ciencias de la UNAJ - Principios","robots":{"index":"index","follow":"follow","max-snippet":"max-snippet:-1","max-image-preview":"max-image-preview:large","max-video-preview":"max-video-preview:-1"},"canonical":"https:\/\/diarioprincipios.com\/index.php\/2022\/02\/17\/avanzan-obras-del-nuevo-edificio-del-instituto-de-ciencias-de-la-unaj\/","og_locale":"es_ES","og_type":"article","og_title":"Avanzan obras del nuevo edificio del Instituto de Ciencias de la UNAJ - Principios","og_description":"Los ministros de Educaci\u00f3n y Obras P\u00fablicas de la Naci\u00f3n \u2013Jaime Perczyc y Gabriel Katopodis\u2013, supervisaron el avance de las obras de construcci\u00f3n de un nuevo edificio del Instituto de Ciencias de la Salud de la UNAJ, donde destacaron la prioridad que reviste para el Gobierno nacional la habilitaci\u00f3n de infraestructura en todos los niveles...","og_url":"https:\/\/diarioprincipios.com\/index.php\/2022\/02\/17\/avanzan-obras-del-nuevo-edificio-del-instituto-de-ciencias-de-la-unaj\/","og_site_name":"Principios","article_published_time":"2022-02-18T00:52:45+00:00","article_modified_time":"2022-02-18T00:52:49+00:00","og_image":[{"width":1280,"height":853,"url":"https:\/\/diarioprincipios.com\/wp-content\/uploads\/2022\/02\/WhatsApp-Image-2022-02-17-at-17_43_52-2.jpeg","type":"image\/jpeg"}],"author":"Hern\u00e1n L\u00f3pez","twitter_card":"summary_large_image","twitter_misc":{"Escrito por":"Hern\u00e1n L\u00f3pez","Tiempo de lectura":"4 minutos"},"schema":{"@context":"https:\/\/schema.org","@graph":[{"@type":"Article","@id":"https:\/\/diarioprincipios.com\/index.php\/2022\/02\/17\/avanzan-obras-del-nuevo-edificio-del-instituto-de-ciencias-de-la-unaj\/#article","isPartOf":{"@id":"https:\/\/diarioprincipios.com\/index.php\/2022\/02\/17\/avanzan-obras-del-nuevo-edificio-del-instituto-de-ciencias-de-la-unaj\/"},"author":{"name":"Hern\u00e1n L\u00f3pez","@id":"https:\/\/diarioprincipios.com\/#\/schema\/person\/436d5a1fd41a5e250e23ff5a6a7cb080"},"headline":"Avanzan obras del nuevo edificio del Instituto de Ciencias de la UNAJ","datePublished":"2022-02-18T00:52:45+00:00","dateModified":"2022-02-18T00:52:49+00:00","mainEntityOfPage":{"@id":"https:\/\/diarioprincipios.com\/index.php\/2022\/02\/17\/avanzan-obras-del-nuevo-edificio-del-instituto-de-ciencias-de-la-unaj\/"},"wordCount":760,"commentCount":0,"publisher":{"@id":"https:\/\/diarioprincipios.com\/#organization"},"image":{"@id":"https:\/\/diarioprincipios.com\/index.php\/2022\/02\/17\/avanzan-obras-del-nuevo-edificio-del-instituto-de-ciencias-de-la-unaj\/#primaryimage"},"thumbnailUrl":"https:\/\/diarioprincipios.com\/wp-content\/uploads\/2022\/02\/WhatsApp-Image-2022-02-17-at-17_43_52-2.jpeg","articleSection":["F. Varela"],"inLanguage":"es","potentialAction":[{"@type":"CommentAction","name":"Comment","target":["https:\/\/diarioprincipios.com\/index.php\/2022\/02\/17\/avanzan-obras-del-nuevo-edificio-del-instituto-de-ciencias-de-la-unaj\/#respond"]}]},{"@type":"WebPage","@id":"https:\/\/diarioprincipios.com\/index.php\/2022\/02\/17\/avanzan-obras-del-nuevo-edificio-del-instituto-de-ciencias-de-la-unaj\/","url":"https:\/\/diarioprincipios.com\/index.php\/2022\/02\/17\/avanzan-obras-del-nuevo-edificio-del-instituto-de-ciencias-de-la-unaj\/","name":"Avanzan obras del nuevo edificio del Instituto de Ciencias de la UNAJ - Principios","isPartOf":{"@id":"https:\/\/diarioprincipios.com\/#website"},"primaryImageOfPage":{"@id":"https:\/\/diarioprincipios.com\/index.php\/2022\/02\/17\/avanzan-obras-del-nuevo-edificio-del-instituto-de-ciencias-de-la-unaj\/#primaryimage"},"image":{"@id":"https:\/\/diarioprincipios.com\/index.php\/2022\/02\/17\/avanzan-obras-del-nuevo-edificio-del-instituto-de-ciencias-de-la-unaj\/#primaryimage"},"thumbnailUrl":"https:\/\/diarioprincipios.com\/wp-content\/uploads\/2022\/02\/WhatsApp-Image-2022-02-17-at-17_43_52-2.jpeg","datePublished":"2022-02-18T00:52:45+00:00","dateModified":"2022-02-18T00:52:49+00:00","breadcrumb":{"@id":"https:\/\/diarioprincipios.com\/index.php\/2022\/02\/17\/avanzan-obras-del-nuevo-edificio-del-instituto-de-ciencias-de-la-unaj\/#breadcrumb"},"inLanguage":"es","potentialAction":[{"@type":"ReadAction","target":["https:\/\/diarioprincipios.com\/index.php\/2022\/02\/17\/avanzan-obras-del-nuevo-edificio-del-instituto-de-ciencias-de-la-unaj\/"]}]},{"@type":"ImageObject","inLanguage":"es","@id":"https:\/\/diarioprincipios.com\/index.php\/2022\/02\/17\/avanzan-obras-del-nuevo-edificio-del-instituto-de-ciencias-de-la-unaj\/#primaryimage","url":"https:\/\/diarioprincipios.com\/wp-content\/uploads\/2022\/02\/WhatsApp-Image-2022-02-17-at-17_43_52-2.jpeg","contentUrl":"https:\/\/diarioprincipios.com\/wp-content\/uploads\/2022\/02\/WhatsApp-Image-2022-02-17-at-17_43_52-2.jpeg","width":1280,"height":853},{"@type":"BreadcrumbList","@id":"https:\/\/diarioprincipios.com\/index.php\/2022\/02\/17\/avanzan-obras-del-nuevo-edificio-del-instituto-de-ciencias-de-la-unaj\/#breadcrumb","itemListElement":[{"@type":"ListItem","position":1,"name":"Portada","item":"https:\/\/diarioprincipios.com\/"},{"@type":"ListItem","position":2,"name":"Avanzan obras del nuevo edificio del Instituto de Ciencias de la UNAJ"}]},{"@type":"WebSite","@id":"https:\/\/diarioprincipios.com\/#website","url":"https:\/\/diarioprincipios.com\/","name":"Principios","description":"Principios Diario","publisher":{"@id":"https:\/\/diarioprincipios.com\/#organization"},"potentialAction":[{"@type":"SearchAction","target":{"@type":"EntryPoint","urlTemplate":"https:\/\/diarioprincipios.com\/?s={search_term_string}"},"query-input":{"@type":"PropertyValueSpecification","valueRequired":true,"valueName":"search_term_string"}}],"inLanguage":"es"},{"@type":"Organization","@id":"https:\/\/diarioprincipios.com\/#organization","name":"Principios","url":"https:\/\/diarioprincipios.com\/","logo":{"@type":"ImageObject","inLanguage":"es","@id":"https:\/\/diarioprincipios.com\/#\/schema\/logo\/image\/","url":"https:\/\/diarioprincipios.com\/wp-content\/uploads\/2024\/04\/cropped-www.diarioprincipios.com_-1.png","contentUrl":"https:\/\/diarioprincipios.com\/wp-content\/uploads\/2024\/04\/cropped-www.diarioprincipios.com_-1.png","width":5325,"height":1454,"caption":"Principios"},"image":{"@id":"https:\/\/diarioprincipios.com\/#\/schema\/logo\/image\/"}},{"@type":"Person","@id":"https:\/\/diarioprincipios.com\/#\/schema\/person\/436d5a1fd41a5e250e23ff5a6a7cb080","name":"Hern\u00e1n L\u00f3pez","image":{"@type":"ImageObject","inLanguage":"es","@id":"https:\/\/diarioprincipios.com\/wp-content\/litespeed\/avatar\/11ddfe5610ff3bd100522525b2571f48.jpg?ver=1777653193","url":"https:\/\/diarioprincipios.com\/wp-content\/litespeed\/avatar\/11ddfe5610ff3bd100522525b2571f48.jpg?ver=1777653193","contentUrl":"https:\/\/diarioprincipios.com\/wp-content\/litespeed\/avatar\/11ddfe5610ff3bd100522525b2571f48.jpg?ver=1777653193","caption":"Hern\u00e1n L\u00f3pez"},"url":"https:\/\/diarioprincipios.com\/index.php\/author\/hernan\/"}]}},"jetpack_featured_media_url":"https:\/\/diarioprincipios.com\/wp-content\/uploads\/2022\/02\/WhatsApp-Image-2022-02-17-at-17_43_52-2.jpeg","_links":{"self":[{"href":"https:\/\/diarioprincipios.com\/index.php\/wp-json\/wp\/v2\/posts\/12578","targetHints":{"allow":["GET"]}}],"collection":[{"href":"https:\/\/diarioprincipios.com\/index.php\/wp-json\/wp\/v2\/posts"}],"about":[{"href":"https:\/\/diarioprincipios.com\/index.php\/wp-json\/wp\/v2\/types\/post"}],"author":[{"embeddable":true,"href":"https:\/\/diarioprincipios.com\/index.php\/wp-json\/wp\/v2\/users\/2"}],"replies":[{"embeddable":true,"href":"https:\/\/diarioprincipios.com\/index.php\/wp-json\/wp\/v2\/comments?post=12578"}],"version-history":[{"count":1,"href":"https:\/\/diarioprincipios.com\/index.php\/wp-json\/wp\/v2\/posts\/12578\/revisions"}],"predecessor-version":[{"id":12580,"href":"https:\/\/diarioprincipios.com\/index.php\/wp-json\/wp\/v2\/posts\/12578\/revisions\/12580"}],"wp:featuredmedia":[{"embeddable":true,"href":"https:\/\/diarioprincipios.com\/index.php\/wp-json\/wp\/v2\/media\/12579"}],"wp:attachment":[{"href":"https:\/\/diarioprincipios.com\/index.php\/wp-json\/wp\/v2\/media?parent=12578"}],"wp:term":[{"taxonomy":"category","embeddable":true,"href":"https:\/\/diarioprincipios.com\/index.php\/wp-json\/wp\/v2\/categories?post=12578"},{"taxonomy":"post_tag","embeddable":true,"href":"https:\/\/diarioprincipios.com\/index.php\/wp-json\/wp\/v2\/tags?post=12578"}],"curies":[{"name":"wp","href":"https:\/\/api.w.org\/{rel}","templated":true}]}}