{"id":12571,"date":"2022-02-16T18:24:23","date_gmt":"2022-02-16T21:24:23","guid":{"rendered":"http:\/\/diarioprincipios.com\/?p=12571"},"modified":"2022-02-16T18:24:27","modified_gmt":"2022-02-16T21:24:27","slug":"mussi-y-el-secretario-de-la-pequena-y-mediana-empresa-entregaron-credito-a-una-industria-del-parque-platanos","status":"publish","type":"post","link":"https:\/\/diarioprincipios.com\/index.php\/2022\/02\/16\/mussi-y-el-secretario-de-la-pequena-y-mediana-empresa-entregaron-credito-a-una-industria-del-parque-platanos\/","title":{"rendered":"Mussi y el Secretario de la Peque\u00f1a y Mediana Empresa entregaron Cr\u00e9dito a una industria del Parque Pl\u00e1tanos"},"content":{"rendered":"\n<p><strong>El secretario de la Peque\u00f1a y Mediana Empresa y los Emprendedores de la Naci\u00f3n, Guillermo Merediz; y el intendente de Berazategui, Juan Jos\u00e9 Mussi, recorrieron e hicieron entrega de un cr\u00e9dito a la empresa CHIL, que funciona en el Parque Industrial Pl\u00e1tanos (Av. Milazzo N\u00b0 3251). A trav\u00e9s de esta ayuda econ\u00f3mica, la compa\u00f1\u00eda podr\u00e1 finalizar la ampliaci\u00f3n de una nueva nave industrial y adquirir equipamientos para m\u00e1s l\u00edneas de producci\u00f3n.<\/strong><\/p>\n\n\n\n<p>Durante la visita a esta empresa local, Merediz resalt\u00f3 el crecimiento industrial de Berazategui y brind\u00f3 detalles sobre estas l\u00edneas de cr\u00e9dito impulsadas por el Gobierno nacional. \u201cChil es una de las muchas empresas de Berazategui que ha accedido a los cr\u00e9ditos gracias al accionar nacional y provincial articulado y el enorme trabajo que hace el Intendente, con una agenda permanente con el sector productivo, con los 12 y pr\u00f3ximamente 13 Parques Industriales, con un sector planificado\u201d, destac\u00f3.<\/p>\n\n\n\n<figure class=\"wp-block-image size-large\"><img loading=\"lazy\" decoding=\"async\" width=\"1024\" height=\"683\" src=\"https:\/\/diarioprincipios.com\/wp-content\/uploads\/2022\/02\/MUSSI-Y-EL-SECRETARIO-DE-LA-PEQUENA-Y-MEDIANA-EMPRESA-ENTREGARON-UN-CREDITO-A-LA-FIRMA-CHIL-2-1024x683.jpg\" alt=\"\" class=\"wp-image-12572\" srcset=\"https:\/\/diarioprincipios.com\/wp-content\/uploads\/2022\/02\/MUSSI-Y-EL-SECRETARIO-DE-LA-PEQUENA-Y-MEDIANA-EMPRESA-ENTREGARON-UN-CREDITO-A-LA-FIRMA-CHIL-2-1024x683.jpg 1024w, https:\/\/diarioprincipios.com\/wp-content\/uploads\/2022\/02\/MUSSI-Y-EL-SECRETARIO-DE-LA-PEQUENA-Y-MEDIANA-EMPRESA-ENTREGARON-UN-CREDITO-A-LA-FIRMA-CHIL-2-300x200.jpg 300w, https:\/\/diarioprincipios.com\/wp-content\/uploads\/2022\/02\/MUSSI-Y-EL-SECRETARIO-DE-LA-PEQUENA-Y-MEDIANA-EMPRESA-ENTREGARON-UN-CREDITO-A-LA-FIRMA-CHIL-2-768x512.jpg 768w, https:\/\/diarioprincipios.com\/wp-content\/uploads\/2022\/02\/MUSSI-Y-EL-SECRETARIO-DE-LA-PEQUENA-Y-MEDIANA-EMPRESA-ENTREGARON-UN-CREDITO-A-LA-FIRMA-CHIL-2-1536x1024.jpg 1536w, https:\/\/diarioprincipios.com\/wp-content\/uploads\/2022\/02\/MUSSI-Y-EL-SECRETARIO-DE-LA-PEQUENA-Y-MEDIANA-EMPRESA-ENTREGARON-UN-CREDITO-A-LA-FIRMA-CHIL-2.jpg 1920w\" sizes=\"auto, (max-width: 1024px) 100vw, 1024px\" \/><\/figure>\n\n\n\n<p>\u201cEsto nos facilita acercarles las herramientas, pol\u00edticas p\u00fablicas y financiamiento. Este es un ejemplo m\u00e1s de lo que hacen las Pymes cuando reciben financiamiento, invierten, crean puestos de trabajo, ampl\u00edan su f\u00e1brica, buscan que crezca su producci\u00f3n y crece la Argentina. Estamos muy contentos por haber venido, acompa\u00f1ar al Intendente y seguir trabajando por las Pymes del distrito, para poner en marcha la industria nacional tras una pandemia y 4 a\u00f1os previos muy dif\u00edciles\u201d, agreg\u00f3 el funcionario, quien lleg\u00f3 al lugar junto a la subsecretaria de Financiamiento y Competitividad PyME en SePyME del Ministerio de Desarrollo Productivo de la Naci\u00f3n, Laura Tuero.<\/p>\n\n\n\n<p>Por su parte, Mussi ponder\u00f3 el permanente acompa\u00f1amiento del Gobierno nacional. \u201cEste cr\u00e9dito representa un aporte muy importante para la empresa que lo recibe. Este apoyo a las Pymes se empez\u00f3 a ver con el advenimiento del nuevo Gobierno. Esta es una parte muy importante en la vida del Municipio, la generaci\u00f3n de empleo y de consumo. Agradezco en este caso al Ministerio de Desarrollo Productivo de la Naci\u00f3n, al secretario Guillermo Merediz, en nombre del empresario que recibe este aporte que le permite crecer\u201d, indic\u00f3.<\/p>\n\n\n\n<figure class=\"wp-block-image size-large\"><img loading=\"lazy\" decoding=\"async\" width=\"1024\" height=\"683\" src=\"https:\/\/diarioprincipios.com\/wp-content\/uploads\/2022\/02\/MUSSI-Y-EL-SECRETARIO-DE-LA-PEQUENA-Y-MEDIANA-EMPRESA-ENTREGARON-UN-CREDITO-A-LA-FIRMA-CHIL-1-1024x683.jpg\" alt=\"\" class=\"wp-image-12573\" srcset=\"https:\/\/diarioprincipios.com\/wp-content\/uploads\/2022\/02\/MUSSI-Y-EL-SECRETARIO-DE-LA-PEQUENA-Y-MEDIANA-EMPRESA-ENTREGARON-UN-CREDITO-A-LA-FIRMA-CHIL-1-1024x683.jpg 1024w, https:\/\/diarioprincipios.com\/wp-content\/uploads\/2022\/02\/MUSSI-Y-EL-SECRETARIO-DE-LA-PEQUENA-Y-MEDIANA-EMPRESA-ENTREGARON-UN-CREDITO-A-LA-FIRMA-CHIL-1-300x200.jpg 300w, https:\/\/diarioprincipios.com\/wp-content\/uploads\/2022\/02\/MUSSI-Y-EL-SECRETARIO-DE-LA-PEQUENA-Y-MEDIANA-EMPRESA-ENTREGARON-UN-CREDITO-A-LA-FIRMA-CHIL-1-768x512.jpg 768w, https:\/\/diarioprincipios.com\/wp-content\/uploads\/2022\/02\/MUSSI-Y-EL-SECRETARIO-DE-LA-PEQUENA-Y-MEDIANA-EMPRESA-ENTREGARON-UN-CREDITO-A-LA-FIRMA-CHIL-1-1536x1024.jpg 1536w, https:\/\/diarioprincipios.com\/wp-content\/uploads\/2022\/02\/MUSSI-Y-EL-SECRETARIO-DE-LA-PEQUENA-Y-MEDIANA-EMPRESA-ENTREGARON-UN-CREDITO-A-LA-FIRMA-CHIL-1.jpg 1920w\" sizes=\"auto, (max-width: 1024px) 100vw, 1024px\" \/><\/figure>\n\n\n\n<p>En cuanto a la pol\u00edtica municipal implementada para desarrollo y ayuda a las pymes, Mussi expres\u00f3: \u201cVivimos en di\u00e1logo permanente con las industrias locales y siempre damos oportunidades de desarrollo. Concedemos exenciones de tasas a las industrias que crecen y trabajamos con ellas en el Programa G\u00f3ndola Local para que puedan exhibir sus productos y que la gente pueda consumir lo que se elabora en el Municipio. Ahora estamos desarrollando un Parque Tecnol\u00f3gico y gestionando un cr\u00e9dito para mejorar la red cloacal dentro del Parque Industrial. Adem\u00e1s, contamos con aportes que son posibles por la voluntad del Presidente de la Naci\u00f3n y de los funcionarios que est\u00e1n siempre y traen soluciones. Esto es lo que va a hacer que la Argentina pueda salir del paso\u201d.<\/p>\n\n\n\n<p><strong>UNA EMPRESA CON FUERTE PRESENCIA EN AMBA<br><\/strong><br>Merediz y Mussi fueron recibidos por Alejandro Delre, titular de esta compa\u00f1\u00eda dedicada desde hace m\u00e1s de 20 a\u00f1os a la elaboraci\u00f3n de snacks, caramelos, confituras finas, bombones, galletitas y algunas especialidades navide\u00f1as. Actualmente, sus productos llegan a todo el pa\u00eds y se comercializan muy bien en la regi\u00f3n AMBA, logrando cerrar acuerdos con importantes cadenas de supermercados.<\/p>\n\n\n\n<figure class=\"wp-block-image size-large\"><img loading=\"lazy\" decoding=\"async\" width=\"1024\" height=\"683\" src=\"https:\/\/diarioprincipios.com\/wp-content\/uploads\/2022\/02\/MUSSI-Y-EL-SECRETARIO-DE-LA-PEQUENA-Y-MEDIANA-EMPRESA-ENTREGARON-UN-CREDITO-A-LA-FIRMA-CHIL-3-1024x683.jpg\" alt=\"\" class=\"wp-image-12574\" srcset=\"https:\/\/diarioprincipios.com\/wp-content\/uploads\/2022\/02\/MUSSI-Y-EL-SECRETARIO-DE-LA-PEQUENA-Y-MEDIANA-EMPRESA-ENTREGARON-UN-CREDITO-A-LA-FIRMA-CHIL-3-1024x683.jpg 1024w, https:\/\/diarioprincipios.com\/wp-content\/uploads\/2022\/02\/MUSSI-Y-EL-SECRETARIO-DE-LA-PEQUENA-Y-MEDIANA-EMPRESA-ENTREGARON-UN-CREDITO-A-LA-FIRMA-CHIL-3-300x200.jpg 300w, https:\/\/diarioprincipios.com\/wp-content\/uploads\/2022\/02\/MUSSI-Y-EL-SECRETARIO-DE-LA-PEQUENA-Y-MEDIANA-EMPRESA-ENTREGARON-UN-CREDITO-A-LA-FIRMA-CHIL-3-768x512.jpg 768w, https:\/\/diarioprincipios.com\/wp-content\/uploads\/2022\/02\/MUSSI-Y-EL-SECRETARIO-DE-LA-PEQUENA-Y-MEDIANA-EMPRESA-ENTREGARON-UN-CREDITO-A-LA-FIRMA-CHIL-3-1536x1024.jpg 1536w, https:\/\/diarioprincipios.com\/wp-content\/uploads\/2022\/02\/MUSSI-Y-EL-SECRETARIO-DE-LA-PEQUENA-Y-MEDIANA-EMPRESA-ENTREGARON-UN-CREDITO-A-LA-FIRMA-CHIL-3.jpg 1920w\" sizes=\"auto, (max-width: 1024px) 100vw, 1024px\" \/><\/figure>\n\n\n\n<p>\u201cRecibimos la visita del Intendente y del secretario Guillermo Merediz, quienes nos otorgaron un cr\u00e9dito para la ampliaci\u00f3n de la planta, que es la construcci\u00f3n de un galp\u00f3n de 2000 metros cuadrados para aumentar la producci\u00f3n de todas las l\u00edneas. Queremos trabajar en una l\u00ednea de productos m\u00e1s naturales, con cereales integrales con fortificaciones para ampliar nuestra cartera de producto\u201d, manifest\u00f3 agradecido el empresario, quien record\u00f3 que \u201cformamos parte de los inicios del Parque Industrial y de su crecimiento, siempre con el apoyo del Municipio y del Dr. Mussi, quien se puso al hombro la Industria en estos a\u00f1os. Contamos con 60 trabajadores que casi en un 100% son de Berazategui\u201d.<br><br>Adem\u00e1s, acompa\u00f1aron al Intendente, los secretarios municipales de Trabajo, Juan Manuel Parra; de Desarrollo Social y Comunitario, Mar\u00eda Laura Lacava; y la titular de la Secretar\u00eda Privada, Mar\u00eda Del Carmen Flores. Tambi\u00e9n asistieron industriales y empresarios, como los berazateguenses Daniel Rosato (presidente de Industriales Pymes Argentinos, IPA) y Alejandro Bartalini (presidente de la Uni\u00f3n Industrial de Berazategui, UIB).<\/p>\n","protected":false},"excerpt":{"rendered":"<p>El secretario de la Peque\u00f1a y Mediana Empresa y los Emprendedores de la Naci\u00f3n, Guillermo Merediz; y el intendente de Berazategui, Juan Jos\u00e9 Mussi, recorrieron e hicieron entrega de un cr\u00e9dito a la empresa CHIL, que funciona en el Parque Industrial Pl\u00e1tanos (Av. Milazzo N\u00b0 3251). A trav\u00e9s de esta ayuda econ\u00f3mica, la compa\u00f1\u00eda podr\u00e1&#8230;<\/p>\n","protected":false},"author":2,"featured_media":12575,"comment_status":"open","ping_status":"open","sticky":false,"template":"","format":"standard","meta":{"footnotes":""},"categories":[3],"tags":[],"class_list":["post-12571","post","type-post","status-publish","format-standard","has-post-thumbnail","hentry","category-berazategui"],"featured_image_src":"https:\/\/diarioprincipios.com\/wp-content\/uploads\/2022\/02\/MUSSI-Y-EL-SECRETARIO-DE-LA-PEQUENA-Y-MEDIANA-EMPRESA-ENTREGARON-UN-CREDITO-A-LA-FIRMA-CHIL-4-1024x683.jpg","blog_images":{"medium":"https:\/\/diarioprincipios.com\/wp-content\/uploads\/2022\/02\/MUSSI-Y-EL-SECRETARIO-DE-LA-PEQUENA-Y-MEDIANA-EMPRESA-ENTREGARON-UN-CREDITO-A-LA-FIRMA-CHIL-4-300x200.jpg","large":"https:\/\/diarioprincipios.com\/wp-content\/uploads\/2022\/02\/MUSSI-Y-EL-SECRETARIO-DE-LA-PEQUENA-Y-MEDIANA-EMPRESA-ENTREGARON-UN-CREDITO-A-LA-FIRMA-CHIL-4-1024x683.jpg"},"ams_acf":[],"yoast_head":"<!-- This site is optimized with the Yoast SEO plugin v27.3 - https:\/\/yoast.com\/product\/yoast-seo-wordpress\/ -->\n<title>Mussi y el Secretario de la Peque\u00f1a y Mediana Empresa entregaron Cr\u00e9dito a una industria del Parque Pl\u00e1tanos - Principios<\/title>\n<meta name=\"robots\" content=\"index, follow, max-snippet:-1, max-image-preview:large, max-video-preview:-1\" \/>\n<link rel=\"canonical\" href=\"https:\/\/diarioprincipios.com\/index.php\/2022\/02\/16\/mussi-y-el-secretario-de-la-pequena-y-mediana-empresa-entregaron-credito-a-una-industria-del-parque-platanos\/\" \/>\n<meta property=\"og:locale\" content=\"es_ES\" \/>\n<meta property=\"og:type\" content=\"article\" \/>\n<meta property=\"og:title\" content=\"Mussi y el Secretario de la Peque\u00f1a y Mediana Empresa entregaron Cr\u00e9dito a una industria del Parque Pl\u00e1tanos - Principios\" \/>\n<meta property=\"og:description\" content=\"El secretario de la Peque\u00f1a y Mediana Empresa y los Emprendedores de la Naci\u00f3n, Guillermo Merediz; y el intendente de Berazategui, Juan Jos\u00e9 Mussi, recorrieron e hicieron entrega de un cr\u00e9dito a la empresa CHIL, que funciona en el Parque Industrial Pl\u00e1tanos (Av. Milazzo N\u00b0 3251). A trav\u00e9s de esta ayuda econ\u00f3mica, la compa\u00f1\u00eda podr\u00e1...\" \/>\n<meta property=\"og:url\" content=\"https:\/\/diarioprincipios.com\/index.php\/2022\/02\/16\/mussi-y-el-secretario-de-la-pequena-y-mediana-empresa-entregaron-credito-a-una-industria-del-parque-platanos\/\" \/>\n<meta property=\"og:site_name\" content=\"Principios\" \/>\n<meta property=\"article:published_time\" content=\"2022-02-16T21:24:23+00:00\" \/>\n<meta property=\"article:modified_time\" content=\"2022-02-16T21:24:27+00:00\" \/>\n<meta property=\"og:image\" content=\"https:\/\/diarioprincipios.com\/wp-content\/uploads\/2022\/02\/MUSSI-Y-EL-SECRETARIO-DE-LA-PEQUENA-Y-MEDIANA-EMPRESA-ENTREGARON-UN-CREDITO-A-LA-FIRMA-CHIL-4.jpg\" \/>\n\t<meta property=\"og:image:width\" content=\"1920\" \/>\n\t<meta property=\"og:image:height\" content=\"1280\" \/>\n\t<meta property=\"og:image:type\" content=\"image\/jpeg\" \/>\n<meta name=\"author\" content=\"Hern\u00e1n L\u00f3pez\" \/>\n<meta name=\"twitter:card\" content=\"summary_large_image\" \/>\n<meta name=\"twitter:label1\" content=\"Escrito por\" \/>\n\t<meta name=\"twitter:data1\" content=\"Hern\u00e1n L\u00f3pez\" \/>\n\t<meta name=\"twitter:label2\" content=\"Tiempo de lectura\" \/>\n\t<meta name=\"twitter:data2\" content=\"4 minutos\" \/>\n<script type=\"application\/ld+json\" class=\"yoast-schema-graph\">{\"@context\":\"https:\\\/\\\/schema.org\",\"@graph\":[{\"@type\":\"Article\",\"@id\":\"https:\\\/\\\/diarioprincipios.com\\\/index.php\\\/2022\\\/02\\\/16\\\/mussi-y-el-secretario-de-la-pequena-y-mediana-empresa-entregaron-credito-a-una-industria-del-parque-platanos\\\/#article\",\"isPartOf\":{\"@id\":\"https:\\\/\\\/diarioprincipios.com\\\/index.php\\\/2022\\\/02\\\/16\\\/mussi-y-el-secretario-de-la-pequena-y-mediana-empresa-entregaron-credito-a-una-industria-del-parque-platanos\\\/\"},\"author\":{\"name\":\"Hern\u00e1n L\u00f3pez\",\"@id\":\"https:\\\/\\\/diarioprincipios.com\\\/#\\\/schema\\\/person\\\/436d5a1fd41a5e250e23ff5a6a7cb080\"},\"headline\":\"Mussi y el Secretario de la Peque\u00f1a y Mediana Empresa entregaron Cr\u00e9dito a una industria del Parque Pl\u00e1tanos\",\"datePublished\":\"2022-02-16T21:24:23+00:00\",\"dateModified\":\"2022-02-16T21:24:27+00:00\",\"mainEntityOfPage\":{\"@id\":\"https:\\\/\\\/diarioprincipios.com\\\/index.php\\\/2022\\\/02\\\/16\\\/mussi-y-el-secretario-de-la-pequena-y-mediana-empresa-entregaron-credito-a-una-industria-del-parque-platanos\\\/\"},\"wordCount\":769,\"commentCount\":0,\"publisher\":{\"@id\":\"https:\\\/\\\/diarioprincipios.com\\\/#organization\"},\"image\":{\"@id\":\"https:\\\/\\\/diarioprincipios.com\\\/index.php\\\/2022\\\/02\\\/16\\\/mussi-y-el-secretario-de-la-pequena-y-mediana-empresa-entregaron-credito-a-una-industria-del-parque-platanos\\\/#primaryimage\"},\"thumbnailUrl\":\"https:\\\/\\\/diarioprincipios.com\\\/wp-content\\\/uploads\\\/2022\\\/02\\\/MUSSI-Y-EL-SECRETARIO-DE-LA-PEQUENA-Y-MEDIANA-EMPRESA-ENTREGARON-UN-CREDITO-A-LA-FIRMA-CHIL-4.jpg\",\"articleSection\":[\"Berazategui\"],\"inLanguage\":\"es\",\"potentialAction\":[{\"@type\":\"CommentAction\",\"name\":\"Comment\",\"target\":[\"https:\\\/\\\/diarioprincipios.com\\\/index.php\\\/2022\\\/02\\\/16\\\/mussi-y-el-secretario-de-la-pequena-y-mediana-empresa-entregaron-credito-a-una-industria-del-parque-platanos\\\/#respond\"]}]},{\"@type\":\"WebPage\",\"@id\":\"https:\\\/\\\/diarioprincipios.com\\\/index.php\\\/2022\\\/02\\\/16\\\/mussi-y-el-secretario-de-la-pequena-y-mediana-empresa-entregaron-credito-a-una-industria-del-parque-platanos\\\/\",\"url\":\"https:\\\/\\\/diarioprincipios.com\\\/index.php\\\/2022\\\/02\\\/16\\\/mussi-y-el-secretario-de-la-pequena-y-mediana-empresa-entregaron-credito-a-una-industria-del-parque-platanos\\\/\",\"name\":\"Mussi y el Secretario de la Peque\u00f1a y Mediana Empresa entregaron Cr\u00e9dito a una industria del Parque Pl\u00e1tanos - Principios\",\"isPartOf\":{\"@id\":\"https:\\\/\\\/diarioprincipios.com\\\/#website\"},\"primaryImageOfPage\":{\"@id\":\"https:\\\/\\\/diarioprincipios.com\\\/index.php\\\/2022\\\/02\\\/16\\\/mussi-y-el-secretario-de-la-pequena-y-mediana-empresa-entregaron-credito-a-una-industria-del-parque-platanos\\\/#primaryimage\"},\"image\":{\"@id\":\"https:\\\/\\\/diarioprincipios.com\\\/index.php\\\/2022\\\/02\\\/16\\\/mussi-y-el-secretario-de-la-pequena-y-mediana-empresa-entregaron-credito-a-una-industria-del-parque-platanos\\\/#primaryimage\"},\"thumbnailUrl\":\"https:\\\/\\\/diarioprincipios.com\\\/wp-content\\\/uploads\\\/2022\\\/02\\\/MUSSI-Y-EL-SECRETARIO-DE-LA-PEQUENA-Y-MEDIANA-EMPRESA-ENTREGARON-UN-CREDITO-A-LA-FIRMA-CHIL-4.jpg\",\"datePublished\":\"2022-02-16T21:24:23+00:00\",\"dateModified\":\"2022-02-16T21:24:27+00:00\",\"breadcrumb\":{\"@id\":\"https:\\\/\\\/diarioprincipios.com\\\/index.php\\\/2022\\\/02\\\/16\\\/mussi-y-el-secretario-de-la-pequena-y-mediana-empresa-entregaron-credito-a-una-industria-del-parque-platanos\\\/#breadcrumb\"},\"inLanguage\":\"es\",\"potentialAction\":[{\"@type\":\"ReadAction\",\"target\":[\"https:\\\/\\\/diarioprincipios.com\\\/index.php\\\/2022\\\/02\\\/16\\\/mussi-y-el-secretario-de-la-pequena-y-mediana-empresa-entregaron-credito-a-una-industria-del-parque-platanos\\\/\"]}]},{\"@type\":\"ImageObject\",\"inLanguage\":\"es\",\"@id\":\"https:\\\/\\\/diarioprincipios.com\\\/index.php\\\/2022\\\/02\\\/16\\\/mussi-y-el-secretario-de-la-pequena-y-mediana-empresa-entregaron-credito-a-una-industria-del-parque-platanos\\\/#primaryimage\",\"url\":\"https:\\\/\\\/diarioprincipios.com\\\/wp-content\\\/uploads\\\/2022\\\/02\\\/MUSSI-Y-EL-SECRETARIO-DE-LA-PEQUENA-Y-MEDIANA-EMPRESA-ENTREGARON-UN-CREDITO-A-LA-FIRMA-CHIL-4.jpg\",\"contentUrl\":\"https:\\\/\\\/diarioprincipios.com\\\/wp-content\\\/uploads\\\/2022\\\/02\\\/MUSSI-Y-EL-SECRETARIO-DE-LA-PEQUENA-Y-MEDIANA-EMPRESA-ENTREGARON-UN-CREDITO-A-LA-FIRMA-CHIL-4.jpg\",\"width\":1920,\"height\":1280},{\"@type\":\"BreadcrumbList\",\"@id\":\"https:\\\/\\\/diarioprincipios.com\\\/index.php\\\/2022\\\/02\\\/16\\\/mussi-y-el-secretario-de-la-pequena-y-mediana-empresa-entregaron-credito-a-una-industria-del-parque-platanos\\\/#breadcrumb\",\"itemListElement\":[{\"@type\":\"ListItem\",\"position\":1,\"name\":\"Portada\",\"item\":\"https:\\\/\\\/diarioprincipios.com\\\/\"},{\"@type\":\"ListItem\",\"position\":2,\"name\":\"Mussi y el Secretario de la Peque\u00f1a y Mediana Empresa entregaron Cr\u00e9dito a una industria del Parque Pl\u00e1tanos\"}]},{\"@type\":\"WebSite\",\"@id\":\"https:\\\/\\\/diarioprincipios.com\\\/#website\",\"url\":\"https:\\\/\\\/diarioprincipios.com\\\/\",\"name\":\"Principios\",\"description\":\"Principios Diario\",\"publisher\":{\"@id\":\"https:\\\/\\\/diarioprincipios.com\\\/#organization\"},\"potentialAction\":[{\"@type\":\"SearchAction\",\"target\":{\"@type\":\"EntryPoint\",\"urlTemplate\":\"https:\\\/\\\/diarioprincipios.com\\\/?s={search_term_string}\"},\"query-input\":{\"@type\":\"PropertyValueSpecification\",\"valueRequired\":true,\"valueName\":\"search_term_string\"}}],\"inLanguage\":\"es\"},{\"@type\":\"Organization\",\"@id\":\"https:\\\/\\\/diarioprincipios.com\\\/#organization\",\"name\":\"Principios\",\"url\":\"https:\\\/\\\/diarioprincipios.com\\\/\",\"logo\":{\"@type\":\"ImageObject\",\"inLanguage\":\"es\",\"@id\":\"https:\\\/\\\/diarioprincipios.com\\\/#\\\/schema\\\/logo\\\/image\\\/\",\"url\":\"https:\\\/\\\/diarioprincipios.com\\\/wp-content\\\/uploads\\\/2024\\\/04\\\/cropped-www.diarioprincipios.com_-1.png\",\"contentUrl\":\"https:\\\/\\\/diarioprincipios.com\\\/wp-content\\\/uploads\\\/2024\\\/04\\\/cropped-www.diarioprincipios.com_-1.png\",\"width\":5325,\"height\":1454,\"caption\":\"Principios\"},\"image\":{\"@id\":\"https:\\\/\\\/diarioprincipios.com\\\/#\\\/schema\\\/logo\\\/image\\\/\"}},{\"@type\":\"Person\",\"@id\":\"https:\\\/\\\/diarioprincipios.com\\\/#\\\/schema\\\/person\\\/436d5a1fd41a5e250e23ff5a6a7cb080\",\"name\":\"Hern\u00e1n L\u00f3pez\",\"image\":{\"@type\":\"ImageObject\",\"inLanguage\":\"es\",\"@id\":\"https:\\\/\\\/diarioprincipios.com\\\/wp-content\\\/litespeed\\\/avatar\\\/11ddfe5610ff3bd100522525b2571f48.jpg?ver=1777653193\",\"url\":\"https:\\\/\\\/diarioprincipios.com\\\/wp-content\\\/litespeed\\\/avatar\\\/11ddfe5610ff3bd100522525b2571f48.jpg?ver=1777653193\",\"contentUrl\":\"https:\\\/\\\/diarioprincipios.com\\\/wp-content\\\/litespeed\\\/avatar\\\/11ddfe5610ff3bd100522525b2571f48.jpg?ver=1777653193\",\"caption\":\"Hern\u00e1n L\u00f3pez\"},\"url\":\"https:\\\/\\\/diarioprincipios.com\\\/index.php\\\/author\\\/hernan\\\/\"}]}<\/script>\n<!-- \/ Yoast SEO plugin. -->","yoast_head_json":{"title":"Mussi y el Secretario de la Peque\u00f1a y Mediana Empresa entregaron Cr\u00e9dito a una industria del Parque Pl\u00e1tanos - Principios","robots":{"index":"index","follow":"follow","max-snippet":"max-snippet:-1","max-image-preview":"max-image-preview:large","max-video-preview":"max-video-preview:-1"},"canonical":"https:\/\/diarioprincipios.com\/index.php\/2022\/02\/16\/mussi-y-el-secretario-de-la-pequena-y-mediana-empresa-entregaron-credito-a-una-industria-del-parque-platanos\/","og_locale":"es_ES","og_type":"article","og_title":"Mussi y el Secretario de la Peque\u00f1a y Mediana Empresa entregaron Cr\u00e9dito a una industria del Parque Pl\u00e1tanos - Principios","og_description":"El secretario de la Peque\u00f1a y Mediana Empresa y los Emprendedores de la Naci\u00f3n, Guillermo Merediz; y el intendente de Berazategui, Juan Jos\u00e9 Mussi, recorrieron e hicieron entrega de un cr\u00e9dito a la empresa CHIL, que funciona en el Parque Industrial Pl\u00e1tanos (Av. Milazzo N\u00b0 3251). A trav\u00e9s de esta ayuda econ\u00f3mica, la compa\u00f1\u00eda podr\u00e1...","og_url":"https:\/\/diarioprincipios.com\/index.php\/2022\/02\/16\/mussi-y-el-secretario-de-la-pequena-y-mediana-empresa-entregaron-credito-a-una-industria-del-parque-platanos\/","og_site_name":"Principios","article_published_time":"2022-02-16T21:24:23+00:00","article_modified_time":"2022-02-16T21:24:27+00:00","og_image":[{"width":1920,"height":1280,"url":"https:\/\/diarioprincipios.com\/wp-content\/uploads\/2022\/02\/MUSSI-Y-EL-SECRETARIO-DE-LA-PEQUENA-Y-MEDIANA-EMPRESA-ENTREGARON-UN-CREDITO-A-LA-FIRMA-CHIL-4.jpg","type":"image\/jpeg"}],"author":"Hern\u00e1n L\u00f3pez","twitter_card":"summary_large_image","twitter_misc":{"Escrito por":"Hern\u00e1n L\u00f3pez","Tiempo de lectura":"4 minutos"},"schema":{"@context":"https:\/\/schema.org","@graph":[{"@type":"Article","@id":"https:\/\/diarioprincipios.com\/index.php\/2022\/02\/16\/mussi-y-el-secretario-de-la-pequena-y-mediana-empresa-entregaron-credito-a-una-industria-del-parque-platanos\/#article","isPartOf":{"@id":"https:\/\/diarioprincipios.com\/index.php\/2022\/02\/16\/mussi-y-el-secretario-de-la-pequena-y-mediana-empresa-entregaron-credito-a-una-industria-del-parque-platanos\/"},"author":{"name":"Hern\u00e1n L\u00f3pez","@id":"https:\/\/diarioprincipios.com\/#\/schema\/person\/436d5a1fd41a5e250e23ff5a6a7cb080"},"headline":"Mussi y el Secretario de la Peque\u00f1a y Mediana Empresa entregaron Cr\u00e9dito a una industria del Parque Pl\u00e1tanos","datePublished":"2022-02-16T21:24:23+00:00","dateModified":"2022-02-16T21:24:27+00:00","mainEntityOfPage":{"@id":"https:\/\/diarioprincipios.com\/index.php\/2022\/02\/16\/mussi-y-el-secretario-de-la-pequena-y-mediana-empresa-entregaron-credito-a-una-industria-del-parque-platanos\/"},"wordCount":769,"commentCount":0,"publisher":{"@id":"https:\/\/diarioprincipios.com\/#organization"},"image":{"@id":"https:\/\/diarioprincipios.com\/index.php\/2022\/02\/16\/mussi-y-el-secretario-de-la-pequena-y-mediana-empresa-entregaron-credito-a-una-industria-del-parque-platanos\/#primaryimage"},"thumbnailUrl":"https:\/\/diarioprincipios.com\/wp-content\/uploads\/2022\/02\/MUSSI-Y-EL-SECRETARIO-DE-LA-PEQUENA-Y-MEDIANA-EMPRESA-ENTREGARON-UN-CREDITO-A-LA-FIRMA-CHIL-4.jpg","articleSection":["Berazategui"],"inLanguage":"es","potentialAction":[{"@type":"CommentAction","name":"Comment","target":["https:\/\/diarioprincipios.com\/index.php\/2022\/02\/16\/mussi-y-el-secretario-de-la-pequena-y-mediana-empresa-entregaron-credito-a-una-industria-del-parque-platanos\/#respond"]}]},{"@type":"WebPage","@id":"https:\/\/diarioprincipios.com\/index.php\/2022\/02\/16\/mussi-y-el-secretario-de-la-pequena-y-mediana-empresa-entregaron-credito-a-una-industria-del-parque-platanos\/","url":"https:\/\/diarioprincipios.com\/index.php\/2022\/02\/16\/mussi-y-el-secretario-de-la-pequena-y-mediana-empresa-entregaron-credito-a-una-industria-del-parque-platanos\/","name":"Mussi y el Secretario de la Peque\u00f1a y Mediana Empresa entregaron Cr\u00e9dito a una industria del Parque Pl\u00e1tanos - Principios","isPartOf":{"@id":"https:\/\/diarioprincipios.com\/#website"},"primaryImageOfPage":{"@id":"https:\/\/diarioprincipios.com\/index.php\/2022\/02\/16\/mussi-y-el-secretario-de-la-pequena-y-mediana-empresa-entregaron-credito-a-una-industria-del-parque-platanos\/#primaryimage"},"image":{"@id":"https:\/\/diarioprincipios.com\/index.php\/2022\/02\/16\/mussi-y-el-secretario-de-la-pequena-y-mediana-empresa-entregaron-credito-a-una-industria-del-parque-platanos\/#primaryimage"},"thumbnailUrl":"https:\/\/diarioprincipios.com\/wp-content\/uploads\/2022\/02\/MUSSI-Y-EL-SECRETARIO-DE-LA-PEQUENA-Y-MEDIANA-EMPRESA-ENTREGARON-UN-CREDITO-A-LA-FIRMA-CHIL-4.jpg","datePublished":"2022-02-16T21:24:23+00:00","dateModified":"2022-02-16T21:24:27+00:00","breadcrumb":{"@id":"https:\/\/diarioprincipios.com\/index.php\/2022\/02\/16\/mussi-y-el-secretario-de-la-pequena-y-mediana-empresa-entregaron-credito-a-una-industria-del-parque-platanos\/#breadcrumb"},"inLanguage":"es","potentialAction":[{"@type":"ReadAction","target":["https:\/\/diarioprincipios.com\/index.php\/2022\/02\/16\/mussi-y-el-secretario-de-la-pequena-y-mediana-empresa-entregaron-credito-a-una-industria-del-parque-platanos\/"]}]},{"@type":"ImageObject","inLanguage":"es","@id":"https:\/\/diarioprincipios.com\/index.php\/2022\/02\/16\/mussi-y-el-secretario-de-la-pequena-y-mediana-empresa-entregaron-credito-a-una-industria-del-parque-platanos\/#primaryimage","url":"https:\/\/diarioprincipios.com\/wp-content\/uploads\/2022\/02\/MUSSI-Y-EL-SECRETARIO-DE-LA-PEQUENA-Y-MEDIANA-EMPRESA-ENTREGARON-UN-CREDITO-A-LA-FIRMA-CHIL-4.jpg","contentUrl":"https:\/\/diarioprincipios.com\/wp-content\/uploads\/2022\/02\/MUSSI-Y-EL-SECRETARIO-DE-LA-PEQUENA-Y-MEDIANA-EMPRESA-ENTREGARON-UN-CREDITO-A-LA-FIRMA-CHIL-4.jpg","width":1920,"height":1280},{"@type":"BreadcrumbList","@id":"https:\/\/diarioprincipios.com\/index.php\/2022\/02\/16\/mussi-y-el-secretario-de-la-pequena-y-mediana-empresa-entregaron-credito-a-una-industria-del-parque-platanos\/#breadcrumb","itemListElement":[{"@type":"ListItem","position":1,"name":"Portada","item":"https:\/\/diarioprincipios.com\/"},{"@type":"ListItem","position":2,"name":"Mussi y el Secretario de la Peque\u00f1a y Mediana Empresa entregaron Cr\u00e9dito a una industria del Parque Pl\u00e1tanos"}]},{"@type":"WebSite","@id":"https:\/\/diarioprincipios.com\/#website","url":"https:\/\/diarioprincipios.com\/","name":"Principios","description":"Principios Diario","publisher":{"@id":"https:\/\/diarioprincipios.com\/#organization"},"potentialAction":[{"@type":"SearchAction","target":{"@type":"EntryPoint","urlTemplate":"https:\/\/diarioprincipios.com\/?s={search_term_string}"},"query-input":{"@type":"PropertyValueSpecification","valueRequired":true,"valueName":"search_term_string"}}],"inLanguage":"es"},{"@type":"Organization","@id":"https:\/\/diarioprincipios.com\/#organization","name":"Principios","url":"https:\/\/diarioprincipios.com\/","logo":{"@type":"ImageObject","inLanguage":"es","@id":"https:\/\/diarioprincipios.com\/#\/schema\/logo\/image\/","url":"https:\/\/diarioprincipios.com\/wp-content\/uploads\/2024\/04\/cropped-www.diarioprincipios.com_-1.png","contentUrl":"https:\/\/diarioprincipios.com\/wp-content\/uploads\/2024\/04\/cropped-www.diarioprincipios.com_-1.png","width":5325,"height":1454,"caption":"Principios"},"image":{"@id":"https:\/\/diarioprincipios.com\/#\/schema\/logo\/image\/"}},{"@type":"Person","@id":"https:\/\/diarioprincipios.com\/#\/schema\/person\/436d5a1fd41a5e250e23ff5a6a7cb080","name":"Hern\u00e1n L\u00f3pez","image":{"@type":"ImageObject","inLanguage":"es","@id":"https:\/\/diarioprincipios.com\/wp-content\/litespeed\/avatar\/11ddfe5610ff3bd100522525b2571f48.jpg?ver=1777653193","url":"https:\/\/diarioprincipios.com\/wp-content\/litespeed\/avatar\/11ddfe5610ff3bd100522525b2571f48.jpg?ver=1777653193","contentUrl":"https:\/\/diarioprincipios.com\/wp-content\/litespeed\/avatar\/11ddfe5610ff3bd100522525b2571f48.jpg?ver=1777653193","caption":"Hern\u00e1n L\u00f3pez"},"url":"https:\/\/diarioprincipios.com\/index.php\/author\/hernan\/"}]}},"jetpack_featured_media_url":"https:\/\/diarioprincipios.com\/wp-content\/uploads\/2022\/02\/MUSSI-Y-EL-SECRETARIO-DE-LA-PEQUENA-Y-MEDIANA-EMPRESA-ENTREGARON-UN-CREDITO-A-LA-FIRMA-CHIL-4.jpg","_links":{"self":[{"href":"https:\/\/diarioprincipios.com\/index.php\/wp-json\/wp\/v2\/posts\/12571","targetHints":{"allow":["GET"]}}],"collection":[{"href":"https:\/\/diarioprincipios.com\/index.php\/wp-json\/wp\/v2\/posts"}],"about":[{"href":"https:\/\/diarioprincipios.com\/index.php\/wp-json\/wp\/v2\/types\/post"}],"author":[{"embeddable":true,"href":"https:\/\/diarioprincipios.com\/index.php\/wp-json\/wp\/v2\/users\/2"}],"replies":[{"embeddable":true,"href":"https:\/\/diarioprincipios.com\/index.php\/wp-json\/wp\/v2\/comments?post=12571"}],"version-history":[{"count":1,"href":"https:\/\/diarioprincipios.com\/index.php\/wp-json\/wp\/v2\/posts\/12571\/revisions"}],"predecessor-version":[{"id":12576,"href":"https:\/\/diarioprincipios.com\/index.php\/wp-json\/wp\/v2\/posts\/12571\/revisions\/12576"}],"wp:featuredmedia":[{"embeddable":true,"href":"https:\/\/diarioprincipios.com\/index.php\/wp-json\/wp\/v2\/media\/12575"}],"wp:attachment":[{"href":"https:\/\/diarioprincipios.com\/index.php\/wp-json\/wp\/v2\/media?parent=12571"}],"wp:term":[{"taxonomy":"category","embeddable":true,"href":"https:\/\/diarioprincipios.com\/index.php\/wp-json\/wp\/v2\/categories?post=12571"},{"taxonomy":"post_tag","embeddable":true,"href":"https:\/\/diarioprincipios.com\/index.php\/wp-json\/wp\/v2\/tags?post=12571"}],"curies":[{"name":"wp","href":"https:\/\/api.w.org\/{rel}","templated":true}]}}