{"id":12565,"date":"2022-02-16T18:11:33","date_gmt":"2022-02-16T21:11:33","guid":{"rendered":"http:\/\/diarioprincipios.com\/?p=12565"},"modified":"2022-02-16T18:11:40","modified_gmt":"2022-02-16T21:11:40","slug":"se-viene-la-1-feria-del-libro-orientada-a-las-juventudes","status":"publish","type":"post","link":"https:\/\/diarioprincipios.com\/index.php\/2022\/02\/16\/se-viene-la-1-feria-del-libro-orientada-a-las-juventudes\/","title":{"rendered":"Se viene la 1\u00b0 Feria del Libro orientada a las Juventudes"},"content":{"rendered":"\n<p><strong>El s\u00e1bado 19 y domingo 20 de febrero, la Municipalidad de Berazategui -gestionada por el intendente Juan Jos\u00e9 Mussi- presentar\u00e1 \u201cLa Calle de los Libros\u201d: una mini versi\u00f3n de la Feria del Libro orientada hacia los m\u00e1s j\u00f3venes. Habr\u00e1 editoriales independientes, talleres, charlas, una muestra fotogr\u00e1fica sobre Diego Armando Maradona, artistas invitados -entre los que se encuentran Miss Bolivia y el grupo The Walking Conurban-.<\/strong><\/p>\n\n\n\n<p>Organizada por la Secretar\u00eda de Cultura y Educaci\u00f3n, la propuesta se desarrollar\u00e1 de 16.00 a 22.00 en el Complejo Cultural La Calle ubicado en 148 y 18 A -contiguo al Centro De Vicenzo-, con entrada gratuita.<\/p>\n\n\n\n<p>\u201cEn &#8216;La Calle de los Libros&#8217; se presentar\u00e1n contenidos orientados a las juventudes\u201d, afirm\u00f3 Federico L\u00f3pez, secretario de Cultura y Educaci\u00f3n del Municipio. Y continu\u00f3: \u201cParticipar\u00e1n editoriales independientes, m\u00fasicos y autores que presentar\u00e1n sus libros. Adem\u00e1s, se realizar\u00e1n talleres, encuentros y charlas. Estar\u00e1 presente Miss Bolivia, participar\u00e1 nuevamente The Walking Conurban en Berazategui y una fot\u00f3grafa del diario Tiempo Argentino realizar\u00e1 una muestra sobre Diego Armando Maradona dentro de la presentaci\u00f3n de un libro sobre su muerte, entre otras acciones\u201d. Tambi\u00e9n habr\u00e1 una feria de productores locales que participan de la Tienda Regal\u00e1 Cultura.<\/p>\n\n\n\n<p>Asimismo, el Secretario destac\u00f3: \u201cEs la primera experiencia de Feria del Libro Joven en el Complejo Cultural La Calle, un espacio nuevo que tiene sus ciclos, como &#8216;La Calle celebra&#8217;, dentro del cual este mes celebramos a Luis Alberto Spinetta. Es un lugar de encuentro para las juventudes, abierto a sus propuestas y proyectos, que busca construir identidad y pol\u00edticas p\u00fablicas para el distrito\u201d.<\/p>\n\n\n\n<p>Tambi\u00e9n, con respecto al nuevo Complejo, Federico L\u00f3pez inform\u00f3 que \u201cen poco tiempo iniciaremos la Plaza Seca de La Calle, una obra que nos va a permitir desarrollar acciones en el exterior del edificio, con un mayor espacio disponible que se complementar\u00e1 con el Centro de Actividades Roberto De Vicenzo\u201d.<\/p>\n\n\n\n<p><strong>MEDIDAS DE SEGURIDAD Y PASE SANITARIO<br><\/strong><br>El evento se realizar\u00e1 bajo estrictas medidas preventivas contra el COVID-19, entre ellas el uso de barbijo (debe cubrir nariz, boca y ment\u00f3n), el distanciamiento social (2 mts.) y la sanitizaci\u00f3n de manos, adem\u00e1s del respeto del aforo.<\/p>\n\n\n\n<p>Asimismo, y de acuerdo a la reciente disposici\u00f3n del Gobierno bonaerense, los y las asistentes deben presentar el Pase Sanitario correspondiente, que implica la acreditaci\u00f3n del esquema de vacunaci\u00f3n COVID-19. Se puede acceder a esta certificaci\u00f3n mediante las App VacunatePBA y Mi Argentina, la Web&nbsp;<a rel=\"noreferrer noopener\" target=\"_blank\" href=\"http:\/\/mi.argentina.gob.ar\/\">mi.argentina.gob.ar<\/a>&nbsp;o con el carnet f\u00edsico en tarjeta o cart\u00f3n que se extiende en las Postas de vacunaci\u00f3n.<\/p>\n","protected":false},"excerpt":{"rendered":"<p>El s\u00e1bado 19 y domingo 20 de febrero, la Municipalidad de Berazategui -gestionada por el intendente Juan Jos\u00e9 Mussi- presentar\u00e1 \u201cLa Calle de los Libros\u201d: una mini versi\u00f3n de la Feria del Libro orientada hacia los m\u00e1s j\u00f3venes. Habr\u00e1 editoriales independientes, talleres, charlas, una muestra fotogr\u00e1fica sobre Diego Armando Maradona, artistas invitados -entre los que&#8230;<\/p>\n","protected":false},"author":2,"featured_media":12566,"comment_status":"open","ping_status":"open","sticky":false,"template":"","format":"standard","meta":{"footnotes":""},"categories":[3],"tags":[],"class_list":["post-12565","post","type-post","status-publish","format-standard","has-post-thumbnail","hentry","category-berazategui"],"featured_image_src":"https:\/\/diarioprincipios.com\/wp-content\/uploads\/2022\/02\/SE-VIENE-LA-PRIMERA-FERIA-DEL-LIBRO-ORIENTADA-A-LAS-JUVENTUDES-1024x682.jpeg","blog_images":{"medium":"https:\/\/diarioprincipios.com\/wp-content\/uploads\/2022\/02\/SE-VIENE-LA-PRIMERA-FERIA-DEL-LIBRO-ORIENTADA-A-LAS-JUVENTUDES-300x200.jpeg","large":"https:\/\/diarioprincipios.com\/wp-content\/uploads\/2022\/02\/SE-VIENE-LA-PRIMERA-FERIA-DEL-LIBRO-ORIENTADA-A-LAS-JUVENTUDES-1024x682.jpeg"},"ams_acf":[],"yoast_head":"<!-- This site is optimized with the Yoast SEO plugin v27.3 - https:\/\/yoast.com\/product\/yoast-seo-wordpress\/ -->\n<title>Se viene la 1\u00b0 Feria del Libro orientada a las Juventudes - Principios<\/title>\n<meta name=\"robots\" content=\"index, follow, max-snippet:-1, max-image-preview:large, max-video-preview:-1\" \/>\n<link rel=\"canonical\" href=\"https:\/\/diarioprincipios.com\/index.php\/2022\/02\/16\/se-viene-la-1-feria-del-libro-orientada-a-las-juventudes\/\" \/>\n<meta property=\"og:locale\" content=\"es_ES\" \/>\n<meta property=\"og:type\" content=\"article\" \/>\n<meta property=\"og:title\" content=\"Se viene la 1\u00b0 Feria del Libro orientada a las Juventudes - Principios\" \/>\n<meta property=\"og:description\" content=\"El s\u00e1bado 19 y domingo 20 de febrero, la Municipalidad de Berazategui -gestionada por el intendente Juan Jos\u00e9 Mussi- presentar\u00e1 \u201cLa Calle de los Libros\u201d: una mini versi\u00f3n de la Feria del Libro orientada hacia los m\u00e1s j\u00f3venes. Habr\u00e1 editoriales independientes, talleres, charlas, una muestra fotogr\u00e1fica sobre Diego Armando Maradona, artistas invitados -entre los que...\" \/>\n<meta property=\"og:url\" content=\"https:\/\/diarioprincipios.com\/index.php\/2022\/02\/16\/se-viene-la-1-feria-del-libro-orientada-a-las-juventudes\/\" \/>\n<meta property=\"og:site_name\" content=\"Principios\" \/>\n<meta property=\"article:published_time\" content=\"2022-02-16T21:11:33+00:00\" \/>\n<meta property=\"article:modified_time\" content=\"2022-02-16T21:11:40+00:00\" \/>\n<meta property=\"og:image\" content=\"https:\/\/diarioprincipios.com\/wp-content\/uploads\/2022\/02\/SE-VIENE-LA-PRIMERA-FERIA-DEL-LIBRO-ORIENTADA-A-LAS-JUVENTUDES.jpeg\" \/>\n\t<meta property=\"og:image:width\" content=\"1280\" \/>\n\t<meta property=\"og:image:height\" content=\"853\" \/>\n\t<meta property=\"og:image:type\" content=\"image\/jpeg\" \/>\n<meta name=\"author\" content=\"Hern\u00e1n L\u00f3pez\" \/>\n<meta name=\"twitter:card\" content=\"summary_large_image\" \/>\n<meta name=\"twitter:label1\" content=\"Escrito por\" \/>\n\t<meta name=\"twitter:data1\" content=\"Hern\u00e1n L\u00f3pez\" \/>\n\t<meta name=\"twitter:label2\" content=\"Tiempo de lectura\" \/>\n\t<meta name=\"twitter:data2\" content=\"2 minutos\" \/>\n<script type=\"application\/ld+json\" class=\"yoast-schema-graph\">{\"@context\":\"https:\\\/\\\/schema.org\",\"@graph\":[{\"@type\":\"Article\",\"@id\":\"https:\\\/\\\/diarioprincipios.com\\\/index.php\\\/2022\\\/02\\\/16\\\/se-viene-la-1-feria-del-libro-orientada-a-las-juventudes\\\/#article\",\"isPartOf\":{\"@id\":\"https:\\\/\\\/diarioprincipios.com\\\/index.php\\\/2022\\\/02\\\/16\\\/se-viene-la-1-feria-del-libro-orientada-a-las-juventudes\\\/\"},\"author\":{\"name\":\"Hern\u00e1n L\u00f3pez\",\"@id\":\"https:\\\/\\\/diarioprincipios.com\\\/#\\\/schema\\\/person\\\/436d5a1fd41a5e250e23ff5a6a7cb080\"},\"headline\":\"Se viene la 1\u00b0 Feria del Libro orientada a las Juventudes\",\"datePublished\":\"2022-02-16T21:11:33+00:00\",\"dateModified\":\"2022-02-16T21:11:40+00:00\",\"mainEntityOfPage\":{\"@id\":\"https:\\\/\\\/diarioprincipios.com\\\/index.php\\\/2022\\\/02\\\/16\\\/se-viene-la-1-feria-del-libro-orientada-a-las-juventudes\\\/\"},\"wordCount\":456,\"commentCount\":0,\"publisher\":{\"@id\":\"https:\\\/\\\/diarioprincipios.com\\\/#organization\"},\"image\":{\"@id\":\"https:\\\/\\\/diarioprincipios.com\\\/index.php\\\/2022\\\/02\\\/16\\\/se-viene-la-1-feria-del-libro-orientada-a-las-juventudes\\\/#primaryimage\"},\"thumbnailUrl\":\"https:\\\/\\\/diarioprincipios.com\\\/wp-content\\\/uploads\\\/2022\\\/02\\\/SE-VIENE-LA-PRIMERA-FERIA-DEL-LIBRO-ORIENTADA-A-LAS-JUVENTUDES.jpeg\",\"articleSection\":[\"Berazategui\"],\"inLanguage\":\"es\",\"potentialAction\":[{\"@type\":\"CommentAction\",\"name\":\"Comment\",\"target\":[\"https:\\\/\\\/diarioprincipios.com\\\/index.php\\\/2022\\\/02\\\/16\\\/se-viene-la-1-feria-del-libro-orientada-a-las-juventudes\\\/#respond\"]}]},{\"@type\":\"WebPage\",\"@id\":\"https:\\\/\\\/diarioprincipios.com\\\/index.php\\\/2022\\\/02\\\/16\\\/se-viene-la-1-feria-del-libro-orientada-a-las-juventudes\\\/\",\"url\":\"https:\\\/\\\/diarioprincipios.com\\\/index.php\\\/2022\\\/02\\\/16\\\/se-viene-la-1-feria-del-libro-orientada-a-las-juventudes\\\/\",\"name\":\"Se viene la 1\u00b0 Feria del Libro orientada a las Juventudes - Principios\",\"isPartOf\":{\"@id\":\"https:\\\/\\\/diarioprincipios.com\\\/#website\"},\"primaryImageOfPage\":{\"@id\":\"https:\\\/\\\/diarioprincipios.com\\\/index.php\\\/2022\\\/02\\\/16\\\/se-viene-la-1-feria-del-libro-orientada-a-las-juventudes\\\/#primaryimage\"},\"image\":{\"@id\":\"https:\\\/\\\/diarioprincipios.com\\\/index.php\\\/2022\\\/02\\\/16\\\/se-viene-la-1-feria-del-libro-orientada-a-las-juventudes\\\/#primaryimage\"},\"thumbnailUrl\":\"https:\\\/\\\/diarioprincipios.com\\\/wp-content\\\/uploads\\\/2022\\\/02\\\/SE-VIENE-LA-PRIMERA-FERIA-DEL-LIBRO-ORIENTADA-A-LAS-JUVENTUDES.jpeg\",\"datePublished\":\"2022-02-16T21:11:33+00:00\",\"dateModified\":\"2022-02-16T21:11:40+00:00\",\"breadcrumb\":{\"@id\":\"https:\\\/\\\/diarioprincipios.com\\\/index.php\\\/2022\\\/02\\\/16\\\/se-viene-la-1-feria-del-libro-orientada-a-las-juventudes\\\/#breadcrumb\"},\"inLanguage\":\"es\",\"potentialAction\":[{\"@type\":\"ReadAction\",\"target\":[\"https:\\\/\\\/diarioprincipios.com\\\/index.php\\\/2022\\\/02\\\/16\\\/se-viene-la-1-feria-del-libro-orientada-a-las-juventudes\\\/\"]}]},{\"@type\":\"ImageObject\",\"inLanguage\":\"es\",\"@id\":\"https:\\\/\\\/diarioprincipios.com\\\/index.php\\\/2022\\\/02\\\/16\\\/se-viene-la-1-feria-del-libro-orientada-a-las-juventudes\\\/#primaryimage\",\"url\":\"https:\\\/\\\/diarioprincipios.com\\\/wp-content\\\/uploads\\\/2022\\\/02\\\/SE-VIENE-LA-PRIMERA-FERIA-DEL-LIBRO-ORIENTADA-A-LAS-JUVENTUDES.jpeg\",\"contentUrl\":\"https:\\\/\\\/diarioprincipios.com\\\/wp-content\\\/uploads\\\/2022\\\/02\\\/SE-VIENE-LA-PRIMERA-FERIA-DEL-LIBRO-ORIENTADA-A-LAS-JUVENTUDES.jpeg\",\"width\":1280,\"height\":853},{\"@type\":\"BreadcrumbList\",\"@id\":\"https:\\\/\\\/diarioprincipios.com\\\/index.php\\\/2022\\\/02\\\/16\\\/se-viene-la-1-feria-del-libro-orientada-a-las-juventudes\\\/#breadcrumb\",\"itemListElement\":[{\"@type\":\"ListItem\",\"position\":1,\"name\":\"Portada\",\"item\":\"https:\\\/\\\/diarioprincipios.com\\\/\"},{\"@type\":\"ListItem\",\"position\":2,\"name\":\"Se viene la 1\u00b0 Feria del Libro orientada a las Juventudes\"}]},{\"@type\":\"WebSite\",\"@id\":\"https:\\\/\\\/diarioprincipios.com\\\/#website\",\"url\":\"https:\\\/\\\/diarioprincipios.com\\\/\",\"name\":\"Principios\",\"description\":\"Principios Diario\",\"publisher\":{\"@id\":\"https:\\\/\\\/diarioprincipios.com\\\/#organization\"},\"potentialAction\":[{\"@type\":\"SearchAction\",\"target\":{\"@type\":\"EntryPoint\",\"urlTemplate\":\"https:\\\/\\\/diarioprincipios.com\\\/?s={search_term_string}\"},\"query-input\":{\"@type\":\"PropertyValueSpecification\",\"valueRequired\":true,\"valueName\":\"search_term_string\"}}],\"inLanguage\":\"es\"},{\"@type\":\"Organization\",\"@id\":\"https:\\\/\\\/diarioprincipios.com\\\/#organization\",\"name\":\"Principios\",\"url\":\"https:\\\/\\\/diarioprincipios.com\\\/\",\"logo\":{\"@type\":\"ImageObject\",\"inLanguage\":\"es\",\"@id\":\"https:\\\/\\\/diarioprincipios.com\\\/#\\\/schema\\\/logo\\\/image\\\/\",\"url\":\"https:\\\/\\\/diarioprincipios.com\\\/wp-content\\\/uploads\\\/2024\\\/04\\\/cropped-www.diarioprincipios.com_-1.png\",\"contentUrl\":\"https:\\\/\\\/diarioprincipios.com\\\/wp-content\\\/uploads\\\/2024\\\/04\\\/cropped-www.diarioprincipios.com_-1.png\",\"width\":5325,\"height\":1454,\"caption\":\"Principios\"},\"image\":{\"@id\":\"https:\\\/\\\/diarioprincipios.com\\\/#\\\/schema\\\/logo\\\/image\\\/\"}},{\"@type\":\"Person\",\"@id\":\"https:\\\/\\\/diarioprincipios.com\\\/#\\\/schema\\\/person\\\/436d5a1fd41a5e250e23ff5a6a7cb080\",\"name\":\"Hern\u00e1n L\u00f3pez\",\"image\":{\"@type\":\"ImageObject\",\"inLanguage\":\"es\",\"@id\":\"https:\\\/\\\/diarioprincipios.com\\\/wp-content\\\/litespeed\\\/avatar\\\/11ddfe5610ff3bd100522525b2571f48.jpg?ver=1777653193\",\"url\":\"https:\\\/\\\/diarioprincipios.com\\\/wp-content\\\/litespeed\\\/avatar\\\/11ddfe5610ff3bd100522525b2571f48.jpg?ver=1777653193\",\"contentUrl\":\"https:\\\/\\\/diarioprincipios.com\\\/wp-content\\\/litespeed\\\/avatar\\\/11ddfe5610ff3bd100522525b2571f48.jpg?ver=1777653193\",\"caption\":\"Hern\u00e1n L\u00f3pez\"},\"url\":\"https:\\\/\\\/diarioprincipios.com\\\/index.php\\\/author\\\/hernan\\\/\"}]}<\/script>\n<!-- \/ Yoast SEO plugin. -->","yoast_head_json":{"title":"Se viene la 1\u00b0 Feria del Libro orientada a las Juventudes - Principios","robots":{"index":"index","follow":"follow","max-snippet":"max-snippet:-1","max-image-preview":"max-image-preview:large","max-video-preview":"max-video-preview:-1"},"canonical":"https:\/\/diarioprincipios.com\/index.php\/2022\/02\/16\/se-viene-la-1-feria-del-libro-orientada-a-las-juventudes\/","og_locale":"es_ES","og_type":"article","og_title":"Se viene la 1\u00b0 Feria del Libro orientada a las Juventudes - Principios","og_description":"El s\u00e1bado 19 y domingo 20 de febrero, la Municipalidad de Berazategui -gestionada por el intendente Juan Jos\u00e9 Mussi- presentar\u00e1 \u201cLa Calle de los Libros\u201d: una mini versi\u00f3n de la Feria del Libro orientada hacia los m\u00e1s j\u00f3venes. Habr\u00e1 editoriales independientes, talleres, charlas, una muestra fotogr\u00e1fica sobre Diego Armando Maradona, artistas invitados -entre los que...","og_url":"https:\/\/diarioprincipios.com\/index.php\/2022\/02\/16\/se-viene-la-1-feria-del-libro-orientada-a-las-juventudes\/","og_site_name":"Principios","article_published_time":"2022-02-16T21:11:33+00:00","article_modified_time":"2022-02-16T21:11:40+00:00","og_image":[{"width":1280,"height":853,"url":"https:\/\/diarioprincipios.com\/wp-content\/uploads\/2022\/02\/SE-VIENE-LA-PRIMERA-FERIA-DEL-LIBRO-ORIENTADA-A-LAS-JUVENTUDES.jpeg","type":"image\/jpeg"}],"author":"Hern\u00e1n L\u00f3pez","twitter_card":"summary_large_image","twitter_misc":{"Escrito por":"Hern\u00e1n L\u00f3pez","Tiempo de lectura":"2 minutos"},"schema":{"@context":"https:\/\/schema.org","@graph":[{"@type":"Article","@id":"https:\/\/diarioprincipios.com\/index.php\/2022\/02\/16\/se-viene-la-1-feria-del-libro-orientada-a-las-juventudes\/#article","isPartOf":{"@id":"https:\/\/diarioprincipios.com\/index.php\/2022\/02\/16\/se-viene-la-1-feria-del-libro-orientada-a-las-juventudes\/"},"author":{"name":"Hern\u00e1n L\u00f3pez","@id":"https:\/\/diarioprincipios.com\/#\/schema\/person\/436d5a1fd41a5e250e23ff5a6a7cb080"},"headline":"Se viene la 1\u00b0 Feria del Libro orientada a las Juventudes","datePublished":"2022-02-16T21:11:33+00:00","dateModified":"2022-02-16T21:11:40+00:00","mainEntityOfPage":{"@id":"https:\/\/diarioprincipios.com\/index.php\/2022\/02\/16\/se-viene-la-1-feria-del-libro-orientada-a-las-juventudes\/"},"wordCount":456,"commentCount":0,"publisher":{"@id":"https:\/\/diarioprincipios.com\/#organization"},"image":{"@id":"https:\/\/diarioprincipios.com\/index.php\/2022\/02\/16\/se-viene-la-1-feria-del-libro-orientada-a-las-juventudes\/#primaryimage"},"thumbnailUrl":"https:\/\/diarioprincipios.com\/wp-content\/uploads\/2022\/02\/SE-VIENE-LA-PRIMERA-FERIA-DEL-LIBRO-ORIENTADA-A-LAS-JUVENTUDES.jpeg","articleSection":["Berazategui"],"inLanguage":"es","potentialAction":[{"@type":"CommentAction","name":"Comment","target":["https:\/\/diarioprincipios.com\/index.php\/2022\/02\/16\/se-viene-la-1-feria-del-libro-orientada-a-las-juventudes\/#respond"]}]},{"@type":"WebPage","@id":"https:\/\/diarioprincipios.com\/index.php\/2022\/02\/16\/se-viene-la-1-feria-del-libro-orientada-a-las-juventudes\/","url":"https:\/\/diarioprincipios.com\/index.php\/2022\/02\/16\/se-viene-la-1-feria-del-libro-orientada-a-las-juventudes\/","name":"Se viene la 1\u00b0 Feria del Libro orientada a las Juventudes - Principios","isPartOf":{"@id":"https:\/\/diarioprincipios.com\/#website"},"primaryImageOfPage":{"@id":"https:\/\/diarioprincipios.com\/index.php\/2022\/02\/16\/se-viene-la-1-feria-del-libro-orientada-a-las-juventudes\/#primaryimage"},"image":{"@id":"https:\/\/diarioprincipios.com\/index.php\/2022\/02\/16\/se-viene-la-1-feria-del-libro-orientada-a-las-juventudes\/#primaryimage"},"thumbnailUrl":"https:\/\/diarioprincipios.com\/wp-content\/uploads\/2022\/02\/SE-VIENE-LA-PRIMERA-FERIA-DEL-LIBRO-ORIENTADA-A-LAS-JUVENTUDES.jpeg","datePublished":"2022-02-16T21:11:33+00:00","dateModified":"2022-02-16T21:11:40+00:00","breadcrumb":{"@id":"https:\/\/diarioprincipios.com\/index.php\/2022\/02\/16\/se-viene-la-1-feria-del-libro-orientada-a-las-juventudes\/#breadcrumb"},"inLanguage":"es","potentialAction":[{"@type":"ReadAction","target":["https:\/\/diarioprincipios.com\/index.php\/2022\/02\/16\/se-viene-la-1-feria-del-libro-orientada-a-las-juventudes\/"]}]},{"@type":"ImageObject","inLanguage":"es","@id":"https:\/\/diarioprincipios.com\/index.php\/2022\/02\/16\/se-viene-la-1-feria-del-libro-orientada-a-las-juventudes\/#primaryimage","url":"https:\/\/diarioprincipios.com\/wp-content\/uploads\/2022\/02\/SE-VIENE-LA-PRIMERA-FERIA-DEL-LIBRO-ORIENTADA-A-LAS-JUVENTUDES.jpeg","contentUrl":"https:\/\/diarioprincipios.com\/wp-content\/uploads\/2022\/02\/SE-VIENE-LA-PRIMERA-FERIA-DEL-LIBRO-ORIENTADA-A-LAS-JUVENTUDES.jpeg","width":1280,"height":853},{"@type":"BreadcrumbList","@id":"https:\/\/diarioprincipios.com\/index.php\/2022\/02\/16\/se-viene-la-1-feria-del-libro-orientada-a-las-juventudes\/#breadcrumb","itemListElement":[{"@type":"ListItem","position":1,"name":"Portada","item":"https:\/\/diarioprincipios.com\/"},{"@type":"ListItem","position":2,"name":"Se viene la 1\u00b0 Feria del Libro orientada a las Juventudes"}]},{"@type":"WebSite","@id":"https:\/\/diarioprincipios.com\/#website","url":"https:\/\/diarioprincipios.com\/","name":"Principios","description":"Principios Diario","publisher":{"@id":"https:\/\/diarioprincipios.com\/#organization"},"potentialAction":[{"@type":"SearchAction","target":{"@type":"EntryPoint","urlTemplate":"https:\/\/diarioprincipios.com\/?s={search_term_string}"},"query-input":{"@type":"PropertyValueSpecification","valueRequired":true,"valueName":"search_term_string"}}],"inLanguage":"es"},{"@type":"Organization","@id":"https:\/\/diarioprincipios.com\/#organization","name":"Principios","url":"https:\/\/diarioprincipios.com\/","logo":{"@type":"ImageObject","inLanguage":"es","@id":"https:\/\/diarioprincipios.com\/#\/schema\/logo\/image\/","url":"https:\/\/diarioprincipios.com\/wp-content\/uploads\/2024\/04\/cropped-www.diarioprincipios.com_-1.png","contentUrl":"https:\/\/diarioprincipios.com\/wp-content\/uploads\/2024\/04\/cropped-www.diarioprincipios.com_-1.png","width":5325,"height":1454,"caption":"Principios"},"image":{"@id":"https:\/\/diarioprincipios.com\/#\/schema\/logo\/image\/"}},{"@type":"Person","@id":"https:\/\/diarioprincipios.com\/#\/schema\/person\/436d5a1fd41a5e250e23ff5a6a7cb080","name":"Hern\u00e1n L\u00f3pez","image":{"@type":"ImageObject","inLanguage":"es","@id":"https:\/\/diarioprincipios.com\/wp-content\/litespeed\/avatar\/11ddfe5610ff3bd100522525b2571f48.jpg?ver=1777653193","url":"https:\/\/diarioprincipios.com\/wp-content\/litespeed\/avatar\/11ddfe5610ff3bd100522525b2571f48.jpg?ver=1777653193","contentUrl":"https:\/\/diarioprincipios.com\/wp-content\/litespeed\/avatar\/11ddfe5610ff3bd100522525b2571f48.jpg?ver=1777653193","caption":"Hern\u00e1n L\u00f3pez"},"url":"https:\/\/diarioprincipios.com\/index.php\/author\/hernan\/"}]}},"jetpack_featured_media_url":"https:\/\/diarioprincipios.com\/wp-content\/uploads\/2022\/02\/SE-VIENE-LA-PRIMERA-FERIA-DEL-LIBRO-ORIENTADA-A-LAS-JUVENTUDES.jpeg","_links":{"self":[{"href":"https:\/\/diarioprincipios.com\/index.php\/wp-json\/wp\/v2\/posts\/12565","targetHints":{"allow":["GET"]}}],"collection":[{"href":"https:\/\/diarioprincipios.com\/index.php\/wp-json\/wp\/v2\/posts"}],"about":[{"href":"https:\/\/diarioprincipios.com\/index.php\/wp-json\/wp\/v2\/types\/post"}],"author":[{"embeddable":true,"href":"https:\/\/diarioprincipios.com\/index.php\/wp-json\/wp\/v2\/users\/2"}],"replies":[{"embeddable":true,"href":"https:\/\/diarioprincipios.com\/index.php\/wp-json\/wp\/v2\/comments?post=12565"}],"version-history":[{"count":1,"href":"https:\/\/diarioprincipios.com\/index.php\/wp-json\/wp\/v2\/posts\/12565\/revisions"}],"predecessor-version":[{"id":12567,"href":"https:\/\/diarioprincipios.com\/index.php\/wp-json\/wp\/v2\/posts\/12565\/revisions\/12567"}],"wp:featuredmedia":[{"embeddable":true,"href":"https:\/\/diarioprincipios.com\/index.php\/wp-json\/wp\/v2\/media\/12566"}],"wp:attachment":[{"href":"https:\/\/diarioprincipios.com\/index.php\/wp-json\/wp\/v2\/media?parent=12565"}],"wp:term":[{"taxonomy":"category","embeddable":true,"href":"https:\/\/diarioprincipios.com\/index.php\/wp-json\/wp\/v2\/categories?post=12565"},{"taxonomy":"post_tag","embeddable":true,"href":"https:\/\/diarioprincipios.com\/index.php\/wp-json\/wp\/v2\/tags?post=12565"}],"curies":[{"name":"wp","href":"https:\/\/api.w.org\/{rel}","templated":true}]}}