{"id":12559,"date":"2022-02-15T19:57:42","date_gmt":"2022-02-15T22:57:42","guid":{"rendered":"http:\/\/diarioprincipios.com\/?p=12559"},"modified":"2022-02-15T19:57:45","modified_gmt":"2022-02-15T22:57:45","slug":"alejo-chornobroff-participo-del-lanzamiento-de-la-11-edicion-del-sello-de-buen-diseno","status":"publish","type":"post","link":"https:\/\/diarioprincipios.com\/index.php\/2022\/02\/15\/alejo-chornobroff-participo-del-lanzamiento-de-la-11-edicion-del-sello-de-buen-diseno\/","title":{"rendered":"Alejo Chornobroff particip\u00f3 del lanzamiento de la 11\u00b0 edici\u00f3n del Sello de Buen Dise\u00f1o"},"content":{"rendered":"\n<p>El jefe comunal de Avellaneda, Alejo Chornobroff, acompa\u00f1ado de Guillermo Merediz, secretario de la Peque\u00f1a y Mediana Empresa y los Emprendedores de la Naci\u00f3n, encabezaron una jornada con representantes de empresas, cooperativas y emprendimientos, en el marco del lanzamiento de la convocatoria \u201cSello de Buen Dise\u00f1o\u201d.<\/p>\n\n\n\n<p>Previo a dichapresentaci\u00f3n, recorrieron la planta del Grupo a2 &#8211; Archivos Activos, ubicada en Avellaneda, la cual se dedica a la fabricaci\u00f3n de muebles y equipamientos para oficinas, junto a su director Daniel Cwirenbaum.<\/p>\n\n\n\n<p>El Sello de Buen Dise\u00f1o es una distinci\u00f3n que destaca la innovaci\u00f3n, participaci\u00f3n en la producci\u00f3n local sustentable, posicionamiento de mercado y calidad de dise\u00f1o. Contempla cinco categor\u00edas: Productos para la industria y el transporte, mobiliario y equipamiento; productos para el hogar, oficina y recreaci\u00f3n; indumentaria, calzado y accesorios; y comunicaci\u00f3n estrat\u00e9gica.<\/p>\n\n\n\n<p>En su discurso, Chornobroff remarc\u00f3: \u201cEstamos orgullosos e impresionados de la calidad y la generaci\u00f3n de trabajo de esta empresa. Avellaneda tiene 1700 industrias y una tradici\u00f3n e identidad muy relacionada con el sector\u201d.<\/p>\n\n\n\n<p>Por su parte, Merediz agradeci\u00f3 el permanente trabajo articulado con el municipio de Avellaneda y destac\u00f3: \u201cAqu\u00ed se resguardaron los puestos de trabajo en el peor momento de la pandemia\u201d e hizo hincapi\u00e9 en los datos de recuperaci\u00f3n y crecimiento industrial constante durante los \u00faltimos meses.<\/p>\n\n\n\n<p>Adem\u00e1s estuvieron presentes el subsecretario de Productividad y Desarrollo Regional PyME, Pablo Bercovich, y la subsecretaria de Financiamiento y Competitividad PyME, Laura Tuero; el secretario de Producci\u00f3n, Comercio y Ambiente<a><\/a>&nbsp;de Avellaneda, Lucas Gim\u00e9nez, entre otros funcionarios y directivos de PyMES que participaron de forma virtual.<\/p>\n","protected":false},"excerpt":{"rendered":"<p>El jefe comunal de Avellaneda, Alejo Chornobroff, acompa\u00f1ado de Guillermo Merediz, secretario de la Peque\u00f1a y Mediana Empresa y los Emprendedores de la Naci\u00f3n, encabezaron una jornada con representantes de empresas, cooperativas y emprendimientos, en el marco del lanzamiento de la convocatoria \u201cSello de Buen Dise\u00f1o\u201d. Previo a dichapresentaci\u00f3n, recorrieron la planta del Grupo a2&#8230;<\/p>\n","protected":false},"author":2,"featured_media":12560,"comment_status":"open","ping_status":"open","sticky":false,"template":"","format":"standard","meta":{"footnotes":""},"categories":[5],"tags":[],"class_list":["post-12559","post","type-post","status-publish","format-standard","has-post-thumbnail","hentry","category-avellaneda"],"featured_image_src":"https:\/\/diarioprincipios.com\/wp-content\/uploads\/2022\/02\/6-1024x680.jpg","blog_images":{"medium":"https:\/\/diarioprincipios.com\/wp-content\/uploads\/2022\/02\/6-300x199.jpg","large":"https:\/\/diarioprincipios.com\/wp-content\/uploads\/2022\/02\/6-1024x680.jpg"},"ams_acf":[],"yoast_head":"<!-- This site is optimized with the Yoast SEO plugin v27.3 - https:\/\/yoast.com\/product\/yoast-seo-wordpress\/ -->\n<title>Alejo Chornobroff particip\u00f3 del lanzamiento de la 11\u00b0 edici\u00f3n del Sello de Buen Dise\u00f1o - Principios<\/title>\n<meta name=\"robots\" content=\"index, follow, max-snippet:-1, max-image-preview:large, max-video-preview:-1\" \/>\n<link rel=\"canonical\" href=\"https:\/\/diarioprincipios.com\/index.php\/2022\/02\/15\/alejo-chornobroff-participo-del-lanzamiento-de-la-11-edicion-del-sello-de-buen-diseno\/\" \/>\n<meta property=\"og:locale\" content=\"es_ES\" \/>\n<meta property=\"og:type\" content=\"article\" \/>\n<meta property=\"og:title\" content=\"Alejo Chornobroff particip\u00f3 del lanzamiento de la 11\u00b0 edici\u00f3n del Sello de Buen Dise\u00f1o - Principios\" \/>\n<meta property=\"og:description\" content=\"El jefe comunal de Avellaneda, Alejo Chornobroff, acompa\u00f1ado de Guillermo Merediz, secretario de la Peque\u00f1a y Mediana Empresa y los Emprendedores de la Naci\u00f3n, encabezaron una jornada con representantes de empresas, cooperativas y emprendimientos, en el marco del lanzamiento de la convocatoria \u201cSello de Buen Dise\u00f1o\u201d. Previo a dichapresentaci\u00f3n, recorrieron la planta del Grupo a2...\" \/>\n<meta property=\"og:url\" content=\"https:\/\/diarioprincipios.com\/index.php\/2022\/02\/15\/alejo-chornobroff-participo-del-lanzamiento-de-la-11-edicion-del-sello-de-buen-diseno\/\" \/>\n<meta property=\"og:site_name\" content=\"Principios\" \/>\n<meta property=\"article:published_time\" content=\"2022-02-15T22:57:42+00:00\" \/>\n<meta property=\"article:modified_time\" content=\"2022-02-15T22:57:45+00:00\" \/>\n<meta property=\"og:image\" content=\"https:\/\/diarioprincipios.com\/wp-content\/uploads\/2022\/02\/6.jpg\" \/>\n\t<meta property=\"og:image:width\" content=\"1080\" \/>\n\t<meta property=\"og:image:height\" content=\"717\" \/>\n\t<meta property=\"og:image:type\" content=\"image\/jpeg\" \/>\n<meta name=\"author\" content=\"Hern\u00e1n L\u00f3pez\" \/>\n<meta name=\"twitter:card\" content=\"summary_large_image\" \/>\n<meta name=\"twitter:label1\" content=\"Escrito por\" \/>\n\t<meta name=\"twitter:data1\" content=\"Hern\u00e1n L\u00f3pez\" \/>\n\t<meta name=\"twitter:label2\" content=\"Tiempo de lectura\" \/>\n\t<meta name=\"twitter:data2\" content=\"2 minutos\" \/>\n<script type=\"application\/ld+json\" class=\"yoast-schema-graph\">{\"@context\":\"https:\\\/\\\/schema.org\",\"@graph\":[{\"@type\":\"Article\",\"@id\":\"https:\\\/\\\/diarioprincipios.com\\\/index.php\\\/2022\\\/02\\\/15\\\/alejo-chornobroff-participo-del-lanzamiento-de-la-11-edicion-del-sello-de-buen-diseno\\\/#article\",\"isPartOf\":{\"@id\":\"https:\\\/\\\/diarioprincipios.com\\\/index.php\\\/2022\\\/02\\\/15\\\/alejo-chornobroff-participo-del-lanzamiento-de-la-11-edicion-del-sello-de-buen-diseno\\\/\"},\"author\":{\"name\":\"Hern\u00e1n L\u00f3pez\",\"@id\":\"https:\\\/\\\/diarioprincipios.com\\\/#\\\/schema\\\/person\\\/436d5a1fd41a5e250e23ff5a6a7cb080\"},\"headline\":\"Alejo Chornobroff particip\u00f3 del lanzamiento de la 11\u00b0 edici\u00f3n del Sello de Buen Dise\u00f1o\",\"datePublished\":\"2022-02-15T22:57:42+00:00\",\"dateModified\":\"2022-02-15T22:57:45+00:00\",\"mainEntityOfPage\":{\"@id\":\"https:\\\/\\\/diarioprincipios.com\\\/index.php\\\/2022\\\/02\\\/15\\\/alejo-chornobroff-participo-del-lanzamiento-de-la-11-edicion-del-sello-de-buen-diseno\\\/\"},\"wordCount\":295,\"commentCount\":0,\"publisher\":{\"@id\":\"https:\\\/\\\/diarioprincipios.com\\\/#organization\"},\"image\":{\"@id\":\"https:\\\/\\\/diarioprincipios.com\\\/index.php\\\/2022\\\/02\\\/15\\\/alejo-chornobroff-participo-del-lanzamiento-de-la-11-edicion-del-sello-de-buen-diseno\\\/#primaryimage\"},\"thumbnailUrl\":\"https:\\\/\\\/diarioprincipios.com\\\/wp-content\\\/uploads\\\/2022\\\/02\\\/6.jpg\",\"articleSection\":[\"Avellaneda\"],\"inLanguage\":\"es\",\"potentialAction\":[{\"@type\":\"CommentAction\",\"name\":\"Comment\",\"target\":[\"https:\\\/\\\/diarioprincipios.com\\\/index.php\\\/2022\\\/02\\\/15\\\/alejo-chornobroff-participo-del-lanzamiento-de-la-11-edicion-del-sello-de-buen-diseno\\\/#respond\"]}]},{\"@type\":\"WebPage\",\"@id\":\"https:\\\/\\\/diarioprincipios.com\\\/index.php\\\/2022\\\/02\\\/15\\\/alejo-chornobroff-participo-del-lanzamiento-de-la-11-edicion-del-sello-de-buen-diseno\\\/\",\"url\":\"https:\\\/\\\/diarioprincipios.com\\\/index.php\\\/2022\\\/02\\\/15\\\/alejo-chornobroff-participo-del-lanzamiento-de-la-11-edicion-del-sello-de-buen-diseno\\\/\",\"name\":\"Alejo Chornobroff particip\u00f3 del lanzamiento de la 11\u00b0 edici\u00f3n del Sello de Buen Dise\u00f1o - Principios\",\"isPartOf\":{\"@id\":\"https:\\\/\\\/diarioprincipios.com\\\/#website\"},\"primaryImageOfPage\":{\"@id\":\"https:\\\/\\\/diarioprincipios.com\\\/index.php\\\/2022\\\/02\\\/15\\\/alejo-chornobroff-participo-del-lanzamiento-de-la-11-edicion-del-sello-de-buen-diseno\\\/#primaryimage\"},\"image\":{\"@id\":\"https:\\\/\\\/diarioprincipios.com\\\/index.php\\\/2022\\\/02\\\/15\\\/alejo-chornobroff-participo-del-lanzamiento-de-la-11-edicion-del-sello-de-buen-diseno\\\/#primaryimage\"},\"thumbnailUrl\":\"https:\\\/\\\/diarioprincipios.com\\\/wp-content\\\/uploads\\\/2022\\\/02\\\/6.jpg\",\"datePublished\":\"2022-02-15T22:57:42+00:00\",\"dateModified\":\"2022-02-15T22:57:45+00:00\",\"breadcrumb\":{\"@id\":\"https:\\\/\\\/diarioprincipios.com\\\/index.php\\\/2022\\\/02\\\/15\\\/alejo-chornobroff-participo-del-lanzamiento-de-la-11-edicion-del-sello-de-buen-diseno\\\/#breadcrumb\"},\"inLanguage\":\"es\",\"potentialAction\":[{\"@type\":\"ReadAction\",\"target\":[\"https:\\\/\\\/diarioprincipios.com\\\/index.php\\\/2022\\\/02\\\/15\\\/alejo-chornobroff-participo-del-lanzamiento-de-la-11-edicion-del-sello-de-buen-diseno\\\/\"]}]},{\"@type\":\"ImageObject\",\"inLanguage\":\"es\",\"@id\":\"https:\\\/\\\/diarioprincipios.com\\\/index.php\\\/2022\\\/02\\\/15\\\/alejo-chornobroff-participo-del-lanzamiento-de-la-11-edicion-del-sello-de-buen-diseno\\\/#primaryimage\",\"url\":\"https:\\\/\\\/diarioprincipios.com\\\/wp-content\\\/uploads\\\/2022\\\/02\\\/6.jpg\",\"contentUrl\":\"https:\\\/\\\/diarioprincipios.com\\\/wp-content\\\/uploads\\\/2022\\\/02\\\/6.jpg\",\"width\":1080,\"height\":717},{\"@type\":\"BreadcrumbList\",\"@id\":\"https:\\\/\\\/diarioprincipios.com\\\/index.php\\\/2022\\\/02\\\/15\\\/alejo-chornobroff-participo-del-lanzamiento-de-la-11-edicion-del-sello-de-buen-diseno\\\/#breadcrumb\",\"itemListElement\":[{\"@type\":\"ListItem\",\"position\":1,\"name\":\"Portada\",\"item\":\"https:\\\/\\\/diarioprincipios.com\\\/\"},{\"@type\":\"ListItem\",\"position\":2,\"name\":\"Alejo Chornobroff particip\u00f3 del lanzamiento de la 11\u00b0 edici\u00f3n del Sello de Buen Dise\u00f1o\"}]},{\"@type\":\"WebSite\",\"@id\":\"https:\\\/\\\/diarioprincipios.com\\\/#website\",\"url\":\"https:\\\/\\\/diarioprincipios.com\\\/\",\"name\":\"Principios\",\"description\":\"Principios Diario\",\"publisher\":{\"@id\":\"https:\\\/\\\/diarioprincipios.com\\\/#organization\"},\"potentialAction\":[{\"@type\":\"SearchAction\",\"target\":{\"@type\":\"EntryPoint\",\"urlTemplate\":\"https:\\\/\\\/diarioprincipios.com\\\/?s={search_term_string}\"},\"query-input\":{\"@type\":\"PropertyValueSpecification\",\"valueRequired\":true,\"valueName\":\"search_term_string\"}}],\"inLanguage\":\"es\"},{\"@type\":\"Organization\",\"@id\":\"https:\\\/\\\/diarioprincipios.com\\\/#organization\",\"name\":\"Principios\",\"url\":\"https:\\\/\\\/diarioprincipios.com\\\/\",\"logo\":{\"@type\":\"ImageObject\",\"inLanguage\":\"es\",\"@id\":\"https:\\\/\\\/diarioprincipios.com\\\/#\\\/schema\\\/logo\\\/image\\\/\",\"url\":\"https:\\\/\\\/diarioprincipios.com\\\/wp-content\\\/uploads\\\/2024\\\/04\\\/cropped-www.diarioprincipios.com_-1.png\",\"contentUrl\":\"https:\\\/\\\/diarioprincipios.com\\\/wp-content\\\/uploads\\\/2024\\\/04\\\/cropped-www.diarioprincipios.com_-1.png\",\"width\":5325,\"height\":1454,\"caption\":\"Principios\"},\"image\":{\"@id\":\"https:\\\/\\\/diarioprincipios.com\\\/#\\\/schema\\\/logo\\\/image\\\/\"}},{\"@type\":\"Person\",\"@id\":\"https:\\\/\\\/diarioprincipios.com\\\/#\\\/schema\\\/person\\\/436d5a1fd41a5e250e23ff5a6a7cb080\",\"name\":\"Hern\u00e1n L\u00f3pez\",\"image\":{\"@type\":\"ImageObject\",\"inLanguage\":\"es\",\"@id\":\"https:\\\/\\\/diarioprincipios.com\\\/wp-content\\\/litespeed\\\/avatar\\\/11ddfe5610ff3bd100522525b2571f48.jpg?ver=1777653193\",\"url\":\"https:\\\/\\\/diarioprincipios.com\\\/wp-content\\\/litespeed\\\/avatar\\\/11ddfe5610ff3bd100522525b2571f48.jpg?ver=1777653193\",\"contentUrl\":\"https:\\\/\\\/diarioprincipios.com\\\/wp-content\\\/litespeed\\\/avatar\\\/11ddfe5610ff3bd100522525b2571f48.jpg?ver=1777653193\",\"caption\":\"Hern\u00e1n L\u00f3pez\"},\"url\":\"https:\\\/\\\/diarioprincipios.com\\\/index.php\\\/author\\\/hernan\\\/\"}]}<\/script>\n<!-- \/ Yoast SEO plugin. -->","yoast_head_json":{"title":"Alejo Chornobroff particip\u00f3 del lanzamiento de la 11\u00b0 edici\u00f3n del Sello de Buen Dise\u00f1o - Principios","robots":{"index":"index","follow":"follow","max-snippet":"max-snippet:-1","max-image-preview":"max-image-preview:large","max-video-preview":"max-video-preview:-1"},"canonical":"https:\/\/diarioprincipios.com\/index.php\/2022\/02\/15\/alejo-chornobroff-participo-del-lanzamiento-de-la-11-edicion-del-sello-de-buen-diseno\/","og_locale":"es_ES","og_type":"article","og_title":"Alejo Chornobroff particip\u00f3 del lanzamiento de la 11\u00b0 edici\u00f3n del Sello de Buen Dise\u00f1o - Principios","og_description":"El jefe comunal de Avellaneda, Alejo Chornobroff, acompa\u00f1ado de Guillermo Merediz, secretario de la Peque\u00f1a y Mediana Empresa y los Emprendedores de la Naci\u00f3n, encabezaron una jornada con representantes de empresas, cooperativas y emprendimientos, en el marco del lanzamiento de la convocatoria \u201cSello de Buen Dise\u00f1o\u201d. Previo a dichapresentaci\u00f3n, recorrieron la planta del Grupo a2...","og_url":"https:\/\/diarioprincipios.com\/index.php\/2022\/02\/15\/alejo-chornobroff-participo-del-lanzamiento-de-la-11-edicion-del-sello-de-buen-diseno\/","og_site_name":"Principios","article_published_time":"2022-02-15T22:57:42+00:00","article_modified_time":"2022-02-15T22:57:45+00:00","og_image":[{"width":1080,"height":717,"url":"https:\/\/diarioprincipios.com\/wp-content\/uploads\/2022\/02\/6.jpg","type":"image\/jpeg"}],"author":"Hern\u00e1n L\u00f3pez","twitter_card":"summary_large_image","twitter_misc":{"Escrito por":"Hern\u00e1n L\u00f3pez","Tiempo de lectura":"2 minutos"},"schema":{"@context":"https:\/\/schema.org","@graph":[{"@type":"Article","@id":"https:\/\/diarioprincipios.com\/index.php\/2022\/02\/15\/alejo-chornobroff-participo-del-lanzamiento-de-la-11-edicion-del-sello-de-buen-diseno\/#article","isPartOf":{"@id":"https:\/\/diarioprincipios.com\/index.php\/2022\/02\/15\/alejo-chornobroff-participo-del-lanzamiento-de-la-11-edicion-del-sello-de-buen-diseno\/"},"author":{"name":"Hern\u00e1n L\u00f3pez","@id":"https:\/\/diarioprincipios.com\/#\/schema\/person\/436d5a1fd41a5e250e23ff5a6a7cb080"},"headline":"Alejo Chornobroff particip\u00f3 del lanzamiento de la 11\u00b0 edici\u00f3n del Sello de Buen Dise\u00f1o","datePublished":"2022-02-15T22:57:42+00:00","dateModified":"2022-02-15T22:57:45+00:00","mainEntityOfPage":{"@id":"https:\/\/diarioprincipios.com\/index.php\/2022\/02\/15\/alejo-chornobroff-participo-del-lanzamiento-de-la-11-edicion-del-sello-de-buen-diseno\/"},"wordCount":295,"commentCount":0,"publisher":{"@id":"https:\/\/diarioprincipios.com\/#organization"},"image":{"@id":"https:\/\/diarioprincipios.com\/index.php\/2022\/02\/15\/alejo-chornobroff-participo-del-lanzamiento-de-la-11-edicion-del-sello-de-buen-diseno\/#primaryimage"},"thumbnailUrl":"https:\/\/diarioprincipios.com\/wp-content\/uploads\/2022\/02\/6.jpg","articleSection":["Avellaneda"],"inLanguage":"es","potentialAction":[{"@type":"CommentAction","name":"Comment","target":["https:\/\/diarioprincipios.com\/index.php\/2022\/02\/15\/alejo-chornobroff-participo-del-lanzamiento-de-la-11-edicion-del-sello-de-buen-diseno\/#respond"]}]},{"@type":"WebPage","@id":"https:\/\/diarioprincipios.com\/index.php\/2022\/02\/15\/alejo-chornobroff-participo-del-lanzamiento-de-la-11-edicion-del-sello-de-buen-diseno\/","url":"https:\/\/diarioprincipios.com\/index.php\/2022\/02\/15\/alejo-chornobroff-participo-del-lanzamiento-de-la-11-edicion-del-sello-de-buen-diseno\/","name":"Alejo Chornobroff particip\u00f3 del lanzamiento de la 11\u00b0 edici\u00f3n del Sello de Buen Dise\u00f1o - Principios","isPartOf":{"@id":"https:\/\/diarioprincipios.com\/#website"},"primaryImageOfPage":{"@id":"https:\/\/diarioprincipios.com\/index.php\/2022\/02\/15\/alejo-chornobroff-participo-del-lanzamiento-de-la-11-edicion-del-sello-de-buen-diseno\/#primaryimage"},"image":{"@id":"https:\/\/diarioprincipios.com\/index.php\/2022\/02\/15\/alejo-chornobroff-participo-del-lanzamiento-de-la-11-edicion-del-sello-de-buen-diseno\/#primaryimage"},"thumbnailUrl":"https:\/\/diarioprincipios.com\/wp-content\/uploads\/2022\/02\/6.jpg","datePublished":"2022-02-15T22:57:42+00:00","dateModified":"2022-02-15T22:57:45+00:00","breadcrumb":{"@id":"https:\/\/diarioprincipios.com\/index.php\/2022\/02\/15\/alejo-chornobroff-participo-del-lanzamiento-de-la-11-edicion-del-sello-de-buen-diseno\/#breadcrumb"},"inLanguage":"es","potentialAction":[{"@type":"ReadAction","target":["https:\/\/diarioprincipios.com\/index.php\/2022\/02\/15\/alejo-chornobroff-participo-del-lanzamiento-de-la-11-edicion-del-sello-de-buen-diseno\/"]}]},{"@type":"ImageObject","inLanguage":"es","@id":"https:\/\/diarioprincipios.com\/index.php\/2022\/02\/15\/alejo-chornobroff-participo-del-lanzamiento-de-la-11-edicion-del-sello-de-buen-diseno\/#primaryimage","url":"https:\/\/diarioprincipios.com\/wp-content\/uploads\/2022\/02\/6.jpg","contentUrl":"https:\/\/diarioprincipios.com\/wp-content\/uploads\/2022\/02\/6.jpg","width":1080,"height":717},{"@type":"BreadcrumbList","@id":"https:\/\/diarioprincipios.com\/index.php\/2022\/02\/15\/alejo-chornobroff-participo-del-lanzamiento-de-la-11-edicion-del-sello-de-buen-diseno\/#breadcrumb","itemListElement":[{"@type":"ListItem","position":1,"name":"Portada","item":"https:\/\/diarioprincipios.com\/"},{"@type":"ListItem","position":2,"name":"Alejo Chornobroff particip\u00f3 del lanzamiento de la 11\u00b0 edici\u00f3n del Sello de Buen Dise\u00f1o"}]},{"@type":"WebSite","@id":"https:\/\/diarioprincipios.com\/#website","url":"https:\/\/diarioprincipios.com\/","name":"Principios","description":"Principios Diario","publisher":{"@id":"https:\/\/diarioprincipios.com\/#organization"},"potentialAction":[{"@type":"SearchAction","target":{"@type":"EntryPoint","urlTemplate":"https:\/\/diarioprincipios.com\/?s={search_term_string}"},"query-input":{"@type":"PropertyValueSpecification","valueRequired":true,"valueName":"search_term_string"}}],"inLanguage":"es"},{"@type":"Organization","@id":"https:\/\/diarioprincipios.com\/#organization","name":"Principios","url":"https:\/\/diarioprincipios.com\/","logo":{"@type":"ImageObject","inLanguage":"es","@id":"https:\/\/diarioprincipios.com\/#\/schema\/logo\/image\/","url":"https:\/\/diarioprincipios.com\/wp-content\/uploads\/2024\/04\/cropped-www.diarioprincipios.com_-1.png","contentUrl":"https:\/\/diarioprincipios.com\/wp-content\/uploads\/2024\/04\/cropped-www.diarioprincipios.com_-1.png","width":5325,"height":1454,"caption":"Principios"},"image":{"@id":"https:\/\/diarioprincipios.com\/#\/schema\/logo\/image\/"}},{"@type":"Person","@id":"https:\/\/diarioprincipios.com\/#\/schema\/person\/436d5a1fd41a5e250e23ff5a6a7cb080","name":"Hern\u00e1n L\u00f3pez","image":{"@type":"ImageObject","inLanguage":"es","@id":"https:\/\/diarioprincipios.com\/wp-content\/litespeed\/avatar\/11ddfe5610ff3bd100522525b2571f48.jpg?ver=1777653193","url":"https:\/\/diarioprincipios.com\/wp-content\/litespeed\/avatar\/11ddfe5610ff3bd100522525b2571f48.jpg?ver=1777653193","contentUrl":"https:\/\/diarioprincipios.com\/wp-content\/litespeed\/avatar\/11ddfe5610ff3bd100522525b2571f48.jpg?ver=1777653193","caption":"Hern\u00e1n L\u00f3pez"},"url":"https:\/\/diarioprincipios.com\/index.php\/author\/hernan\/"}]}},"jetpack_featured_media_url":"https:\/\/diarioprincipios.com\/wp-content\/uploads\/2022\/02\/6.jpg","_links":{"self":[{"href":"https:\/\/diarioprincipios.com\/index.php\/wp-json\/wp\/v2\/posts\/12559","targetHints":{"allow":["GET"]}}],"collection":[{"href":"https:\/\/diarioprincipios.com\/index.php\/wp-json\/wp\/v2\/posts"}],"about":[{"href":"https:\/\/diarioprincipios.com\/index.php\/wp-json\/wp\/v2\/types\/post"}],"author":[{"embeddable":true,"href":"https:\/\/diarioprincipios.com\/index.php\/wp-json\/wp\/v2\/users\/2"}],"replies":[{"embeddable":true,"href":"https:\/\/diarioprincipios.com\/index.php\/wp-json\/wp\/v2\/comments?post=12559"}],"version-history":[{"count":1,"href":"https:\/\/diarioprincipios.com\/index.php\/wp-json\/wp\/v2\/posts\/12559\/revisions"}],"predecessor-version":[{"id":12561,"href":"https:\/\/diarioprincipios.com\/index.php\/wp-json\/wp\/v2\/posts\/12559\/revisions\/12561"}],"wp:featuredmedia":[{"embeddable":true,"href":"https:\/\/diarioprincipios.com\/index.php\/wp-json\/wp\/v2\/media\/12560"}],"wp:attachment":[{"href":"https:\/\/diarioprincipios.com\/index.php\/wp-json\/wp\/v2\/media?parent=12559"}],"wp:term":[{"taxonomy":"category","embeddable":true,"href":"https:\/\/diarioprincipios.com\/index.php\/wp-json\/wp\/v2\/categories?post=12559"},{"taxonomy":"post_tag","embeddable":true,"href":"https:\/\/diarioprincipios.com\/index.php\/wp-json\/wp\/v2\/tags?post=12559"}],"curies":[{"name":"wp","href":"https:\/\/api.w.org\/{rel}","templated":true}]}}