{"id":12556,"date":"2022-02-15T19:42:14","date_gmt":"2022-02-15T22:42:14","guid":{"rendered":"http:\/\/diarioprincipios.com\/?p=12556"},"modified":"2022-02-15T19:42:17","modified_gmt":"2022-02-15T22:42:17","slug":"avanza-la-obra-de-puesta-en-valor-de-la-avenida-lynch","status":"publish","type":"post","link":"https:\/\/diarioprincipios.com\/index.php\/2022\/02\/15\/avanza-la-obra-de-puesta-en-valor-de-la-avenida-lynch\/","title":{"rendered":"Avanza la obra de puesta en valor de la Avenida Lynch"},"content":{"rendered":"\n<p>Avanzan los trabajos finales de la obra de repavimentaci\u00f3n y puesta en valor de la avenida Coronel Lynch, entre Donato \u00c1lvarez y Camino General Belgrano, Bernal Oeste.<\/p>\n\n\n\n<p>Actualmente se ejecuta la construcci\u00f3n de nuevas veredas y el recambio de luminarias que completar\u00e1n la&nbsp;renovaci\u00f3n integral de todo el corredor urbano. Adem\u00e1s, el proyecto se extiende en una segunda etapa hasta la avenida Mitre, donde se inici\u00f3 la&nbsp;demolici\u00f3n y reconstrucci\u00f3n del pavimento.<\/p>\n\n\n\n<p>La obra de repavimentaci\u00f3n y puesta en valor de la avenida Lynch abarca&nbsp;nuevo pavimento de hormig\u00f3n, iluminaci\u00f3n LED,&nbsp;refugios de transporte p\u00fablico, veredas y rampas,&nbsp;colocaci\u00f3n de se\u00f1al\u00e9tica,&nbsp;obras hidr\u00e1ulicas de&nbsp;reconstrucci\u00f3n de sumideros, c\u00e1maras de inspecci\u00f3n y recambio de desag\u00fces.<\/p>\n\n\n\n<p>La iniciativa es uno de los 22 compromisos de gesti\u00f3n de Mayra Mendoza para conectar la ciudad de oeste a este, y que ya lleva cumplido en m\u00e1s de un 80 por ciento, entre otras inversiones en infraestructura fundamentales para el desarrollo de Quilmes.<\/p>\n","protected":false},"excerpt":{"rendered":"<p>Avanzan los trabajos finales de la obra de repavimentaci\u00f3n y puesta en valor de la avenida Coronel Lynch, entre Donato \u00c1lvarez y Camino General Belgrano, Bernal Oeste. Actualmente se ejecuta la construcci\u00f3n de nuevas veredas y el recambio de luminarias que completar\u00e1n la&nbsp;renovaci\u00f3n integral de todo el corredor urbano. Adem\u00e1s, el proyecto se extiende en&#8230;<\/p>\n","protected":false},"author":2,"featured_media":12557,"comment_status":"open","ping_status":"open","sticky":false,"template":"","format":"standard","meta":{"footnotes":""},"categories":[4],"tags":[],"class_list":["post-12556","post","type-post","status-publish","format-standard","has-post-thumbnail","hentry","category-quilmes"],"featured_image_src":"https:\/\/diarioprincipios.com\/wp-content\/uploads\/2022\/02\/Puesta-en-valor-de-Lynch-3.jpg","blog_images":{"medium":"https:\/\/diarioprincipios.com\/wp-content\/uploads\/2022\/02\/Puesta-en-valor-de-Lynch-3-300x200.jpg","large":"https:\/\/diarioprincipios.com\/wp-content\/uploads\/2022\/02\/Puesta-en-valor-de-Lynch-3.jpg"},"ams_acf":[],"yoast_head":"<!-- This site is optimized with the Yoast SEO plugin v27.3 - https:\/\/yoast.com\/product\/yoast-seo-wordpress\/ -->\n<title>Avanza la obra de puesta en valor de la Avenida Lynch - Principios<\/title>\n<meta name=\"robots\" content=\"index, follow, max-snippet:-1, max-image-preview:large, max-video-preview:-1\" \/>\n<link rel=\"canonical\" href=\"https:\/\/diarioprincipios.com\/index.php\/2022\/02\/15\/avanza-la-obra-de-puesta-en-valor-de-la-avenida-lynch\/\" \/>\n<meta property=\"og:locale\" content=\"es_ES\" \/>\n<meta property=\"og:type\" content=\"article\" \/>\n<meta property=\"og:title\" content=\"Avanza la obra de puesta en valor de la Avenida Lynch - Principios\" \/>\n<meta property=\"og:description\" content=\"Avanzan los trabajos finales de la obra de repavimentaci\u00f3n y puesta en valor de la avenida Coronel Lynch, entre Donato \u00c1lvarez y Camino General Belgrano, Bernal Oeste. Actualmente se ejecuta la construcci\u00f3n de nuevas veredas y el recambio de luminarias que completar\u00e1n la&nbsp;renovaci\u00f3n integral de todo el corredor urbano. Adem\u00e1s, el proyecto se extiende en...\" \/>\n<meta property=\"og:url\" content=\"https:\/\/diarioprincipios.com\/index.php\/2022\/02\/15\/avanza-la-obra-de-puesta-en-valor-de-la-avenida-lynch\/\" \/>\n<meta property=\"og:site_name\" content=\"Principios\" \/>\n<meta property=\"article:published_time\" content=\"2022-02-15T22:42:14+00:00\" \/>\n<meta property=\"article:modified_time\" content=\"2022-02-15T22:42:17+00:00\" \/>\n<meta property=\"og:image\" content=\"https:\/\/diarioprincipios.com\/wp-content\/uploads\/2022\/02\/Puesta-en-valor-de-Lynch-3.jpg\" \/>\n\t<meta property=\"og:image:width\" content=\"1024\" \/>\n\t<meta property=\"og:image:height\" content=\"682\" \/>\n\t<meta property=\"og:image:type\" content=\"image\/jpeg\" \/>\n<meta name=\"author\" content=\"Hern\u00e1n L\u00f3pez\" \/>\n<meta name=\"twitter:card\" content=\"summary_large_image\" \/>\n<meta name=\"twitter:label1\" content=\"Escrito por\" \/>\n\t<meta name=\"twitter:data1\" content=\"Hern\u00e1n L\u00f3pez\" \/>\n\t<meta name=\"twitter:label2\" content=\"Tiempo de lectura\" \/>\n\t<meta name=\"twitter:data2\" content=\"1 minuto\" \/>\n<script type=\"application\/ld+json\" class=\"yoast-schema-graph\">{\"@context\":\"https:\\\/\\\/schema.org\",\"@graph\":[{\"@type\":\"Article\",\"@id\":\"https:\\\/\\\/diarioprincipios.com\\\/index.php\\\/2022\\\/02\\\/15\\\/avanza-la-obra-de-puesta-en-valor-de-la-avenida-lynch\\\/#article\",\"isPartOf\":{\"@id\":\"https:\\\/\\\/diarioprincipios.com\\\/index.php\\\/2022\\\/02\\\/15\\\/avanza-la-obra-de-puesta-en-valor-de-la-avenida-lynch\\\/\"},\"author\":{\"name\":\"Hern\u00e1n L\u00f3pez\",\"@id\":\"https:\\\/\\\/diarioprincipios.com\\\/#\\\/schema\\\/person\\\/436d5a1fd41a5e250e23ff5a6a7cb080\"},\"headline\":\"Avanza la obra de puesta en valor de la Avenida Lynch\",\"datePublished\":\"2022-02-15T22:42:14+00:00\",\"dateModified\":\"2022-02-15T22:42:17+00:00\",\"mainEntityOfPage\":{\"@id\":\"https:\\\/\\\/diarioprincipios.com\\\/index.php\\\/2022\\\/02\\\/15\\\/avanza-la-obra-de-puesta-en-valor-de-la-avenida-lynch\\\/\"},\"wordCount\":195,\"commentCount\":0,\"publisher\":{\"@id\":\"https:\\\/\\\/diarioprincipios.com\\\/#organization\"},\"image\":{\"@id\":\"https:\\\/\\\/diarioprincipios.com\\\/index.php\\\/2022\\\/02\\\/15\\\/avanza-la-obra-de-puesta-en-valor-de-la-avenida-lynch\\\/#primaryimage\"},\"thumbnailUrl\":\"https:\\\/\\\/diarioprincipios.com\\\/wp-content\\\/uploads\\\/2022\\\/02\\\/Puesta-en-valor-de-Lynch-3.jpg\",\"articleSection\":[\"Quilmes\"],\"inLanguage\":\"es\",\"potentialAction\":[{\"@type\":\"CommentAction\",\"name\":\"Comment\",\"target\":[\"https:\\\/\\\/diarioprincipios.com\\\/index.php\\\/2022\\\/02\\\/15\\\/avanza-la-obra-de-puesta-en-valor-de-la-avenida-lynch\\\/#respond\"]}]},{\"@type\":\"WebPage\",\"@id\":\"https:\\\/\\\/diarioprincipios.com\\\/index.php\\\/2022\\\/02\\\/15\\\/avanza-la-obra-de-puesta-en-valor-de-la-avenida-lynch\\\/\",\"url\":\"https:\\\/\\\/diarioprincipios.com\\\/index.php\\\/2022\\\/02\\\/15\\\/avanza-la-obra-de-puesta-en-valor-de-la-avenida-lynch\\\/\",\"name\":\"Avanza la obra de puesta en valor de la Avenida Lynch - Principios\",\"isPartOf\":{\"@id\":\"https:\\\/\\\/diarioprincipios.com\\\/#website\"},\"primaryImageOfPage\":{\"@id\":\"https:\\\/\\\/diarioprincipios.com\\\/index.php\\\/2022\\\/02\\\/15\\\/avanza-la-obra-de-puesta-en-valor-de-la-avenida-lynch\\\/#primaryimage\"},\"image\":{\"@id\":\"https:\\\/\\\/diarioprincipios.com\\\/index.php\\\/2022\\\/02\\\/15\\\/avanza-la-obra-de-puesta-en-valor-de-la-avenida-lynch\\\/#primaryimage\"},\"thumbnailUrl\":\"https:\\\/\\\/diarioprincipios.com\\\/wp-content\\\/uploads\\\/2022\\\/02\\\/Puesta-en-valor-de-Lynch-3.jpg\",\"datePublished\":\"2022-02-15T22:42:14+00:00\",\"dateModified\":\"2022-02-15T22:42:17+00:00\",\"breadcrumb\":{\"@id\":\"https:\\\/\\\/diarioprincipios.com\\\/index.php\\\/2022\\\/02\\\/15\\\/avanza-la-obra-de-puesta-en-valor-de-la-avenida-lynch\\\/#breadcrumb\"},\"inLanguage\":\"es\",\"potentialAction\":[{\"@type\":\"ReadAction\",\"target\":[\"https:\\\/\\\/diarioprincipios.com\\\/index.php\\\/2022\\\/02\\\/15\\\/avanza-la-obra-de-puesta-en-valor-de-la-avenida-lynch\\\/\"]}]},{\"@type\":\"ImageObject\",\"inLanguage\":\"es\",\"@id\":\"https:\\\/\\\/diarioprincipios.com\\\/index.php\\\/2022\\\/02\\\/15\\\/avanza-la-obra-de-puesta-en-valor-de-la-avenida-lynch\\\/#primaryimage\",\"url\":\"https:\\\/\\\/diarioprincipios.com\\\/wp-content\\\/uploads\\\/2022\\\/02\\\/Puesta-en-valor-de-Lynch-3.jpg\",\"contentUrl\":\"https:\\\/\\\/diarioprincipios.com\\\/wp-content\\\/uploads\\\/2022\\\/02\\\/Puesta-en-valor-de-Lynch-3.jpg\",\"width\":1024,\"height\":682},{\"@type\":\"BreadcrumbList\",\"@id\":\"https:\\\/\\\/diarioprincipios.com\\\/index.php\\\/2022\\\/02\\\/15\\\/avanza-la-obra-de-puesta-en-valor-de-la-avenida-lynch\\\/#breadcrumb\",\"itemListElement\":[{\"@type\":\"ListItem\",\"position\":1,\"name\":\"Portada\",\"item\":\"https:\\\/\\\/diarioprincipios.com\\\/\"},{\"@type\":\"ListItem\",\"position\":2,\"name\":\"Avanza la obra de puesta en valor de la Avenida Lynch\"}]},{\"@type\":\"WebSite\",\"@id\":\"https:\\\/\\\/diarioprincipios.com\\\/#website\",\"url\":\"https:\\\/\\\/diarioprincipios.com\\\/\",\"name\":\"Principios\",\"description\":\"Principios Diario\",\"publisher\":{\"@id\":\"https:\\\/\\\/diarioprincipios.com\\\/#organization\"},\"potentialAction\":[{\"@type\":\"SearchAction\",\"target\":{\"@type\":\"EntryPoint\",\"urlTemplate\":\"https:\\\/\\\/diarioprincipios.com\\\/?s={search_term_string}\"},\"query-input\":{\"@type\":\"PropertyValueSpecification\",\"valueRequired\":true,\"valueName\":\"search_term_string\"}}],\"inLanguage\":\"es\"},{\"@type\":\"Organization\",\"@id\":\"https:\\\/\\\/diarioprincipios.com\\\/#organization\",\"name\":\"Principios\",\"url\":\"https:\\\/\\\/diarioprincipios.com\\\/\",\"logo\":{\"@type\":\"ImageObject\",\"inLanguage\":\"es\",\"@id\":\"https:\\\/\\\/diarioprincipios.com\\\/#\\\/schema\\\/logo\\\/image\\\/\",\"url\":\"https:\\\/\\\/diarioprincipios.com\\\/wp-content\\\/uploads\\\/2024\\\/04\\\/cropped-www.diarioprincipios.com_-1.png\",\"contentUrl\":\"https:\\\/\\\/diarioprincipios.com\\\/wp-content\\\/uploads\\\/2024\\\/04\\\/cropped-www.diarioprincipios.com_-1.png\",\"width\":5325,\"height\":1454,\"caption\":\"Principios\"},\"image\":{\"@id\":\"https:\\\/\\\/diarioprincipios.com\\\/#\\\/schema\\\/logo\\\/image\\\/\"}},{\"@type\":\"Person\",\"@id\":\"https:\\\/\\\/diarioprincipios.com\\\/#\\\/schema\\\/person\\\/436d5a1fd41a5e250e23ff5a6a7cb080\",\"name\":\"Hern\u00e1n L\u00f3pez\",\"image\":{\"@type\":\"ImageObject\",\"inLanguage\":\"es\",\"@id\":\"https:\\\/\\\/diarioprincipios.com\\\/wp-content\\\/litespeed\\\/avatar\\\/11ddfe5610ff3bd100522525b2571f48.jpg?ver=1777653193\",\"url\":\"https:\\\/\\\/diarioprincipios.com\\\/wp-content\\\/litespeed\\\/avatar\\\/11ddfe5610ff3bd100522525b2571f48.jpg?ver=1777653193\",\"contentUrl\":\"https:\\\/\\\/diarioprincipios.com\\\/wp-content\\\/litespeed\\\/avatar\\\/11ddfe5610ff3bd100522525b2571f48.jpg?ver=1777653193\",\"caption\":\"Hern\u00e1n L\u00f3pez\"},\"url\":\"https:\\\/\\\/diarioprincipios.com\\\/index.php\\\/author\\\/hernan\\\/\"}]}<\/script>\n<!-- \/ Yoast SEO plugin. -->","yoast_head_json":{"title":"Avanza la obra de puesta en valor de la Avenida Lynch - Principios","robots":{"index":"index","follow":"follow","max-snippet":"max-snippet:-1","max-image-preview":"max-image-preview:large","max-video-preview":"max-video-preview:-1"},"canonical":"https:\/\/diarioprincipios.com\/index.php\/2022\/02\/15\/avanza-la-obra-de-puesta-en-valor-de-la-avenida-lynch\/","og_locale":"es_ES","og_type":"article","og_title":"Avanza la obra de puesta en valor de la Avenida Lynch - Principios","og_description":"Avanzan los trabajos finales de la obra de repavimentaci\u00f3n y puesta en valor de la avenida Coronel Lynch, entre Donato \u00c1lvarez y Camino General Belgrano, Bernal Oeste. Actualmente se ejecuta la construcci\u00f3n de nuevas veredas y el recambio de luminarias que completar\u00e1n la&nbsp;renovaci\u00f3n integral de todo el corredor urbano. Adem\u00e1s, el proyecto se extiende en...","og_url":"https:\/\/diarioprincipios.com\/index.php\/2022\/02\/15\/avanza-la-obra-de-puesta-en-valor-de-la-avenida-lynch\/","og_site_name":"Principios","article_published_time":"2022-02-15T22:42:14+00:00","article_modified_time":"2022-02-15T22:42:17+00:00","og_image":[{"width":1024,"height":682,"url":"https:\/\/diarioprincipios.com\/wp-content\/uploads\/2022\/02\/Puesta-en-valor-de-Lynch-3.jpg","type":"image\/jpeg"}],"author":"Hern\u00e1n L\u00f3pez","twitter_card":"summary_large_image","twitter_misc":{"Escrito por":"Hern\u00e1n L\u00f3pez","Tiempo de lectura":"1 minuto"},"schema":{"@context":"https:\/\/schema.org","@graph":[{"@type":"Article","@id":"https:\/\/diarioprincipios.com\/index.php\/2022\/02\/15\/avanza-la-obra-de-puesta-en-valor-de-la-avenida-lynch\/#article","isPartOf":{"@id":"https:\/\/diarioprincipios.com\/index.php\/2022\/02\/15\/avanza-la-obra-de-puesta-en-valor-de-la-avenida-lynch\/"},"author":{"name":"Hern\u00e1n L\u00f3pez","@id":"https:\/\/diarioprincipios.com\/#\/schema\/person\/436d5a1fd41a5e250e23ff5a6a7cb080"},"headline":"Avanza la obra de puesta en valor de la Avenida Lynch","datePublished":"2022-02-15T22:42:14+00:00","dateModified":"2022-02-15T22:42:17+00:00","mainEntityOfPage":{"@id":"https:\/\/diarioprincipios.com\/index.php\/2022\/02\/15\/avanza-la-obra-de-puesta-en-valor-de-la-avenida-lynch\/"},"wordCount":195,"commentCount":0,"publisher":{"@id":"https:\/\/diarioprincipios.com\/#organization"},"image":{"@id":"https:\/\/diarioprincipios.com\/index.php\/2022\/02\/15\/avanza-la-obra-de-puesta-en-valor-de-la-avenida-lynch\/#primaryimage"},"thumbnailUrl":"https:\/\/diarioprincipios.com\/wp-content\/uploads\/2022\/02\/Puesta-en-valor-de-Lynch-3.jpg","articleSection":["Quilmes"],"inLanguage":"es","potentialAction":[{"@type":"CommentAction","name":"Comment","target":["https:\/\/diarioprincipios.com\/index.php\/2022\/02\/15\/avanza-la-obra-de-puesta-en-valor-de-la-avenida-lynch\/#respond"]}]},{"@type":"WebPage","@id":"https:\/\/diarioprincipios.com\/index.php\/2022\/02\/15\/avanza-la-obra-de-puesta-en-valor-de-la-avenida-lynch\/","url":"https:\/\/diarioprincipios.com\/index.php\/2022\/02\/15\/avanza-la-obra-de-puesta-en-valor-de-la-avenida-lynch\/","name":"Avanza la obra de puesta en valor de la Avenida Lynch - Principios","isPartOf":{"@id":"https:\/\/diarioprincipios.com\/#website"},"primaryImageOfPage":{"@id":"https:\/\/diarioprincipios.com\/index.php\/2022\/02\/15\/avanza-la-obra-de-puesta-en-valor-de-la-avenida-lynch\/#primaryimage"},"image":{"@id":"https:\/\/diarioprincipios.com\/index.php\/2022\/02\/15\/avanza-la-obra-de-puesta-en-valor-de-la-avenida-lynch\/#primaryimage"},"thumbnailUrl":"https:\/\/diarioprincipios.com\/wp-content\/uploads\/2022\/02\/Puesta-en-valor-de-Lynch-3.jpg","datePublished":"2022-02-15T22:42:14+00:00","dateModified":"2022-02-15T22:42:17+00:00","breadcrumb":{"@id":"https:\/\/diarioprincipios.com\/index.php\/2022\/02\/15\/avanza-la-obra-de-puesta-en-valor-de-la-avenida-lynch\/#breadcrumb"},"inLanguage":"es","potentialAction":[{"@type":"ReadAction","target":["https:\/\/diarioprincipios.com\/index.php\/2022\/02\/15\/avanza-la-obra-de-puesta-en-valor-de-la-avenida-lynch\/"]}]},{"@type":"ImageObject","inLanguage":"es","@id":"https:\/\/diarioprincipios.com\/index.php\/2022\/02\/15\/avanza-la-obra-de-puesta-en-valor-de-la-avenida-lynch\/#primaryimage","url":"https:\/\/diarioprincipios.com\/wp-content\/uploads\/2022\/02\/Puesta-en-valor-de-Lynch-3.jpg","contentUrl":"https:\/\/diarioprincipios.com\/wp-content\/uploads\/2022\/02\/Puesta-en-valor-de-Lynch-3.jpg","width":1024,"height":682},{"@type":"BreadcrumbList","@id":"https:\/\/diarioprincipios.com\/index.php\/2022\/02\/15\/avanza-la-obra-de-puesta-en-valor-de-la-avenida-lynch\/#breadcrumb","itemListElement":[{"@type":"ListItem","position":1,"name":"Portada","item":"https:\/\/diarioprincipios.com\/"},{"@type":"ListItem","position":2,"name":"Avanza la obra de puesta en valor de la Avenida Lynch"}]},{"@type":"WebSite","@id":"https:\/\/diarioprincipios.com\/#website","url":"https:\/\/diarioprincipios.com\/","name":"Principios","description":"Principios Diario","publisher":{"@id":"https:\/\/diarioprincipios.com\/#organization"},"potentialAction":[{"@type":"SearchAction","target":{"@type":"EntryPoint","urlTemplate":"https:\/\/diarioprincipios.com\/?s={search_term_string}"},"query-input":{"@type":"PropertyValueSpecification","valueRequired":true,"valueName":"search_term_string"}}],"inLanguage":"es"},{"@type":"Organization","@id":"https:\/\/diarioprincipios.com\/#organization","name":"Principios","url":"https:\/\/diarioprincipios.com\/","logo":{"@type":"ImageObject","inLanguage":"es","@id":"https:\/\/diarioprincipios.com\/#\/schema\/logo\/image\/","url":"https:\/\/diarioprincipios.com\/wp-content\/uploads\/2024\/04\/cropped-www.diarioprincipios.com_-1.png","contentUrl":"https:\/\/diarioprincipios.com\/wp-content\/uploads\/2024\/04\/cropped-www.diarioprincipios.com_-1.png","width":5325,"height":1454,"caption":"Principios"},"image":{"@id":"https:\/\/diarioprincipios.com\/#\/schema\/logo\/image\/"}},{"@type":"Person","@id":"https:\/\/diarioprincipios.com\/#\/schema\/person\/436d5a1fd41a5e250e23ff5a6a7cb080","name":"Hern\u00e1n L\u00f3pez","image":{"@type":"ImageObject","inLanguage":"es","@id":"https:\/\/diarioprincipios.com\/wp-content\/litespeed\/avatar\/11ddfe5610ff3bd100522525b2571f48.jpg?ver=1777653193","url":"https:\/\/diarioprincipios.com\/wp-content\/litespeed\/avatar\/11ddfe5610ff3bd100522525b2571f48.jpg?ver=1777653193","contentUrl":"https:\/\/diarioprincipios.com\/wp-content\/litespeed\/avatar\/11ddfe5610ff3bd100522525b2571f48.jpg?ver=1777653193","caption":"Hern\u00e1n L\u00f3pez"},"url":"https:\/\/diarioprincipios.com\/index.php\/author\/hernan\/"}]}},"jetpack_featured_media_url":"https:\/\/diarioprincipios.com\/wp-content\/uploads\/2022\/02\/Puesta-en-valor-de-Lynch-3.jpg","_links":{"self":[{"href":"https:\/\/diarioprincipios.com\/index.php\/wp-json\/wp\/v2\/posts\/12556","targetHints":{"allow":["GET"]}}],"collection":[{"href":"https:\/\/diarioprincipios.com\/index.php\/wp-json\/wp\/v2\/posts"}],"about":[{"href":"https:\/\/diarioprincipios.com\/index.php\/wp-json\/wp\/v2\/types\/post"}],"author":[{"embeddable":true,"href":"https:\/\/diarioprincipios.com\/index.php\/wp-json\/wp\/v2\/users\/2"}],"replies":[{"embeddable":true,"href":"https:\/\/diarioprincipios.com\/index.php\/wp-json\/wp\/v2\/comments?post=12556"}],"version-history":[{"count":1,"href":"https:\/\/diarioprincipios.com\/index.php\/wp-json\/wp\/v2\/posts\/12556\/revisions"}],"predecessor-version":[{"id":12558,"href":"https:\/\/diarioprincipios.com\/index.php\/wp-json\/wp\/v2\/posts\/12556\/revisions\/12558"}],"wp:featuredmedia":[{"embeddable":true,"href":"https:\/\/diarioprincipios.com\/index.php\/wp-json\/wp\/v2\/media\/12557"}],"wp:attachment":[{"href":"https:\/\/diarioprincipios.com\/index.php\/wp-json\/wp\/v2\/media?parent=12556"}],"wp:term":[{"taxonomy":"category","embeddable":true,"href":"https:\/\/diarioprincipios.com\/index.php\/wp-json\/wp\/v2\/categories?post=12556"},{"taxonomy":"post_tag","embeddable":true,"href":"https:\/\/diarioprincipios.com\/index.php\/wp-json\/wp\/v2\/tags?post=12556"}],"curies":[{"name":"wp","href":"https:\/\/api.w.org\/{rel}","templated":true}]}}